{"id":420551,"date":"2026-04-28T13:03:59","date_gmt":"2026-04-28T16:03:59","guid":{"rendered":"https:\/\/blogdofarnesio.com.br\/?p=420551"},"modified":"2026-04-28T08:23:44","modified_gmt":"2026-04-28T11:23:44","slug":"governadora-raquel-lyra-destina-r-13-bilhao-da-concessao-parcial-da-compesa-aos-municipios-e-assina-duplicacao-da-br-232","status":"publish","type":"post","link":"https:\/\/blogdofarnesio.com.br\/?p=420551","title":{"rendered":"Governadora Raquel Lyra destina R$ 1,3 bilh\u00e3o da concess\u00e3o parcial da Compesa aos munic\u00edpios e assina duplica\u00e7\u00e3o da BR-232"},"content":{"rendered":"<div><span style=\"font-family: Arial; font-size: medium;\"><i>Valor repassado a 151 munic\u00edpios faz parte do investimento que ser\u00e1 realizado pela BASA Saneamento Ambiental S.A., que vai operar os servi\u00e7os de saneamento para cerca de 7 milh\u00f5es de pernambucanos<\/i><\/span><\/div>\n<div><\/div>\n<div><span style=\"font-family: Arial; font-size: medium;\">Durante o 9\u00ba Congresso da Associa\u00e7\u00e3o Municipalista de Pernambuco (Amupe), nesta segunda-feira (27), a governadora Raquel Lyra realizou a entrega simb\u00f3lica de cheques em valores que somam R$ 1,3 bilh\u00e3o aos 151 munic\u00edpios beneficiados pela concess\u00e3o parcial da Companhia Pernambucana de Saneamento (Compesa). Ainda no evento, a gestora assinou a autoriza\u00e7\u00e3o para licita\u00e7\u00e3o da duplica\u00e7\u00e3o de um novo trecho da BR-232, entre S\u00e3o Caetano e Belo Jardim, em um investimento de R$ 249 milh\u00f5es do Governo do Estado, provenientes de opera\u00e7\u00e3o de cr\u00e9dito. A vice-governadora Priscila Krause tamb\u00e9m prestigiou o evento.<\/span><\/div>\n<div><span style=\"font-family: Arial; font-size: medium;\">\u00a0<\/span><\/div>\n<div><span style=\"font-family: Arial; font-size: medium;\">\u201cViemos reafirmar o nosso compromisso com os munic\u00edpios pernambucanos, por isso lan\u00e7amos aqui a\u00e7\u00f5es que s\u00e3o de extrema relev\u00e2ncia e que constru\u00edmos juntos com eles. Primeiro, a divis\u00e3o do valor da outorga da concess\u00e3o parcial dos servi\u00e7os da Compesa, pois entendemos desde o primeiro momento da import\u00e2ncia de os munic\u00edpios terem recurso para fazer investimento em infraestrutura. E tamb\u00e9m o edital do avan\u00e7o da duplica\u00e7\u00e3o da BR-232. S\u00e3o R$ 249 milh\u00f5es em investimento para garantir que o Estado continue crescendo no n\u00edvel de investimento que a gente precisa. Os prefeitos e prefeitas de Pernambuco sabem que tem no Governo do Estado uma parceria firme e s\u00f3lida\u201d, afirmou a governadora Raquel Lyra.<\/span><\/div>\n<div><span style=\"font-family: Arial; font-size: medium;\">\u00a0<\/span><\/div>\n<div><span style=\"font-family: Arial; font-size: medium;\">Os cheques s\u00e3o referentes ao contrato com a BASA Saneamento Ambiental S.A., que ficar\u00e1 respons\u00e1vel pelos servi\u00e7os em 151 munic\u00edpios da Regi\u00e3o Metropolitana do Recife, Agreste e parte do Sert\u00e3o. O contrato com a concession\u00e1ria ser\u00e1 assinado nesta quarta-feira (29). A empresa vai investir R$ 17,4 bilh\u00f5es, al\u00e9m de pagar uma outorga de R$ 4 bilh\u00f5es, dos quais R$ 2,4 bilh\u00f5es (60% do valor total) ser\u00e3o pagos no ato da assinatura do contrato. Desse valor, R$ 1,3 bilh\u00e3o ser\u00e1 destinado aos munic\u00edpios, sendo R$ 770 milh\u00f5es no ato da assinatura. Os 40% restantes da outorga ser\u00e3o divididos em dois pagamentos: 20% ap\u00f3s o per\u00edodo de seis meses de transi\u00e7\u00e3o e 20% dois anos ap\u00f3s o in\u00edcio da opera\u00e7\u00e3o.<\/span><\/div>\n<div><span style=\"font-family: Arial; font-size: medium;\">\u00a0<\/span><\/div>\n<div><span style=\"font-family: Arial; font-size: medium;\">O presidente da Amupe e prefeito de Alian\u00e7a, Pedro Freitas, destacou que a concess\u00e3o representa um novo momento para o Estado e que a gest\u00e3o estadual tem sido parceira das prefeituras na condu\u00e7\u00e3o do processo, que deve suprir uma demanda hist\u00f3rica da popula\u00e7\u00e3o. \u201c\u00c9 importante colocar esse outro lado da moeda, de ouvir as orienta\u00e7\u00f5es, para que a gente participe do debate com mais celeridade. Existe um documento nessa concess\u00e3o que coloca \u00e0 disposi\u00e7\u00e3o da sociedade qual \u00e9 a \u00e1rea que faz parte da concess\u00e3o. Se voc\u00ea fizer o bom uso e colocar isso nos investimentos, seja na aquisi\u00e7\u00e3o de um equipamento, na pavimenta\u00e7\u00e3o de uma rua, na constru\u00e7\u00e3o de uma pra\u00e7a, veja o impacto positivo disso no Estado\u201d, afirmou o gestor.<\/span><\/div>\n<div><span style=\"font-family: Arial; font-size: medium;\">\u00a0<\/span><\/div>\n<div><span style=\"font-family: Arial; font-size: medium;\">A concess\u00e3o do saneamento est\u00e1 sendo realizada para que o Estado viabilize o cumprimento das metas estabelecidas pelo Marco Legal do Saneamento, que prev\u00ea a cobertura de 99% do territ\u00f3rio nacional com servi\u00e7os de abastecimento de \u00e1gua e 90% com servi\u00e7os de coleta e tratamento de esgoto at\u00e9 o ano de 2033.<\/span><\/div>\n<div><span style=\"font-family: Arial; font-size: medium;\">\u00a0<\/span><\/div>\n<div><span style=\"font-family: Arial; font-size: medium;\">Segundo o diretor-presidente da Compesa, Douglas N\u00f3brega, durante o per\u00edodo de transi\u00e7\u00e3o, os servi\u00e7os continuam sendo prestados pela companhia. \u201cAl\u00e9m de um bom recurso destinado tamb\u00e9m para o saneamento, os munic\u00edpios v\u00e3o receber servi\u00e7os diversos das concession\u00e1rias, que v\u00e3o investir cerca de R$ 20 bilh\u00f5es no Estado. V\u00e3o construir rede de distribui\u00e7\u00e3o e esgotamento sanit\u00e1rio onde n\u00e3o tem, e a Compesa continua produzindo, tratando e captando \u00e1gua para fornecer \u00e0 distribuidora, e o resultado \u00e9 uma grande melhoria em todo o Estado\u201d, explicou.<\/span><\/div>\n<div><span style=\"font-family: Arial; font-size: medium;\">\u00a0<\/span><\/div>\n<div><span style=\"font-family: Arial; font-size: medium;\">No in\u00edcio deste m\u00eas, o Governo assinou, em Petrolina, no Sert\u00e3o do S\u00e3o Francisco, o contrato com a Vita Sert\u00e3o, concession\u00e1ria que ficar\u00e1 respons\u00e1vel pelos servi\u00e7os em 24 munic\u00edpios que formam a microrregi\u00e3o Sert\u00e3o. A BASA Saneamento Ambiental S.A. ficar\u00e1 respons\u00e1vel pelos servi\u00e7os na microrregi\u00e3o RMR-Paje\u00fa, formada pelos demais munic\u00edpios pernambucanos.<\/span><\/div>\n<div><span style=\"font-family: Arial; font-size: medium;\">\u00a0<\/span><\/div>\n<div><span style=\"font-family: Arial; font-size: medium;\">Sobre o Congresso da Amupe, o presidente da Assembleia Legislativa de Pernambuco (Alepe), \u00c1lvaro Porto, tamb\u00e9m presente, enfatizou o valor de encontros como o congresso. \u201cVivemos aqui um momento de aprendizado, encontros e fortalecimento de la\u00e7os. \u00c9 fundamental o papel de cada mun\u00edcipio na engrenagem da administra\u00e7\u00e3o p\u00fablica\u201d, disse. O deputado federal Lula da Fonte tamb\u00e9m ressaltou a import\u00e2ncia do congresso. \u201cO municipalismo \u00e9 muito mais do que s\u00f3 palavras, do que s\u00f3 discursos. Parab\u00e9ns a todos os prefeitos do Estado de Pernambuco\u201d, acrescentou.<\/span><\/div>\n<div><span style=\"font-family: Arial; font-size: medium;\">\u00a0<\/span><\/div>\n<div><span style=\"font-family: Arial; font-size: medium;\">Representando o Senado Federal, Fernando Dueire reafirmou o compromisso entre os poderes. \u201cO municipalismo nos ensina que justi\u00e7a n\u00e3o se faz tirando recursos de quem cuida do cidad\u00e3o na rua. E o Governo de Pernambuco tem feito, e muito bem, a transforma\u00e7\u00e3o de Pernambuco\u201d, disse.<\/span><\/div>\n<div><span style=\"font-family: Arial; font-size: medium;\">\u00a0<\/span><\/div>\n<div><span style=\"font-family: Arial; font-size: medium;\"><b>DUPLICA\u00c7\u00c3O BR-232<\/b>\u00a0\u2013 Tamb\u00e9m foi assinada a autoriza\u00e7\u00e3o para licita\u00e7\u00e3o da obra de duplica\u00e7\u00e3o da rodovia BR-232 entre os munic\u00edpios de S\u00e3o Caetano e Belo Jardim. Com extens\u00e3o de 28,8 km, o projeto prev\u00ea a duplica\u00e7\u00e3o da rodovia, recupera\u00e7\u00e3o do pavimento existente e a implanta\u00e7\u00e3o de melhorias estruturais.\u00a0<\/span><\/div>\n<div><span style=\"font-family: Arial; font-size: medium;\">\u00a0<\/span><\/div>\n<div><span style=\"font-family: Arial; font-size: medium;\">A obra contar\u00e1 com investimento estadual de R$ 249 milh\u00f5es, fruto de opera\u00e7\u00f5es de cr\u00e9dito, e o edital ser\u00e1 publicado no Di\u00e1rio Oficial do Estado desta ter\u00e7a-feira (28).<\/span><\/div>\n<div><span style=\"font-family: Arial; font-size: medium;\">\u00a0<\/span><\/div>\n<div><span style=\"font-family: Arial; font-size: medium;\">Acompanharam o evento o senador Humberto Costa; os deputados federais Fernando Monteiro, T\u00falio Gadelha e Maria Arraes; entre prefeitos, deputados, vereadores e lideran\u00e7as de todo estado.<\/span><\/div>\n<div><span style=\"font-family: Arial; font-size: medium;\">\u00a0<\/span><\/div>\n<div><span style=\"font-family: Arial; font-size: medium;\"><b>Link da coletiva da governadora Raquel Lyra:\u00a0<\/b><a href=\"https:\/\/drive.google.com\/file\/d\/1mfq9lj8EQQZbvQNz8NnO0Dh-ujVp08e_\/view?usp=drive_link\" target=\"_blank\" rel=\"noopener\" data-saferedirecturl=\"https:\/\/www.google.com\/url?q=https:\/\/drive.google.com\/file\/d\/1mfq9lj8EQQZbvQNz8NnO0Dh-ujVp08e_\/view?usp%3Ddrive_link&amp;source=gmail&amp;ust=1777409746009000&amp;usg=AOvVaw1NPAFz8aqY9_vM6qdRp5My\">https:\/\/drive.google.<wbr \/>com\/file\/d\/<wbr \/>1mfq9lj8EQQZbvQNz8NnO0Dh-<wbr \/>ujVp08e_\/view?usp=drive_link<\/a><\/span><\/div>\n","protected":false},"excerpt":{"rendered":"<p>Valor repassado a 151 munic\u00edpios faz parte do investimento que ser\u00e1 realizado pela BASA Saneamento Ambiental S.A., que vai operar os servi\u00e7os de saneamento para cerca de 7 milh\u00f5es de pernambucanos Durante o 9\u00ba Congresso da Associa\u00e7\u00e3o Municipalista de Pernambuco (Amupe), nesta segunda-feira (27), a governadora Raquel Lyra realizou a entrega simb\u00f3lica de cheques em valores que somam R$ 1,3 bilh\u00e3o aos 151 munic\u00edpios beneficiados pela concess\u00e3o parcial da Companhia Pernambucana de Saneamento (Compesa). Ainda no evento, a gestora assinou a autoriza\u00e7\u00e3o para licita\u00e7\u00e3o da duplica\u00e7\u00e3o de um novo trecho da BR-232, entre S\u00e3o Caetano e Belo Jardim, em um investimento de R$ 249 milh\u00f5es do Governo do Estado, provenientes de opera\u00e7\u00e3o de cr\u00e9dito. A vice-governadora Priscila Krause tamb\u00e9m prestigiou&hellip; <\/p>\n","protected":false},"author":2,"featured_media":420552,"comment_status":"open","ping_status":"open","sticky":false,"template":"","format":"standard","meta":{"_acf_changed":false,"footnotes":""},"categories":[44],"tags":[],"class_list":["post-420551","post","type-post","status-publish","format-standard","has-post-thumbnail","hentry","category-administracao"],"acf":[],"yoast_head":"<!-- This site is optimized with the Yoast SEO plugin v27.4 - https:\/\/yoast.com\/product\/yoast-seo-wordpress\/ -->\n<title>Governadora Raquel Lyra destina R$ 1,3 bilh\u00e3o da concess\u00e3o parcial da Compesa aos munic\u00edpios e assina duplica\u00e7\u00e3o da BR-232 - Blog do Farn\u00e9sio<\/title>\n<meta name=\"robots\" content=\"index, follow, max-snippet:-1, max-image-preview:large, max-video-preview:-1\" \/>\n<link rel=\"canonical\" href=\"https:\/\/blogdofarnesio.com.br\/?p=420551\" \/>\n<meta property=\"og:locale\" content=\"pt_BR\" \/>\n<meta property=\"og:type\" content=\"article\" \/>\n<meta property=\"og:title\" content=\"Governadora Raquel Lyra destina R$ 1,3 bilh\u00e3o da concess\u00e3o parcial da Compesa aos munic\u00edpios e assina duplica\u00e7\u00e3o da BR-232 - Blog do Farn\u00e9sio\" \/>\n<meta property=\"og:description\" content=\"Valor repassado a 151 munic\u00edpios faz parte do investimento que ser\u00e1 realizado pela BASA Saneamento Ambiental S.A., que vai operar os servi\u00e7os de saneamento para cerca de 7 milh\u00f5es de pernambucanos Durante o 9\u00ba Congresso da Associa\u00e7\u00e3o Municipalista de Pernambuco (Amupe), nesta segunda-feira (27), a governadora Raquel Lyra realizou a entrega simb\u00f3lica de cheques em valores que somam R$ 1,3 bilh\u00e3o aos 151 munic\u00edpios beneficiados pela concess\u00e3o parcial da Companhia Pernambucana de Saneamento (Compesa). Ainda no evento, a gestora assinou a autoriza\u00e7\u00e3o para licita\u00e7\u00e3o da duplica\u00e7\u00e3o de um novo trecho da BR-232, entre S\u00e3o Caetano e Belo Jardim, em um investimento de R$ 249 milh\u00f5es do Governo do Estado, provenientes de opera\u00e7\u00e3o de cr\u00e9dito. A vice-governadora Priscila Krause tamb\u00e9m prestigiou&hellip;\" \/>\n<meta property=\"og:url\" content=\"https:\/\/blogdofarnesio.com.br\/?p=420551\" \/>\n<meta property=\"og:site_name\" content=\"Blog do Farn\u00e9sio\" \/>\n<meta property=\"article:publisher\" content=\"https:\/\/www.facebook.com\/BlogQuerSaberPolitica\/\" \/>\n<meta property=\"article:author\" content=\"https:\/\/www.facebook.com\/?ref=tn_tnmn\" \/>\n<meta property=\"article:published_time\" content=\"2026-04-28T16:03:59+00:00\" \/>\n<meta property=\"og:image\" content=\"https:\/\/blogdofarnesio.com.br\/wp-content\/uploads\/2026\/04\/blogqspraquel-Miva-Filho_Secom-16-e1777333568406.jpeg\" \/>\n\t<meta property=\"og:image:width\" content=\"680\" \/>\n\t<meta property=\"og:image:height\" content=\"454\" \/>\n\t<meta property=\"og:image:type\" content=\"image\/jpeg\" \/>\n<meta name=\"author\" content=\"Farn\u00e9sio\" \/>\n<meta name=\"twitter:card\" content=\"summary_large_image\" \/>\n<meta name=\"twitter:label1\" content=\"Escrito por\" \/>\n\t<meta name=\"twitter:data1\" content=\"Farn\u00e9sio\" \/>\n\t<meta name=\"twitter:label2\" content=\"Est. tempo de leitura\" \/>\n\t<meta name=\"twitter:data2\" content=\"6 minutos\" \/>\n<script type=\"application\/ld+json\" class=\"yoast-schema-graph\">{\"@context\":\"https:\\\/\\\/schema.org\",\"@graph\":[{\"@type\":\"Article\",\"@id\":\"https:\\\/\\\/blogdofarnesio.com.br\\\/?p=420551#article\",\"isPartOf\":{\"@id\":\"https:\\\/\\\/blogdofarnesio.com.br\\\/?p=420551\"},\"author\":{\"name\":\"Farn\u00e9sio\",\"@id\":\"https:\\\/\\\/blogdofarnesio.com.br\\\/#\\\/schema\\\/person\\\/bb9b23ae3ad0609ce8df7b6c9e76824d\"},\"headline\":\"Governadora Raquel Lyra destina R$ 1,3 bilh\u00e3o da concess\u00e3o parcial da Compesa aos munic\u00edpios e assina duplica\u00e7\u00e3o da BR-232\",\"datePublished\":\"2026-04-28T16:03:59+00:00\",\"mainEntityOfPage\":{\"@id\":\"https:\\\/\\\/blogdofarnesio.com.br\\\/?p=420551\"},\"wordCount\":1038,\"commentCount\":0,\"publisher\":{\"@id\":\"https:\\\/\\\/blogdofarnesio.com.br\\\/#organization\"},\"image\":{\"@id\":\"https:\\\/\\\/blogdofarnesio.com.br\\\/?p=420551#primaryimage\"},\"thumbnailUrl\":\"https:\\\/\\\/blogdofarnesio.com.br\\\/wp-content\\\/uploads\\\/2026\\\/04\\\/blogqspraquel-Miva-Filho_Secom-16-e1777333568406.jpeg\",\"articleSection\":[\"Administra\u00e7\u00e3o\"],\"inLanguage\":\"pt-BR\",\"potentialAction\":[{\"@type\":\"CommentAction\",\"name\":\"Comment\",\"target\":[\"https:\\\/\\\/blogdofarnesio.com.br\\\/?p=420551#respond\"]}]},{\"@type\":\"WebPage\",\"@id\":\"https:\\\/\\\/blogdofarnesio.com.br\\\/?p=420551\",\"url\":\"https:\\\/\\\/blogdofarnesio.com.br\\\/?p=420551\",\"name\":\"Governadora Raquel Lyra destina R$ 1,3 bilh\u00e3o da concess\u00e3o parcial da Compesa aos munic\u00edpios e assina duplica\u00e7\u00e3o da BR-232 - Blog do Farn\u00e9sio\",\"isPartOf\":{\"@id\":\"https:\\\/\\\/blogdofarnesio.com.br\\\/#website\"},\"primaryImageOfPage\":{\"@id\":\"https:\\\/\\\/blogdofarnesio.com.br\\\/?p=420551#primaryimage\"},\"image\":{\"@id\":\"https:\\\/\\\/blogdofarnesio.com.br\\\/?p=420551#primaryimage\"},\"thumbnailUrl\":\"https:\\\/\\\/blogdofarnesio.com.br\\\/wp-content\\\/uploads\\\/2026\\\/04\\\/blogqspraquel-Miva-Filho_Secom-16-e1777333568406.jpeg\",\"datePublished\":\"2026-04-28T16:03:59+00:00\",\"breadcrumb\":{\"@id\":\"https:\\\/\\\/blogdofarnesio.com.br\\\/?p=420551#breadcrumb\"},\"inLanguage\":\"pt-BR\",\"potentialAction\":[{\"@type\":\"ReadAction\",\"target\":[\"https:\\\/\\\/blogdofarnesio.com.br\\\/?p=420551\"]}]},{\"@type\":\"ImageObject\",\"inLanguage\":\"pt-BR\",\"@id\":\"https:\\\/\\\/blogdofarnesio.com.br\\\/?p=420551#primaryimage\",\"url\":\"https:\\\/\\\/blogdofarnesio.com.br\\\/wp-content\\\/uploads\\\/2026\\\/04\\\/blogqspraquel-Miva-Filho_Secom-16-e1777333568406.jpeg\",\"contentUrl\":\"https:\\\/\\\/blogdofarnesio.com.br\\\/wp-content\\\/uploads\\\/2026\\\/04\\\/blogqspraquel-Miva-Filho_Secom-16-e1777333568406.jpeg\",\"width\":680,\"height\":454},{\"@type\":\"BreadcrumbList\",\"@id\":\"https:\\\/\\\/blogdofarnesio.com.br\\\/?p=420551#breadcrumb\",\"itemListElement\":[{\"@type\":\"ListItem\",\"position\":1,\"name\":\"In\u00edcio\",\"item\":\"https:\\\/\\\/blogdofarnesio.com.br\\\/\"},{\"@type\":\"ListItem\",\"position\":2,\"name\":\"Governadora Raquel Lyra destina R$ 1,3 bilh\u00e3o da concess\u00e3o parcial da Compesa aos munic\u00edpios e assina duplica\u00e7\u00e3o da BR-232\"}]},{\"@type\":\"WebSite\",\"@id\":\"https:\\\/\\\/blogdofarnesio.com.br\\\/#website\",\"url\":\"https:\\\/\\\/blogdofarnesio.com.br\\\/\",\"name\":\"Blog do Farn\u00e9sio\",\"description\":\"Quer Saber Pol\u00edtica?\",\"publisher\":{\"@id\":\"https:\\\/\\\/blogdofarnesio.com.br\\\/#organization\"},\"potentialAction\":[{\"@type\":\"SearchAction\",\"target\":{\"@type\":\"EntryPoint\",\"urlTemplate\":\"https:\\\/\\\/blogdofarnesio.com.br\\\/?s={search_term_string}\"},\"query-input\":{\"@type\":\"PropertyValueSpecification\",\"valueRequired\":true,\"valueName\":\"search_term_string\"}}],\"inLanguage\":\"pt-BR\"},{\"@type\":\"Organization\",\"@id\":\"https:\\\/\\\/blogdofarnesio.com.br\\\/#organization\",\"name\":\"Blog do Farn\u00e9sio\",\"url\":\"https:\\\/\\\/blogdofarnesio.com.br\\\/\",\"logo\":{\"@type\":\"ImageObject\",\"inLanguage\":\"pt-BR\",\"@id\":\"https:\\\/\\\/blogdofarnesio.com.br\\\/#\\\/schema\\\/logo\\\/image\\\/\",\"url\":\"https:\\\/\\\/blogdofarnesio.com.br\\\/wp-content\\\/uploads\\\/2026\\\/03\\\/cropped-logo_new-1.png\",\"contentUrl\":\"https:\\\/\\\/blogdofarnesio.com.br\\\/wp-content\\\/uploads\\\/2026\\\/03\\\/cropped-logo_new-1.png\",\"width\":881,\"height\":685,\"caption\":\"Blog do Farn\u00e9sio\"},\"image\":{\"@id\":\"https:\\\/\\\/blogdofarnesio.com.br\\\/#\\\/schema\\\/logo\\\/image\\\/\"},\"sameAs\":[\"https:\\\/\\\/www.facebook.com\\\/BlogQuerSaberPolitica\\\/\"]},{\"@type\":\"Person\",\"@id\":\"https:\\\/\\\/blogdofarnesio.com.br\\\/#\\\/schema\\\/person\\\/bb9b23ae3ad0609ce8df7b6c9e76824d\",\"name\":\"Farn\u00e9sio\",\"image\":{\"@type\":\"ImageObject\",\"inLanguage\":\"pt-BR\",\"@id\":\"https:\\\/\\\/secure.gravatar.com\\\/avatar\\\/986aa4c61ccdb66f8555bf88fc2a65609d00bcabd4d2d94377a727547345cbca?s=96&d=mm&r=g\",\"url\":\"https:\\\/\\\/secure.gravatar.com\\\/avatar\\\/986aa4c61ccdb66f8555bf88fc2a65609d00bcabd4d2d94377a727547345cbca?s=96&d=mm&r=g\",\"contentUrl\":\"https:\\\/\\\/secure.gravatar.com\\\/avatar\\\/986aa4c61ccdb66f8555bf88fc2a65609d00bcabd4d2d94377a727547345cbca?s=96&d=mm&r=g\",\"caption\":\"Farn\u00e9sio\"},\"description\":\"Radialista blogueiro, chegou a Petrolina\\\/Juazeiro em setembro de 1980, Farn\u00e9sio Silva \u00e9 de Arapiraca-Alagoas.\",\"sameAs\":[\"http:\\\/\\\/blogdofarnesio.com.br\",\"https:\\\/\\\/www.facebook.com\\\/?ref=tn_tnmn\",\"https:\\\/\\\/www.instagram.com\\\/?utm_source=pwa_homescreen\",\"https:\\\/\\\/youtube.com.br\\\/\"],\"url\":\"https:\\\/\\\/blogdofarnesio.com.br\\\/?author=2\"}]}<\/script>\n<!-- \/ Yoast SEO plugin. -->","yoast_head_json":{"title":"Governadora Raquel Lyra destina R$ 1,3 bilh\u00e3o da concess\u00e3o parcial da Compesa aos munic\u00edpios e assina duplica\u00e7\u00e3o da BR-232 - Blog do Farn\u00e9sio","robots":{"index":"index","follow":"follow","max-snippet":"max-snippet:-1","max-image-preview":"max-image-preview:large","max-video-preview":"max-video-preview:-1"},"canonical":"https:\/\/blogdofarnesio.com.br\/?p=420551","og_locale":"pt_BR","og_type":"article","og_title":"Governadora Raquel Lyra destina R$ 1,3 bilh\u00e3o da concess\u00e3o parcial da Compesa aos munic\u00edpios e assina duplica\u00e7\u00e3o da BR-232 - Blog do Farn\u00e9sio","og_description":"Valor repassado a 151 munic\u00edpios faz parte do investimento que ser\u00e1 realizado pela BASA Saneamento Ambiental S.A., que vai operar os servi\u00e7os de saneamento para cerca de 7 milh\u00f5es de pernambucanos Durante o 9\u00ba Congresso da Associa\u00e7\u00e3o Municipalista de Pernambuco (Amupe), nesta segunda-feira (27), a governadora Raquel Lyra realizou a entrega simb\u00f3lica de cheques em valores que somam R$ 1,3 bilh\u00e3o aos 151 munic\u00edpios beneficiados pela concess\u00e3o parcial da Companhia Pernambucana de Saneamento (Compesa). Ainda no evento, a gestora assinou a autoriza\u00e7\u00e3o para licita\u00e7\u00e3o da duplica\u00e7\u00e3o de um novo trecho da BR-232, entre S\u00e3o Caetano e Belo Jardim, em um investimento de R$ 249 milh\u00f5es do Governo do Estado, provenientes de opera\u00e7\u00e3o de cr\u00e9dito. A vice-governadora Priscila Krause tamb\u00e9m prestigiou&hellip;","og_url":"https:\/\/blogdofarnesio.com.br\/?p=420551","og_site_name":"Blog do Farn\u00e9sio","article_publisher":"https:\/\/www.facebook.com\/BlogQuerSaberPolitica\/","article_author":"https:\/\/www.facebook.com\/?ref=tn_tnmn","article_published_time":"2026-04-28T16:03:59+00:00","og_image":[{"width":680,"height":454,"url":"https:\/\/blogdofarnesio.com.br\/wp-content\/uploads\/2026\/04\/blogqspraquel-Miva-Filho_Secom-16-e1777333568406.jpeg","type":"image\/jpeg"}],"author":"Farn\u00e9sio","twitter_card":"summary_large_image","twitter_misc":{"Escrito por":"Farn\u00e9sio","Est. tempo de leitura":"6 minutos"},"schema":{"@context":"https:\/\/schema.org","@graph":[{"@type":"Article","@id":"https:\/\/blogdofarnesio.com.br\/?p=420551#article","isPartOf":{"@id":"https:\/\/blogdofarnesio.com.br\/?p=420551"},"author":{"name":"Farn\u00e9sio","@id":"https:\/\/blogdofarnesio.com.br\/#\/schema\/person\/bb9b23ae3ad0609ce8df7b6c9e76824d"},"headline":"Governadora Raquel Lyra destina R$ 1,3 bilh\u00e3o da concess\u00e3o parcial da Compesa aos munic\u00edpios e assina duplica\u00e7\u00e3o da BR-232","datePublished":"2026-04-28T16:03:59+00:00","mainEntityOfPage":{"@id":"https:\/\/blogdofarnesio.com.br\/?p=420551"},"wordCount":1038,"commentCount":0,"publisher":{"@id":"https:\/\/blogdofarnesio.com.br\/#organization"},"image":{"@id":"https:\/\/blogdofarnesio.com.br\/?p=420551#primaryimage"},"thumbnailUrl":"https:\/\/blogdofarnesio.com.br\/wp-content\/uploads\/2026\/04\/blogqspraquel-Miva-Filho_Secom-16-e1777333568406.jpeg","articleSection":["Administra\u00e7\u00e3o"],"inLanguage":"pt-BR","potentialAction":[{"@type":"CommentAction","name":"Comment","target":["https:\/\/blogdofarnesio.com.br\/?p=420551#respond"]}]},{"@type":"WebPage","@id":"https:\/\/blogdofarnesio.com.br\/?p=420551","url":"https:\/\/blogdofarnesio.com.br\/?p=420551","name":"Governadora Raquel Lyra destina R$ 1,3 bilh\u00e3o da concess\u00e3o parcial da Compesa aos munic\u00edpios e assina duplica\u00e7\u00e3o da BR-232 - Blog do Farn\u00e9sio","isPartOf":{"@id":"https:\/\/blogdofarnesio.com.br\/#website"},"primaryImageOfPage":{"@id":"https:\/\/blogdofarnesio.com.br\/?p=420551#primaryimage"},"image":{"@id":"https:\/\/blogdofarnesio.com.br\/?p=420551#primaryimage"},"thumbnailUrl":"https:\/\/blogdofarnesio.com.br\/wp-content\/uploads\/2026\/04\/blogqspraquel-Miva-Filho_Secom-16-e1777333568406.jpeg","datePublished":"2026-04-28T16:03:59+00:00","breadcrumb":{"@id":"https:\/\/blogdofarnesio.com.br\/?p=420551#breadcrumb"},"inLanguage":"pt-BR","potentialAction":[{"@type":"ReadAction","target":["https:\/\/blogdofarnesio.com.br\/?p=420551"]}]},{"@type":"ImageObject","inLanguage":"pt-BR","@id":"https:\/\/blogdofarnesio.com.br\/?p=420551#primaryimage","url":"https:\/\/blogdofarnesio.com.br\/wp-content\/uploads\/2026\/04\/blogqspraquel-Miva-Filho_Secom-16-e1777333568406.jpeg","contentUrl":"https:\/\/blogdofarnesio.com.br\/wp-content\/uploads\/2026\/04\/blogqspraquel-Miva-Filho_Secom-16-e1777333568406.jpeg","width":680,"height":454},{"@type":"BreadcrumbList","@id":"https:\/\/blogdofarnesio.com.br\/?p=420551#breadcrumb","itemListElement":[{"@type":"ListItem","position":1,"name":"In\u00edcio","item":"https:\/\/blogdofarnesio.com.br\/"},{"@type":"ListItem","position":2,"name":"Governadora Raquel Lyra destina R$ 1,3 bilh\u00e3o da concess\u00e3o parcial da Compesa aos munic\u00edpios e assina duplica\u00e7\u00e3o da BR-232"}]},{"@type":"WebSite","@id":"https:\/\/blogdofarnesio.com.br\/#website","url":"https:\/\/blogdofarnesio.com.br\/","name":"Blog do Farn\u00e9sio","description":"Quer Saber Pol\u00edtica?","publisher":{"@id":"https:\/\/blogdofarnesio.com.br\/#organization"},"potentialAction":[{"@type":"SearchAction","target":{"@type":"EntryPoint","urlTemplate":"https:\/\/blogdofarnesio.com.br\/?s={search_term_string}"},"query-input":{"@type":"PropertyValueSpecification","valueRequired":true,"valueName":"search_term_string"}}],"inLanguage":"pt-BR"},{"@type":"Organization","@id":"https:\/\/blogdofarnesio.com.br\/#organization","name":"Blog do Farn\u00e9sio","url":"https:\/\/blogdofarnesio.com.br\/","logo":{"@type":"ImageObject","inLanguage":"pt-BR","@id":"https:\/\/blogdofarnesio.com.br\/#\/schema\/logo\/image\/","url":"https:\/\/blogdofarnesio.com.br\/wp-content\/uploads\/2026\/03\/cropped-logo_new-1.png","contentUrl":"https:\/\/blogdofarnesio.com.br\/wp-content\/uploads\/2026\/03\/cropped-logo_new-1.png","width":881,"height":685,"caption":"Blog do Farn\u00e9sio"},"image":{"@id":"https:\/\/blogdofarnesio.com.br\/#\/schema\/logo\/image\/"},"sameAs":["https:\/\/www.facebook.com\/BlogQuerSaberPolitica\/"]},{"@type":"Person","@id":"https:\/\/blogdofarnesio.com.br\/#\/schema\/person\/bb9b23ae3ad0609ce8df7b6c9e76824d","name":"Farn\u00e9sio","image":{"@type":"ImageObject","inLanguage":"pt-BR","@id":"https:\/\/secure.gravatar.com\/avatar\/986aa4c61ccdb66f8555bf88fc2a65609d00bcabd4d2d94377a727547345cbca?s=96&d=mm&r=g","url":"https:\/\/secure.gravatar.com\/avatar\/986aa4c61ccdb66f8555bf88fc2a65609d00bcabd4d2d94377a727547345cbca?s=96&d=mm&r=g","contentUrl":"https:\/\/secure.gravatar.com\/avatar\/986aa4c61ccdb66f8555bf88fc2a65609d00bcabd4d2d94377a727547345cbca?s=96&d=mm&r=g","caption":"Farn\u00e9sio"},"description":"Radialista blogueiro, chegou a Petrolina\/Juazeiro em setembro de 1980, Farn\u00e9sio Silva \u00e9 de Arapiraca-Alagoas.","sameAs":["http:\/\/blogdofarnesio.com.br","https:\/\/www.facebook.com\/?ref=tn_tnmn","https:\/\/www.instagram.com\/?utm_source=pwa_homescreen","https:\/\/youtube.com.br\/"],"url":"https:\/\/blogdofarnesio.com.br\/?author=2"}]}},"_links":{"self":[{"href":"https:\/\/blogdofarnesio.com.br\/index.php?rest_route=\/wp\/v2\/posts\/420551","targetHints":{"allow":["GET"]}}],"collection":[{"href":"https:\/\/blogdofarnesio.com.br\/index.php?rest_route=\/wp\/v2\/posts"}],"about":[{"href":"https:\/\/blogdofarnesio.com.br\/index.php?rest_route=\/wp\/v2\/types\/post"}],"author":[{"embeddable":true,"href":"https:\/\/blogdofarnesio.com.br\/index.php?rest_route=\/wp\/v2\/users\/2"}],"replies":[{"embeddable":true,"href":"https:\/\/blogdofarnesio.com.br\/index.php?rest_route=%2Fwp%2Fv2%2Fcomments&post=420551"}],"version-history":[{"count":1,"href":"https:\/\/blogdofarnesio.com.br\/index.php?rest_route=\/wp\/v2\/posts\/420551\/revisions"}],"predecessor-version":[{"id":420553,"href":"https:\/\/blogdofarnesio.com.br\/index.php?rest_route=\/wp\/v2\/posts\/420551\/revisions\/420553"}],"wp:featuredmedia":[{"embeddable":true,"href":"https:\/\/blogdofarnesio.com.br\/index.php?rest_route=\/wp\/v2\/media\/420552"}],"wp:attachment":[{"href":"https:\/\/blogdofarnesio.com.br\/index.php?rest_route=%2Fwp%2Fv2%2Fmedia&parent=420551"}],"wp:term":[{"taxonomy":"category","embeddable":true,"href":"https:\/\/blogdofarnesio.com.br\/index.php?rest_route=%2Fwp%2Fv2%2Fcategories&post=420551"},{"taxonomy":"post_tag","embeddable":true,"href":"https:\/\/blogdofarnesio.com.br\/index.php?rest_route=%2Fwp%2Fv2%2Ftags&post=420551"}],"curies":[{"name":"wp","href":"https:\/\/api.w.org\/{rel}","templated":true}]}}