{"id":420540,"date":"2026-04-28T10:23:40","date_gmt":"2026-04-28T13:23:40","guid":{"rendered":"https:\/\/blogdofarnesio.com.br\/?p=420540"},"modified":"2026-04-27T20:11:17","modified_gmt":"2026-04-27T23:11:17","slug":"medicina-facape-inscricoes-para-vestibular-com-vagas-regionais-e-bolsas-terminam-nesta-terca","status":"publish","type":"post","link":"https:\/\/blogdofarnesio.com.br\/?p=420540","title":{"rendered":"Medicina Facape: inscri\u00e7\u00f5es para vestibular com vagas regionais e bolsas terminam nesta ter\u00e7a"},"content":{"rendered":"<p style=\"font-weight: 400;\">Os interessados em disputar uma vaga no curso de Medicina da Faculdade de Petrolina (Facape) devem ficar atentos: as inscri\u00e7\u00f5es para o vestibular seguem somente at\u00e9 esta ter\u00e7a-feira (28). Ao todo, est\u00e3o sendo ofertadas 13 vagas para ingresso no segundo semestre de 2026, ampliando as oportunidades para quem deseja cursar Medicina sem sair do Sert\u00e3o.<\/p>\n<p style=\"font-weight: 400;\">O processo seletivo ser\u00e1 realizado por meio de prova presencial e \u00e9 voltado a candidatos dos 53 munic\u00edpios que comp\u00f5em a macrorregi\u00e3o de sa\u00fade dos estados de Pernambuco e Bahia, fortalecendo o acesso regional ao ensino superior na \u00e1rea m\u00e9dica.<\/p>\n<p style=\"font-weight: 400;\">Al\u00e9m da oferta de vagas, o vestibular contempla a\u00e7\u00f5es de inclus\u00e3o social com tr\u00eas bolsas integrais no curso. Uma delas ser\u00e1 destinada a servidores efetivos de Petrolina ou seus dependentes, vinculados \u00e0 Administra\u00e7\u00e3o Direta e Indireta. As outras duas vagas ser\u00e3o para candidatos com baixa renda pertencentes a grupos como pessoas negras, quilombolas, ind\u00edgenas, transexuais, transg\u00eaneros ou com defici\u00eancia, conforme previsto em lei.<\/p>\n<p style=\"font-weight: 400;\">As inscri\u00e7\u00f5es devem ser realizadas exclusivamente pelo site\u00a0<a href=\"http:\/\/www.facape.br\/\" data-saferedirecturl=\"https:\/\/www.google.com\/url?q=http:\/\/www.facape.br&amp;source=gmail&amp;ust=1777401809958000&amp;usg=AOvVaw0JtuH7z25bqh_b-boBAS6r\">www.facape.br<\/a>. A prova est\u00e1 marcada para 10 de maio, com abertura dos port\u00f5es \u00e0s 8h. O resultado ser\u00e1 divulgado no dia 29 de maio, e o in\u00edcio das aulas est\u00e1 previsto para 3 de agosto de 2026.<\/p>\n<p style=\"font-weight: 400;\">Magn\u00f3lia Costa &#8211; Assessora de Comunica\u00e7\u00e3o da Facape<\/p>\n","protected":false},"excerpt":{"rendered":"<p>Os interessados em disputar uma vaga no curso de Medicina da Faculdade de Petrolina (Facape) devem ficar atentos: as inscri\u00e7\u00f5es para o vestibular seguem somente at\u00e9 esta ter\u00e7a-feira (28). Ao todo, est\u00e3o sendo ofertadas 13 vagas para ingresso no segundo semestre de 2026, ampliando as oportunidades para quem deseja cursar Medicina sem sair do Sert\u00e3o. O processo seletivo ser\u00e1 realizado por meio de prova presencial e \u00e9 voltado a candidatos dos 53 munic\u00edpios que comp\u00f5em a macrorregi\u00e3o de sa\u00fade dos estados de Pernambuco e Bahia, fortalecendo o acesso regional ao ensino superior na \u00e1rea m\u00e9dica. Al\u00e9m da oferta de vagas, o vestibular contempla a\u00e7\u00f5es de inclus\u00e3o social com tr\u00eas bolsas integrais no curso. Uma delas ser\u00e1 destinada a servidores efetivos&hellip; <\/p>\n","protected":false},"author":2,"featured_media":223335,"comment_status":"open","ping_status":"open","sticky":false,"template":"","format":"standard","meta":{"_acf_changed":false,"footnotes":""},"categories":[6],"tags":[],"class_list":["post-420540","post","type-post","status-publish","format-standard","has-post-thumbnail","hentry","category-educacao"],"acf":[],"yoast_head":"<!-- This site is optimized with the Yoast SEO plugin v27.4 - https:\/\/yoast.com\/product\/yoast-seo-wordpress\/ -->\n<title>Medicina Facape: inscri\u00e7\u00f5es para vestibular com vagas regionais e bolsas terminam nesta ter\u00e7a - Blog do Farn\u00e9sio<\/title>\n<meta name=\"robots\" content=\"index, follow, max-snippet:-1, max-image-preview:large, max-video-preview:-1\" \/>\n<link rel=\"canonical\" href=\"https:\/\/blogdofarnesio.com.br\/?p=420540\" \/>\n<meta property=\"og:locale\" content=\"pt_BR\" \/>\n<meta property=\"og:type\" content=\"article\" \/>\n<meta property=\"og:title\" content=\"Medicina Facape: inscri\u00e7\u00f5es para vestibular com vagas regionais e bolsas terminam nesta ter\u00e7a - Blog do Farn\u00e9sio\" \/>\n<meta property=\"og:description\" content=\"Os interessados em disputar uma vaga no curso de Medicina da Faculdade de Petrolina (Facape) devem ficar atentos: as inscri\u00e7\u00f5es para o vestibular seguem somente at\u00e9 esta ter\u00e7a-feira (28). Ao todo, est\u00e3o sendo ofertadas 13 vagas para ingresso no segundo semestre de 2026, ampliando as oportunidades para quem deseja cursar Medicina sem sair do Sert\u00e3o. O processo seletivo ser\u00e1 realizado por meio de prova presencial e \u00e9 voltado a candidatos dos 53 munic\u00edpios que comp\u00f5em a macrorregi\u00e3o de sa\u00fade dos estados de Pernambuco e Bahia, fortalecendo o acesso regional ao ensino superior na \u00e1rea m\u00e9dica. Al\u00e9m da oferta de vagas, o vestibular contempla a\u00e7\u00f5es de inclus\u00e3o social com tr\u00eas bolsas integrais no curso. Uma delas ser\u00e1 destinada a servidores efetivos&hellip;\" \/>\n<meta property=\"og:url\" content=\"https:\/\/blogdofarnesio.com.br\/?p=420540\" \/>\n<meta property=\"og:site_name\" content=\"Blog do Farn\u00e9sio\" \/>\n<meta property=\"article:publisher\" content=\"https:\/\/www.facebook.com\/BlogQuerSaberPolitica\/\" \/>\n<meta property=\"article:author\" content=\"https:\/\/www.facebook.com\/?ref=tn_tnmn\" \/>\n<meta property=\"article:published_time\" content=\"2026-04-28T13:23:40+00:00\" \/>\n<meta property=\"og:image\" content=\"https:\/\/blogdofarnesio.com.br\/wp-content\/uploads\/2019\/03\/blogqspultimodia-HOJE.jpg\" \/>\n\t<meta property=\"og:image:width\" content=\"492\" \/>\n\t<meta property=\"og:image:height\" content=\"295\" \/>\n\t<meta property=\"og:image:type\" content=\"image\/jpeg\" \/>\n<meta name=\"author\" content=\"Farn\u00e9sio\" \/>\n<meta name=\"twitter:card\" content=\"summary_large_image\" \/>\n<meta name=\"twitter:label1\" content=\"Escrito por\" \/>\n\t<meta name=\"twitter:data1\" content=\"Farn\u00e9sio\" \/>\n\t<meta name=\"twitter:label2\" content=\"Est. tempo de leitura\" \/>\n\t<meta name=\"twitter:data2\" content=\"2 minutos\" \/>\n<script type=\"application\/ld+json\" class=\"yoast-schema-graph\">{\"@context\":\"https:\\\/\\\/schema.org\",\"@graph\":[{\"@type\":\"Article\",\"@id\":\"https:\\\/\\\/blogdofarnesio.com.br\\\/?p=420540#article\",\"isPartOf\":{\"@id\":\"https:\\\/\\\/blogdofarnesio.com.br\\\/?p=420540\"},\"author\":{\"name\":\"Farn\u00e9sio\",\"@id\":\"https:\\\/\\\/blogdofarnesio.com.br\\\/#\\\/schema\\\/person\\\/bb9b23ae3ad0609ce8df7b6c9e76824d\"},\"headline\":\"Medicina Facape: inscri\u00e7\u00f5es para vestibular com vagas regionais e bolsas terminam nesta ter\u00e7a\",\"datePublished\":\"2026-04-28T13:23:40+00:00\",\"mainEntityOfPage\":{\"@id\":\"https:\\\/\\\/blogdofarnesio.com.br\\\/?p=420540\"},\"wordCount\":241,\"commentCount\":0,\"publisher\":{\"@id\":\"https:\\\/\\\/blogdofarnesio.com.br\\\/#organization\"},\"image\":{\"@id\":\"https:\\\/\\\/blogdofarnesio.com.br\\\/?p=420540#primaryimage\"},\"thumbnailUrl\":\"https:\\\/\\\/blogdofarnesio.com.br\\\/wp-content\\\/uploads\\\/2019\\\/03\\\/blogqspultimodia-HOJE.jpg\",\"articleSection\":[\"Educa\u00e7\u00e3o\"],\"inLanguage\":\"pt-BR\",\"potentialAction\":[{\"@type\":\"CommentAction\",\"name\":\"Comment\",\"target\":[\"https:\\\/\\\/blogdofarnesio.com.br\\\/?p=420540#respond\"]}]},{\"@type\":\"WebPage\",\"@id\":\"https:\\\/\\\/blogdofarnesio.com.br\\\/?p=420540\",\"url\":\"https:\\\/\\\/blogdofarnesio.com.br\\\/?p=420540\",\"name\":\"Medicina Facape: inscri\u00e7\u00f5es para vestibular com vagas regionais e bolsas terminam nesta ter\u00e7a - Blog do Farn\u00e9sio\",\"isPartOf\":{\"@id\":\"https:\\\/\\\/blogdofarnesio.com.br\\\/#website\"},\"primaryImageOfPage\":{\"@id\":\"https:\\\/\\\/blogdofarnesio.com.br\\\/?p=420540#primaryimage\"},\"image\":{\"@id\":\"https:\\\/\\\/blogdofarnesio.com.br\\\/?p=420540#primaryimage\"},\"thumbnailUrl\":\"https:\\\/\\\/blogdofarnesio.com.br\\\/wp-content\\\/uploads\\\/2019\\\/03\\\/blogqspultimodia-HOJE.jpg\",\"datePublished\":\"2026-04-28T13:23:40+00:00\",\"breadcrumb\":{\"@id\":\"https:\\\/\\\/blogdofarnesio.com.br\\\/?p=420540#breadcrumb\"},\"inLanguage\":\"pt-BR\",\"potentialAction\":[{\"@type\":\"ReadAction\",\"target\":[\"https:\\\/\\\/blogdofarnesio.com.br\\\/?p=420540\"]}]},{\"@type\":\"ImageObject\",\"inLanguage\":\"pt-BR\",\"@id\":\"https:\\\/\\\/blogdofarnesio.com.br\\\/?p=420540#primaryimage\",\"url\":\"https:\\\/\\\/blogdofarnesio.com.br\\\/wp-content\\\/uploads\\\/2019\\\/03\\\/blogqspultimodia-HOJE.jpg\",\"contentUrl\":\"https:\\\/\\\/blogdofarnesio.com.br\\\/wp-content\\\/uploads\\\/2019\\\/03\\\/blogqspultimodia-HOJE.jpg\",\"width\":492,\"height\":295},{\"@type\":\"BreadcrumbList\",\"@id\":\"https:\\\/\\\/blogdofarnesio.com.br\\\/?p=420540#breadcrumb\",\"itemListElement\":[{\"@type\":\"ListItem\",\"position\":1,\"name\":\"In\u00edcio\",\"item\":\"https:\\\/\\\/blogdofarnesio.com.br\\\/\"},{\"@type\":\"ListItem\",\"position\":2,\"name\":\"Medicina Facape: inscri\u00e7\u00f5es para vestibular com vagas regionais e bolsas terminam nesta ter\u00e7a\"}]},{\"@type\":\"WebSite\",\"@id\":\"https:\\\/\\\/blogdofarnesio.com.br\\\/#website\",\"url\":\"https:\\\/\\\/blogdofarnesio.com.br\\\/\",\"name\":\"Blog do Farn\u00e9sio\",\"description\":\"Quer Saber Pol\u00edtica?\",\"publisher\":{\"@id\":\"https:\\\/\\\/blogdofarnesio.com.br\\\/#organization\"},\"potentialAction\":[{\"@type\":\"SearchAction\",\"target\":{\"@type\":\"EntryPoint\",\"urlTemplate\":\"https:\\\/\\\/blogdofarnesio.com.br\\\/?s={search_term_string}\"},\"query-input\":{\"@type\":\"PropertyValueSpecification\",\"valueRequired\":true,\"valueName\":\"search_term_string\"}}],\"inLanguage\":\"pt-BR\"},{\"@type\":\"Organization\",\"@id\":\"https:\\\/\\\/blogdofarnesio.com.br\\\/#organization\",\"name\":\"Blog do Farn\u00e9sio\",\"url\":\"https:\\\/\\\/blogdofarnesio.com.br\\\/\",\"logo\":{\"@type\":\"ImageObject\",\"inLanguage\":\"pt-BR\",\"@id\":\"https:\\\/\\\/blogdofarnesio.com.br\\\/#\\\/schema\\\/logo\\\/image\\\/\",\"url\":\"https:\\\/\\\/blogdofarnesio.com.br\\\/wp-content\\\/uploads\\\/2026\\\/03\\\/cropped-logo_new-1.png\",\"contentUrl\":\"https:\\\/\\\/blogdofarnesio.com.br\\\/wp-content\\\/uploads\\\/2026\\\/03\\\/cropped-logo_new-1.png\",\"width\":881,\"height\":685,\"caption\":\"Blog do Farn\u00e9sio\"},\"image\":{\"@id\":\"https:\\\/\\\/blogdofarnesio.com.br\\\/#\\\/schema\\\/logo\\\/image\\\/\"},\"sameAs\":[\"https:\\\/\\\/www.facebook.com\\\/BlogQuerSaberPolitica\\\/\"]},{\"@type\":\"Person\",\"@id\":\"https:\\\/\\\/blogdofarnesio.com.br\\\/#\\\/schema\\\/person\\\/bb9b23ae3ad0609ce8df7b6c9e76824d\",\"name\":\"Farn\u00e9sio\",\"image\":{\"@type\":\"ImageObject\",\"inLanguage\":\"pt-BR\",\"@id\":\"https:\\\/\\\/secure.gravatar.com\\\/avatar\\\/986aa4c61ccdb66f8555bf88fc2a65609d00bcabd4d2d94377a727547345cbca?s=96&d=mm&r=g\",\"url\":\"https:\\\/\\\/secure.gravatar.com\\\/avatar\\\/986aa4c61ccdb66f8555bf88fc2a65609d00bcabd4d2d94377a727547345cbca?s=96&d=mm&r=g\",\"contentUrl\":\"https:\\\/\\\/secure.gravatar.com\\\/avatar\\\/986aa4c61ccdb66f8555bf88fc2a65609d00bcabd4d2d94377a727547345cbca?s=96&d=mm&r=g\",\"caption\":\"Farn\u00e9sio\"},\"description\":\"Radialista blogueiro, chegou a Petrolina\\\/Juazeiro em setembro de 1980, Farn\u00e9sio Silva \u00e9 de Arapiraca-Alagoas.\",\"sameAs\":[\"http:\\\/\\\/blogdofarnesio.com.br\",\"https:\\\/\\\/www.facebook.com\\\/?ref=tn_tnmn\",\"https:\\\/\\\/www.instagram.com\\\/?utm_source=pwa_homescreen\",\"https:\\\/\\\/youtube.com.br\\\/\"],\"url\":\"https:\\\/\\\/blogdofarnesio.com.br\\\/?author=2\"}]}<\/script>\n<!-- \/ Yoast SEO plugin. -->","yoast_head_json":{"title":"Medicina Facape: inscri\u00e7\u00f5es para vestibular com vagas regionais e bolsas terminam nesta ter\u00e7a - Blog do Farn\u00e9sio","robots":{"index":"index","follow":"follow","max-snippet":"max-snippet:-1","max-image-preview":"max-image-preview:large","max-video-preview":"max-video-preview:-1"},"canonical":"https:\/\/blogdofarnesio.com.br\/?p=420540","og_locale":"pt_BR","og_type":"article","og_title":"Medicina Facape: inscri\u00e7\u00f5es para vestibular com vagas regionais e bolsas terminam nesta ter\u00e7a - Blog do Farn\u00e9sio","og_description":"Os interessados em disputar uma vaga no curso de Medicina da Faculdade de Petrolina (Facape) devem ficar atentos: as inscri\u00e7\u00f5es para o vestibular seguem somente at\u00e9 esta ter\u00e7a-feira (28). Ao todo, est\u00e3o sendo ofertadas 13 vagas para ingresso no segundo semestre de 2026, ampliando as oportunidades para quem deseja cursar Medicina sem sair do Sert\u00e3o. O processo seletivo ser\u00e1 realizado por meio de prova presencial e \u00e9 voltado a candidatos dos 53 munic\u00edpios que comp\u00f5em a macrorregi\u00e3o de sa\u00fade dos estados de Pernambuco e Bahia, fortalecendo o acesso regional ao ensino superior na \u00e1rea m\u00e9dica. Al\u00e9m da oferta de vagas, o vestibular contempla a\u00e7\u00f5es de inclus\u00e3o social com tr\u00eas bolsas integrais no curso. Uma delas ser\u00e1 destinada a servidores efetivos&hellip;","og_url":"https:\/\/blogdofarnesio.com.br\/?p=420540","og_site_name":"Blog do Farn\u00e9sio","article_publisher":"https:\/\/www.facebook.com\/BlogQuerSaberPolitica\/","article_author":"https:\/\/www.facebook.com\/?ref=tn_tnmn","article_published_time":"2026-04-28T13:23:40+00:00","og_image":[{"width":492,"height":295,"url":"https:\/\/blogdofarnesio.com.br\/wp-content\/uploads\/2019\/03\/blogqspultimodia-HOJE.jpg","type":"image\/jpeg"}],"author":"Farn\u00e9sio","twitter_card":"summary_large_image","twitter_misc":{"Escrito por":"Farn\u00e9sio","Est. tempo de leitura":"2 minutos"},"schema":{"@context":"https:\/\/schema.org","@graph":[{"@type":"Article","@id":"https:\/\/blogdofarnesio.com.br\/?p=420540#article","isPartOf":{"@id":"https:\/\/blogdofarnesio.com.br\/?p=420540"},"author":{"name":"Farn\u00e9sio","@id":"https:\/\/blogdofarnesio.com.br\/#\/schema\/person\/bb9b23ae3ad0609ce8df7b6c9e76824d"},"headline":"Medicina Facape: inscri\u00e7\u00f5es para vestibular com vagas regionais e bolsas terminam nesta ter\u00e7a","datePublished":"2026-04-28T13:23:40+00:00","mainEntityOfPage":{"@id":"https:\/\/blogdofarnesio.com.br\/?p=420540"},"wordCount":241,"commentCount":0,"publisher":{"@id":"https:\/\/blogdofarnesio.com.br\/#organization"},"image":{"@id":"https:\/\/blogdofarnesio.com.br\/?p=420540#primaryimage"},"thumbnailUrl":"https:\/\/blogdofarnesio.com.br\/wp-content\/uploads\/2019\/03\/blogqspultimodia-HOJE.jpg","articleSection":["Educa\u00e7\u00e3o"],"inLanguage":"pt-BR","potentialAction":[{"@type":"CommentAction","name":"Comment","target":["https:\/\/blogdofarnesio.com.br\/?p=420540#respond"]}]},{"@type":"WebPage","@id":"https:\/\/blogdofarnesio.com.br\/?p=420540","url":"https:\/\/blogdofarnesio.com.br\/?p=420540","name":"Medicina Facape: inscri\u00e7\u00f5es para vestibular com vagas regionais e bolsas terminam nesta ter\u00e7a - Blog do Farn\u00e9sio","isPartOf":{"@id":"https:\/\/blogdofarnesio.com.br\/#website"},"primaryImageOfPage":{"@id":"https:\/\/blogdofarnesio.com.br\/?p=420540#primaryimage"},"image":{"@id":"https:\/\/blogdofarnesio.com.br\/?p=420540#primaryimage"},"thumbnailUrl":"https:\/\/blogdofarnesio.com.br\/wp-content\/uploads\/2019\/03\/blogqspultimodia-HOJE.jpg","datePublished":"2026-04-28T13:23:40+00:00","breadcrumb":{"@id":"https:\/\/blogdofarnesio.com.br\/?p=420540#breadcrumb"},"inLanguage":"pt-BR","potentialAction":[{"@type":"ReadAction","target":["https:\/\/blogdofarnesio.com.br\/?p=420540"]}]},{"@type":"ImageObject","inLanguage":"pt-BR","@id":"https:\/\/blogdofarnesio.com.br\/?p=420540#primaryimage","url":"https:\/\/blogdofarnesio.com.br\/wp-content\/uploads\/2019\/03\/blogqspultimodia-HOJE.jpg","contentUrl":"https:\/\/blogdofarnesio.com.br\/wp-content\/uploads\/2019\/03\/blogqspultimodia-HOJE.jpg","width":492,"height":295},{"@type":"BreadcrumbList","@id":"https:\/\/blogdofarnesio.com.br\/?p=420540#breadcrumb","itemListElement":[{"@type":"ListItem","position":1,"name":"In\u00edcio","item":"https:\/\/blogdofarnesio.com.br\/"},{"@type":"ListItem","position":2,"name":"Medicina Facape: inscri\u00e7\u00f5es para vestibular com vagas regionais e bolsas terminam nesta ter\u00e7a"}]},{"@type":"WebSite","@id":"https:\/\/blogdofarnesio.com.br\/#website","url":"https:\/\/blogdofarnesio.com.br\/","name":"Blog do Farn\u00e9sio","description":"Quer Saber Pol\u00edtica?","publisher":{"@id":"https:\/\/blogdofarnesio.com.br\/#organization"},"potentialAction":[{"@type":"SearchAction","target":{"@type":"EntryPoint","urlTemplate":"https:\/\/blogdofarnesio.com.br\/?s={search_term_string}"},"query-input":{"@type":"PropertyValueSpecification","valueRequired":true,"valueName":"search_term_string"}}],"inLanguage":"pt-BR"},{"@type":"Organization","@id":"https:\/\/blogdofarnesio.com.br\/#organization","name":"Blog do Farn\u00e9sio","url":"https:\/\/blogdofarnesio.com.br\/","logo":{"@type":"ImageObject","inLanguage":"pt-BR","@id":"https:\/\/blogdofarnesio.com.br\/#\/schema\/logo\/image\/","url":"https:\/\/blogdofarnesio.com.br\/wp-content\/uploads\/2026\/03\/cropped-logo_new-1.png","contentUrl":"https:\/\/blogdofarnesio.com.br\/wp-content\/uploads\/2026\/03\/cropped-logo_new-1.png","width":881,"height":685,"caption":"Blog do Farn\u00e9sio"},"image":{"@id":"https:\/\/blogdofarnesio.com.br\/#\/schema\/logo\/image\/"},"sameAs":["https:\/\/www.facebook.com\/BlogQuerSaberPolitica\/"]},{"@type":"Person","@id":"https:\/\/blogdofarnesio.com.br\/#\/schema\/person\/bb9b23ae3ad0609ce8df7b6c9e76824d","name":"Farn\u00e9sio","image":{"@type":"ImageObject","inLanguage":"pt-BR","@id":"https:\/\/secure.gravatar.com\/avatar\/986aa4c61ccdb66f8555bf88fc2a65609d00bcabd4d2d94377a727547345cbca?s=96&d=mm&r=g","url":"https:\/\/secure.gravatar.com\/avatar\/986aa4c61ccdb66f8555bf88fc2a65609d00bcabd4d2d94377a727547345cbca?s=96&d=mm&r=g","contentUrl":"https:\/\/secure.gravatar.com\/avatar\/986aa4c61ccdb66f8555bf88fc2a65609d00bcabd4d2d94377a727547345cbca?s=96&d=mm&r=g","caption":"Farn\u00e9sio"},"description":"Radialista blogueiro, chegou a Petrolina\/Juazeiro em setembro de 1980, Farn\u00e9sio Silva \u00e9 de Arapiraca-Alagoas.","sameAs":["http:\/\/blogdofarnesio.com.br","https:\/\/www.facebook.com\/?ref=tn_tnmn","https:\/\/www.instagram.com\/?utm_source=pwa_homescreen","https:\/\/youtube.com.br\/"],"url":"https:\/\/blogdofarnesio.com.br\/?author=2"}]}},"_links":{"self":[{"href":"https:\/\/blogdofarnesio.com.br\/index.php?rest_route=\/wp\/v2\/posts\/420540","targetHints":{"allow":["GET"]}}],"collection":[{"href":"https:\/\/blogdofarnesio.com.br\/index.php?rest_route=\/wp\/v2\/posts"}],"about":[{"href":"https:\/\/blogdofarnesio.com.br\/index.php?rest_route=\/wp\/v2\/types\/post"}],"author":[{"embeddable":true,"href":"https:\/\/blogdofarnesio.com.br\/index.php?rest_route=\/wp\/v2\/users\/2"}],"replies":[{"embeddable":true,"href":"https:\/\/blogdofarnesio.com.br\/index.php?rest_route=%2Fwp%2Fv2%2Fcomments&post=420540"}],"version-history":[{"count":1,"href":"https:\/\/blogdofarnesio.com.br\/index.php?rest_route=\/wp\/v2\/posts\/420540\/revisions"}],"predecessor-version":[{"id":420541,"href":"https:\/\/blogdofarnesio.com.br\/index.php?rest_route=\/wp\/v2\/posts\/420540\/revisions\/420541"}],"wp:featuredmedia":[{"embeddable":true,"href":"https:\/\/blogdofarnesio.com.br\/index.php?rest_route=\/wp\/v2\/media\/223335"}],"wp:attachment":[{"href":"https:\/\/blogdofarnesio.com.br\/index.php?rest_route=%2Fwp%2Fv2%2Fmedia&parent=420540"}],"wp:term":[{"taxonomy":"category","embeddable":true,"href":"https:\/\/blogdofarnesio.com.br\/index.php?rest_route=%2Fwp%2Fv2%2Fcategories&post=420540"},{"taxonomy":"post_tag","embeddable":true,"href":"https:\/\/blogdofarnesio.com.br\/index.php?rest_route=%2Fwp%2Fv2%2Ftags&post=420540"}],"curies":[{"name":"wp","href":"https:\/\/api.w.org\/{rel}","templated":true}]}}