{"id":420530,"date":"2026-04-28T10:03:32","date_gmt":"2026-04-28T13:03:32","guid":{"rendered":"https:\/\/blogdofarnesio.com.br\/?p=420530"},"modified":"2026-04-28T08:24:22","modified_gmt":"2026-04-28T11:24:22","slug":"prefeito-e-vice-de-afogados-da-ingazeira-sao-cassados-na-primeira-instancia-por-crime-eleitoral-saiba-detalhes","status":"publish","type":"post","link":"https:\/\/blogdofarnesio.com.br\/?p=420530","title":{"rendered":"Prefeito e vice de Afogados da Ingazeira s\u00e3o cassados na primeira inst\u00e2ncia por crime eleitoral. Saiba detalhes"},"content":{"rendered":"<div id=\"post-body-7906995543151605973\" class=\"post-body entry-content\">\n<p>O juiz eleitoral em substitui\u00e7\u00e3o Jos\u00e9 Anast\u00e1cio Guimar\u00e3es Figueiredo Correia, da 66\u00aa Zona Eleitoral, cassou, em primeira inst\u00e2ncia, os mandatos do prefeito de Afogados da Ingazeira, Sandrinho Palmeira, e do vice, Daniel Valadares, por abuso de poder pol\u00edtico e econ\u00f4mico nas elei\u00e7\u00f5es de 2024. A decis\u00e3o tamb\u00e9m declara a inelegibilidade dos dois por oito anos, al\u00e9m de atingir Jandyson Henrique Xavier Oliveira.<\/p>\n<p class=\"_aupe copyable-text x15bjb6t x1n2onr6\"><span class=\"_aupe copyable-text xkrh14z\">Na senten\u00e7a, o magistrado apontou que Sandrinho \u201cfoi o articulador que orquestrou o ardil abusivo levado a cabo por Jandyson, o que resultou em benef\u00edcio ineg\u00e1vel \u00e0 sua candidatura\u201d, afastando a tese de que a atua\u00e7\u00e3o do ent\u00e3o secret\u00e1rio de Finan\u00e7as n\u00e3o teria rela\u00e7\u00e3o com a campanha.<\/span><\/p>\n<p class=\"_aupe copyable-text x15bjb6t x1n2onr6\"><span class=\"_aupe copyable-text xkrh14z\">Cabe recurso ao Tribunal Regional Eleitoral (TRE). A \u00e1rea jur\u00eddica do prefeito informou que vai recorrer da decis\u00e3o, e Sandrinho e Daniel podem permanecer nos cargos at\u00e9 o julgamento do recurso. (Via: Blog Magno Martins<\/span><\/p>\n<\/div>\n","protected":false},"excerpt":{"rendered":"<p>O juiz eleitoral em substitui\u00e7\u00e3o Jos\u00e9 Anast\u00e1cio Guimar\u00e3es Figueiredo Correia, da 66\u00aa Zona Eleitoral, cassou, em primeira inst\u00e2ncia, os mandatos do prefeito de Afogados da Ingazeira, Sandrinho Palmeira, e do vice, Daniel Valadares, por abuso de poder pol\u00edtico e econ\u00f4mico nas elei\u00e7\u00f5es de 2024. A decis\u00e3o tamb\u00e9m declara a inelegibilidade dos dois por oito anos, al\u00e9m de atingir Jandyson Henrique Xavier Oliveira. Na senten\u00e7a, o magistrado apontou que Sandrinho \u201cfoi o articulador que orquestrou o ardil abusivo levado a cabo por Jandyson, o que resultou em benef\u00edcio ineg\u00e1vel \u00e0 sua candidatura\u201d, afastando a tese de que a atua\u00e7\u00e3o do ent\u00e3o secret\u00e1rio de Finan\u00e7as n\u00e3o teria rela\u00e7\u00e3o com a campanha. Cabe recurso ao Tribunal Regional Eleitoral (TRE). A \u00e1rea jur\u00eddica do&hellip; <\/p>\n","protected":false},"author":2,"featured_media":420531,"comment_status":"open","ping_status":"open","sticky":false,"template":"","format":"standard","meta":{"_acf_changed":false,"footnotes":""},"categories":[23],"tags":[],"class_list":["post-420530","post","type-post","status-publish","format-standard","has-post-thumbnail","hentry","category-justica"],"acf":[],"yoast_head":"<!-- This site is optimized with the Yoast SEO plugin v27.4 - https:\/\/yoast.com\/product\/yoast-seo-wordpress\/ -->\n<title>Prefeito e vice de Afogados da Ingazeira s\u00e3o cassados na primeira inst\u00e2ncia por crime eleitoral. Saiba detalhes - Blog do Farn\u00e9sio<\/title>\n<meta name=\"robots\" content=\"index, follow, max-snippet:-1, max-image-preview:large, max-video-preview:-1\" \/>\n<link rel=\"canonical\" href=\"https:\/\/blogdofarnesio.com.br\/?p=420530\" \/>\n<meta property=\"og:locale\" content=\"pt_BR\" \/>\n<meta property=\"og:type\" content=\"article\" \/>\n<meta property=\"og:title\" content=\"Prefeito e vice de Afogados da Ingazeira s\u00e3o cassados na primeira inst\u00e2ncia por crime eleitoral. Saiba detalhes - Blog do Farn\u00e9sio\" \/>\n<meta property=\"og:description\" content=\"O juiz eleitoral em substitui\u00e7\u00e3o Jos\u00e9 Anast\u00e1cio Guimar\u00e3es Figueiredo Correia, da 66\u00aa Zona Eleitoral, cassou, em primeira inst\u00e2ncia, os mandatos do prefeito de Afogados da Ingazeira, Sandrinho Palmeira, e do vice, Daniel Valadares, por abuso de poder pol\u00edtico e econ\u00f4mico nas elei\u00e7\u00f5es de 2024. A decis\u00e3o tamb\u00e9m declara a inelegibilidade dos dois por oito anos, al\u00e9m de atingir Jandyson Henrique Xavier Oliveira. Na senten\u00e7a, o magistrado apontou que Sandrinho \u201cfoi o articulador que orquestrou o ardil abusivo levado a cabo por Jandyson, o que resultou em benef\u00edcio ineg\u00e1vel \u00e0 sua candidatura\u201d, afastando a tese de que a atua\u00e7\u00e3o do ent\u00e3o secret\u00e1rio de Finan\u00e7as n\u00e3o teria rela\u00e7\u00e3o com a campanha. Cabe recurso ao Tribunal Regional Eleitoral (TRE). A \u00e1rea jur\u00eddica do&hellip;\" \/>\n<meta property=\"og:url\" content=\"https:\/\/blogdofarnesio.com.br\/?p=420530\" \/>\n<meta property=\"og:site_name\" content=\"Blog do Farn\u00e9sio\" \/>\n<meta property=\"article:publisher\" content=\"https:\/\/www.facebook.com\/BlogQuerSaberPolitica\/\" \/>\n<meta property=\"article:author\" content=\"https:\/\/www.facebook.com\/?ref=tn_tnmn\" \/>\n<meta property=\"article:published_time\" content=\"2026-04-28T13:03:32+00:00\" \/>\n<meta property=\"og:image\" content=\"https:\/\/blogdofarnesio.com.br\/wp-content\/uploads\/2026\/04\/blogqspAf-Ingazeira-prefeito-Sandrinho-Palmeira-e-vice-Daniel-Valadares.jpg\" \/>\n\t<meta property=\"og:image:width\" content=\"497\" \/>\n\t<meta property=\"og:image:height\" content=\"331\" \/>\n\t<meta property=\"og:image:type\" content=\"image\/jpeg\" \/>\n<meta name=\"author\" content=\"Farn\u00e9sio\" \/>\n<meta name=\"twitter:card\" content=\"summary_large_image\" \/>\n<meta name=\"twitter:label1\" content=\"Escrito por\" \/>\n\t<meta name=\"twitter:data1\" content=\"Farn\u00e9sio\" \/>\n\t<meta name=\"twitter:label2\" content=\"Est. tempo de leitura\" \/>\n\t<meta name=\"twitter:data2\" content=\"1 minuto\" \/>\n<script type=\"application\/ld+json\" class=\"yoast-schema-graph\">{\"@context\":\"https:\\\/\\\/schema.org\",\"@graph\":[{\"@type\":\"Article\",\"@id\":\"https:\\\/\\\/blogdofarnesio.com.br\\\/?p=420530#article\",\"isPartOf\":{\"@id\":\"https:\\\/\\\/blogdofarnesio.com.br\\\/?p=420530\"},\"author\":{\"name\":\"Farn\u00e9sio\",\"@id\":\"https:\\\/\\\/blogdofarnesio.com.br\\\/#\\\/schema\\\/person\\\/bb9b23ae3ad0609ce8df7b6c9e76824d\"},\"headline\":\"Prefeito e vice de Afogados da Ingazeira s\u00e3o cassados na primeira inst\u00e2ncia por crime eleitoral. Saiba detalhes\",\"datePublished\":\"2026-04-28T13:03:32+00:00\",\"mainEntityOfPage\":{\"@id\":\"https:\\\/\\\/blogdofarnesio.com.br\\\/?p=420530\"},\"wordCount\":181,\"commentCount\":0,\"publisher\":{\"@id\":\"https:\\\/\\\/blogdofarnesio.com.br\\\/#organization\"},\"image\":{\"@id\":\"https:\\\/\\\/blogdofarnesio.com.br\\\/?p=420530#primaryimage\"},\"thumbnailUrl\":\"https:\\\/\\\/blogdofarnesio.com.br\\\/wp-content\\\/uploads\\\/2026\\\/04\\\/blogqspAf-Ingazeira-prefeito-Sandrinho-Palmeira-e-vice-Daniel-Valadares.jpg\",\"articleSection\":[\"Justi\u00e7a\"],\"inLanguage\":\"pt-BR\",\"potentialAction\":[{\"@type\":\"CommentAction\",\"name\":\"Comment\",\"target\":[\"https:\\\/\\\/blogdofarnesio.com.br\\\/?p=420530#respond\"]}]},{\"@type\":\"WebPage\",\"@id\":\"https:\\\/\\\/blogdofarnesio.com.br\\\/?p=420530\",\"url\":\"https:\\\/\\\/blogdofarnesio.com.br\\\/?p=420530\",\"name\":\"Prefeito e vice de Afogados da Ingazeira s\u00e3o cassados na primeira inst\u00e2ncia por crime eleitoral. Saiba detalhes - Blog do Farn\u00e9sio\",\"isPartOf\":{\"@id\":\"https:\\\/\\\/blogdofarnesio.com.br\\\/#website\"},\"primaryImageOfPage\":{\"@id\":\"https:\\\/\\\/blogdofarnesio.com.br\\\/?p=420530#primaryimage\"},\"image\":{\"@id\":\"https:\\\/\\\/blogdofarnesio.com.br\\\/?p=420530#primaryimage\"},\"thumbnailUrl\":\"https:\\\/\\\/blogdofarnesio.com.br\\\/wp-content\\\/uploads\\\/2026\\\/04\\\/blogqspAf-Ingazeira-prefeito-Sandrinho-Palmeira-e-vice-Daniel-Valadares.jpg\",\"datePublished\":\"2026-04-28T13:03:32+00:00\",\"breadcrumb\":{\"@id\":\"https:\\\/\\\/blogdofarnesio.com.br\\\/?p=420530#breadcrumb\"},\"inLanguage\":\"pt-BR\",\"potentialAction\":[{\"@type\":\"ReadAction\",\"target\":[\"https:\\\/\\\/blogdofarnesio.com.br\\\/?p=420530\"]}]},{\"@type\":\"ImageObject\",\"inLanguage\":\"pt-BR\",\"@id\":\"https:\\\/\\\/blogdofarnesio.com.br\\\/?p=420530#primaryimage\",\"url\":\"https:\\\/\\\/blogdofarnesio.com.br\\\/wp-content\\\/uploads\\\/2026\\\/04\\\/blogqspAf-Ingazeira-prefeito-Sandrinho-Palmeira-e-vice-Daniel-Valadares.jpg\",\"contentUrl\":\"https:\\\/\\\/blogdofarnesio.com.br\\\/wp-content\\\/uploads\\\/2026\\\/04\\\/blogqspAf-Ingazeira-prefeito-Sandrinho-Palmeira-e-vice-Daniel-Valadares.jpg\",\"width\":497,\"height\":331},{\"@type\":\"BreadcrumbList\",\"@id\":\"https:\\\/\\\/blogdofarnesio.com.br\\\/?p=420530#breadcrumb\",\"itemListElement\":[{\"@type\":\"ListItem\",\"position\":1,\"name\":\"In\u00edcio\",\"item\":\"https:\\\/\\\/blogdofarnesio.com.br\\\/\"},{\"@type\":\"ListItem\",\"position\":2,\"name\":\"Prefeito e vice de Afogados da Ingazeira s\u00e3o cassados na primeira inst\u00e2ncia por crime eleitoral. Saiba detalhes\"}]},{\"@type\":\"WebSite\",\"@id\":\"https:\\\/\\\/blogdofarnesio.com.br\\\/#website\",\"url\":\"https:\\\/\\\/blogdofarnesio.com.br\\\/\",\"name\":\"Blog do Farn\u00e9sio\",\"description\":\"Quer Saber Pol\u00edtica?\",\"publisher\":{\"@id\":\"https:\\\/\\\/blogdofarnesio.com.br\\\/#organization\"},\"potentialAction\":[{\"@type\":\"SearchAction\",\"target\":{\"@type\":\"EntryPoint\",\"urlTemplate\":\"https:\\\/\\\/blogdofarnesio.com.br\\\/?s={search_term_string}\"},\"query-input\":{\"@type\":\"PropertyValueSpecification\",\"valueRequired\":true,\"valueName\":\"search_term_string\"}}],\"inLanguage\":\"pt-BR\"},{\"@type\":\"Organization\",\"@id\":\"https:\\\/\\\/blogdofarnesio.com.br\\\/#organization\",\"name\":\"Blog do Farn\u00e9sio\",\"url\":\"https:\\\/\\\/blogdofarnesio.com.br\\\/\",\"logo\":{\"@type\":\"ImageObject\",\"inLanguage\":\"pt-BR\",\"@id\":\"https:\\\/\\\/blogdofarnesio.com.br\\\/#\\\/schema\\\/logo\\\/image\\\/\",\"url\":\"https:\\\/\\\/blogdofarnesio.com.br\\\/wp-content\\\/uploads\\\/2026\\\/03\\\/cropped-logo_new-1.png\",\"contentUrl\":\"https:\\\/\\\/blogdofarnesio.com.br\\\/wp-content\\\/uploads\\\/2026\\\/03\\\/cropped-logo_new-1.png\",\"width\":881,\"height\":685,\"caption\":\"Blog do Farn\u00e9sio\"},\"image\":{\"@id\":\"https:\\\/\\\/blogdofarnesio.com.br\\\/#\\\/schema\\\/logo\\\/image\\\/\"},\"sameAs\":[\"https:\\\/\\\/www.facebook.com\\\/BlogQuerSaberPolitica\\\/\"]},{\"@type\":\"Person\",\"@id\":\"https:\\\/\\\/blogdofarnesio.com.br\\\/#\\\/schema\\\/person\\\/bb9b23ae3ad0609ce8df7b6c9e76824d\",\"name\":\"Farn\u00e9sio\",\"image\":{\"@type\":\"ImageObject\",\"inLanguage\":\"pt-BR\",\"@id\":\"https:\\\/\\\/secure.gravatar.com\\\/avatar\\\/986aa4c61ccdb66f8555bf88fc2a65609d00bcabd4d2d94377a727547345cbca?s=96&d=mm&r=g\",\"url\":\"https:\\\/\\\/secure.gravatar.com\\\/avatar\\\/986aa4c61ccdb66f8555bf88fc2a65609d00bcabd4d2d94377a727547345cbca?s=96&d=mm&r=g\",\"contentUrl\":\"https:\\\/\\\/secure.gravatar.com\\\/avatar\\\/986aa4c61ccdb66f8555bf88fc2a65609d00bcabd4d2d94377a727547345cbca?s=96&d=mm&r=g\",\"caption\":\"Farn\u00e9sio\"},\"description\":\"Radialista blogueiro, chegou a Petrolina\\\/Juazeiro em setembro de 1980, Farn\u00e9sio Silva \u00e9 de Arapiraca-Alagoas.\",\"sameAs\":[\"http:\\\/\\\/blogdofarnesio.com.br\",\"https:\\\/\\\/www.facebook.com\\\/?ref=tn_tnmn\",\"https:\\\/\\\/www.instagram.com\\\/?utm_source=pwa_homescreen\",\"https:\\\/\\\/youtube.com.br\\\/\"],\"url\":\"https:\\\/\\\/blogdofarnesio.com.br\\\/?author=2\"}]}<\/script>\n<!-- \/ Yoast SEO plugin. -->","yoast_head_json":{"title":"Prefeito e vice de Afogados da Ingazeira s\u00e3o cassados na primeira inst\u00e2ncia por crime eleitoral. Saiba detalhes - Blog do Farn\u00e9sio","robots":{"index":"index","follow":"follow","max-snippet":"max-snippet:-1","max-image-preview":"max-image-preview:large","max-video-preview":"max-video-preview:-1"},"canonical":"https:\/\/blogdofarnesio.com.br\/?p=420530","og_locale":"pt_BR","og_type":"article","og_title":"Prefeito e vice de Afogados da Ingazeira s\u00e3o cassados na primeira inst\u00e2ncia por crime eleitoral. Saiba detalhes - Blog do Farn\u00e9sio","og_description":"O juiz eleitoral em substitui\u00e7\u00e3o Jos\u00e9 Anast\u00e1cio Guimar\u00e3es Figueiredo Correia, da 66\u00aa Zona Eleitoral, cassou, em primeira inst\u00e2ncia, os mandatos do prefeito de Afogados da Ingazeira, Sandrinho Palmeira, e do vice, Daniel Valadares, por abuso de poder pol\u00edtico e econ\u00f4mico nas elei\u00e7\u00f5es de 2024. A decis\u00e3o tamb\u00e9m declara a inelegibilidade dos dois por oito anos, al\u00e9m de atingir Jandyson Henrique Xavier Oliveira. Na senten\u00e7a, o magistrado apontou que Sandrinho \u201cfoi o articulador que orquestrou o ardil abusivo levado a cabo por Jandyson, o que resultou em benef\u00edcio ineg\u00e1vel \u00e0 sua candidatura\u201d, afastando a tese de que a atua\u00e7\u00e3o do ent\u00e3o secret\u00e1rio de Finan\u00e7as n\u00e3o teria rela\u00e7\u00e3o com a campanha. Cabe recurso ao Tribunal Regional Eleitoral (TRE). A \u00e1rea jur\u00eddica do&hellip;","og_url":"https:\/\/blogdofarnesio.com.br\/?p=420530","og_site_name":"Blog do Farn\u00e9sio","article_publisher":"https:\/\/www.facebook.com\/BlogQuerSaberPolitica\/","article_author":"https:\/\/www.facebook.com\/?ref=tn_tnmn","article_published_time":"2026-04-28T13:03:32+00:00","og_image":[{"width":497,"height":331,"url":"https:\/\/blogdofarnesio.com.br\/wp-content\/uploads\/2026\/04\/blogqspAf-Ingazeira-prefeito-Sandrinho-Palmeira-e-vice-Daniel-Valadares.jpg","type":"image\/jpeg"}],"author":"Farn\u00e9sio","twitter_card":"summary_large_image","twitter_misc":{"Escrito por":"Farn\u00e9sio","Est. tempo de leitura":"1 minuto"},"schema":{"@context":"https:\/\/schema.org","@graph":[{"@type":"Article","@id":"https:\/\/blogdofarnesio.com.br\/?p=420530#article","isPartOf":{"@id":"https:\/\/blogdofarnesio.com.br\/?p=420530"},"author":{"name":"Farn\u00e9sio","@id":"https:\/\/blogdofarnesio.com.br\/#\/schema\/person\/bb9b23ae3ad0609ce8df7b6c9e76824d"},"headline":"Prefeito e vice de Afogados da Ingazeira s\u00e3o cassados na primeira inst\u00e2ncia por crime eleitoral. Saiba detalhes","datePublished":"2026-04-28T13:03:32+00:00","mainEntityOfPage":{"@id":"https:\/\/blogdofarnesio.com.br\/?p=420530"},"wordCount":181,"commentCount":0,"publisher":{"@id":"https:\/\/blogdofarnesio.com.br\/#organization"},"image":{"@id":"https:\/\/blogdofarnesio.com.br\/?p=420530#primaryimage"},"thumbnailUrl":"https:\/\/blogdofarnesio.com.br\/wp-content\/uploads\/2026\/04\/blogqspAf-Ingazeira-prefeito-Sandrinho-Palmeira-e-vice-Daniel-Valadares.jpg","articleSection":["Justi\u00e7a"],"inLanguage":"pt-BR","potentialAction":[{"@type":"CommentAction","name":"Comment","target":["https:\/\/blogdofarnesio.com.br\/?p=420530#respond"]}]},{"@type":"WebPage","@id":"https:\/\/blogdofarnesio.com.br\/?p=420530","url":"https:\/\/blogdofarnesio.com.br\/?p=420530","name":"Prefeito e vice de Afogados da Ingazeira s\u00e3o cassados na primeira inst\u00e2ncia por crime eleitoral. Saiba detalhes - Blog do Farn\u00e9sio","isPartOf":{"@id":"https:\/\/blogdofarnesio.com.br\/#website"},"primaryImageOfPage":{"@id":"https:\/\/blogdofarnesio.com.br\/?p=420530#primaryimage"},"image":{"@id":"https:\/\/blogdofarnesio.com.br\/?p=420530#primaryimage"},"thumbnailUrl":"https:\/\/blogdofarnesio.com.br\/wp-content\/uploads\/2026\/04\/blogqspAf-Ingazeira-prefeito-Sandrinho-Palmeira-e-vice-Daniel-Valadares.jpg","datePublished":"2026-04-28T13:03:32+00:00","breadcrumb":{"@id":"https:\/\/blogdofarnesio.com.br\/?p=420530#breadcrumb"},"inLanguage":"pt-BR","potentialAction":[{"@type":"ReadAction","target":["https:\/\/blogdofarnesio.com.br\/?p=420530"]}]},{"@type":"ImageObject","inLanguage":"pt-BR","@id":"https:\/\/blogdofarnesio.com.br\/?p=420530#primaryimage","url":"https:\/\/blogdofarnesio.com.br\/wp-content\/uploads\/2026\/04\/blogqspAf-Ingazeira-prefeito-Sandrinho-Palmeira-e-vice-Daniel-Valadares.jpg","contentUrl":"https:\/\/blogdofarnesio.com.br\/wp-content\/uploads\/2026\/04\/blogqspAf-Ingazeira-prefeito-Sandrinho-Palmeira-e-vice-Daniel-Valadares.jpg","width":497,"height":331},{"@type":"BreadcrumbList","@id":"https:\/\/blogdofarnesio.com.br\/?p=420530#breadcrumb","itemListElement":[{"@type":"ListItem","position":1,"name":"In\u00edcio","item":"https:\/\/blogdofarnesio.com.br\/"},{"@type":"ListItem","position":2,"name":"Prefeito e vice de Afogados da Ingazeira s\u00e3o cassados na primeira inst\u00e2ncia por crime eleitoral. Saiba detalhes"}]},{"@type":"WebSite","@id":"https:\/\/blogdofarnesio.com.br\/#website","url":"https:\/\/blogdofarnesio.com.br\/","name":"Blog do Farn\u00e9sio","description":"Quer Saber Pol\u00edtica?","publisher":{"@id":"https:\/\/blogdofarnesio.com.br\/#organization"},"potentialAction":[{"@type":"SearchAction","target":{"@type":"EntryPoint","urlTemplate":"https:\/\/blogdofarnesio.com.br\/?s={search_term_string}"},"query-input":{"@type":"PropertyValueSpecification","valueRequired":true,"valueName":"search_term_string"}}],"inLanguage":"pt-BR"},{"@type":"Organization","@id":"https:\/\/blogdofarnesio.com.br\/#organization","name":"Blog do Farn\u00e9sio","url":"https:\/\/blogdofarnesio.com.br\/","logo":{"@type":"ImageObject","inLanguage":"pt-BR","@id":"https:\/\/blogdofarnesio.com.br\/#\/schema\/logo\/image\/","url":"https:\/\/blogdofarnesio.com.br\/wp-content\/uploads\/2026\/03\/cropped-logo_new-1.png","contentUrl":"https:\/\/blogdofarnesio.com.br\/wp-content\/uploads\/2026\/03\/cropped-logo_new-1.png","width":881,"height":685,"caption":"Blog do Farn\u00e9sio"},"image":{"@id":"https:\/\/blogdofarnesio.com.br\/#\/schema\/logo\/image\/"},"sameAs":["https:\/\/www.facebook.com\/BlogQuerSaberPolitica\/"]},{"@type":"Person","@id":"https:\/\/blogdofarnesio.com.br\/#\/schema\/person\/bb9b23ae3ad0609ce8df7b6c9e76824d","name":"Farn\u00e9sio","image":{"@type":"ImageObject","inLanguage":"pt-BR","@id":"https:\/\/secure.gravatar.com\/avatar\/986aa4c61ccdb66f8555bf88fc2a65609d00bcabd4d2d94377a727547345cbca?s=96&d=mm&r=g","url":"https:\/\/secure.gravatar.com\/avatar\/986aa4c61ccdb66f8555bf88fc2a65609d00bcabd4d2d94377a727547345cbca?s=96&d=mm&r=g","contentUrl":"https:\/\/secure.gravatar.com\/avatar\/986aa4c61ccdb66f8555bf88fc2a65609d00bcabd4d2d94377a727547345cbca?s=96&d=mm&r=g","caption":"Farn\u00e9sio"},"description":"Radialista blogueiro, chegou a Petrolina\/Juazeiro em setembro de 1980, Farn\u00e9sio Silva \u00e9 de Arapiraca-Alagoas.","sameAs":["http:\/\/blogdofarnesio.com.br","https:\/\/www.facebook.com\/?ref=tn_tnmn","https:\/\/www.instagram.com\/?utm_source=pwa_homescreen","https:\/\/youtube.com.br\/"],"url":"https:\/\/blogdofarnesio.com.br\/?author=2"}]}},"_links":{"self":[{"href":"https:\/\/blogdofarnesio.com.br\/index.php?rest_route=\/wp\/v2\/posts\/420530","targetHints":{"allow":["GET"]}}],"collection":[{"href":"https:\/\/blogdofarnesio.com.br\/index.php?rest_route=\/wp\/v2\/posts"}],"about":[{"href":"https:\/\/blogdofarnesio.com.br\/index.php?rest_route=\/wp\/v2\/types\/post"}],"author":[{"embeddable":true,"href":"https:\/\/blogdofarnesio.com.br\/index.php?rest_route=\/wp\/v2\/users\/2"}],"replies":[{"embeddable":true,"href":"https:\/\/blogdofarnesio.com.br\/index.php?rest_route=%2Fwp%2Fv2%2Fcomments&post=420530"}],"version-history":[{"count":1,"href":"https:\/\/blogdofarnesio.com.br\/index.php?rest_route=\/wp\/v2\/posts\/420530\/revisions"}],"predecessor-version":[{"id":420532,"href":"https:\/\/blogdofarnesio.com.br\/index.php?rest_route=\/wp\/v2\/posts\/420530\/revisions\/420532"}],"wp:featuredmedia":[{"embeddable":true,"href":"https:\/\/blogdofarnesio.com.br\/index.php?rest_route=\/wp\/v2\/media\/420531"}],"wp:attachment":[{"href":"https:\/\/blogdofarnesio.com.br\/index.php?rest_route=%2Fwp%2Fv2%2Fmedia&parent=420530"}],"wp:term":[{"taxonomy":"category","embeddable":true,"href":"https:\/\/blogdofarnesio.com.br\/index.php?rest_route=%2Fwp%2Fv2%2Fcategories&post=420530"},{"taxonomy":"post_tag","embeddable":true,"href":"https:\/\/blogdofarnesio.com.br\/index.php?rest_route=%2Fwp%2Fv2%2Ftags&post=420530"}],"curies":[{"name":"wp","href":"https:\/\/api.w.org\/{rel}","templated":true}]}}