{"id":420527,"date":"2026-04-28T07:42:54","date_gmt":"2026-04-28T10:42:54","guid":{"rendered":"https:\/\/blogdofarnesio.com.br\/?p=420527"},"modified":"2026-04-28T07:56:52","modified_gmt":"2026-04-28T10:56:52","slug":"prefeito-de-juazeiro-reforca-compromisso-de-juazeiro-com-politicas-integradas-de-seguranca-publica-em-agenda-com-mpba","status":"publish","type":"post","link":"https:\/\/blogdofarnesio.com.br\/?p=420527","title":{"rendered":"Prefeito refor\u00e7a compromisso de Juazeiro com pol\u00edticas integradas de seguran\u00e7a p\u00fablica em agenda com MPBA"},"content":{"rendered":"<p style=\"font-weight: 400;\">O prefeito de Juazeiro, Andrei Gon\u00e7alves, participar\u00e1, nesta ter\u00e7a-feira (28), do 1\u00ba Encontro Estadual do Projeto Munic\u00edpio Seguro, promovido pelo Minist\u00e9rio P\u00fablico do Estado da Bahia (MPBA), em Salvador. O evento reunir\u00e1 gestores de diversos munic\u00edpios baianos para debater e fortalecer a implementa\u00e7\u00e3o de pol\u00edticas de seguran\u00e7a p\u00fablica com foco em preven\u00e7\u00e3o, integra\u00e7\u00e3o institucional e prote\u00e7\u00e3o da popula\u00e7\u00e3o.<\/p>\n<p style=\"font-weight: 400;\">Durante o encontro, o MPBA far\u00e1 a entrega do selo\u00a0<strong>\u201cCompromisso por um Munic\u00edpio Seguro\u201d<\/strong>\u00a0a gestores que j\u00e1 aderiram \u00e0 iniciativa, reconhecendo a disposi\u00e7\u00e3o das administra\u00e7\u00f5es municipais em consolidar pol\u00edticas mais eficientes na \u00e1rea. A participa\u00e7\u00e3o de Juazeiro reafirma o alinhamento da gest\u00e3o do prefeito Andrei com uma agenda moderna de seguran\u00e7a, que envolve n\u00e3o apenas a\u00e7\u00f5es repressivas, mas tamb\u00e9m preven\u00e7\u00e3o, inclus\u00e3o social e melhoria dos espa\u00e7os urbanos.<\/p>\n<p style=\"font-weight: 400;\">O evento ser\u00e1 aberto pelo procurador-geral de Justi\u00e7a, Pedro Maia, e contar\u00e1 ainda com a presen\u00e7a do secret\u00e1rio de Seguran\u00e7a P\u00fablica da Bahia, Marcelo Werner; do secret\u00e1rio de Justi\u00e7a e Direitos Humanos, Felipe Freitas; do presidente da Uni\u00e3o dos Prefeitos da Bahia (UPB), Wilson Cardoso; e da presid\u00eancia em exerc\u00edcio da Uni\u00e3o dos Vereadores da Bahia (UVB-BA), al\u00e9m de prefeitos, vice-prefeitos, secret\u00e1rios municipais, procuradores, vereadores, t\u00e9cnicos das gest\u00f5es locais e membros do MPBA.<\/p>\n<p style=\"font-weight: 400;\">Para o prefeito Andrei Gon\u00e7alves, a participa\u00e7\u00e3o de Juazeiro no encontro e no projeto refor\u00e7a uma vis\u00e3o de seguran\u00e7a p\u00fablica que vai al\u00e9m da atua\u00e7\u00e3o policial.<\/p>\n<p style=\"font-weight: 400;\">\u201cSeguran\u00e7a p\u00fablica n\u00e3o se faz s\u00f3 com viatura na rua, se faz com pol\u00edtica p\u00fablica, planejamento e presen\u00e7a do poder p\u00fablico na vida das pessoas. Juazeiro est\u00e1 vivendo um novo tempo, com investimentos em ilumina\u00e7\u00e3o, pavimenta\u00e7\u00e3o, equipamentos p\u00fablicos, programas sociais e a\u00e7\u00f5es voltadas \u00e0 juventude. Ao integrar o \u2018Munic\u00edpio Seguro\u2019, n\u00f3s reafirmamos que seguran\u00e7a tamb\u00e9m \u00e9 educa\u00e7\u00e3o, esporte, cultura, conviv\u00eancia familiar, inclus\u00e3o produtiva e cuidado com os espa\u00e7os da cidade.<\/p>\n<p style=\"font-weight: 400;\">Juazeiro j\u00e1 deu provas concretas desse compromisso quando sediou a Confer\u00eancia Regional de Enfrentamento \u00e0 Viol\u00eancia, reunindo especialistas, gestores, sociedade civil e \u00f3rg\u00e3os de controle para discutir solu\u00e7\u00f5es integradas para a nossa regi\u00e3o. A confer\u00eancia foi um marco importante na constru\u00e7\u00e3o de uma agenda coletiva de preven\u00e7\u00e3o \u00e0 viol\u00eancia, e agora Juazeiro avan\u00e7a mais um passo ao alinhar o munic\u00edpio ao projeto \u2018Munic\u00edpio Seguro\u2019, em parceria com o Minist\u00e9rio P\u00fablico da Bahia.<\/p>\n<p style=\"font-weight: 400;\">\u201cNosso compromisso \u00e9 construir uma Juazeiro mais segura a partir de uma gest\u00e3o que protege, previne e oferece oportunidades, ouvindo a popula\u00e7\u00e3o, dialogando com as institui\u00e7\u00f5es e transformando esse debate em pol\u00edticas p\u00fablicas concretas para o dia a dia das pessoas\u201d, destacou o prefeito.<\/p>\n<p style=\"font-weight: 400;\">O encontro marcar\u00e1 ainda a apresenta\u00e7\u00e3o formal do projeto<strong>\u00a0<\/strong><strong>\u201cMunic\u00edpio Seguro\u201d<\/strong>, conduzida pelo coordenador do Centro de Apoio Operacional de Seguran\u00e7a P\u00fablica e Defesa Social (Ceosp), promotor de Justi\u00e7a Hugo Casciano de Sant\u2019Anna, e pelo coordenador do Grupo de Atua\u00e7\u00e3o Especial de Seguran\u00e7a P\u00fablica (Geosp), Igor Cl\u00f3vis Silva Miranda. O secret\u00e1rio de Seguran\u00e7a P\u00fablica, Marcelo Werner, lan\u00e7ar\u00e1 a\u00a0<strong>Escuta Social para elabora\u00e7\u00e3o do Plano Estrat\u00e9gico da Seguran\u00e7a P\u00fablica 2034<\/strong>, enquanto o diretor executivo do Instituto Cidade Segura, Alberto Kopittke, abordar\u00e1 o papel dos munic\u00edpios no Sistema \u00danico de Seguran\u00e7a P\u00fablica (Susp).<\/p>\n<p style=\"font-weight: 400;\"><strong>\u00a0<\/strong><\/p>\n<p style=\"font-weight: 400;\"><strong>Ascom Prefeito Andrei Gon\u00e7alves<\/strong><\/p>\n","protected":false},"excerpt":{"rendered":"<p>O prefeito de Juazeiro, Andrei Gon\u00e7alves, participar\u00e1, nesta ter\u00e7a-feira (28), do 1\u00ba Encontro Estadual do Projeto Munic\u00edpio Seguro, promovido pelo Minist\u00e9rio P\u00fablico do Estado da Bahia (MPBA), em Salvador. O evento reunir\u00e1 gestores de diversos munic\u00edpios baianos para debater e fortalecer a implementa\u00e7\u00e3o de pol\u00edticas de seguran\u00e7a p\u00fablica com foco em preven\u00e7\u00e3o, integra\u00e7\u00e3o institucional e prote\u00e7\u00e3o da popula\u00e7\u00e3o. Durante o encontro, o MPBA far\u00e1 a entrega do selo\u00a0\u201cCompromisso por um Munic\u00edpio Seguro\u201d\u00a0a gestores que j\u00e1 aderiram \u00e0 iniciativa, reconhecendo a disposi\u00e7\u00e3o das administra\u00e7\u00f5es municipais em consolidar pol\u00edticas mais eficientes na \u00e1rea. A participa\u00e7\u00e3o de Juazeiro reafirma o alinhamento da gest\u00e3o do prefeito Andrei com uma agenda moderna de seguran\u00e7a, que envolve n\u00e3o apenas a\u00e7\u00f5es repressivas, mas tamb\u00e9m preven\u00e7\u00e3o, inclus\u00e3o social&hellip; <\/p>\n","protected":false},"author":2,"featured_media":418236,"comment_status":"open","ping_status":"open","sticky":false,"template":"","format":"standard","meta":{"_acf_changed":false,"footnotes":""},"categories":[5],"tags":[],"class_list":["post-420527","post","type-post","status-publish","format-standard","has-post-thumbnail","hentry","category-seguranca"],"acf":[],"yoast_head":"<!-- This site is optimized with the Yoast SEO plugin v27.4 - https:\/\/yoast.com\/product\/yoast-seo-wordpress\/ -->\n<title>Prefeito refor\u00e7a compromisso de Juazeiro com pol\u00edticas integradas de seguran\u00e7a p\u00fablica em agenda com MPBA - Blog do Farn\u00e9sio<\/title>\n<meta name=\"robots\" content=\"index, follow, max-snippet:-1, max-image-preview:large, max-video-preview:-1\" \/>\n<link rel=\"canonical\" href=\"https:\/\/blogdofarnesio.com.br\/?p=420527\" \/>\n<meta property=\"og:locale\" content=\"pt_BR\" \/>\n<meta property=\"og:type\" content=\"article\" \/>\n<meta property=\"og:title\" content=\"Prefeito refor\u00e7a compromisso de Juazeiro com pol\u00edticas integradas de seguran\u00e7a p\u00fablica em agenda com MPBA - Blog do Farn\u00e9sio\" \/>\n<meta property=\"og:description\" content=\"O prefeito de Juazeiro, Andrei Gon\u00e7alves, participar\u00e1, nesta ter\u00e7a-feira (28), do 1\u00ba Encontro Estadual do Projeto Munic\u00edpio Seguro, promovido pelo Minist\u00e9rio P\u00fablico do Estado da Bahia (MPBA), em Salvador. O evento reunir\u00e1 gestores de diversos munic\u00edpios baianos para debater e fortalecer a implementa\u00e7\u00e3o de pol\u00edticas de seguran\u00e7a p\u00fablica com foco em preven\u00e7\u00e3o, integra\u00e7\u00e3o institucional e prote\u00e7\u00e3o da popula\u00e7\u00e3o. Durante o encontro, o MPBA far\u00e1 a entrega do selo\u00a0\u201cCompromisso por um Munic\u00edpio Seguro\u201d\u00a0a gestores que j\u00e1 aderiram \u00e0 iniciativa, reconhecendo a disposi\u00e7\u00e3o das administra\u00e7\u00f5es municipais em consolidar pol\u00edticas mais eficientes na \u00e1rea. A participa\u00e7\u00e3o de Juazeiro reafirma o alinhamento da gest\u00e3o do prefeito Andrei com uma agenda moderna de seguran\u00e7a, que envolve n\u00e3o apenas a\u00e7\u00f5es repressivas, mas tamb\u00e9m preven\u00e7\u00e3o, inclus\u00e3o social&hellip;\" \/>\n<meta property=\"og:url\" content=\"https:\/\/blogdofarnesio.com.br\/?p=420527\" \/>\n<meta property=\"og:site_name\" content=\"Blog do Farn\u00e9sio\" \/>\n<meta property=\"article:publisher\" content=\"https:\/\/www.facebook.com\/BlogQuerSaberPolitica\/\" \/>\n<meta property=\"article:author\" content=\"https:\/\/www.facebook.com\/?ref=tn_tnmn\" \/>\n<meta property=\"article:published_time\" content=\"2026-04-28T10:42:54+00:00\" \/>\n<meta property=\"article:modified_time\" content=\"2026-04-28T10:56:52+00:00\" \/>\n<meta property=\"og:image\" content=\"https:\/\/blogdofarnesio.com.br\/wp-content\/uploads\/2026\/03\/blogqspandrei-projua-2-e1774807557481.jpeg\" \/>\n\t<meta property=\"og:image:width\" content=\"600\" \/>\n\t<meta property=\"og:image:height\" content=\"400\" \/>\n\t<meta property=\"og:image:type\" content=\"image\/jpeg\" \/>\n<meta name=\"author\" content=\"Farn\u00e9sio\" \/>\n<meta name=\"twitter:card\" content=\"summary_large_image\" \/>\n<meta name=\"twitter:label1\" content=\"Escrito por\" \/>\n\t<meta name=\"twitter:data1\" content=\"Farn\u00e9sio\" \/>\n\t<meta name=\"twitter:label2\" content=\"Est. tempo de leitura\" \/>\n\t<meta name=\"twitter:data2\" content=\"4 minutos\" \/>\n<script type=\"application\/ld+json\" class=\"yoast-schema-graph\">{\"@context\":\"https:\\\/\\\/schema.org\",\"@graph\":[{\"@type\":\"Article\",\"@id\":\"https:\\\/\\\/blogdofarnesio.com.br\\\/?p=420527#article\",\"isPartOf\":{\"@id\":\"https:\\\/\\\/blogdofarnesio.com.br\\\/?p=420527\"},\"author\":{\"name\":\"Farn\u00e9sio\",\"@id\":\"https:\\\/\\\/blogdofarnesio.com.br\\\/#\\\/schema\\\/person\\\/bb9b23ae3ad0609ce8df7b6c9e76824d\"},\"headline\":\"Prefeito refor\u00e7a compromisso de Juazeiro com pol\u00edticas integradas de seguran\u00e7a p\u00fablica em agenda com MPBA\",\"datePublished\":\"2026-04-28T10:42:54+00:00\",\"dateModified\":\"2026-04-28T10:56:52+00:00\",\"mainEntityOfPage\":{\"@id\":\"https:\\\/\\\/blogdofarnesio.com.br\\\/?p=420527\"},\"wordCount\":627,\"commentCount\":0,\"publisher\":{\"@id\":\"https:\\\/\\\/blogdofarnesio.com.br\\\/#organization\"},\"image\":{\"@id\":\"https:\\\/\\\/blogdofarnesio.com.br\\\/?p=420527#primaryimage\"},\"thumbnailUrl\":\"https:\\\/\\\/blogdofarnesio.com.br\\\/wp-content\\\/uploads\\\/2026\\\/03\\\/blogqspandrei-projua-2-e1774807557481.jpeg\",\"articleSection\":[\"Seguran\u00e7a\"],\"inLanguage\":\"pt-BR\",\"potentialAction\":[{\"@type\":\"CommentAction\",\"name\":\"Comment\",\"target\":[\"https:\\\/\\\/blogdofarnesio.com.br\\\/?p=420527#respond\"]}]},{\"@type\":\"WebPage\",\"@id\":\"https:\\\/\\\/blogdofarnesio.com.br\\\/?p=420527\",\"url\":\"https:\\\/\\\/blogdofarnesio.com.br\\\/?p=420527\",\"name\":\"Prefeito refor\u00e7a compromisso de Juazeiro com pol\u00edticas integradas de seguran\u00e7a p\u00fablica em agenda com MPBA - Blog do Farn\u00e9sio\",\"isPartOf\":{\"@id\":\"https:\\\/\\\/blogdofarnesio.com.br\\\/#website\"},\"primaryImageOfPage\":{\"@id\":\"https:\\\/\\\/blogdofarnesio.com.br\\\/?p=420527#primaryimage\"},\"image\":{\"@id\":\"https:\\\/\\\/blogdofarnesio.com.br\\\/?p=420527#primaryimage\"},\"thumbnailUrl\":\"https:\\\/\\\/blogdofarnesio.com.br\\\/wp-content\\\/uploads\\\/2026\\\/03\\\/blogqspandrei-projua-2-e1774807557481.jpeg\",\"datePublished\":\"2026-04-28T10:42:54+00:00\",\"dateModified\":\"2026-04-28T10:56:52+00:00\",\"breadcrumb\":{\"@id\":\"https:\\\/\\\/blogdofarnesio.com.br\\\/?p=420527#breadcrumb\"},\"inLanguage\":\"pt-BR\",\"potentialAction\":[{\"@type\":\"ReadAction\",\"target\":[\"https:\\\/\\\/blogdofarnesio.com.br\\\/?p=420527\"]}]},{\"@type\":\"ImageObject\",\"inLanguage\":\"pt-BR\",\"@id\":\"https:\\\/\\\/blogdofarnesio.com.br\\\/?p=420527#primaryimage\",\"url\":\"https:\\\/\\\/blogdofarnesio.com.br\\\/wp-content\\\/uploads\\\/2026\\\/03\\\/blogqspandrei-projua-2-e1774807557481.jpeg\",\"contentUrl\":\"https:\\\/\\\/blogdofarnesio.com.br\\\/wp-content\\\/uploads\\\/2026\\\/03\\\/blogqspandrei-projua-2-e1774807557481.jpeg\",\"width\":600,\"height\":400},{\"@type\":\"BreadcrumbList\",\"@id\":\"https:\\\/\\\/blogdofarnesio.com.br\\\/?p=420527#breadcrumb\",\"itemListElement\":[{\"@type\":\"ListItem\",\"position\":1,\"name\":\"In\u00edcio\",\"item\":\"https:\\\/\\\/blogdofarnesio.com.br\\\/\"},{\"@type\":\"ListItem\",\"position\":2,\"name\":\"Prefeito refor\u00e7a compromisso de Juazeiro com pol\u00edticas integradas de seguran\u00e7a p\u00fablica em agenda com MPBA\"}]},{\"@type\":\"WebSite\",\"@id\":\"https:\\\/\\\/blogdofarnesio.com.br\\\/#website\",\"url\":\"https:\\\/\\\/blogdofarnesio.com.br\\\/\",\"name\":\"Blog do Farn\u00e9sio\",\"description\":\"Quer Saber Pol\u00edtica?\",\"publisher\":{\"@id\":\"https:\\\/\\\/blogdofarnesio.com.br\\\/#organization\"},\"potentialAction\":[{\"@type\":\"SearchAction\",\"target\":{\"@type\":\"EntryPoint\",\"urlTemplate\":\"https:\\\/\\\/blogdofarnesio.com.br\\\/?s={search_term_string}\"},\"query-input\":{\"@type\":\"PropertyValueSpecification\",\"valueRequired\":true,\"valueName\":\"search_term_string\"}}],\"inLanguage\":\"pt-BR\"},{\"@type\":\"Organization\",\"@id\":\"https:\\\/\\\/blogdofarnesio.com.br\\\/#organization\",\"name\":\"Blog do Farn\u00e9sio\",\"url\":\"https:\\\/\\\/blogdofarnesio.com.br\\\/\",\"logo\":{\"@type\":\"ImageObject\",\"inLanguage\":\"pt-BR\",\"@id\":\"https:\\\/\\\/blogdofarnesio.com.br\\\/#\\\/schema\\\/logo\\\/image\\\/\",\"url\":\"https:\\\/\\\/blogdofarnesio.com.br\\\/wp-content\\\/uploads\\\/2026\\\/03\\\/cropped-logo_new-1.png\",\"contentUrl\":\"https:\\\/\\\/blogdofarnesio.com.br\\\/wp-content\\\/uploads\\\/2026\\\/03\\\/cropped-logo_new-1.png\",\"width\":881,\"height\":685,\"caption\":\"Blog do Farn\u00e9sio\"},\"image\":{\"@id\":\"https:\\\/\\\/blogdofarnesio.com.br\\\/#\\\/schema\\\/logo\\\/image\\\/\"},\"sameAs\":[\"https:\\\/\\\/www.facebook.com\\\/BlogQuerSaberPolitica\\\/\"]},{\"@type\":\"Person\",\"@id\":\"https:\\\/\\\/blogdofarnesio.com.br\\\/#\\\/schema\\\/person\\\/bb9b23ae3ad0609ce8df7b6c9e76824d\",\"name\":\"Farn\u00e9sio\",\"image\":{\"@type\":\"ImageObject\",\"inLanguage\":\"pt-BR\",\"@id\":\"https:\\\/\\\/secure.gravatar.com\\\/avatar\\\/986aa4c61ccdb66f8555bf88fc2a65609d00bcabd4d2d94377a727547345cbca?s=96&d=mm&r=g\",\"url\":\"https:\\\/\\\/secure.gravatar.com\\\/avatar\\\/986aa4c61ccdb66f8555bf88fc2a65609d00bcabd4d2d94377a727547345cbca?s=96&d=mm&r=g\",\"contentUrl\":\"https:\\\/\\\/secure.gravatar.com\\\/avatar\\\/986aa4c61ccdb66f8555bf88fc2a65609d00bcabd4d2d94377a727547345cbca?s=96&d=mm&r=g\",\"caption\":\"Farn\u00e9sio\"},\"description\":\"Radialista blogueiro, chegou a Petrolina\\\/Juazeiro em setembro de 1980, Farn\u00e9sio Silva \u00e9 de Arapiraca-Alagoas.\",\"sameAs\":[\"http:\\\/\\\/blogdofarnesio.com.br\",\"https:\\\/\\\/www.facebook.com\\\/?ref=tn_tnmn\",\"https:\\\/\\\/www.instagram.com\\\/?utm_source=pwa_homescreen\",\"https:\\\/\\\/youtube.com.br\\\/\"],\"url\":\"https:\\\/\\\/blogdofarnesio.com.br\\\/?author=2\"}]}<\/script>\n<!-- \/ Yoast SEO plugin. -->","yoast_head_json":{"title":"Prefeito refor\u00e7a compromisso de Juazeiro com pol\u00edticas integradas de seguran\u00e7a p\u00fablica em agenda com MPBA - Blog do Farn\u00e9sio","robots":{"index":"index","follow":"follow","max-snippet":"max-snippet:-1","max-image-preview":"max-image-preview:large","max-video-preview":"max-video-preview:-1"},"canonical":"https:\/\/blogdofarnesio.com.br\/?p=420527","og_locale":"pt_BR","og_type":"article","og_title":"Prefeito refor\u00e7a compromisso de Juazeiro com pol\u00edticas integradas de seguran\u00e7a p\u00fablica em agenda com MPBA - Blog do Farn\u00e9sio","og_description":"O prefeito de Juazeiro, Andrei Gon\u00e7alves, participar\u00e1, nesta ter\u00e7a-feira (28), do 1\u00ba Encontro Estadual do Projeto Munic\u00edpio Seguro, promovido pelo Minist\u00e9rio P\u00fablico do Estado da Bahia (MPBA), em Salvador. O evento reunir\u00e1 gestores de diversos munic\u00edpios baianos para debater e fortalecer a implementa\u00e7\u00e3o de pol\u00edticas de seguran\u00e7a p\u00fablica com foco em preven\u00e7\u00e3o, integra\u00e7\u00e3o institucional e prote\u00e7\u00e3o da popula\u00e7\u00e3o. Durante o encontro, o MPBA far\u00e1 a entrega do selo\u00a0\u201cCompromisso por um Munic\u00edpio Seguro\u201d\u00a0a gestores que j\u00e1 aderiram \u00e0 iniciativa, reconhecendo a disposi\u00e7\u00e3o das administra\u00e7\u00f5es municipais em consolidar pol\u00edticas mais eficientes na \u00e1rea. A participa\u00e7\u00e3o de Juazeiro reafirma o alinhamento da gest\u00e3o do prefeito Andrei com uma agenda moderna de seguran\u00e7a, que envolve n\u00e3o apenas a\u00e7\u00f5es repressivas, mas tamb\u00e9m preven\u00e7\u00e3o, inclus\u00e3o social&hellip;","og_url":"https:\/\/blogdofarnesio.com.br\/?p=420527","og_site_name":"Blog do Farn\u00e9sio","article_publisher":"https:\/\/www.facebook.com\/BlogQuerSaberPolitica\/","article_author":"https:\/\/www.facebook.com\/?ref=tn_tnmn","article_published_time":"2026-04-28T10:42:54+00:00","article_modified_time":"2026-04-28T10:56:52+00:00","og_image":[{"width":600,"height":400,"url":"https:\/\/blogdofarnesio.com.br\/wp-content\/uploads\/2026\/03\/blogqspandrei-projua-2-e1774807557481.jpeg","type":"image\/jpeg"}],"author":"Farn\u00e9sio","twitter_card":"summary_large_image","twitter_misc":{"Escrito por":"Farn\u00e9sio","Est. tempo de leitura":"4 minutos"},"schema":{"@context":"https:\/\/schema.org","@graph":[{"@type":"Article","@id":"https:\/\/blogdofarnesio.com.br\/?p=420527#article","isPartOf":{"@id":"https:\/\/blogdofarnesio.com.br\/?p=420527"},"author":{"name":"Farn\u00e9sio","@id":"https:\/\/blogdofarnesio.com.br\/#\/schema\/person\/bb9b23ae3ad0609ce8df7b6c9e76824d"},"headline":"Prefeito refor\u00e7a compromisso de Juazeiro com pol\u00edticas integradas de seguran\u00e7a p\u00fablica em agenda com MPBA","datePublished":"2026-04-28T10:42:54+00:00","dateModified":"2026-04-28T10:56:52+00:00","mainEntityOfPage":{"@id":"https:\/\/blogdofarnesio.com.br\/?p=420527"},"wordCount":627,"commentCount":0,"publisher":{"@id":"https:\/\/blogdofarnesio.com.br\/#organization"},"image":{"@id":"https:\/\/blogdofarnesio.com.br\/?p=420527#primaryimage"},"thumbnailUrl":"https:\/\/blogdofarnesio.com.br\/wp-content\/uploads\/2026\/03\/blogqspandrei-projua-2-e1774807557481.jpeg","articleSection":["Seguran\u00e7a"],"inLanguage":"pt-BR","potentialAction":[{"@type":"CommentAction","name":"Comment","target":["https:\/\/blogdofarnesio.com.br\/?p=420527#respond"]}]},{"@type":"WebPage","@id":"https:\/\/blogdofarnesio.com.br\/?p=420527","url":"https:\/\/blogdofarnesio.com.br\/?p=420527","name":"Prefeito refor\u00e7a compromisso de Juazeiro com pol\u00edticas integradas de seguran\u00e7a p\u00fablica em agenda com MPBA - Blog do Farn\u00e9sio","isPartOf":{"@id":"https:\/\/blogdofarnesio.com.br\/#website"},"primaryImageOfPage":{"@id":"https:\/\/blogdofarnesio.com.br\/?p=420527#primaryimage"},"image":{"@id":"https:\/\/blogdofarnesio.com.br\/?p=420527#primaryimage"},"thumbnailUrl":"https:\/\/blogdofarnesio.com.br\/wp-content\/uploads\/2026\/03\/blogqspandrei-projua-2-e1774807557481.jpeg","datePublished":"2026-04-28T10:42:54+00:00","dateModified":"2026-04-28T10:56:52+00:00","breadcrumb":{"@id":"https:\/\/blogdofarnesio.com.br\/?p=420527#breadcrumb"},"inLanguage":"pt-BR","potentialAction":[{"@type":"ReadAction","target":["https:\/\/blogdofarnesio.com.br\/?p=420527"]}]},{"@type":"ImageObject","inLanguage":"pt-BR","@id":"https:\/\/blogdofarnesio.com.br\/?p=420527#primaryimage","url":"https:\/\/blogdofarnesio.com.br\/wp-content\/uploads\/2026\/03\/blogqspandrei-projua-2-e1774807557481.jpeg","contentUrl":"https:\/\/blogdofarnesio.com.br\/wp-content\/uploads\/2026\/03\/blogqspandrei-projua-2-e1774807557481.jpeg","width":600,"height":400},{"@type":"BreadcrumbList","@id":"https:\/\/blogdofarnesio.com.br\/?p=420527#breadcrumb","itemListElement":[{"@type":"ListItem","position":1,"name":"In\u00edcio","item":"https:\/\/blogdofarnesio.com.br\/"},{"@type":"ListItem","position":2,"name":"Prefeito refor\u00e7a compromisso de Juazeiro com pol\u00edticas integradas de seguran\u00e7a p\u00fablica em agenda com MPBA"}]},{"@type":"WebSite","@id":"https:\/\/blogdofarnesio.com.br\/#website","url":"https:\/\/blogdofarnesio.com.br\/","name":"Blog do Farn\u00e9sio","description":"Quer Saber Pol\u00edtica?","publisher":{"@id":"https:\/\/blogdofarnesio.com.br\/#organization"},"potentialAction":[{"@type":"SearchAction","target":{"@type":"EntryPoint","urlTemplate":"https:\/\/blogdofarnesio.com.br\/?s={search_term_string}"},"query-input":{"@type":"PropertyValueSpecification","valueRequired":true,"valueName":"search_term_string"}}],"inLanguage":"pt-BR"},{"@type":"Organization","@id":"https:\/\/blogdofarnesio.com.br\/#organization","name":"Blog do Farn\u00e9sio","url":"https:\/\/blogdofarnesio.com.br\/","logo":{"@type":"ImageObject","inLanguage":"pt-BR","@id":"https:\/\/blogdofarnesio.com.br\/#\/schema\/logo\/image\/","url":"https:\/\/blogdofarnesio.com.br\/wp-content\/uploads\/2026\/03\/cropped-logo_new-1.png","contentUrl":"https:\/\/blogdofarnesio.com.br\/wp-content\/uploads\/2026\/03\/cropped-logo_new-1.png","width":881,"height":685,"caption":"Blog do Farn\u00e9sio"},"image":{"@id":"https:\/\/blogdofarnesio.com.br\/#\/schema\/logo\/image\/"},"sameAs":["https:\/\/www.facebook.com\/BlogQuerSaberPolitica\/"]},{"@type":"Person","@id":"https:\/\/blogdofarnesio.com.br\/#\/schema\/person\/bb9b23ae3ad0609ce8df7b6c9e76824d","name":"Farn\u00e9sio","image":{"@type":"ImageObject","inLanguage":"pt-BR","@id":"https:\/\/secure.gravatar.com\/avatar\/986aa4c61ccdb66f8555bf88fc2a65609d00bcabd4d2d94377a727547345cbca?s=96&d=mm&r=g","url":"https:\/\/secure.gravatar.com\/avatar\/986aa4c61ccdb66f8555bf88fc2a65609d00bcabd4d2d94377a727547345cbca?s=96&d=mm&r=g","contentUrl":"https:\/\/secure.gravatar.com\/avatar\/986aa4c61ccdb66f8555bf88fc2a65609d00bcabd4d2d94377a727547345cbca?s=96&d=mm&r=g","caption":"Farn\u00e9sio"},"description":"Radialista blogueiro, chegou a Petrolina\/Juazeiro em setembro de 1980, Farn\u00e9sio Silva \u00e9 de Arapiraca-Alagoas.","sameAs":["http:\/\/blogdofarnesio.com.br","https:\/\/www.facebook.com\/?ref=tn_tnmn","https:\/\/www.instagram.com\/?utm_source=pwa_homescreen","https:\/\/youtube.com.br\/"],"url":"https:\/\/blogdofarnesio.com.br\/?author=2"}]}},"_links":{"self":[{"href":"https:\/\/blogdofarnesio.com.br\/index.php?rest_route=\/wp\/v2\/posts\/420527","targetHints":{"allow":["GET"]}}],"collection":[{"href":"https:\/\/blogdofarnesio.com.br\/index.php?rest_route=\/wp\/v2\/posts"}],"about":[{"href":"https:\/\/blogdofarnesio.com.br\/index.php?rest_route=\/wp\/v2\/types\/post"}],"author":[{"embeddable":true,"href":"https:\/\/blogdofarnesio.com.br\/index.php?rest_route=\/wp\/v2\/users\/2"}],"replies":[{"embeddable":true,"href":"https:\/\/blogdofarnesio.com.br\/index.php?rest_route=%2Fwp%2Fv2%2Fcomments&post=420527"}],"version-history":[{"count":2,"href":"https:\/\/blogdofarnesio.com.br\/index.php?rest_route=\/wp\/v2\/posts\/420527\/revisions"}],"predecessor-version":[{"id":420555,"href":"https:\/\/blogdofarnesio.com.br\/index.php?rest_route=\/wp\/v2\/posts\/420527\/revisions\/420555"}],"wp:featuredmedia":[{"embeddable":true,"href":"https:\/\/blogdofarnesio.com.br\/index.php?rest_route=\/wp\/v2\/media\/418236"}],"wp:attachment":[{"href":"https:\/\/blogdofarnesio.com.br\/index.php?rest_route=%2Fwp%2Fv2%2Fmedia&parent=420527"}],"wp:term":[{"taxonomy":"category","embeddable":true,"href":"https:\/\/blogdofarnesio.com.br\/index.php?rest_route=%2Fwp%2Fv2%2Fcategories&post=420527"},{"taxonomy":"post_tag","embeddable":true,"href":"https:\/\/blogdofarnesio.com.br\/index.php?rest_route=%2Fwp%2Fv2%2Ftags&post=420527"}],"curies":[{"name":"wp","href":"https:\/\/api.w.org\/{rel}","templated":true}]}}