{"id":420514,"date":"2026-04-27T15:55:13","date_gmt":"2026-04-27T18:55:13","guid":{"rendered":"https:\/\/blogdofarnesio.com.br\/?p=420514"},"modified":"2026-04-27T15:45:49","modified_gmt":"2026-04-27T18:45:49","slug":"guarda-civil-municipal-celebra-32-anos-de-historia-e-fortalecimento-da-seguranca-publica-de-petrolina","status":"publish","type":"post","link":"https:\/\/blogdofarnesio.com.br\/?p=420514","title":{"rendered":"Guarda Civil Municipal celebra 32 anos de hist\u00f3ria e fortalecimento da seguran\u00e7a p\u00fablica de Petrolina"},"content":{"rendered":"<p>A Guarda Civil Municipal de Petrolina (GCM) celebra 32 anos de trabalho prestado \u00e0 popula\u00e7\u00e3o, consolidando-se como uma importante for\u00e7a de seguran\u00e7a p\u00fablica da terceira maior cidade de Pernambuco. Em 27 de abril de 1994 foi criada oficialmente, por meio da Lei n\u00ba 502, a \u201cFor\u00e7a Azul\u201d, como \u00e9 popularmente conhecida a Guarda Municipal. Ao longo dessas mais de tr\u00eas d\u00e9cadas, a corpora\u00e7\u00e3o vem se destacando pelo compromisso em garantir a prote\u00e7\u00e3o dos petrolinenses e visitantes, bem como a preserva\u00e7\u00e3o do patrim\u00f4nio p\u00fablico.<\/p>\n<p>No decorrer de sua hist\u00f3ria, a For\u00e7a Azul se fortaleceu por meio da realiza\u00e7\u00e3o de concursos p\u00fablicos, da oferta de forma\u00e7\u00f5es cont\u00ednuas e da aquisi\u00e7\u00e3o de equipamentos de prote\u00e7\u00e3o individual, fardamentos, coletes bal\u00edsticos e armamentos. A aquisi\u00e7\u00e3o de novas viaturas tamb\u00e9m possibilitou a amplia\u00e7\u00e3o da seguran\u00e7a na rotina de trabalho, al\u00e9m da implanta\u00e7\u00e3o do Centro Municipal de Ensino e Pesquisa em Seguran\u00e7a P\u00fablica e da cria\u00e7\u00e3o da Secretaria Municipal de Seguran\u00e7a P\u00fablica.<\/p>\n<p>A atua\u00e7\u00e3o cont\u00ednua da Guarda Civil Municipal tem o objetivo de reduzir pr\u00e1ticas il\u00edcitas, ampliar a vigil\u00e2ncia urbana e garantir respostas mais r\u00e1pidas \u00e0s ocorr\u00eancias. Entre suas fun\u00e7\u00f5es essenciais est\u00e3o a prote\u00e7\u00e3o dos bens, servi\u00e7os e instala\u00e7\u00f5es p\u00fablicas, a atua\u00e7\u00e3o preventiva junto \u00e0 comunidade, o apoio \u00e0s a\u00e7\u00f5es de fiscaliza\u00e7\u00e3o e a colabora\u00e7\u00e3o integrada com os demais \u00f3rg\u00e3os de seguran\u00e7a p\u00fablica. A legisla\u00e7\u00e3o tamb\u00e9m assegura \u00e0 Guarda um papel ativo na preserva\u00e7\u00e3o da vida, na redu\u00e7\u00e3o da viol\u00eancia e na promo\u00e7\u00e3o da sensa\u00e7\u00e3o de seguran\u00e7a.<\/p>\n<p>Diante da trajet\u00f3ria de servi\u00e7o prestado ao munic\u00edpio, a gest\u00e3o, atrav\u00e9s da Secretaria de Seguran\u00e7a P\u00fablica (Semusp), reconhece o papel fundamental da Guarda Civil Municipal no dia a dia da popula\u00e7\u00e3o e no desenvolvimento do munic\u00edpio. A dedica\u00e7\u00e3o incans\u00e1vel e o profissionalismo demonstrado diuturnamente para fazer de Petrolina uma cidade mais segura e melhor de se viver.<\/p>\n<p>Canais oficiais \u2013 A sede da Guarda fica localizada no Parque Josepha Coelho, na Avenida Senador Darc\u00ed Ribeiro, bairro Maria Auxiliadora. A popula\u00e7\u00e3o pode acionar a Guarda pelo n\u00famero 153 ou pelo WhatsApp (87) 3983-7150, todos os dias, 24 horas.<\/p>\n<p>&#8212;&#8212;<\/p>\n<p>Texto: Adailma Gomes &#8211; Assessora de Comunica\u00e7\u00e3o<\/p>\n","protected":false},"excerpt":{"rendered":"<p>A Guarda Civil Municipal de Petrolina (GCM) celebra 32 anos de trabalho prestado \u00e0 popula\u00e7\u00e3o, consolidando-se como uma importante for\u00e7a de seguran\u00e7a p\u00fablica da terceira maior cidade de Pernambuco. Em 27 de abril de 1994 foi criada oficialmente, por meio da Lei n\u00ba 502, a \u201cFor\u00e7a Azul\u201d, como \u00e9 popularmente conhecida a Guarda Municipal. Ao longo dessas mais de tr\u00eas d\u00e9cadas, a corpora\u00e7\u00e3o vem se destacando pelo compromisso em garantir a prote\u00e7\u00e3o dos petrolinenses e visitantes, bem como a preserva\u00e7\u00e3o do patrim\u00f4nio p\u00fablico. No decorrer de sua hist\u00f3ria, a For\u00e7a Azul se fortaleceu por meio da realiza\u00e7\u00e3o de concursos p\u00fablicos, da oferta de forma\u00e7\u00f5es cont\u00ednuas e da aquisi\u00e7\u00e3o de equipamentos de prote\u00e7\u00e3o individual, fardamentos, coletes bal\u00edsticos e armamentos. A aquisi\u00e7\u00e3o&hellip; <\/p>\n","protected":false},"author":2,"featured_media":360863,"comment_status":"open","ping_status":"open","sticky":false,"template":"","format":"standard","meta":{"_acf_changed":false,"footnotes":""},"categories":[12],"tags":[],"class_list":["post-420514","post","type-post","status-publish","format-standard","has-post-thumbnail","hentry","category-confraternizacoes"],"acf":[],"yoast_head":"<!-- This site is optimized with the Yoast SEO plugin v27.4 - https:\/\/yoast.com\/product\/yoast-seo-wordpress\/ -->\n<title>Guarda Civil Municipal celebra 32 anos de hist\u00f3ria e fortalecimento da seguran\u00e7a p\u00fablica de Petrolina - Blog do Farn\u00e9sio<\/title>\n<meta name=\"robots\" content=\"index, follow, max-snippet:-1, max-image-preview:large, max-video-preview:-1\" \/>\n<link rel=\"canonical\" href=\"https:\/\/blogdofarnesio.com.br\/?p=420514\" \/>\n<meta property=\"og:locale\" content=\"pt_BR\" \/>\n<meta property=\"og:type\" content=\"article\" \/>\n<meta property=\"og:title\" content=\"Guarda Civil Municipal celebra 32 anos de hist\u00f3ria e fortalecimento da seguran\u00e7a p\u00fablica de Petrolina - Blog do Farn\u00e9sio\" \/>\n<meta property=\"og:description\" content=\"A Guarda Civil Municipal de Petrolina (GCM) celebra 32 anos de trabalho prestado \u00e0 popula\u00e7\u00e3o, consolidando-se como uma importante for\u00e7a de seguran\u00e7a p\u00fablica da terceira maior cidade de Pernambuco. Em 27 de abril de 1994 foi criada oficialmente, por meio da Lei n\u00ba 502, a \u201cFor\u00e7a Azul\u201d, como \u00e9 popularmente conhecida a Guarda Municipal. Ao longo dessas mais de tr\u00eas d\u00e9cadas, a corpora\u00e7\u00e3o vem se destacando pelo compromisso em garantir a prote\u00e7\u00e3o dos petrolinenses e visitantes, bem como a preserva\u00e7\u00e3o do patrim\u00f4nio p\u00fablico. No decorrer de sua hist\u00f3ria, a For\u00e7a Azul se fortaleceu por meio da realiza\u00e7\u00e3o de concursos p\u00fablicos, da oferta de forma\u00e7\u00f5es cont\u00ednuas e da aquisi\u00e7\u00e3o de equipamentos de prote\u00e7\u00e3o individual, fardamentos, coletes bal\u00edsticos e armamentos. A aquisi\u00e7\u00e3o&hellip;\" \/>\n<meta property=\"og:url\" content=\"https:\/\/blogdofarnesio.com.br\/?p=420514\" \/>\n<meta property=\"og:site_name\" content=\"Blog do Farn\u00e9sio\" \/>\n<meta property=\"article:publisher\" content=\"https:\/\/www.facebook.com\/BlogQuerSaberPolitica\/\" \/>\n<meta property=\"article:author\" content=\"https:\/\/www.facebook.com\/?ref=tn_tnmn\" \/>\n<meta property=\"article:published_time\" content=\"2026-04-27T18:55:13+00:00\" \/>\n<meta property=\"og:image\" content=\"https:\/\/blogdofarnesio.com.br\/wp-content\/uploads\/2024\/02\/blogqsppet-gcm-DANIEL-COSTA-PREVIA-CARNAVALESCA-2-e1707251294369.jpeg\" \/>\n\t<meta property=\"og:image:width\" content=\"580\" \/>\n\t<meta property=\"og:image:height\" content=\"386\" \/>\n\t<meta property=\"og:image:type\" content=\"image\/jpeg\" \/>\n<meta name=\"author\" content=\"Farn\u00e9sio\" \/>\n<meta name=\"twitter:card\" content=\"summary_large_image\" \/>\n<meta name=\"twitter:label1\" content=\"Escrito por\" \/>\n\t<meta name=\"twitter:data1\" content=\"Farn\u00e9sio\" \/>\n\t<meta name=\"twitter:label2\" content=\"Est. tempo de leitura\" \/>\n\t<meta name=\"twitter:data2\" content=\"3 minutos\" \/>\n<script type=\"application\/ld+json\" class=\"yoast-schema-graph\">{\"@context\":\"https:\\\/\\\/schema.org\",\"@graph\":[{\"@type\":\"Article\",\"@id\":\"https:\\\/\\\/blogdofarnesio.com.br\\\/?p=420514#article\",\"isPartOf\":{\"@id\":\"https:\\\/\\\/blogdofarnesio.com.br\\\/?p=420514\"},\"author\":{\"name\":\"Farn\u00e9sio\",\"@id\":\"https:\\\/\\\/blogdofarnesio.com.br\\\/#\\\/schema\\\/person\\\/bb9b23ae3ad0609ce8df7b6c9e76824d\"},\"headline\":\"Guarda Civil Municipal celebra 32 anos de hist\u00f3ria e fortalecimento da seguran\u00e7a p\u00fablica de Petrolina\",\"datePublished\":\"2026-04-27T18:55:13+00:00\",\"mainEntityOfPage\":{\"@id\":\"https:\\\/\\\/blogdofarnesio.com.br\\\/?p=420514\"},\"wordCount\":424,\"commentCount\":0,\"publisher\":{\"@id\":\"https:\\\/\\\/blogdofarnesio.com.br\\\/#organization\"},\"image\":{\"@id\":\"https:\\\/\\\/blogdofarnesio.com.br\\\/?p=420514#primaryimage\"},\"thumbnailUrl\":\"https:\\\/\\\/blogdofarnesio.com.br\\\/wp-content\\\/uploads\\\/2024\\\/02\\\/blogqsppet-gcm-DANIEL-COSTA-PREVIA-CARNAVALESCA-2-e1707251294369.jpeg\",\"articleSection\":[\"Confraterniza\u00e7\u00f5es\"],\"inLanguage\":\"pt-BR\",\"potentialAction\":[{\"@type\":\"CommentAction\",\"name\":\"Comment\",\"target\":[\"https:\\\/\\\/blogdofarnesio.com.br\\\/?p=420514#respond\"]}]},{\"@type\":\"WebPage\",\"@id\":\"https:\\\/\\\/blogdofarnesio.com.br\\\/?p=420514\",\"url\":\"https:\\\/\\\/blogdofarnesio.com.br\\\/?p=420514\",\"name\":\"Guarda Civil Municipal celebra 32 anos de hist\u00f3ria e fortalecimento da seguran\u00e7a p\u00fablica de Petrolina - Blog do Farn\u00e9sio\",\"isPartOf\":{\"@id\":\"https:\\\/\\\/blogdofarnesio.com.br\\\/#website\"},\"primaryImageOfPage\":{\"@id\":\"https:\\\/\\\/blogdofarnesio.com.br\\\/?p=420514#primaryimage\"},\"image\":{\"@id\":\"https:\\\/\\\/blogdofarnesio.com.br\\\/?p=420514#primaryimage\"},\"thumbnailUrl\":\"https:\\\/\\\/blogdofarnesio.com.br\\\/wp-content\\\/uploads\\\/2024\\\/02\\\/blogqsppet-gcm-DANIEL-COSTA-PREVIA-CARNAVALESCA-2-e1707251294369.jpeg\",\"datePublished\":\"2026-04-27T18:55:13+00:00\",\"breadcrumb\":{\"@id\":\"https:\\\/\\\/blogdofarnesio.com.br\\\/?p=420514#breadcrumb\"},\"inLanguage\":\"pt-BR\",\"potentialAction\":[{\"@type\":\"ReadAction\",\"target\":[\"https:\\\/\\\/blogdofarnesio.com.br\\\/?p=420514\"]}]},{\"@type\":\"ImageObject\",\"inLanguage\":\"pt-BR\",\"@id\":\"https:\\\/\\\/blogdofarnesio.com.br\\\/?p=420514#primaryimage\",\"url\":\"https:\\\/\\\/blogdofarnesio.com.br\\\/wp-content\\\/uploads\\\/2024\\\/02\\\/blogqsppet-gcm-DANIEL-COSTA-PREVIA-CARNAVALESCA-2-e1707251294369.jpeg\",\"contentUrl\":\"https:\\\/\\\/blogdofarnesio.com.br\\\/wp-content\\\/uploads\\\/2024\\\/02\\\/blogqsppet-gcm-DANIEL-COSTA-PREVIA-CARNAVALESCA-2-e1707251294369.jpeg\",\"width\":580,\"height\":386},{\"@type\":\"BreadcrumbList\",\"@id\":\"https:\\\/\\\/blogdofarnesio.com.br\\\/?p=420514#breadcrumb\",\"itemListElement\":[{\"@type\":\"ListItem\",\"position\":1,\"name\":\"In\u00edcio\",\"item\":\"https:\\\/\\\/blogdofarnesio.com.br\\\/\"},{\"@type\":\"ListItem\",\"position\":2,\"name\":\"Guarda Civil Municipal celebra 32 anos de hist\u00f3ria e fortalecimento da seguran\u00e7a p\u00fablica de Petrolina\"}]},{\"@type\":\"WebSite\",\"@id\":\"https:\\\/\\\/blogdofarnesio.com.br\\\/#website\",\"url\":\"https:\\\/\\\/blogdofarnesio.com.br\\\/\",\"name\":\"Blog do Farn\u00e9sio\",\"description\":\"Quer Saber Pol\u00edtica?\",\"publisher\":{\"@id\":\"https:\\\/\\\/blogdofarnesio.com.br\\\/#organization\"},\"potentialAction\":[{\"@type\":\"SearchAction\",\"target\":{\"@type\":\"EntryPoint\",\"urlTemplate\":\"https:\\\/\\\/blogdofarnesio.com.br\\\/?s={search_term_string}\"},\"query-input\":{\"@type\":\"PropertyValueSpecification\",\"valueRequired\":true,\"valueName\":\"search_term_string\"}}],\"inLanguage\":\"pt-BR\"},{\"@type\":\"Organization\",\"@id\":\"https:\\\/\\\/blogdofarnesio.com.br\\\/#organization\",\"name\":\"Blog do Farn\u00e9sio\",\"url\":\"https:\\\/\\\/blogdofarnesio.com.br\\\/\",\"logo\":{\"@type\":\"ImageObject\",\"inLanguage\":\"pt-BR\",\"@id\":\"https:\\\/\\\/blogdofarnesio.com.br\\\/#\\\/schema\\\/logo\\\/image\\\/\",\"url\":\"https:\\\/\\\/blogdofarnesio.com.br\\\/wp-content\\\/uploads\\\/2026\\\/03\\\/cropped-logo_new-1.png\",\"contentUrl\":\"https:\\\/\\\/blogdofarnesio.com.br\\\/wp-content\\\/uploads\\\/2026\\\/03\\\/cropped-logo_new-1.png\",\"width\":881,\"height\":685,\"caption\":\"Blog do Farn\u00e9sio\"},\"image\":{\"@id\":\"https:\\\/\\\/blogdofarnesio.com.br\\\/#\\\/schema\\\/logo\\\/image\\\/\"},\"sameAs\":[\"https:\\\/\\\/www.facebook.com\\\/BlogQuerSaberPolitica\\\/\"]},{\"@type\":\"Person\",\"@id\":\"https:\\\/\\\/blogdofarnesio.com.br\\\/#\\\/schema\\\/person\\\/bb9b23ae3ad0609ce8df7b6c9e76824d\",\"name\":\"Farn\u00e9sio\",\"image\":{\"@type\":\"ImageObject\",\"inLanguage\":\"pt-BR\",\"@id\":\"https:\\\/\\\/secure.gravatar.com\\\/avatar\\\/986aa4c61ccdb66f8555bf88fc2a65609d00bcabd4d2d94377a727547345cbca?s=96&d=mm&r=g\",\"url\":\"https:\\\/\\\/secure.gravatar.com\\\/avatar\\\/986aa4c61ccdb66f8555bf88fc2a65609d00bcabd4d2d94377a727547345cbca?s=96&d=mm&r=g\",\"contentUrl\":\"https:\\\/\\\/secure.gravatar.com\\\/avatar\\\/986aa4c61ccdb66f8555bf88fc2a65609d00bcabd4d2d94377a727547345cbca?s=96&d=mm&r=g\",\"caption\":\"Farn\u00e9sio\"},\"description\":\"Radialista blogueiro, chegou a Petrolina\\\/Juazeiro em setembro de 1980, Farn\u00e9sio Silva \u00e9 de Arapiraca-Alagoas.\",\"sameAs\":[\"http:\\\/\\\/blogdofarnesio.com.br\",\"https:\\\/\\\/www.facebook.com\\\/?ref=tn_tnmn\",\"https:\\\/\\\/www.instagram.com\\\/?utm_source=pwa_homescreen\",\"https:\\\/\\\/youtube.com.br\\\/\"],\"url\":\"https:\\\/\\\/blogdofarnesio.com.br\\\/?author=2\"}]}<\/script>\n<!-- \/ Yoast SEO plugin. -->","yoast_head_json":{"title":"Guarda Civil Municipal celebra 32 anos de hist\u00f3ria e fortalecimento da seguran\u00e7a p\u00fablica de Petrolina - Blog do Farn\u00e9sio","robots":{"index":"index","follow":"follow","max-snippet":"max-snippet:-1","max-image-preview":"max-image-preview:large","max-video-preview":"max-video-preview:-1"},"canonical":"https:\/\/blogdofarnesio.com.br\/?p=420514","og_locale":"pt_BR","og_type":"article","og_title":"Guarda Civil Municipal celebra 32 anos de hist\u00f3ria e fortalecimento da seguran\u00e7a p\u00fablica de Petrolina - Blog do Farn\u00e9sio","og_description":"A Guarda Civil Municipal de Petrolina (GCM) celebra 32 anos de trabalho prestado \u00e0 popula\u00e7\u00e3o, consolidando-se como uma importante for\u00e7a de seguran\u00e7a p\u00fablica da terceira maior cidade de Pernambuco. Em 27 de abril de 1994 foi criada oficialmente, por meio da Lei n\u00ba 502, a \u201cFor\u00e7a Azul\u201d, como \u00e9 popularmente conhecida a Guarda Municipal. Ao longo dessas mais de tr\u00eas d\u00e9cadas, a corpora\u00e7\u00e3o vem se destacando pelo compromisso em garantir a prote\u00e7\u00e3o dos petrolinenses e visitantes, bem como a preserva\u00e7\u00e3o do patrim\u00f4nio p\u00fablico. No decorrer de sua hist\u00f3ria, a For\u00e7a Azul se fortaleceu por meio da realiza\u00e7\u00e3o de concursos p\u00fablicos, da oferta de forma\u00e7\u00f5es cont\u00ednuas e da aquisi\u00e7\u00e3o de equipamentos de prote\u00e7\u00e3o individual, fardamentos, coletes bal\u00edsticos e armamentos. A aquisi\u00e7\u00e3o&hellip;","og_url":"https:\/\/blogdofarnesio.com.br\/?p=420514","og_site_name":"Blog do Farn\u00e9sio","article_publisher":"https:\/\/www.facebook.com\/BlogQuerSaberPolitica\/","article_author":"https:\/\/www.facebook.com\/?ref=tn_tnmn","article_published_time":"2026-04-27T18:55:13+00:00","og_image":[{"width":580,"height":386,"url":"https:\/\/blogdofarnesio.com.br\/wp-content\/uploads\/2024\/02\/blogqsppet-gcm-DANIEL-COSTA-PREVIA-CARNAVALESCA-2-e1707251294369.jpeg","type":"image\/jpeg"}],"author":"Farn\u00e9sio","twitter_card":"summary_large_image","twitter_misc":{"Escrito por":"Farn\u00e9sio","Est. tempo de leitura":"3 minutos"},"schema":{"@context":"https:\/\/schema.org","@graph":[{"@type":"Article","@id":"https:\/\/blogdofarnesio.com.br\/?p=420514#article","isPartOf":{"@id":"https:\/\/blogdofarnesio.com.br\/?p=420514"},"author":{"name":"Farn\u00e9sio","@id":"https:\/\/blogdofarnesio.com.br\/#\/schema\/person\/bb9b23ae3ad0609ce8df7b6c9e76824d"},"headline":"Guarda Civil Municipal celebra 32 anos de hist\u00f3ria e fortalecimento da seguran\u00e7a p\u00fablica de Petrolina","datePublished":"2026-04-27T18:55:13+00:00","mainEntityOfPage":{"@id":"https:\/\/blogdofarnesio.com.br\/?p=420514"},"wordCount":424,"commentCount":0,"publisher":{"@id":"https:\/\/blogdofarnesio.com.br\/#organization"},"image":{"@id":"https:\/\/blogdofarnesio.com.br\/?p=420514#primaryimage"},"thumbnailUrl":"https:\/\/blogdofarnesio.com.br\/wp-content\/uploads\/2024\/02\/blogqsppet-gcm-DANIEL-COSTA-PREVIA-CARNAVALESCA-2-e1707251294369.jpeg","articleSection":["Confraterniza\u00e7\u00f5es"],"inLanguage":"pt-BR","potentialAction":[{"@type":"CommentAction","name":"Comment","target":["https:\/\/blogdofarnesio.com.br\/?p=420514#respond"]}]},{"@type":"WebPage","@id":"https:\/\/blogdofarnesio.com.br\/?p=420514","url":"https:\/\/blogdofarnesio.com.br\/?p=420514","name":"Guarda Civil Municipal celebra 32 anos de hist\u00f3ria e fortalecimento da seguran\u00e7a p\u00fablica de Petrolina - Blog do Farn\u00e9sio","isPartOf":{"@id":"https:\/\/blogdofarnesio.com.br\/#website"},"primaryImageOfPage":{"@id":"https:\/\/blogdofarnesio.com.br\/?p=420514#primaryimage"},"image":{"@id":"https:\/\/blogdofarnesio.com.br\/?p=420514#primaryimage"},"thumbnailUrl":"https:\/\/blogdofarnesio.com.br\/wp-content\/uploads\/2024\/02\/blogqsppet-gcm-DANIEL-COSTA-PREVIA-CARNAVALESCA-2-e1707251294369.jpeg","datePublished":"2026-04-27T18:55:13+00:00","breadcrumb":{"@id":"https:\/\/blogdofarnesio.com.br\/?p=420514#breadcrumb"},"inLanguage":"pt-BR","potentialAction":[{"@type":"ReadAction","target":["https:\/\/blogdofarnesio.com.br\/?p=420514"]}]},{"@type":"ImageObject","inLanguage":"pt-BR","@id":"https:\/\/blogdofarnesio.com.br\/?p=420514#primaryimage","url":"https:\/\/blogdofarnesio.com.br\/wp-content\/uploads\/2024\/02\/blogqsppet-gcm-DANIEL-COSTA-PREVIA-CARNAVALESCA-2-e1707251294369.jpeg","contentUrl":"https:\/\/blogdofarnesio.com.br\/wp-content\/uploads\/2024\/02\/blogqsppet-gcm-DANIEL-COSTA-PREVIA-CARNAVALESCA-2-e1707251294369.jpeg","width":580,"height":386},{"@type":"BreadcrumbList","@id":"https:\/\/blogdofarnesio.com.br\/?p=420514#breadcrumb","itemListElement":[{"@type":"ListItem","position":1,"name":"In\u00edcio","item":"https:\/\/blogdofarnesio.com.br\/"},{"@type":"ListItem","position":2,"name":"Guarda Civil Municipal celebra 32 anos de hist\u00f3ria e fortalecimento da seguran\u00e7a p\u00fablica de Petrolina"}]},{"@type":"WebSite","@id":"https:\/\/blogdofarnesio.com.br\/#website","url":"https:\/\/blogdofarnesio.com.br\/","name":"Blog do Farn\u00e9sio","description":"Quer Saber Pol\u00edtica?","publisher":{"@id":"https:\/\/blogdofarnesio.com.br\/#organization"},"potentialAction":[{"@type":"SearchAction","target":{"@type":"EntryPoint","urlTemplate":"https:\/\/blogdofarnesio.com.br\/?s={search_term_string}"},"query-input":{"@type":"PropertyValueSpecification","valueRequired":true,"valueName":"search_term_string"}}],"inLanguage":"pt-BR"},{"@type":"Organization","@id":"https:\/\/blogdofarnesio.com.br\/#organization","name":"Blog do Farn\u00e9sio","url":"https:\/\/blogdofarnesio.com.br\/","logo":{"@type":"ImageObject","inLanguage":"pt-BR","@id":"https:\/\/blogdofarnesio.com.br\/#\/schema\/logo\/image\/","url":"https:\/\/blogdofarnesio.com.br\/wp-content\/uploads\/2026\/03\/cropped-logo_new-1.png","contentUrl":"https:\/\/blogdofarnesio.com.br\/wp-content\/uploads\/2026\/03\/cropped-logo_new-1.png","width":881,"height":685,"caption":"Blog do Farn\u00e9sio"},"image":{"@id":"https:\/\/blogdofarnesio.com.br\/#\/schema\/logo\/image\/"},"sameAs":["https:\/\/www.facebook.com\/BlogQuerSaberPolitica\/"]},{"@type":"Person","@id":"https:\/\/blogdofarnesio.com.br\/#\/schema\/person\/bb9b23ae3ad0609ce8df7b6c9e76824d","name":"Farn\u00e9sio","image":{"@type":"ImageObject","inLanguage":"pt-BR","@id":"https:\/\/secure.gravatar.com\/avatar\/986aa4c61ccdb66f8555bf88fc2a65609d00bcabd4d2d94377a727547345cbca?s=96&d=mm&r=g","url":"https:\/\/secure.gravatar.com\/avatar\/986aa4c61ccdb66f8555bf88fc2a65609d00bcabd4d2d94377a727547345cbca?s=96&d=mm&r=g","contentUrl":"https:\/\/secure.gravatar.com\/avatar\/986aa4c61ccdb66f8555bf88fc2a65609d00bcabd4d2d94377a727547345cbca?s=96&d=mm&r=g","caption":"Farn\u00e9sio"},"description":"Radialista blogueiro, chegou a Petrolina\/Juazeiro em setembro de 1980, Farn\u00e9sio Silva \u00e9 de Arapiraca-Alagoas.","sameAs":["http:\/\/blogdofarnesio.com.br","https:\/\/www.facebook.com\/?ref=tn_tnmn","https:\/\/www.instagram.com\/?utm_source=pwa_homescreen","https:\/\/youtube.com.br\/"],"url":"https:\/\/blogdofarnesio.com.br\/?author=2"}]}},"_links":{"self":[{"href":"https:\/\/blogdofarnesio.com.br\/index.php?rest_route=\/wp\/v2\/posts\/420514","targetHints":{"allow":["GET"]}}],"collection":[{"href":"https:\/\/blogdofarnesio.com.br\/index.php?rest_route=\/wp\/v2\/posts"}],"about":[{"href":"https:\/\/blogdofarnesio.com.br\/index.php?rest_route=\/wp\/v2\/types\/post"}],"author":[{"embeddable":true,"href":"https:\/\/blogdofarnesio.com.br\/index.php?rest_route=\/wp\/v2\/users\/2"}],"replies":[{"embeddable":true,"href":"https:\/\/blogdofarnesio.com.br\/index.php?rest_route=%2Fwp%2Fv2%2Fcomments&post=420514"}],"version-history":[{"count":1,"href":"https:\/\/blogdofarnesio.com.br\/index.php?rest_route=\/wp\/v2\/posts\/420514\/revisions"}],"predecessor-version":[{"id":420515,"href":"https:\/\/blogdofarnesio.com.br\/index.php?rest_route=\/wp\/v2\/posts\/420514\/revisions\/420515"}],"wp:featuredmedia":[{"embeddable":true,"href":"https:\/\/blogdofarnesio.com.br\/index.php?rest_route=\/wp\/v2\/media\/360863"}],"wp:attachment":[{"href":"https:\/\/blogdofarnesio.com.br\/index.php?rest_route=%2Fwp%2Fv2%2Fmedia&parent=420514"}],"wp:term":[{"taxonomy":"category","embeddable":true,"href":"https:\/\/blogdofarnesio.com.br\/index.php?rest_route=%2Fwp%2Fv2%2Fcategories&post=420514"},{"taxonomy":"post_tag","embeddable":true,"href":"https:\/\/blogdofarnesio.com.br\/index.php?rest_route=%2Fwp%2Fv2%2Ftags&post=420514"}],"curies":[{"name":"wp","href":"https:\/\/api.w.org\/{rel}","templated":true}]}}