{"id":420502,"date":"2026-04-27T12:02:57","date_gmt":"2026-04-27T15:02:57","guid":{"rendered":"https:\/\/blogdofarnesio.com.br\/?p=420502"},"modified":"2026-04-27T11:15:29","modified_gmt":"2026-04-27T14:15:29","slug":"juazeiro-afundada-em-buracos-populacao-cobra-acao-e-denuncia-descaso-do-saae-e-da-prefeitura","status":"publish","type":"post","link":"https:\/\/blogdofarnesio.com.br\/?p=420502","title":{"rendered":"JUAZEIRO AFUNDADA EM BURACOS: POPULA\u00c7\u00c3O COBRA A\u00c7\u00c3O E DENUNCIA DESCASO DO SAAE E DA PREFEITURA"},"content":{"rendered":"<p>A situa\u00e7\u00e3o das ruas de Juazeiro da Bahia tem gerado revolta crescente entre os moradores. Buracos espalhados por toda a cidade, vias deterioradas e aus\u00eancia de manuten\u00e7\u00e3o t\u00eam transformado o dia a dia da popula\u00e7\u00e3o em um verdadeiro desafio.<\/p>\n<p>Segundo den\u00fancias, o Servi\u00e7o de \u00c1gua e Saneamento Ambiental (SAAE) seria respons\u00e1vel por abrir milhares de buracos durante interven\u00e7\u00f5es e n\u00e3o realizar o fechamento adequado. H\u00e1 relatos de que mais de 2 mil pontos estariam nessa situa\u00e7\u00e3o, agravando ainda mais o cen\u00e1rio urbano.<\/p>\n<p>No v\u00eddeo (link abaixo), que circula nas redes sociais, a situa\u00e7\u00e3o registrada \u00e9 na Rua \u00c1gua Bela, no bairro Codevasf, onde a via aparece completamente tomada por buracos, dificultando o tr\u00e1fego de ve\u00edculos e colocando em risco moradores e motoristas que precisam passar pelo local diariamente.<\/p>\n<p><a href=\"https:\/\/www.instagram.com\/reel\/DXo0Jg9jeDl\/?utm_source=ig_web_copy_link\">https:\/\/www.instagram.com\/reel\/DXo0Jg9jeDl\/?utm_source=ig_web_copy_link<\/a><\/p>\n<p>Com a chegada das chuvas, o problema se intensificou. Ruas alagadas, crateras escondidas pela \u00e1gua e riscos constantes de acidentes fazem com que Juazeiro passe a impress\u00e3o de uma cidade abandonada.<\/p>\n<p>Enquanto isso, moradores criticam a postura do prefeito Andrei da Caixa, cobrando a\u00e7\u00f5es concretas. Para muitos, falta presen\u00e7a efetiva na resolu\u00e7\u00e3o dos problemas estruturais, sobrando apenas atua\u00e7\u00e3o nas redes sociais, o que tem rendido ao gestor o apelido de \u201cprefeito blogueiro\u201d.<\/p>\n<p>A popula\u00e7\u00e3o pede uma resposta urgente. A expectativa \u00e9 que a gest\u00e3o municipal deixe o discurso de lado e parta para medidas pr\u00e1ticas, garantindo o direito b\u00e1sico de ir e vir com seguran\u00e7a.<\/p>\n<p><em><strong>Blogdoramirocordeiro<\/strong><\/em><\/p>\n","protected":false},"excerpt":{"rendered":"<p>A situa\u00e7\u00e3o das ruas de Juazeiro da Bahia tem gerado revolta crescente entre os moradores. Buracos espalhados por toda a cidade, vias deterioradas e aus\u00eancia de manuten\u00e7\u00e3o t\u00eam transformado o dia a dia da popula\u00e7\u00e3o em um verdadeiro desafio. Segundo den\u00fancias, o Servi\u00e7o de \u00c1gua e Saneamento Ambiental (SAAE) seria respons\u00e1vel por abrir milhares de buracos durante interven\u00e7\u00f5es e n\u00e3o realizar o fechamento adequado. H\u00e1 relatos de que mais de 2 mil pontos estariam nessa situa\u00e7\u00e3o, agravando ainda mais o cen\u00e1rio urbano. No v\u00eddeo (link abaixo), que circula nas redes sociais, a situa\u00e7\u00e3o registrada \u00e9 na Rua \u00c1gua Bela, no bairro Codevasf, onde a via aparece completamente tomada por buracos, dificultando o tr\u00e1fego de ve\u00edculos e colocando em risco moradores&hellip; <\/p>\n","protected":false},"author":2,"featured_media":420503,"comment_status":"open","ping_status":"open","sticky":false,"template":"","format":"standard","meta":{"_acf_changed":false,"footnotes":""},"categories":[27],"tags":[46,84,45],"class_list":["post-420502","post","type-post","status-publish","format-standard","has-post-thumbnail","hentry","category-cidades","tag-esgotos","tag-prefeito-andrei-gomes","tag-saae"],"acf":[],"yoast_head":"<!-- This site is optimized with the Yoast SEO plugin v27.4 - https:\/\/yoast.com\/product\/yoast-seo-wordpress\/ -->\n<title>JUAZEIRO AFUNDADA EM BURACOS: POPULA\u00c7\u00c3O COBRA A\u00c7\u00c3O E DENUNCIA DESCASO DO SAAE E DA PREFEITURA - Blog do Farn\u00e9sio<\/title>\n<meta name=\"robots\" content=\"index, follow, max-snippet:-1, max-image-preview:large, max-video-preview:-1\" \/>\n<link rel=\"canonical\" href=\"https:\/\/blogdofarnesio.com.br\/?p=420502\" \/>\n<meta property=\"og:locale\" content=\"pt_BR\" \/>\n<meta property=\"og:type\" content=\"article\" \/>\n<meta property=\"og:title\" content=\"JUAZEIRO AFUNDADA EM BURACOS: POPULA\u00c7\u00c3O COBRA A\u00c7\u00c3O E DENUNCIA DESCASO DO SAAE E DA PREFEITURA - Blog do Farn\u00e9sio\" \/>\n<meta property=\"og:description\" content=\"A situa\u00e7\u00e3o das ruas de Juazeiro da Bahia tem gerado revolta crescente entre os moradores. Buracos espalhados por toda a cidade, vias deterioradas e aus\u00eancia de manuten\u00e7\u00e3o t\u00eam transformado o dia a dia da popula\u00e7\u00e3o em um verdadeiro desafio. Segundo den\u00fancias, o Servi\u00e7o de \u00c1gua e Saneamento Ambiental (SAAE) seria respons\u00e1vel por abrir milhares de buracos durante interven\u00e7\u00f5es e n\u00e3o realizar o fechamento adequado. H\u00e1 relatos de que mais de 2 mil pontos estariam nessa situa\u00e7\u00e3o, agravando ainda mais o cen\u00e1rio urbano. No v\u00eddeo (link abaixo), que circula nas redes sociais, a situa\u00e7\u00e3o registrada \u00e9 na Rua \u00c1gua Bela, no bairro Codevasf, onde a via aparece completamente tomada por buracos, dificultando o tr\u00e1fego de ve\u00edculos e colocando em risco moradores&hellip;\" \/>\n<meta property=\"og:url\" content=\"https:\/\/blogdofarnesio.com.br\/?p=420502\" \/>\n<meta property=\"og:site_name\" content=\"Blog do Farn\u00e9sio\" \/>\n<meta property=\"article:publisher\" content=\"https:\/\/www.facebook.com\/BlogQuerSaberPolitica\/\" \/>\n<meta property=\"article:author\" content=\"https:\/\/www.facebook.com\/?ref=tn_tnmn\" \/>\n<meta property=\"article:published_time\" content=\"2026-04-27T15:02:57+00:00\" \/>\n<meta property=\"og:image\" content=\"https:\/\/blogdofarnesio.com.br\/wp-content\/uploads\/2026\/04\/blogqspjua-andrei-tatu.png\" \/>\n\t<meta property=\"og:image:width\" content=\"421\" \/>\n\t<meta property=\"og:image:height\" content=\"303\" \/>\n\t<meta property=\"og:image:type\" content=\"image\/png\" \/>\n<meta name=\"author\" content=\"Farn\u00e9sio\" \/>\n<meta name=\"twitter:card\" content=\"summary_large_image\" \/>\n<meta name=\"twitter:label1\" content=\"Escrito por\" \/>\n\t<meta name=\"twitter:data1\" content=\"Farn\u00e9sio\" \/>\n\t<meta name=\"twitter:label2\" content=\"Est. tempo de leitura\" \/>\n\t<meta name=\"twitter:data2\" content=\"2 minutos\" \/>\n<script type=\"application\/ld+json\" class=\"yoast-schema-graph\">{\"@context\":\"https:\\\/\\\/schema.org\",\"@graph\":[{\"@type\":\"Article\",\"@id\":\"https:\\\/\\\/blogdofarnesio.com.br\\\/?p=420502#article\",\"isPartOf\":{\"@id\":\"https:\\\/\\\/blogdofarnesio.com.br\\\/?p=420502\"},\"author\":{\"name\":\"Farn\u00e9sio\",\"@id\":\"https:\\\/\\\/blogdofarnesio.com.br\\\/#\\\/schema\\\/person\\\/bb9b23ae3ad0609ce8df7b6c9e76824d\"},\"headline\":\"JUAZEIRO AFUNDADA EM BURACOS: POPULA\u00c7\u00c3O COBRA A\u00c7\u00c3O E DENUNCIA DESCASO DO SAAE E DA PREFEITURA\",\"datePublished\":\"2026-04-27T15:02:57+00:00\",\"mainEntityOfPage\":{\"@id\":\"https:\\\/\\\/blogdofarnesio.com.br\\\/?p=420502\"},\"wordCount\":288,\"commentCount\":0,\"publisher\":{\"@id\":\"https:\\\/\\\/blogdofarnesio.com.br\\\/#organization\"},\"image\":{\"@id\":\"https:\\\/\\\/blogdofarnesio.com.br\\\/?p=420502#primaryimage\"},\"thumbnailUrl\":\"https:\\\/\\\/blogdofarnesio.com.br\\\/wp-content\\\/uploads\\\/2026\\\/04\\\/blogqspjua-andrei-tatu.png\",\"keywords\":[\"esgotos\",\"Prefeito Andrei Gomes\",\"SAAE\"],\"articleSection\":[\"Cidades\"],\"inLanguage\":\"pt-BR\",\"potentialAction\":[{\"@type\":\"CommentAction\",\"name\":\"Comment\",\"target\":[\"https:\\\/\\\/blogdofarnesio.com.br\\\/?p=420502#respond\"]}]},{\"@type\":\"WebPage\",\"@id\":\"https:\\\/\\\/blogdofarnesio.com.br\\\/?p=420502\",\"url\":\"https:\\\/\\\/blogdofarnesio.com.br\\\/?p=420502\",\"name\":\"JUAZEIRO AFUNDADA EM BURACOS: POPULA\u00c7\u00c3O COBRA A\u00c7\u00c3O E DENUNCIA DESCASO DO SAAE E DA PREFEITURA - Blog do Farn\u00e9sio\",\"isPartOf\":{\"@id\":\"https:\\\/\\\/blogdofarnesio.com.br\\\/#website\"},\"primaryImageOfPage\":{\"@id\":\"https:\\\/\\\/blogdofarnesio.com.br\\\/?p=420502#primaryimage\"},\"image\":{\"@id\":\"https:\\\/\\\/blogdofarnesio.com.br\\\/?p=420502#primaryimage\"},\"thumbnailUrl\":\"https:\\\/\\\/blogdofarnesio.com.br\\\/wp-content\\\/uploads\\\/2026\\\/04\\\/blogqspjua-andrei-tatu.png\",\"datePublished\":\"2026-04-27T15:02:57+00:00\",\"breadcrumb\":{\"@id\":\"https:\\\/\\\/blogdofarnesio.com.br\\\/?p=420502#breadcrumb\"},\"inLanguage\":\"pt-BR\",\"potentialAction\":[{\"@type\":\"ReadAction\",\"target\":[\"https:\\\/\\\/blogdofarnesio.com.br\\\/?p=420502\"]}]},{\"@type\":\"ImageObject\",\"inLanguage\":\"pt-BR\",\"@id\":\"https:\\\/\\\/blogdofarnesio.com.br\\\/?p=420502#primaryimage\",\"url\":\"https:\\\/\\\/blogdofarnesio.com.br\\\/wp-content\\\/uploads\\\/2026\\\/04\\\/blogqspjua-andrei-tatu.png\",\"contentUrl\":\"https:\\\/\\\/blogdofarnesio.com.br\\\/wp-content\\\/uploads\\\/2026\\\/04\\\/blogqspjua-andrei-tatu.png\",\"width\":421,\"height\":303},{\"@type\":\"BreadcrumbList\",\"@id\":\"https:\\\/\\\/blogdofarnesio.com.br\\\/?p=420502#breadcrumb\",\"itemListElement\":[{\"@type\":\"ListItem\",\"position\":1,\"name\":\"In\u00edcio\",\"item\":\"https:\\\/\\\/blogdofarnesio.com.br\\\/\"},{\"@type\":\"ListItem\",\"position\":2,\"name\":\"JUAZEIRO AFUNDADA EM BURACOS: POPULA\u00c7\u00c3O COBRA A\u00c7\u00c3O E DENUNCIA DESCASO DO SAAE E DA PREFEITURA\"}]},{\"@type\":\"WebSite\",\"@id\":\"https:\\\/\\\/blogdofarnesio.com.br\\\/#website\",\"url\":\"https:\\\/\\\/blogdofarnesio.com.br\\\/\",\"name\":\"Blog do Farn\u00e9sio\",\"description\":\"Quer Saber Pol\u00edtica?\",\"publisher\":{\"@id\":\"https:\\\/\\\/blogdofarnesio.com.br\\\/#organization\"},\"potentialAction\":[{\"@type\":\"SearchAction\",\"target\":{\"@type\":\"EntryPoint\",\"urlTemplate\":\"https:\\\/\\\/blogdofarnesio.com.br\\\/?s={search_term_string}\"},\"query-input\":{\"@type\":\"PropertyValueSpecification\",\"valueRequired\":true,\"valueName\":\"search_term_string\"}}],\"inLanguage\":\"pt-BR\"},{\"@type\":\"Organization\",\"@id\":\"https:\\\/\\\/blogdofarnesio.com.br\\\/#organization\",\"name\":\"Blog do Farn\u00e9sio\",\"url\":\"https:\\\/\\\/blogdofarnesio.com.br\\\/\",\"logo\":{\"@type\":\"ImageObject\",\"inLanguage\":\"pt-BR\",\"@id\":\"https:\\\/\\\/blogdofarnesio.com.br\\\/#\\\/schema\\\/logo\\\/image\\\/\",\"url\":\"https:\\\/\\\/blogdofarnesio.com.br\\\/wp-content\\\/uploads\\\/2026\\\/03\\\/cropped-logo_new-1.png\",\"contentUrl\":\"https:\\\/\\\/blogdofarnesio.com.br\\\/wp-content\\\/uploads\\\/2026\\\/03\\\/cropped-logo_new-1.png\",\"width\":881,\"height\":685,\"caption\":\"Blog do Farn\u00e9sio\"},\"image\":{\"@id\":\"https:\\\/\\\/blogdofarnesio.com.br\\\/#\\\/schema\\\/logo\\\/image\\\/\"},\"sameAs\":[\"https:\\\/\\\/www.facebook.com\\\/BlogQuerSaberPolitica\\\/\"]},{\"@type\":\"Person\",\"@id\":\"https:\\\/\\\/blogdofarnesio.com.br\\\/#\\\/schema\\\/person\\\/bb9b23ae3ad0609ce8df7b6c9e76824d\",\"name\":\"Farn\u00e9sio\",\"image\":{\"@type\":\"ImageObject\",\"inLanguage\":\"pt-BR\",\"@id\":\"https:\\\/\\\/secure.gravatar.com\\\/avatar\\\/986aa4c61ccdb66f8555bf88fc2a65609d00bcabd4d2d94377a727547345cbca?s=96&d=mm&r=g\",\"url\":\"https:\\\/\\\/secure.gravatar.com\\\/avatar\\\/986aa4c61ccdb66f8555bf88fc2a65609d00bcabd4d2d94377a727547345cbca?s=96&d=mm&r=g\",\"contentUrl\":\"https:\\\/\\\/secure.gravatar.com\\\/avatar\\\/986aa4c61ccdb66f8555bf88fc2a65609d00bcabd4d2d94377a727547345cbca?s=96&d=mm&r=g\",\"caption\":\"Farn\u00e9sio\"},\"description\":\"Radialista blogueiro, chegou a Petrolina\\\/Juazeiro em setembro de 1980, Farn\u00e9sio Silva \u00e9 de Arapiraca-Alagoas.\",\"sameAs\":[\"http:\\\/\\\/blogdofarnesio.com.br\",\"https:\\\/\\\/www.facebook.com\\\/?ref=tn_tnmn\",\"https:\\\/\\\/www.instagram.com\\\/?utm_source=pwa_homescreen\",\"https:\\\/\\\/youtube.com.br\\\/\"],\"url\":\"https:\\\/\\\/blogdofarnesio.com.br\\\/?author=2\"}]}<\/script>\n<!-- \/ Yoast SEO plugin. -->","yoast_head_json":{"title":"JUAZEIRO AFUNDADA EM BURACOS: POPULA\u00c7\u00c3O COBRA A\u00c7\u00c3O E DENUNCIA DESCASO DO SAAE E DA PREFEITURA - Blog do Farn\u00e9sio","robots":{"index":"index","follow":"follow","max-snippet":"max-snippet:-1","max-image-preview":"max-image-preview:large","max-video-preview":"max-video-preview:-1"},"canonical":"https:\/\/blogdofarnesio.com.br\/?p=420502","og_locale":"pt_BR","og_type":"article","og_title":"JUAZEIRO AFUNDADA EM BURACOS: POPULA\u00c7\u00c3O COBRA A\u00c7\u00c3O E DENUNCIA DESCASO DO SAAE E DA PREFEITURA - Blog do Farn\u00e9sio","og_description":"A situa\u00e7\u00e3o das ruas de Juazeiro da Bahia tem gerado revolta crescente entre os moradores. Buracos espalhados por toda a cidade, vias deterioradas e aus\u00eancia de manuten\u00e7\u00e3o t\u00eam transformado o dia a dia da popula\u00e7\u00e3o em um verdadeiro desafio. Segundo den\u00fancias, o Servi\u00e7o de \u00c1gua e Saneamento Ambiental (SAAE) seria respons\u00e1vel por abrir milhares de buracos durante interven\u00e7\u00f5es e n\u00e3o realizar o fechamento adequado. H\u00e1 relatos de que mais de 2 mil pontos estariam nessa situa\u00e7\u00e3o, agravando ainda mais o cen\u00e1rio urbano. No v\u00eddeo (link abaixo), que circula nas redes sociais, a situa\u00e7\u00e3o registrada \u00e9 na Rua \u00c1gua Bela, no bairro Codevasf, onde a via aparece completamente tomada por buracos, dificultando o tr\u00e1fego de ve\u00edculos e colocando em risco moradores&hellip;","og_url":"https:\/\/blogdofarnesio.com.br\/?p=420502","og_site_name":"Blog do Farn\u00e9sio","article_publisher":"https:\/\/www.facebook.com\/BlogQuerSaberPolitica\/","article_author":"https:\/\/www.facebook.com\/?ref=tn_tnmn","article_published_time":"2026-04-27T15:02:57+00:00","og_image":[{"width":421,"height":303,"url":"https:\/\/blogdofarnesio.com.br\/wp-content\/uploads\/2026\/04\/blogqspjua-andrei-tatu.png","type":"image\/png"}],"author":"Farn\u00e9sio","twitter_card":"summary_large_image","twitter_misc":{"Escrito por":"Farn\u00e9sio","Est. tempo de leitura":"2 minutos"},"schema":{"@context":"https:\/\/schema.org","@graph":[{"@type":"Article","@id":"https:\/\/blogdofarnesio.com.br\/?p=420502#article","isPartOf":{"@id":"https:\/\/blogdofarnesio.com.br\/?p=420502"},"author":{"name":"Farn\u00e9sio","@id":"https:\/\/blogdofarnesio.com.br\/#\/schema\/person\/bb9b23ae3ad0609ce8df7b6c9e76824d"},"headline":"JUAZEIRO AFUNDADA EM BURACOS: POPULA\u00c7\u00c3O COBRA A\u00c7\u00c3O E DENUNCIA DESCASO DO SAAE E DA PREFEITURA","datePublished":"2026-04-27T15:02:57+00:00","mainEntityOfPage":{"@id":"https:\/\/blogdofarnesio.com.br\/?p=420502"},"wordCount":288,"commentCount":0,"publisher":{"@id":"https:\/\/blogdofarnesio.com.br\/#organization"},"image":{"@id":"https:\/\/blogdofarnesio.com.br\/?p=420502#primaryimage"},"thumbnailUrl":"https:\/\/blogdofarnesio.com.br\/wp-content\/uploads\/2026\/04\/blogqspjua-andrei-tatu.png","keywords":["esgotos","Prefeito Andrei Gomes","SAAE"],"articleSection":["Cidades"],"inLanguage":"pt-BR","potentialAction":[{"@type":"CommentAction","name":"Comment","target":["https:\/\/blogdofarnesio.com.br\/?p=420502#respond"]}]},{"@type":"WebPage","@id":"https:\/\/blogdofarnesio.com.br\/?p=420502","url":"https:\/\/blogdofarnesio.com.br\/?p=420502","name":"JUAZEIRO AFUNDADA EM BURACOS: POPULA\u00c7\u00c3O COBRA A\u00c7\u00c3O E DENUNCIA DESCASO DO SAAE E DA PREFEITURA - Blog do Farn\u00e9sio","isPartOf":{"@id":"https:\/\/blogdofarnesio.com.br\/#website"},"primaryImageOfPage":{"@id":"https:\/\/blogdofarnesio.com.br\/?p=420502#primaryimage"},"image":{"@id":"https:\/\/blogdofarnesio.com.br\/?p=420502#primaryimage"},"thumbnailUrl":"https:\/\/blogdofarnesio.com.br\/wp-content\/uploads\/2026\/04\/blogqspjua-andrei-tatu.png","datePublished":"2026-04-27T15:02:57+00:00","breadcrumb":{"@id":"https:\/\/blogdofarnesio.com.br\/?p=420502#breadcrumb"},"inLanguage":"pt-BR","potentialAction":[{"@type":"ReadAction","target":["https:\/\/blogdofarnesio.com.br\/?p=420502"]}]},{"@type":"ImageObject","inLanguage":"pt-BR","@id":"https:\/\/blogdofarnesio.com.br\/?p=420502#primaryimage","url":"https:\/\/blogdofarnesio.com.br\/wp-content\/uploads\/2026\/04\/blogqspjua-andrei-tatu.png","contentUrl":"https:\/\/blogdofarnesio.com.br\/wp-content\/uploads\/2026\/04\/blogqspjua-andrei-tatu.png","width":421,"height":303},{"@type":"BreadcrumbList","@id":"https:\/\/blogdofarnesio.com.br\/?p=420502#breadcrumb","itemListElement":[{"@type":"ListItem","position":1,"name":"In\u00edcio","item":"https:\/\/blogdofarnesio.com.br\/"},{"@type":"ListItem","position":2,"name":"JUAZEIRO AFUNDADA EM BURACOS: POPULA\u00c7\u00c3O COBRA A\u00c7\u00c3O E DENUNCIA DESCASO DO SAAE E DA PREFEITURA"}]},{"@type":"WebSite","@id":"https:\/\/blogdofarnesio.com.br\/#website","url":"https:\/\/blogdofarnesio.com.br\/","name":"Blog do Farn\u00e9sio","description":"Quer Saber Pol\u00edtica?","publisher":{"@id":"https:\/\/blogdofarnesio.com.br\/#organization"},"potentialAction":[{"@type":"SearchAction","target":{"@type":"EntryPoint","urlTemplate":"https:\/\/blogdofarnesio.com.br\/?s={search_term_string}"},"query-input":{"@type":"PropertyValueSpecification","valueRequired":true,"valueName":"search_term_string"}}],"inLanguage":"pt-BR"},{"@type":"Organization","@id":"https:\/\/blogdofarnesio.com.br\/#organization","name":"Blog do Farn\u00e9sio","url":"https:\/\/blogdofarnesio.com.br\/","logo":{"@type":"ImageObject","inLanguage":"pt-BR","@id":"https:\/\/blogdofarnesio.com.br\/#\/schema\/logo\/image\/","url":"https:\/\/blogdofarnesio.com.br\/wp-content\/uploads\/2026\/03\/cropped-logo_new-1.png","contentUrl":"https:\/\/blogdofarnesio.com.br\/wp-content\/uploads\/2026\/03\/cropped-logo_new-1.png","width":881,"height":685,"caption":"Blog do Farn\u00e9sio"},"image":{"@id":"https:\/\/blogdofarnesio.com.br\/#\/schema\/logo\/image\/"},"sameAs":["https:\/\/www.facebook.com\/BlogQuerSaberPolitica\/"]},{"@type":"Person","@id":"https:\/\/blogdofarnesio.com.br\/#\/schema\/person\/bb9b23ae3ad0609ce8df7b6c9e76824d","name":"Farn\u00e9sio","image":{"@type":"ImageObject","inLanguage":"pt-BR","@id":"https:\/\/secure.gravatar.com\/avatar\/986aa4c61ccdb66f8555bf88fc2a65609d00bcabd4d2d94377a727547345cbca?s=96&d=mm&r=g","url":"https:\/\/secure.gravatar.com\/avatar\/986aa4c61ccdb66f8555bf88fc2a65609d00bcabd4d2d94377a727547345cbca?s=96&d=mm&r=g","contentUrl":"https:\/\/secure.gravatar.com\/avatar\/986aa4c61ccdb66f8555bf88fc2a65609d00bcabd4d2d94377a727547345cbca?s=96&d=mm&r=g","caption":"Farn\u00e9sio"},"description":"Radialista blogueiro, chegou a Petrolina\/Juazeiro em setembro de 1980, Farn\u00e9sio Silva \u00e9 de Arapiraca-Alagoas.","sameAs":["http:\/\/blogdofarnesio.com.br","https:\/\/www.facebook.com\/?ref=tn_tnmn","https:\/\/www.instagram.com\/?utm_source=pwa_homescreen","https:\/\/youtube.com.br\/"],"url":"https:\/\/blogdofarnesio.com.br\/?author=2"}]}},"_links":{"self":[{"href":"https:\/\/blogdofarnesio.com.br\/index.php?rest_route=\/wp\/v2\/posts\/420502","targetHints":{"allow":["GET"]}}],"collection":[{"href":"https:\/\/blogdofarnesio.com.br\/index.php?rest_route=\/wp\/v2\/posts"}],"about":[{"href":"https:\/\/blogdofarnesio.com.br\/index.php?rest_route=\/wp\/v2\/types\/post"}],"author":[{"embeddable":true,"href":"https:\/\/blogdofarnesio.com.br\/index.php?rest_route=\/wp\/v2\/users\/2"}],"replies":[{"embeddable":true,"href":"https:\/\/blogdofarnesio.com.br\/index.php?rest_route=%2Fwp%2Fv2%2Fcomments&post=420502"}],"version-history":[{"count":3,"href":"https:\/\/blogdofarnesio.com.br\/index.php?rest_route=\/wp\/v2\/posts\/420502\/revisions"}],"predecessor-version":[{"id":420506,"href":"https:\/\/blogdofarnesio.com.br\/index.php?rest_route=\/wp\/v2\/posts\/420502\/revisions\/420506"}],"wp:featuredmedia":[{"embeddable":true,"href":"https:\/\/blogdofarnesio.com.br\/index.php?rest_route=\/wp\/v2\/media\/420503"}],"wp:attachment":[{"href":"https:\/\/blogdofarnesio.com.br\/index.php?rest_route=%2Fwp%2Fv2%2Fmedia&parent=420502"}],"wp:term":[{"taxonomy":"category","embeddable":true,"href":"https:\/\/blogdofarnesio.com.br\/index.php?rest_route=%2Fwp%2Fv2%2Fcategories&post=420502"},{"taxonomy":"post_tag","embeddable":true,"href":"https:\/\/blogdofarnesio.com.br\/index.php?rest_route=%2Fwp%2Fv2%2Ftags&post=420502"}],"curies":[{"name":"wp","href":"https:\/\/api.w.org\/{rel}","templated":true}]}}