{"id":420482,"date":"2026-04-27T17:02:35","date_gmt":"2026-04-27T20:02:35","guid":{"rendered":"https:\/\/blogdofarnesio.com.br\/?p=420482"},"modified":"2026-04-27T15:48:03","modified_gmt":"2026-04-27T18:48:03","slug":"gravado-em-salvador-projeto-dominguinho-2-ganha-data-de-estreia-saiba-quando","status":"publish","type":"post","link":"https:\/\/blogdofarnesio.com.br\/?p=420482","title":{"rendered":"Gravado em Salvador, projeto \u201cDominguinho 2\u201d ganha data de estreia; saiba quando"},"content":{"rendered":"<div class=\"sc-b4c8ccf3-0 fsXNOt\"><\/div>\n<div class=\"sc-24c322fd-1 laZqPV\">\n<div class=\"sc-24c322fd-2 dQgbLd\">\n<div class=\"imgCredits\">O projeto \u201cDominguinho\u201d, parceria entre Jo\u00e3o Gomes, Jota.p\u00ea e Mestrinho, j\u00e1 tem data para ganhar seu segundo volume. Gravado no Centro Hist\u00f3rico de Salvador, \u201cDominguinho 2\u201d chega \u00e0s plataformas digitais no dia 7 de maio.<\/div>\n<\/div>\n<div class=\"sc-24c322fd-3 giHdVV\">\n<p>O an\u00fancio foi feito no \u00faltimo s\u00e1bado (25), durante show no Allianz Parque, em S\u00e3o Paulo, que celebrou um ano do projeto e reuniu cerca de 50 mil pessoas. \u201cDepois de uma noite incr\u00edvel, chegou a hora de oficializar o que compartilhamos com voc\u00eas ontem\u2026 \u00c9 real, \u00e9 oficial: vem a\u00ed o Dominguinho 2\u201d, publicou o perfil oficial.<\/p>\n<p>O novo volume traz m\u00fasicas in\u00e9ditas registradas em mar\u00e7o, na capital baiana, mantendo o formato intimista que marcou a primeira edi\u00e7\u00e3o.<\/p>\n<p>Lan\u00e7ado em abril de 2025, o projeto \u201cDominguinho\u201d foi gravado no S\u00edtio Hist\u00f3rico de Olinda e faz uma homenagem a Dominguinhos, um dos maiores sanfoneiros da hist\u00f3ria da m\u00fasica brasileira.<\/p>\n<p>O trabalho venceu o Grammy Latino de 2025 na categoria Melhor \u00c1lbum de M\u00fasica de Ra\u00edzes em L\u00edngua Portuguesa, ao reunir uma mistura de ritmos nordestinos com influ\u00eancias contempor\u00e2neas, e acumula milh\u00f5es de reprodu\u00e7\u00f5es nas plataformas digitais.\u00a0O projeto conta com adapta\u00e7\u00f5es de cl\u00e1ssicos e m\u00fasicas autorais em formato intimista, com sanfona, viol\u00e3o e percuss\u00e3o. Entre as faixas est\u00e3o \u201cLembrei de N\u00f3s\u201d, \u201cFlor\u201d e \u201cBeija Flor\u201d.<\/p>\n<p><iframe id=\"instagram-embed-5\" class=\"instagram-media instagram-media-rendered\" src=\"https:\/\/www.instagram.com\/reel\/DXme9UxjiDl\/embed\/captioned\/?cr=1&amp;v=14&amp;wp=675&amp;rd=https%3A%2F%2Fwww.bahianoticias.com.br&amp;rp=%2F#%7B%22ci%22%3A5%2C%22os%22%3A1411169.800000012%2C%22ls%22%3A25518.80000001192%2C%22le%22%3A25770.59999999404%7D\" height=\"1096\" frameborder=\"0\" scrolling=\"no\" allowfullscreen=\"allowfullscreen\" data-instgrm-payload-id=\"instagram-media-payload-5\" data-gtm-yt-inspected-13=\"true\" data-mce-fragment=\"1\"><\/iframe><\/p>\n<\/div>\n<\/div>\n","protected":false},"excerpt":{"rendered":"<p>O projeto \u201cDominguinho\u201d, parceria entre Jo\u00e3o Gomes, Jota.p\u00ea e Mestrinho, j\u00e1 tem data para ganhar seu segundo volume. Gravado no Centro Hist\u00f3rico de Salvador, \u201cDominguinho 2\u201d chega \u00e0s plataformas digitais no dia 7 de maio. O an\u00fancio foi feito no \u00faltimo s\u00e1bado (25), durante show no Allianz Parque, em S\u00e3o Paulo, que celebrou um ano do projeto e reuniu cerca de 50 mil pessoas. \u201cDepois de uma noite incr\u00edvel, chegou a hora de oficializar o que compartilhamos com voc\u00eas ontem\u2026 \u00c9 real, \u00e9 oficial: vem a\u00ed o Dominguinho 2\u201d, publicou o perfil oficial. O novo volume traz m\u00fasicas in\u00e9ditas registradas em mar\u00e7o, na capital baiana, mantendo o formato intimista que marcou a primeira edi\u00e7\u00e3o. Lan\u00e7ado em abril de 2025, o&hellip; <\/p>\n","protected":false},"author":2,"featured_media":420483,"comment_status":"open","ping_status":"open","sticky":false,"template":"","format":"standard","meta":{"_acf_changed":false,"footnotes":""},"categories":[3],"tags":[],"class_list":["post-420482","post","type-post","status-publish","format-standard","has-post-thumbnail","hentry","category-entretenimento"],"acf":[],"yoast_head":"<!-- This site is optimized with the Yoast SEO plugin v27.4 - https:\/\/yoast.com\/product\/yoast-seo-wordpress\/ -->\n<title>Gravado em Salvador, projeto \u201cDominguinho 2\u201d ganha data de estreia; saiba quando - Blog do Farn\u00e9sio<\/title>\n<meta name=\"robots\" content=\"index, follow, max-snippet:-1, max-image-preview:large, max-video-preview:-1\" \/>\n<link rel=\"canonical\" href=\"https:\/\/blogdofarnesio.com.br\/?p=420482\" \/>\n<meta property=\"og:locale\" content=\"pt_BR\" \/>\n<meta property=\"og:type\" content=\"article\" \/>\n<meta property=\"og:title\" content=\"Gravado em Salvador, projeto \u201cDominguinho 2\u201d ganha data de estreia; saiba quando - Blog do Farn\u00e9sio\" \/>\n<meta property=\"og:description\" content=\"O projeto \u201cDominguinho\u201d, parceria entre Jo\u00e3o Gomes, Jota.p\u00ea e Mestrinho, j\u00e1 tem data para ganhar seu segundo volume. Gravado no Centro Hist\u00f3rico de Salvador, \u201cDominguinho 2\u201d chega \u00e0s plataformas digitais no dia 7 de maio. O an\u00fancio foi feito no \u00faltimo s\u00e1bado (25), durante show no Allianz Parque, em S\u00e3o Paulo, que celebrou um ano do projeto e reuniu cerca de 50 mil pessoas. \u201cDepois de uma noite incr\u00edvel, chegou a hora de oficializar o que compartilhamos com voc\u00eas ontem\u2026 \u00c9 real, \u00e9 oficial: vem a\u00ed o Dominguinho 2\u201d, publicou o perfil oficial. O novo volume traz m\u00fasicas in\u00e9ditas registradas em mar\u00e7o, na capital baiana, mantendo o formato intimista que marcou a primeira edi\u00e7\u00e3o. Lan\u00e7ado em abril de 2025, o&hellip;\" \/>\n<meta property=\"og:url\" content=\"https:\/\/blogdofarnesio.com.br\/?p=420482\" \/>\n<meta property=\"og:site_name\" content=\"Blog do Farn\u00e9sio\" \/>\n<meta property=\"article:publisher\" content=\"https:\/\/www.facebook.com\/BlogQuerSaberPolitica\/\" \/>\n<meta property=\"article:author\" content=\"https:\/\/www.facebook.com\/?ref=tn_tnmn\" \/>\n<meta property=\"article:published_time\" content=\"2026-04-27T20:02:35+00:00\" \/>\n<meta property=\"og:image\" content=\"https:\/\/blogdofarnesio.com.br\/wp-content\/uploads\/2026\/04\/blogqspprojeto-dominguinho-joao-gomes.png\" \/>\n\t<meta property=\"og:image:width\" content=\"733\" \/>\n\t<meta property=\"og:image:height\" content=\"425\" \/>\n\t<meta property=\"og:image:type\" content=\"image\/png\" \/>\n<meta name=\"author\" content=\"Farn\u00e9sio\" \/>\n<meta name=\"twitter:card\" content=\"summary_large_image\" \/>\n<meta name=\"twitter:label1\" content=\"Escrito por\" \/>\n\t<meta name=\"twitter:data1\" content=\"Farn\u00e9sio\" \/>\n\t<meta name=\"twitter:label2\" content=\"Est. tempo de leitura\" \/>\n\t<meta name=\"twitter:data2\" content=\"2 minutos\" \/>\n<script type=\"application\/ld+json\" class=\"yoast-schema-graph\">{\"@context\":\"https:\\\/\\\/schema.org\",\"@graph\":[{\"@type\":\"Article\",\"@id\":\"https:\\\/\\\/blogdofarnesio.com.br\\\/?p=420482#article\",\"isPartOf\":{\"@id\":\"https:\\\/\\\/blogdofarnesio.com.br\\\/?p=420482\"},\"author\":{\"name\":\"Farn\u00e9sio\",\"@id\":\"https:\\\/\\\/blogdofarnesio.com.br\\\/#\\\/schema\\\/person\\\/bb9b23ae3ad0609ce8df7b6c9e76824d\"},\"headline\":\"Gravado em Salvador, projeto \u201cDominguinho 2\u201d ganha data de estreia; saiba quando\",\"datePublished\":\"2026-04-27T20:02:35+00:00\",\"mainEntityOfPage\":{\"@id\":\"https:\\\/\\\/blogdofarnesio.com.br\\\/?p=420482\"},\"wordCount\":243,\"commentCount\":0,\"publisher\":{\"@id\":\"https:\\\/\\\/blogdofarnesio.com.br\\\/#organization\"},\"image\":{\"@id\":\"https:\\\/\\\/blogdofarnesio.com.br\\\/?p=420482#primaryimage\"},\"thumbnailUrl\":\"https:\\\/\\\/blogdofarnesio.com.br\\\/wp-content\\\/uploads\\\/2026\\\/04\\\/blogqspprojeto-dominguinho-joao-gomes.png\",\"articleSection\":[\"Entretenimento\"],\"inLanguage\":\"pt-BR\",\"potentialAction\":[{\"@type\":\"CommentAction\",\"name\":\"Comment\",\"target\":[\"https:\\\/\\\/blogdofarnesio.com.br\\\/?p=420482#respond\"]}]},{\"@type\":\"WebPage\",\"@id\":\"https:\\\/\\\/blogdofarnesio.com.br\\\/?p=420482\",\"url\":\"https:\\\/\\\/blogdofarnesio.com.br\\\/?p=420482\",\"name\":\"Gravado em Salvador, projeto \u201cDominguinho 2\u201d ganha data de estreia; saiba quando - Blog do Farn\u00e9sio\",\"isPartOf\":{\"@id\":\"https:\\\/\\\/blogdofarnesio.com.br\\\/#website\"},\"primaryImageOfPage\":{\"@id\":\"https:\\\/\\\/blogdofarnesio.com.br\\\/?p=420482#primaryimage\"},\"image\":{\"@id\":\"https:\\\/\\\/blogdofarnesio.com.br\\\/?p=420482#primaryimage\"},\"thumbnailUrl\":\"https:\\\/\\\/blogdofarnesio.com.br\\\/wp-content\\\/uploads\\\/2026\\\/04\\\/blogqspprojeto-dominguinho-joao-gomes.png\",\"datePublished\":\"2026-04-27T20:02:35+00:00\",\"breadcrumb\":{\"@id\":\"https:\\\/\\\/blogdofarnesio.com.br\\\/?p=420482#breadcrumb\"},\"inLanguage\":\"pt-BR\",\"potentialAction\":[{\"@type\":\"ReadAction\",\"target\":[\"https:\\\/\\\/blogdofarnesio.com.br\\\/?p=420482\"]}]},{\"@type\":\"ImageObject\",\"inLanguage\":\"pt-BR\",\"@id\":\"https:\\\/\\\/blogdofarnesio.com.br\\\/?p=420482#primaryimage\",\"url\":\"https:\\\/\\\/blogdofarnesio.com.br\\\/wp-content\\\/uploads\\\/2026\\\/04\\\/blogqspprojeto-dominguinho-joao-gomes.png\",\"contentUrl\":\"https:\\\/\\\/blogdofarnesio.com.br\\\/wp-content\\\/uploads\\\/2026\\\/04\\\/blogqspprojeto-dominguinho-joao-gomes.png\",\"width\":733,\"height\":425},{\"@type\":\"BreadcrumbList\",\"@id\":\"https:\\\/\\\/blogdofarnesio.com.br\\\/?p=420482#breadcrumb\",\"itemListElement\":[{\"@type\":\"ListItem\",\"position\":1,\"name\":\"In\u00edcio\",\"item\":\"https:\\\/\\\/blogdofarnesio.com.br\\\/\"},{\"@type\":\"ListItem\",\"position\":2,\"name\":\"Gravado em Salvador, projeto \u201cDominguinho 2\u201d ganha data de estreia; saiba quando\"}]},{\"@type\":\"WebSite\",\"@id\":\"https:\\\/\\\/blogdofarnesio.com.br\\\/#website\",\"url\":\"https:\\\/\\\/blogdofarnesio.com.br\\\/\",\"name\":\"Blog do Farn\u00e9sio\",\"description\":\"Quer Saber Pol\u00edtica?\",\"publisher\":{\"@id\":\"https:\\\/\\\/blogdofarnesio.com.br\\\/#organization\"},\"potentialAction\":[{\"@type\":\"SearchAction\",\"target\":{\"@type\":\"EntryPoint\",\"urlTemplate\":\"https:\\\/\\\/blogdofarnesio.com.br\\\/?s={search_term_string}\"},\"query-input\":{\"@type\":\"PropertyValueSpecification\",\"valueRequired\":true,\"valueName\":\"search_term_string\"}}],\"inLanguage\":\"pt-BR\"},{\"@type\":\"Organization\",\"@id\":\"https:\\\/\\\/blogdofarnesio.com.br\\\/#organization\",\"name\":\"Blog do Farn\u00e9sio\",\"url\":\"https:\\\/\\\/blogdofarnesio.com.br\\\/\",\"logo\":{\"@type\":\"ImageObject\",\"inLanguage\":\"pt-BR\",\"@id\":\"https:\\\/\\\/blogdofarnesio.com.br\\\/#\\\/schema\\\/logo\\\/image\\\/\",\"url\":\"https:\\\/\\\/blogdofarnesio.com.br\\\/wp-content\\\/uploads\\\/2026\\\/03\\\/cropped-logo_new-1.png\",\"contentUrl\":\"https:\\\/\\\/blogdofarnesio.com.br\\\/wp-content\\\/uploads\\\/2026\\\/03\\\/cropped-logo_new-1.png\",\"width\":881,\"height\":685,\"caption\":\"Blog do Farn\u00e9sio\"},\"image\":{\"@id\":\"https:\\\/\\\/blogdofarnesio.com.br\\\/#\\\/schema\\\/logo\\\/image\\\/\"},\"sameAs\":[\"https:\\\/\\\/www.facebook.com\\\/BlogQuerSaberPolitica\\\/\"]},{\"@type\":\"Person\",\"@id\":\"https:\\\/\\\/blogdofarnesio.com.br\\\/#\\\/schema\\\/person\\\/bb9b23ae3ad0609ce8df7b6c9e76824d\",\"name\":\"Farn\u00e9sio\",\"image\":{\"@type\":\"ImageObject\",\"inLanguage\":\"pt-BR\",\"@id\":\"https:\\\/\\\/secure.gravatar.com\\\/avatar\\\/986aa4c61ccdb66f8555bf88fc2a65609d00bcabd4d2d94377a727547345cbca?s=96&d=mm&r=g\",\"url\":\"https:\\\/\\\/secure.gravatar.com\\\/avatar\\\/986aa4c61ccdb66f8555bf88fc2a65609d00bcabd4d2d94377a727547345cbca?s=96&d=mm&r=g\",\"contentUrl\":\"https:\\\/\\\/secure.gravatar.com\\\/avatar\\\/986aa4c61ccdb66f8555bf88fc2a65609d00bcabd4d2d94377a727547345cbca?s=96&d=mm&r=g\",\"caption\":\"Farn\u00e9sio\"},\"description\":\"Radialista blogueiro, chegou a Petrolina\\\/Juazeiro em setembro de 1980, Farn\u00e9sio Silva \u00e9 de Arapiraca-Alagoas.\",\"sameAs\":[\"http:\\\/\\\/blogdofarnesio.com.br\",\"https:\\\/\\\/www.facebook.com\\\/?ref=tn_tnmn\",\"https:\\\/\\\/www.instagram.com\\\/?utm_source=pwa_homescreen\",\"https:\\\/\\\/youtube.com.br\\\/\"],\"url\":\"https:\\\/\\\/blogdofarnesio.com.br\\\/?author=2\"}]}<\/script>\n<!-- \/ Yoast SEO plugin. -->","yoast_head_json":{"title":"Gravado em Salvador, projeto \u201cDominguinho 2\u201d ganha data de estreia; saiba quando - Blog do Farn\u00e9sio","robots":{"index":"index","follow":"follow","max-snippet":"max-snippet:-1","max-image-preview":"max-image-preview:large","max-video-preview":"max-video-preview:-1"},"canonical":"https:\/\/blogdofarnesio.com.br\/?p=420482","og_locale":"pt_BR","og_type":"article","og_title":"Gravado em Salvador, projeto \u201cDominguinho 2\u201d ganha data de estreia; saiba quando - Blog do Farn\u00e9sio","og_description":"O projeto \u201cDominguinho\u201d, parceria entre Jo\u00e3o Gomes, Jota.p\u00ea e Mestrinho, j\u00e1 tem data para ganhar seu segundo volume. Gravado no Centro Hist\u00f3rico de Salvador, \u201cDominguinho 2\u201d chega \u00e0s plataformas digitais no dia 7 de maio. O an\u00fancio foi feito no \u00faltimo s\u00e1bado (25), durante show no Allianz Parque, em S\u00e3o Paulo, que celebrou um ano do projeto e reuniu cerca de 50 mil pessoas. \u201cDepois de uma noite incr\u00edvel, chegou a hora de oficializar o que compartilhamos com voc\u00eas ontem\u2026 \u00c9 real, \u00e9 oficial: vem a\u00ed o Dominguinho 2\u201d, publicou o perfil oficial. O novo volume traz m\u00fasicas in\u00e9ditas registradas em mar\u00e7o, na capital baiana, mantendo o formato intimista que marcou a primeira edi\u00e7\u00e3o. Lan\u00e7ado em abril de 2025, o&hellip;","og_url":"https:\/\/blogdofarnesio.com.br\/?p=420482","og_site_name":"Blog do Farn\u00e9sio","article_publisher":"https:\/\/www.facebook.com\/BlogQuerSaberPolitica\/","article_author":"https:\/\/www.facebook.com\/?ref=tn_tnmn","article_published_time":"2026-04-27T20:02:35+00:00","og_image":[{"width":733,"height":425,"url":"https:\/\/blogdofarnesio.com.br\/wp-content\/uploads\/2026\/04\/blogqspprojeto-dominguinho-joao-gomes.png","type":"image\/png"}],"author":"Farn\u00e9sio","twitter_card":"summary_large_image","twitter_misc":{"Escrito por":"Farn\u00e9sio","Est. tempo de leitura":"2 minutos"},"schema":{"@context":"https:\/\/schema.org","@graph":[{"@type":"Article","@id":"https:\/\/blogdofarnesio.com.br\/?p=420482#article","isPartOf":{"@id":"https:\/\/blogdofarnesio.com.br\/?p=420482"},"author":{"name":"Farn\u00e9sio","@id":"https:\/\/blogdofarnesio.com.br\/#\/schema\/person\/bb9b23ae3ad0609ce8df7b6c9e76824d"},"headline":"Gravado em Salvador, projeto \u201cDominguinho 2\u201d ganha data de estreia; saiba quando","datePublished":"2026-04-27T20:02:35+00:00","mainEntityOfPage":{"@id":"https:\/\/blogdofarnesio.com.br\/?p=420482"},"wordCount":243,"commentCount":0,"publisher":{"@id":"https:\/\/blogdofarnesio.com.br\/#organization"},"image":{"@id":"https:\/\/blogdofarnesio.com.br\/?p=420482#primaryimage"},"thumbnailUrl":"https:\/\/blogdofarnesio.com.br\/wp-content\/uploads\/2026\/04\/blogqspprojeto-dominguinho-joao-gomes.png","articleSection":["Entretenimento"],"inLanguage":"pt-BR","potentialAction":[{"@type":"CommentAction","name":"Comment","target":["https:\/\/blogdofarnesio.com.br\/?p=420482#respond"]}]},{"@type":"WebPage","@id":"https:\/\/blogdofarnesio.com.br\/?p=420482","url":"https:\/\/blogdofarnesio.com.br\/?p=420482","name":"Gravado em Salvador, projeto \u201cDominguinho 2\u201d ganha data de estreia; saiba quando - Blog do Farn\u00e9sio","isPartOf":{"@id":"https:\/\/blogdofarnesio.com.br\/#website"},"primaryImageOfPage":{"@id":"https:\/\/blogdofarnesio.com.br\/?p=420482#primaryimage"},"image":{"@id":"https:\/\/blogdofarnesio.com.br\/?p=420482#primaryimage"},"thumbnailUrl":"https:\/\/blogdofarnesio.com.br\/wp-content\/uploads\/2026\/04\/blogqspprojeto-dominguinho-joao-gomes.png","datePublished":"2026-04-27T20:02:35+00:00","breadcrumb":{"@id":"https:\/\/blogdofarnesio.com.br\/?p=420482#breadcrumb"},"inLanguage":"pt-BR","potentialAction":[{"@type":"ReadAction","target":["https:\/\/blogdofarnesio.com.br\/?p=420482"]}]},{"@type":"ImageObject","inLanguage":"pt-BR","@id":"https:\/\/blogdofarnesio.com.br\/?p=420482#primaryimage","url":"https:\/\/blogdofarnesio.com.br\/wp-content\/uploads\/2026\/04\/blogqspprojeto-dominguinho-joao-gomes.png","contentUrl":"https:\/\/blogdofarnesio.com.br\/wp-content\/uploads\/2026\/04\/blogqspprojeto-dominguinho-joao-gomes.png","width":733,"height":425},{"@type":"BreadcrumbList","@id":"https:\/\/blogdofarnesio.com.br\/?p=420482#breadcrumb","itemListElement":[{"@type":"ListItem","position":1,"name":"In\u00edcio","item":"https:\/\/blogdofarnesio.com.br\/"},{"@type":"ListItem","position":2,"name":"Gravado em Salvador, projeto \u201cDominguinho 2\u201d ganha data de estreia; saiba quando"}]},{"@type":"WebSite","@id":"https:\/\/blogdofarnesio.com.br\/#website","url":"https:\/\/blogdofarnesio.com.br\/","name":"Blog do Farn\u00e9sio","description":"Quer Saber Pol\u00edtica?","publisher":{"@id":"https:\/\/blogdofarnesio.com.br\/#organization"},"potentialAction":[{"@type":"SearchAction","target":{"@type":"EntryPoint","urlTemplate":"https:\/\/blogdofarnesio.com.br\/?s={search_term_string}"},"query-input":{"@type":"PropertyValueSpecification","valueRequired":true,"valueName":"search_term_string"}}],"inLanguage":"pt-BR"},{"@type":"Organization","@id":"https:\/\/blogdofarnesio.com.br\/#organization","name":"Blog do Farn\u00e9sio","url":"https:\/\/blogdofarnesio.com.br\/","logo":{"@type":"ImageObject","inLanguage":"pt-BR","@id":"https:\/\/blogdofarnesio.com.br\/#\/schema\/logo\/image\/","url":"https:\/\/blogdofarnesio.com.br\/wp-content\/uploads\/2026\/03\/cropped-logo_new-1.png","contentUrl":"https:\/\/blogdofarnesio.com.br\/wp-content\/uploads\/2026\/03\/cropped-logo_new-1.png","width":881,"height":685,"caption":"Blog do Farn\u00e9sio"},"image":{"@id":"https:\/\/blogdofarnesio.com.br\/#\/schema\/logo\/image\/"},"sameAs":["https:\/\/www.facebook.com\/BlogQuerSaberPolitica\/"]},{"@type":"Person","@id":"https:\/\/blogdofarnesio.com.br\/#\/schema\/person\/bb9b23ae3ad0609ce8df7b6c9e76824d","name":"Farn\u00e9sio","image":{"@type":"ImageObject","inLanguage":"pt-BR","@id":"https:\/\/secure.gravatar.com\/avatar\/986aa4c61ccdb66f8555bf88fc2a65609d00bcabd4d2d94377a727547345cbca?s=96&d=mm&r=g","url":"https:\/\/secure.gravatar.com\/avatar\/986aa4c61ccdb66f8555bf88fc2a65609d00bcabd4d2d94377a727547345cbca?s=96&d=mm&r=g","contentUrl":"https:\/\/secure.gravatar.com\/avatar\/986aa4c61ccdb66f8555bf88fc2a65609d00bcabd4d2d94377a727547345cbca?s=96&d=mm&r=g","caption":"Farn\u00e9sio"},"description":"Radialista blogueiro, chegou a Petrolina\/Juazeiro em setembro de 1980, Farn\u00e9sio Silva \u00e9 de Arapiraca-Alagoas.","sameAs":["http:\/\/blogdofarnesio.com.br","https:\/\/www.facebook.com\/?ref=tn_tnmn","https:\/\/www.instagram.com\/?utm_source=pwa_homescreen","https:\/\/youtube.com.br\/"],"url":"https:\/\/blogdofarnesio.com.br\/?author=2"}]}},"_links":{"self":[{"href":"https:\/\/blogdofarnesio.com.br\/index.php?rest_route=\/wp\/v2\/posts\/420482","targetHints":{"allow":["GET"]}}],"collection":[{"href":"https:\/\/blogdofarnesio.com.br\/index.php?rest_route=\/wp\/v2\/posts"}],"about":[{"href":"https:\/\/blogdofarnesio.com.br\/index.php?rest_route=\/wp\/v2\/types\/post"}],"author":[{"embeddable":true,"href":"https:\/\/blogdofarnesio.com.br\/index.php?rest_route=\/wp\/v2\/users\/2"}],"replies":[{"embeddable":true,"href":"https:\/\/blogdofarnesio.com.br\/index.php?rest_route=%2Fwp%2Fv2%2Fcomments&post=420482"}],"version-history":[{"count":2,"href":"https:\/\/blogdofarnesio.com.br\/index.php?rest_route=\/wp\/v2\/posts\/420482\/revisions"}],"predecessor-version":[{"id":420516,"href":"https:\/\/blogdofarnesio.com.br\/index.php?rest_route=\/wp\/v2\/posts\/420482\/revisions\/420516"}],"wp:featuredmedia":[{"embeddable":true,"href":"https:\/\/blogdofarnesio.com.br\/index.php?rest_route=\/wp\/v2\/media\/420483"}],"wp:attachment":[{"href":"https:\/\/blogdofarnesio.com.br\/index.php?rest_route=%2Fwp%2Fv2%2Fmedia&parent=420482"}],"wp:term":[{"taxonomy":"category","embeddable":true,"href":"https:\/\/blogdofarnesio.com.br\/index.php?rest_route=%2Fwp%2Fv2%2Fcategories&post=420482"},{"taxonomy":"post_tag","embeddable":true,"href":"https:\/\/blogdofarnesio.com.br\/index.php?rest_route=%2Fwp%2Fv2%2Ftags&post=420482"}],"curies":[{"name":"wp","href":"https:\/\/api.w.org\/{rel}","templated":true}]}}