{"id":420478,"date":"2026-04-27T13:05:40","date_gmt":"2026-04-27T16:05:40","guid":{"rendered":"https:\/\/blogdofarnesio.com.br\/?p=420478"},"modified":"2026-04-27T08:39:06","modified_gmt":"2026-04-27T11:39:06","slug":"eleicoes-pe-2026-lucas-ramos-faz-flores-pe-vibrar-no-lancamento-da-pre-candidatura-de-marconi-santana","status":"publish","type":"post","link":"https:\/\/blogdofarnesio.com.br\/?p=420478","title":{"rendered":"Elei\u00e7\u00f5es-PE 2026: Lucas Ramos faz Flores\/PE vibrar no Lan\u00e7amento da Pr\u00e9-Candidatura de Marconi Santana."},"content":{"rendered":"<div class=\"\">\n<div id=\":qk\" class=\"ii gt\">\n<div id=\":qj\" class=\"a3s aiL\">\n<div id=\"avWBGd-23\">\n<div dir=\"auto\">\n<p>A cidade de Flores, no cora\u00e7\u00e3o do Sert\u00e3o do Paje\u00fa, testemunhou um dos momentos mais vibrantes da pol\u00edtica regional recente. A Casa de Recep\u00e7\u00e3o 16 de Mar\u00e7o ficou pequena para receber um p\u00fablico entusiasmado com o lan\u00e7amento da pr\u00e9-candidatura de Marconi Santana \u00e0 Assembleia Legislativa de Pernambuco (ALEPE).<\/p>\n<p>O evento, que parou a cidade, ganhou contornos de mobiliza\u00e7\u00e3o estadual com a presen\u00e7a de representantes de todas as regi\u00f5es de Pernambuco. Em um discurso potente, o deputado federal Lucas Ramos deu o tom ao afirmar a capacidade de articula\u00e7\u00e3o e entrega que tem o ex-prefeito.<\/p>\n<p>Com emo\u00e7\u00e3o e muito simbolismo em seu discurso, Lucas Ramos n\u00e3o apenas endossou o nome de Marconi, mas tra\u00e7ou um panorama de esperan\u00e7a para o desenvolvimento do interior. O deputado federal destacou que a for\u00e7a do projeto pol\u00edtico ali apresentado reside na identidade sertaneja e na capacidade de entrega.<br \/>\nPara Lucas, o momento n\u00e3o \u00e9 de espera, mas de a\u00e7\u00e3o imediata, afirmando categoricamente que &#8220;o futuro a gente constr\u00f3i agora, desde j\u00e1&#8221;.<\/p>\n<p>Lucas Ramos fez quest\u00e3o de enaltecer o perfil trabalhador de Marconi Santana, descrevendo-o como um l\u00edder que &#8220;n\u00e3o sossega um s\u00f3 momento&#8221; na defesa dos cidad\u00e3os, especialmente dos agricultores. Com frases de grande impacto que reverberaram pelo sal\u00e3o de eventos, o deputado enfatizou a resili\u00eancia do pr\u00e9-candidato: &#8220;N\u00e3o precisa o cavalo estar selado, n\u00e3o. Ele se agarra \u00e9 na crina e vai!&#8221;, exclamou, sendo ovacionado pelos presentes que viam na met\u00e1fora a representa\u00e7\u00e3o exata do esp\u00edrito de luta do povo do Paje\u00fa.<\/p>\n<p>O discurso de Lucas Ramos tamb\u00e9m serviu para consolidar a uni\u00e3o de diferentes regi\u00f5es do estado em torno desse projeto. Ele citou a presen\u00e7a de lideran\u00e7as do Agreste, do Polo de Confec\u00e7\u00f5es e da Regi\u00e3o Metropolitana e de todos os Sert\u00f5es, ratificando o discurso de que Pernambuco precisa de representantes que conhe\u00e7am a realidade de quem produz. Segundo o deputado federal, ver um leg\u00edtimo filho da terra almejando a ALEPE \u00e9 a realiza\u00e7\u00e3o de um desejo coletivo: &#8220;Poder ser deputado estadual n\u00e3o \u00e9 s\u00f3 o sonho de Flores, \u00e9 o sonho de todo o Paje\u00fa&#8221;.<\/p>\n<p>Ao finalizar sua participa\u00e7\u00e3o, Lucas Ramos refor\u00e7ou o compromisso pessoal e pol\u00edtico com a caminhada de Marconi, garantindo que estar\u00e1 presente em cada etapa, da gest\u00e3o \u00e0 celebra\u00e7\u00e3o. O evento realizado esta noite n\u00e3o apenas lan\u00e7ou um nome \u00e0 pol\u00edtica pernambucana, mas tamb\u00e9m estabeleceu um novo marco de articula\u00e7\u00e3o pol\u00edtica no Sert\u00e3o, sob a batuta de um Lucas Ramos inspirado e um Marconi Santana pronto para os novos desafios que o estado demanda.<\/p>\n<\/div>\n<div dir=\"auto\"><\/div>\n<div dir=\"auto\"><b><i>ASCOM &#8211; Deputado Federal Lucas Ramos<\/i><\/b><\/div>\n<\/div>\n<\/div>\n<\/div>\n<\/div>\n","protected":false},"excerpt":{"rendered":"<p>A cidade de Flores, no cora\u00e7\u00e3o do Sert\u00e3o do Paje\u00fa, testemunhou um dos momentos mais vibrantes da pol\u00edtica regional recente. A Casa de Recep\u00e7\u00e3o 16 de Mar\u00e7o ficou pequena para receber um p\u00fablico entusiasmado com o lan\u00e7amento da pr\u00e9-candidatura de Marconi Santana \u00e0 Assembleia Legislativa de Pernambuco (ALEPE). O evento, que parou a cidade, ganhou contornos de mobiliza\u00e7\u00e3o estadual com a presen\u00e7a de representantes de todas as regi\u00f5es de Pernambuco. Em um discurso potente, o deputado federal Lucas Ramos deu o tom ao afirmar a capacidade de articula\u00e7\u00e3o e entrega que tem o ex-prefeito. Com emo\u00e7\u00e3o e muito simbolismo em seu discurso, Lucas Ramos n\u00e3o apenas endossou o nome de Marconi, mas tra\u00e7ou um panorama de esperan\u00e7a para o desenvolvimento&hellip; <\/p>\n","protected":false},"author":2,"featured_media":420479,"comment_status":"open","ping_status":"open","sticky":false,"template":"","format":"standard","meta":{"_acf_changed":false,"footnotes":""},"categories":[34],"tags":[],"class_list":["post-420478","post","type-post","status-publish","format-standard","has-post-thumbnail","hentry","category-eleicoes"],"acf":[],"yoast_head":"<!-- This site is optimized with the Yoast SEO plugin v27.4 - https:\/\/yoast.com\/product\/yoast-seo-wordpress\/ -->\n<title>Elei\u00e7\u00f5es-PE 2026: Lucas Ramos faz Flores\/PE vibrar no Lan\u00e7amento da Pr\u00e9-Candidatura de Marconi Santana. - Blog do Farn\u00e9sio<\/title>\n<meta name=\"robots\" content=\"index, follow, max-snippet:-1, max-image-preview:large, max-video-preview:-1\" \/>\n<link rel=\"canonical\" href=\"https:\/\/blogdofarnesio.com.br\/?p=420478\" \/>\n<meta property=\"og:locale\" content=\"pt_BR\" \/>\n<meta property=\"og:type\" content=\"article\" \/>\n<meta property=\"og:title\" content=\"Elei\u00e7\u00f5es-PE 2026: Lucas Ramos faz Flores\/PE vibrar no Lan\u00e7amento da Pr\u00e9-Candidatura de Marconi Santana. - Blog do Farn\u00e9sio\" \/>\n<meta property=\"og:description\" content=\"A cidade de Flores, no cora\u00e7\u00e3o do Sert\u00e3o do Paje\u00fa, testemunhou um dos momentos mais vibrantes da pol\u00edtica regional recente. A Casa de Recep\u00e7\u00e3o 16 de Mar\u00e7o ficou pequena para receber um p\u00fablico entusiasmado com o lan\u00e7amento da pr\u00e9-candidatura de Marconi Santana \u00e0 Assembleia Legislativa de Pernambuco (ALEPE). O evento, que parou a cidade, ganhou contornos de mobiliza\u00e7\u00e3o estadual com a presen\u00e7a de representantes de todas as regi\u00f5es de Pernambuco. Em um discurso potente, o deputado federal Lucas Ramos deu o tom ao afirmar a capacidade de articula\u00e7\u00e3o e entrega que tem o ex-prefeito. Com emo\u00e7\u00e3o e muito simbolismo em seu discurso, Lucas Ramos n\u00e3o apenas endossou o nome de Marconi, mas tra\u00e7ou um panorama de esperan\u00e7a para o desenvolvimento&hellip;\" \/>\n<meta property=\"og:url\" content=\"https:\/\/blogdofarnesio.com.br\/?p=420478\" \/>\n<meta property=\"og:site_name\" content=\"Blog do Farn\u00e9sio\" \/>\n<meta property=\"article:publisher\" content=\"https:\/\/www.facebook.com\/BlogQuerSaberPolitica\/\" \/>\n<meta property=\"article:author\" content=\"https:\/\/www.facebook.com\/?ref=tn_tnmn\" \/>\n<meta property=\"article:published_time\" content=\"2026-04-27T16:05:40+00:00\" \/>\n<meta property=\"og:image\" content=\"https:\/\/blogdofarnesio.com.br\/wp-content\/uploads\/2026\/04\/blbogqsplucas-ramos-marconi-flores-e1777289871417.png\" \/>\n\t<meta property=\"og:image:width\" content=\"741\" \/>\n\t<meta property=\"og:image:height\" content=\"542\" \/>\n\t<meta property=\"og:image:type\" content=\"image\/png\" \/>\n<meta name=\"author\" content=\"Farn\u00e9sio\" \/>\n<meta name=\"twitter:card\" content=\"summary_large_image\" \/>\n<meta name=\"twitter:label1\" content=\"Escrito por\" \/>\n\t<meta name=\"twitter:data1\" content=\"Farn\u00e9sio\" \/>\n\t<meta name=\"twitter:label2\" content=\"Est. tempo de leitura\" \/>\n\t<meta name=\"twitter:data2\" content=\"3 minutos\" \/>\n<script type=\"application\/ld+json\" class=\"yoast-schema-graph\">{\"@context\":\"https:\\\/\\\/schema.org\",\"@graph\":[{\"@type\":\"Article\",\"@id\":\"https:\\\/\\\/blogdofarnesio.com.br\\\/?p=420478#article\",\"isPartOf\":{\"@id\":\"https:\\\/\\\/blogdofarnesio.com.br\\\/?p=420478\"},\"author\":{\"name\":\"Farn\u00e9sio\",\"@id\":\"https:\\\/\\\/blogdofarnesio.com.br\\\/#\\\/schema\\\/person\\\/bb9b23ae3ad0609ce8df7b6c9e76824d\"},\"headline\":\"Elei\u00e7\u00f5es-PE 2026: Lucas Ramos faz Flores\\\/PE vibrar no Lan\u00e7amento da Pr\u00e9-Candidatura de Marconi Santana.\",\"datePublished\":\"2026-04-27T16:05:40+00:00\",\"mainEntityOfPage\":{\"@id\":\"https:\\\/\\\/blogdofarnesio.com.br\\\/?p=420478\"},\"wordCount\":487,\"commentCount\":0,\"publisher\":{\"@id\":\"https:\\\/\\\/blogdofarnesio.com.br\\\/#organization\"},\"image\":{\"@id\":\"https:\\\/\\\/blogdofarnesio.com.br\\\/?p=420478#primaryimage\"},\"thumbnailUrl\":\"https:\\\/\\\/blogdofarnesio.com.br\\\/wp-content\\\/uploads\\\/2026\\\/04\\\/blbogqsplucas-ramos-marconi-flores-e1777289871417.png\",\"articleSection\":[\"Elei\u00e7\u00f5es\"],\"inLanguage\":\"pt-BR\",\"potentialAction\":[{\"@type\":\"CommentAction\",\"name\":\"Comment\",\"target\":[\"https:\\\/\\\/blogdofarnesio.com.br\\\/?p=420478#respond\"]}]},{\"@type\":\"WebPage\",\"@id\":\"https:\\\/\\\/blogdofarnesio.com.br\\\/?p=420478\",\"url\":\"https:\\\/\\\/blogdofarnesio.com.br\\\/?p=420478\",\"name\":\"Elei\u00e7\u00f5es-PE 2026: Lucas Ramos faz Flores\\\/PE vibrar no Lan\u00e7amento da Pr\u00e9-Candidatura de Marconi Santana. - Blog do Farn\u00e9sio\",\"isPartOf\":{\"@id\":\"https:\\\/\\\/blogdofarnesio.com.br\\\/#website\"},\"primaryImageOfPage\":{\"@id\":\"https:\\\/\\\/blogdofarnesio.com.br\\\/?p=420478#primaryimage\"},\"image\":{\"@id\":\"https:\\\/\\\/blogdofarnesio.com.br\\\/?p=420478#primaryimage\"},\"thumbnailUrl\":\"https:\\\/\\\/blogdofarnesio.com.br\\\/wp-content\\\/uploads\\\/2026\\\/04\\\/blbogqsplucas-ramos-marconi-flores-e1777289871417.png\",\"datePublished\":\"2026-04-27T16:05:40+00:00\",\"breadcrumb\":{\"@id\":\"https:\\\/\\\/blogdofarnesio.com.br\\\/?p=420478#breadcrumb\"},\"inLanguage\":\"pt-BR\",\"potentialAction\":[{\"@type\":\"ReadAction\",\"target\":[\"https:\\\/\\\/blogdofarnesio.com.br\\\/?p=420478\"]}]},{\"@type\":\"ImageObject\",\"inLanguage\":\"pt-BR\",\"@id\":\"https:\\\/\\\/blogdofarnesio.com.br\\\/?p=420478#primaryimage\",\"url\":\"https:\\\/\\\/blogdofarnesio.com.br\\\/wp-content\\\/uploads\\\/2026\\\/04\\\/blbogqsplucas-ramos-marconi-flores-e1777289871417.png\",\"contentUrl\":\"https:\\\/\\\/blogdofarnesio.com.br\\\/wp-content\\\/uploads\\\/2026\\\/04\\\/blbogqsplucas-ramos-marconi-flores-e1777289871417.png\",\"width\":741,\"height\":542},{\"@type\":\"BreadcrumbList\",\"@id\":\"https:\\\/\\\/blogdofarnesio.com.br\\\/?p=420478#breadcrumb\",\"itemListElement\":[{\"@type\":\"ListItem\",\"position\":1,\"name\":\"In\u00edcio\",\"item\":\"https:\\\/\\\/blogdofarnesio.com.br\\\/\"},{\"@type\":\"ListItem\",\"position\":2,\"name\":\"Elei\u00e7\u00f5es-PE 2026: Lucas Ramos faz Flores\\\/PE vibrar no Lan\u00e7amento da Pr\u00e9-Candidatura de Marconi Santana.\"}]},{\"@type\":\"WebSite\",\"@id\":\"https:\\\/\\\/blogdofarnesio.com.br\\\/#website\",\"url\":\"https:\\\/\\\/blogdofarnesio.com.br\\\/\",\"name\":\"Blog do Farn\u00e9sio\",\"description\":\"Quer Saber Pol\u00edtica?\",\"publisher\":{\"@id\":\"https:\\\/\\\/blogdofarnesio.com.br\\\/#organization\"},\"potentialAction\":[{\"@type\":\"SearchAction\",\"target\":{\"@type\":\"EntryPoint\",\"urlTemplate\":\"https:\\\/\\\/blogdofarnesio.com.br\\\/?s={search_term_string}\"},\"query-input\":{\"@type\":\"PropertyValueSpecification\",\"valueRequired\":true,\"valueName\":\"search_term_string\"}}],\"inLanguage\":\"pt-BR\"},{\"@type\":\"Organization\",\"@id\":\"https:\\\/\\\/blogdofarnesio.com.br\\\/#organization\",\"name\":\"Blog do Farn\u00e9sio\",\"url\":\"https:\\\/\\\/blogdofarnesio.com.br\\\/\",\"logo\":{\"@type\":\"ImageObject\",\"inLanguage\":\"pt-BR\",\"@id\":\"https:\\\/\\\/blogdofarnesio.com.br\\\/#\\\/schema\\\/logo\\\/image\\\/\",\"url\":\"https:\\\/\\\/blogdofarnesio.com.br\\\/wp-content\\\/uploads\\\/2026\\\/03\\\/cropped-logo_new-1.png\",\"contentUrl\":\"https:\\\/\\\/blogdofarnesio.com.br\\\/wp-content\\\/uploads\\\/2026\\\/03\\\/cropped-logo_new-1.png\",\"width\":881,\"height\":685,\"caption\":\"Blog do Farn\u00e9sio\"},\"image\":{\"@id\":\"https:\\\/\\\/blogdofarnesio.com.br\\\/#\\\/schema\\\/logo\\\/image\\\/\"},\"sameAs\":[\"https:\\\/\\\/www.facebook.com\\\/BlogQuerSaberPolitica\\\/\"]},{\"@type\":\"Person\",\"@id\":\"https:\\\/\\\/blogdofarnesio.com.br\\\/#\\\/schema\\\/person\\\/bb9b23ae3ad0609ce8df7b6c9e76824d\",\"name\":\"Farn\u00e9sio\",\"image\":{\"@type\":\"ImageObject\",\"inLanguage\":\"pt-BR\",\"@id\":\"https:\\\/\\\/secure.gravatar.com\\\/avatar\\\/986aa4c61ccdb66f8555bf88fc2a65609d00bcabd4d2d94377a727547345cbca?s=96&d=mm&r=g\",\"url\":\"https:\\\/\\\/secure.gravatar.com\\\/avatar\\\/986aa4c61ccdb66f8555bf88fc2a65609d00bcabd4d2d94377a727547345cbca?s=96&d=mm&r=g\",\"contentUrl\":\"https:\\\/\\\/secure.gravatar.com\\\/avatar\\\/986aa4c61ccdb66f8555bf88fc2a65609d00bcabd4d2d94377a727547345cbca?s=96&d=mm&r=g\",\"caption\":\"Farn\u00e9sio\"},\"description\":\"Radialista blogueiro, chegou a Petrolina\\\/Juazeiro em setembro de 1980, Farn\u00e9sio Silva \u00e9 de Arapiraca-Alagoas.\",\"sameAs\":[\"http:\\\/\\\/blogdofarnesio.com.br\",\"https:\\\/\\\/www.facebook.com\\\/?ref=tn_tnmn\",\"https:\\\/\\\/www.instagram.com\\\/?utm_source=pwa_homescreen\",\"https:\\\/\\\/youtube.com.br\\\/\"],\"url\":\"https:\\\/\\\/blogdofarnesio.com.br\\\/?author=2\"}]}<\/script>\n<!-- \/ Yoast SEO plugin. -->","yoast_head_json":{"title":"Elei\u00e7\u00f5es-PE 2026: Lucas Ramos faz Flores\/PE vibrar no Lan\u00e7amento da Pr\u00e9-Candidatura de Marconi Santana. - Blog do Farn\u00e9sio","robots":{"index":"index","follow":"follow","max-snippet":"max-snippet:-1","max-image-preview":"max-image-preview:large","max-video-preview":"max-video-preview:-1"},"canonical":"https:\/\/blogdofarnesio.com.br\/?p=420478","og_locale":"pt_BR","og_type":"article","og_title":"Elei\u00e7\u00f5es-PE 2026: Lucas Ramos faz Flores\/PE vibrar no Lan\u00e7amento da Pr\u00e9-Candidatura de Marconi Santana. - Blog do Farn\u00e9sio","og_description":"A cidade de Flores, no cora\u00e7\u00e3o do Sert\u00e3o do Paje\u00fa, testemunhou um dos momentos mais vibrantes da pol\u00edtica regional recente. A Casa de Recep\u00e7\u00e3o 16 de Mar\u00e7o ficou pequena para receber um p\u00fablico entusiasmado com o lan\u00e7amento da pr\u00e9-candidatura de Marconi Santana \u00e0 Assembleia Legislativa de Pernambuco (ALEPE). O evento, que parou a cidade, ganhou contornos de mobiliza\u00e7\u00e3o estadual com a presen\u00e7a de representantes de todas as regi\u00f5es de Pernambuco. Em um discurso potente, o deputado federal Lucas Ramos deu o tom ao afirmar a capacidade de articula\u00e7\u00e3o e entrega que tem o ex-prefeito. Com emo\u00e7\u00e3o e muito simbolismo em seu discurso, Lucas Ramos n\u00e3o apenas endossou o nome de Marconi, mas tra\u00e7ou um panorama de esperan\u00e7a para o desenvolvimento&hellip;","og_url":"https:\/\/blogdofarnesio.com.br\/?p=420478","og_site_name":"Blog do Farn\u00e9sio","article_publisher":"https:\/\/www.facebook.com\/BlogQuerSaberPolitica\/","article_author":"https:\/\/www.facebook.com\/?ref=tn_tnmn","article_published_time":"2026-04-27T16:05:40+00:00","og_image":[{"width":741,"height":542,"url":"https:\/\/blogdofarnesio.com.br\/wp-content\/uploads\/2026\/04\/blbogqsplucas-ramos-marconi-flores-e1777289871417.png","type":"image\/png"}],"author":"Farn\u00e9sio","twitter_card":"summary_large_image","twitter_misc":{"Escrito por":"Farn\u00e9sio","Est. tempo de leitura":"3 minutos"},"schema":{"@context":"https:\/\/schema.org","@graph":[{"@type":"Article","@id":"https:\/\/blogdofarnesio.com.br\/?p=420478#article","isPartOf":{"@id":"https:\/\/blogdofarnesio.com.br\/?p=420478"},"author":{"name":"Farn\u00e9sio","@id":"https:\/\/blogdofarnesio.com.br\/#\/schema\/person\/bb9b23ae3ad0609ce8df7b6c9e76824d"},"headline":"Elei\u00e7\u00f5es-PE 2026: Lucas Ramos faz Flores\/PE vibrar no Lan\u00e7amento da Pr\u00e9-Candidatura de Marconi Santana.","datePublished":"2026-04-27T16:05:40+00:00","mainEntityOfPage":{"@id":"https:\/\/blogdofarnesio.com.br\/?p=420478"},"wordCount":487,"commentCount":0,"publisher":{"@id":"https:\/\/blogdofarnesio.com.br\/#organization"},"image":{"@id":"https:\/\/blogdofarnesio.com.br\/?p=420478#primaryimage"},"thumbnailUrl":"https:\/\/blogdofarnesio.com.br\/wp-content\/uploads\/2026\/04\/blbogqsplucas-ramos-marconi-flores-e1777289871417.png","articleSection":["Elei\u00e7\u00f5es"],"inLanguage":"pt-BR","potentialAction":[{"@type":"CommentAction","name":"Comment","target":["https:\/\/blogdofarnesio.com.br\/?p=420478#respond"]}]},{"@type":"WebPage","@id":"https:\/\/blogdofarnesio.com.br\/?p=420478","url":"https:\/\/blogdofarnesio.com.br\/?p=420478","name":"Elei\u00e7\u00f5es-PE 2026: Lucas Ramos faz Flores\/PE vibrar no Lan\u00e7amento da Pr\u00e9-Candidatura de Marconi Santana. - Blog do Farn\u00e9sio","isPartOf":{"@id":"https:\/\/blogdofarnesio.com.br\/#website"},"primaryImageOfPage":{"@id":"https:\/\/blogdofarnesio.com.br\/?p=420478#primaryimage"},"image":{"@id":"https:\/\/blogdofarnesio.com.br\/?p=420478#primaryimage"},"thumbnailUrl":"https:\/\/blogdofarnesio.com.br\/wp-content\/uploads\/2026\/04\/blbogqsplucas-ramos-marconi-flores-e1777289871417.png","datePublished":"2026-04-27T16:05:40+00:00","breadcrumb":{"@id":"https:\/\/blogdofarnesio.com.br\/?p=420478#breadcrumb"},"inLanguage":"pt-BR","potentialAction":[{"@type":"ReadAction","target":["https:\/\/blogdofarnesio.com.br\/?p=420478"]}]},{"@type":"ImageObject","inLanguage":"pt-BR","@id":"https:\/\/blogdofarnesio.com.br\/?p=420478#primaryimage","url":"https:\/\/blogdofarnesio.com.br\/wp-content\/uploads\/2026\/04\/blbogqsplucas-ramos-marconi-flores-e1777289871417.png","contentUrl":"https:\/\/blogdofarnesio.com.br\/wp-content\/uploads\/2026\/04\/blbogqsplucas-ramos-marconi-flores-e1777289871417.png","width":741,"height":542},{"@type":"BreadcrumbList","@id":"https:\/\/blogdofarnesio.com.br\/?p=420478#breadcrumb","itemListElement":[{"@type":"ListItem","position":1,"name":"In\u00edcio","item":"https:\/\/blogdofarnesio.com.br\/"},{"@type":"ListItem","position":2,"name":"Elei\u00e7\u00f5es-PE 2026: Lucas Ramos faz Flores\/PE vibrar no Lan\u00e7amento da Pr\u00e9-Candidatura de Marconi Santana."}]},{"@type":"WebSite","@id":"https:\/\/blogdofarnesio.com.br\/#website","url":"https:\/\/blogdofarnesio.com.br\/","name":"Blog do Farn\u00e9sio","description":"Quer Saber Pol\u00edtica?","publisher":{"@id":"https:\/\/blogdofarnesio.com.br\/#organization"},"potentialAction":[{"@type":"SearchAction","target":{"@type":"EntryPoint","urlTemplate":"https:\/\/blogdofarnesio.com.br\/?s={search_term_string}"},"query-input":{"@type":"PropertyValueSpecification","valueRequired":true,"valueName":"search_term_string"}}],"inLanguage":"pt-BR"},{"@type":"Organization","@id":"https:\/\/blogdofarnesio.com.br\/#organization","name":"Blog do Farn\u00e9sio","url":"https:\/\/blogdofarnesio.com.br\/","logo":{"@type":"ImageObject","inLanguage":"pt-BR","@id":"https:\/\/blogdofarnesio.com.br\/#\/schema\/logo\/image\/","url":"https:\/\/blogdofarnesio.com.br\/wp-content\/uploads\/2026\/03\/cropped-logo_new-1.png","contentUrl":"https:\/\/blogdofarnesio.com.br\/wp-content\/uploads\/2026\/03\/cropped-logo_new-1.png","width":881,"height":685,"caption":"Blog do Farn\u00e9sio"},"image":{"@id":"https:\/\/blogdofarnesio.com.br\/#\/schema\/logo\/image\/"},"sameAs":["https:\/\/www.facebook.com\/BlogQuerSaberPolitica\/"]},{"@type":"Person","@id":"https:\/\/blogdofarnesio.com.br\/#\/schema\/person\/bb9b23ae3ad0609ce8df7b6c9e76824d","name":"Farn\u00e9sio","image":{"@type":"ImageObject","inLanguage":"pt-BR","@id":"https:\/\/secure.gravatar.com\/avatar\/986aa4c61ccdb66f8555bf88fc2a65609d00bcabd4d2d94377a727547345cbca?s=96&d=mm&r=g","url":"https:\/\/secure.gravatar.com\/avatar\/986aa4c61ccdb66f8555bf88fc2a65609d00bcabd4d2d94377a727547345cbca?s=96&d=mm&r=g","contentUrl":"https:\/\/secure.gravatar.com\/avatar\/986aa4c61ccdb66f8555bf88fc2a65609d00bcabd4d2d94377a727547345cbca?s=96&d=mm&r=g","caption":"Farn\u00e9sio"},"description":"Radialista blogueiro, chegou a Petrolina\/Juazeiro em setembro de 1980, Farn\u00e9sio Silva \u00e9 de Arapiraca-Alagoas.","sameAs":["http:\/\/blogdofarnesio.com.br","https:\/\/www.facebook.com\/?ref=tn_tnmn","https:\/\/www.instagram.com\/?utm_source=pwa_homescreen","https:\/\/youtube.com.br\/"],"url":"https:\/\/blogdofarnesio.com.br\/?author=2"}]}},"_links":{"self":[{"href":"https:\/\/blogdofarnesio.com.br\/index.php?rest_route=\/wp\/v2\/posts\/420478","targetHints":{"allow":["GET"]}}],"collection":[{"href":"https:\/\/blogdofarnesio.com.br\/index.php?rest_route=\/wp\/v2\/posts"}],"about":[{"href":"https:\/\/blogdofarnesio.com.br\/index.php?rest_route=\/wp\/v2\/types\/post"}],"author":[{"embeddable":true,"href":"https:\/\/blogdofarnesio.com.br\/index.php?rest_route=\/wp\/v2\/users\/2"}],"replies":[{"embeddable":true,"href":"https:\/\/blogdofarnesio.com.br\/index.php?rest_route=%2Fwp%2Fv2%2Fcomments&post=420478"}],"version-history":[{"count":2,"href":"https:\/\/blogdofarnesio.com.br\/index.php?rest_route=\/wp\/v2\/posts\/420478\/revisions"}],"predecessor-version":[{"id":420481,"href":"https:\/\/blogdofarnesio.com.br\/index.php?rest_route=\/wp\/v2\/posts\/420478\/revisions\/420481"}],"wp:featuredmedia":[{"embeddable":true,"href":"https:\/\/blogdofarnesio.com.br\/index.php?rest_route=\/wp\/v2\/media\/420479"}],"wp:attachment":[{"href":"https:\/\/blogdofarnesio.com.br\/index.php?rest_route=%2Fwp%2Fv2%2Fmedia&parent=420478"}],"wp:term":[{"taxonomy":"category","embeddable":true,"href":"https:\/\/blogdofarnesio.com.br\/index.php?rest_route=%2Fwp%2Fv2%2Fcategories&post=420478"},{"taxonomy":"post_tag","embeddable":true,"href":"https:\/\/blogdofarnesio.com.br\/index.php?rest_route=%2Fwp%2Fv2%2Ftags&post=420478"}],"curies":[{"name":"wp","href":"https:\/\/api.w.org\/{rel}","templated":true}]}}