{"id":420476,"date":"2026-04-27T11:33:52","date_gmt":"2026-04-27T14:33:52","guid":{"rendered":"https:\/\/blogdofarnesio.com.br\/?p=420476"},"modified":"2026-04-27T08:34:51","modified_gmt":"2026-04-27T11:34:51","slug":"rui-insiste-em-comparar-modelo-de-gestoes-fragilizando-jeronimo-e-simulando-candidatura-ao-governo","status":"publish","type":"post","link":"https:\/\/blogdofarnesio.com.br\/?p=420476","title":{"rendered":"Rui insiste em comparar modelo de gest\u00f5es, fragilizando Jer\u00f4nimo e simulando candidatura ao governo"},"content":{"rendered":"<div class=\"sc-b4c8ccf3-0 fsXNOt\">\n<h3 class=\"sc-b4c8ccf3-1 ireAxk\"><span style=\"font-size: 16px;\">Por Fernando Duarte &#8211;\u00a0<\/span><\/h3>\n<\/div>\n<div class=\"sc-24c322fd-1 laZqPV\">\n<div class=\"sc-24c322fd-3 giHdVV\">\n<p>Apenas a Justi\u00e7a Eleitoral acredita que a campanha n\u00e3o come\u00e7ou. Afinal, a pr\u00e9-campanha tem os mesmos elementos, s\u00f3 n\u00e3o pedido expl\u00edcito de votos. Nesse contexto, d\u00e1 pra notar o tom que as candidaturas devem utilizar no per\u00edodo propriamente dito. E tamb\u00e9m observar as estrat\u00e9gias que os candidatos pretendem utilizar.<\/p>\n<p>O ex-ministro Rui Costa (PT), por exemplo, \u00e9 candidato ao Senado, mas se comporta como candidato a governador e, ainda por cima, tem ponto focal em atacar a gest\u00e3o de Salvador, sob a tutela de Bruno Reis (Uni\u00e3o), aliado e afilhado pol\u00edtico de ACM Neto (Uni\u00e3o).<\/p>\n<p>Derrotado na disputa pela vaga de vice de Jer\u00f4nimo Rodrigues (PT), Rui, em tese, passaria um tempo submerso. O &#8220;ruizismo&#8221; perdeu para a ascend\u00eancia de Jaques Wagner, que defendia a perman\u00eancia de Geraldo Jr. (MDB) na cadeira. A partir da\u00ed, a opera\u00e7\u00e3o foi tentar conter eventuais tens\u00f5es que foram criadas.<\/p>\n<p>S\u00f3 que Rui, ao inv\u00e9s de silenciar temporariamente, partiu para uma posi\u00e7\u00e3o de candidato &#8211; mas n\u00e3o ao Senado, como esperado. O ex-governador parece acreditar ser candidato ao Pal\u00e1cio de Ondina, fazendo frente a ACM Neto, enquanto nomes como Angelo Coronel (Republicanos) e Jo\u00e3o Roma (PL), advers\u00e1rios diretos ao Legislativa, n\u00e3o ganham a aten\u00e7\u00e3o do ex-ministro.<\/p>\n<p>H\u00e1 um qu\u00ea de soberba nisso. E tamb\u00e9m, ao que aparenta, um desejo reprimido de ser candidato ao governo mais uma vez. \u00c9 certo que as duas \u00faltimas campanhas de Rui foram para governador, ent\u00e3o talvez seja falta de pr\u00e1tica para entender que a candidatura ao Senado n\u00e3o envolve embates diretos sobre modelos de gest\u00e3o.<\/p>\n<p>N\u00e3o que exista uma f\u00f3rmula para uma campanha de senador, mas ela passaria ao longe de ser meramente cr\u00edtica ao gerenciamento da prefeitura de Salvador, como o ex todo poderoso do governo federal tem insistido em fazer. Enquanto isso, Jer\u00f4nimo segue, indiretamente, sendo fragilizado pelo comportamento do aliado.<\/p>\n<p>Rui \u00e9 franco favorito a ser eleito ao Senado, segundo as pesquisas de inten\u00e7\u00e3o de voto (sempre descredibilizadas pelos aliados do PT). Por\u00e9m, caso insista nessa perspectiva de candidatura ao Senado com comportamento de candidato ao governo, pode incorrer na classifica\u00e7\u00e3o de &#8220;traidor&#8221;.<\/p>\n<p>Essa pecha \u00e9 cara no ambiente pol\u00edtico &#8211; somada a d\u00favida que paira no ar de uma eventual substitui\u00e7\u00e3o das candidaturas ao governo na Bahia e no Cear\u00e1, caso Luiz In\u00e1cio Lula da Silva enxergue chances de derrota nos dois estados. Por isso, os alertas permanecem ligados, j\u00e1 que, diferente de 2010 e 2018 nas \u00faltimas reelei\u00e7\u00f5es, o PT da Bahia chega sem o mesmo favoritismo de outrora.<\/p>\n<p>Do lado advers\u00e1rio, tanto ACM Neto quanto o entorno dele t\u00eam optado por n\u00e3o responder diretamente a Rui. Mesmo os &#8220;c\u00e3es de guarda&#8221; da oposi\u00e7\u00e3o, a exemplo de Bruno Reis, focam em rebater Jer\u00f4nimo e o governo, e Rui fica falando para as paredes e para o eleitorado que j\u00e1 tende a votar nele.<\/p>\n<p>Jaques Wagner segue um caminho de jogar parado, pois percebe ser mais saud\u00e1vel e menos arriscado &#8211; e Rui, em alguns momentos, parece enxerg\u00e1-lo como concorrente direto, quando, definitivamente, n\u00e3o \u00e9 o caso. \u00c9 a campanha de 2026 tomando cada vez mais forma. Ainda que a Justi\u00e7a Eleitoral prefira fingir que n\u00e3o \u00e9 esse o caso.<\/p>\n<\/div>\n<\/div>\n","protected":false},"excerpt":{"rendered":"<p>Por Fernando Duarte &#8211;\u00a0 Apenas a Justi\u00e7a Eleitoral acredita que a campanha n\u00e3o come\u00e7ou. Afinal, a pr\u00e9-campanha tem os mesmos elementos, s\u00f3 n\u00e3o pedido expl\u00edcito de votos. Nesse contexto, d\u00e1 pra notar o tom que as candidaturas devem utilizar no per\u00edodo propriamente dito. E tamb\u00e9m observar as estrat\u00e9gias que os candidatos pretendem utilizar. O ex-ministro Rui Costa (PT), por exemplo, \u00e9 candidato ao Senado, mas se comporta como candidato a governador e, ainda por cima, tem ponto focal em atacar a gest\u00e3o de Salvador, sob a tutela de Bruno Reis (Uni\u00e3o), aliado e afilhado pol\u00edtico de ACM Neto (Uni\u00e3o). Derrotado na disputa pela vaga de vice de Jer\u00f4nimo Rodrigues (PT), Rui, em tese, passaria um tempo submerso. O &#8220;ruizismo&#8221; perdeu&hellip; <\/p>\n","protected":false},"author":2,"featured_media":279170,"comment_status":"open","ping_status":"open","sticky":false,"template":"","format":"standard","meta":{"_acf_changed":false,"footnotes":""},"categories":[30],"tags":[],"class_list":["post-420476","post","type-post","status-publish","format-standard","has-post-thumbnail","hentry","category-artigo"],"acf":[],"yoast_head":"<!-- This site is optimized with the Yoast SEO plugin v27.4 - https:\/\/yoast.com\/product\/yoast-seo-wordpress\/ -->\n<title>Rui insiste em comparar modelo de gest\u00f5es, fragilizando Jer\u00f4nimo e simulando candidatura ao governo - Blog do Farn\u00e9sio<\/title>\n<meta name=\"robots\" content=\"index, follow, max-snippet:-1, max-image-preview:large, max-video-preview:-1\" \/>\n<link rel=\"canonical\" href=\"https:\/\/blogdofarnesio.com.br\/?p=420476\" \/>\n<meta property=\"og:locale\" content=\"pt_BR\" \/>\n<meta property=\"og:type\" content=\"article\" \/>\n<meta property=\"og:title\" content=\"Rui insiste em comparar modelo de gest\u00f5es, fragilizando Jer\u00f4nimo e simulando candidatura ao governo - Blog do Farn\u00e9sio\" \/>\n<meta property=\"og:description\" content=\"Por Fernando Duarte &#8211;\u00a0 Apenas a Justi\u00e7a Eleitoral acredita que a campanha n\u00e3o come\u00e7ou. Afinal, a pr\u00e9-campanha tem os mesmos elementos, s\u00f3 n\u00e3o pedido expl\u00edcito de votos. Nesse contexto, d\u00e1 pra notar o tom que as candidaturas devem utilizar no per\u00edodo propriamente dito. E tamb\u00e9m observar as estrat\u00e9gias que os candidatos pretendem utilizar. O ex-ministro Rui Costa (PT), por exemplo, \u00e9 candidato ao Senado, mas se comporta como candidato a governador e, ainda por cima, tem ponto focal em atacar a gest\u00e3o de Salvador, sob a tutela de Bruno Reis (Uni\u00e3o), aliado e afilhado pol\u00edtico de ACM Neto (Uni\u00e3o). Derrotado na disputa pela vaga de vice de Jer\u00f4nimo Rodrigues (PT), Rui, em tese, passaria um tempo submerso. O &#8220;ruizismo&#8221; perdeu&hellip;\" \/>\n<meta property=\"og:url\" content=\"https:\/\/blogdofarnesio.com.br\/?p=420476\" \/>\n<meta property=\"og:site_name\" content=\"Blog do Farn\u00e9sio\" \/>\n<meta property=\"article:publisher\" content=\"https:\/\/www.facebook.com\/BlogQuerSaberPolitica\/\" \/>\n<meta property=\"article:author\" content=\"https:\/\/www.facebook.com\/?ref=tn_tnmn\" \/>\n<meta property=\"article:published_time\" content=\"2026-04-27T14:33:52+00:00\" \/>\n<meta property=\"og:image\" content=\"https:\/\/blogdofarnesio.com.br\/wp-content\/uploads\/2021\/02\/blogqspopiniao.jpg\" \/>\n\t<meta property=\"og:image:width\" content=\"600\" \/>\n\t<meta property=\"og:image:height\" content=\"315\" \/>\n\t<meta property=\"og:image:type\" content=\"image\/jpeg\" \/>\n<meta name=\"author\" content=\"Farn\u00e9sio\" \/>\n<meta name=\"twitter:card\" content=\"summary_large_image\" \/>\n<meta name=\"twitter:label1\" content=\"Escrito por\" \/>\n\t<meta name=\"twitter:data1\" content=\"Farn\u00e9sio\" \/>\n\t<meta name=\"twitter:label2\" content=\"Est. tempo de leitura\" \/>\n\t<meta name=\"twitter:data2\" content=\"4 minutos\" \/>\n<script type=\"application\/ld+json\" class=\"yoast-schema-graph\">{\"@context\":\"https:\\\/\\\/schema.org\",\"@graph\":[{\"@type\":\"Article\",\"@id\":\"https:\\\/\\\/blogdofarnesio.com.br\\\/?p=420476#article\",\"isPartOf\":{\"@id\":\"https:\\\/\\\/blogdofarnesio.com.br\\\/?p=420476\"},\"author\":{\"name\":\"Farn\u00e9sio\",\"@id\":\"https:\\\/\\\/blogdofarnesio.com.br\\\/#\\\/schema\\\/person\\\/bb9b23ae3ad0609ce8df7b6c9e76824d\"},\"headline\":\"Rui insiste em comparar modelo de gest\u00f5es, fragilizando Jer\u00f4nimo e simulando candidatura ao governo\",\"datePublished\":\"2026-04-27T14:33:52+00:00\",\"mainEntityOfPage\":{\"@id\":\"https:\\\/\\\/blogdofarnesio.com.br\\\/?p=420476\"},\"wordCount\":589,\"commentCount\":0,\"publisher\":{\"@id\":\"https:\\\/\\\/blogdofarnesio.com.br\\\/#organization\"},\"image\":{\"@id\":\"https:\\\/\\\/blogdofarnesio.com.br\\\/?p=420476#primaryimage\"},\"thumbnailUrl\":\"https:\\\/\\\/blogdofarnesio.com.br\\\/wp-content\\\/uploads\\\/2021\\\/02\\\/blogqspopiniao.jpg\",\"articleSection\":[\"Artigo\"],\"inLanguage\":\"pt-BR\",\"potentialAction\":[{\"@type\":\"CommentAction\",\"name\":\"Comment\",\"target\":[\"https:\\\/\\\/blogdofarnesio.com.br\\\/?p=420476#respond\"]}]},{\"@type\":\"WebPage\",\"@id\":\"https:\\\/\\\/blogdofarnesio.com.br\\\/?p=420476\",\"url\":\"https:\\\/\\\/blogdofarnesio.com.br\\\/?p=420476\",\"name\":\"Rui insiste em comparar modelo de gest\u00f5es, fragilizando Jer\u00f4nimo e simulando candidatura ao governo - Blog do Farn\u00e9sio\",\"isPartOf\":{\"@id\":\"https:\\\/\\\/blogdofarnesio.com.br\\\/#website\"},\"primaryImageOfPage\":{\"@id\":\"https:\\\/\\\/blogdofarnesio.com.br\\\/?p=420476#primaryimage\"},\"image\":{\"@id\":\"https:\\\/\\\/blogdofarnesio.com.br\\\/?p=420476#primaryimage\"},\"thumbnailUrl\":\"https:\\\/\\\/blogdofarnesio.com.br\\\/wp-content\\\/uploads\\\/2021\\\/02\\\/blogqspopiniao.jpg\",\"datePublished\":\"2026-04-27T14:33:52+00:00\",\"breadcrumb\":{\"@id\":\"https:\\\/\\\/blogdofarnesio.com.br\\\/?p=420476#breadcrumb\"},\"inLanguage\":\"pt-BR\",\"potentialAction\":[{\"@type\":\"ReadAction\",\"target\":[\"https:\\\/\\\/blogdofarnesio.com.br\\\/?p=420476\"]}]},{\"@type\":\"ImageObject\",\"inLanguage\":\"pt-BR\",\"@id\":\"https:\\\/\\\/blogdofarnesio.com.br\\\/?p=420476#primaryimage\",\"url\":\"https:\\\/\\\/blogdofarnesio.com.br\\\/wp-content\\\/uploads\\\/2021\\\/02\\\/blogqspopiniao.jpg\",\"contentUrl\":\"https:\\\/\\\/blogdofarnesio.com.br\\\/wp-content\\\/uploads\\\/2021\\\/02\\\/blogqspopiniao.jpg\",\"width\":600,\"height\":315},{\"@type\":\"BreadcrumbList\",\"@id\":\"https:\\\/\\\/blogdofarnesio.com.br\\\/?p=420476#breadcrumb\",\"itemListElement\":[{\"@type\":\"ListItem\",\"position\":1,\"name\":\"In\u00edcio\",\"item\":\"https:\\\/\\\/blogdofarnesio.com.br\\\/\"},{\"@type\":\"ListItem\",\"position\":2,\"name\":\"Rui insiste em comparar modelo de gest\u00f5es, fragilizando Jer\u00f4nimo e simulando candidatura ao governo\"}]},{\"@type\":\"WebSite\",\"@id\":\"https:\\\/\\\/blogdofarnesio.com.br\\\/#website\",\"url\":\"https:\\\/\\\/blogdofarnesio.com.br\\\/\",\"name\":\"Blog do Farn\u00e9sio\",\"description\":\"Quer Saber Pol\u00edtica?\",\"publisher\":{\"@id\":\"https:\\\/\\\/blogdofarnesio.com.br\\\/#organization\"},\"potentialAction\":[{\"@type\":\"SearchAction\",\"target\":{\"@type\":\"EntryPoint\",\"urlTemplate\":\"https:\\\/\\\/blogdofarnesio.com.br\\\/?s={search_term_string}\"},\"query-input\":{\"@type\":\"PropertyValueSpecification\",\"valueRequired\":true,\"valueName\":\"search_term_string\"}}],\"inLanguage\":\"pt-BR\"},{\"@type\":\"Organization\",\"@id\":\"https:\\\/\\\/blogdofarnesio.com.br\\\/#organization\",\"name\":\"Blog do Farn\u00e9sio\",\"url\":\"https:\\\/\\\/blogdofarnesio.com.br\\\/\",\"logo\":{\"@type\":\"ImageObject\",\"inLanguage\":\"pt-BR\",\"@id\":\"https:\\\/\\\/blogdofarnesio.com.br\\\/#\\\/schema\\\/logo\\\/image\\\/\",\"url\":\"https:\\\/\\\/blogdofarnesio.com.br\\\/wp-content\\\/uploads\\\/2026\\\/03\\\/cropped-logo_new-1.png\",\"contentUrl\":\"https:\\\/\\\/blogdofarnesio.com.br\\\/wp-content\\\/uploads\\\/2026\\\/03\\\/cropped-logo_new-1.png\",\"width\":881,\"height\":685,\"caption\":\"Blog do Farn\u00e9sio\"},\"image\":{\"@id\":\"https:\\\/\\\/blogdofarnesio.com.br\\\/#\\\/schema\\\/logo\\\/image\\\/\"},\"sameAs\":[\"https:\\\/\\\/www.facebook.com\\\/BlogQuerSaberPolitica\\\/\"]},{\"@type\":\"Person\",\"@id\":\"https:\\\/\\\/blogdofarnesio.com.br\\\/#\\\/schema\\\/person\\\/bb9b23ae3ad0609ce8df7b6c9e76824d\",\"name\":\"Farn\u00e9sio\",\"image\":{\"@type\":\"ImageObject\",\"inLanguage\":\"pt-BR\",\"@id\":\"https:\\\/\\\/secure.gravatar.com\\\/avatar\\\/986aa4c61ccdb66f8555bf88fc2a65609d00bcabd4d2d94377a727547345cbca?s=96&d=mm&r=g\",\"url\":\"https:\\\/\\\/secure.gravatar.com\\\/avatar\\\/986aa4c61ccdb66f8555bf88fc2a65609d00bcabd4d2d94377a727547345cbca?s=96&d=mm&r=g\",\"contentUrl\":\"https:\\\/\\\/secure.gravatar.com\\\/avatar\\\/986aa4c61ccdb66f8555bf88fc2a65609d00bcabd4d2d94377a727547345cbca?s=96&d=mm&r=g\",\"caption\":\"Farn\u00e9sio\"},\"description\":\"Radialista blogueiro, chegou a Petrolina\\\/Juazeiro em setembro de 1980, Farn\u00e9sio Silva \u00e9 de Arapiraca-Alagoas.\",\"sameAs\":[\"http:\\\/\\\/blogdofarnesio.com.br\",\"https:\\\/\\\/www.facebook.com\\\/?ref=tn_tnmn\",\"https:\\\/\\\/www.instagram.com\\\/?utm_source=pwa_homescreen\",\"https:\\\/\\\/youtube.com.br\\\/\"],\"url\":\"https:\\\/\\\/blogdofarnesio.com.br\\\/?author=2\"}]}<\/script>\n<!-- \/ Yoast SEO plugin. -->","yoast_head_json":{"title":"Rui insiste em comparar modelo de gest\u00f5es, fragilizando Jer\u00f4nimo e simulando candidatura ao governo - Blog do Farn\u00e9sio","robots":{"index":"index","follow":"follow","max-snippet":"max-snippet:-1","max-image-preview":"max-image-preview:large","max-video-preview":"max-video-preview:-1"},"canonical":"https:\/\/blogdofarnesio.com.br\/?p=420476","og_locale":"pt_BR","og_type":"article","og_title":"Rui insiste em comparar modelo de gest\u00f5es, fragilizando Jer\u00f4nimo e simulando candidatura ao governo - Blog do Farn\u00e9sio","og_description":"Por Fernando Duarte &#8211;\u00a0 Apenas a Justi\u00e7a Eleitoral acredita que a campanha n\u00e3o come\u00e7ou. Afinal, a pr\u00e9-campanha tem os mesmos elementos, s\u00f3 n\u00e3o pedido expl\u00edcito de votos. Nesse contexto, d\u00e1 pra notar o tom que as candidaturas devem utilizar no per\u00edodo propriamente dito. E tamb\u00e9m observar as estrat\u00e9gias que os candidatos pretendem utilizar. O ex-ministro Rui Costa (PT), por exemplo, \u00e9 candidato ao Senado, mas se comporta como candidato a governador e, ainda por cima, tem ponto focal em atacar a gest\u00e3o de Salvador, sob a tutela de Bruno Reis (Uni\u00e3o), aliado e afilhado pol\u00edtico de ACM Neto (Uni\u00e3o). Derrotado na disputa pela vaga de vice de Jer\u00f4nimo Rodrigues (PT), Rui, em tese, passaria um tempo submerso. O &#8220;ruizismo&#8221; perdeu&hellip;","og_url":"https:\/\/blogdofarnesio.com.br\/?p=420476","og_site_name":"Blog do Farn\u00e9sio","article_publisher":"https:\/\/www.facebook.com\/BlogQuerSaberPolitica\/","article_author":"https:\/\/www.facebook.com\/?ref=tn_tnmn","article_published_time":"2026-04-27T14:33:52+00:00","og_image":[{"width":600,"height":315,"url":"https:\/\/blogdofarnesio.com.br\/wp-content\/uploads\/2021\/02\/blogqspopiniao.jpg","type":"image\/jpeg"}],"author":"Farn\u00e9sio","twitter_card":"summary_large_image","twitter_misc":{"Escrito por":"Farn\u00e9sio","Est. tempo de leitura":"4 minutos"},"schema":{"@context":"https:\/\/schema.org","@graph":[{"@type":"Article","@id":"https:\/\/blogdofarnesio.com.br\/?p=420476#article","isPartOf":{"@id":"https:\/\/blogdofarnesio.com.br\/?p=420476"},"author":{"name":"Farn\u00e9sio","@id":"https:\/\/blogdofarnesio.com.br\/#\/schema\/person\/bb9b23ae3ad0609ce8df7b6c9e76824d"},"headline":"Rui insiste em comparar modelo de gest\u00f5es, fragilizando Jer\u00f4nimo e simulando candidatura ao governo","datePublished":"2026-04-27T14:33:52+00:00","mainEntityOfPage":{"@id":"https:\/\/blogdofarnesio.com.br\/?p=420476"},"wordCount":589,"commentCount":0,"publisher":{"@id":"https:\/\/blogdofarnesio.com.br\/#organization"},"image":{"@id":"https:\/\/blogdofarnesio.com.br\/?p=420476#primaryimage"},"thumbnailUrl":"https:\/\/blogdofarnesio.com.br\/wp-content\/uploads\/2021\/02\/blogqspopiniao.jpg","articleSection":["Artigo"],"inLanguage":"pt-BR","potentialAction":[{"@type":"CommentAction","name":"Comment","target":["https:\/\/blogdofarnesio.com.br\/?p=420476#respond"]}]},{"@type":"WebPage","@id":"https:\/\/blogdofarnesio.com.br\/?p=420476","url":"https:\/\/blogdofarnesio.com.br\/?p=420476","name":"Rui insiste em comparar modelo de gest\u00f5es, fragilizando Jer\u00f4nimo e simulando candidatura ao governo - Blog do Farn\u00e9sio","isPartOf":{"@id":"https:\/\/blogdofarnesio.com.br\/#website"},"primaryImageOfPage":{"@id":"https:\/\/blogdofarnesio.com.br\/?p=420476#primaryimage"},"image":{"@id":"https:\/\/blogdofarnesio.com.br\/?p=420476#primaryimage"},"thumbnailUrl":"https:\/\/blogdofarnesio.com.br\/wp-content\/uploads\/2021\/02\/blogqspopiniao.jpg","datePublished":"2026-04-27T14:33:52+00:00","breadcrumb":{"@id":"https:\/\/blogdofarnesio.com.br\/?p=420476#breadcrumb"},"inLanguage":"pt-BR","potentialAction":[{"@type":"ReadAction","target":["https:\/\/blogdofarnesio.com.br\/?p=420476"]}]},{"@type":"ImageObject","inLanguage":"pt-BR","@id":"https:\/\/blogdofarnesio.com.br\/?p=420476#primaryimage","url":"https:\/\/blogdofarnesio.com.br\/wp-content\/uploads\/2021\/02\/blogqspopiniao.jpg","contentUrl":"https:\/\/blogdofarnesio.com.br\/wp-content\/uploads\/2021\/02\/blogqspopiniao.jpg","width":600,"height":315},{"@type":"BreadcrumbList","@id":"https:\/\/blogdofarnesio.com.br\/?p=420476#breadcrumb","itemListElement":[{"@type":"ListItem","position":1,"name":"In\u00edcio","item":"https:\/\/blogdofarnesio.com.br\/"},{"@type":"ListItem","position":2,"name":"Rui insiste em comparar modelo de gest\u00f5es, fragilizando Jer\u00f4nimo e simulando candidatura ao governo"}]},{"@type":"WebSite","@id":"https:\/\/blogdofarnesio.com.br\/#website","url":"https:\/\/blogdofarnesio.com.br\/","name":"Blog do Farn\u00e9sio","description":"Quer Saber Pol\u00edtica?","publisher":{"@id":"https:\/\/blogdofarnesio.com.br\/#organization"},"potentialAction":[{"@type":"SearchAction","target":{"@type":"EntryPoint","urlTemplate":"https:\/\/blogdofarnesio.com.br\/?s={search_term_string}"},"query-input":{"@type":"PropertyValueSpecification","valueRequired":true,"valueName":"search_term_string"}}],"inLanguage":"pt-BR"},{"@type":"Organization","@id":"https:\/\/blogdofarnesio.com.br\/#organization","name":"Blog do Farn\u00e9sio","url":"https:\/\/blogdofarnesio.com.br\/","logo":{"@type":"ImageObject","inLanguage":"pt-BR","@id":"https:\/\/blogdofarnesio.com.br\/#\/schema\/logo\/image\/","url":"https:\/\/blogdofarnesio.com.br\/wp-content\/uploads\/2026\/03\/cropped-logo_new-1.png","contentUrl":"https:\/\/blogdofarnesio.com.br\/wp-content\/uploads\/2026\/03\/cropped-logo_new-1.png","width":881,"height":685,"caption":"Blog do Farn\u00e9sio"},"image":{"@id":"https:\/\/blogdofarnesio.com.br\/#\/schema\/logo\/image\/"},"sameAs":["https:\/\/www.facebook.com\/BlogQuerSaberPolitica\/"]},{"@type":"Person","@id":"https:\/\/blogdofarnesio.com.br\/#\/schema\/person\/bb9b23ae3ad0609ce8df7b6c9e76824d","name":"Farn\u00e9sio","image":{"@type":"ImageObject","inLanguage":"pt-BR","@id":"https:\/\/secure.gravatar.com\/avatar\/986aa4c61ccdb66f8555bf88fc2a65609d00bcabd4d2d94377a727547345cbca?s=96&d=mm&r=g","url":"https:\/\/secure.gravatar.com\/avatar\/986aa4c61ccdb66f8555bf88fc2a65609d00bcabd4d2d94377a727547345cbca?s=96&d=mm&r=g","contentUrl":"https:\/\/secure.gravatar.com\/avatar\/986aa4c61ccdb66f8555bf88fc2a65609d00bcabd4d2d94377a727547345cbca?s=96&d=mm&r=g","caption":"Farn\u00e9sio"},"description":"Radialista blogueiro, chegou a Petrolina\/Juazeiro em setembro de 1980, Farn\u00e9sio Silva \u00e9 de Arapiraca-Alagoas.","sameAs":["http:\/\/blogdofarnesio.com.br","https:\/\/www.facebook.com\/?ref=tn_tnmn","https:\/\/www.instagram.com\/?utm_source=pwa_homescreen","https:\/\/youtube.com.br\/"],"url":"https:\/\/blogdofarnesio.com.br\/?author=2"}]}},"_links":{"self":[{"href":"https:\/\/blogdofarnesio.com.br\/index.php?rest_route=\/wp\/v2\/posts\/420476","targetHints":{"allow":["GET"]}}],"collection":[{"href":"https:\/\/blogdofarnesio.com.br\/index.php?rest_route=\/wp\/v2\/posts"}],"about":[{"href":"https:\/\/blogdofarnesio.com.br\/index.php?rest_route=\/wp\/v2\/types\/post"}],"author":[{"embeddable":true,"href":"https:\/\/blogdofarnesio.com.br\/index.php?rest_route=\/wp\/v2\/users\/2"}],"replies":[{"embeddable":true,"href":"https:\/\/blogdofarnesio.com.br\/index.php?rest_route=%2Fwp%2Fv2%2Fcomments&post=420476"}],"version-history":[{"count":1,"href":"https:\/\/blogdofarnesio.com.br\/index.php?rest_route=\/wp\/v2\/posts\/420476\/revisions"}],"predecessor-version":[{"id":420477,"href":"https:\/\/blogdofarnesio.com.br\/index.php?rest_route=\/wp\/v2\/posts\/420476\/revisions\/420477"}],"wp:featuredmedia":[{"embeddable":true,"href":"https:\/\/blogdofarnesio.com.br\/index.php?rest_route=\/wp\/v2\/media\/279170"}],"wp:attachment":[{"href":"https:\/\/blogdofarnesio.com.br\/index.php?rest_route=%2Fwp%2Fv2%2Fmedia&parent=420476"}],"wp:term":[{"taxonomy":"category","embeddable":true,"href":"https:\/\/blogdofarnesio.com.br\/index.php?rest_route=%2Fwp%2Fv2%2Fcategories&post=420476"},{"taxonomy":"post_tag","embeddable":true,"href":"https:\/\/blogdofarnesio.com.br\/index.php?rest_route=%2Fwp%2Fv2%2Ftags&post=420476"}],"curies":[{"name":"wp","href":"https:\/\/api.w.org\/{rel}","templated":true}]}}