{"id":420474,"date":"2026-04-27T11:05:17","date_gmt":"2026-04-27T14:05:17","guid":{"rendered":"https:\/\/blogdofarnesio.com.br\/?p=420474"},"modified":"2026-04-27T08:26:26","modified_gmt":"2026-04-27T11:26:26","slug":"congresso-da-amupe-reforca-peso-politico-dos-prefeitos-pernambucanos","status":"publish","type":"post","link":"https:\/\/blogdofarnesio.com.br\/?p=420474","title":{"rendered":"Congresso da Amupe refor\u00e7a peso pol\u00edtico dos prefeitos pernambucanos"},"content":{"rendered":"<p>O Congresso da Amupe, que se inicia nesta segunda-feira no Recife Expo Center, chega em um momento particularmente sens\u00edvel para o municipalismo pernambucano. Sob a presid\u00eancia de Pedro Freitas, o encontro re\u00fane prefeitos, secret\u00e1rios e lideran\u00e7as pol\u00edticas em torno de uma pauta que vai muito al\u00e9m da troca de experi\u00eancias administrativas.<\/p>\n<p>Em jogo, est\u00e1 a capacidade de articula\u00e7\u00e3o dos munic\u00edpios diante de um cen\u00e1rio fiscal ainda apertado, da depend\u00eancia de transfer\u00eancias constitucionais e da necessidade crescente de respostas r\u00e1pidas \u00e0 popula\u00e7\u00e3o. O evento, tradicionalmente t\u00e9cnico, ganha este ano contornos mais pol\u00edticos, refletindo a tens\u00e3o entre responsabilidades locais e decis\u00f5es tomadas em Bras\u00edlia.<\/p>\n<p>A Amupe tem se consolidado como uma das principais vozes institucionais dos prefeitos do estado, e o congresso funciona como vitrine desse protagonismo. N\u00e3o por acaso, o encontro costuma atrair governadores, ministros e parlamentares, todos atentos ao peso eleitoral dos gestores municipais.<\/p>\n<p>Em 2026, esse peso \u00e9 ainda mais evidente: prefeitos s\u00e3o pe\u00e7as-chave na engrenagem pol\u00edtica, seja na constru\u00e7\u00e3o de alian\u00e7as, seja na defini\u00e7\u00e3o de prioridades regionais. A entidade, ao centralizar esse di\u00e1logo, amplia sua relev\u00e2ncia e se posiciona como ponte entre o local e o nacional.<\/p>\n<p>No plano estadual, o congresso tamb\u00e9m serve como term\u00f4metro da rela\u00e7\u00e3o entre os munic\u00edpios e o governo de Raquel Lyra. Demandas por mais investimentos, descentraliza\u00e7\u00e3o de recursos e apoio t\u00e9cnico devem dominar os debates, especialmente em \u00e1reas como sa\u00fade, educa\u00e7\u00e3o e infraestrutura. Ao mesmo tempo, h\u00e1 uma expectativa de que o evento ajude a reduzir ru\u00eddos pol\u00edticos e alinhar agendas, algo essencial em um estado marcado por diferen\u00e7as regionais expressivas. A presen\u00e7a \u2014 ou aus\u00eancia \u2014 de figuras-chave e o tom dos discursos ser\u00e3o observados com lupa por quem acompanha os bastidores do poder.<\/p>\n<p>Mais do que um encontro institucional, o Congresso da Amupe se desenha como um espa\u00e7o estrat\u00e9gico de articula\u00e7\u00e3o pol\u00edtica. \u00c9 ali que prefeitos trocam impress\u00f5es, calibram discursos e, muitas vezes, iniciam movimentos que repercutem nas elei\u00e7\u00f5es seguintes. Sob a condu\u00e7\u00e3o de Pedro Freitas, a expectativa \u00e9 de um evento que equilibre t\u00e9cnica e pol\u00edtica, sem perder de vista o objetivo central: fortalecer os munic\u00edpios. Em um pa\u00eds onde as demandas come\u00e7am nas cidades, mas nem sempre encontram resposta \u00e0 altura, o municipalismo segue sendo n\u00e3o apenas uma bandeira, mas uma necessidade concreta \u2014 e o congresso, um de seus principais palcos.<\/p>\n<p><em><strong>Edmar Lyra<\/strong><\/em><\/p>\n","protected":false},"excerpt":{"rendered":"<p>O Congresso da Amupe, que se inicia nesta segunda-feira no Recife Expo Center, chega em um momento particularmente sens\u00edvel para o municipalismo pernambucano. Sob a presid\u00eancia de Pedro Freitas, o encontro re\u00fane prefeitos, secret\u00e1rios e lideran\u00e7as pol\u00edticas em torno de uma pauta que vai muito al\u00e9m da troca de experi\u00eancias administrativas. Em jogo, est\u00e1 a capacidade de articula\u00e7\u00e3o dos munic\u00edpios diante de um cen\u00e1rio fiscal ainda apertado, da depend\u00eancia de transfer\u00eancias constitucionais e da necessidade crescente de respostas r\u00e1pidas \u00e0 popula\u00e7\u00e3o. O evento, tradicionalmente t\u00e9cnico, ganha este ano contornos mais pol\u00edticos, refletindo a tens\u00e3o entre responsabilidades locais e decis\u00f5es tomadas em Bras\u00edlia. A Amupe tem se consolidado como uma das principais vozes institucionais dos prefeitos do estado, e o congresso&hellip; <\/p>\n","protected":false},"author":2,"featured_media":419198,"comment_status":"open","ping_status":"open","sticky":false,"template":"","format":"standard","meta":{"_acf_changed":false,"footnotes":""},"categories":[30],"tags":[],"class_list":["post-420474","post","type-post","status-publish","format-standard","has-post-thumbnail","hentry","category-artigo"],"acf":[],"yoast_head":"<!-- This site is optimized with the Yoast SEO plugin v27.4 - https:\/\/yoast.com\/product\/yoast-seo-wordpress\/ -->\n<title>Congresso da Amupe refor\u00e7a peso pol\u00edtico dos prefeitos pernambucanos - Blog do Farn\u00e9sio<\/title>\n<meta name=\"robots\" content=\"index, follow, max-snippet:-1, max-image-preview:large, max-video-preview:-1\" \/>\n<link rel=\"canonical\" href=\"https:\/\/blogdofarnesio.com.br\/?p=420474\" \/>\n<meta property=\"og:locale\" content=\"pt_BR\" \/>\n<meta property=\"og:type\" content=\"article\" \/>\n<meta property=\"og:title\" content=\"Congresso da Amupe refor\u00e7a peso pol\u00edtico dos prefeitos pernambucanos - Blog do Farn\u00e9sio\" \/>\n<meta property=\"og:description\" content=\"O Congresso da Amupe, que se inicia nesta segunda-feira no Recife Expo Center, chega em um momento particularmente sens\u00edvel para o municipalismo pernambucano. Sob a presid\u00eancia de Pedro Freitas, o encontro re\u00fane prefeitos, secret\u00e1rios e lideran\u00e7as pol\u00edticas em torno de uma pauta que vai muito al\u00e9m da troca de experi\u00eancias administrativas. Em jogo, est\u00e1 a capacidade de articula\u00e7\u00e3o dos munic\u00edpios diante de um cen\u00e1rio fiscal ainda apertado, da depend\u00eancia de transfer\u00eancias constitucionais e da necessidade crescente de respostas r\u00e1pidas \u00e0 popula\u00e7\u00e3o. O evento, tradicionalmente t\u00e9cnico, ganha este ano contornos mais pol\u00edticos, refletindo a tens\u00e3o entre responsabilidades locais e decis\u00f5es tomadas em Bras\u00edlia. A Amupe tem se consolidado como uma das principais vozes institucionais dos prefeitos do estado, e o congresso&hellip;\" \/>\n<meta property=\"og:url\" content=\"https:\/\/blogdofarnesio.com.br\/?p=420474\" \/>\n<meta property=\"og:site_name\" content=\"Blog do Farn\u00e9sio\" \/>\n<meta property=\"article:publisher\" content=\"https:\/\/www.facebook.com\/BlogQuerSaberPolitica\/\" \/>\n<meta property=\"article:author\" content=\"https:\/\/www.facebook.com\/?ref=tn_tnmn\" \/>\n<meta property=\"article:published_time\" content=\"2026-04-27T14:05:17+00:00\" \/>\n<meta property=\"og:image\" content=\"https:\/\/blogdofarnesio.com.br\/wp-content\/uploads\/2026\/04\/blogqsp-amupe-1-e1775862960395.png\" \/>\n\t<meta property=\"og:image:width\" content=\"719\" \/>\n\t<meta property=\"og:image:height\" content=\"385\" \/>\n\t<meta property=\"og:image:type\" content=\"image\/png\" \/>\n<meta name=\"author\" content=\"Farn\u00e9sio\" \/>\n<meta name=\"twitter:card\" content=\"summary_large_image\" \/>\n<meta name=\"twitter:label1\" content=\"Escrito por\" \/>\n\t<meta name=\"twitter:data1\" content=\"Farn\u00e9sio\" \/>\n\t<meta name=\"twitter:label2\" content=\"Est. tempo de leitura\" \/>\n\t<meta name=\"twitter:data2\" content=\"3 minutos\" \/>\n<script type=\"application\/ld+json\" class=\"yoast-schema-graph\">{\"@context\":\"https:\\\/\\\/schema.org\",\"@graph\":[{\"@type\":\"Article\",\"@id\":\"https:\\\/\\\/blogdofarnesio.com.br\\\/?p=420474#article\",\"isPartOf\":{\"@id\":\"https:\\\/\\\/blogdofarnesio.com.br\\\/?p=420474\"},\"author\":{\"name\":\"Farn\u00e9sio\",\"@id\":\"https:\\\/\\\/blogdofarnesio.com.br\\\/#\\\/schema\\\/person\\\/bb9b23ae3ad0609ce8df7b6c9e76824d\"},\"headline\":\"Congresso da Amupe refor\u00e7a peso pol\u00edtico dos prefeitos pernambucanos\",\"datePublished\":\"2026-04-27T14:05:17+00:00\",\"mainEntityOfPage\":{\"@id\":\"https:\\\/\\\/blogdofarnesio.com.br\\\/?p=420474\"},\"wordCount\":444,\"commentCount\":0,\"publisher\":{\"@id\":\"https:\\\/\\\/blogdofarnesio.com.br\\\/#organization\"},\"image\":{\"@id\":\"https:\\\/\\\/blogdofarnesio.com.br\\\/?p=420474#primaryimage\"},\"thumbnailUrl\":\"https:\\\/\\\/blogdofarnesio.com.br\\\/wp-content\\\/uploads\\\/2026\\\/04\\\/blogqsp-amupe-1-e1775862960395.png\",\"articleSection\":[\"Artigo\"],\"inLanguage\":\"pt-BR\",\"potentialAction\":[{\"@type\":\"CommentAction\",\"name\":\"Comment\",\"target\":[\"https:\\\/\\\/blogdofarnesio.com.br\\\/?p=420474#respond\"]}]},{\"@type\":\"WebPage\",\"@id\":\"https:\\\/\\\/blogdofarnesio.com.br\\\/?p=420474\",\"url\":\"https:\\\/\\\/blogdofarnesio.com.br\\\/?p=420474\",\"name\":\"Congresso da Amupe refor\u00e7a peso pol\u00edtico dos prefeitos pernambucanos - Blog do Farn\u00e9sio\",\"isPartOf\":{\"@id\":\"https:\\\/\\\/blogdofarnesio.com.br\\\/#website\"},\"primaryImageOfPage\":{\"@id\":\"https:\\\/\\\/blogdofarnesio.com.br\\\/?p=420474#primaryimage\"},\"image\":{\"@id\":\"https:\\\/\\\/blogdofarnesio.com.br\\\/?p=420474#primaryimage\"},\"thumbnailUrl\":\"https:\\\/\\\/blogdofarnesio.com.br\\\/wp-content\\\/uploads\\\/2026\\\/04\\\/blogqsp-amupe-1-e1775862960395.png\",\"datePublished\":\"2026-04-27T14:05:17+00:00\",\"breadcrumb\":{\"@id\":\"https:\\\/\\\/blogdofarnesio.com.br\\\/?p=420474#breadcrumb\"},\"inLanguage\":\"pt-BR\",\"potentialAction\":[{\"@type\":\"ReadAction\",\"target\":[\"https:\\\/\\\/blogdofarnesio.com.br\\\/?p=420474\"]}]},{\"@type\":\"ImageObject\",\"inLanguage\":\"pt-BR\",\"@id\":\"https:\\\/\\\/blogdofarnesio.com.br\\\/?p=420474#primaryimage\",\"url\":\"https:\\\/\\\/blogdofarnesio.com.br\\\/wp-content\\\/uploads\\\/2026\\\/04\\\/blogqsp-amupe-1-e1775862960395.png\",\"contentUrl\":\"https:\\\/\\\/blogdofarnesio.com.br\\\/wp-content\\\/uploads\\\/2026\\\/04\\\/blogqsp-amupe-1-e1775862960395.png\",\"width\":719,\"height\":385},{\"@type\":\"BreadcrumbList\",\"@id\":\"https:\\\/\\\/blogdofarnesio.com.br\\\/?p=420474#breadcrumb\",\"itemListElement\":[{\"@type\":\"ListItem\",\"position\":1,\"name\":\"In\u00edcio\",\"item\":\"https:\\\/\\\/blogdofarnesio.com.br\\\/\"},{\"@type\":\"ListItem\",\"position\":2,\"name\":\"Congresso da Amupe refor\u00e7a peso pol\u00edtico dos prefeitos pernambucanos\"}]},{\"@type\":\"WebSite\",\"@id\":\"https:\\\/\\\/blogdofarnesio.com.br\\\/#website\",\"url\":\"https:\\\/\\\/blogdofarnesio.com.br\\\/\",\"name\":\"Blog do Farn\u00e9sio\",\"description\":\"Quer Saber Pol\u00edtica?\",\"publisher\":{\"@id\":\"https:\\\/\\\/blogdofarnesio.com.br\\\/#organization\"},\"potentialAction\":[{\"@type\":\"SearchAction\",\"target\":{\"@type\":\"EntryPoint\",\"urlTemplate\":\"https:\\\/\\\/blogdofarnesio.com.br\\\/?s={search_term_string}\"},\"query-input\":{\"@type\":\"PropertyValueSpecification\",\"valueRequired\":true,\"valueName\":\"search_term_string\"}}],\"inLanguage\":\"pt-BR\"},{\"@type\":\"Organization\",\"@id\":\"https:\\\/\\\/blogdofarnesio.com.br\\\/#organization\",\"name\":\"Blog do Farn\u00e9sio\",\"url\":\"https:\\\/\\\/blogdofarnesio.com.br\\\/\",\"logo\":{\"@type\":\"ImageObject\",\"inLanguage\":\"pt-BR\",\"@id\":\"https:\\\/\\\/blogdofarnesio.com.br\\\/#\\\/schema\\\/logo\\\/image\\\/\",\"url\":\"https:\\\/\\\/blogdofarnesio.com.br\\\/wp-content\\\/uploads\\\/2026\\\/03\\\/cropped-logo_new-1.png\",\"contentUrl\":\"https:\\\/\\\/blogdofarnesio.com.br\\\/wp-content\\\/uploads\\\/2026\\\/03\\\/cropped-logo_new-1.png\",\"width\":881,\"height\":685,\"caption\":\"Blog do Farn\u00e9sio\"},\"image\":{\"@id\":\"https:\\\/\\\/blogdofarnesio.com.br\\\/#\\\/schema\\\/logo\\\/image\\\/\"},\"sameAs\":[\"https:\\\/\\\/www.facebook.com\\\/BlogQuerSaberPolitica\\\/\"]},{\"@type\":\"Person\",\"@id\":\"https:\\\/\\\/blogdofarnesio.com.br\\\/#\\\/schema\\\/person\\\/bb9b23ae3ad0609ce8df7b6c9e76824d\",\"name\":\"Farn\u00e9sio\",\"image\":{\"@type\":\"ImageObject\",\"inLanguage\":\"pt-BR\",\"@id\":\"https:\\\/\\\/secure.gravatar.com\\\/avatar\\\/986aa4c61ccdb66f8555bf88fc2a65609d00bcabd4d2d94377a727547345cbca?s=96&d=mm&r=g\",\"url\":\"https:\\\/\\\/secure.gravatar.com\\\/avatar\\\/986aa4c61ccdb66f8555bf88fc2a65609d00bcabd4d2d94377a727547345cbca?s=96&d=mm&r=g\",\"contentUrl\":\"https:\\\/\\\/secure.gravatar.com\\\/avatar\\\/986aa4c61ccdb66f8555bf88fc2a65609d00bcabd4d2d94377a727547345cbca?s=96&d=mm&r=g\",\"caption\":\"Farn\u00e9sio\"},\"description\":\"Radialista blogueiro, chegou a Petrolina\\\/Juazeiro em setembro de 1980, Farn\u00e9sio Silva \u00e9 de Arapiraca-Alagoas.\",\"sameAs\":[\"http:\\\/\\\/blogdofarnesio.com.br\",\"https:\\\/\\\/www.facebook.com\\\/?ref=tn_tnmn\",\"https:\\\/\\\/www.instagram.com\\\/?utm_source=pwa_homescreen\",\"https:\\\/\\\/youtube.com.br\\\/\"],\"url\":\"https:\\\/\\\/blogdofarnesio.com.br\\\/?author=2\"}]}<\/script>\n<!-- \/ Yoast SEO plugin. -->","yoast_head_json":{"title":"Congresso da Amupe refor\u00e7a peso pol\u00edtico dos prefeitos pernambucanos - Blog do Farn\u00e9sio","robots":{"index":"index","follow":"follow","max-snippet":"max-snippet:-1","max-image-preview":"max-image-preview:large","max-video-preview":"max-video-preview:-1"},"canonical":"https:\/\/blogdofarnesio.com.br\/?p=420474","og_locale":"pt_BR","og_type":"article","og_title":"Congresso da Amupe refor\u00e7a peso pol\u00edtico dos prefeitos pernambucanos - Blog do Farn\u00e9sio","og_description":"O Congresso da Amupe, que se inicia nesta segunda-feira no Recife Expo Center, chega em um momento particularmente sens\u00edvel para o municipalismo pernambucano. Sob a presid\u00eancia de Pedro Freitas, o encontro re\u00fane prefeitos, secret\u00e1rios e lideran\u00e7as pol\u00edticas em torno de uma pauta que vai muito al\u00e9m da troca de experi\u00eancias administrativas. Em jogo, est\u00e1 a capacidade de articula\u00e7\u00e3o dos munic\u00edpios diante de um cen\u00e1rio fiscal ainda apertado, da depend\u00eancia de transfer\u00eancias constitucionais e da necessidade crescente de respostas r\u00e1pidas \u00e0 popula\u00e7\u00e3o. O evento, tradicionalmente t\u00e9cnico, ganha este ano contornos mais pol\u00edticos, refletindo a tens\u00e3o entre responsabilidades locais e decis\u00f5es tomadas em Bras\u00edlia. A Amupe tem se consolidado como uma das principais vozes institucionais dos prefeitos do estado, e o congresso&hellip;","og_url":"https:\/\/blogdofarnesio.com.br\/?p=420474","og_site_name":"Blog do Farn\u00e9sio","article_publisher":"https:\/\/www.facebook.com\/BlogQuerSaberPolitica\/","article_author":"https:\/\/www.facebook.com\/?ref=tn_tnmn","article_published_time":"2026-04-27T14:05:17+00:00","og_image":[{"width":719,"height":385,"url":"https:\/\/blogdofarnesio.com.br\/wp-content\/uploads\/2026\/04\/blogqsp-amupe-1-e1775862960395.png","type":"image\/png"}],"author":"Farn\u00e9sio","twitter_card":"summary_large_image","twitter_misc":{"Escrito por":"Farn\u00e9sio","Est. tempo de leitura":"3 minutos"},"schema":{"@context":"https:\/\/schema.org","@graph":[{"@type":"Article","@id":"https:\/\/blogdofarnesio.com.br\/?p=420474#article","isPartOf":{"@id":"https:\/\/blogdofarnesio.com.br\/?p=420474"},"author":{"name":"Farn\u00e9sio","@id":"https:\/\/blogdofarnesio.com.br\/#\/schema\/person\/bb9b23ae3ad0609ce8df7b6c9e76824d"},"headline":"Congresso da Amupe refor\u00e7a peso pol\u00edtico dos prefeitos pernambucanos","datePublished":"2026-04-27T14:05:17+00:00","mainEntityOfPage":{"@id":"https:\/\/blogdofarnesio.com.br\/?p=420474"},"wordCount":444,"commentCount":0,"publisher":{"@id":"https:\/\/blogdofarnesio.com.br\/#organization"},"image":{"@id":"https:\/\/blogdofarnesio.com.br\/?p=420474#primaryimage"},"thumbnailUrl":"https:\/\/blogdofarnesio.com.br\/wp-content\/uploads\/2026\/04\/blogqsp-amupe-1-e1775862960395.png","articleSection":["Artigo"],"inLanguage":"pt-BR","potentialAction":[{"@type":"CommentAction","name":"Comment","target":["https:\/\/blogdofarnesio.com.br\/?p=420474#respond"]}]},{"@type":"WebPage","@id":"https:\/\/blogdofarnesio.com.br\/?p=420474","url":"https:\/\/blogdofarnesio.com.br\/?p=420474","name":"Congresso da Amupe refor\u00e7a peso pol\u00edtico dos prefeitos pernambucanos - Blog do Farn\u00e9sio","isPartOf":{"@id":"https:\/\/blogdofarnesio.com.br\/#website"},"primaryImageOfPage":{"@id":"https:\/\/blogdofarnesio.com.br\/?p=420474#primaryimage"},"image":{"@id":"https:\/\/blogdofarnesio.com.br\/?p=420474#primaryimage"},"thumbnailUrl":"https:\/\/blogdofarnesio.com.br\/wp-content\/uploads\/2026\/04\/blogqsp-amupe-1-e1775862960395.png","datePublished":"2026-04-27T14:05:17+00:00","breadcrumb":{"@id":"https:\/\/blogdofarnesio.com.br\/?p=420474#breadcrumb"},"inLanguage":"pt-BR","potentialAction":[{"@type":"ReadAction","target":["https:\/\/blogdofarnesio.com.br\/?p=420474"]}]},{"@type":"ImageObject","inLanguage":"pt-BR","@id":"https:\/\/blogdofarnesio.com.br\/?p=420474#primaryimage","url":"https:\/\/blogdofarnesio.com.br\/wp-content\/uploads\/2026\/04\/blogqsp-amupe-1-e1775862960395.png","contentUrl":"https:\/\/blogdofarnesio.com.br\/wp-content\/uploads\/2026\/04\/blogqsp-amupe-1-e1775862960395.png","width":719,"height":385},{"@type":"BreadcrumbList","@id":"https:\/\/blogdofarnesio.com.br\/?p=420474#breadcrumb","itemListElement":[{"@type":"ListItem","position":1,"name":"In\u00edcio","item":"https:\/\/blogdofarnesio.com.br\/"},{"@type":"ListItem","position":2,"name":"Congresso da Amupe refor\u00e7a peso pol\u00edtico dos prefeitos pernambucanos"}]},{"@type":"WebSite","@id":"https:\/\/blogdofarnesio.com.br\/#website","url":"https:\/\/blogdofarnesio.com.br\/","name":"Blog do Farn\u00e9sio","description":"Quer Saber Pol\u00edtica?","publisher":{"@id":"https:\/\/blogdofarnesio.com.br\/#organization"},"potentialAction":[{"@type":"SearchAction","target":{"@type":"EntryPoint","urlTemplate":"https:\/\/blogdofarnesio.com.br\/?s={search_term_string}"},"query-input":{"@type":"PropertyValueSpecification","valueRequired":true,"valueName":"search_term_string"}}],"inLanguage":"pt-BR"},{"@type":"Organization","@id":"https:\/\/blogdofarnesio.com.br\/#organization","name":"Blog do Farn\u00e9sio","url":"https:\/\/blogdofarnesio.com.br\/","logo":{"@type":"ImageObject","inLanguage":"pt-BR","@id":"https:\/\/blogdofarnesio.com.br\/#\/schema\/logo\/image\/","url":"https:\/\/blogdofarnesio.com.br\/wp-content\/uploads\/2026\/03\/cropped-logo_new-1.png","contentUrl":"https:\/\/blogdofarnesio.com.br\/wp-content\/uploads\/2026\/03\/cropped-logo_new-1.png","width":881,"height":685,"caption":"Blog do Farn\u00e9sio"},"image":{"@id":"https:\/\/blogdofarnesio.com.br\/#\/schema\/logo\/image\/"},"sameAs":["https:\/\/www.facebook.com\/BlogQuerSaberPolitica\/"]},{"@type":"Person","@id":"https:\/\/blogdofarnesio.com.br\/#\/schema\/person\/bb9b23ae3ad0609ce8df7b6c9e76824d","name":"Farn\u00e9sio","image":{"@type":"ImageObject","inLanguage":"pt-BR","@id":"https:\/\/secure.gravatar.com\/avatar\/986aa4c61ccdb66f8555bf88fc2a65609d00bcabd4d2d94377a727547345cbca?s=96&d=mm&r=g","url":"https:\/\/secure.gravatar.com\/avatar\/986aa4c61ccdb66f8555bf88fc2a65609d00bcabd4d2d94377a727547345cbca?s=96&d=mm&r=g","contentUrl":"https:\/\/secure.gravatar.com\/avatar\/986aa4c61ccdb66f8555bf88fc2a65609d00bcabd4d2d94377a727547345cbca?s=96&d=mm&r=g","caption":"Farn\u00e9sio"},"description":"Radialista blogueiro, chegou a Petrolina\/Juazeiro em setembro de 1980, Farn\u00e9sio Silva \u00e9 de Arapiraca-Alagoas.","sameAs":["http:\/\/blogdofarnesio.com.br","https:\/\/www.facebook.com\/?ref=tn_tnmn","https:\/\/www.instagram.com\/?utm_source=pwa_homescreen","https:\/\/youtube.com.br\/"],"url":"https:\/\/blogdofarnesio.com.br\/?author=2"}]}},"_links":{"self":[{"href":"https:\/\/blogdofarnesio.com.br\/index.php?rest_route=\/wp\/v2\/posts\/420474","targetHints":{"allow":["GET"]}}],"collection":[{"href":"https:\/\/blogdofarnesio.com.br\/index.php?rest_route=\/wp\/v2\/posts"}],"about":[{"href":"https:\/\/blogdofarnesio.com.br\/index.php?rest_route=\/wp\/v2\/types\/post"}],"author":[{"embeddable":true,"href":"https:\/\/blogdofarnesio.com.br\/index.php?rest_route=\/wp\/v2\/users\/2"}],"replies":[{"embeddable":true,"href":"https:\/\/blogdofarnesio.com.br\/index.php?rest_route=%2Fwp%2Fv2%2Fcomments&post=420474"}],"version-history":[{"count":1,"href":"https:\/\/blogdofarnesio.com.br\/index.php?rest_route=\/wp\/v2\/posts\/420474\/revisions"}],"predecessor-version":[{"id":420475,"href":"https:\/\/blogdofarnesio.com.br\/index.php?rest_route=\/wp\/v2\/posts\/420474\/revisions\/420475"}],"wp:featuredmedia":[{"embeddable":true,"href":"https:\/\/blogdofarnesio.com.br\/index.php?rest_route=\/wp\/v2\/media\/419198"}],"wp:attachment":[{"href":"https:\/\/blogdofarnesio.com.br\/index.php?rest_route=%2Fwp%2Fv2%2Fmedia&parent=420474"}],"wp:term":[{"taxonomy":"category","embeddable":true,"href":"https:\/\/blogdofarnesio.com.br\/index.php?rest_route=%2Fwp%2Fv2%2Fcategories&post=420474"},{"taxonomy":"post_tag","embeddable":true,"href":"https:\/\/blogdofarnesio.com.br\/index.php?rest_route=%2Fwp%2Fv2%2Ftags&post=420474"}],"curies":[{"name":"wp","href":"https:\/\/api.w.org\/{rel}","templated":true}]}}