{"id":420458,"date":"2026-04-27T10:44:29","date_gmt":"2026-04-27T13:44:29","guid":{"rendered":"https:\/\/blogdofarnesio.com.br\/?p=420458"},"modified":"2026-04-26T19:38:19","modified_gmt":"2026-04-26T22:38:19","slug":"vespera-de-feriado-promete-agitar-casa-nova-quinta-30-de-abril-para-o-lancamento-da-festa-do-interior-2026","status":"publish","type":"post","link":"https:\/\/blogdofarnesio.com.br\/?p=420458","title":{"rendered":"V\u00e9spera de feriado promete agitar Casa Nova, Quinta, 30 de abril para o lan\u00e7amento da Festa do Interior 2026!"},"content":{"rendered":"<p style=\"font-weight: 400;\">A contagem regressiva j\u00e1 come\u00e7ou! A Prefeitura de Casa Nova convida toda a popula\u00e7\u00e3o para um momento especial que vai marcar o in\u00edcio de uma das maiores celebra\u00e7\u00f5es culturais da regi\u00e3o: o lan\u00e7amento oficial da Festa do Interior 2026.<\/p>\n<p style=\"font-weight: 400;\">O evento acontece nesta quinta-feira, 30 de abril, v\u00e9spera de feriado do Dia do Trabalhador, \u00e0s 19h, no audit\u00f3rio do Col\u00e9gio Estadual de Casa Nova, e promete ser um verdadeiro espet\u00e1culo de emo\u00e7\u00e3o, tradi\u00e7\u00e3o e pertencimento. Com uma programa\u00e7\u00e3o cuidadosamente preparada, a noite ser\u00e1 marcada por apresenta\u00e7\u00f5es culturais, quadrilhas juninas, surpresas e muita anima\u00e7\u00e3o, antecipando tudo o que est\u00e1 por vir.<\/p>\n<p style=\"font-weight: 400;\">Mais do que um lan\u00e7amento, ser\u00e1 uma experi\u00eancia inesquec\u00edvel para o p\u00fablico, que ter\u00e1 acesso em primeira m\u00e3o \u00e0 grade oficial da Festa do Interior 2026, considerada a maior festa do munic\u00edpio e uma das mais aguardadas de toda a regi\u00e3o.<\/p>\n<p style=\"font-weight: 400;\">A festa principal j\u00e1 tem data marcada: 11, 12 e 13 de julho, no tradicional P\u00e1tio de Eventos de Casa Nova, reunindo grandes atra\u00e7\u00f5es, cultura popular e um p\u00fablico que celebra com orgulho o evento que j\u00e1 faz parte da cultura da cidade.<\/p>\n<p style=\"font-weight: 400;\">Para o prefeito Anisio Viana, o momento \u00e9 de celebra\u00e7\u00e3o e valoriza\u00e7\u00e3o da identidade local:<\/p>\n<p style=\"font-weight: 400;\">\u201cA Festa do Interior \u00e9 mais do que um evento, \u00e9 a express\u00e3o da nossa cultura, da nossa gente e da nossa alegria. Estamos preparando tudo com muito carinho para que 2026 seja hist\u00f3rico, desde o lan\u00e7amento at\u00e9 cada noite de festa em julho. Convido toda Casa Nova e regi\u00e3o para viver esse momento com a gente.\u201d<\/p>\n<p style=\"font-weight: 400;\">A gest\u00e3o municipal refor\u00e7a o compromisso com a cultura, o turismo e o desenvolvimento econ\u00f4mico, promovendo eventos que movimentam a cidade, geram oportunidades e fortalecem o sentimento de pertencimento da popula\u00e7\u00e3o.<\/p>\n<p style=\"font-weight: 400;\">\n<p style=\"font-weight: 400;\">Ascom Pmcn<\/p>\n","protected":false},"excerpt":{"rendered":"<p>A contagem regressiva j\u00e1 come\u00e7ou! A Prefeitura de Casa Nova convida toda a popula\u00e7\u00e3o para um momento especial que vai marcar o in\u00edcio de uma das maiores celebra\u00e7\u00f5es culturais da regi\u00e3o: o lan\u00e7amento oficial da Festa do Interior 2026. O evento acontece nesta quinta-feira, 30 de abril, v\u00e9spera de feriado do Dia do Trabalhador, \u00e0s 19h, no audit\u00f3rio do Col\u00e9gio Estadual de Casa Nova, e promete ser um verdadeiro espet\u00e1culo de emo\u00e7\u00e3o, tradi\u00e7\u00e3o e pertencimento. Com uma programa\u00e7\u00e3o cuidadosamente preparada, a noite ser\u00e1 marcada por apresenta\u00e7\u00f5es culturais, quadrilhas juninas, surpresas e muita anima\u00e7\u00e3o, antecipando tudo o que est\u00e1 por vir. Mais do que um lan\u00e7amento, ser\u00e1 uma experi\u00eancia inesquec\u00edvel para o p\u00fablico, que ter\u00e1 acesso em primeira m\u00e3o \u00e0 grade&hellip; <\/p>\n","protected":false},"author":2,"featured_media":420459,"comment_status":"open","ping_status":"open","sticky":false,"template":"","format":"standard","meta":{"_acf_changed":false,"footnotes":""},"categories":[27],"tags":[],"class_list":["post-420458","post","type-post","status-publish","format-standard","has-post-thumbnail","hentry","category-cidades"],"acf":[],"yoast_head":"<!-- This site is optimized with the Yoast SEO plugin v27.4 - https:\/\/yoast.com\/product\/yoast-seo-wordpress\/ -->\n<title>V\u00e9spera de feriado promete agitar Casa Nova, Quinta, 30 de abril para o lan\u00e7amento da Festa do Interior 2026! - Blog do Farn\u00e9sio<\/title>\n<meta name=\"robots\" content=\"index, follow, max-snippet:-1, max-image-preview:large, max-video-preview:-1\" \/>\n<link rel=\"canonical\" href=\"https:\/\/blogdofarnesio.com.br\/?p=420458\" \/>\n<meta property=\"og:locale\" content=\"pt_BR\" \/>\n<meta property=\"og:type\" content=\"article\" \/>\n<meta property=\"og:title\" content=\"V\u00e9spera de feriado promete agitar Casa Nova, Quinta, 30 de abril para o lan\u00e7amento da Festa do Interior 2026! - Blog do Farn\u00e9sio\" \/>\n<meta property=\"og:description\" content=\"A contagem regressiva j\u00e1 come\u00e7ou! A Prefeitura de Casa Nova convida toda a popula\u00e7\u00e3o para um momento especial que vai marcar o in\u00edcio de uma das maiores celebra\u00e7\u00f5es culturais da regi\u00e3o: o lan\u00e7amento oficial da Festa do Interior 2026. O evento acontece nesta quinta-feira, 30 de abril, v\u00e9spera de feriado do Dia do Trabalhador, \u00e0s 19h, no audit\u00f3rio do Col\u00e9gio Estadual de Casa Nova, e promete ser um verdadeiro espet\u00e1culo de emo\u00e7\u00e3o, tradi\u00e7\u00e3o e pertencimento. Com uma programa\u00e7\u00e3o cuidadosamente preparada, a noite ser\u00e1 marcada por apresenta\u00e7\u00f5es culturais, quadrilhas juninas, surpresas e muita anima\u00e7\u00e3o, antecipando tudo o que est\u00e1 por vir. Mais do que um lan\u00e7amento, ser\u00e1 uma experi\u00eancia inesquec\u00edvel para o p\u00fablico, que ter\u00e1 acesso em primeira m\u00e3o \u00e0 grade&hellip;\" \/>\n<meta property=\"og:url\" content=\"https:\/\/blogdofarnesio.com.br\/?p=420458\" \/>\n<meta property=\"og:site_name\" content=\"Blog do Farn\u00e9sio\" \/>\n<meta property=\"article:publisher\" content=\"https:\/\/www.facebook.com\/BlogQuerSaberPolitica\/\" \/>\n<meta property=\"article:author\" content=\"https:\/\/www.facebook.com\/?ref=tn_tnmn\" \/>\n<meta property=\"article:published_time\" content=\"2026-04-27T13:44:29+00:00\" \/>\n<meta property=\"og:image\" content=\"https:\/\/blogdofarnesio.com.br\/wp-content\/uploads\/2026\/04\/blogqspcasanova-FESTA-DO-INTERIOR-LANCAMENTO-e1777243039999.png\" \/>\n\t<meta property=\"og:image:width\" content=\"680\" \/>\n\t<meta property=\"og:image:height\" content=\"570\" \/>\n\t<meta property=\"og:image:type\" content=\"image\/png\" \/>\n<meta name=\"author\" content=\"Farn\u00e9sio\" \/>\n<meta name=\"twitter:card\" content=\"summary_large_image\" \/>\n<meta name=\"twitter:label1\" content=\"Escrito por\" \/>\n\t<meta name=\"twitter:data1\" content=\"Farn\u00e9sio\" \/>\n\t<meta name=\"twitter:label2\" content=\"Est. tempo de leitura\" \/>\n\t<meta name=\"twitter:data2\" content=\"2 minutos\" \/>\n<script type=\"application\/ld+json\" class=\"yoast-schema-graph\">{\"@context\":\"https:\\\/\\\/schema.org\",\"@graph\":[{\"@type\":\"Article\",\"@id\":\"https:\\\/\\\/blogdofarnesio.com.br\\\/?p=420458#article\",\"isPartOf\":{\"@id\":\"https:\\\/\\\/blogdofarnesio.com.br\\\/?p=420458\"},\"author\":{\"name\":\"Farn\u00e9sio\",\"@id\":\"https:\\\/\\\/blogdofarnesio.com.br\\\/#\\\/schema\\\/person\\\/bb9b23ae3ad0609ce8df7b6c9e76824d\"},\"headline\":\"V\u00e9spera de feriado promete agitar Casa Nova, Quinta, 30 de abril para o lan\u00e7amento da Festa do Interior 2026!\",\"datePublished\":\"2026-04-27T13:44:29+00:00\",\"mainEntityOfPage\":{\"@id\":\"https:\\\/\\\/blogdofarnesio.com.br\\\/?p=420458\"},\"wordCount\":332,\"commentCount\":0,\"publisher\":{\"@id\":\"https:\\\/\\\/blogdofarnesio.com.br\\\/#organization\"},\"image\":{\"@id\":\"https:\\\/\\\/blogdofarnesio.com.br\\\/?p=420458#primaryimage\"},\"thumbnailUrl\":\"https:\\\/\\\/blogdofarnesio.com.br\\\/wp-content\\\/uploads\\\/2026\\\/04\\\/blogqspcasanova-FESTA-DO-INTERIOR-LANCAMENTO-e1777243039999.png\",\"articleSection\":[\"Cidades\"],\"inLanguage\":\"pt-BR\",\"potentialAction\":[{\"@type\":\"CommentAction\",\"name\":\"Comment\",\"target\":[\"https:\\\/\\\/blogdofarnesio.com.br\\\/?p=420458#respond\"]}]},{\"@type\":\"WebPage\",\"@id\":\"https:\\\/\\\/blogdofarnesio.com.br\\\/?p=420458\",\"url\":\"https:\\\/\\\/blogdofarnesio.com.br\\\/?p=420458\",\"name\":\"V\u00e9spera de feriado promete agitar Casa Nova, Quinta, 30 de abril para o lan\u00e7amento da Festa do Interior 2026! - Blog do Farn\u00e9sio\",\"isPartOf\":{\"@id\":\"https:\\\/\\\/blogdofarnesio.com.br\\\/#website\"},\"primaryImageOfPage\":{\"@id\":\"https:\\\/\\\/blogdofarnesio.com.br\\\/?p=420458#primaryimage\"},\"image\":{\"@id\":\"https:\\\/\\\/blogdofarnesio.com.br\\\/?p=420458#primaryimage\"},\"thumbnailUrl\":\"https:\\\/\\\/blogdofarnesio.com.br\\\/wp-content\\\/uploads\\\/2026\\\/04\\\/blogqspcasanova-FESTA-DO-INTERIOR-LANCAMENTO-e1777243039999.png\",\"datePublished\":\"2026-04-27T13:44:29+00:00\",\"breadcrumb\":{\"@id\":\"https:\\\/\\\/blogdofarnesio.com.br\\\/?p=420458#breadcrumb\"},\"inLanguage\":\"pt-BR\",\"potentialAction\":[{\"@type\":\"ReadAction\",\"target\":[\"https:\\\/\\\/blogdofarnesio.com.br\\\/?p=420458\"]}]},{\"@type\":\"ImageObject\",\"inLanguage\":\"pt-BR\",\"@id\":\"https:\\\/\\\/blogdofarnesio.com.br\\\/?p=420458#primaryimage\",\"url\":\"https:\\\/\\\/blogdofarnesio.com.br\\\/wp-content\\\/uploads\\\/2026\\\/04\\\/blogqspcasanova-FESTA-DO-INTERIOR-LANCAMENTO-e1777243039999.png\",\"contentUrl\":\"https:\\\/\\\/blogdofarnesio.com.br\\\/wp-content\\\/uploads\\\/2026\\\/04\\\/blogqspcasanova-FESTA-DO-INTERIOR-LANCAMENTO-e1777243039999.png\",\"width\":680,\"height\":570},{\"@type\":\"BreadcrumbList\",\"@id\":\"https:\\\/\\\/blogdofarnesio.com.br\\\/?p=420458#breadcrumb\",\"itemListElement\":[{\"@type\":\"ListItem\",\"position\":1,\"name\":\"In\u00edcio\",\"item\":\"https:\\\/\\\/blogdofarnesio.com.br\\\/\"},{\"@type\":\"ListItem\",\"position\":2,\"name\":\"V\u00e9spera de feriado promete agitar Casa Nova, Quinta, 30 de abril para o lan\u00e7amento da Festa do Interior 2026!\"}]},{\"@type\":\"WebSite\",\"@id\":\"https:\\\/\\\/blogdofarnesio.com.br\\\/#website\",\"url\":\"https:\\\/\\\/blogdofarnesio.com.br\\\/\",\"name\":\"Blog do Farn\u00e9sio\",\"description\":\"Quer Saber Pol\u00edtica?\",\"publisher\":{\"@id\":\"https:\\\/\\\/blogdofarnesio.com.br\\\/#organization\"},\"potentialAction\":[{\"@type\":\"SearchAction\",\"target\":{\"@type\":\"EntryPoint\",\"urlTemplate\":\"https:\\\/\\\/blogdofarnesio.com.br\\\/?s={search_term_string}\"},\"query-input\":{\"@type\":\"PropertyValueSpecification\",\"valueRequired\":true,\"valueName\":\"search_term_string\"}}],\"inLanguage\":\"pt-BR\"},{\"@type\":\"Organization\",\"@id\":\"https:\\\/\\\/blogdofarnesio.com.br\\\/#organization\",\"name\":\"Blog do Farn\u00e9sio\",\"url\":\"https:\\\/\\\/blogdofarnesio.com.br\\\/\",\"logo\":{\"@type\":\"ImageObject\",\"inLanguage\":\"pt-BR\",\"@id\":\"https:\\\/\\\/blogdofarnesio.com.br\\\/#\\\/schema\\\/logo\\\/image\\\/\",\"url\":\"https:\\\/\\\/blogdofarnesio.com.br\\\/wp-content\\\/uploads\\\/2026\\\/03\\\/cropped-logo_new-1.png\",\"contentUrl\":\"https:\\\/\\\/blogdofarnesio.com.br\\\/wp-content\\\/uploads\\\/2026\\\/03\\\/cropped-logo_new-1.png\",\"width\":881,\"height\":685,\"caption\":\"Blog do Farn\u00e9sio\"},\"image\":{\"@id\":\"https:\\\/\\\/blogdofarnesio.com.br\\\/#\\\/schema\\\/logo\\\/image\\\/\"},\"sameAs\":[\"https:\\\/\\\/www.facebook.com\\\/BlogQuerSaberPolitica\\\/\"]},{\"@type\":\"Person\",\"@id\":\"https:\\\/\\\/blogdofarnesio.com.br\\\/#\\\/schema\\\/person\\\/bb9b23ae3ad0609ce8df7b6c9e76824d\",\"name\":\"Farn\u00e9sio\",\"image\":{\"@type\":\"ImageObject\",\"inLanguage\":\"pt-BR\",\"@id\":\"https:\\\/\\\/secure.gravatar.com\\\/avatar\\\/986aa4c61ccdb66f8555bf88fc2a65609d00bcabd4d2d94377a727547345cbca?s=96&d=mm&r=g\",\"url\":\"https:\\\/\\\/secure.gravatar.com\\\/avatar\\\/986aa4c61ccdb66f8555bf88fc2a65609d00bcabd4d2d94377a727547345cbca?s=96&d=mm&r=g\",\"contentUrl\":\"https:\\\/\\\/secure.gravatar.com\\\/avatar\\\/986aa4c61ccdb66f8555bf88fc2a65609d00bcabd4d2d94377a727547345cbca?s=96&d=mm&r=g\",\"caption\":\"Farn\u00e9sio\"},\"description\":\"Radialista blogueiro, chegou a Petrolina\\\/Juazeiro em setembro de 1980, Farn\u00e9sio Silva \u00e9 de Arapiraca-Alagoas.\",\"sameAs\":[\"http:\\\/\\\/blogdofarnesio.com.br\",\"https:\\\/\\\/www.facebook.com\\\/?ref=tn_tnmn\",\"https:\\\/\\\/www.instagram.com\\\/?utm_source=pwa_homescreen\",\"https:\\\/\\\/youtube.com.br\\\/\"],\"url\":\"https:\\\/\\\/blogdofarnesio.com.br\\\/?author=2\"}]}<\/script>\n<!-- \/ Yoast SEO plugin. -->","yoast_head_json":{"title":"V\u00e9spera de feriado promete agitar Casa Nova, Quinta, 30 de abril para o lan\u00e7amento da Festa do Interior 2026! - Blog do Farn\u00e9sio","robots":{"index":"index","follow":"follow","max-snippet":"max-snippet:-1","max-image-preview":"max-image-preview:large","max-video-preview":"max-video-preview:-1"},"canonical":"https:\/\/blogdofarnesio.com.br\/?p=420458","og_locale":"pt_BR","og_type":"article","og_title":"V\u00e9spera de feriado promete agitar Casa Nova, Quinta, 30 de abril para o lan\u00e7amento da Festa do Interior 2026! - Blog do Farn\u00e9sio","og_description":"A contagem regressiva j\u00e1 come\u00e7ou! A Prefeitura de Casa Nova convida toda a popula\u00e7\u00e3o para um momento especial que vai marcar o in\u00edcio de uma das maiores celebra\u00e7\u00f5es culturais da regi\u00e3o: o lan\u00e7amento oficial da Festa do Interior 2026. O evento acontece nesta quinta-feira, 30 de abril, v\u00e9spera de feriado do Dia do Trabalhador, \u00e0s 19h, no audit\u00f3rio do Col\u00e9gio Estadual de Casa Nova, e promete ser um verdadeiro espet\u00e1culo de emo\u00e7\u00e3o, tradi\u00e7\u00e3o e pertencimento. Com uma programa\u00e7\u00e3o cuidadosamente preparada, a noite ser\u00e1 marcada por apresenta\u00e7\u00f5es culturais, quadrilhas juninas, surpresas e muita anima\u00e7\u00e3o, antecipando tudo o que est\u00e1 por vir. Mais do que um lan\u00e7amento, ser\u00e1 uma experi\u00eancia inesquec\u00edvel para o p\u00fablico, que ter\u00e1 acesso em primeira m\u00e3o \u00e0 grade&hellip;","og_url":"https:\/\/blogdofarnesio.com.br\/?p=420458","og_site_name":"Blog do Farn\u00e9sio","article_publisher":"https:\/\/www.facebook.com\/BlogQuerSaberPolitica\/","article_author":"https:\/\/www.facebook.com\/?ref=tn_tnmn","article_published_time":"2026-04-27T13:44:29+00:00","og_image":[{"width":680,"height":570,"url":"https:\/\/blogdofarnesio.com.br\/wp-content\/uploads\/2026\/04\/blogqspcasanova-FESTA-DO-INTERIOR-LANCAMENTO-e1777243039999.png","type":"image\/png"}],"author":"Farn\u00e9sio","twitter_card":"summary_large_image","twitter_misc":{"Escrito por":"Farn\u00e9sio","Est. tempo de leitura":"2 minutos"},"schema":{"@context":"https:\/\/schema.org","@graph":[{"@type":"Article","@id":"https:\/\/blogdofarnesio.com.br\/?p=420458#article","isPartOf":{"@id":"https:\/\/blogdofarnesio.com.br\/?p=420458"},"author":{"name":"Farn\u00e9sio","@id":"https:\/\/blogdofarnesio.com.br\/#\/schema\/person\/bb9b23ae3ad0609ce8df7b6c9e76824d"},"headline":"V\u00e9spera de feriado promete agitar Casa Nova, Quinta, 30 de abril para o lan\u00e7amento da Festa do Interior 2026!","datePublished":"2026-04-27T13:44:29+00:00","mainEntityOfPage":{"@id":"https:\/\/blogdofarnesio.com.br\/?p=420458"},"wordCount":332,"commentCount":0,"publisher":{"@id":"https:\/\/blogdofarnesio.com.br\/#organization"},"image":{"@id":"https:\/\/blogdofarnesio.com.br\/?p=420458#primaryimage"},"thumbnailUrl":"https:\/\/blogdofarnesio.com.br\/wp-content\/uploads\/2026\/04\/blogqspcasanova-FESTA-DO-INTERIOR-LANCAMENTO-e1777243039999.png","articleSection":["Cidades"],"inLanguage":"pt-BR","potentialAction":[{"@type":"CommentAction","name":"Comment","target":["https:\/\/blogdofarnesio.com.br\/?p=420458#respond"]}]},{"@type":"WebPage","@id":"https:\/\/blogdofarnesio.com.br\/?p=420458","url":"https:\/\/blogdofarnesio.com.br\/?p=420458","name":"V\u00e9spera de feriado promete agitar Casa Nova, Quinta, 30 de abril para o lan\u00e7amento da Festa do Interior 2026! - Blog do Farn\u00e9sio","isPartOf":{"@id":"https:\/\/blogdofarnesio.com.br\/#website"},"primaryImageOfPage":{"@id":"https:\/\/blogdofarnesio.com.br\/?p=420458#primaryimage"},"image":{"@id":"https:\/\/blogdofarnesio.com.br\/?p=420458#primaryimage"},"thumbnailUrl":"https:\/\/blogdofarnesio.com.br\/wp-content\/uploads\/2026\/04\/blogqspcasanova-FESTA-DO-INTERIOR-LANCAMENTO-e1777243039999.png","datePublished":"2026-04-27T13:44:29+00:00","breadcrumb":{"@id":"https:\/\/blogdofarnesio.com.br\/?p=420458#breadcrumb"},"inLanguage":"pt-BR","potentialAction":[{"@type":"ReadAction","target":["https:\/\/blogdofarnesio.com.br\/?p=420458"]}]},{"@type":"ImageObject","inLanguage":"pt-BR","@id":"https:\/\/blogdofarnesio.com.br\/?p=420458#primaryimage","url":"https:\/\/blogdofarnesio.com.br\/wp-content\/uploads\/2026\/04\/blogqspcasanova-FESTA-DO-INTERIOR-LANCAMENTO-e1777243039999.png","contentUrl":"https:\/\/blogdofarnesio.com.br\/wp-content\/uploads\/2026\/04\/blogqspcasanova-FESTA-DO-INTERIOR-LANCAMENTO-e1777243039999.png","width":680,"height":570},{"@type":"BreadcrumbList","@id":"https:\/\/blogdofarnesio.com.br\/?p=420458#breadcrumb","itemListElement":[{"@type":"ListItem","position":1,"name":"In\u00edcio","item":"https:\/\/blogdofarnesio.com.br\/"},{"@type":"ListItem","position":2,"name":"V\u00e9spera de feriado promete agitar Casa Nova, Quinta, 30 de abril para o lan\u00e7amento da Festa do Interior 2026!"}]},{"@type":"WebSite","@id":"https:\/\/blogdofarnesio.com.br\/#website","url":"https:\/\/blogdofarnesio.com.br\/","name":"Blog do Farn\u00e9sio","description":"Quer Saber Pol\u00edtica?","publisher":{"@id":"https:\/\/blogdofarnesio.com.br\/#organization"},"potentialAction":[{"@type":"SearchAction","target":{"@type":"EntryPoint","urlTemplate":"https:\/\/blogdofarnesio.com.br\/?s={search_term_string}"},"query-input":{"@type":"PropertyValueSpecification","valueRequired":true,"valueName":"search_term_string"}}],"inLanguage":"pt-BR"},{"@type":"Organization","@id":"https:\/\/blogdofarnesio.com.br\/#organization","name":"Blog do Farn\u00e9sio","url":"https:\/\/blogdofarnesio.com.br\/","logo":{"@type":"ImageObject","inLanguage":"pt-BR","@id":"https:\/\/blogdofarnesio.com.br\/#\/schema\/logo\/image\/","url":"https:\/\/blogdofarnesio.com.br\/wp-content\/uploads\/2026\/03\/cropped-logo_new-1.png","contentUrl":"https:\/\/blogdofarnesio.com.br\/wp-content\/uploads\/2026\/03\/cropped-logo_new-1.png","width":881,"height":685,"caption":"Blog do Farn\u00e9sio"},"image":{"@id":"https:\/\/blogdofarnesio.com.br\/#\/schema\/logo\/image\/"},"sameAs":["https:\/\/www.facebook.com\/BlogQuerSaberPolitica\/"]},{"@type":"Person","@id":"https:\/\/blogdofarnesio.com.br\/#\/schema\/person\/bb9b23ae3ad0609ce8df7b6c9e76824d","name":"Farn\u00e9sio","image":{"@type":"ImageObject","inLanguage":"pt-BR","@id":"https:\/\/secure.gravatar.com\/avatar\/986aa4c61ccdb66f8555bf88fc2a65609d00bcabd4d2d94377a727547345cbca?s=96&d=mm&r=g","url":"https:\/\/secure.gravatar.com\/avatar\/986aa4c61ccdb66f8555bf88fc2a65609d00bcabd4d2d94377a727547345cbca?s=96&d=mm&r=g","contentUrl":"https:\/\/secure.gravatar.com\/avatar\/986aa4c61ccdb66f8555bf88fc2a65609d00bcabd4d2d94377a727547345cbca?s=96&d=mm&r=g","caption":"Farn\u00e9sio"},"description":"Radialista blogueiro, chegou a Petrolina\/Juazeiro em setembro de 1980, Farn\u00e9sio Silva \u00e9 de Arapiraca-Alagoas.","sameAs":["http:\/\/blogdofarnesio.com.br","https:\/\/www.facebook.com\/?ref=tn_tnmn","https:\/\/www.instagram.com\/?utm_source=pwa_homescreen","https:\/\/youtube.com.br\/"],"url":"https:\/\/blogdofarnesio.com.br\/?author=2"}]}},"_links":{"self":[{"href":"https:\/\/blogdofarnesio.com.br\/index.php?rest_route=\/wp\/v2\/posts\/420458","targetHints":{"allow":["GET"]}}],"collection":[{"href":"https:\/\/blogdofarnesio.com.br\/index.php?rest_route=\/wp\/v2\/posts"}],"about":[{"href":"https:\/\/blogdofarnesio.com.br\/index.php?rest_route=\/wp\/v2\/types\/post"}],"author":[{"embeddable":true,"href":"https:\/\/blogdofarnesio.com.br\/index.php?rest_route=\/wp\/v2\/users\/2"}],"replies":[{"embeddable":true,"href":"https:\/\/blogdofarnesio.com.br\/index.php?rest_route=%2Fwp%2Fv2%2Fcomments&post=420458"}],"version-history":[{"count":1,"href":"https:\/\/blogdofarnesio.com.br\/index.php?rest_route=\/wp\/v2\/posts\/420458\/revisions"}],"predecessor-version":[{"id":420460,"href":"https:\/\/blogdofarnesio.com.br\/index.php?rest_route=\/wp\/v2\/posts\/420458\/revisions\/420460"}],"wp:featuredmedia":[{"embeddable":true,"href":"https:\/\/blogdofarnesio.com.br\/index.php?rest_route=\/wp\/v2\/media\/420459"}],"wp:attachment":[{"href":"https:\/\/blogdofarnesio.com.br\/index.php?rest_route=%2Fwp%2Fv2%2Fmedia&parent=420458"}],"wp:term":[{"taxonomy":"category","embeddable":true,"href":"https:\/\/blogdofarnesio.com.br\/index.php?rest_route=%2Fwp%2Fv2%2Fcategories&post=420458"},{"taxonomy":"post_tag","embeddable":true,"href":"https:\/\/blogdofarnesio.com.br\/index.php?rest_route=%2Fwp%2Fv2%2Ftags&post=420458"}],"curies":[{"name":"wp","href":"https:\/\/api.w.org\/{rel}","templated":true}]}}