{"id":420446,"date":"2026-04-27T09:22:24","date_gmt":"2026-04-27T12:22:24","guid":{"rendered":"https:\/\/blogdofarnesio.com.br\/?p=420446"},"modified":"2026-04-26T19:19:57","modified_gmt":"2026-04-26T22:19:57","slug":"mirela-saturnino-assume-lideranca-do-ranking-brasileiro-apos-marca-obtida-na-maratona-de-hamburgo","status":"publish","type":"post","link":"https:\/\/blogdofarnesio.com.br\/?p=420446","title":{"rendered":"Mirela Saturnino assume lideran\u00e7a do ranking brasileiro ap\u00f3s marca obtida na Maratona de Hamburgo"},"content":{"rendered":"<div>\n<div class=\"m_-780303807120363569block-grid\">\n<div class=\"m_-780303807120363569col\">\n<p><strong><em>Atleta da APA Petrolina concluiu a prova com o tempo de 2h38min30s, ficando na 12\u00aa coloca\u00e7\u00e3o geral.<\/em><\/strong><\/p>\n<\/div>\n<\/div>\n<\/div>\n<div>\n<div class=\"m_-780303807120363569block-grid\">\n<div>\n<div class=\"m_-780303807120363569col\">\n<div>\n<div>\n<div>\n<div>\n<p><strong>Abril, 2026<\/strong>\u00a0&#8211; A atleta da Associa\u00e7\u00e3o Petrolinense de Atletismo (APA), Mirela Saturnino, assumiu a lideran\u00e7a do ranking brasileiro da temporada ap\u00f3s o resultado obtido na Maratona de Hamburgo, realizada neste domingo (26). A fundista concluiu a prova com o tempo de 2h38min30s, ficando na 12\u00aa coloca\u00e7\u00e3o.<\/p>\n<p>A prova foi disputada sob condi\u00e7\u00f5es clim\u00e1ticas desafiadoras, com largada registrada em cerca de 6\u00b0C, fator que influenciou diretamente o ritmo das atletas ao longo do percurso. Mesmo assim, Mirela conseguiu manter consist\u00eancia e fechar a prova com a melhor marca brasileira no ano at\u00e9 agora.<\/p>\n<p>&#8220;Senti bastante o frio, o que acabou gerando uma certa dificuldade durante a prova. Mesmo assim, consegui me manter bem e concluir com um bom tempo dentro das circunst\u00e2ncias. Fico feliz com o resultado e agora \u00e9 seguir trabalhando para evoluir ainda mais nas pr\u00f3ximas competi\u00e7\u00f5es\u201d, afirmou.<\/p>\n<p>O treinador Marciano Barros destacou a atua\u00e7\u00e3o da atleta e o contexto da prova. &#8220;A Mirela fez uma corrida muito inteligente dentro das condi\u00e7\u00f5es que enfrentamos. O frio pesou bastante, mas ela soube administrar bem o ritmo e mostrou maturidade para fechar a prova. A expectativa era que ela pudesse melhorar sua melhor marca pessoal, de 2h35min44s, mas ficamos satisfeitos com o resultado. \u00c9 um tempo competitivo, que deve render convoca\u00e7\u00f5es ao longo da temporada, e a tend\u00eancia \u00e9 que ela evolua ainda mais e fa\u00e7a grandes maratonas este ano\u201d, avaliou.<\/p>\n<p>Agora, a atleta volta suas aten\u00e7\u00f5es para a Maratona New Balance, que ser\u00e1 realizada em Porto Alegre, no dia 12 de julho, dando sequ\u00eancia \u00e0 temporada com foco em manter o bom desempenho e melhorar a sua marca pessoal.<\/p>\n<p><strong><img loading=\"lazy\" decoding=\"async\" class=\"aligncenter size-full wp-image-420448\" src=\"https:\/\/blogdofarnesio.com.br\/wp-content\/uploads\/2026\/04\/blogqspapa-equipe-scaled-e1777241929980.jpg\" alt=\"\" width=\"660\" height=\"464\" \/>Resultados da APA em Hamburgo\u00a0<\/strong>&#8211;\u00a0Al\u00e9m do desempenho de Mirela Saturnino, a APA Petrolina tamb\u00e9m contou com outros representantes na prova. Justino Pedro da Silva foi o melhor colocado da equipe no masculino, terminando na 25\u00aa posi\u00e7\u00e3o com o tempo de 2h16min55s. Na sequ\u00eancia, Andr\u00e9 Silva ficou em 30\u00ba lugar, com 2h20min40s, enquanto Thiago Costa completou a prova em 2h22min57s, ficando em 34\u00ba. J\u00e1 o atleta paral\u00edmpico Ant\u00f4nio Carlos Mendes, ao lado do guia Laecio Lima, n\u00e3o concluiu a prova.<\/p>\n<p><strong>A APA &#8211;<\/strong>\u00a0Localizada em Petrolina (PE), no cora\u00e7\u00e3o do Vale do S\u00e3o Francisco, a APA \u00e9 reconhecida como um case de sucesso e refer\u00eancia de impacto social e esportivo no Nordeste. O clube de atletismo do Sert\u00e3o de Pernambuco \u00e9 considerado nacionalmente como modelo de inclus\u00e3o social e alto rendimento.<\/p>\n<p>Com 22 anos de atua\u00e7\u00e3o, j\u00e1 impactou mais de 2.500 pessoas, promovendo o atletismo desde a forma\u00e7\u00e3o de base at\u00e9 o alto rendimento.\u00a0A associa\u00e7\u00e3o vem transformando o cen\u00e1rio esportivo e social da regi\u00e3o, revelando grandes talentos, o que fez o nome da institui\u00e7\u00e3o ser colocado no hall das principais equipes do atletismo ol\u00edmpico e paral\u00edmpico brasileiro.<\/p>\n<p>\u00danico clube de atletismo no Nordeste certificado pela Lei Pel\u00e9, a APA tamb\u00e9m se destaca na implementa\u00e7\u00e3o de projetos financiados pela Lei de Incentivo ao Esporte (LIE) do Governo Federal.\u00a0Atualmente, a APA desenvolve seis projetos com financiamento obtido pela Lei de Incentivo ao Esporte (LIE): Projeto Ol\u00edmpico e Paral\u00edmpico do Sert\u00e3o; Escolinhas de Atletismo Inclusivas; Escolinhas de Atletismo Sem Fronteiras; Projeto Competir \u2013 da base aos p\u00f3dios; Canoagem Paral\u00edmpica do Sert\u00e3o; e Corredores de Rua Elite Nacional.<\/p>\n<p><span dir=\"auto\"><strong>Mais informa\u00e7\u00f5es:<\/strong><br \/>\n<strong>Site:<\/strong>\u00a0<a href=\"https:\/\/click.presskit.com.br\/url\/113818804ec\/6674180aa92\" target=\"_blank\" rel=\"noopener\" data-saferedirecturl=\"https:\/\/www.google.com\/url?q=https:\/\/click.presskit.com.br\/url\/113818804ec\/6674180aa92&amp;source=gmail&amp;ust=1777328032595000&amp;usg=AOvVaw14T3Ly4y4-L09qxhlswArv\">https:\/\/apapetrolina.<wbr \/>com.br\/<\/a><br \/>\n<strong>Instagram:<\/strong>\u00a0@apapetrolina<\/p>\n<p><strong>Assessoria de Imprensa:<\/strong><br \/>\nAscom APA Petrolina &#8211;\u00a0<a href=\"https:\/\/click.presskit.com.br\/url\/1138189ada7\/6674180aa92\" target=\"_blank\" rel=\"noopener\" data-saferedirecturl=\"https:\/\/www.google.com\/url?q=https:\/\/click.presskit.com.br\/url\/1138189ada7\/6674180aa92&amp;source=gmail&amp;ust=1777328032595000&amp;usg=AOvVaw0c18OghZ3eBk7VucAwb1nu\">comunicacao@apapetrolina.<wbr \/>com.br<\/a><\/span><\/p>\n<\/div>\n<\/div>\n<\/div>\n<\/div>\n<\/div>\n<\/div>\n<\/div>\n<\/div>\n","protected":false},"excerpt":{"rendered":"<p>Atleta da APA Petrolina concluiu a prova com o tempo de 2h38min30s, ficando na 12\u00aa coloca\u00e7\u00e3o geral. Abril, 2026\u00a0&#8211; A atleta da Associa\u00e7\u00e3o Petrolinense de Atletismo (APA), Mirela Saturnino, assumiu a lideran\u00e7a do ranking brasileiro da temporada ap\u00f3s o resultado obtido na Maratona de Hamburgo, realizada neste domingo (26). A fundista concluiu a prova com o tempo de 2h38min30s, ficando na 12\u00aa coloca\u00e7\u00e3o. A prova foi disputada sob condi\u00e7\u00f5es clim\u00e1ticas desafiadoras, com largada registrada em cerca de 6\u00b0C, fator que influenciou diretamente o ritmo das atletas ao longo do percurso. Mesmo assim, Mirela conseguiu manter consist\u00eancia e fechar a prova com a melhor marca brasileira no ano at\u00e9 agora. &#8220;Senti bastante o frio, o que acabou gerando uma certa dificuldade&hellip; <\/p>\n","protected":false},"author":2,"featured_media":420447,"comment_status":"open","ping_status":"open","sticky":false,"template":"","format":"standard","meta":{"_acf_changed":false,"footnotes":""},"categories":[8],"tags":[],"class_list":["post-420446","post","type-post","status-publish","format-standard","has-post-thumbnail","hentry","category-esportes"],"acf":[],"yoast_head":"<!-- This site is optimized with the Yoast SEO plugin v27.4 - https:\/\/yoast.com\/product\/yoast-seo-wordpress\/ -->\n<title>Mirela Saturnino assume lideran\u00e7a do ranking brasileiro ap\u00f3s marca obtida na Maratona de Hamburgo - Blog do Farn\u00e9sio<\/title>\n<meta name=\"robots\" content=\"index, follow, max-snippet:-1, max-image-preview:large, max-video-preview:-1\" \/>\n<link rel=\"canonical\" href=\"https:\/\/blogdofarnesio.com.br\/?p=420446\" \/>\n<meta property=\"og:locale\" content=\"pt_BR\" \/>\n<meta property=\"og:type\" content=\"article\" \/>\n<meta property=\"og:title\" content=\"Mirela Saturnino assume lideran\u00e7a do ranking brasileiro ap\u00f3s marca obtida na Maratona de Hamburgo - Blog do Farn\u00e9sio\" \/>\n<meta property=\"og:description\" content=\"Atleta da APA Petrolina concluiu a prova com o tempo de 2h38min30s, ficando na 12\u00aa coloca\u00e7\u00e3o geral. Abril, 2026\u00a0&#8211; A atleta da Associa\u00e7\u00e3o Petrolinense de Atletismo (APA), Mirela Saturnino, assumiu a lideran\u00e7a do ranking brasileiro da temporada ap\u00f3s o resultado obtido na Maratona de Hamburgo, realizada neste domingo (26). A fundista concluiu a prova com o tempo de 2h38min30s, ficando na 12\u00aa coloca\u00e7\u00e3o. A prova foi disputada sob condi\u00e7\u00f5es clim\u00e1ticas desafiadoras, com largada registrada em cerca de 6\u00b0C, fator que influenciou diretamente o ritmo das atletas ao longo do percurso. Mesmo assim, Mirela conseguiu manter consist\u00eancia e fechar a prova com a melhor marca brasileira no ano at\u00e9 agora. &#8220;Senti bastante o frio, o que acabou gerando uma certa dificuldade&hellip;\" \/>\n<meta property=\"og:url\" content=\"https:\/\/blogdofarnesio.com.br\/?p=420446\" \/>\n<meta property=\"og:site_name\" content=\"Blog do Farn\u00e9sio\" \/>\n<meta property=\"article:publisher\" content=\"https:\/\/www.facebook.com\/BlogQuerSaberPolitica\/\" \/>\n<meta property=\"article:author\" content=\"https:\/\/www.facebook.com\/?ref=tn_tnmn\" \/>\n<meta property=\"article:published_time\" content=\"2026-04-27T12:22:24+00:00\" \/>\n<meta property=\"og:image\" content=\"https:\/\/blogdofarnesio.com.br\/wp-content\/uploads\/2026\/04\/blogqspapa-mirella-etiopes-1-scaled-e1777241886253.jpg\" \/>\n\t<meta property=\"og:image:width\" content=\"660\" \/>\n\t<meta property=\"og:image:height\" content=\"442\" \/>\n\t<meta property=\"og:image:type\" content=\"image\/jpeg\" \/>\n<meta name=\"author\" content=\"Farn\u00e9sio\" \/>\n<meta name=\"twitter:card\" content=\"summary_large_image\" \/>\n<meta name=\"twitter:label1\" content=\"Escrito por\" \/>\n\t<meta name=\"twitter:data1\" content=\"Farn\u00e9sio\" \/>\n\t<meta name=\"twitter:label2\" content=\"Est. tempo de leitura\" \/>\n\t<meta name=\"twitter:data2\" content=\"4 minutos\" \/>\n<script type=\"application\/ld+json\" class=\"yoast-schema-graph\">{\"@context\":\"https:\\\/\\\/schema.org\",\"@graph\":[{\"@type\":\"Article\",\"@id\":\"https:\\\/\\\/blogdofarnesio.com.br\\\/?p=420446#article\",\"isPartOf\":{\"@id\":\"https:\\\/\\\/blogdofarnesio.com.br\\\/?p=420446\"},\"author\":{\"name\":\"Farn\u00e9sio\",\"@id\":\"https:\\\/\\\/blogdofarnesio.com.br\\\/#\\\/schema\\\/person\\\/bb9b23ae3ad0609ce8df7b6c9e76824d\"},\"headline\":\"Mirela Saturnino assume lideran\u00e7a do ranking brasileiro ap\u00f3s marca obtida na Maratona de Hamburgo\",\"datePublished\":\"2026-04-27T12:22:24+00:00\",\"mainEntityOfPage\":{\"@id\":\"https:\\\/\\\/blogdofarnesio.com.br\\\/?p=420446\"},\"wordCount\":632,\"commentCount\":0,\"publisher\":{\"@id\":\"https:\\\/\\\/blogdofarnesio.com.br\\\/#organization\"},\"image\":{\"@id\":\"https:\\\/\\\/blogdofarnesio.com.br\\\/?p=420446#primaryimage\"},\"thumbnailUrl\":\"https:\\\/\\\/blogdofarnesio.com.br\\\/wp-content\\\/uploads\\\/2026\\\/04\\\/blogqspapa-mirella-etiopes-1-scaled-e1777241886253.jpg\",\"articleSection\":[\"Esportes\"],\"inLanguage\":\"pt-BR\",\"potentialAction\":[{\"@type\":\"CommentAction\",\"name\":\"Comment\",\"target\":[\"https:\\\/\\\/blogdofarnesio.com.br\\\/?p=420446#respond\"]}]},{\"@type\":\"WebPage\",\"@id\":\"https:\\\/\\\/blogdofarnesio.com.br\\\/?p=420446\",\"url\":\"https:\\\/\\\/blogdofarnesio.com.br\\\/?p=420446\",\"name\":\"Mirela Saturnino assume lideran\u00e7a do ranking brasileiro ap\u00f3s marca obtida na Maratona de Hamburgo - Blog do Farn\u00e9sio\",\"isPartOf\":{\"@id\":\"https:\\\/\\\/blogdofarnesio.com.br\\\/#website\"},\"primaryImageOfPage\":{\"@id\":\"https:\\\/\\\/blogdofarnesio.com.br\\\/?p=420446#primaryimage\"},\"image\":{\"@id\":\"https:\\\/\\\/blogdofarnesio.com.br\\\/?p=420446#primaryimage\"},\"thumbnailUrl\":\"https:\\\/\\\/blogdofarnesio.com.br\\\/wp-content\\\/uploads\\\/2026\\\/04\\\/blogqspapa-mirella-etiopes-1-scaled-e1777241886253.jpg\",\"datePublished\":\"2026-04-27T12:22:24+00:00\",\"breadcrumb\":{\"@id\":\"https:\\\/\\\/blogdofarnesio.com.br\\\/?p=420446#breadcrumb\"},\"inLanguage\":\"pt-BR\",\"potentialAction\":[{\"@type\":\"ReadAction\",\"target\":[\"https:\\\/\\\/blogdofarnesio.com.br\\\/?p=420446\"]}]},{\"@type\":\"ImageObject\",\"inLanguage\":\"pt-BR\",\"@id\":\"https:\\\/\\\/blogdofarnesio.com.br\\\/?p=420446#primaryimage\",\"url\":\"https:\\\/\\\/blogdofarnesio.com.br\\\/wp-content\\\/uploads\\\/2026\\\/04\\\/blogqspapa-mirella-etiopes-1-scaled-e1777241886253.jpg\",\"contentUrl\":\"https:\\\/\\\/blogdofarnesio.com.br\\\/wp-content\\\/uploads\\\/2026\\\/04\\\/blogqspapa-mirella-etiopes-1-scaled-e1777241886253.jpg\",\"width\":660,\"height\":442},{\"@type\":\"BreadcrumbList\",\"@id\":\"https:\\\/\\\/blogdofarnesio.com.br\\\/?p=420446#breadcrumb\",\"itemListElement\":[{\"@type\":\"ListItem\",\"position\":1,\"name\":\"In\u00edcio\",\"item\":\"https:\\\/\\\/blogdofarnesio.com.br\\\/\"},{\"@type\":\"ListItem\",\"position\":2,\"name\":\"Mirela Saturnino assume lideran\u00e7a do ranking brasileiro ap\u00f3s marca obtida na Maratona de Hamburgo\"}]},{\"@type\":\"WebSite\",\"@id\":\"https:\\\/\\\/blogdofarnesio.com.br\\\/#website\",\"url\":\"https:\\\/\\\/blogdofarnesio.com.br\\\/\",\"name\":\"Blog do Farn\u00e9sio\",\"description\":\"Quer Saber Pol\u00edtica?\",\"publisher\":{\"@id\":\"https:\\\/\\\/blogdofarnesio.com.br\\\/#organization\"},\"potentialAction\":[{\"@type\":\"SearchAction\",\"target\":{\"@type\":\"EntryPoint\",\"urlTemplate\":\"https:\\\/\\\/blogdofarnesio.com.br\\\/?s={search_term_string}\"},\"query-input\":{\"@type\":\"PropertyValueSpecification\",\"valueRequired\":true,\"valueName\":\"search_term_string\"}}],\"inLanguage\":\"pt-BR\"},{\"@type\":\"Organization\",\"@id\":\"https:\\\/\\\/blogdofarnesio.com.br\\\/#organization\",\"name\":\"Blog do Farn\u00e9sio\",\"url\":\"https:\\\/\\\/blogdofarnesio.com.br\\\/\",\"logo\":{\"@type\":\"ImageObject\",\"inLanguage\":\"pt-BR\",\"@id\":\"https:\\\/\\\/blogdofarnesio.com.br\\\/#\\\/schema\\\/logo\\\/image\\\/\",\"url\":\"https:\\\/\\\/blogdofarnesio.com.br\\\/wp-content\\\/uploads\\\/2026\\\/03\\\/cropped-logo_new-1.png\",\"contentUrl\":\"https:\\\/\\\/blogdofarnesio.com.br\\\/wp-content\\\/uploads\\\/2026\\\/03\\\/cropped-logo_new-1.png\",\"width\":881,\"height\":685,\"caption\":\"Blog do Farn\u00e9sio\"},\"image\":{\"@id\":\"https:\\\/\\\/blogdofarnesio.com.br\\\/#\\\/schema\\\/logo\\\/image\\\/\"},\"sameAs\":[\"https:\\\/\\\/www.facebook.com\\\/BlogQuerSaberPolitica\\\/\"]},{\"@type\":\"Person\",\"@id\":\"https:\\\/\\\/blogdofarnesio.com.br\\\/#\\\/schema\\\/person\\\/bb9b23ae3ad0609ce8df7b6c9e76824d\",\"name\":\"Farn\u00e9sio\",\"image\":{\"@type\":\"ImageObject\",\"inLanguage\":\"pt-BR\",\"@id\":\"https:\\\/\\\/secure.gravatar.com\\\/avatar\\\/986aa4c61ccdb66f8555bf88fc2a65609d00bcabd4d2d94377a727547345cbca?s=96&d=mm&r=g\",\"url\":\"https:\\\/\\\/secure.gravatar.com\\\/avatar\\\/986aa4c61ccdb66f8555bf88fc2a65609d00bcabd4d2d94377a727547345cbca?s=96&d=mm&r=g\",\"contentUrl\":\"https:\\\/\\\/secure.gravatar.com\\\/avatar\\\/986aa4c61ccdb66f8555bf88fc2a65609d00bcabd4d2d94377a727547345cbca?s=96&d=mm&r=g\",\"caption\":\"Farn\u00e9sio\"},\"description\":\"Radialista blogueiro, chegou a Petrolina\\\/Juazeiro em setembro de 1980, Farn\u00e9sio Silva \u00e9 de Arapiraca-Alagoas.\",\"sameAs\":[\"http:\\\/\\\/blogdofarnesio.com.br\",\"https:\\\/\\\/www.facebook.com\\\/?ref=tn_tnmn\",\"https:\\\/\\\/www.instagram.com\\\/?utm_source=pwa_homescreen\",\"https:\\\/\\\/youtube.com.br\\\/\"],\"url\":\"https:\\\/\\\/blogdofarnesio.com.br\\\/?author=2\"}]}<\/script>\n<!-- \/ Yoast SEO plugin. -->","yoast_head_json":{"title":"Mirela Saturnino assume lideran\u00e7a do ranking brasileiro ap\u00f3s marca obtida na Maratona de Hamburgo - Blog do Farn\u00e9sio","robots":{"index":"index","follow":"follow","max-snippet":"max-snippet:-1","max-image-preview":"max-image-preview:large","max-video-preview":"max-video-preview:-1"},"canonical":"https:\/\/blogdofarnesio.com.br\/?p=420446","og_locale":"pt_BR","og_type":"article","og_title":"Mirela Saturnino assume lideran\u00e7a do ranking brasileiro ap\u00f3s marca obtida na Maratona de Hamburgo - Blog do Farn\u00e9sio","og_description":"Atleta da APA Petrolina concluiu a prova com o tempo de 2h38min30s, ficando na 12\u00aa coloca\u00e7\u00e3o geral. Abril, 2026\u00a0&#8211; A atleta da Associa\u00e7\u00e3o Petrolinense de Atletismo (APA), Mirela Saturnino, assumiu a lideran\u00e7a do ranking brasileiro da temporada ap\u00f3s o resultado obtido na Maratona de Hamburgo, realizada neste domingo (26). A fundista concluiu a prova com o tempo de 2h38min30s, ficando na 12\u00aa coloca\u00e7\u00e3o. A prova foi disputada sob condi\u00e7\u00f5es clim\u00e1ticas desafiadoras, com largada registrada em cerca de 6\u00b0C, fator que influenciou diretamente o ritmo das atletas ao longo do percurso. Mesmo assim, Mirela conseguiu manter consist\u00eancia e fechar a prova com a melhor marca brasileira no ano at\u00e9 agora. &#8220;Senti bastante o frio, o que acabou gerando uma certa dificuldade&hellip;","og_url":"https:\/\/blogdofarnesio.com.br\/?p=420446","og_site_name":"Blog do Farn\u00e9sio","article_publisher":"https:\/\/www.facebook.com\/BlogQuerSaberPolitica\/","article_author":"https:\/\/www.facebook.com\/?ref=tn_tnmn","article_published_time":"2026-04-27T12:22:24+00:00","og_image":[{"width":660,"height":442,"url":"https:\/\/blogdofarnesio.com.br\/wp-content\/uploads\/2026\/04\/blogqspapa-mirella-etiopes-1-scaled-e1777241886253.jpg","type":"image\/jpeg"}],"author":"Farn\u00e9sio","twitter_card":"summary_large_image","twitter_misc":{"Escrito por":"Farn\u00e9sio","Est. tempo de leitura":"4 minutos"},"schema":{"@context":"https:\/\/schema.org","@graph":[{"@type":"Article","@id":"https:\/\/blogdofarnesio.com.br\/?p=420446#article","isPartOf":{"@id":"https:\/\/blogdofarnesio.com.br\/?p=420446"},"author":{"name":"Farn\u00e9sio","@id":"https:\/\/blogdofarnesio.com.br\/#\/schema\/person\/bb9b23ae3ad0609ce8df7b6c9e76824d"},"headline":"Mirela Saturnino assume lideran\u00e7a do ranking brasileiro ap\u00f3s marca obtida na Maratona de Hamburgo","datePublished":"2026-04-27T12:22:24+00:00","mainEntityOfPage":{"@id":"https:\/\/blogdofarnesio.com.br\/?p=420446"},"wordCount":632,"commentCount":0,"publisher":{"@id":"https:\/\/blogdofarnesio.com.br\/#organization"},"image":{"@id":"https:\/\/blogdofarnesio.com.br\/?p=420446#primaryimage"},"thumbnailUrl":"https:\/\/blogdofarnesio.com.br\/wp-content\/uploads\/2026\/04\/blogqspapa-mirella-etiopes-1-scaled-e1777241886253.jpg","articleSection":["Esportes"],"inLanguage":"pt-BR","potentialAction":[{"@type":"CommentAction","name":"Comment","target":["https:\/\/blogdofarnesio.com.br\/?p=420446#respond"]}]},{"@type":"WebPage","@id":"https:\/\/blogdofarnesio.com.br\/?p=420446","url":"https:\/\/blogdofarnesio.com.br\/?p=420446","name":"Mirela Saturnino assume lideran\u00e7a do ranking brasileiro ap\u00f3s marca obtida na Maratona de Hamburgo - Blog do Farn\u00e9sio","isPartOf":{"@id":"https:\/\/blogdofarnesio.com.br\/#website"},"primaryImageOfPage":{"@id":"https:\/\/blogdofarnesio.com.br\/?p=420446#primaryimage"},"image":{"@id":"https:\/\/blogdofarnesio.com.br\/?p=420446#primaryimage"},"thumbnailUrl":"https:\/\/blogdofarnesio.com.br\/wp-content\/uploads\/2026\/04\/blogqspapa-mirella-etiopes-1-scaled-e1777241886253.jpg","datePublished":"2026-04-27T12:22:24+00:00","breadcrumb":{"@id":"https:\/\/blogdofarnesio.com.br\/?p=420446#breadcrumb"},"inLanguage":"pt-BR","potentialAction":[{"@type":"ReadAction","target":["https:\/\/blogdofarnesio.com.br\/?p=420446"]}]},{"@type":"ImageObject","inLanguage":"pt-BR","@id":"https:\/\/blogdofarnesio.com.br\/?p=420446#primaryimage","url":"https:\/\/blogdofarnesio.com.br\/wp-content\/uploads\/2026\/04\/blogqspapa-mirella-etiopes-1-scaled-e1777241886253.jpg","contentUrl":"https:\/\/blogdofarnesio.com.br\/wp-content\/uploads\/2026\/04\/blogqspapa-mirella-etiopes-1-scaled-e1777241886253.jpg","width":660,"height":442},{"@type":"BreadcrumbList","@id":"https:\/\/blogdofarnesio.com.br\/?p=420446#breadcrumb","itemListElement":[{"@type":"ListItem","position":1,"name":"In\u00edcio","item":"https:\/\/blogdofarnesio.com.br\/"},{"@type":"ListItem","position":2,"name":"Mirela Saturnino assume lideran\u00e7a do ranking brasileiro ap\u00f3s marca obtida na Maratona de Hamburgo"}]},{"@type":"WebSite","@id":"https:\/\/blogdofarnesio.com.br\/#website","url":"https:\/\/blogdofarnesio.com.br\/","name":"Blog do Farn\u00e9sio","description":"Quer Saber Pol\u00edtica?","publisher":{"@id":"https:\/\/blogdofarnesio.com.br\/#organization"},"potentialAction":[{"@type":"SearchAction","target":{"@type":"EntryPoint","urlTemplate":"https:\/\/blogdofarnesio.com.br\/?s={search_term_string}"},"query-input":{"@type":"PropertyValueSpecification","valueRequired":true,"valueName":"search_term_string"}}],"inLanguage":"pt-BR"},{"@type":"Organization","@id":"https:\/\/blogdofarnesio.com.br\/#organization","name":"Blog do Farn\u00e9sio","url":"https:\/\/blogdofarnesio.com.br\/","logo":{"@type":"ImageObject","inLanguage":"pt-BR","@id":"https:\/\/blogdofarnesio.com.br\/#\/schema\/logo\/image\/","url":"https:\/\/blogdofarnesio.com.br\/wp-content\/uploads\/2026\/03\/cropped-logo_new-1.png","contentUrl":"https:\/\/blogdofarnesio.com.br\/wp-content\/uploads\/2026\/03\/cropped-logo_new-1.png","width":881,"height":685,"caption":"Blog do Farn\u00e9sio"},"image":{"@id":"https:\/\/blogdofarnesio.com.br\/#\/schema\/logo\/image\/"},"sameAs":["https:\/\/www.facebook.com\/BlogQuerSaberPolitica\/"]},{"@type":"Person","@id":"https:\/\/blogdofarnesio.com.br\/#\/schema\/person\/bb9b23ae3ad0609ce8df7b6c9e76824d","name":"Farn\u00e9sio","image":{"@type":"ImageObject","inLanguage":"pt-BR","@id":"https:\/\/secure.gravatar.com\/avatar\/986aa4c61ccdb66f8555bf88fc2a65609d00bcabd4d2d94377a727547345cbca?s=96&d=mm&r=g","url":"https:\/\/secure.gravatar.com\/avatar\/986aa4c61ccdb66f8555bf88fc2a65609d00bcabd4d2d94377a727547345cbca?s=96&d=mm&r=g","contentUrl":"https:\/\/secure.gravatar.com\/avatar\/986aa4c61ccdb66f8555bf88fc2a65609d00bcabd4d2d94377a727547345cbca?s=96&d=mm&r=g","caption":"Farn\u00e9sio"},"description":"Radialista blogueiro, chegou a Petrolina\/Juazeiro em setembro de 1980, Farn\u00e9sio Silva \u00e9 de Arapiraca-Alagoas.","sameAs":["http:\/\/blogdofarnesio.com.br","https:\/\/www.facebook.com\/?ref=tn_tnmn","https:\/\/www.instagram.com\/?utm_source=pwa_homescreen","https:\/\/youtube.com.br\/"],"url":"https:\/\/blogdofarnesio.com.br\/?author=2"}]}},"_links":{"self":[{"href":"https:\/\/blogdofarnesio.com.br\/index.php?rest_route=\/wp\/v2\/posts\/420446","targetHints":{"allow":["GET"]}}],"collection":[{"href":"https:\/\/blogdofarnesio.com.br\/index.php?rest_route=\/wp\/v2\/posts"}],"about":[{"href":"https:\/\/blogdofarnesio.com.br\/index.php?rest_route=\/wp\/v2\/types\/post"}],"author":[{"embeddable":true,"href":"https:\/\/blogdofarnesio.com.br\/index.php?rest_route=\/wp\/v2\/users\/2"}],"replies":[{"embeddable":true,"href":"https:\/\/blogdofarnesio.com.br\/index.php?rest_route=%2Fwp%2Fv2%2Fcomments&post=420446"}],"version-history":[{"count":1,"href":"https:\/\/blogdofarnesio.com.br\/index.php?rest_route=\/wp\/v2\/posts\/420446\/revisions"}],"predecessor-version":[{"id":420449,"href":"https:\/\/blogdofarnesio.com.br\/index.php?rest_route=\/wp\/v2\/posts\/420446\/revisions\/420449"}],"wp:featuredmedia":[{"embeddable":true,"href":"https:\/\/blogdofarnesio.com.br\/index.php?rest_route=\/wp\/v2\/media\/420447"}],"wp:attachment":[{"href":"https:\/\/blogdofarnesio.com.br\/index.php?rest_route=%2Fwp%2Fv2%2Fmedia&parent=420446"}],"wp:term":[{"taxonomy":"category","embeddable":true,"href":"https:\/\/blogdofarnesio.com.br\/index.php?rest_route=%2Fwp%2Fv2%2Fcategories&post=420446"},{"taxonomy":"post_tag","embeddable":true,"href":"https:\/\/blogdofarnesio.com.br\/index.php?rest_route=%2Fwp%2Fv2%2Ftags&post=420446"}],"curies":[{"name":"wp","href":"https:\/\/api.w.org\/{rel}","templated":true}]}}