{"id":420437,"date":"2026-04-26T15:00:33","date_gmt":"2026-04-26T18:00:33","guid":{"rendered":"https:\/\/blogdofarnesio.com.br\/?p=420437"},"modified":"2026-04-26T11:32:38","modified_gmt":"2026-04-26T14:32:38","slug":"eleicoes-2026-pe-miguel-coelho-recebe-demandas-de-empresarios-do-polo-gesseiro-do-araripe","status":"publish","type":"post","link":"https:\/\/blogdofarnesio.com.br\/?p=420437","title":{"rendered":"Elei\u00e7\u00f5es 2026-PE: Miguel Coelho recebe demandas de empres\u00e1rios do Polo Gesseiro do Araripe"},"content":{"rendered":"<div class=\"elementor-element elementor-element-1b58c14f elementor-widget__width-inherit elementor-widget elementor-widget-theme-archive-title elementor-page-title elementor-widget-heading\" data-id=\"1b58c14f\" data-element_type=\"widget\" data-e-type=\"widget\" data-widget_type=\"theme-archive-title.default\"><\/div>\n<div id=\"conteudo\" class=\"elementor-element elementor-element-13137d9b elementor-widget elementor-widget-theme-post-content\" data-id=\"13137d9b\" data-element_type=\"widget\" data-e-type=\"widget\" data-widget_type=\"theme-post-content.default\">\n<p>O presidente estadual do Uni\u00e3o Brasil e pr\u00e9-candidato ao Senado, Miguel Coelho, esteve reunido com a diretoria do Sindicato das Ind\u00fastrias do Gesso do Estado de Pernambuco \u2013 Sindusgesso. Os empres\u00e1rios solicitaram o apoio de Miguel Coelho em pautas importantes para o setor, a exemplo do ICMS, a chegada do g\u00e1s natural na Regi\u00e3o do Araripe e sua consequente implanta\u00e7\u00e3o como matriz energ\u00e9tica, al\u00e9m da elabora\u00e7\u00e3o de normas que permitam a redu\u00e7\u00e3o do frete da cadeia produtiva.<\/p>\n<p><a style=\"font-size: 16px;\" href=\"https:\/\/www.edmarlyra.com\/wp-content\/uploads\/2026\/04\/915dd474-46c2-4388-a8bf-fb7ec366d1c2.jpeg\"><img loading=\"lazy\" decoding=\"async\" class=\"size-large wp-image-190195 aligncenter\" src=\"https:\/\/www.edmarlyra.com\/wp-content\/uploads\/2026\/04\/915dd474-46c2-4388-a8bf-fb7ec366d1c2-1024x768.jpeg\" sizes=\"auto, (max-width: 800px) 100vw, 800px\" srcset=\"https:\/\/www.edmarlyra.com\/wp-content\/uploads\/2026\/04\/915dd474-46c2-4388-a8bf-fb7ec366d1c2-1024x768.jpeg 1024w, https:\/\/www.edmarlyra.com\/wp-content\/uploads\/2026\/04\/915dd474-46c2-4388-a8bf-fb7ec366d1c2-300x225.jpeg 300w, https:\/\/www.edmarlyra.com\/wp-content\/uploads\/2026\/04\/915dd474-46c2-4388-a8bf-fb7ec366d1c2-768x576.jpeg 768w, https:\/\/www.edmarlyra.com\/wp-content\/uploads\/2026\/04\/915dd474-46c2-4388-a8bf-fb7ec366d1c2.jpeg 1280w\" alt=\"\" width=\"800\" height=\"600\" \/><\/a>O presidente do Sindugesso, Jorbeth Granja de Ara\u00fajo, pediu a interfer\u00eancia pessoal de Miguel Coelho na defesa das pautas e solicitou, inclusive, o apoio em uma agenda com o Ministro dos Transportes, George Santoro. \u201cA nossa solicita\u00e7\u00e3o \u00e9 no sentido de viabilizar a aplica\u00e7\u00e3o de percentual equivalente a 40% do piso m\u00ednimo de frete para os produtos relativos \u00e0 cadeia produtiva do gesso, quando o transporte envolver produtos oriundos de empresas estabelecidas no Polo Gesseiro do Araripe\u201d, disse.<\/p>\n<p>Conhecedor da realidade da regi\u00e3o e do potencial da ind\u00fastria em todos os munic\u00edpios do Polo Gesseiro, Miguel Coelho lembrou que o setor \u00e9 um dos principais geradores de emprego e renda na Regi\u00e3o do Araripe, movimentando toda a cadeia produtiva e setores adjacentes, fornecedores, distribuidores e transportadoras. \u201cEssa \u00e9 uma \u00e1rea que merece uma aten\u00e7\u00e3o especial por nossa parte, pois conhecemos a regi\u00e3o e o potencial do Polo Gesseiro. Faremos gest\u00f5es junto ao Governo Federal e Estadual para encontrar a melhor sa\u00edda para que os empres\u00e1rios continuem produzindo cada vez mais e gerando milhares de empregos\u201d, destacou Miguel Coelho.<\/p>\n<p>Em rela\u00e7\u00e3o ao Governo do Estado, o Sindugesso solicita que seja articulada a isen\u00e7\u00e3o total de ICMS e libera\u00e7\u00e3o de linhas especiais de cr\u00e9dito para a aquisi\u00e7\u00e3o de equipamentos, servi\u00e7os t\u00e9cnicos e insumos para adapta\u00e7\u00e3o ao GNL. De acordo com dados do IBGE, a regi\u00e3o do Araripe possui 327 mil habitantes, sendo o setor gesseiro respons\u00e1vel pela gera\u00e7\u00e3o de 60 mil empregos diretos e indiretos, desempenhando papel essencial na din\u00e2mica socioecon\u00f4mica regional. O polo \u00e9 composto por cerca de 510 empresas, distribu\u00eddas entre 55 mineradoras, 185 unidades de calcina\u00e7\u00e3o e 270 ind\u00fastrias de transforma\u00e7\u00e3o, e \u00e9 respons\u00e1vel por aproximadamente 95% da produ\u00e7\u00e3o nacional de gesso.<\/p>\n<\/div>\n","protected":false},"excerpt":{"rendered":"<p>O presidente estadual do Uni\u00e3o Brasil e pr\u00e9-candidato ao Senado, Miguel Coelho, esteve reunido com a diretoria do Sindicato das Ind\u00fastrias do Gesso do Estado de Pernambuco \u2013 Sindusgesso. Os empres\u00e1rios solicitaram o apoio de Miguel Coelho em pautas importantes para o setor, a exemplo do ICMS, a chegada do g\u00e1s natural na Regi\u00e3o do Araripe e sua consequente implanta\u00e7\u00e3o como matriz energ\u00e9tica, al\u00e9m da elabora\u00e7\u00e3o de normas que permitam a redu\u00e7\u00e3o do frete da cadeia produtiva. O presidente do Sindugesso, Jorbeth Granja de Ara\u00fajo, pediu a interfer\u00eancia pessoal de Miguel Coelho na defesa das pautas e solicitou, inclusive, o apoio em uma agenda com o Ministro dos Transportes, George Santoro. \u201cA nossa solicita\u00e7\u00e3o \u00e9 no sentido de viabilizar a&hellip; <\/p>\n","protected":false},"author":2,"featured_media":321823,"comment_status":"open","ping_status":"open","sticky":false,"template":"","format":"standard","meta":{"_acf_changed":false,"footnotes":""},"categories":[34],"tags":[],"class_list":["post-420437","post","type-post","status-publish","format-standard","has-post-thumbnail","hentry","category-eleicoes"],"acf":[],"yoast_head":"<!-- This site is optimized with the Yoast SEO plugin v27.4 - https:\/\/yoast.com\/product\/yoast-seo-wordpress\/ -->\n<title>Elei\u00e7\u00f5es 2026-PE: Miguel Coelho recebe demandas de empres\u00e1rios do Polo Gesseiro do Araripe - Blog do Farn\u00e9sio<\/title>\n<meta name=\"robots\" content=\"index, follow, max-snippet:-1, max-image-preview:large, max-video-preview:-1\" \/>\n<link rel=\"canonical\" href=\"https:\/\/blogdofarnesio.com.br\/?p=420437\" \/>\n<meta property=\"og:locale\" content=\"pt_BR\" \/>\n<meta property=\"og:type\" content=\"article\" \/>\n<meta property=\"og:title\" content=\"Elei\u00e7\u00f5es 2026-PE: Miguel Coelho recebe demandas de empres\u00e1rios do Polo Gesseiro do Araripe - Blog do Farn\u00e9sio\" \/>\n<meta property=\"og:description\" content=\"O presidente estadual do Uni\u00e3o Brasil e pr\u00e9-candidato ao Senado, Miguel Coelho, esteve reunido com a diretoria do Sindicato das Ind\u00fastrias do Gesso do Estado de Pernambuco \u2013 Sindusgesso. Os empres\u00e1rios solicitaram o apoio de Miguel Coelho em pautas importantes para o setor, a exemplo do ICMS, a chegada do g\u00e1s natural na Regi\u00e3o do Araripe e sua consequente implanta\u00e7\u00e3o como matriz energ\u00e9tica, al\u00e9m da elabora\u00e7\u00e3o de normas que permitam a redu\u00e7\u00e3o do frete da cadeia produtiva. O presidente do Sindugesso, Jorbeth Granja de Ara\u00fajo, pediu a interfer\u00eancia pessoal de Miguel Coelho na defesa das pautas e solicitou, inclusive, o apoio em uma agenda com o Ministro dos Transportes, George Santoro. \u201cA nossa solicita\u00e7\u00e3o \u00e9 no sentido de viabilizar a&hellip;\" \/>\n<meta property=\"og:url\" content=\"https:\/\/blogdofarnesio.com.br\/?p=420437\" \/>\n<meta property=\"og:site_name\" content=\"Blog do Farn\u00e9sio\" \/>\n<meta property=\"article:publisher\" content=\"https:\/\/www.facebook.com\/BlogQuerSaberPolitica\/\" \/>\n<meta property=\"article:author\" content=\"https:\/\/www.facebook.com\/?ref=tn_tnmn\" \/>\n<meta property=\"article:published_time\" content=\"2026-04-26T18:00:33+00:00\" \/>\n<meta property=\"og:image\" content=\"https:\/\/blogdofarnesio.com.br\/wp-content\/uploads\/2022\/09\/blogqspmiguel-hosp-restauracao-e1662059330640.jpeg\" \/>\n\t<meta property=\"og:image:width\" content=\"600\" \/>\n\t<meta property=\"og:image:height\" content=\"400\" \/>\n\t<meta property=\"og:image:type\" content=\"image\/jpeg\" \/>\n<meta name=\"author\" content=\"Farn\u00e9sio\" \/>\n<meta name=\"twitter:card\" content=\"summary_large_image\" \/>\n<meta name=\"twitter:label1\" content=\"Escrito por\" \/>\n\t<meta name=\"twitter:data1\" content=\"Farn\u00e9sio\" \/>\n\t<meta name=\"twitter:label2\" content=\"Est. tempo de leitura\" \/>\n\t<meta name=\"twitter:data2\" content=\"3 minutos\" \/>\n<script type=\"application\/ld+json\" class=\"yoast-schema-graph\">{\"@context\":\"https:\\\/\\\/schema.org\",\"@graph\":[{\"@type\":\"Article\",\"@id\":\"https:\\\/\\\/blogdofarnesio.com.br\\\/?p=420437#article\",\"isPartOf\":{\"@id\":\"https:\\\/\\\/blogdofarnesio.com.br\\\/?p=420437\"},\"author\":{\"name\":\"Farn\u00e9sio\",\"@id\":\"https:\\\/\\\/blogdofarnesio.com.br\\\/#\\\/schema\\\/person\\\/bb9b23ae3ad0609ce8df7b6c9e76824d\"},\"headline\":\"Elei\u00e7\u00f5es 2026-PE: Miguel Coelho recebe demandas de empres\u00e1rios do Polo Gesseiro do Araripe\",\"datePublished\":\"2026-04-26T18:00:33+00:00\",\"mainEntityOfPage\":{\"@id\":\"https:\\\/\\\/blogdofarnesio.com.br\\\/?p=420437\"},\"wordCount\":404,\"commentCount\":0,\"publisher\":{\"@id\":\"https:\\\/\\\/blogdofarnesio.com.br\\\/#organization\"},\"image\":{\"@id\":\"https:\\\/\\\/blogdofarnesio.com.br\\\/?p=420437#primaryimage\"},\"thumbnailUrl\":\"https:\\\/\\\/blogdofarnesio.com.br\\\/wp-content\\\/uploads\\\/2022\\\/09\\\/blogqspmiguel-hosp-restauracao-e1662059330640.jpeg\",\"articleSection\":[\"Elei\u00e7\u00f5es\"],\"inLanguage\":\"pt-BR\",\"potentialAction\":[{\"@type\":\"CommentAction\",\"name\":\"Comment\",\"target\":[\"https:\\\/\\\/blogdofarnesio.com.br\\\/?p=420437#respond\"]}]},{\"@type\":\"WebPage\",\"@id\":\"https:\\\/\\\/blogdofarnesio.com.br\\\/?p=420437\",\"url\":\"https:\\\/\\\/blogdofarnesio.com.br\\\/?p=420437\",\"name\":\"Elei\u00e7\u00f5es 2026-PE: Miguel Coelho recebe demandas de empres\u00e1rios do Polo Gesseiro do Araripe - Blog do Farn\u00e9sio\",\"isPartOf\":{\"@id\":\"https:\\\/\\\/blogdofarnesio.com.br\\\/#website\"},\"primaryImageOfPage\":{\"@id\":\"https:\\\/\\\/blogdofarnesio.com.br\\\/?p=420437#primaryimage\"},\"image\":{\"@id\":\"https:\\\/\\\/blogdofarnesio.com.br\\\/?p=420437#primaryimage\"},\"thumbnailUrl\":\"https:\\\/\\\/blogdofarnesio.com.br\\\/wp-content\\\/uploads\\\/2022\\\/09\\\/blogqspmiguel-hosp-restauracao-e1662059330640.jpeg\",\"datePublished\":\"2026-04-26T18:00:33+00:00\",\"breadcrumb\":{\"@id\":\"https:\\\/\\\/blogdofarnesio.com.br\\\/?p=420437#breadcrumb\"},\"inLanguage\":\"pt-BR\",\"potentialAction\":[{\"@type\":\"ReadAction\",\"target\":[\"https:\\\/\\\/blogdofarnesio.com.br\\\/?p=420437\"]}]},{\"@type\":\"ImageObject\",\"inLanguage\":\"pt-BR\",\"@id\":\"https:\\\/\\\/blogdofarnesio.com.br\\\/?p=420437#primaryimage\",\"url\":\"https:\\\/\\\/blogdofarnesio.com.br\\\/wp-content\\\/uploads\\\/2022\\\/09\\\/blogqspmiguel-hosp-restauracao-e1662059330640.jpeg\",\"contentUrl\":\"https:\\\/\\\/blogdofarnesio.com.br\\\/wp-content\\\/uploads\\\/2022\\\/09\\\/blogqspmiguel-hosp-restauracao-e1662059330640.jpeg\",\"width\":600,\"height\":400},{\"@type\":\"BreadcrumbList\",\"@id\":\"https:\\\/\\\/blogdofarnesio.com.br\\\/?p=420437#breadcrumb\",\"itemListElement\":[{\"@type\":\"ListItem\",\"position\":1,\"name\":\"In\u00edcio\",\"item\":\"https:\\\/\\\/blogdofarnesio.com.br\\\/\"},{\"@type\":\"ListItem\",\"position\":2,\"name\":\"Elei\u00e7\u00f5es 2026-PE: Miguel Coelho recebe demandas de empres\u00e1rios do Polo Gesseiro do Araripe\"}]},{\"@type\":\"WebSite\",\"@id\":\"https:\\\/\\\/blogdofarnesio.com.br\\\/#website\",\"url\":\"https:\\\/\\\/blogdofarnesio.com.br\\\/\",\"name\":\"Blog do Farn\u00e9sio\",\"description\":\"Quer Saber Pol\u00edtica?\",\"publisher\":{\"@id\":\"https:\\\/\\\/blogdofarnesio.com.br\\\/#organization\"},\"potentialAction\":[{\"@type\":\"SearchAction\",\"target\":{\"@type\":\"EntryPoint\",\"urlTemplate\":\"https:\\\/\\\/blogdofarnesio.com.br\\\/?s={search_term_string}\"},\"query-input\":{\"@type\":\"PropertyValueSpecification\",\"valueRequired\":true,\"valueName\":\"search_term_string\"}}],\"inLanguage\":\"pt-BR\"},{\"@type\":\"Organization\",\"@id\":\"https:\\\/\\\/blogdofarnesio.com.br\\\/#organization\",\"name\":\"Blog do Farn\u00e9sio\",\"url\":\"https:\\\/\\\/blogdofarnesio.com.br\\\/\",\"logo\":{\"@type\":\"ImageObject\",\"inLanguage\":\"pt-BR\",\"@id\":\"https:\\\/\\\/blogdofarnesio.com.br\\\/#\\\/schema\\\/logo\\\/image\\\/\",\"url\":\"https:\\\/\\\/blogdofarnesio.com.br\\\/wp-content\\\/uploads\\\/2026\\\/03\\\/cropped-logo_new-1.png\",\"contentUrl\":\"https:\\\/\\\/blogdofarnesio.com.br\\\/wp-content\\\/uploads\\\/2026\\\/03\\\/cropped-logo_new-1.png\",\"width\":881,\"height\":685,\"caption\":\"Blog do Farn\u00e9sio\"},\"image\":{\"@id\":\"https:\\\/\\\/blogdofarnesio.com.br\\\/#\\\/schema\\\/logo\\\/image\\\/\"},\"sameAs\":[\"https:\\\/\\\/www.facebook.com\\\/BlogQuerSaberPolitica\\\/\"]},{\"@type\":\"Person\",\"@id\":\"https:\\\/\\\/blogdofarnesio.com.br\\\/#\\\/schema\\\/person\\\/bb9b23ae3ad0609ce8df7b6c9e76824d\",\"name\":\"Farn\u00e9sio\",\"image\":{\"@type\":\"ImageObject\",\"inLanguage\":\"pt-BR\",\"@id\":\"https:\\\/\\\/secure.gravatar.com\\\/avatar\\\/986aa4c61ccdb66f8555bf88fc2a65609d00bcabd4d2d94377a727547345cbca?s=96&d=mm&r=g\",\"url\":\"https:\\\/\\\/secure.gravatar.com\\\/avatar\\\/986aa4c61ccdb66f8555bf88fc2a65609d00bcabd4d2d94377a727547345cbca?s=96&d=mm&r=g\",\"contentUrl\":\"https:\\\/\\\/secure.gravatar.com\\\/avatar\\\/986aa4c61ccdb66f8555bf88fc2a65609d00bcabd4d2d94377a727547345cbca?s=96&d=mm&r=g\",\"caption\":\"Farn\u00e9sio\"},\"description\":\"Radialista blogueiro, chegou a Petrolina\\\/Juazeiro em setembro de 1980, Farn\u00e9sio Silva \u00e9 de Arapiraca-Alagoas.\",\"sameAs\":[\"http:\\\/\\\/blogdofarnesio.com.br\",\"https:\\\/\\\/www.facebook.com\\\/?ref=tn_tnmn\",\"https:\\\/\\\/www.instagram.com\\\/?utm_source=pwa_homescreen\",\"https:\\\/\\\/youtube.com.br\\\/\"],\"url\":\"https:\\\/\\\/blogdofarnesio.com.br\\\/?author=2\"}]}<\/script>\n<!-- \/ Yoast SEO plugin. -->","yoast_head_json":{"title":"Elei\u00e7\u00f5es 2026-PE: Miguel Coelho recebe demandas de empres\u00e1rios do Polo Gesseiro do Araripe - Blog do Farn\u00e9sio","robots":{"index":"index","follow":"follow","max-snippet":"max-snippet:-1","max-image-preview":"max-image-preview:large","max-video-preview":"max-video-preview:-1"},"canonical":"https:\/\/blogdofarnesio.com.br\/?p=420437","og_locale":"pt_BR","og_type":"article","og_title":"Elei\u00e7\u00f5es 2026-PE: Miguel Coelho recebe demandas de empres\u00e1rios do Polo Gesseiro do Araripe - Blog do Farn\u00e9sio","og_description":"O presidente estadual do Uni\u00e3o Brasil e pr\u00e9-candidato ao Senado, Miguel Coelho, esteve reunido com a diretoria do Sindicato das Ind\u00fastrias do Gesso do Estado de Pernambuco \u2013 Sindusgesso. Os empres\u00e1rios solicitaram o apoio de Miguel Coelho em pautas importantes para o setor, a exemplo do ICMS, a chegada do g\u00e1s natural na Regi\u00e3o do Araripe e sua consequente implanta\u00e7\u00e3o como matriz energ\u00e9tica, al\u00e9m da elabora\u00e7\u00e3o de normas que permitam a redu\u00e7\u00e3o do frete da cadeia produtiva. O presidente do Sindugesso, Jorbeth Granja de Ara\u00fajo, pediu a interfer\u00eancia pessoal de Miguel Coelho na defesa das pautas e solicitou, inclusive, o apoio em uma agenda com o Ministro dos Transportes, George Santoro. \u201cA nossa solicita\u00e7\u00e3o \u00e9 no sentido de viabilizar a&hellip;","og_url":"https:\/\/blogdofarnesio.com.br\/?p=420437","og_site_name":"Blog do Farn\u00e9sio","article_publisher":"https:\/\/www.facebook.com\/BlogQuerSaberPolitica\/","article_author":"https:\/\/www.facebook.com\/?ref=tn_tnmn","article_published_time":"2026-04-26T18:00:33+00:00","og_image":[{"width":600,"height":400,"url":"https:\/\/blogdofarnesio.com.br\/wp-content\/uploads\/2022\/09\/blogqspmiguel-hosp-restauracao-e1662059330640.jpeg","type":"image\/jpeg"}],"author":"Farn\u00e9sio","twitter_card":"summary_large_image","twitter_misc":{"Escrito por":"Farn\u00e9sio","Est. tempo de leitura":"3 minutos"},"schema":{"@context":"https:\/\/schema.org","@graph":[{"@type":"Article","@id":"https:\/\/blogdofarnesio.com.br\/?p=420437#article","isPartOf":{"@id":"https:\/\/blogdofarnesio.com.br\/?p=420437"},"author":{"name":"Farn\u00e9sio","@id":"https:\/\/blogdofarnesio.com.br\/#\/schema\/person\/bb9b23ae3ad0609ce8df7b6c9e76824d"},"headline":"Elei\u00e7\u00f5es 2026-PE: Miguel Coelho recebe demandas de empres\u00e1rios do Polo Gesseiro do Araripe","datePublished":"2026-04-26T18:00:33+00:00","mainEntityOfPage":{"@id":"https:\/\/blogdofarnesio.com.br\/?p=420437"},"wordCount":404,"commentCount":0,"publisher":{"@id":"https:\/\/blogdofarnesio.com.br\/#organization"},"image":{"@id":"https:\/\/blogdofarnesio.com.br\/?p=420437#primaryimage"},"thumbnailUrl":"https:\/\/blogdofarnesio.com.br\/wp-content\/uploads\/2022\/09\/blogqspmiguel-hosp-restauracao-e1662059330640.jpeg","articleSection":["Elei\u00e7\u00f5es"],"inLanguage":"pt-BR","potentialAction":[{"@type":"CommentAction","name":"Comment","target":["https:\/\/blogdofarnesio.com.br\/?p=420437#respond"]}]},{"@type":"WebPage","@id":"https:\/\/blogdofarnesio.com.br\/?p=420437","url":"https:\/\/blogdofarnesio.com.br\/?p=420437","name":"Elei\u00e7\u00f5es 2026-PE: Miguel Coelho recebe demandas de empres\u00e1rios do Polo Gesseiro do Araripe - Blog do Farn\u00e9sio","isPartOf":{"@id":"https:\/\/blogdofarnesio.com.br\/#website"},"primaryImageOfPage":{"@id":"https:\/\/blogdofarnesio.com.br\/?p=420437#primaryimage"},"image":{"@id":"https:\/\/blogdofarnesio.com.br\/?p=420437#primaryimage"},"thumbnailUrl":"https:\/\/blogdofarnesio.com.br\/wp-content\/uploads\/2022\/09\/blogqspmiguel-hosp-restauracao-e1662059330640.jpeg","datePublished":"2026-04-26T18:00:33+00:00","breadcrumb":{"@id":"https:\/\/blogdofarnesio.com.br\/?p=420437#breadcrumb"},"inLanguage":"pt-BR","potentialAction":[{"@type":"ReadAction","target":["https:\/\/blogdofarnesio.com.br\/?p=420437"]}]},{"@type":"ImageObject","inLanguage":"pt-BR","@id":"https:\/\/blogdofarnesio.com.br\/?p=420437#primaryimage","url":"https:\/\/blogdofarnesio.com.br\/wp-content\/uploads\/2022\/09\/blogqspmiguel-hosp-restauracao-e1662059330640.jpeg","contentUrl":"https:\/\/blogdofarnesio.com.br\/wp-content\/uploads\/2022\/09\/blogqspmiguel-hosp-restauracao-e1662059330640.jpeg","width":600,"height":400},{"@type":"BreadcrumbList","@id":"https:\/\/blogdofarnesio.com.br\/?p=420437#breadcrumb","itemListElement":[{"@type":"ListItem","position":1,"name":"In\u00edcio","item":"https:\/\/blogdofarnesio.com.br\/"},{"@type":"ListItem","position":2,"name":"Elei\u00e7\u00f5es 2026-PE: Miguel Coelho recebe demandas de empres\u00e1rios do Polo Gesseiro do Araripe"}]},{"@type":"WebSite","@id":"https:\/\/blogdofarnesio.com.br\/#website","url":"https:\/\/blogdofarnesio.com.br\/","name":"Blog do Farn\u00e9sio","description":"Quer Saber Pol\u00edtica?","publisher":{"@id":"https:\/\/blogdofarnesio.com.br\/#organization"},"potentialAction":[{"@type":"SearchAction","target":{"@type":"EntryPoint","urlTemplate":"https:\/\/blogdofarnesio.com.br\/?s={search_term_string}"},"query-input":{"@type":"PropertyValueSpecification","valueRequired":true,"valueName":"search_term_string"}}],"inLanguage":"pt-BR"},{"@type":"Organization","@id":"https:\/\/blogdofarnesio.com.br\/#organization","name":"Blog do Farn\u00e9sio","url":"https:\/\/blogdofarnesio.com.br\/","logo":{"@type":"ImageObject","inLanguage":"pt-BR","@id":"https:\/\/blogdofarnesio.com.br\/#\/schema\/logo\/image\/","url":"https:\/\/blogdofarnesio.com.br\/wp-content\/uploads\/2026\/03\/cropped-logo_new-1.png","contentUrl":"https:\/\/blogdofarnesio.com.br\/wp-content\/uploads\/2026\/03\/cropped-logo_new-1.png","width":881,"height":685,"caption":"Blog do Farn\u00e9sio"},"image":{"@id":"https:\/\/blogdofarnesio.com.br\/#\/schema\/logo\/image\/"},"sameAs":["https:\/\/www.facebook.com\/BlogQuerSaberPolitica\/"]},{"@type":"Person","@id":"https:\/\/blogdofarnesio.com.br\/#\/schema\/person\/bb9b23ae3ad0609ce8df7b6c9e76824d","name":"Farn\u00e9sio","image":{"@type":"ImageObject","inLanguage":"pt-BR","@id":"https:\/\/secure.gravatar.com\/avatar\/986aa4c61ccdb66f8555bf88fc2a65609d00bcabd4d2d94377a727547345cbca?s=96&d=mm&r=g","url":"https:\/\/secure.gravatar.com\/avatar\/986aa4c61ccdb66f8555bf88fc2a65609d00bcabd4d2d94377a727547345cbca?s=96&d=mm&r=g","contentUrl":"https:\/\/secure.gravatar.com\/avatar\/986aa4c61ccdb66f8555bf88fc2a65609d00bcabd4d2d94377a727547345cbca?s=96&d=mm&r=g","caption":"Farn\u00e9sio"},"description":"Radialista blogueiro, chegou a Petrolina\/Juazeiro em setembro de 1980, Farn\u00e9sio Silva \u00e9 de Arapiraca-Alagoas.","sameAs":["http:\/\/blogdofarnesio.com.br","https:\/\/www.facebook.com\/?ref=tn_tnmn","https:\/\/www.instagram.com\/?utm_source=pwa_homescreen","https:\/\/youtube.com.br\/"],"url":"https:\/\/blogdofarnesio.com.br\/?author=2"}]}},"_links":{"self":[{"href":"https:\/\/blogdofarnesio.com.br\/index.php?rest_route=\/wp\/v2\/posts\/420437","targetHints":{"allow":["GET"]}}],"collection":[{"href":"https:\/\/blogdofarnesio.com.br\/index.php?rest_route=\/wp\/v2\/posts"}],"about":[{"href":"https:\/\/blogdofarnesio.com.br\/index.php?rest_route=\/wp\/v2\/types\/post"}],"author":[{"embeddable":true,"href":"https:\/\/blogdofarnesio.com.br\/index.php?rest_route=\/wp\/v2\/users\/2"}],"replies":[{"embeddable":true,"href":"https:\/\/blogdofarnesio.com.br\/index.php?rest_route=%2Fwp%2Fv2%2Fcomments&post=420437"}],"version-history":[{"count":2,"href":"https:\/\/blogdofarnesio.com.br\/index.php?rest_route=\/wp\/v2\/posts\/420437\/revisions"}],"predecessor-version":[{"id":420439,"href":"https:\/\/blogdofarnesio.com.br\/index.php?rest_route=\/wp\/v2\/posts\/420437\/revisions\/420439"}],"wp:featuredmedia":[{"embeddable":true,"href":"https:\/\/blogdofarnesio.com.br\/index.php?rest_route=\/wp\/v2\/media\/321823"}],"wp:attachment":[{"href":"https:\/\/blogdofarnesio.com.br\/index.php?rest_route=%2Fwp%2Fv2%2Fmedia&parent=420437"}],"wp:term":[{"taxonomy":"category","embeddable":true,"href":"https:\/\/blogdofarnesio.com.br\/index.php?rest_route=%2Fwp%2Fv2%2Fcategories&post=420437"},{"taxonomy":"post_tag","embeddable":true,"href":"https:\/\/blogdofarnesio.com.br\/index.php?rest_route=%2Fwp%2Fv2%2Ftags&post=420437"}],"curies":[{"name":"wp","href":"https:\/\/api.w.org\/{rel}","templated":true}]}}