{"id":420433,"date":"2026-04-27T08:33:37","date_gmt":"2026-04-27T11:33:37","guid":{"rendered":"https:\/\/blogdofarnesio.com.br\/?p=420433"},"modified":"2026-04-26T11:29:21","modified_gmt":"2026-04-26T14:29:21","slug":"eleicoes-2026-pe-eduardo-da-fonte-sera-o-proximo-senador-de-pernambuco-afirma-claudiano-filho","status":"publish","type":"post","link":"https:\/\/blogdofarnesio.com.br\/?p=420433","title":{"rendered":"Elei\u00e7\u00f5es 2026-PE: \u201cEduardo da Fonte ser\u00e1 o pr\u00f3ximo senador de Pernambuco\u201d, afirma Claudiano Filho"},"content":{"rendered":"<div id=\"conteudo\" class=\"elementor-element elementor-element-13137d9b elementor-widget elementor-widget-theme-post-content\" data-id=\"13137d9b\" data-element_type=\"widget\" data-e-type=\"widget\" data-widget_type=\"theme-post-content.default\">\n<p>O deputado estadual Claudiano Filho afirmou que Eduardo da Fonte re\u00fane for\u00e7a pol\u00edtica, experi\u00eancia e resultados que o credenciam para representar Pernambuco no Senado Federal.<\/p>\n<p>Segundo ele, al\u00e9m do trabalho reconhecido na sa\u00fade, com importantes investimentos em todos os hospitais do estado, Eduardo lidera a Federa\u00e7\u00e3o Uni\u00e3o Progressista, que possui a maior bancada estadual de Pernambuco, o maior n\u00famero de pr\u00e9-candidatos e uma das maiores for\u00e7as pol\u00edticas do estado.<\/p>\n<p>\u201cEduardo da Fonte entrega resultado na sa\u00fade e tem perfil de senador. \u00c9 um deputado que conhece Pernambuco e faz o trabalho parlamentar chegar na ponta, em quem mais precisa.<\/p>\n<p>Al\u00e9m disso, lidera a maior for\u00e7a pol\u00edtica de Pernambuco, com um grupo forte e preparado para continuar fazendo muito mais. Tenho convic\u00e7\u00e3o de que ele ser\u00e1 o pr\u00f3ximo senador de Pernambuco, porque a popula\u00e7\u00e3o reconhece quem faz e luta pelo nosso povo\u201d, destacou Claudiano Filho.<\/p>\n<p><em><strong>Edmar Lyra<\/strong><\/em><\/p>\n<p>&nbsp;<\/p>\n<\/div>\n","protected":false},"excerpt":{"rendered":"<p>O deputado estadual Claudiano Filho afirmou que Eduardo da Fonte re\u00fane for\u00e7a pol\u00edtica, experi\u00eancia e resultados que o credenciam para representar Pernambuco no Senado Federal. Segundo ele, al\u00e9m do trabalho reconhecido na sa\u00fade, com importantes investimentos em todos os hospitais do estado, Eduardo lidera a Federa\u00e7\u00e3o Uni\u00e3o Progressista, que possui a maior bancada estadual de Pernambuco, o maior n\u00famero de pr\u00e9-candidatos e uma das maiores for\u00e7as pol\u00edticas do estado. \u201cEduardo da Fonte entrega resultado na sa\u00fade e tem perfil de senador. \u00c9 um deputado que conhece Pernambuco e faz o trabalho parlamentar chegar na ponta, em quem mais precisa. Al\u00e9m disso, lidera a maior for\u00e7a pol\u00edtica de Pernambuco, com um grupo forte e preparado para continuar fazendo muito mais. Tenho&hellip; <\/p>\n","protected":false},"author":2,"featured_media":420434,"comment_status":"open","ping_status":"open","sticky":false,"template":"","format":"standard","meta":{"_acf_changed":false,"footnotes":""},"categories":[34],"tags":[],"class_list":["post-420433","post","type-post","status-publish","format-standard","has-post-thumbnail","hentry","category-eleicoes"],"acf":[],"yoast_head":"<!-- This site is optimized with the Yoast SEO plugin v27.4 - https:\/\/yoast.com\/product\/yoast-seo-wordpress\/ -->\n<title>Elei\u00e7\u00f5es 2026-PE: \u201cEduardo da Fonte ser\u00e1 o pr\u00f3ximo senador de Pernambuco\u201d, afirma Claudiano Filho - Blog do Farn\u00e9sio<\/title>\n<meta name=\"robots\" content=\"index, follow, max-snippet:-1, max-image-preview:large, max-video-preview:-1\" \/>\n<link rel=\"canonical\" href=\"https:\/\/blogdofarnesio.com.br\/?p=420433\" \/>\n<meta property=\"og:locale\" content=\"pt_BR\" \/>\n<meta property=\"og:type\" content=\"article\" \/>\n<meta property=\"og:title\" content=\"Elei\u00e7\u00f5es 2026-PE: \u201cEduardo da Fonte ser\u00e1 o pr\u00f3ximo senador de Pernambuco\u201d, afirma Claudiano Filho - Blog do Farn\u00e9sio\" \/>\n<meta property=\"og:description\" content=\"O deputado estadual Claudiano Filho afirmou que Eduardo da Fonte re\u00fane for\u00e7a pol\u00edtica, experi\u00eancia e resultados que o credenciam para representar Pernambuco no Senado Federal. Segundo ele, al\u00e9m do trabalho reconhecido na sa\u00fade, com importantes investimentos em todos os hospitais do estado, Eduardo lidera a Federa\u00e7\u00e3o Uni\u00e3o Progressista, que possui a maior bancada estadual de Pernambuco, o maior n\u00famero de pr\u00e9-candidatos e uma das maiores for\u00e7as pol\u00edticas do estado. \u201cEduardo da Fonte entrega resultado na sa\u00fade e tem perfil de senador. \u00c9 um deputado que conhece Pernambuco e faz o trabalho parlamentar chegar na ponta, em quem mais precisa. Al\u00e9m disso, lidera a maior for\u00e7a pol\u00edtica de Pernambuco, com um grupo forte e preparado para continuar fazendo muito mais. Tenho&hellip;\" \/>\n<meta property=\"og:url\" content=\"https:\/\/blogdofarnesio.com.br\/?p=420433\" \/>\n<meta property=\"og:site_name\" content=\"Blog do Farn\u00e9sio\" \/>\n<meta property=\"article:publisher\" content=\"https:\/\/www.facebook.com\/BlogQuerSaberPolitica\/\" \/>\n<meta property=\"article:author\" content=\"https:\/\/www.facebook.com\/?ref=tn_tnmn\" \/>\n<meta property=\"article:published_time\" content=\"2026-04-27T11:33:37+00:00\" \/>\n<meta property=\"og:image\" content=\"https:\/\/blogdofarnesio.com.br\/wp-content\/uploads\/2026\/04\/blogqspeduardo-da-fonte-dep-claudiano-filho-e1777213690264.png\" \/>\n\t<meta property=\"og:image:width\" content=\"631\" \/>\n\t<meta property=\"og:image:height\" content=\"335\" \/>\n\t<meta property=\"og:image:type\" content=\"image\/png\" \/>\n<meta name=\"author\" content=\"Farn\u00e9sio\" \/>\n<meta name=\"twitter:card\" content=\"summary_large_image\" \/>\n<meta name=\"twitter:label1\" content=\"Escrito por\" \/>\n\t<meta name=\"twitter:data1\" content=\"Farn\u00e9sio\" \/>\n\t<meta name=\"twitter:label2\" content=\"Est. tempo de leitura\" \/>\n\t<meta name=\"twitter:data2\" content=\"2 minutos\" \/>\n<script type=\"application\/ld+json\" class=\"yoast-schema-graph\">{\"@context\":\"https:\\\/\\\/schema.org\",\"@graph\":[{\"@type\":\"Article\",\"@id\":\"https:\\\/\\\/blogdofarnesio.com.br\\\/?p=420433#article\",\"isPartOf\":{\"@id\":\"https:\\\/\\\/blogdofarnesio.com.br\\\/?p=420433\"},\"author\":{\"name\":\"Farn\u00e9sio\",\"@id\":\"https:\\\/\\\/blogdofarnesio.com.br\\\/#\\\/schema\\\/person\\\/bb9b23ae3ad0609ce8df7b6c9e76824d\"},\"headline\":\"Elei\u00e7\u00f5es 2026-PE: \u201cEduardo da Fonte ser\u00e1 o pr\u00f3ximo senador de Pernambuco\u201d, afirma Claudiano Filho\",\"datePublished\":\"2026-04-27T11:33:37+00:00\",\"mainEntityOfPage\":{\"@id\":\"https:\\\/\\\/blogdofarnesio.com.br\\\/?p=420433\"},\"wordCount\":181,\"commentCount\":0,\"publisher\":{\"@id\":\"https:\\\/\\\/blogdofarnesio.com.br\\\/#organization\"},\"image\":{\"@id\":\"https:\\\/\\\/blogdofarnesio.com.br\\\/?p=420433#primaryimage\"},\"thumbnailUrl\":\"https:\\\/\\\/blogdofarnesio.com.br\\\/wp-content\\\/uploads\\\/2026\\\/04\\\/blogqspeduardo-da-fonte-dep-claudiano-filho-e1777213690264.png\",\"articleSection\":[\"Elei\u00e7\u00f5es\"],\"inLanguage\":\"pt-BR\",\"potentialAction\":[{\"@type\":\"CommentAction\",\"name\":\"Comment\",\"target\":[\"https:\\\/\\\/blogdofarnesio.com.br\\\/?p=420433#respond\"]}]},{\"@type\":\"WebPage\",\"@id\":\"https:\\\/\\\/blogdofarnesio.com.br\\\/?p=420433\",\"url\":\"https:\\\/\\\/blogdofarnesio.com.br\\\/?p=420433\",\"name\":\"Elei\u00e7\u00f5es 2026-PE: \u201cEduardo da Fonte ser\u00e1 o pr\u00f3ximo senador de Pernambuco\u201d, afirma Claudiano Filho - Blog do Farn\u00e9sio\",\"isPartOf\":{\"@id\":\"https:\\\/\\\/blogdofarnesio.com.br\\\/#website\"},\"primaryImageOfPage\":{\"@id\":\"https:\\\/\\\/blogdofarnesio.com.br\\\/?p=420433#primaryimage\"},\"image\":{\"@id\":\"https:\\\/\\\/blogdofarnesio.com.br\\\/?p=420433#primaryimage\"},\"thumbnailUrl\":\"https:\\\/\\\/blogdofarnesio.com.br\\\/wp-content\\\/uploads\\\/2026\\\/04\\\/blogqspeduardo-da-fonte-dep-claudiano-filho-e1777213690264.png\",\"datePublished\":\"2026-04-27T11:33:37+00:00\",\"breadcrumb\":{\"@id\":\"https:\\\/\\\/blogdofarnesio.com.br\\\/?p=420433#breadcrumb\"},\"inLanguage\":\"pt-BR\",\"potentialAction\":[{\"@type\":\"ReadAction\",\"target\":[\"https:\\\/\\\/blogdofarnesio.com.br\\\/?p=420433\"]}]},{\"@type\":\"ImageObject\",\"inLanguage\":\"pt-BR\",\"@id\":\"https:\\\/\\\/blogdofarnesio.com.br\\\/?p=420433#primaryimage\",\"url\":\"https:\\\/\\\/blogdofarnesio.com.br\\\/wp-content\\\/uploads\\\/2026\\\/04\\\/blogqspeduardo-da-fonte-dep-claudiano-filho-e1777213690264.png\",\"contentUrl\":\"https:\\\/\\\/blogdofarnesio.com.br\\\/wp-content\\\/uploads\\\/2026\\\/04\\\/blogqspeduardo-da-fonte-dep-claudiano-filho-e1777213690264.png\",\"width\":631,\"height\":335},{\"@type\":\"BreadcrumbList\",\"@id\":\"https:\\\/\\\/blogdofarnesio.com.br\\\/?p=420433#breadcrumb\",\"itemListElement\":[{\"@type\":\"ListItem\",\"position\":1,\"name\":\"In\u00edcio\",\"item\":\"https:\\\/\\\/blogdofarnesio.com.br\\\/\"},{\"@type\":\"ListItem\",\"position\":2,\"name\":\"Elei\u00e7\u00f5es 2026-PE: \u201cEduardo da Fonte ser\u00e1 o pr\u00f3ximo senador de Pernambuco\u201d, afirma Claudiano Filho\"}]},{\"@type\":\"WebSite\",\"@id\":\"https:\\\/\\\/blogdofarnesio.com.br\\\/#website\",\"url\":\"https:\\\/\\\/blogdofarnesio.com.br\\\/\",\"name\":\"Blog do Farn\u00e9sio\",\"description\":\"Quer Saber Pol\u00edtica?\",\"publisher\":{\"@id\":\"https:\\\/\\\/blogdofarnesio.com.br\\\/#organization\"},\"potentialAction\":[{\"@type\":\"SearchAction\",\"target\":{\"@type\":\"EntryPoint\",\"urlTemplate\":\"https:\\\/\\\/blogdofarnesio.com.br\\\/?s={search_term_string}\"},\"query-input\":{\"@type\":\"PropertyValueSpecification\",\"valueRequired\":true,\"valueName\":\"search_term_string\"}}],\"inLanguage\":\"pt-BR\"},{\"@type\":\"Organization\",\"@id\":\"https:\\\/\\\/blogdofarnesio.com.br\\\/#organization\",\"name\":\"Blog do Farn\u00e9sio\",\"url\":\"https:\\\/\\\/blogdofarnesio.com.br\\\/\",\"logo\":{\"@type\":\"ImageObject\",\"inLanguage\":\"pt-BR\",\"@id\":\"https:\\\/\\\/blogdofarnesio.com.br\\\/#\\\/schema\\\/logo\\\/image\\\/\",\"url\":\"https:\\\/\\\/blogdofarnesio.com.br\\\/wp-content\\\/uploads\\\/2026\\\/03\\\/cropped-logo_new-1.png\",\"contentUrl\":\"https:\\\/\\\/blogdofarnesio.com.br\\\/wp-content\\\/uploads\\\/2026\\\/03\\\/cropped-logo_new-1.png\",\"width\":881,\"height\":685,\"caption\":\"Blog do Farn\u00e9sio\"},\"image\":{\"@id\":\"https:\\\/\\\/blogdofarnesio.com.br\\\/#\\\/schema\\\/logo\\\/image\\\/\"},\"sameAs\":[\"https:\\\/\\\/www.facebook.com\\\/BlogQuerSaberPolitica\\\/\"]},{\"@type\":\"Person\",\"@id\":\"https:\\\/\\\/blogdofarnesio.com.br\\\/#\\\/schema\\\/person\\\/bb9b23ae3ad0609ce8df7b6c9e76824d\",\"name\":\"Farn\u00e9sio\",\"image\":{\"@type\":\"ImageObject\",\"inLanguage\":\"pt-BR\",\"@id\":\"https:\\\/\\\/secure.gravatar.com\\\/avatar\\\/986aa4c61ccdb66f8555bf88fc2a65609d00bcabd4d2d94377a727547345cbca?s=96&d=mm&r=g\",\"url\":\"https:\\\/\\\/secure.gravatar.com\\\/avatar\\\/986aa4c61ccdb66f8555bf88fc2a65609d00bcabd4d2d94377a727547345cbca?s=96&d=mm&r=g\",\"contentUrl\":\"https:\\\/\\\/secure.gravatar.com\\\/avatar\\\/986aa4c61ccdb66f8555bf88fc2a65609d00bcabd4d2d94377a727547345cbca?s=96&d=mm&r=g\",\"caption\":\"Farn\u00e9sio\"},\"description\":\"Radialista blogueiro, chegou a Petrolina\\\/Juazeiro em setembro de 1980, Farn\u00e9sio Silva \u00e9 de Arapiraca-Alagoas.\",\"sameAs\":[\"http:\\\/\\\/blogdofarnesio.com.br\",\"https:\\\/\\\/www.facebook.com\\\/?ref=tn_tnmn\",\"https:\\\/\\\/www.instagram.com\\\/?utm_source=pwa_homescreen\",\"https:\\\/\\\/youtube.com.br\\\/\"],\"url\":\"https:\\\/\\\/blogdofarnesio.com.br\\\/?author=2\"}]}<\/script>\n<!-- \/ Yoast SEO plugin. -->","yoast_head_json":{"title":"Elei\u00e7\u00f5es 2026-PE: \u201cEduardo da Fonte ser\u00e1 o pr\u00f3ximo senador de Pernambuco\u201d, afirma Claudiano Filho - Blog do Farn\u00e9sio","robots":{"index":"index","follow":"follow","max-snippet":"max-snippet:-1","max-image-preview":"max-image-preview:large","max-video-preview":"max-video-preview:-1"},"canonical":"https:\/\/blogdofarnesio.com.br\/?p=420433","og_locale":"pt_BR","og_type":"article","og_title":"Elei\u00e7\u00f5es 2026-PE: \u201cEduardo da Fonte ser\u00e1 o pr\u00f3ximo senador de Pernambuco\u201d, afirma Claudiano Filho - Blog do Farn\u00e9sio","og_description":"O deputado estadual Claudiano Filho afirmou que Eduardo da Fonte re\u00fane for\u00e7a pol\u00edtica, experi\u00eancia e resultados que o credenciam para representar Pernambuco no Senado Federal. Segundo ele, al\u00e9m do trabalho reconhecido na sa\u00fade, com importantes investimentos em todos os hospitais do estado, Eduardo lidera a Federa\u00e7\u00e3o Uni\u00e3o Progressista, que possui a maior bancada estadual de Pernambuco, o maior n\u00famero de pr\u00e9-candidatos e uma das maiores for\u00e7as pol\u00edticas do estado. \u201cEduardo da Fonte entrega resultado na sa\u00fade e tem perfil de senador. \u00c9 um deputado que conhece Pernambuco e faz o trabalho parlamentar chegar na ponta, em quem mais precisa. Al\u00e9m disso, lidera a maior for\u00e7a pol\u00edtica de Pernambuco, com um grupo forte e preparado para continuar fazendo muito mais. Tenho&hellip;","og_url":"https:\/\/blogdofarnesio.com.br\/?p=420433","og_site_name":"Blog do Farn\u00e9sio","article_publisher":"https:\/\/www.facebook.com\/BlogQuerSaberPolitica\/","article_author":"https:\/\/www.facebook.com\/?ref=tn_tnmn","article_published_time":"2026-04-27T11:33:37+00:00","og_image":[{"width":631,"height":335,"url":"https:\/\/blogdofarnesio.com.br\/wp-content\/uploads\/2026\/04\/blogqspeduardo-da-fonte-dep-claudiano-filho-e1777213690264.png","type":"image\/png"}],"author":"Farn\u00e9sio","twitter_card":"summary_large_image","twitter_misc":{"Escrito por":"Farn\u00e9sio","Est. tempo de leitura":"2 minutos"},"schema":{"@context":"https:\/\/schema.org","@graph":[{"@type":"Article","@id":"https:\/\/blogdofarnesio.com.br\/?p=420433#article","isPartOf":{"@id":"https:\/\/blogdofarnesio.com.br\/?p=420433"},"author":{"name":"Farn\u00e9sio","@id":"https:\/\/blogdofarnesio.com.br\/#\/schema\/person\/bb9b23ae3ad0609ce8df7b6c9e76824d"},"headline":"Elei\u00e7\u00f5es 2026-PE: \u201cEduardo da Fonte ser\u00e1 o pr\u00f3ximo senador de Pernambuco\u201d, afirma Claudiano Filho","datePublished":"2026-04-27T11:33:37+00:00","mainEntityOfPage":{"@id":"https:\/\/blogdofarnesio.com.br\/?p=420433"},"wordCount":181,"commentCount":0,"publisher":{"@id":"https:\/\/blogdofarnesio.com.br\/#organization"},"image":{"@id":"https:\/\/blogdofarnesio.com.br\/?p=420433#primaryimage"},"thumbnailUrl":"https:\/\/blogdofarnesio.com.br\/wp-content\/uploads\/2026\/04\/blogqspeduardo-da-fonte-dep-claudiano-filho-e1777213690264.png","articleSection":["Elei\u00e7\u00f5es"],"inLanguage":"pt-BR","potentialAction":[{"@type":"CommentAction","name":"Comment","target":["https:\/\/blogdofarnesio.com.br\/?p=420433#respond"]}]},{"@type":"WebPage","@id":"https:\/\/blogdofarnesio.com.br\/?p=420433","url":"https:\/\/blogdofarnesio.com.br\/?p=420433","name":"Elei\u00e7\u00f5es 2026-PE: \u201cEduardo da Fonte ser\u00e1 o pr\u00f3ximo senador de Pernambuco\u201d, afirma Claudiano Filho - Blog do Farn\u00e9sio","isPartOf":{"@id":"https:\/\/blogdofarnesio.com.br\/#website"},"primaryImageOfPage":{"@id":"https:\/\/blogdofarnesio.com.br\/?p=420433#primaryimage"},"image":{"@id":"https:\/\/blogdofarnesio.com.br\/?p=420433#primaryimage"},"thumbnailUrl":"https:\/\/blogdofarnesio.com.br\/wp-content\/uploads\/2026\/04\/blogqspeduardo-da-fonte-dep-claudiano-filho-e1777213690264.png","datePublished":"2026-04-27T11:33:37+00:00","breadcrumb":{"@id":"https:\/\/blogdofarnesio.com.br\/?p=420433#breadcrumb"},"inLanguage":"pt-BR","potentialAction":[{"@type":"ReadAction","target":["https:\/\/blogdofarnesio.com.br\/?p=420433"]}]},{"@type":"ImageObject","inLanguage":"pt-BR","@id":"https:\/\/blogdofarnesio.com.br\/?p=420433#primaryimage","url":"https:\/\/blogdofarnesio.com.br\/wp-content\/uploads\/2026\/04\/blogqspeduardo-da-fonte-dep-claudiano-filho-e1777213690264.png","contentUrl":"https:\/\/blogdofarnesio.com.br\/wp-content\/uploads\/2026\/04\/blogqspeduardo-da-fonte-dep-claudiano-filho-e1777213690264.png","width":631,"height":335},{"@type":"BreadcrumbList","@id":"https:\/\/blogdofarnesio.com.br\/?p=420433#breadcrumb","itemListElement":[{"@type":"ListItem","position":1,"name":"In\u00edcio","item":"https:\/\/blogdofarnesio.com.br\/"},{"@type":"ListItem","position":2,"name":"Elei\u00e7\u00f5es 2026-PE: \u201cEduardo da Fonte ser\u00e1 o pr\u00f3ximo senador de Pernambuco\u201d, afirma Claudiano Filho"}]},{"@type":"WebSite","@id":"https:\/\/blogdofarnesio.com.br\/#website","url":"https:\/\/blogdofarnesio.com.br\/","name":"Blog do Farn\u00e9sio","description":"Quer Saber Pol\u00edtica?","publisher":{"@id":"https:\/\/blogdofarnesio.com.br\/#organization"},"potentialAction":[{"@type":"SearchAction","target":{"@type":"EntryPoint","urlTemplate":"https:\/\/blogdofarnesio.com.br\/?s={search_term_string}"},"query-input":{"@type":"PropertyValueSpecification","valueRequired":true,"valueName":"search_term_string"}}],"inLanguage":"pt-BR"},{"@type":"Organization","@id":"https:\/\/blogdofarnesio.com.br\/#organization","name":"Blog do Farn\u00e9sio","url":"https:\/\/blogdofarnesio.com.br\/","logo":{"@type":"ImageObject","inLanguage":"pt-BR","@id":"https:\/\/blogdofarnesio.com.br\/#\/schema\/logo\/image\/","url":"https:\/\/blogdofarnesio.com.br\/wp-content\/uploads\/2026\/03\/cropped-logo_new-1.png","contentUrl":"https:\/\/blogdofarnesio.com.br\/wp-content\/uploads\/2026\/03\/cropped-logo_new-1.png","width":881,"height":685,"caption":"Blog do Farn\u00e9sio"},"image":{"@id":"https:\/\/blogdofarnesio.com.br\/#\/schema\/logo\/image\/"},"sameAs":["https:\/\/www.facebook.com\/BlogQuerSaberPolitica\/"]},{"@type":"Person","@id":"https:\/\/blogdofarnesio.com.br\/#\/schema\/person\/bb9b23ae3ad0609ce8df7b6c9e76824d","name":"Farn\u00e9sio","image":{"@type":"ImageObject","inLanguage":"pt-BR","@id":"https:\/\/secure.gravatar.com\/avatar\/986aa4c61ccdb66f8555bf88fc2a65609d00bcabd4d2d94377a727547345cbca?s=96&d=mm&r=g","url":"https:\/\/secure.gravatar.com\/avatar\/986aa4c61ccdb66f8555bf88fc2a65609d00bcabd4d2d94377a727547345cbca?s=96&d=mm&r=g","contentUrl":"https:\/\/secure.gravatar.com\/avatar\/986aa4c61ccdb66f8555bf88fc2a65609d00bcabd4d2d94377a727547345cbca?s=96&d=mm&r=g","caption":"Farn\u00e9sio"},"description":"Radialista blogueiro, chegou a Petrolina\/Juazeiro em setembro de 1980, Farn\u00e9sio Silva \u00e9 de Arapiraca-Alagoas.","sameAs":["http:\/\/blogdofarnesio.com.br","https:\/\/www.facebook.com\/?ref=tn_tnmn","https:\/\/www.instagram.com\/?utm_source=pwa_homescreen","https:\/\/youtube.com.br\/"],"url":"https:\/\/blogdofarnesio.com.br\/?author=2"}]}},"_links":{"self":[{"href":"https:\/\/blogdofarnesio.com.br\/index.php?rest_route=\/wp\/v2\/posts\/420433","targetHints":{"allow":["GET"]}}],"collection":[{"href":"https:\/\/blogdofarnesio.com.br\/index.php?rest_route=\/wp\/v2\/posts"}],"about":[{"href":"https:\/\/blogdofarnesio.com.br\/index.php?rest_route=\/wp\/v2\/types\/post"}],"author":[{"embeddable":true,"href":"https:\/\/blogdofarnesio.com.br\/index.php?rest_route=\/wp\/v2\/users\/2"}],"replies":[{"embeddable":true,"href":"https:\/\/blogdofarnesio.com.br\/index.php?rest_route=%2Fwp%2Fv2%2Fcomments&post=420433"}],"version-history":[{"count":2,"href":"https:\/\/blogdofarnesio.com.br\/index.php?rest_route=\/wp\/v2\/posts\/420433\/revisions"}],"predecessor-version":[{"id":420436,"href":"https:\/\/blogdofarnesio.com.br\/index.php?rest_route=\/wp\/v2\/posts\/420433\/revisions\/420436"}],"wp:featuredmedia":[{"embeddable":true,"href":"https:\/\/blogdofarnesio.com.br\/index.php?rest_route=\/wp\/v2\/media\/420434"}],"wp:attachment":[{"href":"https:\/\/blogdofarnesio.com.br\/index.php?rest_route=%2Fwp%2Fv2%2Fmedia&parent=420433"}],"wp:term":[{"taxonomy":"category","embeddable":true,"href":"https:\/\/blogdofarnesio.com.br\/index.php?rest_route=%2Fwp%2Fv2%2Fcategories&post=420433"},{"taxonomy":"post_tag","embeddable":true,"href":"https:\/\/blogdofarnesio.com.br\/index.php?rest_route=%2Fwp%2Fv2%2Ftags&post=420433"}],"curies":[{"name":"wp","href":"https:\/\/api.w.org\/{rel}","templated":true}]}}