{"id":420431,"date":"2026-04-27T08:02:16","date_gmt":"2026-04-27T11:02:16","guid":{"rendered":"https:\/\/blogdofarnesio.com.br\/?p=420431"},"modified":"2026-04-26T11:08:47","modified_gmt":"2026-04-26T14:08:47","slug":"aneel-anuncia-define-bandeira-amarela-para-o-mes-de-maio-e-conta-de-luz-ficara-mais-cara","status":"publish","type":"post","link":"https:\/\/blogdofarnesio.com.br\/?p=420431","title":{"rendered":"Aneel anuncia define bandeira amarela para o m\u00eas de maio e conta de luz ficar\u00e1 mais cara"},"content":{"rendered":"<div class=\"sc-b4c8ccf3-0 fsXNOt\"><\/div>\n<div class=\"sc-24c322fd-1 laZqPV\">\n<div class=\"sc-24c322fd-2 dQgbLd\">\n<div class=\"imgCredits\">A bandeira tarif\u00e1ria para o m\u00eas de maio ser\u00e1 amarela, anunciou a Ag\u00eancia Nacional de Energia El\u00e9trica (Aneel) nesta sexta-feira (24). Isso representa um adicional de R$ 1,88 a cada 100 kWh na tarifa.<\/div>\n<\/div>\n<div class=\"sc-24c322fd-3 giHdVV\">\n<p>Em uma resid\u00eancia com consumo de 187 kWh, por exemplo \u2013 como foi a m\u00e9dia residencial em fevereiro, segundo dados da Empresa de Pesquisa Energ\u00e9tica \u2013, a bandeira amarela significaria um valor adicional de R$ 3,52 na fatura.<\/p>\n<p>A bandeira tarif\u00e1ria sinaliza ao consumidor os custos reais da gera\u00e7\u00e3o de energia no pa\u00eds. Quando a gera\u00e7\u00e3o fica mais cara, a cobran\u00e7a extra \u00e9 aplicada automaticamente nas contas.<\/p>\n<p>Entre janeiro e abril, a bandeira tarif\u00e1ria foi mantida na cor verde, devido a \u00edndices considerados satisfat\u00f3rios nos reservat\u00f3rios das usinas hidrel\u00e9tricas.<\/p>\n<p>A Aneel registrou, no entanto, que h\u00e1 uma &#8220;redu\u00e7\u00e3o de chuvas na transi\u00e7\u00e3o do per\u00edodo chuvoso para o seco, o que leva a uma gera\u00e7\u00e3o hidrel\u00e9trica menor e ao acionamento de usinas termel\u00e9tricas, com custo mais elevado.&#8221;<\/p>\n<\/div>\n<\/div>\n","protected":false},"excerpt":{"rendered":"<p>A bandeira tarif\u00e1ria para o m\u00eas de maio ser\u00e1 amarela, anunciou a Ag\u00eancia Nacional de Energia El\u00e9trica (Aneel) nesta sexta-feira (24). Isso representa um adicional de R$ 1,88 a cada 100 kWh na tarifa. Em uma resid\u00eancia com consumo de 187 kWh, por exemplo \u2013 como foi a m\u00e9dia residencial em fevereiro, segundo dados da Empresa de Pesquisa Energ\u00e9tica \u2013, a bandeira amarela significaria um valor adicional de R$ 3,52 na fatura. A bandeira tarif\u00e1ria sinaliza ao consumidor os custos reais da gera\u00e7\u00e3o de energia no pa\u00eds. Quando a gera\u00e7\u00e3o fica mais cara, a cobran\u00e7a extra \u00e9 aplicada automaticamente nas contas. Entre janeiro e abril, a bandeira tarif\u00e1ria foi mantida na cor verde, devido a \u00edndices considerados satisfat\u00f3rios nos reservat\u00f3rios&hellip; <\/p>\n","protected":false},"author":2,"featured_media":186556,"comment_status":"open","ping_status":"open","sticky":false,"template":"","format":"standard","meta":{"_acf_changed":false,"footnotes":""},"categories":[72],"tags":[],"class_list":["post-420431","post","type-post","status-publish","format-standard","has-post-thumbnail","hentry","category-energia"],"acf":[],"yoast_head":"<!-- This site is optimized with the Yoast SEO plugin v27.4 - https:\/\/yoast.com\/product\/yoast-seo-wordpress\/ -->\n<title>Aneel anuncia define bandeira amarela para o m\u00eas de maio e conta de luz ficar\u00e1 mais cara - Blog do Farn\u00e9sio<\/title>\n<meta name=\"robots\" content=\"index, follow, max-snippet:-1, max-image-preview:large, max-video-preview:-1\" \/>\n<link rel=\"canonical\" href=\"https:\/\/blogdofarnesio.com.br\/?p=420431\" \/>\n<meta property=\"og:locale\" content=\"pt_BR\" \/>\n<meta property=\"og:type\" content=\"article\" \/>\n<meta property=\"og:title\" content=\"Aneel anuncia define bandeira amarela para o m\u00eas de maio e conta de luz ficar\u00e1 mais cara - Blog do Farn\u00e9sio\" \/>\n<meta property=\"og:description\" content=\"A bandeira tarif\u00e1ria para o m\u00eas de maio ser\u00e1 amarela, anunciou a Ag\u00eancia Nacional de Energia El\u00e9trica (Aneel) nesta sexta-feira (24). Isso representa um adicional de R$ 1,88 a cada 100 kWh na tarifa. Em uma resid\u00eancia com consumo de 187 kWh, por exemplo \u2013 como foi a m\u00e9dia residencial em fevereiro, segundo dados da Empresa de Pesquisa Energ\u00e9tica \u2013, a bandeira amarela significaria um valor adicional de R$ 3,52 na fatura. A bandeira tarif\u00e1ria sinaliza ao consumidor os custos reais da gera\u00e7\u00e3o de energia no pa\u00eds. Quando a gera\u00e7\u00e3o fica mais cara, a cobran\u00e7a extra \u00e9 aplicada automaticamente nas contas. Entre janeiro e abril, a bandeira tarif\u00e1ria foi mantida na cor verde, devido a \u00edndices considerados satisfat\u00f3rios nos reservat\u00f3rios&hellip;\" \/>\n<meta property=\"og:url\" content=\"https:\/\/blogdofarnesio.com.br\/?p=420431\" \/>\n<meta property=\"og:site_name\" content=\"Blog do Farn\u00e9sio\" \/>\n<meta property=\"article:publisher\" content=\"https:\/\/www.facebook.com\/BlogQuerSaberPolitica\/\" \/>\n<meta property=\"article:author\" content=\"https:\/\/www.facebook.com\/?ref=tn_tnmn\" \/>\n<meta property=\"article:published_time\" content=\"2026-04-27T11:02:16+00:00\" \/>\n<meta property=\"og:image\" content=\"https:\/\/blogdofarnesio.com.br\/wp-content\/uploads\/2018\/01\/blogqspenergiabandeira.jpg\" \/>\n\t<meta property=\"og:image:width\" content=\"620\" \/>\n\t<meta property=\"og:image:height\" content=\"412\" \/>\n\t<meta property=\"og:image:type\" content=\"image\/jpeg\" \/>\n<meta name=\"author\" content=\"Farn\u00e9sio\" \/>\n<meta name=\"twitter:card\" content=\"summary_large_image\" \/>\n<meta name=\"twitter:label1\" content=\"Escrito por\" \/>\n\t<meta name=\"twitter:data1\" content=\"Farn\u00e9sio\" \/>\n\t<meta name=\"twitter:label2\" content=\"Est. tempo de leitura\" \/>\n\t<meta name=\"twitter:data2\" content=\"2 minutos\" \/>\n<script type=\"application\/ld+json\" class=\"yoast-schema-graph\">{\"@context\":\"https:\\\/\\\/schema.org\",\"@graph\":[{\"@type\":\"Article\",\"@id\":\"https:\\\/\\\/blogdofarnesio.com.br\\\/?p=420431#article\",\"isPartOf\":{\"@id\":\"https:\\\/\\\/blogdofarnesio.com.br\\\/?p=420431\"},\"author\":{\"name\":\"Farn\u00e9sio\",\"@id\":\"https:\\\/\\\/blogdofarnesio.com.br\\\/#\\\/schema\\\/person\\\/bb9b23ae3ad0609ce8df7b6c9e76824d\"},\"headline\":\"Aneel anuncia define bandeira amarela para o m\u00eas de maio e conta de luz ficar\u00e1 mais cara\",\"datePublished\":\"2026-04-27T11:02:16+00:00\",\"mainEntityOfPage\":{\"@id\":\"https:\\\/\\\/blogdofarnesio.com.br\\\/?p=420431\"},\"wordCount\":192,\"commentCount\":0,\"publisher\":{\"@id\":\"https:\\\/\\\/blogdofarnesio.com.br\\\/#organization\"},\"image\":{\"@id\":\"https:\\\/\\\/blogdofarnesio.com.br\\\/?p=420431#primaryimage\"},\"thumbnailUrl\":\"https:\\\/\\\/blogdofarnesio.com.br\\\/wp-content\\\/uploads\\\/2018\\\/01\\\/blogqspenergiabandeira.jpg\",\"articleSection\":[\"energia\"],\"inLanguage\":\"pt-BR\",\"potentialAction\":[{\"@type\":\"CommentAction\",\"name\":\"Comment\",\"target\":[\"https:\\\/\\\/blogdofarnesio.com.br\\\/?p=420431#respond\"]}]},{\"@type\":\"WebPage\",\"@id\":\"https:\\\/\\\/blogdofarnesio.com.br\\\/?p=420431\",\"url\":\"https:\\\/\\\/blogdofarnesio.com.br\\\/?p=420431\",\"name\":\"Aneel anuncia define bandeira amarela para o m\u00eas de maio e conta de luz ficar\u00e1 mais cara - Blog do Farn\u00e9sio\",\"isPartOf\":{\"@id\":\"https:\\\/\\\/blogdofarnesio.com.br\\\/#website\"},\"primaryImageOfPage\":{\"@id\":\"https:\\\/\\\/blogdofarnesio.com.br\\\/?p=420431#primaryimage\"},\"image\":{\"@id\":\"https:\\\/\\\/blogdofarnesio.com.br\\\/?p=420431#primaryimage\"},\"thumbnailUrl\":\"https:\\\/\\\/blogdofarnesio.com.br\\\/wp-content\\\/uploads\\\/2018\\\/01\\\/blogqspenergiabandeira.jpg\",\"datePublished\":\"2026-04-27T11:02:16+00:00\",\"breadcrumb\":{\"@id\":\"https:\\\/\\\/blogdofarnesio.com.br\\\/?p=420431#breadcrumb\"},\"inLanguage\":\"pt-BR\",\"potentialAction\":[{\"@type\":\"ReadAction\",\"target\":[\"https:\\\/\\\/blogdofarnesio.com.br\\\/?p=420431\"]}]},{\"@type\":\"ImageObject\",\"inLanguage\":\"pt-BR\",\"@id\":\"https:\\\/\\\/blogdofarnesio.com.br\\\/?p=420431#primaryimage\",\"url\":\"https:\\\/\\\/blogdofarnesio.com.br\\\/wp-content\\\/uploads\\\/2018\\\/01\\\/blogqspenergiabandeira.jpg\",\"contentUrl\":\"https:\\\/\\\/blogdofarnesio.com.br\\\/wp-content\\\/uploads\\\/2018\\\/01\\\/blogqspenergiabandeira.jpg\",\"width\":620,\"height\":412},{\"@type\":\"BreadcrumbList\",\"@id\":\"https:\\\/\\\/blogdofarnesio.com.br\\\/?p=420431#breadcrumb\",\"itemListElement\":[{\"@type\":\"ListItem\",\"position\":1,\"name\":\"In\u00edcio\",\"item\":\"https:\\\/\\\/blogdofarnesio.com.br\\\/\"},{\"@type\":\"ListItem\",\"position\":2,\"name\":\"Aneel anuncia define bandeira amarela para o m\u00eas de maio e conta de luz ficar\u00e1 mais cara\"}]},{\"@type\":\"WebSite\",\"@id\":\"https:\\\/\\\/blogdofarnesio.com.br\\\/#website\",\"url\":\"https:\\\/\\\/blogdofarnesio.com.br\\\/\",\"name\":\"Blog do Farn\u00e9sio\",\"description\":\"Quer Saber Pol\u00edtica?\",\"publisher\":{\"@id\":\"https:\\\/\\\/blogdofarnesio.com.br\\\/#organization\"},\"potentialAction\":[{\"@type\":\"SearchAction\",\"target\":{\"@type\":\"EntryPoint\",\"urlTemplate\":\"https:\\\/\\\/blogdofarnesio.com.br\\\/?s={search_term_string}\"},\"query-input\":{\"@type\":\"PropertyValueSpecification\",\"valueRequired\":true,\"valueName\":\"search_term_string\"}}],\"inLanguage\":\"pt-BR\"},{\"@type\":\"Organization\",\"@id\":\"https:\\\/\\\/blogdofarnesio.com.br\\\/#organization\",\"name\":\"Blog do Farn\u00e9sio\",\"url\":\"https:\\\/\\\/blogdofarnesio.com.br\\\/\",\"logo\":{\"@type\":\"ImageObject\",\"inLanguage\":\"pt-BR\",\"@id\":\"https:\\\/\\\/blogdofarnesio.com.br\\\/#\\\/schema\\\/logo\\\/image\\\/\",\"url\":\"https:\\\/\\\/blogdofarnesio.com.br\\\/wp-content\\\/uploads\\\/2026\\\/03\\\/cropped-logo_new-1.png\",\"contentUrl\":\"https:\\\/\\\/blogdofarnesio.com.br\\\/wp-content\\\/uploads\\\/2026\\\/03\\\/cropped-logo_new-1.png\",\"width\":881,\"height\":685,\"caption\":\"Blog do Farn\u00e9sio\"},\"image\":{\"@id\":\"https:\\\/\\\/blogdofarnesio.com.br\\\/#\\\/schema\\\/logo\\\/image\\\/\"},\"sameAs\":[\"https:\\\/\\\/www.facebook.com\\\/BlogQuerSaberPolitica\\\/\"]},{\"@type\":\"Person\",\"@id\":\"https:\\\/\\\/blogdofarnesio.com.br\\\/#\\\/schema\\\/person\\\/bb9b23ae3ad0609ce8df7b6c9e76824d\",\"name\":\"Farn\u00e9sio\",\"image\":{\"@type\":\"ImageObject\",\"inLanguage\":\"pt-BR\",\"@id\":\"https:\\\/\\\/secure.gravatar.com\\\/avatar\\\/986aa4c61ccdb66f8555bf88fc2a65609d00bcabd4d2d94377a727547345cbca?s=96&d=mm&r=g\",\"url\":\"https:\\\/\\\/secure.gravatar.com\\\/avatar\\\/986aa4c61ccdb66f8555bf88fc2a65609d00bcabd4d2d94377a727547345cbca?s=96&d=mm&r=g\",\"contentUrl\":\"https:\\\/\\\/secure.gravatar.com\\\/avatar\\\/986aa4c61ccdb66f8555bf88fc2a65609d00bcabd4d2d94377a727547345cbca?s=96&d=mm&r=g\",\"caption\":\"Farn\u00e9sio\"},\"description\":\"Radialista blogueiro, chegou a Petrolina\\\/Juazeiro em setembro de 1980, Farn\u00e9sio Silva \u00e9 de Arapiraca-Alagoas.\",\"sameAs\":[\"http:\\\/\\\/blogdofarnesio.com.br\",\"https:\\\/\\\/www.facebook.com\\\/?ref=tn_tnmn\",\"https:\\\/\\\/www.instagram.com\\\/?utm_source=pwa_homescreen\",\"https:\\\/\\\/youtube.com.br\\\/\"],\"url\":\"https:\\\/\\\/blogdofarnesio.com.br\\\/?author=2\"}]}<\/script>\n<!-- \/ Yoast SEO plugin. -->","yoast_head_json":{"title":"Aneel anuncia define bandeira amarela para o m\u00eas de maio e conta de luz ficar\u00e1 mais cara - Blog do Farn\u00e9sio","robots":{"index":"index","follow":"follow","max-snippet":"max-snippet:-1","max-image-preview":"max-image-preview:large","max-video-preview":"max-video-preview:-1"},"canonical":"https:\/\/blogdofarnesio.com.br\/?p=420431","og_locale":"pt_BR","og_type":"article","og_title":"Aneel anuncia define bandeira amarela para o m\u00eas de maio e conta de luz ficar\u00e1 mais cara - Blog do Farn\u00e9sio","og_description":"A bandeira tarif\u00e1ria para o m\u00eas de maio ser\u00e1 amarela, anunciou a Ag\u00eancia Nacional de Energia El\u00e9trica (Aneel) nesta sexta-feira (24). Isso representa um adicional de R$ 1,88 a cada 100 kWh na tarifa. Em uma resid\u00eancia com consumo de 187 kWh, por exemplo \u2013 como foi a m\u00e9dia residencial em fevereiro, segundo dados da Empresa de Pesquisa Energ\u00e9tica \u2013, a bandeira amarela significaria um valor adicional de R$ 3,52 na fatura. A bandeira tarif\u00e1ria sinaliza ao consumidor os custos reais da gera\u00e7\u00e3o de energia no pa\u00eds. Quando a gera\u00e7\u00e3o fica mais cara, a cobran\u00e7a extra \u00e9 aplicada automaticamente nas contas. Entre janeiro e abril, a bandeira tarif\u00e1ria foi mantida na cor verde, devido a \u00edndices considerados satisfat\u00f3rios nos reservat\u00f3rios&hellip;","og_url":"https:\/\/blogdofarnesio.com.br\/?p=420431","og_site_name":"Blog do Farn\u00e9sio","article_publisher":"https:\/\/www.facebook.com\/BlogQuerSaberPolitica\/","article_author":"https:\/\/www.facebook.com\/?ref=tn_tnmn","article_published_time":"2026-04-27T11:02:16+00:00","og_image":[{"width":620,"height":412,"url":"https:\/\/blogdofarnesio.com.br\/wp-content\/uploads\/2018\/01\/blogqspenergiabandeira.jpg","type":"image\/jpeg"}],"author":"Farn\u00e9sio","twitter_card":"summary_large_image","twitter_misc":{"Escrito por":"Farn\u00e9sio","Est. tempo de leitura":"2 minutos"},"schema":{"@context":"https:\/\/schema.org","@graph":[{"@type":"Article","@id":"https:\/\/blogdofarnesio.com.br\/?p=420431#article","isPartOf":{"@id":"https:\/\/blogdofarnesio.com.br\/?p=420431"},"author":{"name":"Farn\u00e9sio","@id":"https:\/\/blogdofarnesio.com.br\/#\/schema\/person\/bb9b23ae3ad0609ce8df7b6c9e76824d"},"headline":"Aneel anuncia define bandeira amarela para o m\u00eas de maio e conta de luz ficar\u00e1 mais cara","datePublished":"2026-04-27T11:02:16+00:00","mainEntityOfPage":{"@id":"https:\/\/blogdofarnesio.com.br\/?p=420431"},"wordCount":192,"commentCount":0,"publisher":{"@id":"https:\/\/blogdofarnesio.com.br\/#organization"},"image":{"@id":"https:\/\/blogdofarnesio.com.br\/?p=420431#primaryimage"},"thumbnailUrl":"https:\/\/blogdofarnesio.com.br\/wp-content\/uploads\/2018\/01\/blogqspenergiabandeira.jpg","articleSection":["energia"],"inLanguage":"pt-BR","potentialAction":[{"@type":"CommentAction","name":"Comment","target":["https:\/\/blogdofarnesio.com.br\/?p=420431#respond"]}]},{"@type":"WebPage","@id":"https:\/\/blogdofarnesio.com.br\/?p=420431","url":"https:\/\/blogdofarnesio.com.br\/?p=420431","name":"Aneel anuncia define bandeira amarela para o m\u00eas de maio e conta de luz ficar\u00e1 mais cara - Blog do Farn\u00e9sio","isPartOf":{"@id":"https:\/\/blogdofarnesio.com.br\/#website"},"primaryImageOfPage":{"@id":"https:\/\/blogdofarnesio.com.br\/?p=420431#primaryimage"},"image":{"@id":"https:\/\/blogdofarnesio.com.br\/?p=420431#primaryimage"},"thumbnailUrl":"https:\/\/blogdofarnesio.com.br\/wp-content\/uploads\/2018\/01\/blogqspenergiabandeira.jpg","datePublished":"2026-04-27T11:02:16+00:00","breadcrumb":{"@id":"https:\/\/blogdofarnesio.com.br\/?p=420431#breadcrumb"},"inLanguage":"pt-BR","potentialAction":[{"@type":"ReadAction","target":["https:\/\/blogdofarnesio.com.br\/?p=420431"]}]},{"@type":"ImageObject","inLanguage":"pt-BR","@id":"https:\/\/blogdofarnesio.com.br\/?p=420431#primaryimage","url":"https:\/\/blogdofarnesio.com.br\/wp-content\/uploads\/2018\/01\/blogqspenergiabandeira.jpg","contentUrl":"https:\/\/blogdofarnesio.com.br\/wp-content\/uploads\/2018\/01\/blogqspenergiabandeira.jpg","width":620,"height":412},{"@type":"BreadcrumbList","@id":"https:\/\/blogdofarnesio.com.br\/?p=420431#breadcrumb","itemListElement":[{"@type":"ListItem","position":1,"name":"In\u00edcio","item":"https:\/\/blogdofarnesio.com.br\/"},{"@type":"ListItem","position":2,"name":"Aneel anuncia define bandeira amarela para o m\u00eas de maio e conta de luz ficar\u00e1 mais cara"}]},{"@type":"WebSite","@id":"https:\/\/blogdofarnesio.com.br\/#website","url":"https:\/\/blogdofarnesio.com.br\/","name":"Blog do Farn\u00e9sio","description":"Quer Saber Pol\u00edtica?","publisher":{"@id":"https:\/\/blogdofarnesio.com.br\/#organization"},"potentialAction":[{"@type":"SearchAction","target":{"@type":"EntryPoint","urlTemplate":"https:\/\/blogdofarnesio.com.br\/?s={search_term_string}"},"query-input":{"@type":"PropertyValueSpecification","valueRequired":true,"valueName":"search_term_string"}}],"inLanguage":"pt-BR"},{"@type":"Organization","@id":"https:\/\/blogdofarnesio.com.br\/#organization","name":"Blog do Farn\u00e9sio","url":"https:\/\/blogdofarnesio.com.br\/","logo":{"@type":"ImageObject","inLanguage":"pt-BR","@id":"https:\/\/blogdofarnesio.com.br\/#\/schema\/logo\/image\/","url":"https:\/\/blogdofarnesio.com.br\/wp-content\/uploads\/2026\/03\/cropped-logo_new-1.png","contentUrl":"https:\/\/blogdofarnesio.com.br\/wp-content\/uploads\/2026\/03\/cropped-logo_new-1.png","width":881,"height":685,"caption":"Blog do Farn\u00e9sio"},"image":{"@id":"https:\/\/blogdofarnesio.com.br\/#\/schema\/logo\/image\/"},"sameAs":["https:\/\/www.facebook.com\/BlogQuerSaberPolitica\/"]},{"@type":"Person","@id":"https:\/\/blogdofarnesio.com.br\/#\/schema\/person\/bb9b23ae3ad0609ce8df7b6c9e76824d","name":"Farn\u00e9sio","image":{"@type":"ImageObject","inLanguage":"pt-BR","@id":"https:\/\/secure.gravatar.com\/avatar\/986aa4c61ccdb66f8555bf88fc2a65609d00bcabd4d2d94377a727547345cbca?s=96&d=mm&r=g","url":"https:\/\/secure.gravatar.com\/avatar\/986aa4c61ccdb66f8555bf88fc2a65609d00bcabd4d2d94377a727547345cbca?s=96&d=mm&r=g","contentUrl":"https:\/\/secure.gravatar.com\/avatar\/986aa4c61ccdb66f8555bf88fc2a65609d00bcabd4d2d94377a727547345cbca?s=96&d=mm&r=g","caption":"Farn\u00e9sio"},"description":"Radialista blogueiro, chegou a Petrolina\/Juazeiro em setembro de 1980, Farn\u00e9sio Silva \u00e9 de Arapiraca-Alagoas.","sameAs":["http:\/\/blogdofarnesio.com.br","https:\/\/www.facebook.com\/?ref=tn_tnmn","https:\/\/www.instagram.com\/?utm_source=pwa_homescreen","https:\/\/youtube.com.br\/"],"url":"https:\/\/blogdofarnesio.com.br\/?author=2"}]}},"_links":{"self":[{"href":"https:\/\/blogdofarnesio.com.br\/index.php?rest_route=\/wp\/v2\/posts\/420431","targetHints":{"allow":["GET"]}}],"collection":[{"href":"https:\/\/blogdofarnesio.com.br\/index.php?rest_route=\/wp\/v2\/posts"}],"about":[{"href":"https:\/\/blogdofarnesio.com.br\/index.php?rest_route=\/wp\/v2\/types\/post"}],"author":[{"embeddable":true,"href":"https:\/\/blogdofarnesio.com.br\/index.php?rest_route=\/wp\/v2\/users\/2"}],"replies":[{"embeddable":true,"href":"https:\/\/blogdofarnesio.com.br\/index.php?rest_route=%2Fwp%2Fv2%2Fcomments&post=420431"}],"version-history":[{"count":1,"href":"https:\/\/blogdofarnesio.com.br\/index.php?rest_route=\/wp\/v2\/posts\/420431\/revisions"}],"predecessor-version":[{"id":420432,"href":"https:\/\/blogdofarnesio.com.br\/index.php?rest_route=\/wp\/v2\/posts\/420431\/revisions\/420432"}],"wp:featuredmedia":[{"embeddable":true,"href":"https:\/\/blogdofarnesio.com.br\/index.php?rest_route=\/wp\/v2\/media\/186556"}],"wp:attachment":[{"href":"https:\/\/blogdofarnesio.com.br\/index.php?rest_route=%2Fwp%2Fv2%2Fmedia&parent=420431"}],"wp:term":[{"taxonomy":"category","embeddable":true,"href":"https:\/\/blogdofarnesio.com.br\/index.php?rest_route=%2Fwp%2Fv2%2Fcategories&post=420431"},{"taxonomy":"post_tag","embeddable":true,"href":"https:\/\/blogdofarnesio.com.br\/index.php?rest_route=%2Fwp%2Fv2%2Ftags&post=420431"}],"curies":[{"name":"wp","href":"https:\/\/api.w.org\/{rel}","templated":true}]}}