{"id":420428,"date":"2026-04-26T11:00:15","date_gmt":"2026-04-26T14:00:15","guid":{"rendered":"https:\/\/blogdofarnesio.com.br\/?p=420428"},"modified":"2026-04-26T10:56:47","modified_gmt":"2026-04-26T13:56:47","slug":"delegado-diz-que-adolescente-acusado-pelo-homicidio-do-estudante-em-petrolina-tinha-historico-de-agressoes-e-que-o-pai-dele-teria-ajudado-na-fuga","status":"publish","type":"post","link":"https:\/\/blogdofarnesio.com.br\/?p=420428","title":{"rendered":"Delegado diz que adolescente acusado pelo homic\u00eddio do estudante, em Petrolina, tinha hist\u00f3rico de agress\u00f5es e que o pai dele teria ajudado na fuga"},"content":{"rendered":"<div id=\"post-body-960181159808048222\" class=\"post-body entry-content\">\n<p>Em entrevista \u00e0 TV Grande Rio, Gabriel Sapucaia, delegado de homic\u00eddios de Petrolina, Sert\u00e3o de Pernambuco, se manifestou sobre o assassinato do adolescente Kaik Douglas da Silva Rodrigues, 19 anos, morto a golpes de faca, na sa\u00edda da Escola de Refer\u00eancia em Ensino M\u00e9dio (EREMFEM), no bairro Ant\u00f4nio Cassimiro, na noite da \u00faltima quinta-feira (23).<\/p>\n<p class=\"_aupe copyable-text x15bjb6t x1n2onr6\"><span class=\"_aupe copyable-text xkrh14z\">De acordo com o delegado, o crime teria sido motivado por um desentendimento anterior entre a v\u00edtima e o autor do crime, que j\u00e1 possui um hist\u00f3rico de agress\u00f5es contra alunos da escola.<\/span><\/p>\n<p class=\"_aupe copyable-text x15bjb6t x1n2onr6\"><span class=\"_aupe copyable-text xkrh14z\">\u201cJ\u00e1 existia uma desaven\u00e7a entre eles, brigas relacionadas a condi\u00e7\u00e3o de aluno, de escola. E a gente sabe, pelos coment\u00e1rios da popula\u00e7\u00e3o e da localidade da rede de ensino, que esse autor, ele j\u00e1 tinha o hist\u00f3rico de agress\u00f5es perpetradas, n\u00e9? Inclusive contra outros alunos e era contumaz na pr\u00e1tica de portar arma branca\u201d, ressaltou o delegado.<\/span><\/p>\n<p class=\"_aupe copyable-text x15bjb6t x1n2onr6\"><span class=\"_aupe copyable-text xkrh14z\">Ainda segundo Sapucaia, o autor do crime \u00e9 um adolescente que contou com a ajuda de outras pessoas, sendo um dos suspeitos o pai dele, que teria ajudado na fuga.<\/span><\/p>\n<p class=\"_aupe copyable-text x15bjb6t x1n2onr6\"><span class=\"_aupe copyable-text xkrh14z\">\u201cEsse menor de idade \u00e9 o principal executor dessa empreitada, mas ele contou com o aux\u00edlio desses tr\u00eas elementos que chegaram no col\u00e9gio e tem um um quarto suspeito, que as informa\u00e7\u00f5es d\u00e3o conta que seria o genitor desse desse menor de idade, que teria chegado no local na presen\u00e7a do carro, inclusive teria dado fuga ao seu filho ap\u00f3s a empreitada delituosa\u201d, detalhou.<\/span><\/p>\n<p class=\"_aupe copyable-text x15bjb6t x1n2onr6\"><span class=\"_aupe copyable-text xkrh14z\">O delegado afirmou que o crime \u00e9 qualificado por motivo f\u00fatil e pela impossibilidade de defesa da v\u00edtima, \u201cj\u00e1 que eram tr\u00eas, quatro elementos ali segurando aquele indiv\u00edduo\u201d.<\/span><\/p>\n<p class=\"_aupe copyable-text x15bjb6t x1n2onr6\"><span class=\"_aupe copyable-text xkrh14z\">A Pol\u00edcia Civil segue investigando o crime.<\/span><\/p>\n<p class=\"_aupe copyable-text x15bjb6t x1n2onr6\"><strong><span class=\"_aupe copyable-text xkrh14z\">Crime<\/span><\/strong><\/p>\n<p class=\"_aupe copyable-text x15bjb6t x1n2onr6\"><span class=\"_aupe copyable-text xkrh14z\">Na noite de quinta-feira (23), Kaik Douglas da Silva Rodrigues sa\u00eda da escola quando foi abordado por tr\u00eas estudantes e houve uma discuss\u00e3o. Segundo informa\u00e7\u00f5es, um dos alunos, que portava uma arma branca, desferiu golpes no t\u00f3rax da v\u00edtima. Kaik chegou a ser encaminhado a um hospital, mas n\u00e3o resistiu aos ferimentos e morreu na unidade.<\/span><\/p>\n<p class=\"_aupe copyable-text x15bjb6t x1n2onr6\"><span class=\"_aupe copyable-text xkrh14z\">O irm\u00e3o de Kaik, de 17 anos, tentou separar a briga e acabou ferido nas costas. Ele n\u00e3o corre risco de morte.<\/span><\/p>\n<\/div>\n","protected":false},"excerpt":{"rendered":"<p>Em entrevista \u00e0 TV Grande Rio, Gabriel Sapucaia, delegado de homic\u00eddios de Petrolina, Sert\u00e3o de Pernambuco, se manifestou sobre o assassinato do adolescente Kaik Douglas da Silva Rodrigues, 19 anos, morto a golpes de faca, na sa\u00edda da Escola de Refer\u00eancia em Ensino M\u00e9dio (EREMFEM), no bairro Ant\u00f4nio Cassimiro, na noite da \u00faltima quinta-feira (23). De acordo com o delegado, o crime teria sido motivado por um desentendimento anterior entre a v\u00edtima e o autor do crime, que j\u00e1 possui um hist\u00f3rico de agress\u00f5es contra alunos da escola. \u201cJ\u00e1 existia uma desaven\u00e7a entre eles, brigas relacionadas a condi\u00e7\u00e3o de aluno, de escola. E a gente sabe, pelos coment\u00e1rios da popula\u00e7\u00e3o e da localidade da rede de ensino, que esse autor,&hellip; <\/p>\n","protected":false},"author":2,"featured_media":420293,"comment_status":"open","ping_status":"open","sticky":false,"template":"","format":"standard","meta":{"_acf_changed":false,"footnotes":""},"categories":[9],"tags":[],"class_list":["post-420428","post","type-post","status-publish","format-standard","has-post-thumbnail","hentry","category-policia"],"acf":[],"yoast_head":"<!-- This site is optimized with the Yoast SEO plugin v27.4 - https:\/\/yoast.com\/product\/yoast-seo-wordpress\/ -->\n<title>Delegado diz que adolescente acusado pelo homic\u00eddio do estudante, em Petrolina, tinha hist\u00f3rico de agress\u00f5es e que o pai dele teria ajudado na fuga - Blog do Farn\u00e9sio<\/title>\n<meta name=\"robots\" content=\"index, follow, max-snippet:-1, max-image-preview:large, max-video-preview:-1\" \/>\n<link rel=\"canonical\" href=\"https:\/\/blogdofarnesio.com.br\/?p=420428\" \/>\n<meta property=\"og:locale\" content=\"pt_BR\" \/>\n<meta property=\"og:type\" content=\"article\" \/>\n<meta property=\"og:title\" content=\"Delegado diz que adolescente acusado pelo homic\u00eddio do estudante, em Petrolina, tinha hist\u00f3rico de agress\u00f5es e que o pai dele teria ajudado na fuga - Blog do Farn\u00e9sio\" \/>\n<meta property=\"og:description\" content=\"Em entrevista \u00e0 TV Grande Rio, Gabriel Sapucaia, delegado de homic\u00eddios de Petrolina, Sert\u00e3o de Pernambuco, se manifestou sobre o assassinato do adolescente Kaik Douglas da Silva Rodrigues, 19 anos, morto a golpes de faca, na sa\u00edda da Escola de Refer\u00eancia em Ensino M\u00e9dio (EREMFEM), no bairro Ant\u00f4nio Cassimiro, na noite da \u00faltima quinta-feira (23). De acordo com o delegado, o crime teria sido motivado por um desentendimento anterior entre a v\u00edtima e o autor do crime, que j\u00e1 possui um hist\u00f3rico de agress\u00f5es contra alunos da escola. \u201cJ\u00e1 existia uma desaven\u00e7a entre eles, brigas relacionadas a condi\u00e7\u00e3o de aluno, de escola. E a gente sabe, pelos coment\u00e1rios da popula\u00e7\u00e3o e da localidade da rede de ensino, que esse autor,&hellip;\" \/>\n<meta property=\"og:url\" content=\"https:\/\/blogdofarnesio.com.br\/?p=420428\" \/>\n<meta property=\"og:site_name\" content=\"Blog do Farn\u00e9sio\" \/>\n<meta property=\"article:publisher\" content=\"https:\/\/www.facebook.com\/BlogQuerSaberPolitica\/\" \/>\n<meta property=\"article:author\" content=\"https:\/\/www.facebook.com\/?ref=tn_tnmn\" \/>\n<meta property=\"article:published_time\" content=\"2026-04-26T14:00:15+00:00\" \/>\n<meta property=\"og:image\" content=\"https:\/\/blogdofarnesio.com.br\/wp-content\/uploads\/2026\/04\/blogqsppet-KaikDouglas-morto-na-porta-da-escola-e1777044221987.jpeg\" \/>\n\t<meta property=\"og:image:width\" content=\"400\" \/>\n\t<meta property=\"og:image:height\" content=\"331\" \/>\n\t<meta property=\"og:image:type\" content=\"image\/jpeg\" \/>\n<meta name=\"author\" content=\"Farn\u00e9sio\" \/>\n<meta name=\"twitter:card\" content=\"summary_large_image\" \/>\n<meta name=\"twitter:label1\" content=\"Escrito por\" \/>\n\t<meta name=\"twitter:data1\" content=\"Farn\u00e9sio\" \/>\n\t<meta name=\"twitter:label2\" content=\"Est. tempo de leitura\" \/>\n\t<meta name=\"twitter:data2\" content=\"3 minutos\" \/>\n<script type=\"application\/ld+json\" class=\"yoast-schema-graph\">{\"@context\":\"https:\\\/\\\/schema.org\",\"@graph\":[{\"@type\":\"Article\",\"@id\":\"https:\\\/\\\/blogdofarnesio.com.br\\\/?p=420428#article\",\"isPartOf\":{\"@id\":\"https:\\\/\\\/blogdofarnesio.com.br\\\/?p=420428\"},\"author\":{\"name\":\"Farn\u00e9sio\",\"@id\":\"https:\\\/\\\/blogdofarnesio.com.br\\\/#\\\/schema\\\/person\\\/bb9b23ae3ad0609ce8df7b6c9e76824d\"},\"headline\":\"Delegado diz que adolescente acusado pelo homic\u00eddio do estudante, em Petrolina, tinha hist\u00f3rico de agress\u00f5es e que o pai dele teria ajudado na fuga\",\"datePublished\":\"2026-04-26T14:00:15+00:00\",\"mainEntityOfPage\":{\"@id\":\"https:\\\/\\\/blogdofarnesio.com.br\\\/?p=420428\"},\"wordCount\":409,\"commentCount\":0,\"publisher\":{\"@id\":\"https:\\\/\\\/blogdofarnesio.com.br\\\/#organization\"},\"image\":{\"@id\":\"https:\\\/\\\/blogdofarnesio.com.br\\\/?p=420428#primaryimage\"},\"thumbnailUrl\":\"https:\\\/\\\/blogdofarnesio.com.br\\\/wp-content\\\/uploads\\\/2026\\\/04\\\/blogqsppet-KaikDouglas-morto-na-porta-da-escola-e1777044221987.jpeg\",\"articleSection\":[\"Pol\u00edcia\"],\"inLanguage\":\"pt-BR\",\"potentialAction\":[{\"@type\":\"CommentAction\",\"name\":\"Comment\",\"target\":[\"https:\\\/\\\/blogdofarnesio.com.br\\\/?p=420428#respond\"]}]},{\"@type\":\"WebPage\",\"@id\":\"https:\\\/\\\/blogdofarnesio.com.br\\\/?p=420428\",\"url\":\"https:\\\/\\\/blogdofarnesio.com.br\\\/?p=420428\",\"name\":\"Delegado diz que adolescente acusado pelo homic\u00eddio do estudante, em Petrolina, tinha hist\u00f3rico de agress\u00f5es e que o pai dele teria ajudado na fuga - Blog do Farn\u00e9sio\",\"isPartOf\":{\"@id\":\"https:\\\/\\\/blogdofarnesio.com.br\\\/#website\"},\"primaryImageOfPage\":{\"@id\":\"https:\\\/\\\/blogdofarnesio.com.br\\\/?p=420428#primaryimage\"},\"image\":{\"@id\":\"https:\\\/\\\/blogdofarnesio.com.br\\\/?p=420428#primaryimage\"},\"thumbnailUrl\":\"https:\\\/\\\/blogdofarnesio.com.br\\\/wp-content\\\/uploads\\\/2026\\\/04\\\/blogqsppet-KaikDouglas-morto-na-porta-da-escola-e1777044221987.jpeg\",\"datePublished\":\"2026-04-26T14:00:15+00:00\",\"breadcrumb\":{\"@id\":\"https:\\\/\\\/blogdofarnesio.com.br\\\/?p=420428#breadcrumb\"},\"inLanguage\":\"pt-BR\",\"potentialAction\":[{\"@type\":\"ReadAction\",\"target\":[\"https:\\\/\\\/blogdofarnesio.com.br\\\/?p=420428\"]}]},{\"@type\":\"ImageObject\",\"inLanguage\":\"pt-BR\",\"@id\":\"https:\\\/\\\/blogdofarnesio.com.br\\\/?p=420428#primaryimage\",\"url\":\"https:\\\/\\\/blogdofarnesio.com.br\\\/wp-content\\\/uploads\\\/2026\\\/04\\\/blogqsppet-KaikDouglas-morto-na-porta-da-escola-e1777044221987.jpeg\",\"contentUrl\":\"https:\\\/\\\/blogdofarnesio.com.br\\\/wp-content\\\/uploads\\\/2026\\\/04\\\/blogqsppet-KaikDouglas-morto-na-porta-da-escola-e1777044221987.jpeg\",\"width\":400,\"height\":331},{\"@type\":\"BreadcrumbList\",\"@id\":\"https:\\\/\\\/blogdofarnesio.com.br\\\/?p=420428#breadcrumb\",\"itemListElement\":[{\"@type\":\"ListItem\",\"position\":1,\"name\":\"In\u00edcio\",\"item\":\"https:\\\/\\\/blogdofarnesio.com.br\\\/\"},{\"@type\":\"ListItem\",\"position\":2,\"name\":\"Delegado diz que adolescente acusado pelo homic\u00eddio do estudante, em Petrolina, tinha hist\u00f3rico de agress\u00f5es e que o pai dele teria ajudado na fuga\"}]},{\"@type\":\"WebSite\",\"@id\":\"https:\\\/\\\/blogdofarnesio.com.br\\\/#website\",\"url\":\"https:\\\/\\\/blogdofarnesio.com.br\\\/\",\"name\":\"Blog do Farn\u00e9sio\",\"description\":\"Quer Saber Pol\u00edtica?\",\"publisher\":{\"@id\":\"https:\\\/\\\/blogdofarnesio.com.br\\\/#organization\"},\"potentialAction\":[{\"@type\":\"SearchAction\",\"target\":{\"@type\":\"EntryPoint\",\"urlTemplate\":\"https:\\\/\\\/blogdofarnesio.com.br\\\/?s={search_term_string}\"},\"query-input\":{\"@type\":\"PropertyValueSpecification\",\"valueRequired\":true,\"valueName\":\"search_term_string\"}}],\"inLanguage\":\"pt-BR\"},{\"@type\":\"Organization\",\"@id\":\"https:\\\/\\\/blogdofarnesio.com.br\\\/#organization\",\"name\":\"Blog do Farn\u00e9sio\",\"url\":\"https:\\\/\\\/blogdofarnesio.com.br\\\/\",\"logo\":{\"@type\":\"ImageObject\",\"inLanguage\":\"pt-BR\",\"@id\":\"https:\\\/\\\/blogdofarnesio.com.br\\\/#\\\/schema\\\/logo\\\/image\\\/\",\"url\":\"https:\\\/\\\/blogdofarnesio.com.br\\\/wp-content\\\/uploads\\\/2026\\\/03\\\/cropped-logo_new-1.png\",\"contentUrl\":\"https:\\\/\\\/blogdofarnesio.com.br\\\/wp-content\\\/uploads\\\/2026\\\/03\\\/cropped-logo_new-1.png\",\"width\":881,\"height\":685,\"caption\":\"Blog do Farn\u00e9sio\"},\"image\":{\"@id\":\"https:\\\/\\\/blogdofarnesio.com.br\\\/#\\\/schema\\\/logo\\\/image\\\/\"},\"sameAs\":[\"https:\\\/\\\/www.facebook.com\\\/BlogQuerSaberPolitica\\\/\"]},{\"@type\":\"Person\",\"@id\":\"https:\\\/\\\/blogdofarnesio.com.br\\\/#\\\/schema\\\/person\\\/bb9b23ae3ad0609ce8df7b6c9e76824d\",\"name\":\"Farn\u00e9sio\",\"image\":{\"@type\":\"ImageObject\",\"inLanguage\":\"pt-BR\",\"@id\":\"https:\\\/\\\/secure.gravatar.com\\\/avatar\\\/986aa4c61ccdb66f8555bf88fc2a65609d00bcabd4d2d94377a727547345cbca?s=96&d=mm&r=g\",\"url\":\"https:\\\/\\\/secure.gravatar.com\\\/avatar\\\/986aa4c61ccdb66f8555bf88fc2a65609d00bcabd4d2d94377a727547345cbca?s=96&d=mm&r=g\",\"contentUrl\":\"https:\\\/\\\/secure.gravatar.com\\\/avatar\\\/986aa4c61ccdb66f8555bf88fc2a65609d00bcabd4d2d94377a727547345cbca?s=96&d=mm&r=g\",\"caption\":\"Farn\u00e9sio\"},\"description\":\"Radialista blogueiro, chegou a Petrolina\\\/Juazeiro em setembro de 1980, Farn\u00e9sio Silva \u00e9 de Arapiraca-Alagoas.\",\"sameAs\":[\"http:\\\/\\\/blogdofarnesio.com.br\",\"https:\\\/\\\/www.facebook.com\\\/?ref=tn_tnmn\",\"https:\\\/\\\/www.instagram.com\\\/?utm_source=pwa_homescreen\",\"https:\\\/\\\/youtube.com.br\\\/\"],\"url\":\"https:\\\/\\\/blogdofarnesio.com.br\\\/?author=2\"}]}<\/script>\n<!-- \/ Yoast SEO plugin. -->","yoast_head_json":{"title":"Delegado diz que adolescente acusado pelo homic\u00eddio do estudante, em Petrolina, tinha hist\u00f3rico de agress\u00f5es e que o pai dele teria ajudado na fuga - Blog do Farn\u00e9sio","robots":{"index":"index","follow":"follow","max-snippet":"max-snippet:-1","max-image-preview":"max-image-preview:large","max-video-preview":"max-video-preview:-1"},"canonical":"https:\/\/blogdofarnesio.com.br\/?p=420428","og_locale":"pt_BR","og_type":"article","og_title":"Delegado diz que adolescente acusado pelo homic\u00eddio do estudante, em Petrolina, tinha hist\u00f3rico de agress\u00f5es e que o pai dele teria ajudado na fuga - Blog do Farn\u00e9sio","og_description":"Em entrevista \u00e0 TV Grande Rio, Gabriel Sapucaia, delegado de homic\u00eddios de Petrolina, Sert\u00e3o de Pernambuco, se manifestou sobre o assassinato do adolescente Kaik Douglas da Silva Rodrigues, 19 anos, morto a golpes de faca, na sa\u00edda da Escola de Refer\u00eancia em Ensino M\u00e9dio (EREMFEM), no bairro Ant\u00f4nio Cassimiro, na noite da \u00faltima quinta-feira (23). De acordo com o delegado, o crime teria sido motivado por um desentendimento anterior entre a v\u00edtima e o autor do crime, que j\u00e1 possui um hist\u00f3rico de agress\u00f5es contra alunos da escola. \u201cJ\u00e1 existia uma desaven\u00e7a entre eles, brigas relacionadas a condi\u00e7\u00e3o de aluno, de escola. E a gente sabe, pelos coment\u00e1rios da popula\u00e7\u00e3o e da localidade da rede de ensino, que esse autor,&hellip;","og_url":"https:\/\/blogdofarnesio.com.br\/?p=420428","og_site_name":"Blog do Farn\u00e9sio","article_publisher":"https:\/\/www.facebook.com\/BlogQuerSaberPolitica\/","article_author":"https:\/\/www.facebook.com\/?ref=tn_tnmn","article_published_time":"2026-04-26T14:00:15+00:00","og_image":[{"width":400,"height":331,"url":"https:\/\/blogdofarnesio.com.br\/wp-content\/uploads\/2026\/04\/blogqsppet-KaikDouglas-morto-na-porta-da-escola-e1777044221987.jpeg","type":"image\/jpeg"}],"author":"Farn\u00e9sio","twitter_card":"summary_large_image","twitter_misc":{"Escrito por":"Farn\u00e9sio","Est. tempo de leitura":"3 minutos"},"schema":{"@context":"https:\/\/schema.org","@graph":[{"@type":"Article","@id":"https:\/\/blogdofarnesio.com.br\/?p=420428#article","isPartOf":{"@id":"https:\/\/blogdofarnesio.com.br\/?p=420428"},"author":{"name":"Farn\u00e9sio","@id":"https:\/\/blogdofarnesio.com.br\/#\/schema\/person\/bb9b23ae3ad0609ce8df7b6c9e76824d"},"headline":"Delegado diz que adolescente acusado pelo homic\u00eddio do estudante, em Petrolina, tinha hist\u00f3rico de agress\u00f5es e que o pai dele teria ajudado na fuga","datePublished":"2026-04-26T14:00:15+00:00","mainEntityOfPage":{"@id":"https:\/\/blogdofarnesio.com.br\/?p=420428"},"wordCount":409,"commentCount":0,"publisher":{"@id":"https:\/\/blogdofarnesio.com.br\/#organization"},"image":{"@id":"https:\/\/blogdofarnesio.com.br\/?p=420428#primaryimage"},"thumbnailUrl":"https:\/\/blogdofarnesio.com.br\/wp-content\/uploads\/2026\/04\/blogqsppet-KaikDouglas-morto-na-porta-da-escola-e1777044221987.jpeg","articleSection":["Pol\u00edcia"],"inLanguage":"pt-BR","potentialAction":[{"@type":"CommentAction","name":"Comment","target":["https:\/\/blogdofarnesio.com.br\/?p=420428#respond"]}]},{"@type":"WebPage","@id":"https:\/\/blogdofarnesio.com.br\/?p=420428","url":"https:\/\/blogdofarnesio.com.br\/?p=420428","name":"Delegado diz que adolescente acusado pelo homic\u00eddio do estudante, em Petrolina, tinha hist\u00f3rico de agress\u00f5es e que o pai dele teria ajudado na fuga - Blog do Farn\u00e9sio","isPartOf":{"@id":"https:\/\/blogdofarnesio.com.br\/#website"},"primaryImageOfPage":{"@id":"https:\/\/blogdofarnesio.com.br\/?p=420428#primaryimage"},"image":{"@id":"https:\/\/blogdofarnesio.com.br\/?p=420428#primaryimage"},"thumbnailUrl":"https:\/\/blogdofarnesio.com.br\/wp-content\/uploads\/2026\/04\/blogqsppet-KaikDouglas-morto-na-porta-da-escola-e1777044221987.jpeg","datePublished":"2026-04-26T14:00:15+00:00","breadcrumb":{"@id":"https:\/\/blogdofarnesio.com.br\/?p=420428#breadcrumb"},"inLanguage":"pt-BR","potentialAction":[{"@type":"ReadAction","target":["https:\/\/blogdofarnesio.com.br\/?p=420428"]}]},{"@type":"ImageObject","inLanguage":"pt-BR","@id":"https:\/\/blogdofarnesio.com.br\/?p=420428#primaryimage","url":"https:\/\/blogdofarnesio.com.br\/wp-content\/uploads\/2026\/04\/blogqsppet-KaikDouglas-morto-na-porta-da-escola-e1777044221987.jpeg","contentUrl":"https:\/\/blogdofarnesio.com.br\/wp-content\/uploads\/2026\/04\/blogqsppet-KaikDouglas-morto-na-porta-da-escola-e1777044221987.jpeg","width":400,"height":331},{"@type":"BreadcrumbList","@id":"https:\/\/blogdofarnesio.com.br\/?p=420428#breadcrumb","itemListElement":[{"@type":"ListItem","position":1,"name":"In\u00edcio","item":"https:\/\/blogdofarnesio.com.br\/"},{"@type":"ListItem","position":2,"name":"Delegado diz que adolescente acusado pelo homic\u00eddio do estudante, em Petrolina, tinha hist\u00f3rico de agress\u00f5es e que o pai dele teria ajudado na fuga"}]},{"@type":"WebSite","@id":"https:\/\/blogdofarnesio.com.br\/#website","url":"https:\/\/blogdofarnesio.com.br\/","name":"Blog do Farn\u00e9sio","description":"Quer Saber Pol\u00edtica?","publisher":{"@id":"https:\/\/blogdofarnesio.com.br\/#organization"},"potentialAction":[{"@type":"SearchAction","target":{"@type":"EntryPoint","urlTemplate":"https:\/\/blogdofarnesio.com.br\/?s={search_term_string}"},"query-input":{"@type":"PropertyValueSpecification","valueRequired":true,"valueName":"search_term_string"}}],"inLanguage":"pt-BR"},{"@type":"Organization","@id":"https:\/\/blogdofarnesio.com.br\/#organization","name":"Blog do Farn\u00e9sio","url":"https:\/\/blogdofarnesio.com.br\/","logo":{"@type":"ImageObject","inLanguage":"pt-BR","@id":"https:\/\/blogdofarnesio.com.br\/#\/schema\/logo\/image\/","url":"https:\/\/blogdofarnesio.com.br\/wp-content\/uploads\/2026\/03\/cropped-logo_new-1.png","contentUrl":"https:\/\/blogdofarnesio.com.br\/wp-content\/uploads\/2026\/03\/cropped-logo_new-1.png","width":881,"height":685,"caption":"Blog do Farn\u00e9sio"},"image":{"@id":"https:\/\/blogdofarnesio.com.br\/#\/schema\/logo\/image\/"},"sameAs":["https:\/\/www.facebook.com\/BlogQuerSaberPolitica\/"]},{"@type":"Person","@id":"https:\/\/blogdofarnesio.com.br\/#\/schema\/person\/bb9b23ae3ad0609ce8df7b6c9e76824d","name":"Farn\u00e9sio","image":{"@type":"ImageObject","inLanguage":"pt-BR","@id":"https:\/\/secure.gravatar.com\/avatar\/986aa4c61ccdb66f8555bf88fc2a65609d00bcabd4d2d94377a727547345cbca?s=96&d=mm&r=g","url":"https:\/\/secure.gravatar.com\/avatar\/986aa4c61ccdb66f8555bf88fc2a65609d00bcabd4d2d94377a727547345cbca?s=96&d=mm&r=g","contentUrl":"https:\/\/secure.gravatar.com\/avatar\/986aa4c61ccdb66f8555bf88fc2a65609d00bcabd4d2d94377a727547345cbca?s=96&d=mm&r=g","caption":"Farn\u00e9sio"},"description":"Radialista blogueiro, chegou a Petrolina\/Juazeiro em setembro de 1980, Farn\u00e9sio Silva \u00e9 de Arapiraca-Alagoas.","sameAs":["http:\/\/blogdofarnesio.com.br","https:\/\/www.facebook.com\/?ref=tn_tnmn","https:\/\/www.instagram.com\/?utm_source=pwa_homescreen","https:\/\/youtube.com.br\/"],"url":"https:\/\/blogdofarnesio.com.br\/?author=2"}]}},"_links":{"self":[{"href":"https:\/\/blogdofarnesio.com.br\/index.php?rest_route=\/wp\/v2\/posts\/420428","targetHints":{"allow":["GET"]}}],"collection":[{"href":"https:\/\/blogdofarnesio.com.br\/index.php?rest_route=\/wp\/v2\/posts"}],"about":[{"href":"https:\/\/blogdofarnesio.com.br\/index.php?rest_route=\/wp\/v2\/types\/post"}],"author":[{"embeddable":true,"href":"https:\/\/blogdofarnesio.com.br\/index.php?rest_route=\/wp\/v2\/users\/2"}],"replies":[{"embeddable":true,"href":"https:\/\/blogdofarnesio.com.br\/index.php?rest_route=%2Fwp%2Fv2%2Fcomments&post=420428"}],"version-history":[{"count":1,"href":"https:\/\/blogdofarnesio.com.br\/index.php?rest_route=\/wp\/v2\/posts\/420428\/revisions"}],"predecessor-version":[{"id":420429,"href":"https:\/\/blogdofarnesio.com.br\/index.php?rest_route=\/wp\/v2\/posts\/420428\/revisions\/420429"}],"wp:featuredmedia":[{"embeddable":true,"href":"https:\/\/blogdofarnesio.com.br\/index.php?rest_route=\/wp\/v2\/media\/420293"}],"wp:attachment":[{"href":"https:\/\/blogdofarnesio.com.br\/index.php?rest_route=%2Fwp%2Fv2%2Fmedia&parent=420428"}],"wp:term":[{"taxonomy":"category","embeddable":true,"href":"https:\/\/blogdofarnesio.com.br\/index.php?rest_route=%2Fwp%2Fv2%2Fcategories&post=420428"},{"taxonomy":"post_tag","embeddable":true,"href":"https:\/\/blogdofarnesio.com.br\/index.php?rest_route=%2Fwp%2Fv2%2Ftags&post=420428"}],"curies":[{"name":"wp","href":"https:\/\/api.w.org\/{rel}","templated":true}]}}