{"id":420423,"date":"2026-04-26T14:00:44","date_gmt":"2026-04-26T17:00:44","guid":{"rendered":"https:\/\/blogdofarnesio.com.br\/?p=420423"},"modified":"2026-04-26T10:57:59","modified_gmt":"2026-04-26T13:57:59","slug":"elisson-castro-leva-forro-romantico-a-3a-edicao-do-sao-joao-do-ismep-em-prol-do-hospital-do-cancer-do-sertao-do-araripe","status":"publish","type":"post","link":"https:\/\/blogdofarnesio.com.br\/?p=420423","title":{"rendered":"Elisson Castro vai levar forr\u00f3 rom\u00e2ntico \u00e0 3\u00aa edi\u00e7\u00e3o  do S\u00e3o Jo\u00e3o do Ismep em prol do Hospital do C\u00e2ncer do Sert\u00e3o do Araripe"},"content":{"rendered":"<p style=\"font-weight: 400;\">O cantor e sanfoneiro Elisson Castro \u00e9 um dos artistas volunt\u00e1rios da 3\u00aa edi\u00e7\u00e3o do S\u00e3o Jo\u00e3o do Ismep que acontecer\u00e1 na sexta-feira, dia 08 de maio, \u00e0s 19h, na Casa de Shows Z\u00e9 Matuto em Petrolina. O evento tem como objetivo arrecadar recursos para o Hospital do C\u00e2ncer do Sert\u00e3o Araripe (HCSA) que est\u00e1 em constru\u00e7\u00e3o na cidade de Araripina.<\/p>\n<p style=\"font-weight: 400;\">Com 46 anos de idade e 30 de carreira, Elisson Castro abra\u00e7ou a causa do HCSA no ano passado, compreendendo a import\u00e2ncia do hospital para todo o estado de Pernambuco no tratamento do c\u00e2ncer. Artista carism\u00e1tico e rom\u00e2ntico,<strong>\u00a0\u00a0<\/strong>Elisson conquistou o p\u00fablico como vocalista do Forr\u00f3 Pega Leve e tem uma carreira consolidada na m\u00fasica.<\/p>\n<p style=\"font-weight: 400;\">Al\u00e9m de Elisson Castro, s\u00e3o atra\u00e7\u00f5es do evento: o sanfoneiro S\u00e9rgio do Forr\u00f3, Ad\u00e3ozinho de Rajada e Katin, Breno Landim e Keu Dantas. Os ingressos custam 40 reais e podem ser adquiridos no Centro Social Pio XI, localizado \u00e0 Travessa S\u00e3o Francisco, 265 e na loja Monjoia, \u00a0no centro da cidade.<\/p>\n<p style=\"font-weight: 400;\"><strong>Hospital do C\u00e2ncer do Sert\u00e3o Araripe<\/strong><\/p>\n<p style=\"font-weight: 400;\">Atendendo pacientes de Pernambuco e do Piau\u00ed, o HCSA tem atendimento de ambulat\u00f3rio, urg\u00eancia, interna\u00e7\u00e3o, quimioterapia, oncologia cl\u00ednica e cir\u00fargica, 10 consult\u00f3rios m\u00e9dicos e uma estrutura avan\u00e7ada para atendimento oncol\u00f3gico, incluindo uma sala de quimioterapia, um equipamento de cintilografia, al\u00e9m de poltronas, gerador de energia el\u00e9trica e aparelho de raio-X.\u00a0 A unidade est\u00e1 sendo instalada no pr\u00e9dio onde antes funcionava o hotel municipal, atualmente em fase de restaura\u00e7\u00e3o.<\/p>\n<p style=\"font-weight: 400;\">Foto: ACERVO DO ARTISTA<\/p>\n<p style=\"font-weight: 400;\">Assessoria de Comunica\u00e7\u00e3o do ISMEP<\/p>\n","protected":false},"excerpt":{"rendered":"<p>O cantor e sanfoneiro Elisson Castro \u00e9 um dos artistas volunt\u00e1rios da 3\u00aa edi\u00e7\u00e3o do S\u00e3o Jo\u00e3o do Ismep que acontecer\u00e1 na sexta-feira, dia 08 de maio, \u00e0s 19h, na Casa de Shows Z\u00e9 Matuto em Petrolina. O evento tem como objetivo arrecadar recursos para o Hospital do C\u00e2ncer do Sert\u00e3o Araripe (HCSA) que est\u00e1 em constru\u00e7\u00e3o na cidade de Araripina. Com 46 anos de idade e 30 de carreira, Elisson Castro abra\u00e7ou a causa do HCSA no ano passado, compreendendo a import\u00e2ncia do hospital para todo o estado de Pernambuco no tratamento do c\u00e2ncer. Artista carism\u00e1tico e rom\u00e2ntico,\u00a0\u00a0Elisson conquistou o p\u00fablico como vocalista do Forr\u00f3 Pega Leve e tem uma carreira consolidada na m\u00fasica. Al\u00e9m de Elisson Castro, s\u00e3o&hellip; <\/p>\n","protected":false},"author":2,"featured_media":420425,"comment_status":"open","ping_status":"open","sticky":false,"template":"","format":"standard","meta":{"_acf_changed":false,"footnotes":""},"categories":[22],"tags":[],"class_list":["post-420423","post","type-post","status-publish","format-standard","has-post-thumbnail","hentry","category-acao-social"],"acf":[],"yoast_head":"<!-- This site is optimized with the Yoast SEO plugin v27.4 - https:\/\/yoast.com\/product\/yoast-seo-wordpress\/ -->\n<title>Elisson Castro vai levar forr\u00f3 rom\u00e2ntico \u00e0 3\u00aa edi\u00e7\u00e3o do S\u00e3o Jo\u00e3o do Ismep em prol do Hospital do C\u00e2ncer do Sert\u00e3o do Araripe - Blog do Farn\u00e9sio<\/title>\n<meta name=\"robots\" content=\"index, follow, max-snippet:-1, max-image-preview:large, max-video-preview:-1\" \/>\n<link rel=\"canonical\" href=\"https:\/\/blogdofarnesio.com.br\/?p=420423\" \/>\n<meta property=\"og:locale\" content=\"pt_BR\" \/>\n<meta property=\"og:type\" content=\"article\" \/>\n<meta property=\"og:title\" content=\"Elisson Castro vai levar forr\u00f3 rom\u00e2ntico \u00e0 3\u00aa edi\u00e7\u00e3o do S\u00e3o Jo\u00e3o do Ismep em prol do Hospital do C\u00e2ncer do Sert\u00e3o do Araripe - Blog do Farn\u00e9sio\" \/>\n<meta property=\"og:description\" content=\"O cantor e sanfoneiro Elisson Castro \u00e9 um dos artistas volunt\u00e1rios da 3\u00aa edi\u00e7\u00e3o do S\u00e3o Jo\u00e3o do Ismep que acontecer\u00e1 na sexta-feira, dia 08 de maio, \u00e0s 19h, na Casa de Shows Z\u00e9 Matuto em Petrolina. O evento tem como objetivo arrecadar recursos para o Hospital do C\u00e2ncer do Sert\u00e3o Araripe (HCSA) que est\u00e1 em constru\u00e7\u00e3o na cidade de Araripina. Com 46 anos de idade e 30 de carreira, Elisson Castro abra\u00e7ou a causa do HCSA no ano passado, compreendendo a import\u00e2ncia do hospital para todo o estado de Pernambuco no tratamento do c\u00e2ncer. Artista carism\u00e1tico e rom\u00e2ntico,\u00a0\u00a0Elisson conquistou o p\u00fablico como vocalista do Forr\u00f3 Pega Leve e tem uma carreira consolidada na m\u00fasica. Al\u00e9m de Elisson Castro, s\u00e3o&hellip;\" \/>\n<meta property=\"og:url\" content=\"https:\/\/blogdofarnesio.com.br\/?p=420423\" \/>\n<meta property=\"og:site_name\" content=\"Blog do Farn\u00e9sio\" \/>\n<meta property=\"article:publisher\" content=\"https:\/\/www.facebook.com\/BlogQuerSaberPolitica\/\" \/>\n<meta property=\"article:author\" content=\"https:\/\/www.facebook.com\/?ref=tn_tnmn\" \/>\n<meta property=\"article:published_time\" content=\"2026-04-26T17:00:44+00:00\" \/>\n<meta property=\"og:image\" content=\"https:\/\/blogdofarnesio.com.br\/wp-content\/uploads\/2026\/04\/ELISSON-CASTRO-SAO-JOAO-ISMEP-e1777205106504.jpg\" \/>\n\t<meta property=\"og:image:width\" content=\"627\" \/>\n\t<meta property=\"og:image:height\" content=\"481\" \/>\n\t<meta property=\"og:image:type\" content=\"image\/jpeg\" \/>\n<meta name=\"author\" content=\"Farn\u00e9sio\" \/>\n<meta name=\"twitter:card\" content=\"summary_large_image\" \/>\n<meta name=\"twitter:label1\" content=\"Escrito por\" \/>\n\t<meta name=\"twitter:data1\" content=\"Farn\u00e9sio\" \/>\n\t<meta name=\"twitter:label2\" content=\"Est. tempo de leitura\" \/>\n\t<meta name=\"twitter:data2\" content=\"2 minutos\" \/>\n<script type=\"application\/ld+json\" class=\"yoast-schema-graph\">{\"@context\":\"https:\\\/\\\/schema.org\",\"@graph\":[{\"@type\":\"Article\",\"@id\":\"https:\\\/\\\/blogdofarnesio.com.br\\\/?p=420423#article\",\"isPartOf\":{\"@id\":\"https:\\\/\\\/blogdofarnesio.com.br\\\/?p=420423\"},\"author\":{\"name\":\"Farn\u00e9sio\",\"@id\":\"https:\\\/\\\/blogdofarnesio.com.br\\\/#\\\/schema\\\/person\\\/bb9b23ae3ad0609ce8df7b6c9e76824d\"},\"headline\":\"Elisson Castro vai levar forr\u00f3 rom\u00e2ntico \u00e0 3\u00aa edi\u00e7\u00e3o do S\u00e3o Jo\u00e3o do Ismep em prol do Hospital do C\u00e2ncer do Sert\u00e3o do Araripe\",\"datePublished\":\"2026-04-26T17:00:44+00:00\",\"mainEntityOfPage\":{\"@id\":\"https:\\\/\\\/blogdofarnesio.com.br\\\/?p=420423\"},\"wordCount\":305,\"commentCount\":0,\"publisher\":{\"@id\":\"https:\\\/\\\/blogdofarnesio.com.br\\\/#organization\"},\"image\":{\"@id\":\"https:\\\/\\\/blogdofarnesio.com.br\\\/?p=420423#primaryimage\"},\"thumbnailUrl\":\"https:\\\/\\\/blogdofarnesio.com.br\\\/wp-content\\\/uploads\\\/2026\\\/04\\\/ELISSON-CASTRO-SAO-JOAO-ISMEP-e1777205106504.jpg\",\"articleSection\":[\"A\u00e7\u00e3o Social\"],\"inLanguage\":\"pt-BR\",\"potentialAction\":[{\"@type\":\"CommentAction\",\"name\":\"Comment\",\"target\":[\"https:\\\/\\\/blogdofarnesio.com.br\\\/?p=420423#respond\"]}]},{\"@type\":\"WebPage\",\"@id\":\"https:\\\/\\\/blogdofarnesio.com.br\\\/?p=420423\",\"url\":\"https:\\\/\\\/blogdofarnesio.com.br\\\/?p=420423\",\"name\":\"Elisson Castro vai levar forr\u00f3 rom\u00e2ntico \u00e0 3\u00aa edi\u00e7\u00e3o do S\u00e3o Jo\u00e3o do Ismep em prol do Hospital do C\u00e2ncer do Sert\u00e3o do Araripe - Blog do Farn\u00e9sio\",\"isPartOf\":{\"@id\":\"https:\\\/\\\/blogdofarnesio.com.br\\\/#website\"},\"primaryImageOfPage\":{\"@id\":\"https:\\\/\\\/blogdofarnesio.com.br\\\/?p=420423#primaryimage\"},\"image\":{\"@id\":\"https:\\\/\\\/blogdofarnesio.com.br\\\/?p=420423#primaryimage\"},\"thumbnailUrl\":\"https:\\\/\\\/blogdofarnesio.com.br\\\/wp-content\\\/uploads\\\/2026\\\/04\\\/ELISSON-CASTRO-SAO-JOAO-ISMEP-e1777205106504.jpg\",\"datePublished\":\"2026-04-26T17:00:44+00:00\",\"breadcrumb\":{\"@id\":\"https:\\\/\\\/blogdofarnesio.com.br\\\/?p=420423#breadcrumb\"},\"inLanguage\":\"pt-BR\",\"potentialAction\":[{\"@type\":\"ReadAction\",\"target\":[\"https:\\\/\\\/blogdofarnesio.com.br\\\/?p=420423\"]}]},{\"@type\":\"ImageObject\",\"inLanguage\":\"pt-BR\",\"@id\":\"https:\\\/\\\/blogdofarnesio.com.br\\\/?p=420423#primaryimage\",\"url\":\"https:\\\/\\\/blogdofarnesio.com.br\\\/wp-content\\\/uploads\\\/2026\\\/04\\\/ELISSON-CASTRO-SAO-JOAO-ISMEP-e1777205106504.jpg\",\"contentUrl\":\"https:\\\/\\\/blogdofarnesio.com.br\\\/wp-content\\\/uploads\\\/2026\\\/04\\\/ELISSON-CASTRO-SAO-JOAO-ISMEP-e1777205106504.jpg\",\"width\":627,\"height\":481},{\"@type\":\"BreadcrumbList\",\"@id\":\"https:\\\/\\\/blogdofarnesio.com.br\\\/?p=420423#breadcrumb\",\"itemListElement\":[{\"@type\":\"ListItem\",\"position\":1,\"name\":\"In\u00edcio\",\"item\":\"https:\\\/\\\/blogdofarnesio.com.br\\\/\"},{\"@type\":\"ListItem\",\"position\":2,\"name\":\"Elisson Castro vai levar forr\u00f3 rom\u00e2ntico \u00e0 3\u00aa edi\u00e7\u00e3o do S\u00e3o Jo\u00e3o do Ismep em prol do Hospital do C\u00e2ncer do Sert\u00e3o do Araripe\"}]},{\"@type\":\"WebSite\",\"@id\":\"https:\\\/\\\/blogdofarnesio.com.br\\\/#website\",\"url\":\"https:\\\/\\\/blogdofarnesio.com.br\\\/\",\"name\":\"Blog do Farn\u00e9sio\",\"description\":\"Quer Saber Pol\u00edtica?\",\"publisher\":{\"@id\":\"https:\\\/\\\/blogdofarnesio.com.br\\\/#organization\"},\"potentialAction\":[{\"@type\":\"SearchAction\",\"target\":{\"@type\":\"EntryPoint\",\"urlTemplate\":\"https:\\\/\\\/blogdofarnesio.com.br\\\/?s={search_term_string}\"},\"query-input\":{\"@type\":\"PropertyValueSpecification\",\"valueRequired\":true,\"valueName\":\"search_term_string\"}}],\"inLanguage\":\"pt-BR\"},{\"@type\":\"Organization\",\"@id\":\"https:\\\/\\\/blogdofarnesio.com.br\\\/#organization\",\"name\":\"Blog do Farn\u00e9sio\",\"url\":\"https:\\\/\\\/blogdofarnesio.com.br\\\/\",\"logo\":{\"@type\":\"ImageObject\",\"inLanguage\":\"pt-BR\",\"@id\":\"https:\\\/\\\/blogdofarnesio.com.br\\\/#\\\/schema\\\/logo\\\/image\\\/\",\"url\":\"https:\\\/\\\/blogdofarnesio.com.br\\\/wp-content\\\/uploads\\\/2026\\\/03\\\/cropped-logo_new-1.png\",\"contentUrl\":\"https:\\\/\\\/blogdofarnesio.com.br\\\/wp-content\\\/uploads\\\/2026\\\/03\\\/cropped-logo_new-1.png\",\"width\":881,\"height\":685,\"caption\":\"Blog do Farn\u00e9sio\"},\"image\":{\"@id\":\"https:\\\/\\\/blogdofarnesio.com.br\\\/#\\\/schema\\\/logo\\\/image\\\/\"},\"sameAs\":[\"https:\\\/\\\/www.facebook.com\\\/BlogQuerSaberPolitica\\\/\"]},{\"@type\":\"Person\",\"@id\":\"https:\\\/\\\/blogdofarnesio.com.br\\\/#\\\/schema\\\/person\\\/bb9b23ae3ad0609ce8df7b6c9e76824d\",\"name\":\"Farn\u00e9sio\",\"image\":{\"@type\":\"ImageObject\",\"inLanguage\":\"pt-BR\",\"@id\":\"https:\\\/\\\/secure.gravatar.com\\\/avatar\\\/986aa4c61ccdb66f8555bf88fc2a65609d00bcabd4d2d94377a727547345cbca?s=96&d=mm&r=g\",\"url\":\"https:\\\/\\\/secure.gravatar.com\\\/avatar\\\/986aa4c61ccdb66f8555bf88fc2a65609d00bcabd4d2d94377a727547345cbca?s=96&d=mm&r=g\",\"contentUrl\":\"https:\\\/\\\/secure.gravatar.com\\\/avatar\\\/986aa4c61ccdb66f8555bf88fc2a65609d00bcabd4d2d94377a727547345cbca?s=96&d=mm&r=g\",\"caption\":\"Farn\u00e9sio\"},\"description\":\"Radialista blogueiro, chegou a Petrolina\\\/Juazeiro em setembro de 1980, Farn\u00e9sio Silva \u00e9 de Arapiraca-Alagoas.\",\"sameAs\":[\"http:\\\/\\\/blogdofarnesio.com.br\",\"https:\\\/\\\/www.facebook.com\\\/?ref=tn_tnmn\",\"https:\\\/\\\/www.instagram.com\\\/?utm_source=pwa_homescreen\",\"https:\\\/\\\/youtube.com.br\\\/\"],\"url\":\"https:\\\/\\\/blogdofarnesio.com.br\\\/?author=2\"}]}<\/script>\n<!-- \/ Yoast SEO plugin. -->","yoast_head_json":{"title":"Elisson Castro vai levar forr\u00f3 rom\u00e2ntico \u00e0 3\u00aa edi\u00e7\u00e3o do S\u00e3o Jo\u00e3o do Ismep em prol do Hospital do C\u00e2ncer do Sert\u00e3o do Araripe - Blog do Farn\u00e9sio","robots":{"index":"index","follow":"follow","max-snippet":"max-snippet:-1","max-image-preview":"max-image-preview:large","max-video-preview":"max-video-preview:-1"},"canonical":"https:\/\/blogdofarnesio.com.br\/?p=420423","og_locale":"pt_BR","og_type":"article","og_title":"Elisson Castro vai levar forr\u00f3 rom\u00e2ntico \u00e0 3\u00aa edi\u00e7\u00e3o do S\u00e3o Jo\u00e3o do Ismep em prol do Hospital do C\u00e2ncer do Sert\u00e3o do Araripe - Blog do Farn\u00e9sio","og_description":"O cantor e sanfoneiro Elisson Castro \u00e9 um dos artistas volunt\u00e1rios da 3\u00aa edi\u00e7\u00e3o do S\u00e3o Jo\u00e3o do Ismep que acontecer\u00e1 na sexta-feira, dia 08 de maio, \u00e0s 19h, na Casa de Shows Z\u00e9 Matuto em Petrolina. O evento tem como objetivo arrecadar recursos para o Hospital do C\u00e2ncer do Sert\u00e3o Araripe (HCSA) que est\u00e1 em constru\u00e7\u00e3o na cidade de Araripina. Com 46 anos de idade e 30 de carreira, Elisson Castro abra\u00e7ou a causa do HCSA no ano passado, compreendendo a import\u00e2ncia do hospital para todo o estado de Pernambuco no tratamento do c\u00e2ncer. Artista carism\u00e1tico e rom\u00e2ntico,\u00a0\u00a0Elisson conquistou o p\u00fablico como vocalista do Forr\u00f3 Pega Leve e tem uma carreira consolidada na m\u00fasica. Al\u00e9m de Elisson Castro, s\u00e3o&hellip;","og_url":"https:\/\/blogdofarnesio.com.br\/?p=420423","og_site_name":"Blog do Farn\u00e9sio","article_publisher":"https:\/\/www.facebook.com\/BlogQuerSaberPolitica\/","article_author":"https:\/\/www.facebook.com\/?ref=tn_tnmn","article_published_time":"2026-04-26T17:00:44+00:00","og_image":[{"width":627,"height":481,"url":"https:\/\/blogdofarnesio.com.br\/wp-content\/uploads\/2026\/04\/ELISSON-CASTRO-SAO-JOAO-ISMEP-e1777205106504.jpg","type":"image\/jpeg"}],"author":"Farn\u00e9sio","twitter_card":"summary_large_image","twitter_misc":{"Escrito por":"Farn\u00e9sio","Est. tempo de leitura":"2 minutos"},"schema":{"@context":"https:\/\/schema.org","@graph":[{"@type":"Article","@id":"https:\/\/blogdofarnesio.com.br\/?p=420423#article","isPartOf":{"@id":"https:\/\/blogdofarnesio.com.br\/?p=420423"},"author":{"name":"Farn\u00e9sio","@id":"https:\/\/blogdofarnesio.com.br\/#\/schema\/person\/bb9b23ae3ad0609ce8df7b6c9e76824d"},"headline":"Elisson Castro vai levar forr\u00f3 rom\u00e2ntico \u00e0 3\u00aa edi\u00e7\u00e3o do S\u00e3o Jo\u00e3o do Ismep em prol do Hospital do C\u00e2ncer do Sert\u00e3o do Araripe","datePublished":"2026-04-26T17:00:44+00:00","mainEntityOfPage":{"@id":"https:\/\/blogdofarnesio.com.br\/?p=420423"},"wordCount":305,"commentCount":0,"publisher":{"@id":"https:\/\/blogdofarnesio.com.br\/#organization"},"image":{"@id":"https:\/\/blogdofarnesio.com.br\/?p=420423#primaryimage"},"thumbnailUrl":"https:\/\/blogdofarnesio.com.br\/wp-content\/uploads\/2026\/04\/ELISSON-CASTRO-SAO-JOAO-ISMEP-e1777205106504.jpg","articleSection":["A\u00e7\u00e3o Social"],"inLanguage":"pt-BR","potentialAction":[{"@type":"CommentAction","name":"Comment","target":["https:\/\/blogdofarnesio.com.br\/?p=420423#respond"]}]},{"@type":"WebPage","@id":"https:\/\/blogdofarnesio.com.br\/?p=420423","url":"https:\/\/blogdofarnesio.com.br\/?p=420423","name":"Elisson Castro vai levar forr\u00f3 rom\u00e2ntico \u00e0 3\u00aa edi\u00e7\u00e3o do S\u00e3o Jo\u00e3o do Ismep em prol do Hospital do C\u00e2ncer do Sert\u00e3o do Araripe - Blog do Farn\u00e9sio","isPartOf":{"@id":"https:\/\/blogdofarnesio.com.br\/#website"},"primaryImageOfPage":{"@id":"https:\/\/blogdofarnesio.com.br\/?p=420423#primaryimage"},"image":{"@id":"https:\/\/blogdofarnesio.com.br\/?p=420423#primaryimage"},"thumbnailUrl":"https:\/\/blogdofarnesio.com.br\/wp-content\/uploads\/2026\/04\/ELISSON-CASTRO-SAO-JOAO-ISMEP-e1777205106504.jpg","datePublished":"2026-04-26T17:00:44+00:00","breadcrumb":{"@id":"https:\/\/blogdofarnesio.com.br\/?p=420423#breadcrumb"},"inLanguage":"pt-BR","potentialAction":[{"@type":"ReadAction","target":["https:\/\/blogdofarnesio.com.br\/?p=420423"]}]},{"@type":"ImageObject","inLanguage":"pt-BR","@id":"https:\/\/blogdofarnesio.com.br\/?p=420423#primaryimage","url":"https:\/\/blogdofarnesio.com.br\/wp-content\/uploads\/2026\/04\/ELISSON-CASTRO-SAO-JOAO-ISMEP-e1777205106504.jpg","contentUrl":"https:\/\/blogdofarnesio.com.br\/wp-content\/uploads\/2026\/04\/ELISSON-CASTRO-SAO-JOAO-ISMEP-e1777205106504.jpg","width":627,"height":481},{"@type":"BreadcrumbList","@id":"https:\/\/blogdofarnesio.com.br\/?p=420423#breadcrumb","itemListElement":[{"@type":"ListItem","position":1,"name":"In\u00edcio","item":"https:\/\/blogdofarnesio.com.br\/"},{"@type":"ListItem","position":2,"name":"Elisson Castro vai levar forr\u00f3 rom\u00e2ntico \u00e0 3\u00aa edi\u00e7\u00e3o do S\u00e3o Jo\u00e3o do Ismep em prol do Hospital do C\u00e2ncer do Sert\u00e3o do Araripe"}]},{"@type":"WebSite","@id":"https:\/\/blogdofarnesio.com.br\/#website","url":"https:\/\/blogdofarnesio.com.br\/","name":"Blog do Farn\u00e9sio","description":"Quer Saber Pol\u00edtica?","publisher":{"@id":"https:\/\/blogdofarnesio.com.br\/#organization"},"potentialAction":[{"@type":"SearchAction","target":{"@type":"EntryPoint","urlTemplate":"https:\/\/blogdofarnesio.com.br\/?s={search_term_string}"},"query-input":{"@type":"PropertyValueSpecification","valueRequired":true,"valueName":"search_term_string"}}],"inLanguage":"pt-BR"},{"@type":"Organization","@id":"https:\/\/blogdofarnesio.com.br\/#organization","name":"Blog do Farn\u00e9sio","url":"https:\/\/blogdofarnesio.com.br\/","logo":{"@type":"ImageObject","inLanguage":"pt-BR","@id":"https:\/\/blogdofarnesio.com.br\/#\/schema\/logo\/image\/","url":"https:\/\/blogdofarnesio.com.br\/wp-content\/uploads\/2026\/03\/cropped-logo_new-1.png","contentUrl":"https:\/\/blogdofarnesio.com.br\/wp-content\/uploads\/2026\/03\/cropped-logo_new-1.png","width":881,"height":685,"caption":"Blog do Farn\u00e9sio"},"image":{"@id":"https:\/\/blogdofarnesio.com.br\/#\/schema\/logo\/image\/"},"sameAs":["https:\/\/www.facebook.com\/BlogQuerSaberPolitica\/"]},{"@type":"Person","@id":"https:\/\/blogdofarnesio.com.br\/#\/schema\/person\/bb9b23ae3ad0609ce8df7b6c9e76824d","name":"Farn\u00e9sio","image":{"@type":"ImageObject","inLanguage":"pt-BR","@id":"https:\/\/secure.gravatar.com\/avatar\/986aa4c61ccdb66f8555bf88fc2a65609d00bcabd4d2d94377a727547345cbca?s=96&d=mm&r=g","url":"https:\/\/secure.gravatar.com\/avatar\/986aa4c61ccdb66f8555bf88fc2a65609d00bcabd4d2d94377a727547345cbca?s=96&d=mm&r=g","contentUrl":"https:\/\/secure.gravatar.com\/avatar\/986aa4c61ccdb66f8555bf88fc2a65609d00bcabd4d2d94377a727547345cbca?s=96&d=mm&r=g","caption":"Farn\u00e9sio"},"description":"Radialista blogueiro, chegou a Petrolina\/Juazeiro em setembro de 1980, Farn\u00e9sio Silva \u00e9 de Arapiraca-Alagoas.","sameAs":["http:\/\/blogdofarnesio.com.br","https:\/\/www.facebook.com\/?ref=tn_tnmn","https:\/\/www.instagram.com\/?utm_source=pwa_homescreen","https:\/\/youtube.com.br\/"],"url":"https:\/\/blogdofarnesio.com.br\/?author=2"}]}},"_links":{"self":[{"href":"https:\/\/blogdofarnesio.com.br\/index.php?rest_route=\/wp\/v2\/posts\/420423","targetHints":{"allow":["GET"]}}],"collection":[{"href":"https:\/\/blogdofarnesio.com.br\/index.php?rest_route=\/wp\/v2\/posts"}],"about":[{"href":"https:\/\/blogdofarnesio.com.br\/index.php?rest_route=\/wp\/v2\/types\/post"}],"author":[{"embeddable":true,"href":"https:\/\/blogdofarnesio.com.br\/index.php?rest_route=\/wp\/v2\/users\/2"}],"replies":[{"embeddable":true,"href":"https:\/\/blogdofarnesio.com.br\/index.php?rest_route=%2Fwp%2Fv2%2Fcomments&post=420423"}],"version-history":[{"count":2,"href":"https:\/\/blogdofarnesio.com.br\/index.php?rest_route=\/wp\/v2\/posts\/420423\/revisions"}],"predecessor-version":[{"id":420430,"href":"https:\/\/blogdofarnesio.com.br\/index.php?rest_route=\/wp\/v2\/posts\/420423\/revisions\/420430"}],"wp:featuredmedia":[{"embeddable":true,"href":"https:\/\/blogdofarnesio.com.br\/index.php?rest_route=\/wp\/v2\/media\/420425"}],"wp:attachment":[{"href":"https:\/\/blogdofarnesio.com.br\/index.php?rest_route=%2Fwp%2Fv2%2Fmedia&parent=420423"}],"wp:term":[{"taxonomy":"category","embeddable":true,"href":"https:\/\/blogdofarnesio.com.br\/index.php?rest_route=%2Fwp%2Fv2%2Fcategories&post=420423"},{"taxonomy":"post_tag","embeddable":true,"href":"https:\/\/blogdofarnesio.com.br\/index.php?rest_route=%2Fwp%2Fv2%2Ftags&post=420423"}],"curies":[{"name":"wp","href":"https:\/\/api.w.org\/{rel}","templated":true}]}}