{"id":420419,"date":"2026-04-27T09:43:42","date_gmt":"2026-04-27T12:43:42","guid":{"rendered":"https:\/\/blogdofarnesio.com.br\/?p=420419"},"modified":"2026-04-26T08:51:28","modified_gmt":"2026-04-26T11:51:28","slug":"confira-o-novo-percurso-da-40a-edicao-da-meia-maratona-tiradentes","status":"publish","type":"post","link":"https:\/\/blogdofarnesio.com.br\/?p=420419","title":{"rendered":"Confira o novo percurso da 40\u00aa edi\u00e7\u00e3o da Meia Maratona Tiradentes"},"content":{"rendered":"<p>A Meia Maratona Tiradentes chega \u00e0 sua 40\u00aa edi\u00e7\u00e3o consolidada como uma das principais provas do calend\u00e1rio esportivo de Juazeiro (BA). Neste ano, a corrida contar\u00e1 com novos percursos e uma programa\u00e7\u00e3o especial, incluindo show musical e estrutura de acolhimento para os atletas no p\u00f3s-prova.<\/p>\n<p>A prova principal, de 21 km, ter\u00e1 largada \u00e0s 5h30, dentro da Agrovale. O percurso segue pela regi\u00e3o da CEASA, acessa a BR-210, passa pela Uneb, Col\u00e9gio Shalom e Arena Nixon, seguindo pela Avenida Adolfo Viana at\u00e9 a Orla. A chegada ser\u00e1 na Orla II.<\/p>\n<p>J\u00e1 o percurso de 5 km ter\u00e1 largada \u00e0s 6h, no Vaporzinho. Os corredores seguem pela Orla, acessam a Avenida Adolfo Viana, passam pela regi\u00e3o do INSS e da academia Smart Fit, fazem o retorno e finalizam a prova na Orla II.<\/p>\n<p>A programa\u00e7\u00e3o do evento segue ao longo da manh\u00e3, com show do artista Xand\u00e3o, previsto para as 7h30, e a cerim\u00f4nia de premia\u00e7\u00e3o, \u00e0s 8h.<\/p>\n<p>Para garantir o deslocamento dos atletas que participar\u00e3o da prova de 21 km, ser\u00e1 disponibilizado transporte com sa\u00edda \u00e0s 4h20 da manh\u00e3, do Centro de Cultura Jo\u00e3o Gilberto, com destino \u00e0 Agrovale, local da largada.<\/p>\n<p>Al\u00e9m da competi\u00e7\u00e3o, a organiza\u00e7\u00e3o preparou um espa\u00e7o especial de p\u00f3s-prova, montado na Orla II, com estrutura de recovery, ativa\u00e7\u00f5es e buffet voltado aos atletas, promovendo acolhimento e recupera\u00e7\u00e3o ap\u00f3s a corrida.<\/p>\n<p>O novo percurso e toda a log\u00edstica do evento foram definidos em conjunto com \u00f3rg\u00e3os de seguran\u00e7a, tr\u00e2nsito e secretarias municipais, com o objetivo de garantir uma experi\u00eancia segura, organizada e confort\u00e1vel para os participantes e para a popula\u00e7\u00e3o.<\/p>\n<p>A 40\u00aa Meia Maratona Tiradentes \u00e9 realizada pela Prefeitura de Juazeiro, por meio da Secretaria de Cultura, Turismo e Esportes (Seculte).<\/p>\n<p>__<\/p>\n","protected":false},"excerpt":{"rendered":"<p>A Meia Maratona Tiradentes chega \u00e0 sua 40\u00aa edi\u00e7\u00e3o consolidada como uma das principais provas do calend\u00e1rio esportivo de Juazeiro (BA). Neste ano, a corrida contar\u00e1 com novos percursos e uma programa\u00e7\u00e3o especial, incluindo show musical e estrutura de acolhimento para os atletas no p\u00f3s-prova. A prova principal, de 21 km, ter\u00e1 largada \u00e0s 5h30, dentro da Agrovale. O percurso segue pela regi\u00e3o da CEASA, acessa a BR-210, passa pela Uneb, Col\u00e9gio Shalom e Arena Nixon, seguindo pela Avenida Adolfo Viana at\u00e9 a Orla. A chegada ser\u00e1 na Orla II. J\u00e1 o percurso de 5 km ter\u00e1 largada \u00e0s 6h, no Vaporzinho. Os corredores seguem pela Orla, acessam a Avenida Adolfo Viana, passam pela regi\u00e3o do INSS e da academia&hellip; <\/p>\n","protected":false},"author":2,"featured_media":420415,"comment_status":"open","ping_status":"open","sticky":false,"template":"","format":"standard","meta":{"_acf_changed":false,"footnotes":""},"categories":[8],"tags":[],"class_list":["post-420419","post","type-post","status-publish","format-standard","has-post-thumbnail","hentry","category-esportes"],"acf":[],"yoast_head":"<!-- This site is optimized with the Yoast SEO plugin v27.4 - https:\/\/yoast.com\/product\/yoast-seo-wordpress\/ -->\n<title>Confira o novo percurso da 40\u00aa edi\u00e7\u00e3o da Meia Maratona Tiradentes - Blog do Farn\u00e9sio<\/title>\n<meta name=\"robots\" content=\"index, follow, max-snippet:-1, max-image-preview:large, max-video-preview:-1\" \/>\n<link rel=\"canonical\" href=\"https:\/\/blogdofarnesio.com.br\/?p=420419\" \/>\n<meta property=\"og:locale\" content=\"pt_BR\" \/>\n<meta property=\"og:type\" content=\"article\" \/>\n<meta property=\"og:title\" content=\"Confira o novo percurso da 40\u00aa edi\u00e7\u00e3o da Meia Maratona Tiradentes - Blog do Farn\u00e9sio\" \/>\n<meta property=\"og:description\" content=\"A Meia Maratona Tiradentes chega \u00e0 sua 40\u00aa edi\u00e7\u00e3o consolidada como uma das principais provas do calend\u00e1rio esportivo de Juazeiro (BA). Neste ano, a corrida contar\u00e1 com novos percursos e uma programa\u00e7\u00e3o especial, incluindo show musical e estrutura de acolhimento para os atletas no p\u00f3s-prova. A prova principal, de 21 km, ter\u00e1 largada \u00e0s 5h30, dentro da Agrovale. O percurso segue pela regi\u00e3o da CEASA, acessa a BR-210, passa pela Uneb, Col\u00e9gio Shalom e Arena Nixon, seguindo pela Avenida Adolfo Viana at\u00e9 a Orla. A chegada ser\u00e1 na Orla II. J\u00e1 o percurso de 5 km ter\u00e1 largada \u00e0s 6h, no Vaporzinho. Os corredores seguem pela Orla, acessam a Avenida Adolfo Viana, passam pela regi\u00e3o do INSS e da academia&hellip;\" \/>\n<meta property=\"og:url\" content=\"https:\/\/blogdofarnesio.com.br\/?p=420419\" \/>\n<meta property=\"og:site_name\" content=\"Blog do Farn\u00e9sio\" \/>\n<meta property=\"article:publisher\" content=\"https:\/\/www.facebook.com\/BlogQuerSaberPolitica\/\" \/>\n<meta property=\"article:author\" content=\"https:\/\/www.facebook.com\/?ref=tn_tnmn\" \/>\n<meta property=\"article:published_time\" content=\"2026-04-27T12:43:42+00:00\" \/>\n<meta property=\"og:image\" content=\"https:\/\/blogdofarnesio.com.br\/wp-content\/uploads\/2026\/04\/Meia-Maratona-Tiradentes-40a-edicao-tera-novo-percurso-e-programacao-especial-com-show-e-espaco-pos-prova-3-e1777204058428.jpeg\" \/>\n\t<meta property=\"og:image:width\" content=\"480\" \/>\n\t<meta property=\"og:image:height\" content=\"459\" \/>\n\t<meta property=\"og:image:type\" content=\"image\/jpeg\" \/>\n<meta name=\"author\" content=\"Farn\u00e9sio\" \/>\n<meta name=\"twitter:card\" content=\"summary_large_image\" \/>\n<meta name=\"twitter:label1\" content=\"Escrito por\" \/>\n\t<meta name=\"twitter:data1\" content=\"Farn\u00e9sio\" \/>\n\t<meta name=\"twitter:label2\" content=\"Est. tempo de leitura\" \/>\n\t<meta name=\"twitter:data2\" content=\"2 minutos\" \/>\n<script type=\"application\/ld+json\" class=\"yoast-schema-graph\">{\"@context\":\"https:\\\/\\\/schema.org\",\"@graph\":[{\"@type\":\"Article\",\"@id\":\"https:\\\/\\\/blogdofarnesio.com.br\\\/?p=420419#article\",\"isPartOf\":{\"@id\":\"https:\\\/\\\/blogdofarnesio.com.br\\\/?p=420419\"},\"author\":{\"name\":\"Farn\u00e9sio\",\"@id\":\"https:\\\/\\\/blogdofarnesio.com.br\\\/#\\\/schema\\\/person\\\/bb9b23ae3ad0609ce8df7b6c9e76824d\"},\"headline\":\"Confira o novo percurso da 40\u00aa edi\u00e7\u00e3o da Meia Maratona Tiradentes\",\"datePublished\":\"2026-04-27T12:43:42+00:00\",\"mainEntityOfPage\":{\"@id\":\"https:\\\/\\\/blogdofarnesio.com.br\\\/?p=420419\"},\"wordCount\":316,\"commentCount\":0,\"publisher\":{\"@id\":\"https:\\\/\\\/blogdofarnesio.com.br\\\/#organization\"},\"image\":{\"@id\":\"https:\\\/\\\/blogdofarnesio.com.br\\\/?p=420419#primaryimage\"},\"thumbnailUrl\":\"https:\\\/\\\/blogdofarnesio.com.br\\\/wp-content\\\/uploads\\\/2026\\\/04\\\/Meia-Maratona-Tiradentes-40a-edicao-tera-novo-percurso-e-programacao-especial-com-show-e-espaco-pos-prova-3-e1777204058428.jpeg\",\"articleSection\":[\"Esportes\"],\"inLanguage\":\"pt-BR\",\"potentialAction\":[{\"@type\":\"CommentAction\",\"name\":\"Comment\",\"target\":[\"https:\\\/\\\/blogdofarnesio.com.br\\\/?p=420419#respond\"]}]},{\"@type\":\"WebPage\",\"@id\":\"https:\\\/\\\/blogdofarnesio.com.br\\\/?p=420419\",\"url\":\"https:\\\/\\\/blogdofarnesio.com.br\\\/?p=420419\",\"name\":\"Confira o novo percurso da 40\u00aa edi\u00e7\u00e3o da Meia Maratona Tiradentes - Blog do Farn\u00e9sio\",\"isPartOf\":{\"@id\":\"https:\\\/\\\/blogdofarnesio.com.br\\\/#website\"},\"primaryImageOfPage\":{\"@id\":\"https:\\\/\\\/blogdofarnesio.com.br\\\/?p=420419#primaryimage\"},\"image\":{\"@id\":\"https:\\\/\\\/blogdofarnesio.com.br\\\/?p=420419#primaryimage\"},\"thumbnailUrl\":\"https:\\\/\\\/blogdofarnesio.com.br\\\/wp-content\\\/uploads\\\/2026\\\/04\\\/Meia-Maratona-Tiradentes-40a-edicao-tera-novo-percurso-e-programacao-especial-com-show-e-espaco-pos-prova-3-e1777204058428.jpeg\",\"datePublished\":\"2026-04-27T12:43:42+00:00\",\"breadcrumb\":{\"@id\":\"https:\\\/\\\/blogdofarnesio.com.br\\\/?p=420419#breadcrumb\"},\"inLanguage\":\"pt-BR\",\"potentialAction\":[{\"@type\":\"ReadAction\",\"target\":[\"https:\\\/\\\/blogdofarnesio.com.br\\\/?p=420419\"]}]},{\"@type\":\"ImageObject\",\"inLanguage\":\"pt-BR\",\"@id\":\"https:\\\/\\\/blogdofarnesio.com.br\\\/?p=420419#primaryimage\",\"url\":\"https:\\\/\\\/blogdofarnesio.com.br\\\/wp-content\\\/uploads\\\/2026\\\/04\\\/Meia-Maratona-Tiradentes-40a-edicao-tera-novo-percurso-e-programacao-especial-com-show-e-espaco-pos-prova-3-e1777204058428.jpeg\",\"contentUrl\":\"https:\\\/\\\/blogdofarnesio.com.br\\\/wp-content\\\/uploads\\\/2026\\\/04\\\/Meia-Maratona-Tiradentes-40a-edicao-tera-novo-percurso-e-programacao-especial-com-show-e-espaco-pos-prova-3-e1777204058428.jpeg\",\"width\":480,\"height\":459},{\"@type\":\"BreadcrumbList\",\"@id\":\"https:\\\/\\\/blogdofarnesio.com.br\\\/?p=420419#breadcrumb\",\"itemListElement\":[{\"@type\":\"ListItem\",\"position\":1,\"name\":\"In\u00edcio\",\"item\":\"https:\\\/\\\/blogdofarnesio.com.br\\\/\"},{\"@type\":\"ListItem\",\"position\":2,\"name\":\"Confira o novo percurso da 40\u00aa edi\u00e7\u00e3o da Meia Maratona Tiradentes\"}]},{\"@type\":\"WebSite\",\"@id\":\"https:\\\/\\\/blogdofarnesio.com.br\\\/#website\",\"url\":\"https:\\\/\\\/blogdofarnesio.com.br\\\/\",\"name\":\"Blog do Farn\u00e9sio\",\"description\":\"Quer Saber Pol\u00edtica?\",\"publisher\":{\"@id\":\"https:\\\/\\\/blogdofarnesio.com.br\\\/#organization\"},\"potentialAction\":[{\"@type\":\"SearchAction\",\"target\":{\"@type\":\"EntryPoint\",\"urlTemplate\":\"https:\\\/\\\/blogdofarnesio.com.br\\\/?s={search_term_string}\"},\"query-input\":{\"@type\":\"PropertyValueSpecification\",\"valueRequired\":true,\"valueName\":\"search_term_string\"}}],\"inLanguage\":\"pt-BR\"},{\"@type\":\"Organization\",\"@id\":\"https:\\\/\\\/blogdofarnesio.com.br\\\/#organization\",\"name\":\"Blog do Farn\u00e9sio\",\"url\":\"https:\\\/\\\/blogdofarnesio.com.br\\\/\",\"logo\":{\"@type\":\"ImageObject\",\"inLanguage\":\"pt-BR\",\"@id\":\"https:\\\/\\\/blogdofarnesio.com.br\\\/#\\\/schema\\\/logo\\\/image\\\/\",\"url\":\"https:\\\/\\\/blogdofarnesio.com.br\\\/wp-content\\\/uploads\\\/2026\\\/03\\\/cropped-logo_new-1.png\",\"contentUrl\":\"https:\\\/\\\/blogdofarnesio.com.br\\\/wp-content\\\/uploads\\\/2026\\\/03\\\/cropped-logo_new-1.png\",\"width\":881,\"height\":685,\"caption\":\"Blog do Farn\u00e9sio\"},\"image\":{\"@id\":\"https:\\\/\\\/blogdofarnesio.com.br\\\/#\\\/schema\\\/logo\\\/image\\\/\"},\"sameAs\":[\"https:\\\/\\\/www.facebook.com\\\/BlogQuerSaberPolitica\\\/\"]},{\"@type\":\"Person\",\"@id\":\"https:\\\/\\\/blogdofarnesio.com.br\\\/#\\\/schema\\\/person\\\/bb9b23ae3ad0609ce8df7b6c9e76824d\",\"name\":\"Farn\u00e9sio\",\"image\":{\"@type\":\"ImageObject\",\"inLanguage\":\"pt-BR\",\"@id\":\"https:\\\/\\\/secure.gravatar.com\\\/avatar\\\/986aa4c61ccdb66f8555bf88fc2a65609d00bcabd4d2d94377a727547345cbca?s=96&d=mm&r=g\",\"url\":\"https:\\\/\\\/secure.gravatar.com\\\/avatar\\\/986aa4c61ccdb66f8555bf88fc2a65609d00bcabd4d2d94377a727547345cbca?s=96&d=mm&r=g\",\"contentUrl\":\"https:\\\/\\\/secure.gravatar.com\\\/avatar\\\/986aa4c61ccdb66f8555bf88fc2a65609d00bcabd4d2d94377a727547345cbca?s=96&d=mm&r=g\",\"caption\":\"Farn\u00e9sio\"},\"description\":\"Radialista blogueiro, chegou a Petrolina\\\/Juazeiro em setembro de 1980, Farn\u00e9sio Silva \u00e9 de Arapiraca-Alagoas.\",\"sameAs\":[\"http:\\\/\\\/blogdofarnesio.com.br\",\"https:\\\/\\\/www.facebook.com\\\/?ref=tn_tnmn\",\"https:\\\/\\\/www.instagram.com\\\/?utm_source=pwa_homescreen\",\"https:\\\/\\\/youtube.com.br\\\/\"],\"url\":\"https:\\\/\\\/blogdofarnesio.com.br\\\/?author=2\"}]}<\/script>\n<!-- \/ Yoast SEO plugin. -->","yoast_head_json":{"title":"Confira o novo percurso da 40\u00aa edi\u00e7\u00e3o da Meia Maratona Tiradentes - Blog do Farn\u00e9sio","robots":{"index":"index","follow":"follow","max-snippet":"max-snippet:-1","max-image-preview":"max-image-preview:large","max-video-preview":"max-video-preview:-1"},"canonical":"https:\/\/blogdofarnesio.com.br\/?p=420419","og_locale":"pt_BR","og_type":"article","og_title":"Confira o novo percurso da 40\u00aa edi\u00e7\u00e3o da Meia Maratona Tiradentes - Blog do Farn\u00e9sio","og_description":"A Meia Maratona Tiradentes chega \u00e0 sua 40\u00aa edi\u00e7\u00e3o consolidada como uma das principais provas do calend\u00e1rio esportivo de Juazeiro (BA). Neste ano, a corrida contar\u00e1 com novos percursos e uma programa\u00e7\u00e3o especial, incluindo show musical e estrutura de acolhimento para os atletas no p\u00f3s-prova. A prova principal, de 21 km, ter\u00e1 largada \u00e0s 5h30, dentro da Agrovale. O percurso segue pela regi\u00e3o da CEASA, acessa a BR-210, passa pela Uneb, Col\u00e9gio Shalom e Arena Nixon, seguindo pela Avenida Adolfo Viana at\u00e9 a Orla. A chegada ser\u00e1 na Orla II. J\u00e1 o percurso de 5 km ter\u00e1 largada \u00e0s 6h, no Vaporzinho. Os corredores seguem pela Orla, acessam a Avenida Adolfo Viana, passam pela regi\u00e3o do INSS e da academia&hellip;","og_url":"https:\/\/blogdofarnesio.com.br\/?p=420419","og_site_name":"Blog do Farn\u00e9sio","article_publisher":"https:\/\/www.facebook.com\/BlogQuerSaberPolitica\/","article_author":"https:\/\/www.facebook.com\/?ref=tn_tnmn","article_published_time":"2026-04-27T12:43:42+00:00","og_image":[{"width":480,"height":459,"url":"https:\/\/blogdofarnesio.com.br\/wp-content\/uploads\/2026\/04\/Meia-Maratona-Tiradentes-40a-edicao-tera-novo-percurso-e-programacao-especial-com-show-e-espaco-pos-prova-3-e1777204058428.jpeg","type":"image\/jpeg"}],"author":"Farn\u00e9sio","twitter_card":"summary_large_image","twitter_misc":{"Escrito por":"Farn\u00e9sio","Est. tempo de leitura":"2 minutos"},"schema":{"@context":"https:\/\/schema.org","@graph":[{"@type":"Article","@id":"https:\/\/blogdofarnesio.com.br\/?p=420419#article","isPartOf":{"@id":"https:\/\/blogdofarnesio.com.br\/?p=420419"},"author":{"name":"Farn\u00e9sio","@id":"https:\/\/blogdofarnesio.com.br\/#\/schema\/person\/bb9b23ae3ad0609ce8df7b6c9e76824d"},"headline":"Confira o novo percurso da 40\u00aa edi\u00e7\u00e3o da Meia Maratona Tiradentes","datePublished":"2026-04-27T12:43:42+00:00","mainEntityOfPage":{"@id":"https:\/\/blogdofarnesio.com.br\/?p=420419"},"wordCount":316,"commentCount":0,"publisher":{"@id":"https:\/\/blogdofarnesio.com.br\/#organization"},"image":{"@id":"https:\/\/blogdofarnesio.com.br\/?p=420419#primaryimage"},"thumbnailUrl":"https:\/\/blogdofarnesio.com.br\/wp-content\/uploads\/2026\/04\/Meia-Maratona-Tiradentes-40a-edicao-tera-novo-percurso-e-programacao-especial-com-show-e-espaco-pos-prova-3-e1777204058428.jpeg","articleSection":["Esportes"],"inLanguage":"pt-BR","potentialAction":[{"@type":"CommentAction","name":"Comment","target":["https:\/\/blogdofarnesio.com.br\/?p=420419#respond"]}]},{"@type":"WebPage","@id":"https:\/\/blogdofarnesio.com.br\/?p=420419","url":"https:\/\/blogdofarnesio.com.br\/?p=420419","name":"Confira o novo percurso da 40\u00aa edi\u00e7\u00e3o da Meia Maratona Tiradentes - Blog do Farn\u00e9sio","isPartOf":{"@id":"https:\/\/blogdofarnesio.com.br\/#website"},"primaryImageOfPage":{"@id":"https:\/\/blogdofarnesio.com.br\/?p=420419#primaryimage"},"image":{"@id":"https:\/\/blogdofarnesio.com.br\/?p=420419#primaryimage"},"thumbnailUrl":"https:\/\/blogdofarnesio.com.br\/wp-content\/uploads\/2026\/04\/Meia-Maratona-Tiradentes-40a-edicao-tera-novo-percurso-e-programacao-especial-com-show-e-espaco-pos-prova-3-e1777204058428.jpeg","datePublished":"2026-04-27T12:43:42+00:00","breadcrumb":{"@id":"https:\/\/blogdofarnesio.com.br\/?p=420419#breadcrumb"},"inLanguage":"pt-BR","potentialAction":[{"@type":"ReadAction","target":["https:\/\/blogdofarnesio.com.br\/?p=420419"]}]},{"@type":"ImageObject","inLanguage":"pt-BR","@id":"https:\/\/blogdofarnesio.com.br\/?p=420419#primaryimage","url":"https:\/\/blogdofarnesio.com.br\/wp-content\/uploads\/2026\/04\/Meia-Maratona-Tiradentes-40a-edicao-tera-novo-percurso-e-programacao-especial-com-show-e-espaco-pos-prova-3-e1777204058428.jpeg","contentUrl":"https:\/\/blogdofarnesio.com.br\/wp-content\/uploads\/2026\/04\/Meia-Maratona-Tiradentes-40a-edicao-tera-novo-percurso-e-programacao-especial-com-show-e-espaco-pos-prova-3-e1777204058428.jpeg","width":480,"height":459},{"@type":"BreadcrumbList","@id":"https:\/\/blogdofarnesio.com.br\/?p=420419#breadcrumb","itemListElement":[{"@type":"ListItem","position":1,"name":"In\u00edcio","item":"https:\/\/blogdofarnesio.com.br\/"},{"@type":"ListItem","position":2,"name":"Confira o novo percurso da 40\u00aa edi\u00e7\u00e3o da Meia Maratona Tiradentes"}]},{"@type":"WebSite","@id":"https:\/\/blogdofarnesio.com.br\/#website","url":"https:\/\/blogdofarnesio.com.br\/","name":"Blog do Farn\u00e9sio","description":"Quer Saber Pol\u00edtica?","publisher":{"@id":"https:\/\/blogdofarnesio.com.br\/#organization"},"potentialAction":[{"@type":"SearchAction","target":{"@type":"EntryPoint","urlTemplate":"https:\/\/blogdofarnesio.com.br\/?s={search_term_string}"},"query-input":{"@type":"PropertyValueSpecification","valueRequired":true,"valueName":"search_term_string"}}],"inLanguage":"pt-BR"},{"@type":"Organization","@id":"https:\/\/blogdofarnesio.com.br\/#organization","name":"Blog do Farn\u00e9sio","url":"https:\/\/blogdofarnesio.com.br\/","logo":{"@type":"ImageObject","inLanguage":"pt-BR","@id":"https:\/\/blogdofarnesio.com.br\/#\/schema\/logo\/image\/","url":"https:\/\/blogdofarnesio.com.br\/wp-content\/uploads\/2026\/03\/cropped-logo_new-1.png","contentUrl":"https:\/\/blogdofarnesio.com.br\/wp-content\/uploads\/2026\/03\/cropped-logo_new-1.png","width":881,"height":685,"caption":"Blog do Farn\u00e9sio"},"image":{"@id":"https:\/\/blogdofarnesio.com.br\/#\/schema\/logo\/image\/"},"sameAs":["https:\/\/www.facebook.com\/BlogQuerSaberPolitica\/"]},{"@type":"Person","@id":"https:\/\/blogdofarnesio.com.br\/#\/schema\/person\/bb9b23ae3ad0609ce8df7b6c9e76824d","name":"Farn\u00e9sio","image":{"@type":"ImageObject","inLanguage":"pt-BR","@id":"https:\/\/secure.gravatar.com\/avatar\/986aa4c61ccdb66f8555bf88fc2a65609d00bcabd4d2d94377a727547345cbca?s=96&d=mm&r=g","url":"https:\/\/secure.gravatar.com\/avatar\/986aa4c61ccdb66f8555bf88fc2a65609d00bcabd4d2d94377a727547345cbca?s=96&d=mm&r=g","contentUrl":"https:\/\/secure.gravatar.com\/avatar\/986aa4c61ccdb66f8555bf88fc2a65609d00bcabd4d2d94377a727547345cbca?s=96&d=mm&r=g","caption":"Farn\u00e9sio"},"description":"Radialista blogueiro, chegou a Petrolina\/Juazeiro em setembro de 1980, Farn\u00e9sio Silva \u00e9 de Arapiraca-Alagoas.","sameAs":["http:\/\/blogdofarnesio.com.br","https:\/\/www.facebook.com\/?ref=tn_tnmn","https:\/\/www.instagram.com\/?utm_source=pwa_homescreen","https:\/\/youtube.com.br\/"],"url":"https:\/\/blogdofarnesio.com.br\/?author=2"}]}},"_links":{"self":[{"href":"https:\/\/blogdofarnesio.com.br\/index.php?rest_route=\/wp\/v2\/posts\/420419","targetHints":{"allow":["GET"]}}],"collection":[{"href":"https:\/\/blogdofarnesio.com.br\/index.php?rest_route=\/wp\/v2\/posts"}],"about":[{"href":"https:\/\/blogdofarnesio.com.br\/index.php?rest_route=\/wp\/v2\/types\/post"}],"author":[{"embeddable":true,"href":"https:\/\/blogdofarnesio.com.br\/index.php?rest_route=\/wp\/v2\/users\/2"}],"replies":[{"embeddable":true,"href":"https:\/\/blogdofarnesio.com.br\/index.php?rest_route=%2Fwp%2Fv2%2Fcomments&post=420419"}],"version-history":[{"count":2,"href":"https:\/\/blogdofarnesio.com.br\/index.php?rest_route=\/wp\/v2\/posts\/420419\/revisions"}],"predecessor-version":[{"id":420421,"href":"https:\/\/blogdofarnesio.com.br\/index.php?rest_route=\/wp\/v2\/posts\/420419\/revisions\/420421"}],"wp:featuredmedia":[{"embeddable":true,"href":"https:\/\/blogdofarnesio.com.br\/index.php?rest_route=\/wp\/v2\/media\/420415"}],"wp:attachment":[{"href":"https:\/\/blogdofarnesio.com.br\/index.php?rest_route=%2Fwp%2Fv2%2Fmedia&parent=420419"}],"wp:term":[{"taxonomy":"category","embeddable":true,"href":"https:\/\/blogdofarnesio.com.br\/index.php?rest_route=%2Fwp%2Fv2%2Fcategories&post=420419"},{"taxonomy":"post_tag","embeddable":true,"href":"https:\/\/blogdofarnesio.com.br\/index.php?rest_route=%2Fwp%2Fv2%2Ftags&post=420419"}],"curies":[{"name":"wp","href":"https:\/\/api.w.org\/{rel}","templated":true}]}}