{"id":420407,"date":"2026-04-26T08:31:43","date_gmt":"2026-04-26T11:31:43","guid":{"rendered":"https:\/\/blogdofarnesio.com.br\/?p=420407"},"modified":"2026-04-26T08:34:11","modified_gmt":"2026-04-26T11:34:11","slug":"seguranca-fraca-momento-traumatico-e-investigacoes-ao-suspeito-o-que-se-sabe-sobre-tiros-em-jantar-de-gala-nos-eua","status":"publish","type":"post","link":"https:\/\/blogdofarnesio.com.br\/?p=420407","title":{"rendered":"Seguran\u00e7a fraca, &#8216;momento traum\u00e1tico&#8217; e investiga\u00e7\u00f5es ao suspeito: o que se sabe sobre tiros em jantar de gala nos EUA"},"content":{"rendered":"<div class=\"mc-article-header\">\n<div class=\"row content-head mc-column non-featured \">\n<div class=\"title\" data-block-type=\"title\" data-block-id=\"0\">\n<h1 class=\"content-head__title\"><span style=\"font-size: 16px; font-weight: 400;\">Por\u00a0<\/span><a class=\"multi_signatures\" style=\"font-size: 16px; font-weight: 400;\" href=\"https:\/\/g1.globo.com\/autores\/redacao-g1\/\">Reda\u00e7\u00e3o g1<\/a><\/h1>\n<\/div>\n<div class=\"medium-centered subtitle\">\n<h2 class=\"content-head__subtitle\">Barulho de tiros interrompeu jantar com jornalistas e presidente Donald Trump em hotel em Washington D.C. Autoridades do governo dos EUA foram retiradas \u00e0s pressas. Suspeito era h\u00f3spede do hotel e est\u00e1 preso. Ele comparecer\u00e1 a tribunal na segunda (27).<\/h2>\n<\/div>\n<\/div>\n<div class=\"glb-share-bar content__share-bar\">\n<div class=\"glb-share-bar_icons\">\n<div class=\"glb-share-bar_button-img\"><\/div>\n<\/div>\n<\/div>\n<\/div>\n<div class=\"mc-article-body\">\n<article>\n<div id=\"chunk-4no84\">\n<div class=\"cxm-block-video content-media mc-column \" data-block-type=\"backstage-video\" data-block-id=\"1\">\n<div class=\"cxm-block-video__container cxm-block-video__container--fallback cxm-block-video__container--vertical\">\n<div class=\"cxm-block-video__player-fixer\">\n<article class=\"cxm-block-video__player-wrapper\">\n<section class=\"cxm-block-video__player\">\n<div class=\"cxm-block-video__placeholder\" data-video-id=\"14559079\">\n<p><img decoding=\"async\" class=\"cxm-block-video__thumb\" title=\"Veja o momento em que agentes de seguran\u00e7a retiram Trump de evento ap\u00f3s estrondos\" src=\"https:\/\/s04.video.glbimg.com\/x240\/14559079.jpg\" alt=\"Veja o momento em que agentes de seguran\u00e7a retiram Trump de evento ap\u00f3s estrondos\" \/><\/p>\n<div>\n<div id=\"wp3-player-1\" class=\"clappr-player video-rec-after-end--enabled\" tabindex=\"9999\" data-player=\"\" data-compass-listening=\"true\">\n<div class=\"dfp-ad-overlay dfp-ad-overlay--poster-mode\">\n<div><\/div>\n<\/div>\n<div class=\"container pointer-enabled\" data-container=\"\">\n<div class=\"id-playback\" data-id-playback=\"\"><video id=\"c39\" src=\"blob:https:\/\/g1.globo.com\/532dad31-ef85-40db-8744-c1dd5d867583\" poster=\"https:\/\/s04.video.glbimg.com\/x720\/14559079.jpg\" preload=\"none\" muted=\"true\" width=\"300\" height=\"150\" data-html5-video=\"\" data-mce-fragment=\"1\"><\/video><\/div>\n<\/div>\n<\/div>\n<\/div>\n<\/div>\n<\/section>\n<\/article>\n<\/div>\n<div class=\"cxm-block-video__caption-container\">\n<p class=\"codex-caption codex-caption--small\">Veja o momento em que agentes de seguran\u00e7a retiram Trump de evento ap\u00f3s estrondos<\/p>\n<\/div>\n<\/div>\n<\/div>\n<\/div>\n<div id=\"chunk-16ufb\">\n<div class=\"mc-column content-text active-extra-styles \" data-block-type=\"unstyled\" data-block-weight=\"52\" data-block-id=\"2\">\n<p class=\" content-text__container \" data-track-category=\"Link no Texto\" data-track-links=\"\" data-mrf-recirculation=\"Mat\u00e9ria - Links no Texto\">Os detalhes sobre o\u00a0<a class=\"\" href=\"https:\/\/g1.globo.com\/mundo\/noticia\/2026\/04\/25\/trump-e-retirado-de-jantar.ghtml\" data-mrf-link=\"https:\/\/g1.globo.com\/mundo\/noticia\/2026\/04\/25\/trump-e-retirado-de-jantar.ghtml\">ataque a tiros em um jantar de jornalistas<\/a>\u00a0correspondentes da Casa Branca nos\u00a0<a class=\"\" href=\"https:\/\/g1.globo.com\/tudo-sobre\/estados-unidos\/\" data-mrf-link=\"https:\/\/g1.globo.com\/tudo-sobre\/estados-unidos\/\">Estados Unidos<\/a>, ainda estavam vindo \u00e0 tona neste domingo (26), \u00e0 medida em que as autoridades apuram o incidente. O evento contava com a presen\u00e7a do presidente\u00a0<a class=\"\" href=\"https:\/\/g1.globo.com\/tudo-sobre\/donald-trump\/\" data-mrf-link=\"https:\/\/g1.globo.com\/tudo-sobre\/donald-trump\/\">Donald Trump<\/a>\u00a0e outras autoridades do governo norte-americano.<\/p>\n<\/div>\n<\/div>\n<div class=\"wall protected-content\">\n<div id=\"chunk-2qtmb\">\n<div class=\"mc-column content-text active-extra-styles \" data-block-type=\"unstyled\" data-block-weight=\"37\" data-block-id=\"4\">\n<p class=\" content-text__container \" data-track-category=\"Link no Texto\" data-track-links=\"\" data-mrf-recirculation=\"Mat\u00e9ria - Links no Texto\">O que se sabe at\u00e9 o momento \u00e9 que\u00a0<span class=\"highlight highlighted\">a seguran\u00e7a do jantar de gala foi fraca e que o suspeito est\u00e1 sendo investigado pelo FBI e ser\u00e1 formalmente acusado<\/span> pela Justi\u00e7a dos EUA na segunda-feira (27).<\/p>\n<\/div>\n<\/div>\n<div id=\"chunk-ai7vd\">\n<div class=\"mc-column content-text active-extra-styles \" data-block-type=\"unstyled\" data-block-weight=\"60\" data-block-id=\"7\">\n<p class=\" content-text__container \" data-track-category=\"Link no Texto\" data-track-links=\"\" data-mrf-recirculation=\"Mat\u00e9ria - Links no Texto\">O ataque ocorreu durante o jantar de gala que ocorria em um hotel em Washington D.C., capital dos EUA, na noite de s\u00e1bado. Trump e outras autoridades de alto escal\u00e3o do governo dos EUA foram evacuados rapidamente pelo Servi\u00e7o Secreto.\u00a0<a class=\"\" href=\"https:\/\/g1.globo.com\/mundo\/noticia\/2026\/04\/25\/trump-coletiva-tiros-jantar-correspondentes.ghtml\" data-mrf-link=\"https:\/\/g1.globo.com\/mundo\/noticia\/2026\/04\/25\/trump-coletiva-tiros-jantar-correspondentes.ghtml\">O presidente norte-americano chamou o incidente de &#8220;momento traum\u00e1tico&#8221;<\/a>\u00a0e elogiou o trabalho dos agentes de seguran\u00e7a.\u00a0<strong><em>(Leia mais abaixo)<\/em><\/strong><\/p>\n<\/div>\n<\/div>\n<div id=\"chunk-b9dlq\">\n<div class=\"mc-column content-text active-extra-styles\" data-block-type=\"raw\" data-block-weight=\"3\" data-block-id=\"8\">\n<div class=\"content-intertitle\">\n<h2>Falhas na seguran\u00e7a<\/h2>\n<\/div>\n<\/div>\n<\/div>\n<div id=\"chunk-dmup1\">\n<div class=\"cxm-block-video content-media mc-column \" data-block-type=\"backstage-video\" data-block-id=\"9\">\n<div class=\"cxm-block-video__container cxm-block-video__container--fallback \">\n<div class=\"cxm-block-video__player-fixer\">\n<article class=\"cxm-block-video__player-wrapper\">\n<section class=\"cxm-block-video__player\">\n<div class=\"cxm-block-video__placeholder\" data-video-id=\"14559133\"><img decoding=\"async\" class=\"cxm-block-video__thumb\" title=\"Correspondente Raquel Kr\u00e4henb\u00fchl relata o que viu no jantar\" src=\"https:\/\/s02.video.glbimg.com\/x240\/14559133.jpg\" alt=\"Correspondente Raquel Kr\u00e4henb\u00fchl relata o que viu no jantar\" \/><\/div>\n<\/section>\n<\/article>\n<\/div>\n<div class=\"cxm-block-video__caption-container\">\n<p class=\"codex-caption codex-caption--small\">Correspondente Raquel Kr\u00e4henb\u00fchl relata o que viu no jantar<\/p>\n<\/div>\n<\/div>\n<\/div>\n<\/div>\n<div id=\"chunk-egj7r\">\n<div class=\"mc-column content-text active-extra-styles \" data-block-type=\"unstyled\" data-block-weight=\"30\" data-block-id=\"10\">\n<p class=\" content-text__container \" data-track-category=\"Link no Texto\" data-track-links=\"\" data-mrf-recirculation=\"Mat\u00e9ria - Links no Texto\"><strong><span class=\"highlight highlighted\">O esquema de seguran\u00e7a do jantar de gala era fraco<\/span><\/strong>, relatou a rep\u00f3rter da\u00a0<strong>TV Globo\u00a0<\/strong>Raquel Krahenbuhl, que estava presente no evento. Segundo Raquel, n\u00e3o houve revista aos convidados.<\/p>\n<\/div>\n<\/div>\n<div id=\"chunk-8j2mv\">\n<div class=\"mc-column content-text active-extra-styles\" data-block-type=\"raw\" data-block-weight=\"63\" data-block-id=\"11\">\n<blockquote class=\"content-blockquote theme-border-color-primary-before\"><p>&#8220;A seguran\u00e7a nesses jantares normalmente n\u00e3o \u00e9 refor\u00e7ada. Todo mundo que tem um convite entra facilmente, (&#8230;) n\u00e3o teve raio-x, n\u00e3o teve nada. Aqui teve v\u00e1rios eventos paralelos que ocorreram antes do jantar. A\u00ed, quando vai para o sal\u00e3o do jantar a gente tem que passar por uma revista, (&#8230;) mas isso j\u00e1 \u00e9 v\u00e1rios andares mais para cima no hotel&#8221;, afirmou Raquel.<\/p><\/blockquote>\n<\/div>\n<\/div>\n<div id=\"chunk-347vk\">\n<div class=\"mc-column content-text active-extra-styles \" data-block-type=\"unstyled\" data-block-weight=\"17\" data-block-id=\"13\">\n<p class=\" content-text__container \" data-track-category=\"Link no Texto\" data-track-links=\"\" data-mrf-recirculation=\"Mat\u00e9ria - Links no Texto\">Segundo a rep\u00f3rter, os tiros ocorreram antes do bloqueio de seguran\u00e7a que dava acesso ao sal\u00e3o principal.<\/p>\n<\/div>\n<\/div>\n<div id=\"chunk-9d86\">\n<div class=\"mc-column content-text active-extra-styles \" data-block-type=\"unstyled\" data-block-weight=\"57\" data-block-id=\"14\">\n<p class=\" content-text__container \" data-track-category=\"Link no Texto\" data-track-links=\"\" data-mrf-recirculation=\"Mat\u00e9ria - Links no Texto\">Ainda segundo Raquel,\u00a0<a class=\"\" href=\"https:\/\/g1.globo.com\/mundo\/noticia\/2026\/04\/26\/raquel-krahenbuhl-relata-tensao-tiros-jantar-eua-todos-comecaram-a-entrar-debaixo-das-mesas.ghtml\" data-mrf-link=\"https:\/\/g1.globo.com\/mundo\/noticia\/2026\/04\/26\/raquel-krahenbuhl-relata-tensao-tiros-jantar-eua-todos-comecaram-a-entrar-debaixo-das-mesas.ghtml\">os tiros foram ouvidos quando os convidados tinham acabado de come\u00e7ar<\/a> a comer. Nesse momento, os convidados rapidamente come\u00e7aram a se esconder debaixo das mesas e agentes do Servi\u00e7o Secreto entraram no sal\u00e3o com armamentos pesados. No &#8220;momento surreal&#8221;, alguns chegaram at\u00e9 a fazer barricadas com cadeiras, segundo uma correspondente da rede brit\u00e2nica BBC.<\/p>\n<\/div>\n<\/div>\n<div id=\"chunk-enar0\">\n<div class=\"mc-column content-text active-extra-styles\" data-block-type=\"raw\" data-block-weight=\"11\" data-block-id=\"15\">\n<div class=\"content-intertitle\">\n<h2>Investiga\u00e7\u00e3o do FBI: suspeito hospedado em hotel, armas utilizadas e motiva\u00e7\u00e3o<\/h2>\n<\/div>\n<\/div>\n<\/div>\n<div id=\"chunk-4b422\">\n<div class=\"row medium-uncollapsed content-media content-photo\" data-block-type=\"backstage-photo\" data-block-id=\"16\">\n<div class=\" mc-column content-media__container\">\n<p class=\"content-media__description \">Homem aparece rodeado de agentes do Servi\u00e7o Secreto ap\u00f3s tiros em jantar onde estava Donald Trump \u2014 Foto: Associated Press<\/p>\n<\/div>\n<\/div>\n<\/div>\n<div id=\"chunk-4nu6n\">\n<div class=\"mc-column content-text active-extra-styles \" data-block-type=\"unstyled\" data-block-weight=\"42\" data-block-id=\"17\">\n<p class=\" content-text__container \" data-track-category=\"Link no Texto\" data-track-links=\"\" data-mrf-recirculation=\"Mat\u00e9ria - Links no Texto\">O suspeito foi identificado pelas autoridades como Cole Allen, de 31 anos, um morador da Calif\u00f3rnia. A pol\u00edcia de Washington D.C. afirmou que Allen estava armado com uma espingarda, uma pistola e diversas facas. Trump o chamou de\u00a0<a class=\"\" href=\"https:\/\/g1.globo.com\/mundo\/noticia\/2026\/04\/25\/trump-coletiva-tiros-jantar-correspondentes.ghtml\" data-mrf-link=\"https:\/\/g1.globo.com\/mundo\/noticia\/2026\/04\/25\/trump-coletiva-tiros-jantar-correspondentes.ghtml\">&#8220;lobo solit\u00e1rio e doente&#8221;<\/a>.<\/p>\n<\/div>\n<\/div>\n<div id=\"chunk-a45kk\">\n<div class=\"mc-column content-text active-extra-styles \" data-block-type=\"unstyled\" data-block-weight=\"44\" data-block-id=\"19\">\n<p class=\" content-text__container \" data-track-category=\"Link no Texto\" data-track-links=\"\" data-mrf-recirculation=\"Mat\u00e9ria - Links no Texto\">Um\u00a0<a class=\"\" href=\"https:\/\/g1.globo.com\/mundo\/noticia\/2026\/04\/25\/trump-divulga-video-que-mostra-homem-furando-seguranca-e-sendo-alvejado-por-agentes-do-servico-secreto.ghtml\" data-mrf-link=\"https:\/\/g1.globo.com\/mundo\/noticia\/2026\/04\/25\/trump-divulga-video-que-mostra-homem-furando-seguranca-e-sendo-alvejado-por-agentes-do-servico-secreto.ghtml\">v\u00eddeo de c\u00e2mera de seguran\u00e7a compartilhado por Trump mostrou Allen correndo em alta velocidade<\/a>\u00a0para passar pelo bloqueio de seguran\u00e7a em dire\u00e7\u00e3o ao sal\u00e3o do jantar. No entanto, ele foi derrubado por agentes do Servi\u00e7o Secreto e preso ainda do lado de fora.<\/p>\n<\/div>\n<\/div>\n<div id=\"chunk-hefq\">\n<div class=\"mc-column content-text active-extra-styles \" data-block-type=\"unstyled\" data-block-weight=\"62\" data-block-id=\"20\">\n<p class=\" content-text__container \" data-track-category=\"Link no Texto\" data-track-links=\"\" data-mrf-recirculation=\"Mat\u00e9ria - Links no Texto\"><strong><span class=\"highlight highlighted\">Ele estava hospedado no hotel<\/span><\/strong>\u00a0e acredita-se que ele chegou ao andar do evento pelo elevador, segundo a pol\u00edcia de Washington.\u00a0<span class=\"highlight highlighted\">Houve troca de tiros entre o suspeito e agentes de seguran\u00e7a, e Allen disparou ao menos um dos tiros ouvidos pelos presentes.<\/span>\u00a0Um agente do Servi\u00e7o Secreto foi atingido em seu colete \u00e0 prova de balas e est\u00e1 bem de sa\u00fade.<\/p>\n<\/div>\n<\/div>\n<div id=\"chunk-3qf8i\">\n<div class=\"mc-column content-text active-extra-styles \" data-block-type=\"unstyled\" data-block-weight=\"31\" data-block-id=\"21\">\n<p class=\" content-text__container \" data-track-category=\"Link no Texto\" data-track-links=\"\" data-mrf-recirculation=\"Mat\u00e9ria - Links no Texto\">O FBI iniciou ainda durante a madrugada buscas em uma casa ligada a Allen em Torrence, na Calif\u00f3rnia, onde ele mora. A pol\u00edcia local disse tamb\u00e9m acreditar que Allen agiu sozinho.<\/p>\n<\/div>\n<\/div>\n<div id=\"chunk-5fovn\">\n<div class=\"row medium-uncollapsed content-media content-photo\" data-block-type=\"backstage-photo\" data-block-id=\"22\">\n<div class=\" mc-column content-media__container\">\n<p class=\"content-media__description \">Carros do FBI com agentes armados em buscas na casa de Cole Allen, em Torrence, na Calif\u00f3rnia, suspeito de realizar ataque a tiros em jantar de gala em que presidente Donald Trump estava presente em 25 de abril de 2026. \u2014 Foto: REUTERS\/Daniel Cole<\/p>\n<\/div>\n<\/div>\n<\/div>\n<div id=\"chunk-46i43\">\n<div class=\"mc-column content-text active-extra-styles \" data-block-type=\"unstyled\" data-block-weight=\"38\" data-block-id=\"24\">\n<p class=\" content-text__container \" data-track-category=\"Link no Texto\" data-track-links=\"\" data-mrf-recirculation=\"Mat\u00e9ria - Links no Texto\">Ainda n\u00e3o se sabe, at\u00e9 a \u00faltima atualiza\u00e7\u00e3o desta reportagem, as suas motiva\u00e7\u00f5es para o ataque. No entanto, ele teria admitido aos agentes ap\u00f3s ser preso que\u00a0<a class=\"\" href=\"https:\/\/g1.globo.com\/mundo\/noticia\/2026\/04\/26\/suspeito-ataque-tiros-jantar-gala-eua-queria-atirar-autoridades-governo-trump-diz-jornal.ghtml\" data-mrf-link=\"https:\/\/g1.globo.com\/mundo\/noticia\/2026\/04\/26\/suspeito-ataque-tiros-jantar-gala-eua-queria-atirar-autoridades-governo-trump-diz-jornal.ghtml\">queria atirar em integrantes do governo Trump<\/a>, segundo a CBS News.<\/p>\n<\/div>\n<\/div>\n<div id=\"chunk-7l78u\">\n<div class=\"mc-column content-text active-extra-styles \" data-block-type=\"unstyled\" data-block-weight=\"27\" data-block-id=\"25\">\n<p class=\" content-text__container \" data-track-category=\"Link no Texto\" data-track-links=\"\" data-mrf-recirculation=\"Mat\u00e9ria - Links no Texto\"><span class=\"highlight highlighted\">Allen aparecer\u00e1 em um tribunal federal j\u00e1 na pr\u00f3xima segunda-feira (27)<\/span>, onde ser\u00e1 formalmente acusado na Justi\u00e7a dos EUA por dois crimes, segundo a procuradora Jeanine Pirro:<\/p>\n<\/div>\n<\/div>\n<div id=\"chunk-41q5s\">\n<div class=\"mc-column content-text active-extra-styles\" data-block-type=\"raw\" data-block-weight=\"24\" data-block-id=\"26\">\n<ul class=\"content-unordered-list\" data-mrf-recirculation=\"Mat\u00e9ria - Leia Tamb\u00e9m (Lista)\">\n<li>Uso de arma de fogo durante a pr\u00e1tica de um crime violento;<\/li>\n<li>Agress\u00e3o a um agente federal com o uso de uma arma perigosa.<\/li>\n<\/ul>\n<\/div>\n<\/div>\n<div id=\"chunk-8r3h8\">\n<div class=\"mc-column content-text active-extra-styles\" data-block-type=\"raw\" data-block-weight=\"4\" data-block-id=\"27\">\n<div class=\"content-intertitle\">\n<h2>&#8216;Momento traum\u00e1tico&#8217;, diz Trump<\/h2>\n<\/div>\n<\/div>\n<\/div>\n<div id=\"chunk-707vl\">\n<div class=\"row medium-uncollapsed content-media content-photo\" data-block-type=\"backstage-photo\" data-block-id=\"28\">\n<div class=\" mc-column content-media__container\">\n<p class=\"content-media__description \">Donald Trump, a primeira-dama, Melania Trump, e a secret\u00e1ria de imprensa da Casa Branca, Karoline Leavitt, antes do tiroteio no jantar com correspondentes da Casa Branca \u2014 Foto: REUTERS\/Jonathan Ernst<\/p>\n<\/div>\n<\/div>\n<\/div>\n<div id=\"chunk-aofr9\">\n<div class=\"mc-column content-text active-extra-styles \" data-block-type=\"unstyled\" data-block-weight=\"37\" data-block-id=\"29\">\n<p class=\" content-text__container \" data-track-category=\"Link no Texto\" data-track-links=\"\" data-mrf-recirculation=\"Mat\u00e9ria - Links no Texto\">Trump falou em coletiva de imprensa na Casa Branca sobre o incidente no jantar de gala. Ele chamou o incidente de &#8220;inesperado&#8221; e falou aos jornalistas achar inicialmente que o barulho dos tiros era uma bandeja caindo.<\/p>\n<\/div>\n<\/div>\n<div id=\"chunk-81vj1\">\n<div class=\"mc-column content-text active-extra-styles\" data-block-type=\"raw\" data-block-weight=\"51\" data-block-id=\"31\">\n<blockquote class=\"content-blockquote theme-border-color-primary-before\"><p>&#8220;Era um barulho muito alto e estava muito de longe. A [primeira-dama] Melania percebeu rapidamente que havia algo errado. (&#8230;) Quero agradecer, claro, \u00e0 primeira-dama. Foi um momento traum\u00e1tico tamb\u00e9m para ela, muitas coisas acontecendo ali em cima, muito rapidamente no palco, mas o tempo de rea\u00e7\u00e3o foi muito bom&#8221;, disse.<\/p><\/blockquote>\n<\/div>\n<\/div>\n<div id=\"chunk-fn9d7\">\n<div class=\"mc-column content-text active-extra-styles \" data-block-type=\"unstyled\" data-block-weight=\"35\" data-block-id=\"32\">\n<p class=\" content-text__container \" data-track-category=\"Link no Texto\" data-track-links=\"\" data-mrf-recirculation=\"Mat\u00e9ria - Links no Texto\">Trump disse n\u00e3o saber se o ataque teve motiva\u00e7\u00f5es pol\u00edticas, mas disse achar que ele era o alvo \u2014ele sofreu duas tentativas de assassinato nos \u00faltimos dois anos. &#8220;Ser presidente \u00e9 uma profiss\u00e3o perigosa&#8221;, disse.<\/p>\n<\/div>\n<\/div>\n<div id=\"chunk-2samn\">\n<div class=\"mc-column content-text active-extra-styles \" data-block-type=\"unstyled\" data-block-weight=\"16\" data-block-id=\"33\">\n<p class=\" content-text__container \" data-track-category=\"Link no Texto\" data-track-links=\"\" data-mrf-recirculation=\"Mat\u00e9ria - Links no Texto\">O presidente norte-americano elogiou a rapidez e efic\u00e1cia dos agentes de seguran\u00e7a para deter o suspeito.<\/p>\n<\/div>\n<\/div>\n<div id=\"chunk-ctotg\">\n<div class=\"mc-column content-text active-extra-styles\" data-block-type=\"raw\" data-block-weight=\"7\" data-block-id=\"35\">\n<div class=\"content-intertitle\">\n<h2>Tiros em jantar de gala nos EUA<\/h2>\n<\/div>\n<\/div>\n<\/div>\n<div id=\"chunk-dku4r\">\n<div class=\"row medium-uncollapsed content-media content-photo\" data-block-type=\"backstage-photo\" data-block-id=\"36\">\n<div class=\" mc-column content-media__container\">\n<p class=\"content-media__description \">Agentes de seguran\u00e7a ap\u00f3s relato de tiros no jantar de correspondentes da Casa Branca, em Washington \u2014 Foto: REUTERS\/Jonathan Ernst<\/p>\n<\/div>\n<\/div>\n<\/div>\n<div id=\"chunk-evsl5\">\n<div class=\"mc-column content-text active-extra-styles \" data-block-type=\"unstyled\" data-block-weight=\"24\" data-block-id=\"37\">\n<p class=\" content-text__container \" data-track-category=\"Link no Texto\" data-track-links=\"\" data-mrf-recirculation=\"Mat\u00e9ria - Links no Texto\">Trump foi retirado na noite deste s\u00e1bado (25) do jantar de jornalistas correspondentes que cobrem a Casa Branca ap\u00f3s tiros serem ouvidos no local.<\/p>\n<\/div>\n<\/div>\n<div id=\"chunk-envig\">\n<div class=\"mc-column content-text active-extra-styles \" data-block-type=\"unstyled\" data-block-weight=\"26\" data-block-id=\"38\">\n<p class=\" content-text__container \" data-track-category=\"Link no Texto\" data-track-links=\"\" data-mrf-recirculation=\"Mat\u00e9ria - Links no Texto\">O evento anual ocorreu em um hotel em Washington e reunia centenas de convidados, entre jornalistas e autoridades. Jornalistas da TV Globo tamb\u00e9m estavam no jantar.<\/p>\n<\/div>\n<\/div>\n<div id=\"chunk-6cg0t\">\n<div class=\"mc-column content-text active-extra-styles \" data-block-type=\"unstyled\" data-block-weight=\"14\" data-block-id=\"39\">\n<p class=\" content-text__container \" data-track-category=\"Link no Texto\" data-track-links=\"\" data-mrf-recirculation=\"Mat\u00e9ria - Links no Texto\">Mais tarde, em coletiva na Casa Branca, Trump confirmou que um agente foi baleado.<\/p>\n<\/div>\n<\/div>\n<div id=\"chunk-8smk8\">\n<div class=\"mc-column content-text active-extra-styles \" data-block-type=\"unstyled\" data-block-weight=\"38\" data-block-id=\"40\">\n<p class=\" content-text__container \" data-track-category=\"Link no Texto\" data-track-links=\"\" data-mrf-recirculation=\"Mat\u00e9ria - Links no Texto\"><strong><span class=\"highlight highlighted\">Trump disse n\u00e3o saber se o ataque teve motiva\u00e7\u00f5es pol\u00edticas, mas disse achar que ele era o alvo<\/span><\/strong> \u2014ele sofreu duas tentativas de assassinato nos \u00faltimos dois anos. &#8220;Ser presidente \u00e9 uma profiss\u00e3o perigosa&#8221;, disse o l\u00edder norte-americano.<\/p>\n<\/div>\n<\/div>\n<div id=\"chunk-2pi0\">\n<div class=\"mc-column content-text active-extra-styles \" data-block-type=\"unstyled\" data-block-weight=\"18\" data-block-id=\"42\">\n<p class=\" content-text__container \" data-track-category=\"Link no Texto\" data-track-links=\"\" data-mrf-recirculation=\"Mat\u00e9ria - Links no Texto\">Veja abaixo o que se sabe at\u00e9 o momento sobre o ataque a tiros no jantar de gala:<\/p>\n<\/div>\n<\/div>\n<div id=\"chunk-jqme\">\n<div class=\"mc-column content-text active-extra-styles\" data-block-type=\"raw\" data-block-weight=\"149\" data-block-id=\"43\">\n<ul class=\"content-unordered-list\" data-mrf-recirculation=\"Mat\u00e9ria - Leia Tamb\u00e9m (Lista)\">\n<li>Trump participava de um jantar com jornalistas correspondentes da Casa Branca, mas foi retirado \u00e0s pressas pelo Servi\u00e7o Secreto ap\u00f3s participantes ouvirem tiros;<\/li>\n<li>O evento ocorreu em um hotel em Washington D.C., capital dos EUA. N\u00e3o havia revista, seguran\u00e7as apenas chegaram ingressos na entrada, segundo a rep\u00f3rter da TV Globo Raquel Krahenbuhl;<\/li>\n<li>Testemunhas relataram v\u00e1rios disparos e barulhos de explos\u00f5es, segundo ag\u00eancias de not\u00edcias internacionais;<\/li>\n<li>O autor do ataque foi preso pelo Servi\u00e7o Secreto e enviado para avalia\u00e7\u00e3o em um hospital na cidade;<\/li>\n<li>Tamb\u00e9m estavam no evento o vice-presidente J.D. Vance, a primeira-dama Melania Trump e o secret\u00e1rio de Estado Marco Rubio. Todos foram evacuados em seguran\u00e7a;<\/li>\n<li>O evento foi adiado por at\u00e9 30 dias, apesar de pedidos de Trump para que fosse retomado;<\/li>\n<li>A organiza\u00e7\u00e3o do evento informou que n\u00e3o h\u00e1 feridos;<\/li>\n<li>O suspeito do ataque estaria hospedado no hotel onde o jantar ocorria, segundo a pol\u00edcia local.<\/li>\n<\/ul>\n<\/div>\n<\/div>\n<\/div>\n<\/article>\n<\/div>\n","protected":false},"excerpt":{"rendered":"<p>Por\u00a0Reda\u00e7\u00e3o g1 Barulho de tiros interrompeu jantar com jornalistas e presidente Donald Trump em hotel em Washington D.C. Autoridades do governo dos EUA foram retiradas \u00e0s pressas. Suspeito era h\u00f3spede do hotel e est\u00e1 preso. Ele comparecer\u00e1 a tribunal na segunda (27). Veja o momento em que agentes de seguran\u00e7a retiram Trump de evento ap\u00f3s estrondos Os detalhes sobre o\u00a0ataque a tiros em um jantar de jornalistas\u00a0correspondentes da Casa Branca nos\u00a0Estados Unidos, ainda estavam vindo \u00e0 tona neste domingo (26), \u00e0 medida em que as autoridades apuram o incidente. O evento contava com a presen\u00e7a do presidente\u00a0Donald Trump\u00a0e outras autoridades do governo norte-americano. O que se sabe at\u00e9 o momento \u00e9 que\u00a0a seguran\u00e7a do jantar de gala foi fraca e&hellip; <\/p>\n","protected":false},"author":2,"featured_media":246169,"comment_status":"open","ping_status":"open","sticky":false,"template":"","format":"standard","meta":{"_acf_changed":false,"footnotes":""},"categories":[57],"tags":[],"class_list":["post-420407","post","type-post","status-publish","format-standard","has-post-thumbnail","hentry","category-internacional"],"acf":[],"yoast_head":"<!-- This site is optimized with the Yoast SEO plugin v27.4 - https:\/\/yoast.com\/product\/yoast-seo-wordpress\/ -->\n<title>Seguran\u00e7a fraca, &#039;momento traum\u00e1tico&#039; e investiga\u00e7\u00f5es ao suspeito: o que se sabe sobre tiros em jantar de gala nos EUA - Blog do Farn\u00e9sio<\/title>\n<meta name=\"robots\" content=\"index, follow, max-snippet:-1, max-image-preview:large, max-video-preview:-1\" \/>\n<link rel=\"canonical\" href=\"https:\/\/blogdofarnesio.com.br\/?p=420407\" \/>\n<meta property=\"og:locale\" content=\"pt_BR\" \/>\n<meta property=\"og:type\" content=\"article\" \/>\n<meta property=\"og:title\" content=\"Seguran\u00e7a fraca, &#039;momento traum\u00e1tico&#039; e investiga\u00e7\u00f5es ao suspeito: o que se sabe sobre tiros em jantar de gala nos EUA - Blog do Farn\u00e9sio\" \/>\n<meta property=\"og:description\" content=\"Por\u00a0Reda\u00e7\u00e3o g1 Barulho de tiros interrompeu jantar com jornalistas e presidente Donald Trump em hotel em Washington D.C. Autoridades do governo dos EUA foram retiradas \u00e0s pressas. Suspeito era h\u00f3spede do hotel e est\u00e1 preso. Ele comparecer\u00e1 a tribunal na segunda (27). Veja o momento em que agentes de seguran\u00e7a retiram Trump de evento ap\u00f3s estrondos Os detalhes sobre o\u00a0ataque a tiros em um jantar de jornalistas\u00a0correspondentes da Casa Branca nos\u00a0Estados Unidos, ainda estavam vindo \u00e0 tona neste domingo (26), \u00e0 medida em que as autoridades apuram o incidente. O evento contava com a presen\u00e7a do presidente\u00a0Donald Trump\u00a0e outras autoridades do governo norte-americano. O que se sabe at\u00e9 o momento \u00e9 que\u00a0a seguran\u00e7a do jantar de gala foi fraca e&hellip;\" \/>\n<meta property=\"og:url\" content=\"https:\/\/blogdofarnesio.com.br\/?p=420407\" \/>\n<meta property=\"og:site_name\" content=\"Blog do Farn\u00e9sio\" \/>\n<meta property=\"article:publisher\" content=\"https:\/\/www.facebook.com\/BlogQuerSaberPolitica\/\" \/>\n<meta property=\"article:author\" content=\"https:\/\/www.facebook.com\/?ref=tn_tnmn\" \/>\n<meta property=\"article:published_time\" content=\"2026-04-26T11:31:43+00:00\" \/>\n<meta property=\"article:modified_time\" content=\"2026-04-26T11:34:11+00:00\" \/>\n<meta property=\"og:image\" content=\"https:\/\/blogdofarnesio.com.br\/wp-content\/uploads\/2019\/12\/blogqsptrump-foto-A-Gazeta.jpg\" \/>\n\t<meta property=\"og:image:width\" content=\"380\" \/>\n\t<meta property=\"og:image:height\" content=\"280\" \/>\n\t<meta property=\"og:image:type\" content=\"image\/jpeg\" \/>\n<meta name=\"author\" content=\"Farn\u00e9sio\" \/>\n<meta name=\"twitter:card\" content=\"summary_large_image\" \/>\n<meta name=\"twitter:label1\" content=\"Escrito por\" \/>\n\t<meta name=\"twitter:data1\" content=\"Farn\u00e9sio\" \/>\n\t<meta name=\"twitter:label2\" content=\"Est. tempo de leitura\" \/>\n\t<meta name=\"twitter:data2\" content=\"7 minutos\" \/>\n<script type=\"application\/ld+json\" class=\"yoast-schema-graph\">{\"@context\":\"https:\\\/\\\/schema.org\",\"@graph\":[{\"@type\":\"Article\",\"@id\":\"https:\\\/\\\/blogdofarnesio.com.br\\\/?p=420407#article\",\"isPartOf\":{\"@id\":\"https:\\\/\\\/blogdofarnesio.com.br\\\/?p=420407\"},\"author\":{\"name\":\"Farn\u00e9sio\",\"@id\":\"https:\\\/\\\/blogdofarnesio.com.br\\\/#\\\/schema\\\/person\\\/bb9b23ae3ad0609ce8df7b6c9e76824d\"},\"headline\":\"Seguran\u00e7a fraca, &#8216;momento traum\u00e1tico&#8217; e investiga\u00e7\u00f5es ao suspeito: o que se sabe sobre tiros em jantar de gala nos EUA\",\"datePublished\":\"2026-04-26T11:31:43+00:00\",\"dateModified\":\"2026-04-26T11:34:11+00:00\",\"mainEntityOfPage\":{\"@id\":\"https:\\\/\\\/blogdofarnesio.com.br\\\/?p=420407\"},\"wordCount\":1305,\"commentCount\":0,\"publisher\":{\"@id\":\"https:\\\/\\\/blogdofarnesio.com.br\\\/#organization\"},\"image\":{\"@id\":\"https:\\\/\\\/blogdofarnesio.com.br\\\/?p=420407#primaryimage\"},\"thumbnailUrl\":\"https:\\\/\\\/blogdofarnesio.com.br\\\/wp-content\\\/uploads\\\/2019\\\/12\\\/blogqsptrump-foto-A-Gazeta.jpg\",\"articleSection\":[\"Internacional\"],\"inLanguage\":\"pt-BR\",\"potentialAction\":[{\"@type\":\"CommentAction\",\"name\":\"Comment\",\"target\":[\"https:\\\/\\\/blogdofarnesio.com.br\\\/?p=420407#respond\"]}]},{\"@type\":\"WebPage\",\"@id\":\"https:\\\/\\\/blogdofarnesio.com.br\\\/?p=420407\",\"url\":\"https:\\\/\\\/blogdofarnesio.com.br\\\/?p=420407\",\"name\":\"Seguran\u00e7a fraca, 'momento traum\u00e1tico' e investiga\u00e7\u00f5es ao suspeito: o que se sabe sobre tiros em jantar de gala nos EUA - Blog do Farn\u00e9sio\",\"isPartOf\":{\"@id\":\"https:\\\/\\\/blogdofarnesio.com.br\\\/#website\"},\"primaryImageOfPage\":{\"@id\":\"https:\\\/\\\/blogdofarnesio.com.br\\\/?p=420407#primaryimage\"},\"image\":{\"@id\":\"https:\\\/\\\/blogdofarnesio.com.br\\\/?p=420407#primaryimage\"},\"thumbnailUrl\":\"https:\\\/\\\/blogdofarnesio.com.br\\\/wp-content\\\/uploads\\\/2019\\\/12\\\/blogqsptrump-foto-A-Gazeta.jpg\",\"datePublished\":\"2026-04-26T11:31:43+00:00\",\"dateModified\":\"2026-04-26T11:34:11+00:00\",\"breadcrumb\":{\"@id\":\"https:\\\/\\\/blogdofarnesio.com.br\\\/?p=420407#breadcrumb\"},\"inLanguage\":\"pt-BR\",\"potentialAction\":[{\"@type\":\"ReadAction\",\"target\":[\"https:\\\/\\\/blogdofarnesio.com.br\\\/?p=420407\"]}]},{\"@type\":\"ImageObject\",\"inLanguage\":\"pt-BR\",\"@id\":\"https:\\\/\\\/blogdofarnesio.com.br\\\/?p=420407#primaryimage\",\"url\":\"https:\\\/\\\/blogdofarnesio.com.br\\\/wp-content\\\/uploads\\\/2019\\\/12\\\/blogqsptrump-foto-A-Gazeta.jpg\",\"contentUrl\":\"https:\\\/\\\/blogdofarnesio.com.br\\\/wp-content\\\/uploads\\\/2019\\\/12\\\/blogqsptrump-foto-A-Gazeta.jpg\",\"width\":380,\"height\":280},{\"@type\":\"BreadcrumbList\",\"@id\":\"https:\\\/\\\/blogdofarnesio.com.br\\\/?p=420407#breadcrumb\",\"itemListElement\":[{\"@type\":\"ListItem\",\"position\":1,\"name\":\"In\u00edcio\",\"item\":\"https:\\\/\\\/blogdofarnesio.com.br\\\/\"},{\"@type\":\"ListItem\",\"position\":2,\"name\":\"Seguran\u00e7a fraca, &#8216;momento traum\u00e1tico&#8217; e investiga\u00e7\u00f5es ao suspeito: o que se sabe sobre tiros em jantar de gala nos EUA\"}]},{\"@type\":\"WebSite\",\"@id\":\"https:\\\/\\\/blogdofarnesio.com.br\\\/#website\",\"url\":\"https:\\\/\\\/blogdofarnesio.com.br\\\/\",\"name\":\"Blog do Farn\u00e9sio\",\"description\":\"Quer Saber Pol\u00edtica?\",\"publisher\":{\"@id\":\"https:\\\/\\\/blogdofarnesio.com.br\\\/#organization\"},\"potentialAction\":[{\"@type\":\"SearchAction\",\"target\":{\"@type\":\"EntryPoint\",\"urlTemplate\":\"https:\\\/\\\/blogdofarnesio.com.br\\\/?s={search_term_string}\"},\"query-input\":{\"@type\":\"PropertyValueSpecification\",\"valueRequired\":true,\"valueName\":\"search_term_string\"}}],\"inLanguage\":\"pt-BR\"},{\"@type\":\"Organization\",\"@id\":\"https:\\\/\\\/blogdofarnesio.com.br\\\/#organization\",\"name\":\"Blog do Farn\u00e9sio\",\"url\":\"https:\\\/\\\/blogdofarnesio.com.br\\\/\",\"logo\":{\"@type\":\"ImageObject\",\"inLanguage\":\"pt-BR\",\"@id\":\"https:\\\/\\\/blogdofarnesio.com.br\\\/#\\\/schema\\\/logo\\\/image\\\/\",\"url\":\"https:\\\/\\\/blogdofarnesio.com.br\\\/wp-content\\\/uploads\\\/2026\\\/03\\\/cropped-logo_new-1.png\",\"contentUrl\":\"https:\\\/\\\/blogdofarnesio.com.br\\\/wp-content\\\/uploads\\\/2026\\\/03\\\/cropped-logo_new-1.png\",\"width\":881,\"height\":685,\"caption\":\"Blog do Farn\u00e9sio\"},\"image\":{\"@id\":\"https:\\\/\\\/blogdofarnesio.com.br\\\/#\\\/schema\\\/logo\\\/image\\\/\"},\"sameAs\":[\"https:\\\/\\\/www.facebook.com\\\/BlogQuerSaberPolitica\\\/\"]},{\"@type\":\"Person\",\"@id\":\"https:\\\/\\\/blogdofarnesio.com.br\\\/#\\\/schema\\\/person\\\/bb9b23ae3ad0609ce8df7b6c9e76824d\",\"name\":\"Farn\u00e9sio\",\"image\":{\"@type\":\"ImageObject\",\"inLanguage\":\"pt-BR\",\"@id\":\"https:\\\/\\\/secure.gravatar.com\\\/avatar\\\/986aa4c61ccdb66f8555bf88fc2a65609d00bcabd4d2d94377a727547345cbca?s=96&d=mm&r=g\",\"url\":\"https:\\\/\\\/secure.gravatar.com\\\/avatar\\\/986aa4c61ccdb66f8555bf88fc2a65609d00bcabd4d2d94377a727547345cbca?s=96&d=mm&r=g\",\"contentUrl\":\"https:\\\/\\\/secure.gravatar.com\\\/avatar\\\/986aa4c61ccdb66f8555bf88fc2a65609d00bcabd4d2d94377a727547345cbca?s=96&d=mm&r=g\",\"caption\":\"Farn\u00e9sio\"},\"description\":\"Radialista blogueiro, chegou a Petrolina\\\/Juazeiro em setembro de 1980, Farn\u00e9sio Silva \u00e9 de Arapiraca-Alagoas.\",\"sameAs\":[\"http:\\\/\\\/blogdofarnesio.com.br\",\"https:\\\/\\\/www.facebook.com\\\/?ref=tn_tnmn\",\"https:\\\/\\\/www.instagram.com\\\/?utm_source=pwa_homescreen\",\"https:\\\/\\\/youtube.com.br\\\/\"],\"url\":\"https:\\\/\\\/blogdofarnesio.com.br\\\/?author=2\"}]}<\/script>\n<!-- \/ Yoast SEO plugin. -->","yoast_head_json":{"title":"Seguran\u00e7a fraca, 'momento traum\u00e1tico' e investiga\u00e7\u00f5es ao suspeito: o que se sabe sobre tiros em jantar de gala nos EUA - Blog do Farn\u00e9sio","robots":{"index":"index","follow":"follow","max-snippet":"max-snippet:-1","max-image-preview":"max-image-preview:large","max-video-preview":"max-video-preview:-1"},"canonical":"https:\/\/blogdofarnesio.com.br\/?p=420407","og_locale":"pt_BR","og_type":"article","og_title":"Seguran\u00e7a fraca, 'momento traum\u00e1tico' e investiga\u00e7\u00f5es ao suspeito: o que se sabe sobre tiros em jantar de gala nos EUA - Blog do Farn\u00e9sio","og_description":"Por\u00a0Reda\u00e7\u00e3o g1 Barulho de tiros interrompeu jantar com jornalistas e presidente Donald Trump em hotel em Washington D.C. Autoridades do governo dos EUA foram retiradas \u00e0s pressas. Suspeito era h\u00f3spede do hotel e est\u00e1 preso. Ele comparecer\u00e1 a tribunal na segunda (27). Veja o momento em que agentes de seguran\u00e7a retiram Trump de evento ap\u00f3s estrondos Os detalhes sobre o\u00a0ataque a tiros em um jantar de jornalistas\u00a0correspondentes da Casa Branca nos\u00a0Estados Unidos, ainda estavam vindo \u00e0 tona neste domingo (26), \u00e0 medida em que as autoridades apuram o incidente. O evento contava com a presen\u00e7a do presidente\u00a0Donald Trump\u00a0e outras autoridades do governo norte-americano. O que se sabe at\u00e9 o momento \u00e9 que\u00a0a seguran\u00e7a do jantar de gala foi fraca e&hellip;","og_url":"https:\/\/blogdofarnesio.com.br\/?p=420407","og_site_name":"Blog do Farn\u00e9sio","article_publisher":"https:\/\/www.facebook.com\/BlogQuerSaberPolitica\/","article_author":"https:\/\/www.facebook.com\/?ref=tn_tnmn","article_published_time":"2026-04-26T11:31:43+00:00","article_modified_time":"2026-04-26T11:34:11+00:00","og_image":[{"width":380,"height":280,"url":"https:\/\/blogdofarnesio.com.br\/wp-content\/uploads\/2019\/12\/blogqsptrump-foto-A-Gazeta.jpg","type":"image\/jpeg"}],"author":"Farn\u00e9sio","twitter_card":"summary_large_image","twitter_misc":{"Escrito por":"Farn\u00e9sio","Est. tempo de leitura":"7 minutos"},"schema":{"@context":"https:\/\/schema.org","@graph":[{"@type":"Article","@id":"https:\/\/blogdofarnesio.com.br\/?p=420407#article","isPartOf":{"@id":"https:\/\/blogdofarnesio.com.br\/?p=420407"},"author":{"name":"Farn\u00e9sio","@id":"https:\/\/blogdofarnesio.com.br\/#\/schema\/person\/bb9b23ae3ad0609ce8df7b6c9e76824d"},"headline":"Seguran\u00e7a fraca, &#8216;momento traum\u00e1tico&#8217; e investiga\u00e7\u00f5es ao suspeito: o que se sabe sobre tiros em jantar de gala nos EUA","datePublished":"2026-04-26T11:31:43+00:00","dateModified":"2026-04-26T11:34:11+00:00","mainEntityOfPage":{"@id":"https:\/\/blogdofarnesio.com.br\/?p=420407"},"wordCount":1305,"commentCount":0,"publisher":{"@id":"https:\/\/blogdofarnesio.com.br\/#organization"},"image":{"@id":"https:\/\/blogdofarnesio.com.br\/?p=420407#primaryimage"},"thumbnailUrl":"https:\/\/blogdofarnesio.com.br\/wp-content\/uploads\/2019\/12\/blogqsptrump-foto-A-Gazeta.jpg","articleSection":["Internacional"],"inLanguage":"pt-BR","potentialAction":[{"@type":"CommentAction","name":"Comment","target":["https:\/\/blogdofarnesio.com.br\/?p=420407#respond"]}]},{"@type":"WebPage","@id":"https:\/\/blogdofarnesio.com.br\/?p=420407","url":"https:\/\/blogdofarnesio.com.br\/?p=420407","name":"Seguran\u00e7a fraca, 'momento traum\u00e1tico' e investiga\u00e7\u00f5es ao suspeito: o que se sabe sobre tiros em jantar de gala nos EUA - Blog do Farn\u00e9sio","isPartOf":{"@id":"https:\/\/blogdofarnesio.com.br\/#website"},"primaryImageOfPage":{"@id":"https:\/\/blogdofarnesio.com.br\/?p=420407#primaryimage"},"image":{"@id":"https:\/\/blogdofarnesio.com.br\/?p=420407#primaryimage"},"thumbnailUrl":"https:\/\/blogdofarnesio.com.br\/wp-content\/uploads\/2019\/12\/blogqsptrump-foto-A-Gazeta.jpg","datePublished":"2026-04-26T11:31:43+00:00","dateModified":"2026-04-26T11:34:11+00:00","breadcrumb":{"@id":"https:\/\/blogdofarnesio.com.br\/?p=420407#breadcrumb"},"inLanguage":"pt-BR","potentialAction":[{"@type":"ReadAction","target":["https:\/\/blogdofarnesio.com.br\/?p=420407"]}]},{"@type":"ImageObject","inLanguage":"pt-BR","@id":"https:\/\/blogdofarnesio.com.br\/?p=420407#primaryimage","url":"https:\/\/blogdofarnesio.com.br\/wp-content\/uploads\/2019\/12\/blogqsptrump-foto-A-Gazeta.jpg","contentUrl":"https:\/\/blogdofarnesio.com.br\/wp-content\/uploads\/2019\/12\/blogqsptrump-foto-A-Gazeta.jpg","width":380,"height":280},{"@type":"BreadcrumbList","@id":"https:\/\/blogdofarnesio.com.br\/?p=420407#breadcrumb","itemListElement":[{"@type":"ListItem","position":1,"name":"In\u00edcio","item":"https:\/\/blogdofarnesio.com.br\/"},{"@type":"ListItem","position":2,"name":"Seguran\u00e7a fraca, &#8216;momento traum\u00e1tico&#8217; e investiga\u00e7\u00f5es ao suspeito: o que se sabe sobre tiros em jantar de gala nos EUA"}]},{"@type":"WebSite","@id":"https:\/\/blogdofarnesio.com.br\/#website","url":"https:\/\/blogdofarnesio.com.br\/","name":"Blog do Farn\u00e9sio","description":"Quer Saber Pol\u00edtica?","publisher":{"@id":"https:\/\/blogdofarnesio.com.br\/#organization"},"potentialAction":[{"@type":"SearchAction","target":{"@type":"EntryPoint","urlTemplate":"https:\/\/blogdofarnesio.com.br\/?s={search_term_string}"},"query-input":{"@type":"PropertyValueSpecification","valueRequired":true,"valueName":"search_term_string"}}],"inLanguage":"pt-BR"},{"@type":"Organization","@id":"https:\/\/blogdofarnesio.com.br\/#organization","name":"Blog do Farn\u00e9sio","url":"https:\/\/blogdofarnesio.com.br\/","logo":{"@type":"ImageObject","inLanguage":"pt-BR","@id":"https:\/\/blogdofarnesio.com.br\/#\/schema\/logo\/image\/","url":"https:\/\/blogdofarnesio.com.br\/wp-content\/uploads\/2026\/03\/cropped-logo_new-1.png","contentUrl":"https:\/\/blogdofarnesio.com.br\/wp-content\/uploads\/2026\/03\/cropped-logo_new-1.png","width":881,"height":685,"caption":"Blog do Farn\u00e9sio"},"image":{"@id":"https:\/\/blogdofarnesio.com.br\/#\/schema\/logo\/image\/"},"sameAs":["https:\/\/www.facebook.com\/BlogQuerSaberPolitica\/"]},{"@type":"Person","@id":"https:\/\/blogdofarnesio.com.br\/#\/schema\/person\/bb9b23ae3ad0609ce8df7b6c9e76824d","name":"Farn\u00e9sio","image":{"@type":"ImageObject","inLanguage":"pt-BR","@id":"https:\/\/secure.gravatar.com\/avatar\/986aa4c61ccdb66f8555bf88fc2a65609d00bcabd4d2d94377a727547345cbca?s=96&d=mm&r=g","url":"https:\/\/secure.gravatar.com\/avatar\/986aa4c61ccdb66f8555bf88fc2a65609d00bcabd4d2d94377a727547345cbca?s=96&d=mm&r=g","contentUrl":"https:\/\/secure.gravatar.com\/avatar\/986aa4c61ccdb66f8555bf88fc2a65609d00bcabd4d2d94377a727547345cbca?s=96&d=mm&r=g","caption":"Farn\u00e9sio"},"description":"Radialista blogueiro, chegou a Petrolina\/Juazeiro em setembro de 1980, Farn\u00e9sio Silva \u00e9 de Arapiraca-Alagoas.","sameAs":["http:\/\/blogdofarnesio.com.br","https:\/\/www.facebook.com\/?ref=tn_tnmn","https:\/\/www.instagram.com\/?utm_source=pwa_homescreen","https:\/\/youtube.com.br\/"],"url":"https:\/\/blogdofarnesio.com.br\/?author=2"}]}},"_links":{"self":[{"href":"https:\/\/blogdofarnesio.com.br\/index.php?rest_route=\/wp\/v2\/posts\/420407","targetHints":{"allow":["GET"]}}],"collection":[{"href":"https:\/\/blogdofarnesio.com.br\/index.php?rest_route=\/wp\/v2\/posts"}],"about":[{"href":"https:\/\/blogdofarnesio.com.br\/index.php?rest_route=\/wp\/v2\/types\/post"}],"author":[{"embeddable":true,"href":"https:\/\/blogdofarnesio.com.br\/index.php?rest_route=\/wp\/v2\/users\/2"}],"replies":[{"embeddable":true,"href":"https:\/\/blogdofarnesio.com.br\/index.php?rest_route=%2Fwp%2Fv2%2Fcomments&post=420407"}],"version-history":[{"count":2,"href":"https:\/\/blogdofarnesio.com.br\/index.php?rest_route=\/wp\/v2\/posts\/420407\/revisions"}],"predecessor-version":[{"id":420409,"href":"https:\/\/blogdofarnesio.com.br\/index.php?rest_route=\/wp\/v2\/posts\/420407\/revisions\/420409"}],"wp:featuredmedia":[{"embeddable":true,"href":"https:\/\/blogdofarnesio.com.br\/index.php?rest_route=\/wp\/v2\/media\/246169"}],"wp:attachment":[{"href":"https:\/\/blogdofarnesio.com.br\/index.php?rest_route=%2Fwp%2Fv2%2Fmedia&parent=420407"}],"wp:term":[{"taxonomy":"category","embeddable":true,"href":"https:\/\/blogdofarnesio.com.br\/index.php?rest_route=%2Fwp%2Fv2%2Fcategories&post=420407"},{"taxonomy":"post_tag","embeddable":true,"href":"https:\/\/blogdofarnesio.com.br\/index.php?rest_route=%2Fwp%2Fv2%2Ftags&post=420407"}],"curies":[{"name":"wp","href":"https:\/\/api.w.org\/{rel}","templated":true}]}}