{"id":420397,"date":"2026-04-26T11:32:36","date_gmt":"2026-04-26T14:32:36","guid":{"rendered":"https:\/\/blogdofarnesio.com.br\/?p=420397"},"modified":"2026-04-26T08:56:11","modified_gmt":"2026-04-26T11:56:11","slug":"imposto-de-renda-idosos-recebem-alivio-e-ficam-livres-da-declaracao-em-2026","status":"publish","type":"post","link":"https:\/\/blogdofarnesio.com.br\/?p=420397","title":{"rendered":"Imposto de Renda: idosos recebem al\u00edvio e ficam livres da declara\u00e7\u00e3o em 2026"},"content":{"rendered":"<header class=\"amp-wp-article-header\">\n<div class=\"amp-wp-meta amp-wp-byline\">\u00a0<span class=\"amp-wp-author author vcard\">Moys\u00e9s Batista &#8211;\u00a0<\/span><\/div>\n<\/header>\n<div class=\"amp-wp-article-content\">\n<p data-start=\"246\" data-end=\"489\">Os idosos come\u00e7aram 2026 com um cen\u00e1rio mais favor\u00e1vel no\u00a0<strong><a href=\"https:\/\/fdr.com.br\/category\/financas\/irpf\/\">Imposto de Renda<\/a>.<\/strong>\u00a0A combina\u00e7\u00e3o entre nova faixa de isen\u00e7\u00e3o e benef\u00edcio adicional para maiores de 65 anos reduz a cobran\u00e7a mensal e, em alguns casos, elimina at\u00e9 a obriga\u00e7\u00e3o de declarar.<\/p>\n<p data-start=\"491\" data-end=\"679\">A mudan\u00e7a, por\u00e9m, n\u00e3o \u00e9 autom\u00e1tica. As regras continuam sendo definidas pela\u00a0<span class=\"hover:entity-accent entity-underline inline cursor-pointer align-baseline\"><span class=\"whitespace-normal\">Receita Federal do Brasil<\/span><\/span>\u00a0e dependem principalmente da renda anual e do patrim\u00f4nio do contribuinte.<\/p>\n<h2 data-section-id=\"d9dc4w\" data-start=\"681\" data-end=\"727\">Quem pode ficar livre da declara\u00e7\u00e3o em 2026<\/h2>\n<p data-start=\"729\" data-end=\"872\">A<strong>\u00a0dispensa da declara\u00e7\u00e3o<\/strong>\u00a0n\u00e3o acontece apenas pela idade. O fator decisivo continua sendo o enquadramento nas regras gerais do Imposto de Renda.<\/p>\n<p data-start=\"874\" data-end=\"912\">Ficam livres da entrega os idosos que:<\/p>\n<ul data-start=\"913\" data-end=\"1090\">\n<li data-section-id=\"974qtq\" data-start=\"913\" data-end=\"967\">n\u00e3o ultrapassam o limite anual de renda tribut\u00e1vel<\/li>\n<li data-section-id=\"1iey5e1\" data-start=\"968\" data-end=\"1011\">n\u00e3o possuem bens acima do valor exigido<\/li>\n<li data-section-id=\"1fzpe58\" data-start=\"1012\" data-end=\"1090\">n\u00e3o realizaram opera\u00e7\u00f5es com lucro, como venda de im\u00f3veis ou investimentos<\/li>\n<\/ul>\n<p data-start=\"1092\" data-end=\"1190\">Assim, quem est\u00e1 dentro desses crit\u00e9rios pode deixar de declarar normalmente, mesmo j\u00e1 aposentado.<\/p>\n<h2 data-section-id=\"i6axug\" data-start=\"1192\" data-end=\"1248\">Isen\u00e7\u00e3o extra para maiores de 65 anos reduz o imposto<\/h2>\n<p data-start=\"1250\" data-end=\"1372\">O principal al\u00edvio est\u00e1 na chamada\u00a0<strong data-start=\"1285\" data-end=\"1318\">isen\u00e7\u00e3o adicional para idosos<\/strong>, v\u00e1lida para rendimentos como aposentadoria e pens\u00e3o. Na pr\u00e1tica:<\/p>\n<ul data-start=\"1386\" data-end=\"1544\">\n<li data-section-id=\"9fakja\" data-start=\"1386\" data-end=\"1449\">existe uma faixa extra de renda isenta\u00a0<strong><a href=\"https:\/\/fdr.com.br\/2026\/04\/15\/13-do-inss-idosos-com-mais-mais-de-65-anos-e-moradores-de-sp-ficam-de-fora-do-pagamento\/\">a partir dos 65 anos<\/a><\/strong><\/li>\n<li data-section-id=\"1yjzfcu\" data-start=\"1450\" data-end=\"1494\">esse valor se soma \u00e0 isen\u00e7\u00e3o tradicional<\/li>\n<li data-section-id=\"u35xfw\" data-start=\"1495\" data-end=\"1544\">o imposto devido pode cair significativamente<\/li>\n<\/ul>\n<p data-start=\"1546\" data-end=\"1683\">Esse mecanismo, conhecido como \u201cdupla isen\u00e7\u00e3o\u201d, faz com que muitos aposentados tenham redu\u00e7\u00e3o direta no valor descontado ao longo do ano.<\/p>\n<h2 data-section-id=\"13i12ru\" data-start=\"1685\" data-end=\"1728\">Nova faixa de isen\u00e7\u00e3o amplia o benef\u00edcio<\/h2>\n<p data-start=\"1730\" data-end=\"1802\">Outro fator importante em 2026 \u00e9 a amplia\u00e7\u00e3o da faixa de isen\u00e7\u00e3o mensal. Quem recebe at\u00e9 cerca de R$ 5 mil pode ficar isento do Imposto de Renda na fonte. Como grande parte dos idosos est\u00e1 nessa faixa, o impacto \u00e9 direto no bolso.<\/p>\n<p data-start=\"1963\" data-end=\"2002\">Na pr\u00e1tica, a\u00a0<strong><a href=\"https:\/\/fdr.com.br\/category\/direitos-beneficios\/\">soma dos benef\u00edcios<\/a><\/strong>\u00a0pode:<\/p>\n<ul data-start=\"2003\" data-end=\"2121\">\n<li data-section-id=\"8x7pyq\" data-start=\"2003\" data-end=\"2029\">zerar o imposto mensal<\/li>\n<li data-section-id=\"28ltqu\" data-start=\"2030\" data-end=\"2065\">reduzir a base de c\u00e1lculo anual<\/li>\n<li data-section-id=\"t965za\" data-start=\"2066\" data-end=\"2121\">facilitar o enquadramento na dispensa da declara\u00e7\u00e3o<\/li>\n<\/ul>\n<h2 data-section-id=\"12vktdy\" data-start=\"2123\" data-end=\"2163\">Quando o idoso ainda precisa declarar<\/h2>\n<p data-start=\"2165\" data-end=\"2243\">Mesmo com as vantagens, h\u00e1 situa\u00e7\u00f5es em que a\u00a0<strong>declara\u00e7\u00e3o continua obrigat\u00f3ria<\/strong>.\u00a0Isso ocorre quando o contribuinte:<\/p>\n<ul data-start=\"2280\" data-end=\"2410\">\n<li data-section-id=\"1d5vnhv\" data-start=\"2280\" data-end=\"2318\">ultrapassa o limite anual de renda<\/li>\n<li data-section-id=\"9a9g1g\" data-start=\"2319\" data-end=\"2348\">possui patrim\u00f4nio elevado<\/li>\n<li data-section-id=\"1csbn25\" data-start=\"2349\" data-end=\"2410\">tem rendimentos adicionais, como aluguel ou investimentos<\/li>\n<\/ul>\n<p data-start=\"2412\" data-end=\"2500\">Nesses casos, a entrega da declara\u00e7\u00e3o segue exigida, ainda que n\u00e3o haja imposto a pagar.<\/p>\n<p data-start=\"2551\" data-end=\"2713\">Em resumo, o cen\u00e1rio de 2026\u00a0<strong>amplia o n\u00famero de idosos que deixam de pagar Imposto de Renda<\/strong>. Ao mesmo tempo, a dispensa da declara\u00e7\u00e3o continua condicionada \u00e0s regras gerais.<\/p>\n<p data-start=\"2715\" data-end=\"2901\">Em resumo, o al\u00edvio \u00e9 real e pode levar muitos brasileiros a ficarem livres da obriga\u00e7\u00e3o. Ainda assim, tudo depende do n\u00edvel de renda e da situa\u00e7\u00e3o financeira individual ao longo do ano<\/p>\n<\/div>\n","protected":false},"excerpt":{"rendered":"<p>\u00a0Moys\u00e9s Batista &#8211;\u00a0 Os idosos come\u00e7aram 2026 com um cen\u00e1rio mais favor\u00e1vel no\u00a0Imposto de Renda.\u00a0A combina\u00e7\u00e3o entre nova faixa de isen\u00e7\u00e3o e benef\u00edcio adicional para maiores de 65 anos reduz a cobran\u00e7a mensal e, em alguns casos, elimina at\u00e9 a obriga\u00e7\u00e3o de declarar. A mudan\u00e7a, por\u00e9m, n\u00e3o \u00e9 autom\u00e1tica. As regras continuam sendo definidas pela\u00a0Receita Federal do Brasil\u00a0e dependem principalmente da renda anual e do patrim\u00f4nio do contribuinte. Quem pode ficar livre da declara\u00e7\u00e3o em 2026 A\u00a0dispensa da declara\u00e7\u00e3o\u00a0n\u00e3o acontece apenas pela idade. O fator decisivo continua sendo o enquadramento nas regras gerais do Imposto de Renda. Ficam livres da entrega os idosos que: n\u00e3o ultrapassam o limite anual de renda tribut\u00e1vel n\u00e3o possuem bens acima do valor exigido n\u00e3o&hellip; <\/p>\n","protected":false},"author":2,"featured_media":392964,"comment_status":"open","ping_status":"open","sticky":false,"template":"","format":"standard","meta":{"_acf_changed":false,"footnotes":""},"categories":[20],"tags":[],"class_list":["post-420397","post","type-post","status-publish","format-standard","has-post-thumbnail","hentry","category-economia"],"acf":[],"yoast_head":"<!-- This site is optimized with the Yoast SEO plugin v27.4 - https:\/\/yoast.com\/product\/yoast-seo-wordpress\/ -->\n<title>Imposto de Renda: idosos recebem al\u00edvio e ficam livres da declara\u00e7\u00e3o em 2026 - Blog do Farn\u00e9sio<\/title>\n<meta name=\"robots\" content=\"index, follow, max-snippet:-1, max-image-preview:large, max-video-preview:-1\" \/>\n<link rel=\"canonical\" href=\"https:\/\/blogdofarnesio.com.br\/?p=420397\" \/>\n<meta property=\"og:locale\" content=\"pt_BR\" \/>\n<meta property=\"og:type\" content=\"article\" \/>\n<meta property=\"og:title\" content=\"Imposto de Renda: idosos recebem al\u00edvio e ficam livres da declara\u00e7\u00e3o em 2026 - Blog do Farn\u00e9sio\" \/>\n<meta property=\"og:description\" content=\"\u00a0Moys\u00e9s Batista &#8211;\u00a0 Os idosos come\u00e7aram 2026 com um cen\u00e1rio mais favor\u00e1vel no\u00a0Imposto de Renda.\u00a0A combina\u00e7\u00e3o entre nova faixa de isen\u00e7\u00e3o e benef\u00edcio adicional para maiores de 65 anos reduz a cobran\u00e7a mensal e, em alguns casos, elimina at\u00e9 a obriga\u00e7\u00e3o de declarar. A mudan\u00e7a, por\u00e9m, n\u00e3o \u00e9 autom\u00e1tica. As regras continuam sendo definidas pela\u00a0Receita Federal do Brasil\u00a0e dependem principalmente da renda anual e do patrim\u00f4nio do contribuinte. Quem pode ficar livre da declara\u00e7\u00e3o em 2026 A\u00a0dispensa da declara\u00e7\u00e3o\u00a0n\u00e3o acontece apenas pela idade. O fator decisivo continua sendo o enquadramento nas regras gerais do Imposto de Renda. Ficam livres da entrega os idosos que: n\u00e3o ultrapassam o limite anual de renda tribut\u00e1vel n\u00e3o possuem bens acima do valor exigido n\u00e3o&hellip;\" \/>\n<meta property=\"og:url\" content=\"https:\/\/blogdofarnesio.com.br\/?p=420397\" \/>\n<meta property=\"og:site_name\" content=\"Blog do Farn\u00e9sio\" \/>\n<meta property=\"article:publisher\" content=\"https:\/\/www.facebook.com\/BlogQuerSaberPolitica\/\" \/>\n<meta property=\"article:author\" content=\"https:\/\/www.facebook.com\/?ref=tn_tnmn\" \/>\n<meta property=\"article:published_time\" content=\"2026-04-26T14:32:36+00:00\" \/>\n<meta property=\"og:image\" content=\"https:\/\/blogdofarnesio.com.br\/wp-content\/uploads\/2025\/04\/blogqspidosos-aposentado.jpg\" \/>\n\t<meta property=\"og:image:width\" content=\"750\" \/>\n\t<meta property=\"og:image:height\" content=\"375\" \/>\n\t<meta property=\"og:image:type\" content=\"image\/jpeg\" \/>\n<meta name=\"author\" content=\"Farn\u00e9sio\" \/>\n<meta name=\"twitter:card\" content=\"summary_large_image\" \/>\n<meta name=\"twitter:label1\" content=\"Escrito por\" \/>\n\t<meta name=\"twitter:data1\" content=\"Farn\u00e9sio\" \/>\n\t<meta name=\"twitter:label2\" content=\"Est. tempo de leitura\" \/>\n\t<meta name=\"twitter:data2\" content=\"3 minutos\" \/>\n<script type=\"application\/ld+json\" class=\"yoast-schema-graph\">{\"@context\":\"https:\\\/\\\/schema.org\",\"@graph\":[{\"@type\":\"Article\",\"@id\":\"https:\\\/\\\/blogdofarnesio.com.br\\\/?p=420397#article\",\"isPartOf\":{\"@id\":\"https:\\\/\\\/blogdofarnesio.com.br\\\/?p=420397\"},\"author\":{\"name\":\"Farn\u00e9sio\",\"@id\":\"https:\\\/\\\/blogdofarnesio.com.br\\\/#\\\/schema\\\/person\\\/bb9b23ae3ad0609ce8df7b6c9e76824d\"},\"headline\":\"Imposto de Renda: idosos recebem al\u00edvio e ficam livres da declara\u00e7\u00e3o em 2026\",\"datePublished\":\"2026-04-26T14:32:36+00:00\",\"mainEntityOfPage\":{\"@id\":\"https:\\\/\\\/blogdofarnesio.com.br\\\/?p=420397\"},\"wordCount\":472,\"commentCount\":0,\"publisher\":{\"@id\":\"https:\\\/\\\/blogdofarnesio.com.br\\\/#organization\"},\"image\":{\"@id\":\"https:\\\/\\\/blogdofarnesio.com.br\\\/?p=420397#primaryimage\"},\"thumbnailUrl\":\"https:\\\/\\\/blogdofarnesio.com.br\\\/wp-content\\\/uploads\\\/2025\\\/04\\\/blogqspidosos-aposentado.jpg\",\"articleSection\":[\"Economia\"],\"inLanguage\":\"pt-BR\",\"potentialAction\":[{\"@type\":\"CommentAction\",\"name\":\"Comment\",\"target\":[\"https:\\\/\\\/blogdofarnesio.com.br\\\/?p=420397#respond\"]}]},{\"@type\":\"WebPage\",\"@id\":\"https:\\\/\\\/blogdofarnesio.com.br\\\/?p=420397\",\"url\":\"https:\\\/\\\/blogdofarnesio.com.br\\\/?p=420397\",\"name\":\"Imposto de Renda: idosos recebem al\u00edvio e ficam livres da declara\u00e7\u00e3o em 2026 - Blog do Farn\u00e9sio\",\"isPartOf\":{\"@id\":\"https:\\\/\\\/blogdofarnesio.com.br\\\/#website\"},\"primaryImageOfPage\":{\"@id\":\"https:\\\/\\\/blogdofarnesio.com.br\\\/?p=420397#primaryimage\"},\"image\":{\"@id\":\"https:\\\/\\\/blogdofarnesio.com.br\\\/?p=420397#primaryimage\"},\"thumbnailUrl\":\"https:\\\/\\\/blogdofarnesio.com.br\\\/wp-content\\\/uploads\\\/2025\\\/04\\\/blogqspidosos-aposentado.jpg\",\"datePublished\":\"2026-04-26T14:32:36+00:00\",\"breadcrumb\":{\"@id\":\"https:\\\/\\\/blogdofarnesio.com.br\\\/?p=420397#breadcrumb\"},\"inLanguage\":\"pt-BR\",\"potentialAction\":[{\"@type\":\"ReadAction\",\"target\":[\"https:\\\/\\\/blogdofarnesio.com.br\\\/?p=420397\"]}]},{\"@type\":\"ImageObject\",\"inLanguage\":\"pt-BR\",\"@id\":\"https:\\\/\\\/blogdofarnesio.com.br\\\/?p=420397#primaryimage\",\"url\":\"https:\\\/\\\/blogdofarnesio.com.br\\\/wp-content\\\/uploads\\\/2025\\\/04\\\/blogqspidosos-aposentado.jpg\",\"contentUrl\":\"https:\\\/\\\/blogdofarnesio.com.br\\\/wp-content\\\/uploads\\\/2025\\\/04\\\/blogqspidosos-aposentado.jpg\",\"width\":750,\"height\":375},{\"@type\":\"BreadcrumbList\",\"@id\":\"https:\\\/\\\/blogdofarnesio.com.br\\\/?p=420397#breadcrumb\",\"itemListElement\":[{\"@type\":\"ListItem\",\"position\":1,\"name\":\"In\u00edcio\",\"item\":\"https:\\\/\\\/blogdofarnesio.com.br\\\/\"},{\"@type\":\"ListItem\",\"position\":2,\"name\":\"Imposto de Renda: idosos recebem al\u00edvio e ficam livres da declara\u00e7\u00e3o em 2026\"}]},{\"@type\":\"WebSite\",\"@id\":\"https:\\\/\\\/blogdofarnesio.com.br\\\/#website\",\"url\":\"https:\\\/\\\/blogdofarnesio.com.br\\\/\",\"name\":\"Blog do Farn\u00e9sio\",\"description\":\"Quer Saber Pol\u00edtica?\",\"publisher\":{\"@id\":\"https:\\\/\\\/blogdofarnesio.com.br\\\/#organization\"},\"potentialAction\":[{\"@type\":\"SearchAction\",\"target\":{\"@type\":\"EntryPoint\",\"urlTemplate\":\"https:\\\/\\\/blogdofarnesio.com.br\\\/?s={search_term_string}\"},\"query-input\":{\"@type\":\"PropertyValueSpecification\",\"valueRequired\":true,\"valueName\":\"search_term_string\"}}],\"inLanguage\":\"pt-BR\"},{\"@type\":\"Organization\",\"@id\":\"https:\\\/\\\/blogdofarnesio.com.br\\\/#organization\",\"name\":\"Blog do Farn\u00e9sio\",\"url\":\"https:\\\/\\\/blogdofarnesio.com.br\\\/\",\"logo\":{\"@type\":\"ImageObject\",\"inLanguage\":\"pt-BR\",\"@id\":\"https:\\\/\\\/blogdofarnesio.com.br\\\/#\\\/schema\\\/logo\\\/image\\\/\",\"url\":\"https:\\\/\\\/blogdofarnesio.com.br\\\/wp-content\\\/uploads\\\/2026\\\/03\\\/cropped-logo_new-1.png\",\"contentUrl\":\"https:\\\/\\\/blogdofarnesio.com.br\\\/wp-content\\\/uploads\\\/2026\\\/03\\\/cropped-logo_new-1.png\",\"width\":881,\"height\":685,\"caption\":\"Blog do Farn\u00e9sio\"},\"image\":{\"@id\":\"https:\\\/\\\/blogdofarnesio.com.br\\\/#\\\/schema\\\/logo\\\/image\\\/\"},\"sameAs\":[\"https:\\\/\\\/www.facebook.com\\\/BlogQuerSaberPolitica\\\/\"]},{\"@type\":\"Person\",\"@id\":\"https:\\\/\\\/blogdofarnesio.com.br\\\/#\\\/schema\\\/person\\\/bb9b23ae3ad0609ce8df7b6c9e76824d\",\"name\":\"Farn\u00e9sio\",\"image\":{\"@type\":\"ImageObject\",\"inLanguage\":\"pt-BR\",\"@id\":\"https:\\\/\\\/secure.gravatar.com\\\/avatar\\\/986aa4c61ccdb66f8555bf88fc2a65609d00bcabd4d2d94377a727547345cbca?s=96&d=mm&r=g\",\"url\":\"https:\\\/\\\/secure.gravatar.com\\\/avatar\\\/986aa4c61ccdb66f8555bf88fc2a65609d00bcabd4d2d94377a727547345cbca?s=96&d=mm&r=g\",\"contentUrl\":\"https:\\\/\\\/secure.gravatar.com\\\/avatar\\\/986aa4c61ccdb66f8555bf88fc2a65609d00bcabd4d2d94377a727547345cbca?s=96&d=mm&r=g\",\"caption\":\"Farn\u00e9sio\"},\"description\":\"Radialista blogueiro, chegou a Petrolina\\\/Juazeiro em setembro de 1980, Farn\u00e9sio Silva \u00e9 de Arapiraca-Alagoas.\",\"sameAs\":[\"http:\\\/\\\/blogdofarnesio.com.br\",\"https:\\\/\\\/www.facebook.com\\\/?ref=tn_tnmn\",\"https:\\\/\\\/www.instagram.com\\\/?utm_source=pwa_homescreen\",\"https:\\\/\\\/youtube.com.br\\\/\"],\"url\":\"https:\\\/\\\/blogdofarnesio.com.br\\\/?author=2\"}]}<\/script>\n<!-- \/ Yoast SEO plugin. -->","yoast_head_json":{"title":"Imposto de Renda: idosos recebem al\u00edvio e ficam livres da declara\u00e7\u00e3o em 2026 - Blog do Farn\u00e9sio","robots":{"index":"index","follow":"follow","max-snippet":"max-snippet:-1","max-image-preview":"max-image-preview:large","max-video-preview":"max-video-preview:-1"},"canonical":"https:\/\/blogdofarnesio.com.br\/?p=420397","og_locale":"pt_BR","og_type":"article","og_title":"Imposto de Renda: idosos recebem al\u00edvio e ficam livres da declara\u00e7\u00e3o em 2026 - Blog do Farn\u00e9sio","og_description":"\u00a0Moys\u00e9s Batista &#8211;\u00a0 Os idosos come\u00e7aram 2026 com um cen\u00e1rio mais favor\u00e1vel no\u00a0Imposto de Renda.\u00a0A combina\u00e7\u00e3o entre nova faixa de isen\u00e7\u00e3o e benef\u00edcio adicional para maiores de 65 anos reduz a cobran\u00e7a mensal e, em alguns casos, elimina at\u00e9 a obriga\u00e7\u00e3o de declarar. A mudan\u00e7a, por\u00e9m, n\u00e3o \u00e9 autom\u00e1tica. As regras continuam sendo definidas pela\u00a0Receita Federal do Brasil\u00a0e dependem principalmente da renda anual e do patrim\u00f4nio do contribuinte. Quem pode ficar livre da declara\u00e7\u00e3o em 2026 A\u00a0dispensa da declara\u00e7\u00e3o\u00a0n\u00e3o acontece apenas pela idade. O fator decisivo continua sendo o enquadramento nas regras gerais do Imposto de Renda. Ficam livres da entrega os idosos que: n\u00e3o ultrapassam o limite anual de renda tribut\u00e1vel n\u00e3o possuem bens acima do valor exigido n\u00e3o&hellip;","og_url":"https:\/\/blogdofarnesio.com.br\/?p=420397","og_site_name":"Blog do Farn\u00e9sio","article_publisher":"https:\/\/www.facebook.com\/BlogQuerSaberPolitica\/","article_author":"https:\/\/www.facebook.com\/?ref=tn_tnmn","article_published_time":"2026-04-26T14:32:36+00:00","og_image":[{"width":750,"height":375,"url":"https:\/\/blogdofarnesio.com.br\/wp-content\/uploads\/2025\/04\/blogqspidosos-aposentado.jpg","type":"image\/jpeg"}],"author":"Farn\u00e9sio","twitter_card":"summary_large_image","twitter_misc":{"Escrito por":"Farn\u00e9sio","Est. tempo de leitura":"3 minutos"},"schema":{"@context":"https:\/\/schema.org","@graph":[{"@type":"Article","@id":"https:\/\/blogdofarnesio.com.br\/?p=420397#article","isPartOf":{"@id":"https:\/\/blogdofarnesio.com.br\/?p=420397"},"author":{"name":"Farn\u00e9sio","@id":"https:\/\/blogdofarnesio.com.br\/#\/schema\/person\/bb9b23ae3ad0609ce8df7b6c9e76824d"},"headline":"Imposto de Renda: idosos recebem al\u00edvio e ficam livres da declara\u00e7\u00e3o em 2026","datePublished":"2026-04-26T14:32:36+00:00","mainEntityOfPage":{"@id":"https:\/\/blogdofarnesio.com.br\/?p=420397"},"wordCount":472,"commentCount":0,"publisher":{"@id":"https:\/\/blogdofarnesio.com.br\/#organization"},"image":{"@id":"https:\/\/blogdofarnesio.com.br\/?p=420397#primaryimage"},"thumbnailUrl":"https:\/\/blogdofarnesio.com.br\/wp-content\/uploads\/2025\/04\/blogqspidosos-aposentado.jpg","articleSection":["Economia"],"inLanguage":"pt-BR","potentialAction":[{"@type":"CommentAction","name":"Comment","target":["https:\/\/blogdofarnesio.com.br\/?p=420397#respond"]}]},{"@type":"WebPage","@id":"https:\/\/blogdofarnesio.com.br\/?p=420397","url":"https:\/\/blogdofarnesio.com.br\/?p=420397","name":"Imposto de Renda: idosos recebem al\u00edvio e ficam livres da declara\u00e7\u00e3o em 2026 - Blog do Farn\u00e9sio","isPartOf":{"@id":"https:\/\/blogdofarnesio.com.br\/#website"},"primaryImageOfPage":{"@id":"https:\/\/blogdofarnesio.com.br\/?p=420397#primaryimage"},"image":{"@id":"https:\/\/blogdofarnesio.com.br\/?p=420397#primaryimage"},"thumbnailUrl":"https:\/\/blogdofarnesio.com.br\/wp-content\/uploads\/2025\/04\/blogqspidosos-aposentado.jpg","datePublished":"2026-04-26T14:32:36+00:00","breadcrumb":{"@id":"https:\/\/blogdofarnesio.com.br\/?p=420397#breadcrumb"},"inLanguage":"pt-BR","potentialAction":[{"@type":"ReadAction","target":["https:\/\/blogdofarnesio.com.br\/?p=420397"]}]},{"@type":"ImageObject","inLanguage":"pt-BR","@id":"https:\/\/blogdofarnesio.com.br\/?p=420397#primaryimage","url":"https:\/\/blogdofarnesio.com.br\/wp-content\/uploads\/2025\/04\/blogqspidosos-aposentado.jpg","contentUrl":"https:\/\/blogdofarnesio.com.br\/wp-content\/uploads\/2025\/04\/blogqspidosos-aposentado.jpg","width":750,"height":375},{"@type":"BreadcrumbList","@id":"https:\/\/blogdofarnesio.com.br\/?p=420397#breadcrumb","itemListElement":[{"@type":"ListItem","position":1,"name":"In\u00edcio","item":"https:\/\/blogdofarnesio.com.br\/"},{"@type":"ListItem","position":2,"name":"Imposto de Renda: idosos recebem al\u00edvio e ficam livres da declara\u00e7\u00e3o em 2026"}]},{"@type":"WebSite","@id":"https:\/\/blogdofarnesio.com.br\/#website","url":"https:\/\/blogdofarnesio.com.br\/","name":"Blog do Farn\u00e9sio","description":"Quer Saber Pol\u00edtica?","publisher":{"@id":"https:\/\/blogdofarnesio.com.br\/#organization"},"potentialAction":[{"@type":"SearchAction","target":{"@type":"EntryPoint","urlTemplate":"https:\/\/blogdofarnesio.com.br\/?s={search_term_string}"},"query-input":{"@type":"PropertyValueSpecification","valueRequired":true,"valueName":"search_term_string"}}],"inLanguage":"pt-BR"},{"@type":"Organization","@id":"https:\/\/blogdofarnesio.com.br\/#organization","name":"Blog do Farn\u00e9sio","url":"https:\/\/blogdofarnesio.com.br\/","logo":{"@type":"ImageObject","inLanguage":"pt-BR","@id":"https:\/\/blogdofarnesio.com.br\/#\/schema\/logo\/image\/","url":"https:\/\/blogdofarnesio.com.br\/wp-content\/uploads\/2026\/03\/cropped-logo_new-1.png","contentUrl":"https:\/\/blogdofarnesio.com.br\/wp-content\/uploads\/2026\/03\/cropped-logo_new-1.png","width":881,"height":685,"caption":"Blog do Farn\u00e9sio"},"image":{"@id":"https:\/\/blogdofarnesio.com.br\/#\/schema\/logo\/image\/"},"sameAs":["https:\/\/www.facebook.com\/BlogQuerSaberPolitica\/"]},{"@type":"Person","@id":"https:\/\/blogdofarnesio.com.br\/#\/schema\/person\/bb9b23ae3ad0609ce8df7b6c9e76824d","name":"Farn\u00e9sio","image":{"@type":"ImageObject","inLanguage":"pt-BR","@id":"https:\/\/secure.gravatar.com\/avatar\/986aa4c61ccdb66f8555bf88fc2a65609d00bcabd4d2d94377a727547345cbca?s=96&d=mm&r=g","url":"https:\/\/secure.gravatar.com\/avatar\/986aa4c61ccdb66f8555bf88fc2a65609d00bcabd4d2d94377a727547345cbca?s=96&d=mm&r=g","contentUrl":"https:\/\/secure.gravatar.com\/avatar\/986aa4c61ccdb66f8555bf88fc2a65609d00bcabd4d2d94377a727547345cbca?s=96&d=mm&r=g","caption":"Farn\u00e9sio"},"description":"Radialista blogueiro, chegou a Petrolina\/Juazeiro em setembro de 1980, Farn\u00e9sio Silva \u00e9 de Arapiraca-Alagoas.","sameAs":["http:\/\/blogdofarnesio.com.br","https:\/\/www.facebook.com\/?ref=tn_tnmn","https:\/\/www.instagram.com\/?utm_source=pwa_homescreen","https:\/\/youtube.com.br\/"],"url":"https:\/\/blogdofarnesio.com.br\/?author=2"}]}},"_links":{"self":[{"href":"https:\/\/blogdofarnesio.com.br\/index.php?rest_route=\/wp\/v2\/posts\/420397","targetHints":{"allow":["GET"]}}],"collection":[{"href":"https:\/\/blogdofarnesio.com.br\/index.php?rest_route=\/wp\/v2\/posts"}],"about":[{"href":"https:\/\/blogdofarnesio.com.br\/index.php?rest_route=\/wp\/v2\/types\/post"}],"author":[{"embeddable":true,"href":"https:\/\/blogdofarnesio.com.br\/index.php?rest_route=\/wp\/v2\/users\/2"}],"replies":[{"embeddable":true,"href":"https:\/\/blogdofarnesio.com.br\/index.php?rest_route=%2Fwp%2Fv2%2Fcomments&post=420397"}],"version-history":[{"count":2,"href":"https:\/\/blogdofarnesio.com.br\/index.php?rest_route=\/wp\/v2\/posts\/420397\/revisions"}],"predecessor-version":[{"id":420422,"href":"https:\/\/blogdofarnesio.com.br\/index.php?rest_route=\/wp\/v2\/posts\/420397\/revisions\/420422"}],"wp:featuredmedia":[{"embeddable":true,"href":"https:\/\/blogdofarnesio.com.br\/index.php?rest_route=\/wp\/v2\/media\/392964"}],"wp:attachment":[{"href":"https:\/\/blogdofarnesio.com.br\/index.php?rest_route=%2Fwp%2Fv2%2Fmedia&parent=420397"}],"wp:term":[{"taxonomy":"category","embeddable":true,"href":"https:\/\/blogdofarnesio.com.br\/index.php?rest_route=%2Fwp%2Fv2%2Fcategories&post=420397"},{"taxonomy":"post_tag","embeddable":true,"href":"https:\/\/blogdofarnesio.com.br\/index.php?rest_route=%2Fwp%2Fv2%2Ftags&post=420397"}],"curies":[{"name":"wp","href":"https:\/\/api.w.org\/{rel}","templated":true}]}}