{"id":420383,"date":"2026-04-27T07:42:55","date_gmt":"2026-04-27T10:42:55","guid":{"rendered":"https:\/\/blogdofarnesio.com.br\/?p=420383"},"modified":"2026-04-26T17:31:12","modified_gmt":"2026-04-26T20:31:12","slug":"marinha-do-brasil-apoia-forca-tarefa-para-retomada-da-navegacao-comercial-juazeiro-pirapora-na-nova-hidrovia-do-rio-sao-francisco","status":"publish","type":"post","link":"https:\/\/blogdofarnesio.com.br\/?p=420383","title":{"rendered":"Marinha do Brasil apoia for\u00e7a-tarefa para retomada da navega\u00e7\u00e3o comercial Juazeiro\/Pirapora, na nova hidrovia do Rio S\u00e3o Francisco"},"content":{"rendered":"<header class=\"navbar-light navbar-sticky header-static navbar-sticky-on\">\n<nav class=\"region-header navbar navbar-expand-lg\">\n<div class=\"container\">\n<div id=\"block-agmarinha-site-branding\" class=\"block block-system block-system-branding-block\">\n<div class=\"logo-e-menuOffCanvas d-flex align-items-center\">\n<div>Por <span class=\"text-reset ms-1 me-2 text-border\">Segundo-Tenente (RM2-T) Jana\u00edna Casanova<\/span><\/div>\n<div class=\"nav-item me-3\"><\/div>\n<\/div>\n<\/div>\n<\/div>\n<\/nav>\n<\/header>\n<section class=\"pt-2\">\n<div class=\"container position-relative\" data-sticky-container=\"\">\n<div class=\"row\">\n<section class=\"conteudo-materia mobile p-3 pt-0 h1\">\n<h4 class=\"lead py-1\">Comboio saiu de Pirapora (MG) com destino a Juazeiro (BA) em miss\u00e3o explorat\u00f3ria<\/h4>\n<\/section>\n<\/div>\n<div class=\"row\">\n<div class=\"col-lg-9 mb-5 text-justify\">\n<div id=\"block-agmarinha-conteudodapaginaprincipal\" class=\"block block-system block-system-main-block\">\n<article class=\"article-body node node--type-article node--sticky node--view-mode-full\" data-history-node-id=\"2005\">\n<p class=\"text-align-justify\">Nas \u00e1guas do \u201cVelho Chico\u201d, a Marinha do Brasil (MB) se une a uma for\u00e7a-tarefa para retomar a navega\u00e7\u00e3o comercial em uma das mais importantes vias de desenvolvimento econ\u00f4mico, social, cultural e ambiental do Pa\u00eds. A miss\u00e3o explorat\u00f3ria partiu de Pirapora (MG), no dia 2 de abril, com cinco embarca\u00e7\u00f5es (a barca Cidade Pirapora, duas chatas, a draga Matrich\u00e3 e um rebocador), descendo o rio com destino a Juazeiro (BA), totalizando 1.371 quil\u00f4metros de extens\u00e3o da nova hidrovia. No dia 15 de abril, o comboio atracou pr\u00f3ximo \u00e0 barragem de Sobradinho, concluindo a primeira etapa da miss\u00e3o.<\/p>\n<p class=\"text-align-justify\">A partir da autoriza\u00e7\u00e3o do Minist\u00e9rio dos Portos e Aeroportos (MPor), a Companhia das Docas do Estado da Bahia \u2013 CODEBA, Autoridade Portu\u00e1ria Federal, elaborou o projeto da nova hidrovia do Rio S\u00e3o Francisco e organizou a documenta\u00e7\u00e3o das embarca\u00e7\u00f5es junto ao Departamento Nacional de Infraestrutura de Transportes (DNIT) para transport\u00e1-las at\u00e9 Juazeiro, onde ser\u00e3o feitas as manuten\u00e7\u00f5es. O planejamento envolveu estudos t\u00e9cnicos, monitoramento cont\u00ednuo e an\u00e1lise das condi\u00e7\u00f5es naturais do rio que, nesta \u00e9poca do ano, apresenta condi\u00e7\u00f5es favor\u00e1veis de navega\u00e7\u00e3o devido \u00e0 cheia.<\/p>\n<figure><img loading=\"lazy\" decoding=\"async\" class=\"aligncenter size-full wp-image-420390\" src=\"https:\/\/blogdofarnesio.com.br\/wp-content\/uploads\/2026\/04\/capa_716-e1777235044591.webp\" alt=\"\" width=\"670\" height=\"386\" \/><figcaption class=\"text-end text-dark-emphasis pe-2\">Comboio com cinco embarca\u00e7\u00f5es percorreu 1.371km &#8211; Imagem: Segundo-Sargento Denis Rocha\/Marinha do Brasil<\/figcaption><\/figure>\n<p class=\"text-align-justify\">Militares da MB da Delegacia Fluvial de Pirapora; Ag\u00eancia Fluvial de Bom Jesus da Lapa; Capitania Fluvial de Juazeiro e do Comando do 2\u00ba Distrito Naval (Com2\u00baDN) acompanham o comboio hist\u00f3rico garantindo a seguran\u00e7a dos equipamentos e das pessoas que conduzem a embarca\u00e7\u00e3o nessa primeira miss\u00e3o explorat\u00f3ria voltada \u00e0 retomada da navega\u00e7\u00e3o no \u201cVelho Chico\u201d.<\/p>\n<p class=\"text-align-justify\">O Assessor de Comunica\u00e7\u00e3o do Com2\u00baDN, Capit\u00e3o de Mar e Guerra (Quadro T\u00e9cnico) Fl\u00e1vio Almeida, foi agente fluvial de Juazeiro h\u00e1 20 anos (de 2004 a 2006), \u00e9poca em que a hidrovia funcionava a todo vapor. Ele conta que os comboios seguiam em dire\u00e7\u00e3o a Ibotirama (BA) buscando os gr\u00e3os do Oeste da Bahia, como soja, caro\u00e7o de algod\u00e3o e milho, que eram trazidos para a regi\u00e3o de Juazeiro e Petrolina. Da mesma forma, existiam outras embarca\u00e7\u00f5es comerciais que iam at\u00e9 Minas Gerais buscando v\u00edveres. A navega\u00e7\u00e3o funcionava plenamente e era uma alegria para a popula\u00e7\u00e3o dessas cidades, pois criava muitas oportunidades.<\/p>\n<p class=\"text-align-justify\">\u201cEsse momento, al\u00e9m de hist\u00f3rico, \u00e9 importante e emocionante pois traz esperan\u00e7a para as pessoas que vivem aqui no Vale do S\u00e3o Francisco, gerando emprego, renda e oportunidades. \u00c9 bom estar aqui em nome da Marinha do Brasil contribuindo para o desenvolvimento do Vale do S\u00e3o Francisco, como n\u00f3s fazemos em todo o Brasil.&#8221;<\/p>\n<p class=\"text-align-justify\">O apoio neste momento \u00e9 fundamental, pois a hidrovia est\u00e1 sem sinaliza\u00e7\u00e3o e balizamento, etapa que ser\u00e1 conclu\u00edda ap\u00f3s estudos t\u00e9cnicos.<\/p>\n<figure class=\"bg-light p-3 p-md-5 my-3 rounded\">\n<blockquote class=\"blockquote\"><p>A Marinha, al\u00e9m da sua responsabilidade no tocante \u00e0 seguran\u00e7a da navega\u00e7\u00e3o e da salvaguarda da vida humana no mar, tamb\u00e9m atua como um polo dinamizador das atividades da Economia Azul, entre elas a navega\u00e7\u00e3o comercial\u201d, explica o Comandante Fl\u00e1vio Almeida.<\/p><\/blockquote>\n<\/figure>\n<figure><img loading=\"lazy\" decoding=\"async\" class=\"aligncenter size-full wp-image-420389\" src=\"https:\/\/blogdofarnesio.com.br\/wp-content\/uploads\/2026\/04\/foto2_373-e1777235103886.webp\" alt=\"\" width=\"670\" height=\"401\" \/><figcaption class=\"text-end text-dark-emphasis pe-2\">Tripula\u00e7\u00e3o saiu de Pirapora (MG) e contou com apoio da Marinha do Brasil &#8211; Imagem: Segundo-Sargento Denis Rocha\/Marinha do Brasil<\/figcaption><\/figure>\n<h5 class=\"text-align-justify\">Navegando com a experi\u00eancia<\/h5>\n<p class=\"text-align-justify\">Uma miss\u00e3o como essa envolve o esfor\u00e7o de todos. Cada pessoa da tripula\u00e7\u00e3o \u00e9 fundamental. Nesse caminho, as experi\u00eancias se unem. Reginaldo Santos, Comandante do Comboio, navega no S\u00e3o Francisco h\u00e1 mais de 40 anos e se considera um desbravador da nova era.<\/p>\n<figure class=\"bg-light p-3 p-md-5 my-3 rounded\">\n<blockquote class=\"blockquote\"><p>\u00c9 um sonho, primeiro estar aqui, segundo estar acompanhado pela Marinha e retornar ao lago de Sobradinho 20 anos depois. O Rio S\u00e3o Francisco ainda \u00e9 muito importante para os ribeirinhos, e isso traz uma leitura de futuro, de esperan\u00e7a, de ver o \u2018Velho Chico\u2019 que est\u00e1 tentando respirar. E eu acredito que vai dar certo\u201d, falou o Comandante.<\/p><\/blockquote>\n<\/figure>\n<p class=\"text-align-justify\">Unindo experi\u00eancias do conhecimento emp\u00edrico e das tecnologias de navega\u00e7\u00e3o, o olhar certeiro para a rota naveg\u00e1vel do Rio vem de muitos anos no tim\u00e3o. \u201c\u00c9 gratificante a Marinha ter nos acompanhado. Conhecer nossa lida do dia a dia e quando traz a modernidade junto, h\u00e1 o aprendizado e a possibilidade de mudan\u00e7a\u201d, disse Reginaldo.<\/p>\n<figure><img loading=\"lazy\" decoding=\"async\" class=\"aligncenter size-full wp-image-420388\" src=\"https:\/\/blogdofarnesio.com.br\/wp-content\/uploads\/2026\/04\/foto3_228.webp\" alt=\"\" width=\"1170\" height=\"700\" srcset=\"https:\/\/blogdofarnesio.com.br\/wp-content\/uploads\/2026\/04\/foto3_228.webp 1170w, https:\/\/blogdofarnesio.com.br\/wp-content\/uploads\/2026\/04\/foto3_228-300x179.webp 300w, https:\/\/blogdofarnesio.com.br\/wp-content\/uploads\/2026\/04\/foto3_228-1024x613.webp 1024w, https:\/\/blogdofarnesio.com.br\/wp-content\/uploads\/2026\/04\/foto3_228-768x459.webp 768w\" sizes=\"auto, (max-width: 1170px) 100vw, 1170px\" \/><figcaption class=\"text-end text-dark-emphasis pe-2\">Reginaldo trouxe experi\u00eancia de mais de 40 anos navegando no \u201cVelho Chico\u201d &#8211; Imagem: Segundo Sargento Denis Rocha\/Marinha do Brasil<\/figcaption><\/figure>\n<p class=\"text-align-justify\">Para o piloto fluvial Natanael da Rocha Montalv\u00e3o, a rota n\u00e3o sai da cabe\u00e7a de quem navegou por muitos anos. \u201cO rio pode ter seu percurso mudado devido aos bancos de areia, e a gente v\u00ea a ca\u00edda da \u00e1gua no barranco, o pedral, para que lado est\u00e1 jogando, e a gente tem essa no\u00e7\u00e3o de onde est\u00e1 o canal na vis\u00e3o de navegador. Est\u00e1 sendo uma experi\u00eancia muito boa para mim e para todos que est\u00e3o navegando com a gente\u201d, contou Natanael, que retorna ao \u201cVelho Chico\u201d ap\u00f3s 12 anos.<\/p>\n<figure><img loading=\"lazy\" decoding=\"async\" class=\"aligncenter  wp-image-420386\" src=\"https:\/\/blogdofarnesio.com.br\/wp-content\/uploads\/2026\/04\/foto6_36.webp\" alt=\"\" width=\"757\" height=\"453\" srcset=\"https:\/\/blogdofarnesio.com.br\/wp-content\/uploads\/2026\/04\/foto6_36.webp 1170w, https:\/\/blogdofarnesio.com.br\/wp-content\/uploads\/2026\/04\/foto6_36-300x179.webp 300w, https:\/\/blogdofarnesio.com.br\/wp-content\/uploads\/2026\/04\/foto6_36-1024x613.webp 1024w, https:\/\/blogdofarnesio.com.br\/wp-content\/uploads\/2026\/04\/foto6_36-768x459.webp 768w\" sizes=\"auto, (max-width: 757px) 100vw, 757px\" \/><figcaption class=\"text-end text-dark-emphasis pe-2\">Comboio retoma navega\u00e7\u00e3o no S\u00e3o Francisco ap\u00f3s 12 anos &#8211; Imagem: Segundo Sargento Denis Rocha\/Marinha do Brasil<\/figcaption><\/figure>\n<h5 class=\"text-align-justify\">Aprendizados e esperan\u00e7a<\/h5>\n<p class=\"text-align-justify\">O Segundo-Sargento (Manobras e Reparos) Ricardo Luiz Rodrigues Gomes \u00e9 natural da Zona da Mata, em Pernambuco, e auxiliou a navega\u00e7\u00e3o com os conhecimentos t\u00e9cnicos. Para ele, o comboio trouxe li\u00e7\u00f5es de vida com conhecimento lento, manso, que os velhos historiadores do S\u00e3o Francisco mostravam a cada dia, a cada virada de tim\u00e3o.<\/p>\n<figure class=\"bg-light p-3 p-md-5 my-3 rounded\">\n<blockquote class=\"blockquote\"><p>\u201c\u00c9 s\u00f3 olhar a emo\u00e7\u00e3o no olho de cada ribeirinho. De ver o rio renascer, a renda passar na porta dele, fazendo reascender as cidades que est\u00e3o no seu entorno, revivendo essa veia de vida aberta que \u00e9 o &#8216;Velho Chico&#8217; no meio do Sert\u00e3o brasileiro. Nosso comboio est\u00e1 trazendo essa esperan\u00e7a de volta\u201d, ressalta Gomes.<\/p><\/blockquote>\n<\/figure>\n<p class=\"text-align-justify\">Em duas semanas navegando, o comboio passou por Pirapora (MG); Ibia\u00ed (MG); S\u00e3o Rom\u00e3o (MG); Carinhanha (BA); Bom Jesus da Lapa (BA); Paratinga (BA); Ibotirama (BA); Barra (BA); Xique-Xique (BA); Pil\u00e3o Arcado (BA); Sento S\u00e9 (BA); Casa Nova (BA) e Barragem de Sobradinho (BA), antes de chegar ao destino final que \u00e9 Juazeiro (BA).<\/p>\n<h5 class=\"text-align-justify\"><img loading=\"lazy\" decoding=\"async\" class=\"aligncenter size-full wp-image-420391\" src=\"https:\/\/blogdofarnesio.com.br\/wp-content\/uploads\/2026\/04\/foto1_474-e1777234951908.webp\" alt=\"\" width=\"670\" height=\"335\" \/><\/h5>\n<figure><figcaption class=\"text-end text-dark-emphasis pe-2\">Equipamentos de sinaliza\u00e7\u00e3o foram levados pelo comboio &#8211; Imagem: Segundo Sargento Denis Rocha\/Marinha do Brasil<\/figcaption><\/figure>\n<h5 class=\"text-align-justify\">Hidrovia estrat\u00e9gica<\/h5>\n<p class=\"text-align-justify\">Fundamental para a integra\u00e7\u00e3o e o desenvolvimento do Brasil, a nova hidrovia vai permitir a retomada da navega\u00e7\u00e3o comercial desde Pirapora, em Minas Gerais (MG), at\u00e9 Juazeiro (BA) e Petrolina, em Pernambuco (PE). Esse tipo de opera\u00e7\u00e3o n\u00e3o ocorre no \u201cVelho Chico\u201d desde 2012, em fun\u00e7\u00e3o do assoreamento de trechos desse rio essencial para a integra\u00e7\u00e3o nacional.<\/p>\n<p class=\"text-align-justify\">Segundo o MPor, o projeto foi dividido em tr\u00eas etapas em fun\u00e7\u00e3o de sua magnitude. Todas preveem integra\u00e7\u00e3o intermodal por rodovias e ferrovias, com o objetivo de aumentar a efici\u00eancia log\u00edstica, promover a sustentabilidade e reduzir custos. A expectativa \u00e9 de que cinco milh\u00f5es de toneladas de carga sejam transportadas no trecho j\u00e1 no primeiro ano de opera\u00e7\u00f5es.<\/p>\n<figure><img loading=\"lazy\" decoding=\"async\" class=\"aligncenter size-full wp-image-420387\" src=\"https:\/\/blogdofarnesio.com.br\/wp-content\/uploads\/2026\/04\/foto4_121.webp\" alt=\"\" width=\"1170\" height=\"700\" srcset=\"https:\/\/blogdofarnesio.com.br\/wp-content\/uploads\/2026\/04\/foto4_121.webp 1170w, https:\/\/blogdofarnesio.com.br\/wp-content\/uploads\/2026\/04\/foto4_121-300x179.webp 300w, https:\/\/blogdofarnesio.com.br\/wp-content\/uploads\/2026\/04\/foto4_121-1024x613.webp 1024w, https:\/\/blogdofarnesio.com.br\/wp-content\/uploads\/2026\/04\/foto4_121-768x459.webp 768w\" sizes=\"auto, (max-width: 1170px) 100vw, 1170px\" \/><figcaption class=\"text-end text-dark-emphasis pe-2\">Navega\u00e7\u00e3o foi feita durante o dia para refazer a rota da Hidrovia &#8211; Imagem: Segundo-Sargento Denis Rocha\/Marinha do Brasil<\/figcaption><\/figure>\n<p class=\"text-align-justify\">A retomada da navega\u00e7\u00e3o no Rio S\u00e3o Francisco representa um avan\u00e7o para a integra\u00e7\u00e3o regional e o desenvolvimento econ\u00f4mico. A opera\u00e7\u00e3o contribui para o fortalecimento da log\u00edstica, a gera\u00e7\u00e3o de emprego e renda e a amplia\u00e7\u00e3o das oportunidades para as comunidades\u00a0ribeirinhas.<\/p>\n<p class=\"text-align-justify\">Com a reativa\u00e7\u00e3o da hidrovia, o rio volta a desempenhar papel estrat\u00e9gico no transporte de cargas e na conex\u00e3o entre diferentes regi\u00f5es do Pa\u00eds, refor\u00e7ando sua import\u00e2ncia para o desenvolvimento sustent\u00e1vel.<\/p>\n<p class=\"text-align-justify\"><strong><sub>*Com informa\u00e7\u00f5es da Codeba e do MPor<\/sub><\/strong><\/p>\n<\/article>\n<\/div>\n<\/div>\n<\/div>\n<\/div>\n<\/section>\n<p>&nbsp;<\/p>\n<p>Fonte: Ag\u00eancia Marinha de Not\u00edcias<br \/>\nAcesse: https:\/\/www.agencia.marinha.mil.br\/<\/p>\n","protected":false},"excerpt":{"rendered":"<p>Por Segundo-Tenente (RM2-T) Jana\u00edna Casanova Comboio saiu de Pirapora (MG) com destino a Juazeiro (BA) em miss\u00e3o explorat\u00f3ria Nas \u00e1guas do \u201cVelho Chico\u201d, a Marinha do Brasil (MB) se une a uma for\u00e7a-tarefa para retomar a navega\u00e7\u00e3o comercial em uma das mais importantes vias de desenvolvimento econ\u00f4mico, social, cultural e ambiental do Pa\u00eds. A miss\u00e3o explorat\u00f3ria partiu de Pirapora (MG), no dia 2 de abril, com cinco embarca\u00e7\u00f5es (a barca Cidade Pirapora, duas chatas, a draga Matrich\u00e3 e um rebocador), descendo o rio com destino a Juazeiro (BA), totalizando 1.371 quil\u00f4metros de extens\u00e3o da nova hidrovia. No dia 15 de abril, o comboio atracou pr\u00f3ximo \u00e0 barragem de Sobradinho, concluindo a primeira etapa da miss\u00e3o. A partir da autoriza\u00e7\u00e3o do&hellip; <\/p>\n","protected":false},"author":2,"featured_media":420391,"comment_status":"open","ping_status":"open","sticky":false,"template":"","format":"standard","meta":{"_acf_changed":false,"footnotes":""},"categories":[58],"tags":[],"class_list":["post-420383","post","type-post","status-publish","format-standard","has-post-thumbnail","hentry","category-mobilidade"],"acf":[],"yoast_head":"<!-- This site is optimized with the Yoast SEO plugin v27.4 - https:\/\/yoast.com\/product\/yoast-seo-wordpress\/ -->\n<title>Marinha do Brasil apoia for\u00e7a-tarefa para retomada da navega\u00e7\u00e3o comercial Juazeiro\/Pirapora, na nova hidrovia do Rio S\u00e3o Francisco - Blog do Farn\u00e9sio<\/title>\n<meta name=\"robots\" content=\"index, follow, max-snippet:-1, max-image-preview:large, max-video-preview:-1\" \/>\n<link rel=\"canonical\" href=\"https:\/\/blogdofarnesio.com.br\/?p=420383\" \/>\n<meta property=\"og:locale\" content=\"pt_BR\" \/>\n<meta property=\"og:type\" content=\"article\" \/>\n<meta property=\"og:title\" content=\"Marinha do Brasil apoia for\u00e7a-tarefa para retomada da navega\u00e7\u00e3o comercial Juazeiro\/Pirapora, na nova hidrovia do Rio S\u00e3o Francisco - Blog do Farn\u00e9sio\" \/>\n<meta property=\"og:description\" content=\"Por Segundo-Tenente (RM2-T) Jana\u00edna Casanova Comboio saiu de Pirapora (MG) com destino a Juazeiro (BA) em miss\u00e3o explorat\u00f3ria Nas \u00e1guas do \u201cVelho Chico\u201d, a Marinha do Brasil (MB) se une a uma for\u00e7a-tarefa para retomar a navega\u00e7\u00e3o comercial em uma das mais importantes vias de desenvolvimento econ\u00f4mico, social, cultural e ambiental do Pa\u00eds. A miss\u00e3o explorat\u00f3ria partiu de Pirapora (MG), no dia 2 de abril, com cinco embarca\u00e7\u00f5es (a barca Cidade Pirapora, duas chatas, a draga Matrich\u00e3 e um rebocador), descendo o rio com destino a Juazeiro (BA), totalizando 1.371 quil\u00f4metros de extens\u00e3o da nova hidrovia. No dia 15 de abril, o comboio atracou pr\u00f3ximo \u00e0 barragem de Sobradinho, concluindo a primeira etapa da miss\u00e3o. A partir da autoriza\u00e7\u00e3o do&hellip;\" \/>\n<meta property=\"og:url\" content=\"https:\/\/blogdofarnesio.com.br\/?p=420383\" \/>\n<meta property=\"og:site_name\" content=\"Blog do Farn\u00e9sio\" \/>\n<meta property=\"article:publisher\" content=\"https:\/\/www.facebook.com\/BlogQuerSaberPolitica\/\" \/>\n<meta property=\"article:author\" content=\"https:\/\/www.facebook.com\/?ref=tn_tnmn\" \/>\n<meta property=\"article:published_time\" content=\"2026-04-27T10:42:55+00:00\" \/>\n<meta property=\"og:image\" content=\"https:\/\/blogdofarnesio.com.br\/wp-content\/uploads\/2026\/04\/foto1_474-e1777234951908.webp\" \/>\n\t<meta property=\"og:image:width\" content=\"670\" \/>\n\t<meta property=\"og:image:height\" content=\"335\" \/>\n\t<meta property=\"og:image:type\" content=\"image\/webp\" \/>\n<meta name=\"author\" content=\"Farn\u00e9sio\" \/>\n<meta name=\"twitter:card\" content=\"summary_large_image\" \/>\n<meta name=\"twitter:label1\" content=\"Escrito por\" \/>\n\t<meta name=\"twitter:data1\" content=\"Farn\u00e9sio\" \/>\n\t<meta name=\"twitter:label2\" content=\"Est. tempo de leitura\" \/>\n\t<meta name=\"twitter:data2\" content=\"8 minutos\" \/>\n<script type=\"application\/ld+json\" class=\"yoast-schema-graph\">{\"@context\":\"https:\\\/\\\/schema.org\",\"@graph\":[{\"@type\":\"Article\",\"@id\":\"https:\\\/\\\/blogdofarnesio.com.br\\\/?p=420383#article\",\"isPartOf\":{\"@id\":\"https:\\\/\\\/blogdofarnesio.com.br\\\/?p=420383\"},\"author\":{\"name\":\"Farn\u00e9sio\",\"@id\":\"https:\\\/\\\/blogdofarnesio.com.br\\\/#\\\/schema\\\/person\\\/bb9b23ae3ad0609ce8df7b6c9e76824d\"},\"headline\":\"Marinha do Brasil apoia for\u00e7a-tarefa para retomada da navega\u00e7\u00e3o comercial Juazeiro\\\/Pirapora, na nova hidrovia do Rio S\u00e3o Francisco\",\"datePublished\":\"2026-04-27T10:42:55+00:00\",\"mainEntityOfPage\":{\"@id\":\"https:\\\/\\\/blogdofarnesio.com.br\\\/?p=420383\"},\"wordCount\":1350,\"commentCount\":0,\"publisher\":{\"@id\":\"https:\\\/\\\/blogdofarnesio.com.br\\\/#organization\"},\"image\":{\"@id\":\"https:\\\/\\\/blogdofarnesio.com.br\\\/?p=420383#primaryimage\"},\"thumbnailUrl\":\"https:\\\/\\\/blogdofarnesio.com.br\\\/wp-content\\\/uploads\\\/2026\\\/04\\\/foto1_474-e1777234951908.webp\",\"articleSection\":[\"Mobilidade\"],\"inLanguage\":\"pt-BR\",\"potentialAction\":[{\"@type\":\"CommentAction\",\"name\":\"Comment\",\"target\":[\"https:\\\/\\\/blogdofarnesio.com.br\\\/?p=420383#respond\"]}]},{\"@type\":\"WebPage\",\"@id\":\"https:\\\/\\\/blogdofarnesio.com.br\\\/?p=420383\",\"url\":\"https:\\\/\\\/blogdofarnesio.com.br\\\/?p=420383\",\"name\":\"Marinha do Brasil apoia for\u00e7a-tarefa para retomada da navega\u00e7\u00e3o comercial Juazeiro\\\/Pirapora, na nova hidrovia do Rio S\u00e3o Francisco - Blog do Farn\u00e9sio\",\"isPartOf\":{\"@id\":\"https:\\\/\\\/blogdofarnesio.com.br\\\/#website\"},\"primaryImageOfPage\":{\"@id\":\"https:\\\/\\\/blogdofarnesio.com.br\\\/?p=420383#primaryimage\"},\"image\":{\"@id\":\"https:\\\/\\\/blogdofarnesio.com.br\\\/?p=420383#primaryimage\"},\"thumbnailUrl\":\"https:\\\/\\\/blogdofarnesio.com.br\\\/wp-content\\\/uploads\\\/2026\\\/04\\\/foto1_474-e1777234951908.webp\",\"datePublished\":\"2026-04-27T10:42:55+00:00\",\"breadcrumb\":{\"@id\":\"https:\\\/\\\/blogdofarnesio.com.br\\\/?p=420383#breadcrumb\"},\"inLanguage\":\"pt-BR\",\"potentialAction\":[{\"@type\":\"ReadAction\",\"target\":[\"https:\\\/\\\/blogdofarnesio.com.br\\\/?p=420383\"]}]},{\"@type\":\"ImageObject\",\"inLanguage\":\"pt-BR\",\"@id\":\"https:\\\/\\\/blogdofarnesio.com.br\\\/?p=420383#primaryimage\",\"url\":\"https:\\\/\\\/blogdofarnesio.com.br\\\/wp-content\\\/uploads\\\/2026\\\/04\\\/foto1_474-e1777234951908.webp\",\"contentUrl\":\"https:\\\/\\\/blogdofarnesio.com.br\\\/wp-content\\\/uploads\\\/2026\\\/04\\\/foto1_474-e1777234951908.webp\",\"width\":670,\"height\":335},{\"@type\":\"BreadcrumbList\",\"@id\":\"https:\\\/\\\/blogdofarnesio.com.br\\\/?p=420383#breadcrumb\",\"itemListElement\":[{\"@type\":\"ListItem\",\"position\":1,\"name\":\"In\u00edcio\",\"item\":\"https:\\\/\\\/blogdofarnesio.com.br\\\/\"},{\"@type\":\"ListItem\",\"position\":2,\"name\":\"Marinha do Brasil apoia for\u00e7a-tarefa para retomada da navega\u00e7\u00e3o comercial Juazeiro\\\/Pirapora, na nova hidrovia do Rio S\u00e3o Francisco\"}]},{\"@type\":\"WebSite\",\"@id\":\"https:\\\/\\\/blogdofarnesio.com.br\\\/#website\",\"url\":\"https:\\\/\\\/blogdofarnesio.com.br\\\/\",\"name\":\"Blog do Farn\u00e9sio\",\"description\":\"Quer Saber Pol\u00edtica?\",\"publisher\":{\"@id\":\"https:\\\/\\\/blogdofarnesio.com.br\\\/#organization\"},\"potentialAction\":[{\"@type\":\"SearchAction\",\"target\":{\"@type\":\"EntryPoint\",\"urlTemplate\":\"https:\\\/\\\/blogdofarnesio.com.br\\\/?s={search_term_string}\"},\"query-input\":{\"@type\":\"PropertyValueSpecification\",\"valueRequired\":true,\"valueName\":\"search_term_string\"}}],\"inLanguage\":\"pt-BR\"},{\"@type\":\"Organization\",\"@id\":\"https:\\\/\\\/blogdofarnesio.com.br\\\/#organization\",\"name\":\"Blog do Farn\u00e9sio\",\"url\":\"https:\\\/\\\/blogdofarnesio.com.br\\\/\",\"logo\":{\"@type\":\"ImageObject\",\"inLanguage\":\"pt-BR\",\"@id\":\"https:\\\/\\\/blogdofarnesio.com.br\\\/#\\\/schema\\\/logo\\\/image\\\/\",\"url\":\"https:\\\/\\\/blogdofarnesio.com.br\\\/wp-content\\\/uploads\\\/2026\\\/03\\\/cropped-logo_new-1.png\",\"contentUrl\":\"https:\\\/\\\/blogdofarnesio.com.br\\\/wp-content\\\/uploads\\\/2026\\\/03\\\/cropped-logo_new-1.png\",\"width\":881,\"height\":685,\"caption\":\"Blog do Farn\u00e9sio\"},\"image\":{\"@id\":\"https:\\\/\\\/blogdofarnesio.com.br\\\/#\\\/schema\\\/logo\\\/image\\\/\"},\"sameAs\":[\"https:\\\/\\\/www.facebook.com\\\/BlogQuerSaberPolitica\\\/\"]},{\"@type\":\"Person\",\"@id\":\"https:\\\/\\\/blogdofarnesio.com.br\\\/#\\\/schema\\\/person\\\/bb9b23ae3ad0609ce8df7b6c9e76824d\",\"name\":\"Farn\u00e9sio\",\"image\":{\"@type\":\"ImageObject\",\"inLanguage\":\"pt-BR\",\"@id\":\"https:\\\/\\\/secure.gravatar.com\\\/avatar\\\/986aa4c61ccdb66f8555bf88fc2a65609d00bcabd4d2d94377a727547345cbca?s=96&d=mm&r=g\",\"url\":\"https:\\\/\\\/secure.gravatar.com\\\/avatar\\\/986aa4c61ccdb66f8555bf88fc2a65609d00bcabd4d2d94377a727547345cbca?s=96&d=mm&r=g\",\"contentUrl\":\"https:\\\/\\\/secure.gravatar.com\\\/avatar\\\/986aa4c61ccdb66f8555bf88fc2a65609d00bcabd4d2d94377a727547345cbca?s=96&d=mm&r=g\",\"caption\":\"Farn\u00e9sio\"},\"description\":\"Radialista blogueiro, chegou a Petrolina\\\/Juazeiro em setembro de 1980, Farn\u00e9sio Silva \u00e9 de Arapiraca-Alagoas.\",\"sameAs\":[\"http:\\\/\\\/blogdofarnesio.com.br\",\"https:\\\/\\\/www.facebook.com\\\/?ref=tn_tnmn\",\"https:\\\/\\\/www.instagram.com\\\/?utm_source=pwa_homescreen\",\"https:\\\/\\\/youtube.com.br\\\/\"],\"url\":\"https:\\\/\\\/blogdofarnesio.com.br\\\/?author=2\"}]}<\/script>\n<!-- \/ Yoast SEO plugin. -->","yoast_head_json":{"title":"Marinha do Brasil apoia for\u00e7a-tarefa para retomada da navega\u00e7\u00e3o comercial Juazeiro\/Pirapora, na nova hidrovia do Rio S\u00e3o Francisco - Blog do Farn\u00e9sio","robots":{"index":"index","follow":"follow","max-snippet":"max-snippet:-1","max-image-preview":"max-image-preview:large","max-video-preview":"max-video-preview:-1"},"canonical":"https:\/\/blogdofarnesio.com.br\/?p=420383","og_locale":"pt_BR","og_type":"article","og_title":"Marinha do Brasil apoia for\u00e7a-tarefa para retomada da navega\u00e7\u00e3o comercial Juazeiro\/Pirapora, na nova hidrovia do Rio S\u00e3o Francisco - Blog do Farn\u00e9sio","og_description":"Por Segundo-Tenente (RM2-T) Jana\u00edna Casanova Comboio saiu de Pirapora (MG) com destino a Juazeiro (BA) em miss\u00e3o explorat\u00f3ria Nas \u00e1guas do \u201cVelho Chico\u201d, a Marinha do Brasil (MB) se une a uma for\u00e7a-tarefa para retomar a navega\u00e7\u00e3o comercial em uma das mais importantes vias de desenvolvimento econ\u00f4mico, social, cultural e ambiental do Pa\u00eds. A miss\u00e3o explorat\u00f3ria partiu de Pirapora (MG), no dia 2 de abril, com cinco embarca\u00e7\u00f5es (a barca Cidade Pirapora, duas chatas, a draga Matrich\u00e3 e um rebocador), descendo o rio com destino a Juazeiro (BA), totalizando 1.371 quil\u00f4metros de extens\u00e3o da nova hidrovia. No dia 15 de abril, o comboio atracou pr\u00f3ximo \u00e0 barragem de Sobradinho, concluindo a primeira etapa da miss\u00e3o. A partir da autoriza\u00e7\u00e3o do&hellip;","og_url":"https:\/\/blogdofarnesio.com.br\/?p=420383","og_site_name":"Blog do Farn\u00e9sio","article_publisher":"https:\/\/www.facebook.com\/BlogQuerSaberPolitica\/","article_author":"https:\/\/www.facebook.com\/?ref=tn_tnmn","article_published_time":"2026-04-27T10:42:55+00:00","og_image":[{"width":670,"height":335,"url":"https:\/\/blogdofarnesio.com.br\/wp-content\/uploads\/2026\/04\/foto1_474-e1777234951908.webp","type":"image\/webp"}],"author":"Farn\u00e9sio","twitter_card":"summary_large_image","twitter_misc":{"Escrito por":"Farn\u00e9sio","Est. tempo de leitura":"8 minutos"},"schema":{"@context":"https:\/\/schema.org","@graph":[{"@type":"Article","@id":"https:\/\/blogdofarnesio.com.br\/?p=420383#article","isPartOf":{"@id":"https:\/\/blogdofarnesio.com.br\/?p=420383"},"author":{"name":"Farn\u00e9sio","@id":"https:\/\/blogdofarnesio.com.br\/#\/schema\/person\/bb9b23ae3ad0609ce8df7b6c9e76824d"},"headline":"Marinha do Brasil apoia for\u00e7a-tarefa para retomada da navega\u00e7\u00e3o comercial Juazeiro\/Pirapora, na nova hidrovia do Rio S\u00e3o Francisco","datePublished":"2026-04-27T10:42:55+00:00","mainEntityOfPage":{"@id":"https:\/\/blogdofarnesio.com.br\/?p=420383"},"wordCount":1350,"commentCount":0,"publisher":{"@id":"https:\/\/blogdofarnesio.com.br\/#organization"},"image":{"@id":"https:\/\/blogdofarnesio.com.br\/?p=420383#primaryimage"},"thumbnailUrl":"https:\/\/blogdofarnesio.com.br\/wp-content\/uploads\/2026\/04\/foto1_474-e1777234951908.webp","articleSection":["Mobilidade"],"inLanguage":"pt-BR","potentialAction":[{"@type":"CommentAction","name":"Comment","target":["https:\/\/blogdofarnesio.com.br\/?p=420383#respond"]}]},{"@type":"WebPage","@id":"https:\/\/blogdofarnesio.com.br\/?p=420383","url":"https:\/\/blogdofarnesio.com.br\/?p=420383","name":"Marinha do Brasil apoia for\u00e7a-tarefa para retomada da navega\u00e7\u00e3o comercial Juazeiro\/Pirapora, na nova hidrovia do Rio S\u00e3o Francisco - Blog do Farn\u00e9sio","isPartOf":{"@id":"https:\/\/blogdofarnesio.com.br\/#website"},"primaryImageOfPage":{"@id":"https:\/\/blogdofarnesio.com.br\/?p=420383#primaryimage"},"image":{"@id":"https:\/\/blogdofarnesio.com.br\/?p=420383#primaryimage"},"thumbnailUrl":"https:\/\/blogdofarnesio.com.br\/wp-content\/uploads\/2026\/04\/foto1_474-e1777234951908.webp","datePublished":"2026-04-27T10:42:55+00:00","breadcrumb":{"@id":"https:\/\/blogdofarnesio.com.br\/?p=420383#breadcrumb"},"inLanguage":"pt-BR","potentialAction":[{"@type":"ReadAction","target":["https:\/\/blogdofarnesio.com.br\/?p=420383"]}]},{"@type":"ImageObject","inLanguage":"pt-BR","@id":"https:\/\/blogdofarnesio.com.br\/?p=420383#primaryimage","url":"https:\/\/blogdofarnesio.com.br\/wp-content\/uploads\/2026\/04\/foto1_474-e1777234951908.webp","contentUrl":"https:\/\/blogdofarnesio.com.br\/wp-content\/uploads\/2026\/04\/foto1_474-e1777234951908.webp","width":670,"height":335},{"@type":"BreadcrumbList","@id":"https:\/\/blogdofarnesio.com.br\/?p=420383#breadcrumb","itemListElement":[{"@type":"ListItem","position":1,"name":"In\u00edcio","item":"https:\/\/blogdofarnesio.com.br\/"},{"@type":"ListItem","position":2,"name":"Marinha do Brasil apoia for\u00e7a-tarefa para retomada da navega\u00e7\u00e3o comercial Juazeiro\/Pirapora, na nova hidrovia do Rio S\u00e3o Francisco"}]},{"@type":"WebSite","@id":"https:\/\/blogdofarnesio.com.br\/#website","url":"https:\/\/blogdofarnesio.com.br\/","name":"Blog do Farn\u00e9sio","description":"Quer Saber Pol\u00edtica?","publisher":{"@id":"https:\/\/blogdofarnesio.com.br\/#organization"},"potentialAction":[{"@type":"SearchAction","target":{"@type":"EntryPoint","urlTemplate":"https:\/\/blogdofarnesio.com.br\/?s={search_term_string}"},"query-input":{"@type":"PropertyValueSpecification","valueRequired":true,"valueName":"search_term_string"}}],"inLanguage":"pt-BR"},{"@type":"Organization","@id":"https:\/\/blogdofarnesio.com.br\/#organization","name":"Blog do Farn\u00e9sio","url":"https:\/\/blogdofarnesio.com.br\/","logo":{"@type":"ImageObject","inLanguage":"pt-BR","@id":"https:\/\/blogdofarnesio.com.br\/#\/schema\/logo\/image\/","url":"https:\/\/blogdofarnesio.com.br\/wp-content\/uploads\/2026\/03\/cropped-logo_new-1.png","contentUrl":"https:\/\/blogdofarnesio.com.br\/wp-content\/uploads\/2026\/03\/cropped-logo_new-1.png","width":881,"height":685,"caption":"Blog do Farn\u00e9sio"},"image":{"@id":"https:\/\/blogdofarnesio.com.br\/#\/schema\/logo\/image\/"},"sameAs":["https:\/\/www.facebook.com\/BlogQuerSaberPolitica\/"]},{"@type":"Person","@id":"https:\/\/blogdofarnesio.com.br\/#\/schema\/person\/bb9b23ae3ad0609ce8df7b6c9e76824d","name":"Farn\u00e9sio","image":{"@type":"ImageObject","inLanguage":"pt-BR","@id":"https:\/\/secure.gravatar.com\/avatar\/986aa4c61ccdb66f8555bf88fc2a65609d00bcabd4d2d94377a727547345cbca?s=96&d=mm&r=g","url":"https:\/\/secure.gravatar.com\/avatar\/986aa4c61ccdb66f8555bf88fc2a65609d00bcabd4d2d94377a727547345cbca?s=96&d=mm&r=g","contentUrl":"https:\/\/secure.gravatar.com\/avatar\/986aa4c61ccdb66f8555bf88fc2a65609d00bcabd4d2d94377a727547345cbca?s=96&d=mm&r=g","caption":"Farn\u00e9sio"},"description":"Radialista blogueiro, chegou a Petrolina\/Juazeiro em setembro de 1980, Farn\u00e9sio Silva \u00e9 de Arapiraca-Alagoas.","sameAs":["http:\/\/blogdofarnesio.com.br","https:\/\/www.facebook.com\/?ref=tn_tnmn","https:\/\/www.instagram.com\/?utm_source=pwa_homescreen","https:\/\/youtube.com.br\/"],"url":"https:\/\/blogdofarnesio.com.br\/?author=2"}]}},"_links":{"self":[{"href":"https:\/\/blogdofarnesio.com.br\/index.php?rest_route=\/wp\/v2\/posts\/420383","targetHints":{"allow":["GET"]}}],"collection":[{"href":"https:\/\/blogdofarnesio.com.br\/index.php?rest_route=\/wp\/v2\/posts"}],"about":[{"href":"https:\/\/blogdofarnesio.com.br\/index.php?rest_route=\/wp\/v2\/types\/post"}],"author":[{"embeddable":true,"href":"https:\/\/blogdofarnesio.com.br\/index.php?rest_route=\/wp\/v2\/users\/2"}],"replies":[{"embeddable":true,"href":"https:\/\/blogdofarnesio.com.br\/index.php?rest_route=%2Fwp%2Fv2%2Fcomments&post=420383"}],"version-history":[{"count":3,"href":"https:\/\/blogdofarnesio.com.br\/index.php?rest_route=\/wp\/v2\/posts\/420383\/revisions"}],"predecessor-version":[{"id":420445,"href":"https:\/\/blogdofarnesio.com.br\/index.php?rest_route=\/wp\/v2\/posts\/420383\/revisions\/420445"}],"wp:featuredmedia":[{"embeddable":true,"href":"https:\/\/blogdofarnesio.com.br\/index.php?rest_route=\/wp\/v2\/media\/420391"}],"wp:attachment":[{"href":"https:\/\/blogdofarnesio.com.br\/index.php?rest_route=%2Fwp%2Fv2%2Fmedia&parent=420383"}],"wp:term":[{"taxonomy":"category","embeddable":true,"href":"https:\/\/blogdofarnesio.com.br\/index.php?rest_route=%2Fwp%2Fv2%2Fcategories&post=420383"},{"taxonomy":"post_tag","embeddable":true,"href":"https:\/\/blogdofarnesio.com.br\/index.php?rest_route=%2Fwp%2Fv2%2Ftags&post=420383"}],"curies":[{"name":"wp","href":"https:\/\/api.w.org\/{rel}","templated":true}]}}