{"id":420379,"date":"2026-04-26T10:00:01","date_gmt":"2026-04-26T13:00:01","guid":{"rendered":"https:\/\/blogdofarnesio.com.br\/?p=420379"},"modified":"2026-04-26T08:38:58","modified_gmt":"2026-04-26T11:38:58","slug":"curaca-vira-alvo-do-mpba-por-falta-de-preservacao-da-gruta-de-patamute-apos-municipio-descumprir-compromissos-firmados-em-tac-celebrado-em-2018","status":"publish","type":"post","link":"https:\/\/blogdofarnesio.com.br\/?p=420379","title":{"rendered":"Cura\u00e7\u00e1 vira alvo do MPBA por falta de preserva\u00e7\u00e3o da gruta de Patamut\u00e9, ap\u00f3s munic\u00edpio descumprir compromissos firmados em TAC celebrado em 2018"},"content":{"rendered":"<div>\n<h2><span style=\"font-size: 16px; font-weight: 400;\">Por Yuri Abreu &#8211;\u00a0<\/span><\/h2>\n<\/div>\n<div class=\"mw-image-info \">O munic\u00edpio de <a href=\"https:\/\/atarde.com.br\/tags\/curaca\" target=\"_top\">Cura\u00e7\u00e1<\/a>, no norte da Bahia, virou alvo do\u00a0<a href=\"https:\/\/atarde.com.br\/tags\/mpba\" target=\"_top\">Minist\u00e9rio P\u00fablico do Estado (MPBA)<\/a>, ap\u00f3s a gest\u00e3o descumprir, parcialmente, um compromisso firmado em\u00a0Termo de Ajustamento de Conduta (TAC), celebrado em 2018, para assegurar o cumprimento de medidas voltadas \u00e0 prote\u00e7\u00e3o do patrim\u00f4nio espeleol\u00f3gico da Gruta de Patamut\u00e9.<\/div>\n<article><\/article>\n<article id=\"article\">Para assegurar que as medidas sejam adotadas, o \u00f3rg\u00e3o estadual ingressou na justi\u00e7a com uma a\u00e7\u00e3o de execu\u00e7\u00e3o contra o munic\u00edpio, atualmente gerido por Murilo Bonfim. No entanto, no momento do firmamento do TAC, h\u00e1 oito anos, a cidade tinha como prefeito Pedro Oliveira.<\/article>\n<article><\/article>\n<article>&#8220;A atua\u00e7\u00e3o ministerial tem como foco a preserva\u00e7\u00e3o da gruta, considerada bem ambiental sens\u00edvel, diante de impactos decorrentes da realiza\u00e7\u00e3o da tradicional Festa do Sagrado Cora\u00e7\u00e3o de Jesus, manifesta\u00e7\u00e3o cultural de relev\u00e2ncia local&#8221;, afirmou a promotora de Justi\u00e7a Heline Esteves Alves.&#8221;O TAC estabeleceu obriga\u00e7\u00f5es ao munic\u00edpio, incluindo controle de acesso, delimita\u00e7\u00e3o de \u00e1reas de visita\u00e7\u00e3o, fiscaliza\u00e7\u00e3o e a elabora\u00e7\u00e3o e execu\u00e7\u00e3o de um Plano de Manejo\u201d, acrescentou a membro do MPBA.<\/p>\n<h2>Fiscaliza\u00e7\u00e3o<\/h2>\n<p>Heline complementou que, para fiscalizar o cumprimento das obriga\u00e7\u00f5es, o MPBA instaurou procedimento administrativo espec\u00edfico e realizou diversas dilig\u00eancias, como envio de of\u00edcios, notifica\u00e7\u00f5es formais e tentativas de ajuste do acordo.<\/p>\n<p>\u201cApesar das iniciativas, n\u00e3o houve comprova\u00e7\u00e3o suficiente do cumprimento integral das cl\u00e1usulas\u201d, ressaltou.<\/p>\n<p>No documento, o \u00f3rg\u00e3o registrou que persistem pend\u00eancias, como a falta de implementa\u00e7\u00e3o do Plano de Manejo da gruta e de outras medidas estruturais essenciais \u00e0 a prote\u00e7\u00e3o.<\/p>\n<p>Na a\u00e7\u00e3o encaminhada \u00e0 Justi\u00e7a, o MPBA requer que a Justi\u00e7a determine ao munic\u00edpio o cumprimento integral das obriga\u00e7\u00f5es assumidas no TAC.<\/p>\n<h2>Comprova\u00e7\u00e3o<\/h2>\n<p>No documento, o MP solicita ainda que o ente municipal apresente comprova\u00e7\u00e3o documental detalhada e tecnicamente adequada de cada medida implementada.<\/p>\n<\/article>\n<article id=\"article\">Entre as obriga\u00e7\u00f5es previstas no acordo est\u00e3o ainda recomenda\u00e7\u00f5es elaboradas pelo N\u00facleo de Defesa do Patrim\u00f4nio Hist\u00f3rico, Art\u00edstico e Cultural (Nudephac), como o aprofundamento de estudos sobre a romaria, a ado\u00e7\u00e3o de medidas de salvaguarda do patrim\u00f4nio cultural e a concilia\u00e7\u00e3o entre a realiza\u00e7\u00e3o do evento religioso e a preserva\u00e7\u00e3o ambiental da gruta<\/article>\n","protected":false},"excerpt":{"rendered":"<p>Por Yuri Abreu &#8211;\u00a0 O munic\u00edpio de Cura\u00e7\u00e1, no norte da Bahia, virou alvo do\u00a0Minist\u00e9rio P\u00fablico do Estado (MPBA), ap\u00f3s a gest\u00e3o descumprir, parcialmente, um compromisso firmado em\u00a0Termo de Ajustamento de Conduta (TAC), celebrado em 2018, para assegurar o cumprimento de medidas voltadas \u00e0 prote\u00e7\u00e3o do patrim\u00f4nio espeleol\u00f3gico da Gruta de Patamut\u00e9. Para assegurar que as medidas sejam adotadas, o \u00f3rg\u00e3o estadual ingressou na justi\u00e7a com uma a\u00e7\u00e3o de execu\u00e7\u00e3o contra o munic\u00edpio, atualmente gerido por Murilo Bonfim. No entanto, no momento do firmamento do TAC, h\u00e1 oito anos, a cidade tinha como prefeito Pedro Oliveira. &#8220;A atua\u00e7\u00e3o ministerial tem como foco a preserva\u00e7\u00e3o da gruta, considerada bem ambiental sens\u00edvel, diante de impactos decorrentes da realiza\u00e7\u00e3o da tradicional Festa do&hellip; <\/p>\n","protected":false},"author":2,"featured_media":420381,"comment_status":"open","ping_status":"open","sticky":false,"template":"","format":"standard","meta":{"_acf_changed":false,"footnotes":""},"categories":[27,23],"tags":[],"class_list":["post-420379","post","type-post","status-publish","format-standard","has-post-thumbnail","hentry","category-cidades","category-justica"],"acf":[],"yoast_head":"<!-- This site is optimized with the Yoast SEO plugin v27.4 - https:\/\/yoast.com\/product\/yoast-seo-wordpress\/ -->\n<title>Cura\u00e7\u00e1 vira alvo do MPBA por falta de preserva\u00e7\u00e3o da gruta de Patamut\u00e9, ap\u00f3s munic\u00edpio descumprir compromissos firmados em TAC celebrado em 2018 - Blog do Farn\u00e9sio<\/title>\n<meta name=\"robots\" content=\"index, follow, max-snippet:-1, max-image-preview:large, max-video-preview:-1\" \/>\n<link rel=\"canonical\" href=\"https:\/\/blogdofarnesio.com.br\/?p=420379\" \/>\n<meta property=\"og:locale\" content=\"pt_BR\" \/>\n<meta property=\"og:type\" content=\"article\" \/>\n<meta property=\"og:title\" content=\"Cura\u00e7\u00e1 vira alvo do MPBA por falta de preserva\u00e7\u00e3o da gruta de Patamut\u00e9, ap\u00f3s munic\u00edpio descumprir compromissos firmados em TAC celebrado em 2018 - Blog do Farn\u00e9sio\" \/>\n<meta property=\"og:description\" content=\"Por Yuri Abreu &#8211;\u00a0 O munic\u00edpio de Cura\u00e7\u00e1, no norte da Bahia, virou alvo do\u00a0Minist\u00e9rio P\u00fablico do Estado (MPBA), ap\u00f3s a gest\u00e3o descumprir, parcialmente, um compromisso firmado em\u00a0Termo de Ajustamento de Conduta (TAC), celebrado em 2018, para assegurar o cumprimento de medidas voltadas \u00e0 prote\u00e7\u00e3o do patrim\u00f4nio espeleol\u00f3gico da Gruta de Patamut\u00e9. Para assegurar que as medidas sejam adotadas, o \u00f3rg\u00e3o estadual ingressou na justi\u00e7a com uma a\u00e7\u00e3o de execu\u00e7\u00e3o contra o munic\u00edpio, atualmente gerido por Murilo Bonfim. No entanto, no momento do firmamento do TAC, h\u00e1 oito anos, a cidade tinha como prefeito Pedro Oliveira. &#8220;A atua\u00e7\u00e3o ministerial tem como foco a preserva\u00e7\u00e3o da gruta, considerada bem ambiental sens\u00edvel, diante de impactos decorrentes da realiza\u00e7\u00e3o da tradicional Festa do&hellip;\" \/>\n<meta property=\"og:url\" content=\"https:\/\/blogdofarnesio.com.br\/?p=420379\" \/>\n<meta property=\"og:site_name\" content=\"Blog do Farn\u00e9sio\" \/>\n<meta property=\"article:publisher\" content=\"https:\/\/www.facebook.com\/BlogQuerSaberPolitica\/\" \/>\n<meta property=\"article:author\" content=\"https:\/\/www.facebook.com\/?ref=tn_tnmn\" \/>\n<meta property=\"article:published_time\" content=\"2026-04-26T13:00:01+00:00\" \/>\n<meta property=\"og:image\" content=\"https:\/\/blogdofarnesio.com.br\/wp-content\/uploads\/2026\/04\/curaca-vira-alvo-do-mpba-por-falta-de-preservacao-0138681300202604240849-e1777132311699.jpeg\" \/>\n\t<meta property=\"og:image:width\" content=\"720\" \/>\n\t<meta property=\"og:image:height\" content=\"456\" \/>\n\t<meta property=\"og:image:type\" content=\"image\/jpeg\" \/>\n<meta name=\"author\" content=\"Farn\u00e9sio\" \/>\n<meta name=\"twitter:card\" content=\"summary_large_image\" \/>\n<meta name=\"twitter:label1\" content=\"Escrito por\" \/>\n\t<meta name=\"twitter:data1\" content=\"Farn\u00e9sio\" \/>\n\t<meta name=\"twitter:label2\" content=\"Est. tempo de leitura\" \/>\n\t<meta name=\"twitter:data2\" content=\"3 minutos\" \/>\n<script type=\"application\/ld+json\" class=\"yoast-schema-graph\">{\"@context\":\"https:\\\/\\\/schema.org\",\"@graph\":[{\"@type\":\"Article\",\"@id\":\"https:\\\/\\\/blogdofarnesio.com.br\\\/?p=420379#article\",\"isPartOf\":{\"@id\":\"https:\\\/\\\/blogdofarnesio.com.br\\\/?p=420379\"},\"author\":{\"name\":\"Farn\u00e9sio\",\"@id\":\"https:\\\/\\\/blogdofarnesio.com.br\\\/#\\\/schema\\\/person\\\/bb9b23ae3ad0609ce8df7b6c9e76824d\"},\"headline\":\"Cura\u00e7\u00e1 vira alvo do MPBA por falta de preserva\u00e7\u00e3o da gruta de Patamut\u00e9, ap\u00f3s munic\u00edpio descumprir compromissos firmados em TAC celebrado em 2018\",\"datePublished\":\"2026-04-26T13:00:01+00:00\",\"mainEntityOfPage\":{\"@id\":\"https:\\\/\\\/blogdofarnesio.com.br\\\/?p=420379\"},\"wordCount\":421,\"commentCount\":0,\"publisher\":{\"@id\":\"https:\\\/\\\/blogdofarnesio.com.br\\\/#organization\"},\"image\":{\"@id\":\"https:\\\/\\\/blogdofarnesio.com.br\\\/?p=420379#primaryimage\"},\"thumbnailUrl\":\"https:\\\/\\\/blogdofarnesio.com.br\\\/wp-content\\\/uploads\\\/2026\\\/04\\\/curaca-vira-alvo-do-mpba-por-falta-de-preservacao-0138681300202604240849-e1777132311699.jpeg\",\"articleSection\":[\"Cidades\",\"Justi\u00e7a\"],\"inLanguage\":\"pt-BR\",\"potentialAction\":[{\"@type\":\"CommentAction\",\"name\":\"Comment\",\"target\":[\"https:\\\/\\\/blogdofarnesio.com.br\\\/?p=420379#respond\"]}]},{\"@type\":\"WebPage\",\"@id\":\"https:\\\/\\\/blogdofarnesio.com.br\\\/?p=420379\",\"url\":\"https:\\\/\\\/blogdofarnesio.com.br\\\/?p=420379\",\"name\":\"Cura\u00e7\u00e1 vira alvo do MPBA por falta de preserva\u00e7\u00e3o da gruta de Patamut\u00e9, ap\u00f3s munic\u00edpio descumprir compromissos firmados em TAC celebrado em 2018 - Blog do Farn\u00e9sio\",\"isPartOf\":{\"@id\":\"https:\\\/\\\/blogdofarnesio.com.br\\\/#website\"},\"primaryImageOfPage\":{\"@id\":\"https:\\\/\\\/blogdofarnesio.com.br\\\/?p=420379#primaryimage\"},\"image\":{\"@id\":\"https:\\\/\\\/blogdofarnesio.com.br\\\/?p=420379#primaryimage\"},\"thumbnailUrl\":\"https:\\\/\\\/blogdofarnesio.com.br\\\/wp-content\\\/uploads\\\/2026\\\/04\\\/curaca-vira-alvo-do-mpba-por-falta-de-preservacao-0138681300202604240849-e1777132311699.jpeg\",\"datePublished\":\"2026-04-26T13:00:01+00:00\",\"breadcrumb\":{\"@id\":\"https:\\\/\\\/blogdofarnesio.com.br\\\/?p=420379#breadcrumb\"},\"inLanguage\":\"pt-BR\",\"potentialAction\":[{\"@type\":\"ReadAction\",\"target\":[\"https:\\\/\\\/blogdofarnesio.com.br\\\/?p=420379\"]}]},{\"@type\":\"ImageObject\",\"inLanguage\":\"pt-BR\",\"@id\":\"https:\\\/\\\/blogdofarnesio.com.br\\\/?p=420379#primaryimage\",\"url\":\"https:\\\/\\\/blogdofarnesio.com.br\\\/wp-content\\\/uploads\\\/2026\\\/04\\\/curaca-vira-alvo-do-mpba-por-falta-de-preservacao-0138681300202604240849-e1777132311699.jpeg\",\"contentUrl\":\"https:\\\/\\\/blogdofarnesio.com.br\\\/wp-content\\\/uploads\\\/2026\\\/04\\\/curaca-vira-alvo-do-mpba-por-falta-de-preservacao-0138681300202604240849-e1777132311699.jpeg\",\"width\":720,\"height\":456},{\"@type\":\"BreadcrumbList\",\"@id\":\"https:\\\/\\\/blogdofarnesio.com.br\\\/?p=420379#breadcrumb\",\"itemListElement\":[{\"@type\":\"ListItem\",\"position\":1,\"name\":\"In\u00edcio\",\"item\":\"https:\\\/\\\/blogdofarnesio.com.br\\\/\"},{\"@type\":\"ListItem\",\"position\":2,\"name\":\"Cura\u00e7\u00e1 vira alvo do MPBA por falta de preserva\u00e7\u00e3o da gruta de Patamut\u00e9, ap\u00f3s munic\u00edpio descumprir compromissos firmados em TAC celebrado em 2018\"}]},{\"@type\":\"WebSite\",\"@id\":\"https:\\\/\\\/blogdofarnesio.com.br\\\/#website\",\"url\":\"https:\\\/\\\/blogdofarnesio.com.br\\\/\",\"name\":\"Blog do Farn\u00e9sio\",\"description\":\"Quer Saber Pol\u00edtica?\",\"publisher\":{\"@id\":\"https:\\\/\\\/blogdofarnesio.com.br\\\/#organization\"},\"potentialAction\":[{\"@type\":\"SearchAction\",\"target\":{\"@type\":\"EntryPoint\",\"urlTemplate\":\"https:\\\/\\\/blogdofarnesio.com.br\\\/?s={search_term_string}\"},\"query-input\":{\"@type\":\"PropertyValueSpecification\",\"valueRequired\":true,\"valueName\":\"search_term_string\"}}],\"inLanguage\":\"pt-BR\"},{\"@type\":\"Organization\",\"@id\":\"https:\\\/\\\/blogdofarnesio.com.br\\\/#organization\",\"name\":\"Blog do Farn\u00e9sio\",\"url\":\"https:\\\/\\\/blogdofarnesio.com.br\\\/\",\"logo\":{\"@type\":\"ImageObject\",\"inLanguage\":\"pt-BR\",\"@id\":\"https:\\\/\\\/blogdofarnesio.com.br\\\/#\\\/schema\\\/logo\\\/image\\\/\",\"url\":\"https:\\\/\\\/blogdofarnesio.com.br\\\/wp-content\\\/uploads\\\/2026\\\/03\\\/cropped-logo_new-1.png\",\"contentUrl\":\"https:\\\/\\\/blogdofarnesio.com.br\\\/wp-content\\\/uploads\\\/2026\\\/03\\\/cropped-logo_new-1.png\",\"width\":881,\"height\":685,\"caption\":\"Blog do Farn\u00e9sio\"},\"image\":{\"@id\":\"https:\\\/\\\/blogdofarnesio.com.br\\\/#\\\/schema\\\/logo\\\/image\\\/\"},\"sameAs\":[\"https:\\\/\\\/www.facebook.com\\\/BlogQuerSaberPolitica\\\/\"]},{\"@type\":\"Person\",\"@id\":\"https:\\\/\\\/blogdofarnesio.com.br\\\/#\\\/schema\\\/person\\\/bb9b23ae3ad0609ce8df7b6c9e76824d\",\"name\":\"Farn\u00e9sio\",\"image\":{\"@type\":\"ImageObject\",\"inLanguage\":\"pt-BR\",\"@id\":\"https:\\\/\\\/secure.gravatar.com\\\/avatar\\\/986aa4c61ccdb66f8555bf88fc2a65609d00bcabd4d2d94377a727547345cbca?s=96&d=mm&r=g\",\"url\":\"https:\\\/\\\/secure.gravatar.com\\\/avatar\\\/986aa4c61ccdb66f8555bf88fc2a65609d00bcabd4d2d94377a727547345cbca?s=96&d=mm&r=g\",\"contentUrl\":\"https:\\\/\\\/secure.gravatar.com\\\/avatar\\\/986aa4c61ccdb66f8555bf88fc2a65609d00bcabd4d2d94377a727547345cbca?s=96&d=mm&r=g\",\"caption\":\"Farn\u00e9sio\"},\"description\":\"Radialista blogueiro, chegou a Petrolina\\\/Juazeiro em setembro de 1980, Farn\u00e9sio Silva \u00e9 de Arapiraca-Alagoas.\",\"sameAs\":[\"http:\\\/\\\/blogdofarnesio.com.br\",\"https:\\\/\\\/www.facebook.com\\\/?ref=tn_tnmn\",\"https:\\\/\\\/www.instagram.com\\\/?utm_source=pwa_homescreen\",\"https:\\\/\\\/youtube.com.br\\\/\"],\"url\":\"https:\\\/\\\/blogdofarnesio.com.br\\\/?author=2\"}]}<\/script>\n<!-- \/ Yoast SEO plugin. -->","yoast_head_json":{"title":"Cura\u00e7\u00e1 vira alvo do MPBA por falta de preserva\u00e7\u00e3o da gruta de Patamut\u00e9, ap\u00f3s munic\u00edpio descumprir compromissos firmados em TAC celebrado em 2018 - Blog do Farn\u00e9sio","robots":{"index":"index","follow":"follow","max-snippet":"max-snippet:-1","max-image-preview":"max-image-preview:large","max-video-preview":"max-video-preview:-1"},"canonical":"https:\/\/blogdofarnesio.com.br\/?p=420379","og_locale":"pt_BR","og_type":"article","og_title":"Cura\u00e7\u00e1 vira alvo do MPBA por falta de preserva\u00e7\u00e3o da gruta de Patamut\u00e9, ap\u00f3s munic\u00edpio descumprir compromissos firmados em TAC celebrado em 2018 - Blog do Farn\u00e9sio","og_description":"Por Yuri Abreu &#8211;\u00a0 O munic\u00edpio de Cura\u00e7\u00e1, no norte da Bahia, virou alvo do\u00a0Minist\u00e9rio P\u00fablico do Estado (MPBA), ap\u00f3s a gest\u00e3o descumprir, parcialmente, um compromisso firmado em\u00a0Termo de Ajustamento de Conduta (TAC), celebrado em 2018, para assegurar o cumprimento de medidas voltadas \u00e0 prote\u00e7\u00e3o do patrim\u00f4nio espeleol\u00f3gico da Gruta de Patamut\u00e9. Para assegurar que as medidas sejam adotadas, o \u00f3rg\u00e3o estadual ingressou na justi\u00e7a com uma a\u00e7\u00e3o de execu\u00e7\u00e3o contra o munic\u00edpio, atualmente gerido por Murilo Bonfim. No entanto, no momento do firmamento do TAC, h\u00e1 oito anos, a cidade tinha como prefeito Pedro Oliveira. &#8220;A atua\u00e7\u00e3o ministerial tem como foco a preserva\u00e7\u00e3o da gruta, considerada bem ambiental sens\u00edvel, diante de impactos decorrentes da realiza\u00e7\u00e3o da tradicional Festa do&hellip;","og_url":"https:\/\/blogdofarnesio.com.br\/?p=420379","og_site_name":"Blog do Farn\u00e9sio","article_publisher":"https:\/\/www.facebook.com\/BlogQuerSaberPolitica\/","article_author":"https:\/\/www.facebook.com\/?ref=tn_tnmn","article_published_time":"2026-04-26T13:00:01+00:00","og_image":[{"width":720,"height":456,"url":"https:\/\/blogdofarnesio.com.br\/wp-content\/uploads\/2026\/04\/curaca-vira-alvo-do-mpba-por-falta-de-preservacao-0138681300202604240849-e1777132311699.jpeg","type":"image\/jpeg"}],"author":"Farn\u00e9sio","twitter_card":"summary_large_image","twitter_misc":{"Escrito por":"Farn\u00e9sio","Est. tempo de leitura":"3 minutos"},"schema":{"@context":"https:\/\/schema.org","@graph":[{"@type":"Article","@id":"https:\/\/blogdofarnesio.com.br\/?p=420379#article","isPartOf":{"@id":"https:\/\/blogdofarnesio.com.br\/?p=420379"},"author":{"name":"Farn\u00e9sio","@id":"https:\/\/blogdofarnesio.com.br\/#\/schema\/person\/bb9b23ae3ad0609ce8df7b6c9e76824d"},"headline":"Cura\u00e7\u00e1 vira alvo do MPBA por falta de preserva\u00e7\u00e3o da gruta de Patamut\u00e9, ap\u00f3s munic\u00edpio descumprir compromissos firmados em TAC celebrado em 2018","datePublished":"2026-04-26T13:00:01+00:00","mainEntityOfPage":{"@id":"https:\/\/blogdofarnesio.com.br\/?p=420379"},"wordCount":421,"commentCount":0,"publisher":{"@id":"https:\/\/blogdofarnesio.com.br\/#organization"},"image":{"@id":"https:\/\/blogdofarnesio.com.br\/?p=420379#primaryimage"},"thumbnailUrl":"https:\/\/blogdofarnesio.com.br\/wp-content\/uploads\/2026\/04\/curaca-vira-alvo-do-mpba-por-falta-de-preservacao-0138681300202604240849-e1777132311699.jpeg","articleSection":["Cidades","Justi\u00e7a"],"inLanguage":"pt-BR","potentialAction":[{"@type":"CommentAction","name":"Comment","target":["https:\/\/blogdofarnesio.com.br\/?p=420379#respond"]}]},{"@type":"WebPage","@id":"https:\/\/blogdofarnesio.com.br\/?p=420379","url":"https:\/\/blogdofarnesio.com.br\/?p=420379","name":"Cura\u00e7\u00e1 vira alvo do MPBA por falta de preserva\u00e7\u00e3o da gruta de Patamut\u00e9, ap\u00f3s munic\u00edpio descumprir compromissos firmados em TAC celebrado em 2018 - Blog do Farn\u00e9sio","isPartOf":{"@id":"https:\/\/blogdofarnesio.com.br\/#website"},"primaryImageOfPage":{"@id":"https:\/\/blogdofarnesio.com.br\/?p=420379#primaryimage"},"image":{"@id":"https:\/\/blogdofarnesio.com.br\/?p=420379#primaryimage"},"thumbnailUrl":"https:\/\/blogdofarnesio.com.br\/wp-content\/uploads\/2026\/04\/curaca-vira-alvo-do-mpba-por-falta-de-preservacao-0138681300202604240849-e1777132311699.jpeg","datePublished":"2026-04-26T13:00:01+00:00","breadcrumb":{"@id":"https:\/\/blogdofarnesio.com.br\/?p=420379#breadcrumb"},"inLanguage":"pt-BR","potentialAction":[{"@type":"ReadAction","target":["https:\/\/blogdofarnesio.com.br\/?p=420379"]}]},{"@type":"ImageObject","inLanguage":"pt-BR","@id":"https:\/\/blogdofarnesio.com.br\/?p=420379#primaryimage","url":"https:\/\/blogdofarnesio.com.br\/wp-content\/uploads\/2026\/04\/curaca-vira-alvo-do-mpba-por-falta-de-preservacao-0138681300202604240849-e1777132311699.jpeg","contentUrl":"https:\/\/blogdofarnesio.com.br\/wp-content\/uploads\/2026\/04\/curaca-vira-alvo-do-mpba-por-falta-de-preservacao-0138681300202604240849-e1777132311699.jpeg","width":720,"height":456},{"@type":"BreadcrumbList","@id":"https:\/\/blogdofarnesio.com.br\/?p=420379#breadcrumb","itemListElement":[{"@type":"ListItem","position":1,"name":"In\u00edcio","item":"https:\/\/blogdofarnesio.com.br\/"},{"@type":"ListItem","position":2,"name":"Cura\u00e7\u00e1 vira alvo do MPBA por falta de preserva\u00e7\u00e3o da gruta de Patamut\u00e9, ap\u00f3s munic\u00edpio descumprir compromissos firmados em TAC celebrado em 2018"}]},{"@type":"WebSite","@id":"https:\/\/blogdofarnesio.com.br\/#website","url":"https:\/\/blogdofarnesio.com.br\/","name":"Blog do Farn\u00e9sio","description":"Quer Saber Pol\u00edtica?","publisher":{"@id":"https:\/\/blogdofarnesio.com.br\/#organization"},"potentialAction":[{"@type":"SearchAction","target":{"@type":"EntryPoint","urlTemplate":"https:\/\/blogdofarnesio.com.br\/?s={search_term_string}"},"query-input":{"@type":"PropertyValueSpecification","valueRequired":true,"valueName":"search_term_string"}}],"inLanguage":"pt-BR"},{"@type":"Organization","@id":"https:\/\/blogdofarnesio.com.br\/#organization","name":"Blog do Farn\u00e9sio","url":"https:\/\/blogdofarnesio.com.br\/","logo":{"@type":"ImageObject","inLanguage":"pt-BR","@id":"https:\/\/blogdofarnesio.com.br\/#\/schema\/logo\/image\/","url":"https:\/\/blogdofarnesio.com.br\/wp-content\/uploads\/2026\/03\/cropped-logo_new-1.png","contentUrl":"https:\/\/blogdofarnesio.com.br\/wp-content\/uploads\/2026\/03\/cropped-logo_new-1.png","width":881,"height":685,"caption":"Blog do Farn\u00e9sio"},"image":{"@id":"https:\/\/blogdofarnesio.com.br\/#\/schema\/logo\/image\/"},"sameAs":["https:\/\/www.facebook.com\/BlogQuerSaberPolitica\/"]},{"@type":"Person","@id":"https:\/\/blogdofarnesio.com.br\/#\/schema\/person\/bb9b23ae3ad0609ce8df7b6c9e76824d","name":"Farn\u00e9sio","image":{"@type":"ImageObject","inLanguage":"pt-BR","@id":"https:\/\/secure.gravatar.com\/avatar\/986aa4c61ccdb66f8555bf88fc2a65609d00bcabd4d2d94377a727547345cbca?s=96&d=mm&r=g","url":"https:\/\/secure.gravatar.com\/avatar\/986aa4c61ccdb66f8555bf88fc2a65609d00bcabd4d2d94377a727547345cbca?s=96&d=mm&r=g","contentUrl":"https:\/\/secure.gravatar.com\/avatar\/986aa4c61ccdb66f8555bf88fc2a65609d00bcabd4d2d94377a727547345cbca?s=96&d=mm&r=g","caption":"Farn\u00e9sio"},"description":"Radialista blogueiro, chegou a Petrolina\/Juazeiro em setembro de 1980, Farn\u00e9sio Silva \u00e9 de Arapiraca-Alagoas.","sameAs":["http:\/\/blogdofarnesio.com.br","https:\/\/www.facebook.com\/?ref=tn_tnmn","https:\/\/www.instagram.com\/?utm_source=pwa_homescreen","https:\/\/youtube.com.br\/"],"url":"https:\/\/blogdofarnesio.com.br\/?author=2"}]}},"_links":{"self":[{"href":"https:\/\/blogdofarnesio.com.br\/index.php?rest_route=\/wp\/v2\/posts\/420379","targetHints":{"allow":["GET"]}}],"collection":[{"href":"https:\/\/blogdofarnesio.com.br\/index.php?rest_route=\/wp\/v2\/posts"}],"about":[{"href":"https:\/\/blogdofarnesio.com.br\/index.php?rest_route=\/wp\/v2\/types\/post"}],"author":[{"embeddable":true,"href":"https:\/\/blogdofarnesio.com.br\/index.php?rest_route=\/wp\/v2\/users\/2"}],"replies":[{"embeddable":true,"href":"https:\/\/blogdofarnesio.com.br\/index.php?rest_route=%2Fwp%2Fv2%2Fcomments&post=420379"}],"version-history":[{"count":3,"href":"https:\/\/blogdofarnesio.com.br\/index.php?rest_route=\/wp\/v2\/posts\/420379\/revisions"}],"predecessor-version":[{"id":420411,"href":"https:\/\/blogdofarnesio.com.br\/index.php?rest_route=\/wp\/v2\/posts\/420379\/revisions\/420411"}],"wp:featuredmedia":[{"embeddable":true,"href":"https:\/\/blogdofarnesio.com.br\/index.php?rest_route=\/wp\/v2\/media\/420381"}],"wp:attachment":[{"href":"https:\/\/blogdofarnesio.com.br\/index.php?rest_route=%2Fwp%2Fv2%2Fmedia&parent=420379"}],"wp:term":[{"taxonomy":"category","embeddable":true,"href":"https:\/\/blogdofarnesio.com.br\/index.php?rest_route=%2Fwp%2Fv2%2Fcategories&post=420379"},{"taxonomy":"post_tag","embeddable":true,"href":"https:\/\/blogdofarnesio.com.br\/index.php?rest_route=%2Fwp%2Fv2%2Ftags&post=420379"}],"curies":[{"name":"wp","href":"https:\/\/api.w.org\/{rel}","templated":true}]}}