{"id":420376,"date":"2026-04-26T09:32:15","date_gmt":"2026-04-26T12:32:15","guid":{"rendered":"https:\/\/blogdofarnesio.com.br\/?p=420376"},"modified":"2026-04-26T08:32:07","modified_gmt":"2026-04-26T11:32:07","slug":"11-palavras-que-nao-tem-plural-em-portugues-e-muita-gente-erra-veja-quais","status":"publish","type":"post","link":"https:\/\/blogdofarnesio.com.br\/?p=420376","title":{"rendered":"11 palavras que n\u00e3o t\u00eam plural em portugu\u00eas e muita gente erra. Veja quais"},"content":{"rendered":"<p data-t=\"{&quot;n&quot;:&quot;blueLinks&quot;,&quot;t&quot;:13,&quot;a&quot;:&quot;click&quot;,&quot;b&quot;:76}\">UOL\/FOLHAPRESS &#8211; Algumas palavras em portugu\u00eas parecem pedir um &#8220;s&#8221; no fim, mas n\u00e3o mudam quando a ideia \u00e9 plural. Conhecer esses casos ajuda a evitar erros comuns na fala e na escrita.<\/p>\n<p data-t=\"{&quot;n&quot;:&quot;blueLinks&quot;,&quot;t&quot;:13,&quot;a&quot;:&quot;click&quot;,&quot;b&quot;:76}\">Alguns termos j\u00e1 trazem um sentido completo e, por isso, n\u00e3o variam no plural. Em muitos casos, a explica\u00e7\u00e3o envolve a origem da palavra, a sonoridade e a tradi\u00e7\u00e3o de uso.<\/p>\n<p data-t=\"{&quot;n&quot;:&quot;blueLinks&quot;,&quot;t&quot;:13,&quot;a&quot;:&quot;click&quot;,&quot;b&quot;:76}\">H\u00e1 palavras que vieram do latim e j\u00e1 eram usadas sem forma plural. \u00c9 o caso de &#8220;b\u00f4nus&#8221;, que entrou no portugu\u00eas mantendo a mesma estrutura.<\/p>\n<p class=\"continue-read-break\" data-t=\"{&quot;n&quot;:&quot;blueLinks&quot;,&quot;t&quot;:13,&quot;a&quot;:&quot;click&quot;,&quot;b&quot;:76}\">Outras se mant\u00eam invari\u00e1veis por raz\u00f5es fon\u00e9ticas e hist\u00f3ricas. &#8220;Atlas&#8221; \u00e9 um exemplo citado por gram\u00e1ticos, embora alguns dicion\u00e1rios registrem plural, o uso tradicional costuma manter a palavra sem altera\u00e7\u00e3o.<\/p>\n<p data-t=\"{&quot;n&quot;:&quot;blueLinks&quot;,&quot;t&quot;:13,&quot;a&quot;:&quot;click&quot;,&quot;b&quot;:76}\">O h\u00e1bito de aplicar a regra do plural automaticamente faz os deslizes aparecerem com frequ\u00eancia. Depois que voc\u00ea identifica as palavras invari\u00e1veis, fica mais f\u00e1cil escrever e falar sem trope\u00e7ar.<\/p>\n<p data-t=\"{&quot;n&quot;:&quot;blueLinks&quot;,&quot;t&quot;:13,&quot;a&quot;:&quot;click&quot;,&quot;b&quot;:76}\"><strong>11 exemplos de palavras sem plural usadas no dia a dia<\/strong><\/p>\n<p data-t=\"{&quot;n&quot;:&quot;blueLinks&quot;,&quot;t&quot;:13,&quot;a&quot;:&quot;click&quot;,&quot;b&quot;:76}\">L\u00e1pis &#8211; certo: &#8220;Dois l\u00e1pis&#8221;; errado: &#8220;l\u00e1pises&#8221;.<\/p>\n<p data-t=\"{&quot;n&quot;:&quot;blueLinks&quot;,&quot;t&quot;:13,&quot;a&quot;:&quot;click&quot;,&quot;b&quot;:76}\">\u00d4nibus &#8211; certo: &#8220;V\u00e1rios \u00f4nibus&#8221;; errado: &#8220;\u00f4nibuses&#8221;.<\/p>\n<p data-t=\"{&quot;n&quot;:&quot;blueLinks&quot;,&quot;t&quot;:13,&quot;a&quot;:&quot;click&quot;,&quot;b&quot;:76}\">F\u00eanix &#8211; certo: &#8220;As f\u00eanix renasceram&#8221;; errado: &#8220;f\u00eanixes&#8221; (em alguns contextos liter\u00e1rios, o plural pode ser aceito, mas no uso mais comum a palavra se mant\u00e9m invari\u00e1vel).<\/p>\n<p data-t=\"{&quot;n&quot;:&quot;blueLinks&quot;,&quot;t&quot;:13,&quot;a&quot;:&quot;click&quot;,&quot;b&quot;:76}\">V\u00edrus &#8211; certo: &#8220;Os v\u00edrus se espalharam&#8221;; errado: &#8220;v\u00edruses&#8221;.<\/p>\n<p data-t=\"{&quot;n&quot;:&quot;blueLinks&quot;,&quot;t&quot;:13,&quot;a&quot;:&quot;click&quot;,&quot;b&quot;:76}\">Pires &#8211; certo: &#8220;Os pires quebraram&#8221;; errado: &#8220;pireses&#8221;.<\/p>\n<p data-t=\"{&quot;n&quot;:&quot;blueLinks&quot;,&quot;t&quot;:13,&quot;a&quot;:&quot;click&quot;,&quot;b&quot;:76}\">\u00d4nix &#8211; certo: &#8220;Os colares de \u00f4nix s\u00e3o bonitos&#8221;; errado: &#8220;\u00f4nixes&#8221;.<\/p>\n<p data-t=\"{&quot;n&quot;:&quot;blueLinks&quot;,&quot;t&quot;:13,&quot;a&quot;:&quot;click&quot;,&quot;b&quot;:76}\">Atlas &#8211; certo: &#8220;Os atlas de geografia&#8221;; errado: &#8220;atlases&#8221; (apesar de alguns dicion\u00e1rios aceitarem, o uso tradicional mant\u00e9m invari\u00e1vel).<\/p>\n<p data-t=\"{&quot;n&quot;:&quot;blueLinks&quot;,&quot;t&quot;:13,&quot;a&quot;:&quot;click&quot;,&quot;b&quot;:76}\">T\u00f3rax &#8211; certo: &#8220;As dores nos t\u00f3rax&#8221;; errado: &#8220;t\u00f3raxes&#8221;.<\/p>\n<p data-t=\"{&quot;n&quot;:&quot;blueLinks&quot;,&quot;t&quot;:13,&quot;a&quot;:&quot;click&quot;,&quot;b&quot;:76}\">B\u00f4nus &#8211; certo: &#8220;Recebi dois b\u00f4nus este m\u00eas&#8221;; errado: &#8220;b\u00f4nuses&#8221;.<\/p>\n<p data-t=\"{&quot;n&quot;:&quot;blueLinks&quot;,&quot;t&quot;:13,&quot;a&quot;:&quot;click&quot;,&quot;b&quot;:76}\">Status &#8211; certo: &#8220;Os status de voc\u00eas na empresa mudaram&#8221;; errado: &#8220;statuses&#8221;.<\/p>\n<p data-t=\"{&quot;n&quot;:&quot;blueLinks&quot;,&quot;t&quot;:13,&quot;a&quot;:&quot;click&quot;,&quot;b&quot;:76}\">F\u00f3rceps &#8211; certo: &#8220;Os f\u00f3rceps usados no procedimento&#8221;; errado: &#8220;f\u00f3rcepses&#8221;.<\/p>\n","protected":false},"excerpt":{"rendered":"<p>UOL\/FOLHAPRESS &#8211; Algumas palavras em portugu\u00eas parecem pedir um &#8220;s&#8221; no fim, mas n\u00e3o mudam quando a ideia \u00e9 plural. Conhecer esses casos ajuda a evitar erros comuns na fala e na escrita. Alguns termos j\u00e1 trazem um sentido completo e, por isso, n\u00e3o variam no plural. Em muitos casos, a explica\u00e7\u00e3o envolve a origem da palavra, a sonoridade e a tradi\u00e7\u00e3o de uso. H\u00e1 palavras que vieram do latim e j\u00e1 eram usadas sem forma plural. \u00c9 o caso de &#8220;b\u00f4nus&#8221;, que entrou no portugu\u00eas mantendo a mesma estrutura. Outras se mant\u00eam invari\u00e1veis por raz\u00f5es fon\u00e9ticas e hist\u00f3ricas. &#8220;Atlas&#8221; \u00e9 um exemplo citado por gram\u00e1ticos, embora alguns dicion\u00e1rios registrem plural, o uso tradicional costuma manter a palavra sem altera\u00e7\u00e3o.&hellip; <\/p>\n","protected":false},"author":2,"featured_media":92874,"comment_status":"open","ping_status":"open","sticky":false,"template":"","format":"standard","meta":{"_acf_changed":false,"footnotes":""},"categories":[10],"tags":[],"class_list":["post-420376","post","type-post","status-publish","format-standard","has-post-thumbnail","hentry","category-cultura"],"acf":[],"yoast_head":"<!-- This site is optimized with the Yoast SEO plugin v27.4 - https:\/\/yoast.com\/product\/yoast-seo-wordpress\/ -->\n<title>11 palavras que n\u00e3o t\u00eam plural em portugu\u00eas e muita gente erra. Veja quais - Blog do Farn\u00e9sio<\/title>\n<meta name=\"robots\" content=\"index, follow, max-snippet:-1, max-image-preview:large, max-video-preview:-1\" \/>\n<link rel=\"canonical\" href=\"https:\/\/blogdofarnesio.com.br\/?p=420376\" \/>\n<meta property=\"og:locale\" content=\"pt_BR\" \/>\n<meta property=\"og:type\" content=\"article\" \/>\n<meta property=\"og:title\" content=\"11 palavras que n\u00e3o t\u00eam plural em portugu\u00eas e muita gente erra. Veja quais - Blog do Farn\u00e9sio\" \/>\n<meta property=\"og:description\" content=\"UOL\/FOLHAPRESS &#8211; Algumas palavras em portugu\u00eas parecem pedir um &#8220;s&#8221; no fim, mas n\u00e3o mudam quando a ideia \u00e9 plural. Conhecer esses casos ajuda a evitar erros comuns na fala e na escrita. Alguns termos j\u00e1 trazem um sentido completo e, por isso, n\u00e3o variam no plural. Em muitos casos, a explica\u00e7\u00e3o envolve a origem da palavra, a sonoridade e a tradi\u00e7\u00e3o de uso. H\u00e1 palavras que vieram do latim e j\u00e1 eram usadas sem forma plural. \u00c9 o caso de &#8220;b\u00f4nus&#8221;, que entrou no portugu\u00eas mantendo a mesma estrutura. Outras se mant\u00eam invari\u00e1veis por raz\u00f5es fon\u00e9ticas e hist\u00f3ricas. &#8220;Atlas&#8221; \u00e9 um exemplo citado por gram\u00e1ticos, embora alguns dicion\u00e1rios registrem plural, o uso tradicional costuma manter a palavra sem altera\u00e7\u00e3o.&hellip;\" \/>\n<meta property=\"og:url\" content=\"https:\/\/blogdofarnesio.com.br\/?p=420376\" \/>\n<meta property=\"og:site_name\" content=\"Blog do Farn\u00e9sio\" \/>\n<meta property=\"article:publisher\" content=\"https:\/\/www.facebook.com\/BlogQuerSaberPolitica\/\" \/>\n<meta property=\"article:author\" content=\"https:\/\/www.facebook.com\/?ref=tn_tnmn\" \/>\n<meta property=\"article:published_time\" content=\"2026-04-26T12:32:15+00:00\" \/>\n<meta property=\"og:image\" content=\"https:\/\/blogdofarnesio.com.br\/wp-content\/uploads\/2014\/07\/blogqspquem\u00e9quemInterroga\u00e7\u00e3o.jpg\" \/>\n\t<meta property=\"og:image:width\" content=\"256\" \/>\n\t<meta property=\"og:image:height\" content=\"192\" \/>\n\t<meta property=\"og:image:type\" content=\"image\/jpeg\" \/>\n<meta name=\"author\" content=\"Farn\u00e9sio\" \/>\n<meta name=\"twitter:card\" content=\"summary_large_image\" \/>\n<meta name=\"twitter:label1\" content=\"Escrito por\" \/>\n\t<meta name=\"twitter:data1\" content=\"Farn\u00e9sio\" \/>\n\t<meta name=\"twitter:label2\" content=\"Est. tempo de leitura\" \/>\n\t<meta name=\"twitter:data2\" content=\"2 minutos\" \/>\n<script type=\"application\/ld+json\" class=\"yoast-schema-graph\">{\"@context\":\"https:\\\/\\\/schema.org\",\"@graph\":[{\"@type\":\"Article\",\"@id\":\"https:\\\/\\\/blogdofarnesio.com.br\\\/?p=420376#article\",\"isPartOf\":{\"@id\":\"https:\\\/\\\/blogdofarnesio.com.br\\\/?p=420376\"},\"author\":{\"name\":\"Farn\u00e9sio\",\"@id\":\"https:\\\/\\\/blogdofarnesio.com.br\\\/#\\\/schema\\\/person\\\/bb9b23ae3ad0609ce8df7b6c9e76824d\"},\"headline\":\"11 palavras que n\u00e3o t\u00eam plural em portugu\u00eas e muita gente erra. Veja quais\",\"datePublished\":\"2026-04-26T12:32:15+00:00\",\"mainEntityOfPage\":{\"@id\":\"https:\\\/\\\/blogdofarnesio.com.br\\\/?p=420376\"},\"wordCount\":351,\"commentCount\":0,\"publisher\":{\"@id\":\"https:\\\/\\\/blogdofarnesio.com.br\\\/#organization\"},\"image\":{\"@id\":\"https:\\\/\\\/blogdofarnesio.com.br\\\/?p=420376#primaryimage\"},\"thumbnailUrl\":\"https:\\\/\\\/blogdofarnesio.com.br\\\/wp-content\\\/uploads\\\/2014\\\/07\\\/blogqspquem\u00e9quemInterroga\u00e7\u00e3o.jpg\",\"articleSection\":[\"Cultura\"],\"inLanguage\":\"pt-BR\",\"potentialAction\":[{\"@type\":\"CommentAction\",\"name\":\"Comment\",\"target\":[\"https:\\\/\\\/blogdofarnesio.com.br\\\/?p=420376#respond\"]}]},{\"@type\":\"WebPage\",\"@id\":\"https:\\\/\\\/blogdofarnesio.com.br\\\/?p=420376\",\"url\":\"https:\\\/\\\/blogdofarnesio.com.br\\\/?p=420376\",\"name\":\"11 palavras que n\u00e3o t\u00eam plural em portugu\u00eas e muita gente erra. Veja quais - Blog do Farn\u00e9sio\",\"isPartOf\":{\"@id\":\"https:\\\/\\\/blogdofarnesio.com.br\\\/#website\"},\"primaryImageOfPage\":{\"@id\":\"https:\\\/\\\/blogdofarnesio.com.br\\\/?p=420376#primaryimage\"},\"image\":{\"@id\":\"https:\\\/\\\/blogdofarnesio.com.br\\\/?p=420376#primaryimage\"},\"thumbnailUrl\":\"https:\\\/\\\/blogdofarnesio.com.br\\\/wp-content\\\/uploads\\\/2014\\\/07\\\/blogqspquem\u00e9quemInterroga\u00e7\u00e3o.jpg\",\"datePublished\":\"2026-04-26T12:32:15+00:00\",\"breadcrumb\":{\"@id\":\"https:\\\/\\\/blogdofarnesio.com.br\\\/?p=420376#breadcrumb\"},\"inLanguage\":\"pt-BR\",\"potentialAction\":[{\"@type\":\"ReadAction\",\"target\":[\"https:\\\/\\\/blogdofarnesio.com.br\\\/?p=420376\"]}]},{\"@type\":\"ImageObject\",\"inLanguage\":\"pt-BR\",\"@id\":\"https:\\\/\\\/blogdofarnesio.com.br\\\/?p=420376#primaryimage\",\"url\":\"https:\\\/\\\/blogdofarnesio.com.br\\\/wp-content\\\/uploads\\\/2014\\\/07\\\/blogqspquem\u00e9quemInterroga\u00e7\u00e3o.jpg\",\"contentUrl\":\"https:\\\/\\\/blogdofarnesio.com.br\\\/wp-content\\\/uploads\\\/2014\\\/07\\\/blogqspquem\u00e9quemInterroga\u00e7\u00e3o.jpg\",\"width\":256,\"height\":192},{\"@type\":\"BreadcrumbList\",\"@id\":\"https:\\\/\\\/blogdofarnesio.com.br\\\/?p=420376#breadcrumb\",\"itemListElement\":[{\"@type\":\"ListItem\",\"position\":1,\"name\":\"In\u00edcio\",\"item\":\"https:\\\/\\\/blogdofarnesio.com.br\\\/\"},{\"@type\":\"ListItem\",\"position\":2,\"name\":\"11 palavras que n\u00e3o t\u00eam plural em portugu\u00eas e muita gente erra. Veja quais\"}]},{\"@type\":\"WebSite\",\"@id\":\"https:\\\/\\\/blogdofarnesio.com.br\\\/#website\",\"url\":\"https:\\\/\\\/blogdofarnesio.com.br\\\/\",\"name\":\"Blog do Farn\u00e9sio\",\"description\":\"Quer Saber Pol\u00edtica?\",\"publisher\":{\"@id\":\"https:\\\/\\\/blogdofarnesio.com.br\\\/#organization\"},\"potentialAction\":[{\"@type\":\"SearchAction\",\"target\":{\"@type\":\"EntryPoint\",\"urlTemplate\":\"https:\\\/\\\/blogdofarnesio.com.br\\\/?s={search_term_string}\"},\"query-input\":{\"@type\":\"PropertyValueSpecification\",\"valueRequired\":true,\"valueName\":\"search_term_string\"}}],\"inLanguage\":\"pt-BR\"},{\"@type\":\"Organization\",\"@id\":\"https:\\\/\\\/blogdofarnesio.com.br\\\/#organization\",\"name\":\"Blog do Farn\u00e9sio\",\"url\":\"https:\\\/\\\/blogdofarnesio.com.br\\\/\",\"logo\":{\"@type\":\"ImageObject\",\"inLanguage\":\"pt-BR\",\"@id\":\"https:\\\/\\\/blogdofarnesio.com.br\\\/#\\\/schema\\\/logo\\\/image\\\/\",\"url\":\"https:\\\/\\\/blogdofarnesio.com.br\\\/wp-content\\\/uploads\\\/2026\\\/03\\\/cropped-logo_new-1.png\",\"contentUrl\":\"https:\\\/\\\/blogdofarnesio.com.br\\\/wp-content\\\/uploads\\\/2026\\\/03\\\/cropped-logo_new-1.png\",\"width\":881,\"height\":685,\"caption\":\"Blog do Farn\u00e9sio\"},\"image\":{\"@id\":\"https:\\\/\\\/blogdofarnesio.com.br\\\/#\\\/schema\\\/logo\\\/image\\\/\"},\"sameAs\":[\"https:\\\/\\\/www.facebook.com\\\/BlogQuerSaberPolitica\\\/\"]},{\"@type\":\"Person\",\"@id\":\"https:\\\/\\\/blogdofarnesio.com.br\\\/#\\\/schema\\\/person\\\/bb9b23ae3ad0609ce8df7b6c9e76824d\",\"name\":\"Farn\u00e9sio\",\"image\":{\"@type\":\"ImageObject\",\"inLanguage\":\"pt-BR\",\"@id\":\"https:\\\/\\\/secure.gravatar.com\\\/avatar\\\/986aa4c61ccdb66f8555bf88fc2a65609d00bcabd4d2d94377a727547345cbca?s=96&d=mm&r=g\",\"url\":\"https:\\\/\\\/secure.gravatar.com\\\/avatar\\\/986aa4c61ccdb66f8555bf88fc2a65609d00bcabd4d2d94377a727547345cbca?s=96&d=mm&r=g\",\"contentUrl\":\"https:\\\/\\\/secure.gravatar.com\\\/avatar\\\/986aa4c61ccdb66f8555bf88fc2a65609d00bcabd4d2d94377a727547345cbca?s=96&d=mm&r=g\",\"caption\":\"Farn\u00e9sio\"},\"description\":\"Radialista blogueiro, chegou a Petrolina\\\/Juazeiro em setembro de 1980, Farn\u00e9sio Silva \u00e9 de Arapiraca-Alagoas.\",\"sameAs\":[\"http:\\\/\\\/blogdofarnesio.com.br\",\"https:\\\/\\\/www.facebook.com\\\/?ref=tn_tnmn\",\"https:\\\/\\\/www.instagram.com\\\/?utm_source=pwa_homescreen\",\"https:\\\/\\\/youtube.com.br\\\/\"],\"url\":\"https:\\\/\\\/blogdofarnesio.com.br\\\/?author=2\"}]}<\/script>\n<!-- \/ Yoast SEO plugin. -->","yoast_head_json":{"title":"11 palavras que n\u00e3o t\u00eam plural em portugu\u00eas e muita gente erra. Veja quais - Blog do Farn\u00e9sio","robots":{"index":"index","follow":"follow","max-snippet":"max-snippet:-1","max-image-preview":"max-image-preview:large","max-video-preview":"max-video-preview:-1"},"canonical":"https:\/\/blogdofarnesio.com.br\/?p=420376","og_locale":"pt_BR","og_type":"article","og_title":"11 palavras que n\u00e3o t\u00eam plural em portugu\u00eas e muita gente erra. Veja quais - Blog do Farn\u00e9sio","og_description":"UOL\/FOLHAPRESS &#8211; Algumas palavras em portugu\u00eas parecem pedir um &#8220;s&#8221; no fim, mas n\u00e3o mudam quando a ideia \u00e9 plural. Conhecer esses casos ajuda a evitar erros comuns na fala e na escrita. Alguns termos j\u00e1 trazem um sentido completo e, por isso, n\u00e3o variam no plural. Em muitos casos, a explica\u00e7\u00e3o envolve a origem da palavra, a sonoridade e a tradi\u00e7\u00e3o de uso. H\u00e1 palavras que vieram do latim e j\u00e1 eram usadas sem forma plural. \u00c9 o caso de &#8220;b\u00f4nus&#8221;, que entrou no portugu\u00eas mantendo a mesma estrutura. Outras se mant\u00eam invari\u00e1veis por raz\u00f5es fon\u00e9ticas e hist\u00f3ricas. &#8220;Atlas&#8221; \u00e9 um exemplo citado por gram\u00e1ticos, embora alguns dicion\u00e1rios registrem plural, o uso tradicional costuma manter a palavra sem altera\u00e7\u00e3o.&hellip;","og_url":"https:\/\/blogdofarnesio.com.br\/?p=420376","og_site_name":"Blog do Farn\u00e9sio","article_publisher":"https:\/\/www.facebook.com\/BlogQuerSaberPolitica\/","article_author":"https:\/\/www.facebook.com\/?ref=tn_tnmn","article_published_time":"2026-04-26T12:32:15+00:00","og_image":[{"width":256,"height":192,"url":"https:\/\/blogdofarnesio.com.br\/wp-content\/uploads\/2014\/07\/blogqspquem\u00e9quemInterroga\u00e7\u00e3o.jpg","type":"image\/jpeg"}],"author":"Farn\u00e9sio","twitter_card":"summary_large_image","twitter_misc":{"Escrito por":"Farn\u00e9sio","Est. tempo de leitura":"2 minutos"},"schema":{"@context":"https:\/\/schema.org","@graph":[{"@type":"Article","@id":"https:\/\/blogdofarnesio.com.br\/?p=420376#article","isPartOf":{"@id":"https:\/\/blogdofarnesio.com.br\/?p=420376"},"author":{"name":"Farn\u00e9sio","@id":"https:\/\/blogdofarnesio.com.br\/#\/schema\/person\/bb9b23ae3ad0609ce8df7b6c9e76824d"},"headline":"11 palavras que n\u00e3o t\u00eam plural em portugu\u00eas e muita gente erra. Veja quais","datePublished":"2026-04-26T12:32:15+00:00","mainEntityOfPage":{"@id":"https:\/\/blogdofarnesio.com.br\/?p=420376"},"wordCount":351,"commentCount":0,"publisher":{"@id":"https:\/\/blogdofarnesio.com.br\/#organization"},"image":{"@id":"https:\/\/blogdofarnesio.com.br\/?p=420376#primaryimage"},"thumbnailUrl":"https:\/\/blogdofarnesio.com.br\/wp-content\/uploads\/2014\/07\/blogqspquem\u00e9quemInterroga\u00e7\u00e3o.jpg","articleSection":["Cultura"],"inLanguage":"pt-BR","potentialAction":[{"@type":"CommentAction","name":"Comment","target":["https:\/\/blogdofarnesio.com.br\/?p=420376#respond"]}]},{"@type":"WebPage","@id":"https:\/\/blogdofarnesio.com.br\/?p=420376","url":"https:\/\/blogdofarnesio.com.br\/?p=420376","name":"11 palavras que n\u00e3o t\u00eam plural em portugu\u00eas e muita gente erra. Veja quais - Blog do Farn\u00e9sio","isPartOf":{"@id":"https:\/\/blogdofarnesio.com.br\/#website"},"primaryImageOfPage":{"@id":"https:\/\/blogdofarnesio.com.br\/?p=420376#primaryimage"},"image":{"@id":"https:\/\/blogdofarnesio.com.br\/?p=420376#primaryimage"},"thumbnailUrl":"https:\/\/blogdofarnesio.com.br\/wp-content\/uploads\/2014\/07\/blogqspquem\u00e9quemInterroga\u00e7\u00e3o.jpg","datePublished":"2026-04-26T12:32:15+00:00","breadcrumb":{"@id":"https:\/\/blogdofarnesio.com.br\/?p=420376#breadcrumb"},"inLanguage":"pt-BR","potentialAction":[{"@type":"ReadAction","target":["https:\/\/blogdofarnesio.com.br\/?p=420376"]}]},{"@type":"ImageObject","inLanguage":"pt-BR","@id":"https:\/\/blogdofarnesio.com.br\/?p=420376#primaryimage","url":"https:\/\/blogdofarnesio.com.br\/wp-content\/uploads\/2014\/07\/blogqspquem\u00e9quemInterroga\u00e7\u00e3o.jpg","contentUrl":"https:\/\/blogdofarnesio.com.br\/wp-content\/uploads\/2014\/07\/blogqspquem\u00e9quemInterroga\u00e7\u00e3o.jpg","width":256,"height":192},{"@type":"BreadcrumbList","@id":"https:\/\/blogdofarnesio.com.br\/?p=420376#breadcrumb","itemListElement":[{"@type":"ListItem","position":1,"name":"In\u00edcio","item":"https:\/\/blogdofarnesio.com.br\/"},{"@type":"ListItem","position":2,"name":"11 palavras que n\u00e3o t\u00eam plural em portugu\u00eas e muita gente erra. Veja quais"}]},{"@type":"WebSite","@id":"https:\/\/blogdofarnesio.com.br\/#website","url":"https:\/\/blogdofarnesio.com.br\/","name":"Blog do Farn\u00e9sio","description":"Quer Saber Pol\u00edtica?","publisher":{"@id":"https:\/\/blogdofarnesio.com.br\/#organization"},"potentialAction":[{"@type":"SearchAction","target":{"@type":"EntryPoint","urlTemplate":"https:\/\/blogdofarnesio.com.br\/?s={search_term_string}"},"query-input":{"@type":"PropertyValueSpecification","valueRequired":true,"valueName":"search_term_string"}}],"inLanguage":"pt-BR"},{"@type":"Organization","@id":"https:\/\/blogdofarnesio.com.br\/#organization","name":"Blog do Farn\u00e9sio","url":"https:\/\/blogdofarnesio.com.br\/","logo":{"@type":"ImageObject","inLanguage":"pt-BR","@id":"https:\/\/blogdofarnesio.com.br\/#\/schema\/logo\/image\/","url":"https:\/\/blogdofarnesio.com.br\/wp-content\/uploads\/2026\/03\/cropped-logo_new-1.png","contentUrl":"https:\/\/blogdofarnesio.com.br\/wp-content\/uploads\/2026\/03\/cropped-logo_new-1.png","width":881,"height":685,"caption":"Blog do Farn\u00e9sio"},"image":{"@id":"https:\/\/blogdofarnesio.com.br\/#\/schema\/logo\/image\/"},"sameAs":["https:\/\/www.facebook.com\/BlogQuerSaberPolitica\/"]},{"@type":"Person","@id":"https:\/\/blogdofarnesio.com.br\/#\/schema\/person\/bb9b23ae3ad0609ce8df7b6c9e76824d","name":"Farn\u00e9sio","image":{"@type":"ImageObject","inLanguage":"pt-BR","@id":"https:\/\/secure.gravatar.com\/avatar\/986aa4c61ccdb66f8555bf88fc2a65609d00bcabd4d2d94377a727547345cbca?s=96&d=mm&r=g","url":"https:\/\/secure.gravatar.com\/avatar\/986aa4c61ccdb66f8555bf88fc2a65609d00bcabd4d2d94377a727547345cbca?s=96&d=mm&r=g","contentUrl":"https:\/\/secure.gravatar.com\/avatar\/986aa4c61ccdb66f8555bf88fc2a65609d00bcabd4d2d94377a727547345cbca?s=96&d=mm&r=g","caption":"Farn\u00e9sio"},"description":"Radialista blogueiro, chegou a Petrolina\/Juazeiro em setembro de 1980, Farn\u00e9sio Silva \u00e9 de Arapiraca-Alagoas.","sameAs":["http:\/\/blogdofarnesio.com.br","https:\/\/www.facebook.com\/?ref=tn_tnmn","https:\/\/www.instagram.com\/?utm_source=pwa_homescreen","https:\/\/youtube.com.br\/"],"url":"https:\/\/blogdofarnesio.com.br\/?author=2"}]}},"_links":{"self":[{"href":"https:\/\/blogdofarnesio.com.br\/index.php?rest_route=\/wp\/v2\/posts\/420376","targetHints":{"allow":["GET"]}}],"collection":[{"href":"https:\/\/blogdofarnesio.com.br\/index.php?rest_route=\/wp\/v2\/posts"}],"about":[{"href":"https:\/\/blogdofarnesio.com.br\/index.php?rest_route=\/wp\/v2\/types\/post"}],"author":[{"embeddable":true,"href":"https:\/\/blogdofarnesio.com.br\/index.php?rest_route=\/wp\/v2\/users\/2"}],"replies":[{"embeddable":true,"href":"https:\/\/blogdofarnesio.com.br\/index.php?rest_route=%2Fwp%2Fv2%2Fcomments&post=420376"}],"version-history":[{"count":1,"href":"https:\/\/blogdofarnesio.com.br\/index.php?rest_route=\/wp\/v2\/posts\/420376\/revisions"}],"predecessor-version":[{"id":420377,"href":"https:\/\/blogdofarnesio.com.br\/index.php?rest_route=\/wp\/v2\/posts\/420376\/revisions\/420377"}],"wp:featuredmedia":[{"embeddable":true,"href":"https:\/\/blogdofarnesio.com.br\/index.php?rest_route=\/wp\/v2\/media\/92874"}],"wp:attachment":[{"href":"https:\/\/blogdofarnesio.com.br\/index.php?rest_route=%2Fwp%2Fv2%2Fmedia&parent=420376"}],"wp:term":[{"taxonomy":"category","embeddable":true,"href":"https:\/\/blogdofarnesio.com.br\/index.php?rest_route=%2Fwp%2Fv2%2Fcategories&post=420376"},{"taxonomy":"post_tag","embeddable":true,"href":"https:\/\/blogdofarnesio.com.br\/index.php?rest_route=%2Fwp%2Fv2%2Ftags&post=420376"}],"curies":[{"name":"wp","href":"https:\/\/api.w.org\/{rel}","templated":true}]}}