{"id":420337,"date":"2026-04-26T08:00:25","date_gmt":"2026-04-26T11:00:25","guid":{"rendered":"https:\/\/blogdofarnesio.com.br\/?p=420337"},"modified":"2026-04-25T21:19:58","modified_gmt":"2026-04-26T00:19:58","slug":"ipj-realiza-audiencia-publica-para-apresentar-relatorio-atuarial-aos-servidores","status":"publish","type":"post","link":"https:\/\/blogdofarnesio.com.br\/?p=420337","title":{"rendered":"IPJ realiza audi\u00eancia p\u00fablica para apresentar Relat\u00f3rio Atuarial aos servidores"},"content":{"rendered":"<div>O Instituto de Previd\u00eancia de Juazeiro (IPJ) promoveu sexta-feira (24), audi\u00eancia p\u00fablica para apresenta\u00e7\u00e3o do Relat\u00f3rio Atuarial. O en realizado no audit\u00f3rio da institui\u00e7\u00e3o, no Centro M\u00e9dico Empresarial Dr. Renato Cerqueira, no bairro Santo Ant\u00f4nio.<\/div>\n<div>\n<p>Aberta ao p\u00fablico audi\u00eancia\u00a0 reuniu aposentados, pensionistas, servidores ativos e inativos, al\u00e9m de segurados e demais interessados em acompanhar de perto a gest\u00e3o previdenci\u00e1ria do munic\u00edpio.<\/p>\n<p>Entre os pontos apresentados, a avalia\u00e7\u00e3o atuarial, o relat\u00f3rio de governan\u00e7a e os resultados da pol\u00edtica de investimentos. Tamb\u00e9m foram discutidos aspectos relacionados \u00e0 sustentabilidade financeira do Plano de Previd\u00eancia Municipal.<\/p>\n<p>A proposta, segundo o instituto, \u00e9 ampliar a transpar\u00eancia e garantir a participa\u00e7\u00e3o da popula\u00e7\u00e3o nas decis\u00f5es que impactam o sistema previdenci\u00e1rio. O espa\u00e7o tamb\u00e9m ser\u00e1 destinado ao esclarecimento de d\u00favidas e \u00e0 apresenta\u00e7\u00e3o de sugest\u00f5es por parte dos participantes.<\/p>\n<p>Com mais de 15 anos de atua\u00e7\u00e3o, o IPJ \u00e9 respons\u00e1vel por assegurar a prote\u00e7\u00e3o previdenci\u00e1ria dos servidores p\u00fablicos municipais, com foco na gest\u00e3o respons\u00e1vel e na seguran\u00e7a de aposentados e pensionistas.<\/p>\n<\/div>\n","protected":false},"excerpt":{"rendered":"<p>O Instituto de Previd\u00eancia de Juazeiro (IPJ) promoveu sexta-feira (24), audi\u00eancia p\u00fablica para apresenta\u00e7\u00e3o do Relat\u00f3rio Atuarial. O en realizado no audit\u00f3rio da institui\u00e7\u00e3o, no Centro M\u00e9dico Empresarial Dr. Renato Cerqueira, no bairro Santo Ant\u00f4nio. Aberta ao p\u00fablico audi\u00eancia\u00a0 reuniu aposentados, pensionistas, servidores ativos e inativos, al\u00e9m de segurados e demais interessados em acompanhar de perto a gest\u00e3o previdenci\u00e1ria do munic\u00edpio. Entre os pontos apresentados, a avalia\u00e7\u00e3o atuarial, o relat\u00f3rio de governan\u00e7a e os resultados da pol\u00edtica de investimentos. Tamb\u00e9m foram discutidos aspectos relacionados \u00e0 sustentabilidade financeira do Plano de Previd\u00eancia Municipal. A proposta, segundo o instituto, \u00e9 ampliar a transpar\u00eancia e garantir a participa\u00e7\u00e3o da popula\u00e7\u00e3o nas decis\u00f5es que impactam o sistema previdenci\u00e1rio. O espa\u00e7o tamb\u00e9m ser\u00e1 destinado ao&hellip; <\/p>\n","protected":false},"author":2,"featured_media":307591,"comment_status":"open","ping_status":"open","sticky":false,"template":"","format":"standard","meta":{"_acf_changed":false,"footnotes":""},"categories":[19],"tags":[],"class_list":["post-420337","post","type-post","status-publish","format-standard","has-post-thumbnail","hentry","category-servidores"],"acf":[],"yoast_head":"<!-- This site is optimized with the Yoast SEO plugin v27.4 - https:\/\/yoast.com\/product\/yoast-seo-wordpress\/ -->\n<title>IPJ realiza audi\u00eancia p\u00fablica para apresentar Relat\u00f3rio Atuarial aos servidores - Blog do Farn\u00e9sio<\/title>\n<meta name=\"robots\" content=\"index, follow, max-snippet:-1, max-image-preview:large, max-video-preview:-1\" \/>\n<link rel=\"canonical\" href=\"https:\/\/blogdofarnesio.com.br\/?p=420337\" \/>\n<meta property=\"og:locale\" content=\"pt_BR\" \/>\n<meta property=\"og:type\" content=\"article\" \/>\n<meta property=\"og:title\" content=\"IPJ realiza audi\u00eancia p\u00fablica para apresentar Relat\u00f3rio Atuarial aos servidores - Blog do Farn\u00e9sio\" \/>\n<meta property=\"og:description\" content=\"O Instituto de Previd\u00eancia de Juazeiro (IPJ) promoveu sexta-feira (24), audi\u00eancia p\u00fablica para apresenta\u00e7\u00e3o do Relat\u00f3rio Atuarial. O en realizado no audit\u00f3rio da institui\u00e7\u00e3o, no Centro M\u00e9dico Empresarial Dr. Renato Cerqueira, no bairro Santo Ant\u00f4nio. Aberta ao p\u00fablico audi\u00eancia\u00a0 reuniu aposentados, pensionistas, servidores ativos e inativos, al\u00e9m de segurados e demais interessados em acompanhar de perto a gest\u00e3o previdenci\u00e1ria do munic\u00edpio. Entre os pontos apresentados, a avalia\u00e7\u00e3o atuarial, o relat\u00f3rio de governan\u00e7a e os resultados da pol\u00edtica de investimentos. Tamb\u00e9m foram discutidos aspectos relacionados \u00e0 sustentabilidade financeira do Plano de Previd\u00eancia Municipal. A proposta, segundo o instituto, \u00e9 ampliar a transpar\u00eancia e garantir a participa\u00e7\u00e3o da popula\u00e7\u00e3o nas decis\u00f5es que impactam o sistema previdenci\u00e1rio. O espa\u00e7o tamb\u00e9m ser\u00e1 destinado ao&hellip;\" \/>\n<meta property=\"og:url\" content=\"https:\/\/blogdofarnesio.com.br\/?p=420337\" \/>\n<meta property=\"og:site_name\" content=\"Blog do Farn\u00e9sio\" \/>\n<meta property=\"article:publisher\" content=\"https:\/\/www.facebook.com\/BlogQuerSaberPolitica\/\" \/>\n<meta property=\"article:author\" content=\"https:\/\/www.facebook.com\/?ref=tn_tnmn\" \/>\n<meta property=\"article:published_time\" content=\"2026-04-26T11:00:25+00:00\" \/>\n<meta property=\"og:image\" content=\"https:\/\/blogdofarnesio.com.br\/wp-content\/uploads\/2022\/03\/Fachada_IPJ-e1646157663690.jpg\" \/>\n\t<meta property=\"og:image:width\" content=\"624\" \/>\n\t<meta property=\"og:image:height\" content=\"416\" \/>\n\t<meta property=\"og:image:type\" content=\"image\/jpeg\" \/>\n<meta name=\"author\" content=\"Farn\u00e9sio\" \/>\n<meta name=\"twitter:card\" content=\"summary_large_image\" \/>\n<meta name=\"twitter:label1\" content=\"Escrito por\" \/>\n\t<meta name=\"twitter:data1\" content=\"Farn\u00e9sio\" \/>\n\t<meta name=\"twitter:label2\" content=\"Est. tempo de leitura\" \/>\n\t<meta name=\"twitter:data2\" content=\"2 minutos\" \/>\n<script type=\"application\/ld+json\" class=\"yoast-schema-graph\">{\"@context\":\"https:\\\/\\\/schema.org\",\"@graph\":[{\"@type\":\"Article\",\"@id\":\"https:\\\/\\\/blogdofarnesio.com.br\\\/?p=420337#article\",\"isPartOf\":{\"@id\":\"https:\\\/\\\/blogdofarnesio.com.br\\\/?p=420337\"},\"author\":{\"name\":\"Farn\u00e9sio\",\"@id\":\"https:\\\/\\\/blogdofarnesio.com.br\\\/#\\\/schema\\\/person\\\/bb9b23ae3ad0609ce8df7b6c9e76824d\"},\"headline\":\"IPJ realiza audi\u00eancia p\u00fablica para apresentar Relat\u00f3rio Atuarial aos servidores\",\"datePublished\":\"2026-04-26T11:00:25+00:00\",\"mainEntityOfPage\":{\"@id\":\"https:\\\/\\\/blogdofarnesio.com.br\\\/?p=420337\"},\"wordCount\":210,\"commentCount\":0,\"publisher\":{\"@id\":\"https:\\\/\\\/blogdofarnesio.com.br\\\/#organization\"},\"image\":{\"@id\":\"https:\\\/\\\/blogdofarnesio.com.br\\\/?p=420337#primaryimage\"},\"thumbnailUrl\":\"https:\\\/\\\/blogdofarnesio.com.br\\\/wp-content\\\/uploads\\\/2022\\\/03\\\/Fachada_IPJ-e1646157663690.jpg\",\"articleSection\":[\"Servidores\"],\"inLanguage\":\"pt-BR\",\"potentialAction\":[{\"@type\":\"CommentAction\",\"name\":\"Comment\",\"target\":[\"https:\\\/\\\/blogdofarnesio.com.br\\\/?p=420337#respond\"]}]},{\"@type\":\"WebPage\",\"@id\":\"https:\\\/\\\/blogdofarnesio.com.br\\\/?p=420337\",\"url\":\"https:\\\/\\\/blogdofarnesio.com.br\\\/?p=420337\",\"name\":\"IPJ realiza audi\u00eancia p\u00fablica para apresentar Relat\u00f3rio Atuarial aos servidores - Blog do Farn\u00e9sio\",\"isPartOf\":{\"@id\":\"https:\\\/\\\/blogdofarnesio.com.br\\\/#website\"},\"primaryImageOfPage\":{\"@id\":\"https:\\\/\\\/blogdofarnesio.com.br\\\/?p=420337#primaryimage\"},\"image\":{\"@id\":\"https:\\\/\\\/blogdofarnesio.com.br\\\/?p=420337#primaryimage\"},\"thumbnailUrl\":\"https:\\\/\\\/blogdofarnesio.com.br\\\/wp-content\\\/uploads\\\/2022\\\/03\\\/Fachada_IPJ-e1646157663690.jpg\",\"datePublished\":\"2026-04-26T11:00:25+00:00\",\"breadcrumb\":{\"@id\":\"https:\\\/\\\/blogdofarnesio.com.br\\\/?p=420337#breadcrumb\"},\"inLanguage\":\"pt-BR\",\"potentialAction\":[{\"@type\":\"ReadAction\",\"target\":[\"https:\\\/\\\/blogdofarnesio.com.br\\\/?p=420337\"]}]},{\"@type\":\"ImageObject\",\"inLanguage\":\"pt-BR\",\"@id\":\"https:\\\/\\\/blogdofarnesio.com.br\\\/?p=420337#primaryimage\",\"url\":\"https:\\\/\\\/blogdofarnesio.com.br\\\/wp-content\\\/uploads\\\/2022\\\/03\\\/Fachada_IPJ-e1646157663690.jpg\",\"contentUrl\":\"https:\\\/\\\/blogdofarnesio.com.br\\\/wp-content\\\/uploads\\\/2022\\\/03\\\/Fachada_IPJ-e1646157663690.jpg\",\"width\":624,\"height\":416},{\"@type\":\"BreadcrumbList\",\"@id\":\"https:\\\/\\\/blogdofarnesio.com.br\\\/?p=420337#breadcrumb\",\"itemListElement\":[{\"@type\":\"ListItem\",\"position\":1,\"name\":\"In\u00edcio\",\"item\":\"https:\\\/\\\/blogdofarnesio.com.br\\\/\"},{\"@type\":\"ListItem\",\"position\":2,\"name\":\"IPJ realiza audi\u00eancia p\u00fablica para apresentar Relat\u00f3rio Atuarial aos servidores\"}]},{\"@type\":\"WebSite\",\"@id\":\"https:\\\/\\\/blogdofarnesio.com.br\\\/#website\",\"url\":\"https:\\\/\\\/blogdofarnesio.com.br\\\/\",\"name\":\"Blog do Farn\u00e9sio\",\"description\":\"Quer Saber Pol\u00edtica?\",\"publisher\":{\"@id\":\"https:\\\/\\\/blogdofarnesio.com.br\\\/#organization\"},\"potentialAction\":[{\"@type\":\"SearchAction\",\"target\":{\"@type\":\"EntryPoint\",\"urlTemplate\":\"https:\\\/\\\/blogdofarnesio.com.br\\\/?s={search_term_string}\"},\"query-input\":{\"@type\":\"PropertyValueSpecification\",\"valueRequired\":true,\"valueName\":\"search_term_string\"}}],\"inLanguage\":\"pt-BR\"},{\"@type\":\"Organization\",\"@id\":\"https:\\\/\\\/blogdofarnesio.com.br\\\/#organization\",\"name\":\"Blog do Farn\u00e9sio\",\"url\":\"https:\\\/\\\/blogdofarnesio.com.br\\\/\",\"logo\":{\"@type\":\"ImageObject\",\"inLanguage\":\"pt-BR\",\"@id\":\"https:\\\/\\\/blogdofarnesio.com.br\\\/#\\\/schema\\\/logo\\\/image\\\/\",\"url\":\"https:\\\/\\\/blogdofarnesio.com.br\\\/wp-content\\\/uploads\\\/2026\\\/03\\\/cropped-logo_new-1.png\",\"contentUrl\":\"https:\\\/\\\/blogdofarnesio.com.br\\\/wp-content\\\/uploads\\\/2026\\\/03\\\/cropped-logo_new-1.png\",\"width\":881,\"height\":685,\"caption\":\"Blog do Farn\u00e9sio\"},\"image\":{\"@id\":\"https:\\\/\\\/blogdofarnesio.com.br\\\/#\\\/schema\\\/logo\\\/image\\\/\"},\"sameAs\":[\"https:\\\/\\\/www.facebook.com\\\/BlogQuerSaberPolitica\\\/\"]},{\"@type\":\"Person\",\"@id\":\"https:\\\/\\\/blogdofarnesio.com.br\\\/#\\\/schema\\\/person\\\/bb9b23ae3ad0609ce8df7b6c9e76824d\",\"name\":\"Farn\u00e9sio\",\"image\":{\"@type\":\"ImageObject\",\"inLanguage\":\"pt-BR\",\"@id\":\"https:\\\/\\\/secure.gravatar.com\\\/avatar\\\/986aa4c61ccdb66f8555bf88fc2a65609d00bcabd4d2d94377a727547345cbca?s=96&d=mm&r=g\",\"url\":\"https:\\\/\\\/secure.gravatar.com\\\/avatar\\\/986aa4c61ccdb66f8555bf88fc2a65609d00bcabd4d2d94377a727547345cbca?s=96&d=mm&r=g\",\"contentUrl\":\"https:\\\/\\\/secure.gravatar.com\\\/avatar\\\/986aa4c61ccdb66f8555bf88fc2a65609d00bcabd4d2d94377a727547345cbca?s=96&d=mm&r=g\",\"caption\":\"Farn\u00e9sio\"},\"description\":\"Radialista blogueiro, chegou a Petrolina\\\/Juazeiro em setembro de 1980, Farn\u00e9sio Silva \u00e9 de Arapiraca-Alagoas.\",\"sameAs\":[\"http:\\\/\\\/blogdofarnesio.com.br\",\"https:\\\/\\\/www.facebook.com\\\/?ref=tn_tnmn\",\"https:\\\/\\\/www.instagram.com\\\/?utm_source=pwa_homescreen\",\"https:\\\/\\\/youtube.com.br\\\/\"],\"url\":\"https:\\\/\\\/blogdofarnesio.com.br\\\/?author=2\"}]}<\/script>\n<!-- \/ Yoast SEO plugin. -->","yoast_head_json":{"title":"IPJ realiza audi\u00eancia p\u00fablica para apresentar Relat\u00f3rio Atuarial aos servidores - Blog do Farn\u00e9sio","robots":{"index":"index","follow":"follow","max-snippet":"max-snippet:-1","max-image-preview":"max-image-preview:large","max-video-preview":"max-video-preview:-1"},"canonical":"https:\/\/blogdofarnesio.com.br\/?p=420337","og_locale":"pt_BR","og_type":"article","og_title":"IPJ realiza audi\u00eancia p\u00fablica para apresentar Relat\u00f3rio Atuarial aos servidores - Blog do Farn\u00e9sio","og_description":"O Instituto de Previd\u00eancia de Juazeiro (IPJ) promoveu sexta-feira (24), audi\u00eancia p\u00fablica para apresenta\u00e7\u00e3o do Relat\u00f3rio Atuarial. O en realizado no audit\u00f3rio da institui\u00e7\u00e3o, no Centro M\u00e9dico Empresarial Dr. Renato Cerqueira, no bairro Santo Ant\u00f4nio. Aberta ao p\u00fablico audi\u00eancia\u00a0 reuniu aposentados, pensionistas, servidores ativos e inativos, al\u00e9m de segurados e demais interessados em acompanhar de perto a gest\u00e3o previdenci\u00e1ria do munic\u00edpio. Entre os pontos apresentados, a avalia\u00e7\u00e3o atuarial, o relat\u00f3rio de governan\u00e7a e os resultados da pol\u00edtica de investimentos. Tamb\u00e9m foram discutidos aspectos relacionados \u00e0 sustentabilidade financeira do Plano de Previd\u00eancia Municipal. A proposta, segundo o instituto, \u00e9 ampliar a transpar\u00eancia e garantir a participa\u00e7\u00e3o da popula\u00e7\u00e3o nas decis\u00f5es que impactam o sistema previdenci\u00e1rio. O espa\u00e7o tamb\u00e9m ser\u00e1 destinado ao&hellip;","og_url":"https:\/\/blogdofarnesio.com.br\/?p=420337","og_site_name":"Blog do Farn\u00e9sio","article_publisher":"https:\/\/www.facebook.com\/BlogQuerSaberPolitica\/","article_author":"https:\/\/www.facebook.com\/?ref=tn_tnmn","article_published_time":"2026-04-26T11:00:25+00:00","og_image":[{"width":624,"height":416,"url":"https:\/\/blogdofarnesio.com.br\/wp-content\/uploads\/2022\/03\/Fachada_IPJ-e1646157663690.jpg","type":"image\/jpeg"}],"author":"Farn\u00e9sio","twitter_card":"summary_large_image","twitter_misc":{"Escrito por":"Farn\u00e9sio","Est. tempo de leitura":"2 minutos"},"schema":{"@context":"https:\/\/schema.org","@graph":[{"@type":"Article","@id":"https:\/\/blogdofarnesio.com.br\/?p=420337#article","isPartOf":{"@id":"https:\/\/blogdofarnesio.com.br\/?p=420337"},"author":{"name":"Farn\u00e9sio","@id":"https:\/\/blogdofarnesio.com.br\/#\/schema\/person\/bb9b23ae3ad0609ce8df7b6c9e76824d"},"headline":"IPJ realiza audi\u00eancia p\u00fablica para apresentar Relat\u00f3rio Atuarial aos servidores","datePublished":"2026-04-26T11:00:25+00:00","mainEntityOfPage":{"@id":"https:\/\/blogdofarnesio.com.br\/?p=420337"},"wordCount":210,"commentCount":0,"publisher":{"@id":"https:\/\/blogdofarnesio.com.br\/#organization"},"image":{"@id":"https:\/\/blogdofarnesio.com.br\/?p=420337#primaryimage"},"thumbnailUrl":"https:\/\/blogdofarnesio.com.br\/wp-content\/uploads\/2022\/03\/Fachada_IPJ-e1646157663690.jpg","articleSection":["Servidores"],"inLanguage":"pt-BR","potentialAction":[{"@type":"CommentAction","name":"Comment","target":["https:\/\/blogdofarnesio.com.br\/?p=420337#respond"]}]},{"@type":"WebPage","@id":"https:\/\/blogdofarnesio.com.br\/?p=420337","url":"https:\/\/blogdofarnesio.com.br\/?p=420337","name":"IPJ realiza audi\u00eancia p\u00fablica para apresentar Relat\u00f3rio Atuarial aos servidores - Blog do Farn\u00e9sio","isPartOf":{"@id":"https:\/\/blogdofarnesio.com.br\/#website"},"primaryImageOfPage":{"@id":"https:\/\/blogdofarnesio.com.br\/?p=420337#primaryimage"},"image":{"@id":"https:\/\/blogdofarnesio.com.br\/?p=420337#primaryimage"},"thumbnailUrl":"https:\/\/blogdofarnesio.com.br\/wp-content\/uploads\/2022\/03\/Fachada_IPJ-e1646157663690.jpg","datePublished":"2026-04-26T11:00:25+00:00","breadcrumb":{"@id":"https:\/\/blogdofarnesio.com.br\/?p=420337#breadcrumb"},"inLanguage":"pt-BR","potentialAction":[{"@type":"ReadAction","target":["https:\/\/blogdofarnesio.com.br\/?p=420337"]}]},{"@type":"ImageObject","inLanguage":"pt-BR","@id":"https:\/\/blogdofarnesio.com.br\/?p=420337#primaryimage","url":"https:\/\/blogdofarnesio.com.br\/wp-content\/uploads\/2022\/03\/Fachada_IPJ-e1646157663690.jpg","contentUrl":"https:\/\/blogdofarnesio.com.br\/wp-content\/uploads\/2022\/03\/Fachada_IPJ-e1646157663690.jpg","width":624,"height":416},{"@type":"BreadcrumbList","@id":"https:\/\/blogdofarnesio.com.br\/?p=420337#breadcrumb","itemListElement":[{"@type":"ListItem","position":1,"name":"In\u00edcio","item":"https:\/\/blogdofarnesio.com.br\/"},{"@type":"ListItem","position":2,"name":"IPJ realiza audi\u00eancia p\u00fablica para apresentar Relat\u00f3rio Atuarial aos servidores"}]},{"@type":"WebSite","@id":"https:\/\/blogdofarnesio.com.br\/#website","url":"https:\/\/blogdofarnesio.com.br\/","name":"Blog do Farn\u00e9sio","description":"Quer Saber Pol\u00edtica?","publisher":{"@id":"https:\/\/blogdofarnesio.com.br\/#organization"},"potentialAction":[{"@type":"SearchAction","target":{"@type":"EntryPoint","urlTemplate":"https:\/\/blogdofarnesio.com.br\/?s={search_term_string}"},"query-input":{"@type":"PropertyValueSpecification","valueRequired":true,"valueName":"search_term_string"}}],"inLanguage":"pt-BR"},{"@type":"Organization","@id":"https:\/\/blogdofarnesio.com.br\/#organization","name":"Blog do Farn\u00e9sio","url":"https:\/\/blogdofarnesio.com.br\/","logo":{"@type":"ImageObject","inLanguage":"pt-BR","@id":"https:\/\/blogdofarnesio.com.br\/#\/schema\/logo\/image\/","url":"https:\/\/blogdofarnesio.com.br\/wp-content\/uploads\/2026\/03\/cropped-logo_new-1.png","contentUrl":"https:\/\/blogdofarnesio.com.br\/wp-content\/uploads\/2026\/03\/cropped-logo_new-1.png","width":881,"height":685,"caption":"Blog do Farn\u00e9sio"},"image":{"@id":"https:\/\/blogdofarnesio.com.br\/#\/schema\/logo\/image\/"},"sameAs":["https:\/\/www.facebook.com\/BlogQuerSaberPolitica\/"]},{"@type":"Person","@id":"https:\/\/blogdofarnesio.com.br\/#\/schema\/person\/bb9b23ae3ad0609ce8df7b6c9e76824d","name":"Farn\u00e9sio","image":{"@type":"ImageObject","inLanguage":"pt-BR","@id":"https:\/\/secure.gravatar.com\/avatar\/986aa4c61ccdb66f8555bf88fc2a65609d00bcabd4d2d94377a727547345cbca?s=96&d=mm&r=g","url":"https:\/\/secure.gravatar.com\/avatar\/986aa4c61ccdb66f8555bf88fc2a65609d00bcabd4d2d94377a727547345cbca?s=96&d=mm&r=g","contentUrl":"https:\/\/secure.gravatar.com\/avatar\/986aa4c61ccdb66f8555bf88fc2a65609d00bcabd4d2d94377a727547345cbca?s=96&d=mm&r=g","caption":"Farn\u00e9sio"},"description":"Radialista blogueiro, chegou a Petrolina\/Juazeiro em setembro de 1980, Farn\u00e9sio Silva \u00e9 de Arapiraca-Alagoas.","sameAs":["http:\/\/blogdofarnesio.com.br","https:\/\/www.facebook.com\/?ref=tn_tnmn","https:\/\/www.instagram.com\/?utm_source=pwa_homescreen","https:\/\/youtube.com.br\/"],"url":"https:\/\/blogdofarnesio.com.br\/?author=2"}]}},"_links":{"self":[{"href":"https:\/\/blogdofarnesio.com.br\/index.php?rest_route=\/wp\/v2\/posts\/420337","targetHints":{"allow":["GET"]}}],"collection":[{"href":"https:\/\/blogdofarnesio.com.br\/index.php?rest_route=\/wp\/v2\/posts"}],"about":[{"href":"https:\/\/blogdofarnesio.com.br\/index.php?rest_route=\/wp\/v2\/types\/post"}],"author":[{"embeddable":true,"href":"https:\/\/blogdofarnesio.com.br\/index.php?rest_route=\/wp\/v2\/users\/2"}],"replies":[{"embeddable":true,"href":"https:\/\/blogdofarnesio.com.br\/index.php?rest_route=%2Fwp%2Fv2%2Fcomments&post=420337"}],"version-history":[{"count":1,"href":"https:\/\/blogdofarnesio.com.br\/index.php?rest_route=\/wp\/v2\/posts\/420337\/revisions"}],"predecessor-version":[{"id":420338,"href":"https:\/\/blogdofarnesio.com.br\/index.php?rest_route=\/wp\/v2\/posts\/420337\/revisions\/420338"}],"wp:featuredmedia":[{"embeddable":true,"href":"https:\/\/blogdofarnesio.com.br\/index.php?rest_route=\/wp\/v2\/media\/307591"}],"wp:attachment":[{"href":"https:\/\/blogdofarnesio.com.br\/index.php?rest_route=%2Fwp%2Fv2%2Fmedia&parent=420337"}],"wp:term":[{"taxonomy":"category","embeddable":true,"href":"https:\/\/blogdofarnesio.com.br\/index.php?rest_route=%2Fwp%2Fv2%2Fcategories&post=420337"},{"taxonomy":"post_tag","embeddable":true,"href":"https:\/\/blogdofarnesio.com.br\/index.php?rest_route=%2Fwp%2Fv2%2Ftags&post=420337"}],"curies":[{"name":"wp","href":"https:\/\/api.w.org\/{rel}","templated":true}]}}