{"id":420333,"date":"2026-04-27T14:22:17","date_gmt":"2026-04-27T17:22:17","guid":{"rendered":"https:\/\/blogdofarnesio.com.br\/?p=420333"},"modified":"2026-04-27T09:00:34","modified_gmt":"2026-04-27T12:00:34","slug":"casa-nova-inicia-novo-ordenamento-no-transito-para-melhorar-seguranca-e-mobilidade-urbana","status":"publish","type":"post","link":"https:\/\/blogdofarnesio.com.br\/?p=420333","title":{"rendered":"Casa Nova inicia novo ordenamento no tr\u00e2nsito, para melhorar seguran\u00e7a e mobilidade urbana"},"content":{"rendered":"<p style=\"font-weight: 400;\">A Prefeitura de Casa Nova est\u00e1 implementando uma s\u00e9rie de altera\u00e7\u00f5es no tr\u00e2nsito do munic\u00edpio com o objetivo de melhorar o fluxo de ve\u00edculos, aumentar a seguran\u00e7a vi\u00e1ria e proporcionar mais qualidade de vida \u00e0 popula\u00e7\u00e3o. As mudan\u00e7as incluem ajustes na circula\u00e7\u00e3o em vias estrat\u00e9gicas e a implanta\u00e7\u00e3o de nova sinaliza\u00e7\u00e3o em diferentes pontos da cidade.<\/p>\n<p style=\"font-weight: 400;\">Como parte das a\u00e7\u00f5es, ser\u00e1 realizada a Semana de Imers\u00e3o no Tr\u00e2nsito. Durante esse per\u00edodo, agentes municipais estar\u00e3o nas ruas, em parceria com a Pol\u00edcia Militar, atuando na orienta\u00e7\u00e3o de motoristas e pedestres e na organiza\u00e7\u00e3o do fluxo nas \u00e1reas que passar\u00e3o por mudan\u00e7as. A iniciativa busca garantir uma adapta\u00e7\u00e3o mais segura e eficiente \u00e0s novas regras.<\/p>\n<p style=\"font-weight: 400;\">Paralelamente, a Prefeitura realiza a implanta\u00e7\u00e3o de sinaliza\u00e7\u00e3o horizontal e vertical nas vias que sofrer\u00e3o interven\u00e7\u00f5es. As medidas foram definidas com base em estudos t\u00e9cnicos, com foco na organiza\u00e7\u00e3o do tr\u00e2nsito, na redu\u00e7\u00e3o de riscos de acidentes e na melhoria da mobilidade urbana.<\/p>\n<p style=\"font-weight: 400;\">A gest\u00e3o municipal refor\u00e7a que a colabora\u00e7\u00e3o da popula\u00e7\u00e3o \u00e9 fundamental para o sucesso das mudan\u00e7as. Respeitar a sinaliza\u00e7\u00e3o e seguir as orienta\u00e7\u00f5es dos agentes de tr\u00e2nsito s\u00e3o atitudes essenciais para a constru\u00e7\u00e3o de uma cidade mais segura, organizada e com melhor qualidade de vida para todos.<\/p>\n<p style=\"font-weight: 400;\">Ascom PMCN<\/p>\n","protected":false},"excerpt":{"rendered":"<p>A Prefeitura de Casa Nova est\u00e1 implementando uma s\u00e9rie de altera\u00e7\u00f5es no tr\u00e2nsito do munic\u00edpio com o objetivo de melhorar o fluxo de ve\u00edculos, aumentar a seguran\u00e7a vi\u00e1ria e proporcionar mais qualidade de vida \u00e0 popula\u00e7\u00e3o. As mudan\u00e7as incluem ajustes na circula\u00e7\u00e3o em vias estrat\u00e9gicas e a implanta\u00e7\u00e3o de nova sinaliza\u00e7\u00e3o em diferentes pontos da cidade. Como parte das a\u00e7\u00f5es, ser\u00e1 realizada a Semana de Imers\u00e3o no Tr\u00e2nsito. Durante esse per\u00edodo, agentes municipais estar\u00e3o nas ruas, em parceria com a Pol\u00edcia Militar, atuando na orienta\u00e7\u00e3o de motoristas e pedestres e na organiza\u00e7\u00e3o do fluxo nas \u00e1reas que passar\u00e3o por mudan\u00e7as. A iniciativa busca garantir uma adapta\u00e7\u00e3o mais segura e eficiente \u00e0s novas regras. Paralelamente, a Prefeitura realiza a implanta\u00e7\u00e3o de&hellip; <\/p>\n","protected":false},"author":2,"featured_media":420335,"comment_status":"open","ping_status":"open","sticky":false,"template":"","format":"standard","meta":{"_acf_changed":false,"footnotes":""},"categories":[27],"tags":[],"class_list":["post-420333","post","type-post","status-publish","format-standard","has-post-thumbnail","hentry","category-cidades"],"acf":[],"yoast_head":"<!-- This site is optimized with the Yoast SEO plugin v27.4 - https:\/\/yoast.com\/product\/yoast-seo-wordpress\/ -->\n<title>Casa Nova inicia novo ordenamento no tr\u00e2nsito, para melhorar seguran\u00e7a e mobilidade urbana - Blog do Farn\u00e9sio<\/title>\n<meta name=\"robots\" content=\"index, follow, max-snippet:-1, max-image-preview:large, max-video-preview:-1\" \/>\n<link rel=\"canonical\" href=\"https:\/\/blogdofarnesio.com.br\/?p=420333\" \/>\n<meta property=\"og:locale\" content=\"pt_BR\" \/>\n<meta property=\"og:type\" content=\"article\" \/>\n<meta property=\"og:title\" content=\"Casa Nova inicia novo ordenamento no tr\u00e2nsito, para melhorar seguran\u00e7a e mobilidade urbana - Blog do Farn\u00e9sio\" \/>\n<meta property=\"og:description\" content=\"A Prefeitura de Casa Nova est\u00e1 implementando uma s\u00e9rie de altera\u00e7\u00f5es no tr\u00e2nsito do munic\u00edpio com o objetivo de melhorar o fluxo de ve\u00edculos, aumentar a seguran\u00e7a vi\u00e1ria e proporcionar mais qualidade de vida \u00e0 popula\u00e7\u00e3o. As mudan\u00e7as incluem ajustes na circula\u00e7\u00e3o em vias estrat\u00e9gicas e a implanta\u00e7\u00e3o de nova sinaliza\u00e7\u00e3o em diferentes pontos da cidade. Como parte das a\u00e7\u00f5es, ser\u00e1 realizada a Semana de Imers\u00e3o no Tr\u00e2nsito. Durante esse per\u00edodo, agentes municipais estar\u00e3o nas ruas, em parceria com a Pol\u00edcia Militar, atuando na orienta\u00e7\u00e3o de motoristas e pedestres e na organiza\u00e7\u00e3o do fluxo nas \u00e1reas que passar\u00e3o por mudan\u00e7as. A iniciativa busca garantir uma adapta\u00e7\u00e3o mais segura e eficiente \u00e0s novas regras. Paralelamente, a Prefeitura realiza a implanta\u00e7\u00e3o de&hellip;\" \/>\n<meta property=\"og:url\" content=\"https:\/\/blogdofarnesio.com.br\/?p=420333\" \/>\n<meta property=\"og:site_name\" content=\"Blog do Farn\u00e9sio\" \/>\n<meta property=\"article:publisher\" content=\"https:\/\/www.facebook.com\/BlogQuerSaberPolitica\/\" \/>\n<meta property=\"article:author\" content=\"https:\/\/www.facebook.com\/?ref=tn_tnmn\" \/>\n<meta property=\"article:published_time\" content=\"2026-04-27T17:22:17+00:00\" \/>\n<meta property=\"og:image\" content=\"https:\/\/blogdofarnesio.com.br\/wp-content\/uploads\/2026\/04\/blogqspcasanova-centro-1-e1777055410720.jpeg\" \/>\n\t<meta property=\"og:image:width\" content=\"680\" \/>\n\t<meta property=\"og:image:height\" content=\"351\" \/>\n\t<meta property=\"og:image:type\" content=\"image\/jpeg\" \/>\n<meta name=\"author\" content=\"Farn\u00e9sio\" \/>\n<meta name=\"twitter:card\" content=\"summary_large_image\" \/>\n<meta name=\"twitter:label1\" content=\"Escrito por\" \/>\n\t<meta name=\"twitter:data1\" content=\"Farn\u00e9sio\" \/>\n\t<meta name=\"twitter:label2\" content=\"Est. tempo de leitura\" \/>\n\t<meta name=\"twitter:data2\" content=\"2 minutos\" \/>\n<script type=\"application\/ld+json\" class=\"yoast-schema-graph\">{\"@context\":\"https:\\\/\\\/schema.org\",\"@graph\":[{\"@type\":\"Article\",\"@id\":\"https:\\\/\\\/blogdofarnesio.com.br\\\/?p=420333#article\",\"isPartOf\":{\"@id\":\"https:\\\/\\\/blogdofarnesio.com.br\\\/?p=420333\"},\"author\":{\"name\":\"Farn\u00e9sio\",\"@id\":\"https:\\\/\\\/blogdofarnesio.com.br\\\/#\\\/schema\\\/person\\\/bb9b23ae3ad0609ce8df7b6c9e76824d\"},\"headline\":\"Casa Nova inicia novo ordenamento no tr\u00e2nsito, para melhorar seguran\u00e7a e mobilidade urbana\",\"datePublished\":\"2026-04-27T17:22:17+00:00\",\"mainEntityOfPage\":{\"@id\":\"https:\\\/\\\/blogdofarnesio.com.br\\\/?p=420333\"},\"wordCount\":260,\"commentCount\":0,\"publisher\":{\"@id\":\"https:\\\/\\\/blogdofarnesio.com.br\\\/#organization\"},\"image\":{\"@id\":\"https:\\\/\\\/blogdofarnesio.com.br\\\/?p=420333#primaryimage\"},\"thumbnailUrl\":\"https:\\\/\\\/blogdofarnesio.com.br\\\/wp-content\\\/uploads\\\/2026\\\/04\\\/blogqspcasanova-centro-1-e1777055410720.jpeg\",\"articleSection\":[\"Cidades\"],\"inLanguage\":\"pt-BR\",\"potentialAction\":[{\"@type\":\"CommentAction\",\"name\":\"Comment\",\"target\":[\"https:\\\/\\\/blogdofarnesio.com.br\\\/?p=420333#respond\"]}]},{\"@type\":\"WebPage\",\"@id\":\"https:\\\/\\\/blogdofarnesio.com.br\\\/?p=420333\",\"url\":\"https:\\\/\\\/blogdofarnesio.com.br\\\/?p=420333\",\"name\":\"Casa Nova inicia novo ordenamento no tr\u00e2nsito, para melhorar seguran\u00e7a e mobilidade urbana - Blog do Farn\u00e9sio\",\"isPartOf\":{\"@id\":\"https:\\\/\\\/blogdofarnesio.com.br\\\/#website\"},\"primaryImageOfPage\":{\"@id\":\"https:\\\/\\\/blogdofarnesio.com.br\\\/?p=420333#primaryimage\"},\"image\":{\"@id\":\"https:\\\/\\\/blogdofarnesio.com.br\\\/?p=420333#primaryimage\"},\"thumbnailUrl\":\"https:\\\/\\\/blogdofarnesio.com.br\\\/wp-content\\\/uploads\\\/2026\\\/04\\\/blogqspcasanova-centro-1-e1777055410720.jpeg\",\"datePublished\":\"2026-04-27T17:22:17+00:00\",\"breadcrumb\":{\"@id\":\"https:\\\/\\\/blogdofarnesio.com.br\\\/?p=420333#breadcrumb\"},\"inLanguage\":\"pt-BR\",\"potentialAction\":[{\"@type\":\"ReadAction\",\"target\":[\"https:\\\/\\\/blogdofarnesio.com.br\\\/?p=420333\"]}]},{\"@type\":\"ImageObject\",\"inLanguage\":\"pt-BR\",\"@id\":\"https:\\\/\\\/blogdofarnesio.com.br\\\/?p=420333#primaryimage\",\"url\":\"https:\\\/\\\/blogdofarnesio.com.br\\\/wp-content\\\/uploads\\\/2026\\\/04\\\/blogqspcasanova-centro-1-e1777055410720.jpeg\",\"contentUrl\":\"https:\\\/\\\/blogdofarnesio.com.br\\\/wp-content\\\/uploads\\\/2026\\\/04\\\/blogqspcasanova-centro-1-e1777055410720.jpeg\",\"width\":680,\"height\":351},{\"@type\":\"BreadcrumbList\",\"@id\":\"https:\\\/\\\/blogdofarnesio.com.br\\\/?p=420333#breadcrumb\",\"itemListElement\":[{\"@type\":\"ListItem\",\"position\":1,\"name\":\"In\u00edcio\",\"item\":\"https:\\\/\\\/blogdofarnesio.com.br\\\/\"},{\"@type\":\"ListItem\",\"position\":2,\"name\":\"Casa Nova inicia novo ordenamento no tr\u00e2nsito, para melhorar seguran\u00e7a e mobilidade urbana\"}]},{\"@type\":\"WebSite\",\"@id\":\"https:\\\/\\\/blogdofarnesio.com.br\\\/#website\",\"url\":\"https:\\\/\\\/blogdofarnesio.com.br\\\/\",\"name\":\"Blog do Farn\u00e9sio\",\"description\":\"Quer Saber Pol\u00edtica?\",\"publisher\":{\"@id\":\"https:\\\/\\\/blogdofarnesio.com.br\\\/#organization\"},\"potentialAction\":[{\"@type\":\"SearchAction\",\"target\":{\"@type\":\"EntryPoint\",\"urlTemplate\":\"https:\\\/\\\/blogdofarnesio.com.br\\\/?s={search_term_string}\"},\"query-input\":{\"@type\":\"PropertyValueSpecification\",\"valueRequired\":true,\"valueName\":\"search_term_string\"}}],\"inLanguage\":\"pt-BR\"},{\"@type\":\"Organization\",\"@id\":\"https:\\\/\\\/blogdofarnesio.com.br\\\/#organization\",\"name\":\"Blog do Farn\u00e9sio\",\"url\":\"https:\\\/\\\/blogdofarnesio.com.br\\\/\",\"logo\":{\"@type\":\"ImageObject\",\"inLanguage\":\"pt-BR\",\"@id\":\"https:\\\/\\\/blogdofarnesio.com.br\\\/#\\\/schema\\\/logo\\\/image\\\/\",\"url\":\"https:\\\/\\\/blogdofarnesio.com.br\\\/wp-content\\\/uploads\\\/2026\\\/03\\\/cropped-logo_new-1.png\",\"contentUrl\":\"https:\\\/\\\/blogdofarnesio.com.br\\\/wp-content\\\/uploads\\\/2026\\\/03\\\/cropped-logo_new-1.png\",\"width\":881,\"height\":685,\"caption\":\"Blog do Farn\u00e9sio\"},\"image\":{\"@id\":\"https:\\\/\\\/blogdofarnesio.com.br\\\/#\\\/schema\\\/logo\\\/image\\\/\"},\"sameAs\":[\"https:\\\/\\\/www.facebook.com\\\/BlogQuerSaberPolitica\\\/\"]},{\"@type\":\"Person\",\"@id\":\"https:\\\/\\\/blogdofarnesio.com.br\\\/#\\\/schema\\\/person\\\/bb9b23ae3ad0609ce8df7b6c9e76824d\",\"name\":\"Farn\u00e9sio\",\"image\":{\"@type\":\"ImageObject\",\"inLanguage\":\"pt-BR\",\"@id\":\"https:\\\/\\\/secure.gravatar.com\\\/avatar\\\/986aa4c61ccdb66f8555bf88fc2a65609d00bcabd4d2d94377a727547345cbca?s=96&d=mm&r=g\",\"url\":\"https:\\\/\\\/secure.gravatar.com\\\/avatar\\\/986aa4c61ccdb66f8555bf88fc2a65609d00bcabd4d2d94377a727547345cbca?s=96&d=mm&r=g\",\"contentUrl\":\"https:\\\/\\\/secure.gravatar.com\\\/avatar\\\/986aa4c61ccdb66f8555bf88fc2a65609d00bcabd4d2d94377a727547345cbca?s=96&d=mm&r=g\",\"caption\":\"Farn\u00e9sio\"},\"description\":\"Radialista blogueiro, chegou a Petrolina\\\/Juazeiro em setembro de 1980, Farn\u00e9sio Silva \u00e9 de Arapiraca-Alagoas.\",\"sameAs\":[\"http:\\\/\\\/blogdofarnesio.com.br\",\"https:\\\/\\\/www.facebook.com\\\/?ref=tn_tnmn\",\"https:\\\/\\\/www.instagram.com\\\/?utm_source=pwa_homescreen\",\"https:\\\/\\\/youtube.com.br\\\/\"],\"url\":\"https:\\\/\\\/blogdofarnesio.com.br\\\/?author=2\"}]}<\/script>\n<!-- \/ Yoast SEO plugin. -->","yoast_head_json":{"title":"Casa Nova inicia novo ordenamento no tr\u00e2nsito, para melhorar seguran\u00e7a e mobilidade urbana - Blog do Farn\u00e9sio","robots":{"index":"index","follow":"follow","max-snippet":"max-snippet:-1","max-image-preview":"max-image-preview:large","max-video-preview":"max-video-preview:-1"},"canonical":"https:\/\/blogdofarnesio.com.br\/?p=420333","og_locale":"pt_BR","og_type":"article","og_title":"Casa Nova inicia novo ordenamento no tr\u00e2nsito, para melhorar seguran\u00e7a e mobilidade urbana - Blog do Farn\u00e9sio","og_description":"A Prefeitura de Casa Nova est\u00e1 implementando uma s\u00e9rie de altera\u00e7\u00f5es no tr\u00e2nsito do munic\u00edpio com o objetivo de melhorar o fluxo de ve\u00edculos, aumentar a seguran\u00e7a vi\u00e1ria e proporcionar mais qualidade de vida \u00e0 popula\u00e7\u00e3o. As mudan\u00e7as incluem ajustes na circula\u00e7\u00e3o em vias estrat\u00e9gicas e a implanta\u00e7\u00e3o de nova sinaliza\u00e7\u00e3o em diferentes pontos da cidade. Como parte das a\u00e7\u00f5es, ser\u00e1 realizada a Semana de Imers\u00e3o no Tr\u00e2nsito. Durante esse per\u00edodo, agentes municipais estar\u00e3o nas ruas, em parceria com a Pol\u00edcia Militar, atuando na orienta\u00e7\u00e3o de motoristas e pedestres e na organiza\u00e7\u00e3o do fluxo nas \u00e1reas que passar\u00e3o por mudan\u00e7as. A iniciativa busca garantir uma adapta\u00e7\u00e3o mais segura e eficiente \u00e0s novas regras. Paralelamente, a Prefeitura realiza a implanta\u00e7\u00e3o de&hellip;","og_url":"https:\/\/blogdofarnesio.com.br\/?p=420333","og_site_name":"Blog do Farn\u00e9sio","article_publisher":"https:\/\/www.facebook.com\/BlogQuerSaberPolitica\/","article_author":"https:\/\/www.facebook.com\/?ref=tn_tnmn","article_published_time":"2026-04-27T17:22:17+00:00","og_image":[{"width":680,"height":351,"url":"https:\/\/blogdofarnesio.com.br\/wp-content\/uploads\/2026\/04\/blogqspcasanova-centro-1-e1777055410720.jpeg","type":"image\/jpeg"}],"author":"Farn\u00e9sio","twitter_card":"summary_large_image","twitter_misc":{"Escrito por":"Farn\u00e9sio","Est. tempo de leitura":"2 minutos"},"schema":{"@context":"https:\/\/schema.org","@graph":[{"@type":"Article","@id":"https:\/\/blogdofarnesio.com.br\/?p=420333#article","isPartOf":{"@id":"https:\/\/blogdofarnesio.com.br\/?p=420333"},"author":{"name":"Farn\u00e9sio","@id":"https:\/\/blogdofarnesio.com.br\/#\/schema\/person\/bb9b23ae3ad0609ce8df7b6c9e76824d"},"headline":"Casa Nova inicia novo ordenamento no tr\u00e2nsito, para melhorar seguran\u00e7a e mobilidade urbana","datePublished":"2026-04-27T17:22:17+00:00","mainEntityOfPage":{"@id":"https:\/\/blogdofarnesio.com.br\/?p=420333"},"wordCount":260,"commentCount":0,"publisher":{"@id":"https:\/\/blogdofarnesio.com.br\/#organization"},"image":{"@id":"https:\/\/blogdofarnesio.com.br\/?p=420333#primaryimage"},"thumbnailUrl":"https:\/\/blogdofarnesio.com.br\/wp-content\/uploads\/2026\/04\/blogqspcasanova-centro-1-e1777055410720.jpeg","articleSection":["Cidades"],"inLanguage":"pt-BR","potentialAction":[{"@type":"CommentAction","name":"Comment","target":["https:\/\/blogdofarnesio.com.br\/?p=420333#respond"]}]},{"@type":"WebPage","@id":"https:\/\/blogdofarnesio.com.br\/?p=420333","url":"https:\/\/blogdofarnesio.com.br\/?p=420333","name":"Casa Nova inicia novo ordenamento no tr\u00e2nsito, para melhorar seguran\u00e7a e mobilidade urbana - Blog do Farn\u00e9sio","isPartOf":{"@id":"https:\/\/blogdofarnesio.com.br\/#website"},"primaryImageOfPage":{"@id":"https:\/\/blogdofarnesio.com.br\/?p=420333#primaryimage"},"image":{"@id":"https:\/\/blogdofarnesio.com.br\/?p=420333#primaryimage"},"thumbnailUrl":"https:\/\/blogdofarnesio.com.br\/wp-content\/uploads\/2026\/04\/blogqspcasanova-centro-1-e1777055410720.jpeg","datePublished":"2026-04-27T17:22:17+00:00","breadcrumb":{"@id":"https:\/\/blogdofarnesio.com.br\/?p=420333#breadcrumb"},"inLanguage":"pt-BR","potentialAction":[{"@type":"ReadAction","target":["https:\/\/blogdofarnesio.com.br\/?p=420333"]}]},{"@type":"ImageObject","inLanguage":"pt-BR","@id":"https:\/\/blogdofarnesio.com.br\/?p=420333#primaryimage","url":"https:\/\/blogdofarnesio.com.br\/wp-content\/uploads\/2026\/04\/blogqspcasanova-centro-1-e1777055410720.jpeg","contentUrl":"https:\/\/blogdofarnesio.com.br\/wp-content\/uploads\/2026\/04\/blogqspcasanova-centro-1-e1777055410720.jpeg","width":680,"height":351},{"@type":"BreadcrumbList","@id":"https:\/\/blogdofarnesio.com.br\/?p=420333#breadcrumb","itemListElement":[{"@type":"ListItem","position":1,"name":"In\u00edcio","item":"https:\/\/blogdofarnesio.com.br\/"},{"@type":"ListItem","position":2,"name":"Casa Nova inicia novo ordenamento no tr\u00e2nsito, para melhorar seguran\u00e7a e mobilidade urbana"}]},{"@type":"WebSite","@id":"https:\/\/blogdofarnesio.com.br\/#website","url":"https:\/\/blogdofarnesio.com.br\/","name":"Blog do Farn\u00e9sio","description":"Quer Saber Pol\u00edtica?","publisher":{"@id":"https:\/\/blogdofarnesio.com.br\/#organization"},"potentialAction":[{"@type":"SearchAction","target":{"@type":"EntryPoint","urlTemplate":"https:\/\/blogdofarnesio.com.br\/?s={search_term_string}"},"query-input":{"@type":"PropertyValueSpecification","valueRequired":true,"valueName":"search_term_string"}}],"inLanguage":"pt-BR"},{"@type":"Organization","@id":"https:\/\/blogdofarnesio.com.br\/#organization","name":"Blog do Farn\u00e9sio","url":"https:\/\/blogdofarnesio.com.br\/","logo":{"@type":"ImageObject","inLanguage":"pt-BR","@id":"https:\/\/blogdofarnesio.com.br\/#\/schema\/logo\/image\/","url":"https:\/\/blogdofarnesio.com.br\/wp-content\/uploads\/2026\/03\/cropped-logo_new-1.png","contentUrl":"https:\/\/blogdofarnesio.com.br\/wp-content\/uploads\/2026\/03\/cropped-logo_new-1.png","width":881,"height":685,"caption":"Blog do Farn\u00e9sio"},"image":{"@id":"https:\/\/blogdofarnesio.com.br\/#\/schema\/logo\/image\/"},"sameAs":["https:\/\/www.facebook.com\/BlogQuerSaberPolitica\/"]},{"@type":"Person","@id":"https:\/\/blogdofarnesio.com.br\/#\/schema\/person\/bb9b23ae3ad0609ce8df7b6c9e76824d","name":"Farn\u00e9sio","image":{"@type":"ImageObject","inLanguage":"pt-BR","@id":"https:\/\/secure.gravatar.com\/avatar\/986aa4c61ccdb66f8555bf88fc2a65609d00bcabd4d2d94377a727547345cbca?s=96&d=mm&r=g","url":"https:\/\/secure.gravatar.com\/avatar\/986aa4c61ccdb66f8555bf88fc2a65609d00bcabd4d2d94377a727547345cbca?s=96&d=mm&r=g","contentUrl":"https:\/\/secure.gravatar.com\/avatar\/986aa4c61ccdb66f8555bf88fc2a65609d00bcabd4d2d94377a727547345cbca?s=96&d=mm&r=g","caption":"Farn\u00e9sio"},"description":"Radialista blogueiro, chegou a Petrolina\/Juazeiro em setembro de 1980, Farn\u00e9sio Silva \u00e9 de Arapiraca-Alagoas.","sameAs":["http:\/\/blogdofarnesio.com.br","https:\/\/www.facebook.com\/?ref=tn_tnmn","https:\/\/www.instagram.com\/?utm_source=pwa_homescreen","https:\/\/youtube.com.br\/"],"url":"https:\/\/blogdofarnesio.com.br\/?author=2"}]}},"_links":{"self":[{"href":"https:\/\/blogdofarnesio.com.br\/index.php?rest_route=\/wp\/v2\/posts\/420333","targetHints":{"allow":["GET"]}}],"collection":[{"href":"https:\/\/blogdofarnesio.com.br\/index.php?rest_route=\/wp\/v2\/posts"}],"about":[{"href":"https:\/\/blogdofarnesio.com.br\/index.php?rest_route=\/wp\/v2\/types\/post"}],"author":[{"embeddable":true,"href":"https:\/\/blogdofarnesio.com.br\/index.php?rest_route=\/wp\/v2\/users\/2"}],"replies":[{"embeddable":true,"href":"https:\/\/blogdofarnesio.com.br\/index.php?rest_route=%2Fwp%2Fv2%2Fcomments&post=420333"}],"version-history":[{"count":2,"href":"https:\/\/blogdofarnesio.com.br\/index.php?rest_route=\/wp\/v2\/posts\/420333\/revisions"}],"predecessor-version":[{"id":420489,"href":"https:\/\/blogdofarnesio.com.br\/index.php?rest_route=\/wp\/v2\/posts\/420333\/revisions\/420489"}],"wp:featuredmedia":[{"embeddable":true,"href":"https:\/\/blogdofarnesio.com.br\/index.php?rest_route=\/wp\/v2\/media\/420335"}],"wp:attachment":[{"href":"https:\/\/blogdofarnesio.com.br\/index.php?rest_route=%2Fwp%2Fv2%2Fmedia&parent=420333"}],"wp:term":[{"taxonomy":"category","embeddable":true,"href":"https:\/\/blogdofarnesio.com.br\/index.php?rest_route=%2Fwp%2Fv2%2Fcategories&post=420333"},{"taxonomy":"post_tag","embeddable":true,"href":"https:\/\/blogdofarnesio.com.br\/index.php?rest_route=%2Fwp%2Fv2%2Ftags&post=420333"}],"curies":[{"name":"wp","href":"https:\/\/api.w.org\/{rel}","templated":true}]}}