{"id":420279,"date":"2026-04-27T09:01:36","date_gmt":"2026-04-27T12:01:36","guid":{"rendered":"https:\/\/blogdofarnesio.com.br\/?p=420279"},"modified":"2026-04-24T14:22:28","modified_gmt":"2026-04-24T17:22:28","slug":"ate-amanha-27-inscricoes-para-eleicao-da-sociedade-civil-no-conselho-municipal-de-cultura-de-juazeiro","status":"publish","type":"post","link":"https:\/\/blogdofarnesio.com.br\/?p=420279","title":{"rendered":"At\u00e9 amanh\u00e3 (28), inscri\u00e7\u00f5es para elei\u00e7\u00e3o da sociedade civil no Conselho Municipal de Cultura de Juazeiro"},"content":{"rendered":"<p><i>Representantes da \u00e1rea cultural t\u00eam at\u00e9 esta ter\u00e7a, 28 de abril, para se inscrever no processo eleitoral do CMC<\/i><\/p>\n<p>A Prefeitura de Juazeiro, por meio da Casa dos Conselhos, prorrogou at\u00e9 amanh\u00e3, dia 28 de abril de 2026 o prazo de inscri\u00e7\u00f5es para a elei\u00e7\u00e3o de representantes da sociedade civil que ir\u00e3o compor o Conselho Municipal de Cultura (CMC) no bi\u00eanio 2026-2028.<\/p>\n<p>Podem se inscrever representantes dos segmentos de artes c\u00eanicas, dan\u00e7a, m\u00fasica, manifesta\u00e7\u00f5es culturais, literatura e pensamento, patrim\u00f4nio e mem\u00f3ria, audiovisual e artes visuais. As regras e orienta\u00e7\u00f5es da elei\u00e7\u00e3o constam no edital publicado no Di\u00e1rio Oficial, dispon\u00edvel\u00a0<em><strong><a href=\"https:\/\/www.juazeiro.ba.gov.br\/wp-content\/uploads\/2025\/09\/Resolucao-01.2026.-Convoca-eleicoes-da-sociedade-civil.-So-Resolucao.pdf\" target=\"_blank\" rel=\"noopener\" data-saferedirecturl=\"https:\/\/www.google.com\/url?q=https:\/\/www.juazeiro.ba.gov.br\/wp-content\/uploads\/2025\/09\/Resolucao-01.2026.-Convoca-eleicoes-da-sociedade-civil.-So-Resolucao.pdf&amp;source=gmail&amp;ust=1777121262282000&amp;usg=AOvVaw2AQEWTrnoED2cDgUW-AOYQ\">aqui<\/a><\/strong><\/em>.<\/p>\n<p>As inscri\u00e7\u00f5es devem ser feitas exclusivamente por formul\u00e1rio eletr\u00f4nico, dentro do prazo estabelecido. O processo vai definir a representa\u00e7\u00e3o desses segmentos na composi\u00e7\u00e3o do conselho, fortalecendo a participa\u00e7\u00e3o da sociedade civil nas discuss\u00f5es sobre as pol\u00edticas culturais do munic\u00edpio.<\/p>\n<p>O formul\u00e1rio de inscri\u00e7\u00e3o est\u00e1 dispon\u00edvel\u00a0<a href=\"https:\/\/docs.google.com\/forms\/d\/e\/1FAIpQLSfIzPMk8wE7ZtfYt8CcD8YJkJw5jsbFdiehN58JHUoTDaR5GA\/viewform\" target=\"_blank\" rel=\"noopener\" data-saferedirecturl=\"https:\/\/www.google.com\/url?q=https:\/\/docs.google.com\/forms\/d\/e\/1FAIpQLSfIzPMk8wE7ZtfYt8CcD8YJkJw5jsbFdiehN58JHUoTDaR5GA\/viewform&amp;source=gmail&amp;ust=1777121262282000&amp;usg=AOvVaw2UvecjcBBh-f3dxj1rQoKi\"><em><strong>neste link<\/strong><\/em><\/a>.<\/p>\n<p><em>Texto: Vict\u00f3ria Resende\/ASCOM PMJ<br \/>\nFoto: ASCOM PMJ\u00a0<\/em><\/p>\n","protected":false},"excerpt":{"rendered":"<p>Representantes da \u00e1rea cultural t\u00eam at\u00e9 esta ter\u00e7a, 28 de abril, para se inscrever no processo eleitoral do CMC A Prefeitura de Juazeiro, por meio da Casa dos Conselhos, prorrogou at\u00e9 amanh\u00e3, dia 28 de abril de 2026 o prazo de inscri\u00e7\u00f5es para a elei\u00e7\u00e3o de representantes da sociedade civil que ir\u00e3o compor o Conselho Municipal de Cultura (CMC) no bi\u00eanio 2026-2028. Podem se inscrever representantes dos segmentos de artes c\u00eanicas, dan\u00e7a, m\u00fasica, manifesta\u00e7\u00f5es culturais, literatura e pensamento, patrim\u00f4nio e mem\u00f3ria, audiovisual e artes visuais. As regras e orienta\u00e7\u00f5es da elei\u00e7\u00e3o constam no edital publicado no Di\u00e1rio Oficial, dispon\u00edvel\u00a0aqui. As inscri\u00e7\u00f5es devem ser feitas exclusivamente por formul\u00e1rio eletr\u00f4nico, dentro do prazo estabelecido. O processo vai definir a representa\u00e7\u00e3o desses segmentos&hellip; <\/p>\n","protected":false},"author":2,"featured_media":420281,"comment_status":"open","ping_status":"open","sticky":false,"template":"","format":"standard","meta":{"_acf_changed":false,"footnotes":""},"categories":[10],"tags":[],"class_list":["post-420279","post","type-post","status-publish","format-standard","has-post-thumbnail","hentry","category-cultura"],"acf":[],"yoast_head":"<!-- This site is optimized with the Yoast SEO plugin v27.4 - https:\/\/yoast.com\/product\/yoast-seo-wordpress\/ -->\n<title>At\u00e9 amanh\u00e3 (28), inscri\u00e7\u00f5es para elei\u00e7\u00e3o da sociedade civil no Conselho Municipal de Cultura de Juazeiro - Blog do Farn\u00e9sio<\/title>\n<meta name=\"robots\" content=\"index, follow, max-snippet:-1, max-image-preview:large, max-video-preview:-1\" \/>\n<link rel=\"canonical\" href=\"https:\/\/blogdofarnesio.com.br\/?p=420279\" \/>\n<meta property=\"og:locale\" content=\"pt_BR\" \/>\n<meta property=\"og:type\" content=\"article\" \/>\n<meta property=\"og:title\" content=\"At\u00e9 amanh\u00e3 (28), inscri\u00e7\u00f5es para elei\u00e7\u00e3o da sociedade civil no Conselho Municipal de Cultura de Juazeiro - Blog do Farn\u00e9sio\" \/>\n<meta property=\"og:description\" content=\"Representantes da \u00e1rea cultural t\u00eam at\u00e9 esta ter\u00e7a, 28 de abril, para se inscrever no processo eleitoral do CMC A Prefeitura de Juazeiro, por meio da Casa dos Conselhos, prorrogou at\u00e9 amanh\u00e3, dia 28 de abril de 2026 o prazo de inscri\u00e7\u00f5es para a elei\u00e7\u00e3o de representantes da sociedade civil que ir\u00e3o compor o Conselho Municipal de Cultura (CMC) no bi\u00eanio 2026-2028. Podem se inscrever representantes dos segmentos de artes c\u00eanicas, dan\u00e7a, m\u00fasica, manifesta\u00e7\u00f5es culturais, literatura e pensamento, patrim\u00f4nio e mem\u00f3ria, audiovisual e artes visuais. As regras e orienta\u00e7\u00f5es da elei\u00e7\u00e3o constam no edital publicado no Di\u00e1rio Oficial, dispon\u00edvel\u00a0aqui. As inscri\u00e7\u00f5es devem ser feitas exclusivamente por formul\u00e1rio eletr\u00f4nico, dentro do prazo estabelecido. O processo vai definir a representa\u00e7\u00e3o desses segmentos&hellip;\" \/>\n<meta property=\"og:url\" content=\"https:\/\/blogdofarnesio.com.br\/?p=420279\" \/>\n<meta property=\"og:site_name\" content=\"Blog do Farn\u00e9sio\" \/>\n<meta property=\"article:publisher\" content=\"https:\/\/www.facebook.com\/BlogQuerSaberPolitica\/\" \/>\n<meta property=\"article:author\" content=\"https:\/\/www.facebook.com\/?ref=tn_tnmn\" \/>\n<meta property=\"article:published_time\" content=\"2026-04-27T12:01:36+00:00\" \/>\n<meta property=\"og:image\" content=\"https:\/\/blogdofarnesio.com.br\/wp-content\/uploads\/2026\/04\/blogqspconselho-municipal-de-cultura-.png\" \/>\n\t<meta property=\"og:image:width\" content=\"840\" \/>\n\t<meta property=\"og:image:height\" content=\"437\" \/>\n\t<meta property=\"og:image:type\" content=\"image\/png\" \/>\n<meta name=\"author\" content=\"Farn\u00e9sio\" \/>\n<meta name=\"twitter:card\" content=\"summary_large_image\" \/>\n<meta name=\"twitter:label1\" content=\"Escrito por\" \/>\n\t<meta name=\"twitter:data1\" content=\"Farn\u00e9sio\" \/>\n\t<meta name=\"twitter:label2\" content=\"Est. tempo de leitura\" \/>\n\t<meta name=\"twitter:data2\" content=\"2 minutos\" \/>\n<script type=\"application\/ld+json\" class=\"yoast-schema-graph\">{\"@context\":\"https:\\\/\\\/schema.org\",\"@graph\":[{\"@type\":\"Article\",\"@id\":\"https:\\\/\\\/blogdofarnesio.com.br\\\/?p=420279#article\",\"isPartOf\":{\"@id\":\"https:\\\/\\\/blogdofarnesio.com.br\\\/?p=420279\"},\"author\":{\"name\":\"Farn\u00e9sio\",\"@id\":\"https:\\\/\\\/blogdofarnesio.com.br\\\/#\\\/schema\\\/person\\\/bb9b23ae3ad0609ce8df7b6c9e76824d\"},\"headline\":\"At\u00e9 amanh\u00e3 (28), inscri\u00e7\u00f5es para elei\u00e7\u00e3o da sociedade civil no Conselho Municipal de Cultura de Juazeiro\",\"datePublished\":\"2026-04-27T12:01:36+00:00\",\"mainEntityOfPage\":{\"@id\":\"https:\\\/\\\/blogdofarnesio.com.br\\\/?p=420279\"},\"wordCount\":198,\"commentCount\":0,\"publisher\":{\"@id\":\"https:\\\/\\\/blogdofarnesio.com.br\\\/#organization\"},\"image\":{\"@id\":\"https:\\\/\\\/blogdofarnesio.com.br\\\/?p=420279#primaryimage\"},\"thumbnailUrl\":\"https:\\\/\\\/blogdofarnesio.com.br\\\/wp-content\\\/uploads\\\/2026\\\/04\\\/blogqspconselho-municipal-de-cultura-.png\",\"articleSection\":[\"Cultura\"],\"inLanguage\":\"pt-BR\",\"potentialAction\":[{\"@type\":\"CommentAction\",\"name\":\"Comment\",\"target\":[\"https:\\\/\\\/blogdofarnesio.com.br\\\/?p=420279#respond\"]}]},{\"@type\":\"WebPage\",\"@id\":\"https:\\\/\\\/blogdofarnesio.com.br\\\/?p=420279\",\"url\":\"https:\\\/\\\/blogdofarnesio.com.br\\\/?p=420279\",\"name\":\"At\u00e9 amanh\u00e3 (28), inscri\u00e7\u00f5es para elei\u00e7\u00e3o da sociedade civil no Conselho Municipal de Cultura de Juazeiro - Blog do Farn\u00e9sio\",\"isPartOf\":{\"@id\":\"https:\\\/\\\/blogdofarnesio.com.br\\\/#website\"},\"primaryImageOfPage\":{\"@id\":\"https:\\\/\\\/blogdofarnesio.com.br\\\/?p=420279#primaryimage\"},\"image\":{\"@id\":\"https:\\\/\\\/blogdofarnesio.com.br\\\/?p=420279#primaryimage\"},\"thumbnailUrl\":\"https:\\\/\\\/blogdofarnesio.com.br\\\/wp-content\\\/uploads\\\/2026\\\/04\\\/blogqspconselho-municipal-de-cultura-.png\",\"datePublished\":\"2026-04-27T12:01:36+00:00\",\"breadcrumb\":{\"@id\":\"https:\\\/\\\/blogdofarnesio.com.br\\\/?p=420279#breadcrumb\"},\"inLanguage\":\"pt-BR\",\"potentialAction\":[{\"@type\":\"ReadAction\",\"target\":[\"https:\\\/\\\/blogdofarnesio.com.br\\\/?p=420279\"]}]},{\"@type\":\"ImageObject\",\"inLanguage\":\"pt-BR\",\"@id\":\"https:\\\/\\\/blogdofarnesio.com.br\\\/?p=420279#primaryimage\",\"url\":\"https:\\\/\\\/blogdofarnesio.com.br\\\/wp-content\\\/uploads\\\/2026\\\/04\\\/blogqspconselho-municipal-de-cultura-.png\",\"contentUrl\":\"https:\\\/\\\/blogdofarnesio.com.br\\\/wp-content\\\/uploads\\\/2026\\\/04\\\/blogqspconselho-municipal-de-cultura-.png\",\"width\":840,\"height\":437},{\"@type\":\"BreadcrumbList\",\"@id\":\"https:\\\/\\\/blogdofarnesio.com.br\\\/?p=420279#breadcrumb\",\"itemListElement\":[{\"@type\":\"ListItem\",\"position\":1,\"name\":\"In\u00edcio\",\"item\":\"https:\\\/\\\/blogdofarnesio.com.br\\\/\"},{\"@type\":\"ListItem\",\"position\":2,\"name\":\"At\u00e9 amanh\u00e3 (28), inscri\u00e7\u00f5es para elei\u00e7\u00e3o da sociedade civil no Conselho Municipal de Cultura de Juazeiro\"}]},{\"@type\":\"WebSite\",\"@id\":\"https:\\\/\\\/blogdofarnesio.com.br\\\/#website\",\"url\":\"https:\\\/\\\/blogdofarnesio.com.br\\\/\",\"name\":\"Blog do Farn\u00e9sio\",\"description\":\"Quer Saber Pol\u00edtica?\",\"publisher\":{\"@id\":\"https:\\\/\\\/blogdofarnesio.com.br\\\/#organization\"},\"potentialAction\":[{\"@type\":\"SearchAction\",\"target\":{\"@type\":\"EntryPoint\",\"urlTemplate\":\"https:\\\/\\\/blogdofarnesio.com.br\\\/?s={search_term_string}\"},\"query-input\":{\"@type\":\"PropertyValueSpecification\",\"valueRequired\":true,\"valueName\":\"search_term_string\"}}],\"inLanguage\":\"pt-BR\"},{\"@type\":\"Organization\",\"@id\":\"https:\\\/\\\/blogdofarnesio.com.br\\\/#organization\",\"name\":\"Blog do Farn\u00e9sio\",\"url\":\"https:\\\/\\\/blogdofarnesio.com.br\\\/\",\"logo\":{\"@type\":\"ImageObject\",\"inLanguage\":\"pt-BR\",\"@id\":\"https:\\\/\\\/blogdofarnesio.com.br\\\/#\\\/schema\\\/logo\\\/image\\\/\",\"url\":\"https:\\\/\\\/blogdofarnesio.com.br\\\/wp-content\\\/uploads\\\/2026\\\/03\\\/cropped-logo_new-1.png\",\"contentUrl\":\"https:\\\/\\\/blogdofarnesio.com.br\\\/wp-content\\\/uploads\\\/2026\\\/03\\\/cropped-logo_new-1.png\",\"width\":881,\"height\":685,\"caption\":\"Blog do Farn\u00e9sio\"},\"image\":{\"@id\":\"https:\\\/\\\/blogdofarnesio.com.br\\\/#\\\/schema\\\/logo\\\/image\\\/\"},\"sameAs\":[\"https:\\\/\\\/www.facebook.com\\\/BlogQuerSaberPolitica\\\/\"]},{\"@type\":\"Person\",\"@id\":\"https:\\\/\\\/blogdofarnesio.com.br\\\/#\\\/schema\\\/person\\\/bb9b23ae3ad0609ce8df7b6c9e76824d\",\"name\":\"Farn\u00e9sio\",\"image\":{\"@type\":\"ImageObject\",\"inLanguage\":\"pt-BR\",\"@id\":\"https:\\\/\\\/secure.gravatar.com\\\/avatar\\\/986aa4c61ccdb66f8555bf88fc2a65609d00bcabd4d2d94377a727547345cbca?s=96&d=mm&r=g\",\"url\":\"https:\\\/\\\/secure.gravatar.com\\\/avatar\\\/986aa4c61ccdb66f8555bf88fc2a65609d00bcabd4d2d94377a727547345cbca?s=96&d=mm&r=g\",\"contentUrl\":\"https:\\\/\\\/secure.gravatar.com\\\/avatar\\\/986aa4c61ccdb66f8555bf88fc2a65609d00bcabd4d2d94377a727547345cbca?s=96&d=mm&r=g\",\"caption\":\"Farn\u00e9sio\"},\"description\":\"Radialista blogueiro, chegou a Petrolina\\\/Juazeiro em setembro de 1980, Farn\u00e9sio Silva \u00e9 de Arapiraca-Alagoas.\",\"sameAs\":[\"http:\\\/\\\/blogdofarnesio.com.br\",\"https:\\\/\\\/www.facebook.com\\\/?ref=tn_tnmn\",\"https:\\\/\\\/www.instagram.com\\\/?utm_source=pwa_homescreen\",\"https:\\\/\\\/youtube.com.br\\\/\"],\"url\":\"https:\\\/\\\/blogdofarnesio.com.br\\\/?author=2\"}]}<\/script>\n<!-- \/ Yoast SEO plugin. -->","yoast_head_json":{"title":"At\u00e9 amanh\u00e3 (28), inscri\u00e7\u00f5es para elei\u00e7\u00e3o da sociedade civil no Conselho Municipal de Cultura de Juazeiro - Blog do Farn\u00e9sio","robots":{"index":"index","follow":"follow","max-snippet":"max-snippet:-1","max-image-preview":"max-image-preview:large","max-video-preview":"max-video-preview:-1"},"canonical":"https:\/\/blogdofarnesio.com.br\/?p=420279","og_locale":"pt_BR","og_type":"article","og_title":"At\u00e9 amanh\u00e3 (28), inscri\u00e7\u00f5es para elei\u00e7\u00e3o da sociedade civil no Conselho Municipal de Cultura de Juazeiro - Blog do Farn\u00e9sio","og_description":"Representantes da \u00e1rea cultural t\u00eam at\u00e9 esta ter\u00e7a, 28 de abril, para se inscrever no processo eleitoral do CMC A Prefeitura de Juazeiro, por meio da Casa dos Conselhos, prorrogou at\u00e9 amanh\u00e3, dia 28 de abril de 2026 o prazo de inscri\u00e7\u00f5es para a elei\u00e7\u00e3o de representantes da sociedade civil que ir\u00e3o compor o Conselho Municipal de Cultura (CMC) no bi\u00eanio 2026-2028. Podem se inscrever representantes dos segmentos de artes c\u00eanicas, dan\u00e7a, m\u00fasica, manifesta\u00e7\u00f5es culturais, literatura e pensamento, patrim\u00f4nio e mem\u00f3ria, audiovisual e artes visuais. As regras e orienta\u00e7\u00f5es da elei\u00e7\u00e3o constam no edital publicado no Di\u00e1rio Oficial, dispon\u00edvel\u00a0aqui. As inscri\u00e7\u00f5es devem ser feitas exclusivamente por formul\u00e1rio eletr\u00f4nico, dentro do prazo estabelecido. O processo vai definir a representa\u00e7\u00e3o desses segmentos&hellip;","og_url":"https:\/\/blogdofarnesio.com.br\/?p=420279","og_site_name":"Blog do Farn\u00e9sio","article_publisher":"https:\/\/www.facebook.com\/BlogQuerSaberPolitica\/","article_author":"https:\/\/www.facebook.com\/?ref=tn_tnmn","article_published_time":"2026-04-27T12:01:36+00:00","og_image":[{"width":840,"height":437,"url":"https:\/\/blogdofarnesio.com.br\/wp-content\/uploads\/2026\/04\/blogqspconselho-municipal-de-cultura-.png","type":"image\/png"}],"author":"Farn\u00e9sio","twitter_card":"summary_large_image","twitter_misc":{"Escrito por":"Farn\u00e9sio","Est. tempo de leitura":"2 minutos"},"schema":{"@context":"https:\/\/schema.org","@graph":[{"@type":"Article","@id":"https:\/\/blogdofarnesio.com.br\/?p=420279#article","isPartOf":{"@id":"https:\/\/blogdofarnesio.com.br\/?p=420279"},"author":{"name":"Farn\u00e9sio","@id":"https:\/\/blogdofarnesio.com.br\/#\/schema\/person\/bb9b23ae3ad0609ce8df7b6c9e76824d"},"headline":"At\u00e9 amanh\u00e3 (28), inscri\u00e7\u00f5es para elei\u00e7\u00e3o da sociedade civil no Conselho Municipal de Cultura de Juazeiro","datePublished":"2026-04-27T12:01:36+00:00","mainEntityOfPage":{"@id":"https:\/\/blogdofarnesio.com.br\/?p=420279"},"wordCount":198,"commentCount":0,"publisher":{"@id":"https:\/\/blogdofarnesio.com.br\/#organization"},"image":{"@id":"https:\/\/blogdofarnesio.com.br\/?p=420279#primaryimage"},"thumbnailUrl":"https:\/\/blogdofarnesio.com.br\/wp-content\/uploads\/2026\/04\/blogqspconselho-municipal-de-cultura-.png","articleSection":["Cultura"],"inLanguage":"pt-BR","potentialAction":[{"@type":"CommentAction","name":"Comment","target":["https:\/\/blogdofarnesio.com.br\/?p=420279#respond"]}]},{"@type":"WebPage","@id":"https:\/\/blogdofarnesio.com.br\/?p=420279","url":"https:\/\/blogdofarnesio.com.br\/?p=420279","name":"At\u00e9 amanh\u00e3 (28), inscri\u00e7\u00f5es para elei\u00e7\u00e3o da sociedade civil no Conselho Municipal de Cultura de Juazeiro - Blog do Farn\u00e9sio","isPartOf":{"@id":"https:\/\/blogdofarnesio.com.br\/#website"},"primaryImageOfPage":{"@id":"https:\/\/blogdofarnesio.com.br\/?p=420279#primaryimage"},"image":{"@id":"https:\/\/blogdofarnesio.com.br\/?p=420279#primaryimage"},"thumbnailUrl":"https:\/\/blogdofarnesio.com.br\/wp-content\/uploads\/2026\/04\/blogqspconselho-municipal-de-cultura-.png","datePublished":"2026-04-27T12:01:36+00:00","breadcrumb":{"@id":"https:\/\/blogdofarnesio.com.br\/?p=420279#breadcrumb"},"inLanguage":"pt-BR","potentialAction":[{"@type":"ReadAction","target":["https:\/\/blogdofarnesio.com.br\/?p=420279"]}]},{"@type":"ImageObject","inLanguage":"pt-BR","@id":"https:\/\/blogdofarnesio.com.br\/?p=420279#primaryimage","url":"https:\/\/blogdofarnesio.com.br\/wp-content\/uploads\/2026\/04\/blogqspconselho-municipal-de-cultura-.png","contentUrl":"https:\/\/blogdofarnesio.com.br\/wp-content\/uploads\/2026\/04\/blogqspconselho-municipal-de-cultura-.png","width":840,"height":437},{"@type":"BreadcrumbList","@id":"https:\/\/blogdofarnesio.com.br\/?p=420279#breadcrumb","itemListElement":[{"@type":"ListItem","position":1,"name":"In\u00edcio","item":"https:\/\/blogdofarnesio.com.br\/"},{"@type":"ListItem","position":2,"name":"At\u00e9 amanh\u00e3 (28), inscri\u00e7\u00f5es para elei\u00e7\u00e3o da sociedade civil no Conselho Municipal de Cultura de Juazeiro"}]},{"@type":"WebSite","@id":"https:\/\/blogdofarnesio.com.br\/#website","url":"https:\/\/blogdofarnesio.com.br\/","name":"Blog do Farn\u00e9sio","description":"Quer Saber Pol\u00edtica?","publisher":{"@id":"https:\/\/blogdofarnesio.com.br\/#organization"},"potentialAction":[{"@type":"SearchAction","target":{"@type":"EntryPoint","urlTemplate":"https:\/\/blogdofarnesio.com.br\/?s={search_term_string}"},"query-input":{"@type":"PropertyValueSpecification","valueRequired":true,"valueName":"search_term_string"}}],"inLanguage":"pt-BR"},{"@type":"Organization","@id":"https:\/\/blogdofarnesio.com.br\/#organization","name":"Blog do Farn\u00e9sio","url":"https:\/\/blogdofarnesio.com.br\/","logo":{"@type":"ImageObject","inLanguage":"pt-BR","@id":"https:\/\/blogdofarnesio.com.br\/#\/schema\/logo\/image\/","url":"https:\/\/blogdofarnesio.com.br\/wp-content\/uploads\/2026\/03\/cropped-logo_new-1.png","contentUrl":"https:\/\/blogdofarnesio.com.br\/wp-content\/uploads\/2026\/03\/cropped-logo_new-1.png","width":881,"height":685,"caption":"Blog do Farn\u00e9sio"},"image":{"@id":"https:\/\/blogdofarnesio.com.br\/#\/schema\/logo\/image\/"},"sameAs":["https:\/\/www.facebook.com\/BlogQuerSaberPolitica\/"]},{"@type":"Person","@id":"https:\/\/blogdofarnesio.com.br\/#\/schema\/person\/bb9b23ae3ad0609ce8df7b6c9e76824d","name":"Farn\u00e9sio","image":{"@type":"ImageObject","inLanguage":"pt-BR","@id":"https:\/\/secure.gravatar.com\/avatar\/986aa4c61ccdb66f8555bf88fc2a65609d00bcabd4d2d94377a727547345cbca?s=96&d=mm&r=g","url":"https:\/\/secure.gravatar.com\/avatar\/986aa4c61ccdb66f8555bf88fc2a65609d00bcabd4d2d94377a727547345cbca?s=96&d=mm&r=g","contentUrl":"https:\/\/secure.gravatar.com\/avatar\/986aa4c61ccdb66f8555bf88fc2a65609d00bcabd4d2d94377a727547345cbca?s=96&d=mm&r=g","caption":"Farn\u00e9sio"},"description":"Radialista blogueiro, chegou a Petrolina\/Juazeiro em setembro de 1980, Farn\u00e9sio Silva \u00e9 de Arapiraca-Alagoas.","sameAs":["http:\/\/blogdofarnesio.com.br","https:\/\/www.facebook.com\/?ref=tn_tnmn","https:\/\/www.instagram.com\/?utm_source=pwa_homescreen","https:\/\/youtube.com.br\/"],"url":"https:\/\/blogdofarnesio.com.br\/?author=2"}]}},"_links":{"self":[{"href":"https:\/\/blogdofarnesio.com.br\/index.php?rest_route=\/wp\/v2\/posts\/420279","targetHints":{"allow":["GET"]}}],"collection":[{"href":"https:\/\/blogdofarnesio.com.br\/index.php?rest_route=\/wp\/v2\/posts"}],"about":[{"href":"https:\/\/blogdofarnesio.com.br\/index.php?rest_route=\/wp\/v2\/types\/post"}],"author":[{"embeddable":true,"href":"https:\/\/blogdofarnesio.com.br\/index.php?rest_route=\/wp\/v2\/users\/2"}],"replies":[{"embeddable":true,"href":"https:\/\/blogdofarnesio.com.br\/index.php?rest_route=%2Fwp%2Fv2%2Fcomments&post=420279"}],"version-history":[{"count":4,"href":"https:\/\/blogdofarnesio.com.br\/index.php?rest_route=\/wp\/v2\/posts\/420279\/revisions"}],"predecessor-version":[{"id":420318,"href":"https:\/\/blogdofarnesio.com.br\/index.php?rest_route=\/wp\/v2\/posts\/420279\/revisions\/420318"}],"wp:featuredmedia":[{"embeddable":true,"href":"https:\/\/blogdofarnesio.com.br\/index.php?rest_route=\/wp\/v2\/media\/420281"}],"wp:attachment":[{"href":"https:\/\/blogdofarnesio.com.br\/index.php?rest_route=%2Fwp%2Fv2%2Fmedia&parent=420279"}],"wp:term":[{"taxonomy":"category","embeddable":true,"href":"https:\/\/blogdofarnesio.com.br\/index.php?rest_route=%2Fwp%2Fv2%2Fcategories&post=420279"},{"taxonomy":"post_tag","embeddable":true,"href":"https:\/\/blogdofarnesio.com.br\/index.php?rest_route=%2Fwp%2Fv2%2Ftags&post=420279"}],"curies":[{"name":"wp","href":"https:\/\/api.w.org\/{rel}","templated":true}]}}