{"id":417124,"date":"2026-03-15T08:31:01","date_gmt":"2026-03-15T11:31:01","guid":{"rendered":"https:\/\/blogdofarnesio.com.br\/?p=417124"},"modified":"2026-03-15T08:32:40","modified_gmt":"2026-03-15T11:32:40","slug":"lazaro-ramos-surge-com-santinho-de-wagner-moura-em-aeroporto-ao-embarcar-para-o-oscar-assista","status":"publish","type":"post","link":"https:\/\/blogdofarnesio.com.br\/2026\/03\/lazaro-ramos-surge-com-santinho-de-wagner-moura-em-aeroporto-ao-embarcar-para-o-oscar-assista\/","title":{"rendered":"L\u00e1zaro Ramos surge com \u2018santinho\u2019 de Wagner Moura em aeroporto ao embarcar para o Oscar; assista"},"content":{"rendered":"<div id=\"post-body-1617087522162832762\" class=\"post-body entry-content\">\n<p>O ator baiano L\u00e1zaro Ramos revelou nas redes sociais que estar\u00e1 presente na cerim\u00f4nia do Academy Awards, o Oscar, marcada para a noite desre domingo (15), em Los Angeles, nos Estados Unidos, para acompanhar de perto a indica\u00e7\u00e3o do amigo e conterr\u00e2neo Wagner Moura.<\/p>\n<p>Antes do embarque, L\u00e1zaro publicou um v\u00eddeo nos stories do Instagram enquanto mostrava um objeto curioso que decidiu levar para a viagem. Tratava-se de um \u201csantinho\u201d com a imagem de Wagner com uma estatueta do Oscar. No cart\u00e3o aparece a frase \u201cWagner da sorte\u201d, em tom bem-humorado.<\/p>\n<p>Assista:<\/p>\n<div class=\"instagram\" contenteditable=\"false\"><iframe id=\"instagram-embed-0\" class=\"instagram-media instagram-media-rendered\" src=\"https:\/\/www.instagram.com\/reel\/DV2JBjygrVW\/embed\/captioned\/?cr=1&amp;v=14&amp;wp=432&amp;rd=https%3A%2F%2Fwww.bnews.com.br&amp;rp=%2Fnoticias%2Fentretenimento%2Fe-a-bahia-lazaro-ramos-surge-com-santinho-de-wagner-moura-em-aeroporto-antes-de-embarcar-para-o-oscar-assista.html#%7B%22ci%22%3A0%2C%22os%22%3A3934%2C%22ls%22%3A3028%2C%22le%22%3A3028%7D\" height=\"1022\" frameborder=\"0\" scrolling=\"no\" allowfullscreen=\"allowfullscreen\" data-instgrm-payload-id=\"instagram-media-payload-0\" data-mce-fragment=\"1\"><\/iframe><\/div>\n<p>A publica\u00e7\u00e3o foi acompanhada pela\u00a0m\u00fasica \u2018O Baiano Tem o Molho&#8217;, do artista O Kanalha, faixa que acabou associada \u00e0 campanha do filme nos \u00faltimos meses.<\/p>\n<p>Mesmo que seja ic\u00f4nico e engra\u00e7ado, a ideia do \u201csantinho\u201d n\u00e3o \u00e9 in\u00e9dita. No ano passado, um material semelhante circulou nas redes sociais com a imagem da atriz Fernanda Torres, protagonista do filme \u201cAinda Estou Aqui&#8221;.<\/p>\n<p>Na ocasi\u00e3o, o longa dirigido por Walter Salles conquistou a estatueta de Melhor Filme Internacional, o que refor\u00e7ou a brincadeira de que o item funcionaria como um \u201camuleto\u201d de sorte.<\/p>\n<p>Neste ano, Wagner Moura disputa o pr\u00eamio de Melhor Ator por sua atua\u00e7\u00e3o em \u201cO Agente Secreto\u201d, dirigido por Kleber Mendon\u00e7a Filho. Al\u00e9m da categoria individual, o filme tamb\u00e9m aparece entre os indicados em outras tr\u00eas disputas da premia\u00e7\u00e3o: Melhor Filme, Melhor Filme Internacional e Melhor Elenco.<\/p>\n<div class=\"instagram\" contenteditable=\"false\">\n<div class=\"twitter-tweet twitter-tweet-rendered\"><iframe id=\"twitter-widget-0\" class=\"\" title=\"X Post\" src=\"https:\/\/platform.twitter.com\/embed\/Tweet.html?dnt=false&amp;embedId=twitter-widget-0&amp;features=eyJ0ZndfdGltZWxpbmVfbGlzdCI6eyJidWNrZXQiOltdLCJ2ZXJzaW9uIjpudWxsfSwidGZ3X2ZvbGxvd2VyX2NvdW50X3N1bnNldCI6eyJidWNrZXQiOnRydWUsInZlcnNpb24iOm51bGx9LCJ0ZndfdHdlZXRfZWRpdF9iYWNrZW5kIjp7ImJ1Y2tldCI6Im9uIiwidmVyc2lvbiI6bnVsbH0sInRmd19yZWZzcmNfc2Vzc2lvbiI6eyJidWNrZXQiOiJvbiIsInZlcnNpb24iOm51bGx9LCJ0ZndfZm9zbnJfc29mdF9pbnRlcnZlbnRpb25zX2VuYWJsZWQiOnsiYnVja2V0Ijoib24iLCJ2ZXJzaW9uIjpudWxsfSwidGZ3X21peGVkX21lZGlhXzE1ODk3Ijp7ImJ1Y2tldCI6InRyZWF0bWVudCIsInZlcnNpb24iOm51bGx9LCJ0ZndfZXhwZXJpbWVudHNfY29va2llX2V4cGlyYXRpb24iOnsiYnVja2V0IjoxMjA5NjAwLCJ2ZXJzaW9uIjpudWxsfSwidGZ3X3Nob3dfYmlyZHdhdGNoX3Bpdm90c19lbmFibGVkIjp7ImJ1Y2tldCI6Im9uIiwidmVyc2lvbiI6bnVsbH0sInRmd19kdXBsaWNhdGVfc2NyaWJlc190b19zZXR0aW5ncyI6eyJidWNrZXQiOiJvbiIsInZlcnNpb24iOm51bGx9LCJ0ZndfdXNlX3Byb2ZpbGVfaW1hZ2Vfc2hhcGVfZW5hYmxlZCI6eyJidWNrZXQiOiJvbiIsInZlcnNpb24iOm51bGx9LCJ0ZndfdmlkZW9faGxzX2R5bmFtaWNfbWFuaWZlc3RzXzE1MDgyIjp7ImJ1Y2tldCI6InRydWVfYml0cmF0ZSIsInZlcnNpb24iOm51bGx9LCJ0ZndfbGVnYWN5X3RpbWVsaW5lX3N1bnNldCI6eyJidWNrZXQiOnRydWUsInZlcnNpb24iOm51bGx9LCJ0ZndfdHdlZXRfZWRpdF9mcm9udGVuZCI6eyJidWNrZXQiOiJvbiIsInZlcnNpb24iOm51bGx9fQ%3D%3D&amp;frame=false&amp;hideCard=false&amp;hideThread=false&amp;id=2032645694515765586&amp;lang=pt&amp;origin=https%3A%2F%2Fwww.bnews.com.br%2Fnoticias%2Fentretenimento%2Fe-a-bahia-lazaro-ramos-surge-com-santinho-de-wagner-moura-em-aeroporto-antes-de-embarcar-para-o-oscar-assista.html&amp;sessionId=d5032d77e64d28f0e8bb440b0e769b783fd93ece&amp;siteScreenName=bnews_oficial&amp;theme=light&amp;widgetsVersion=2615f7e52b7e0%3A1702314776716&amp;width=550px\" frameborder=\"0\" scrolling=\"no\" allowfullscreen=\"allowfullscreen\" data-tweet-id=\"2032645694515765586\" data-mce-fragment=\"1\"><\/iframe><\/div>\n<\/div>\n<div><\/div>\n<\/div>\n<div class=\"post-footer\"><\/div>\n","protected":false},"excerpt":{"rendered":"<p>O ator baiano L\u00e1zaro Ramos revelou nas redes sociais que estar\u00e1 presente na cerim\u00f4nia do Academy Awards, o Oscar, marcada para a noite desre domingo (15), em Los Angeles, nos Estados Unidos, para acompanhar de perto a indica\u00e7\u00e3o do amigo e conterr\u00e2neo Wagner Moura. Antes do embarque, L\u00e1zaro publicou um v\u00eddeo nos stories do Instagram enquanto mostrava um objeto curioso que decidiu levar para a viagem. Tratava-se de um \u201csantinho\u201d com a imagem de Wagner com uma estatueta do Oscar. No cart\u00e3o aparece a frase \u201cWagner da sorte\u201d, em tom bem-humorado. Assista: A publica\u00e7\u00e3o foi acompanhada pela\u00a0m\u00fasica \u2018O Baiano Tem o Molho&#8217;, do artista O Kanalha, faixa que acabou associada \u00e0 campanha do filme nos \u00faltimos meses. Mesmo que seja&hellip; <\/p>\n","protected":false},"author":2,"featured_media":417125,"comment_status":"open","ping_status":"open","sticky":false,"template":"","format":"standard","meta":{"_acf_changed":false,"footnotes":""},"categories":[10],"tags":[],"class_list":["post-417124","post","type-post","status-publish","format-standard","has-post-thumbnail","hentry","category-cultura"],"acf":[],"yoast_head":"<!-- This site is optimized with the Yoast SEO plugin v27.5 - https:\/\/yoast.com\/product\/yoast-seo-wordpress\/ -->\n<title>L\u00e1zaro Ramos surge com \u2018santinho\u2019 de Wagner Moura em aeroporto ao embarcar para o Oscar; assista - Blog do Farn\u00e9sio<\/title>\n<meta name=\"robots\" content=\"index, follow, max-snippet:-1, max-image-preview:large, max-video-preview:-1\" \/>\n<link rel=\"canonical\" href=\"https:\/\/blogdofarnesio.com.br\/2026\/03\/lazaro-ramos-surge-com-santinho-de-wagner-moura-em-aeroporto-ao-embarcar-para-o-oscar-assista\/\" \/>\n<meta property=\"og:locale\" content=\"pt_BR\" \/>\n<meta property=\"og:type\" content=\"article\" \/>\n<meta property=\"og:title\" content=\"L\u00e1zaro Ramos surge com \u2018santinho\u2019 de Wagner Moura em aeroporto ao embarcar para o Oscar; assista - Blog do Farn\u00e9sio\" \/>\n<meta property=\"og:description\" content=\"O ator baiano L\u00e1zaro Ramos revelou nas redes sociais que estar\u00e1 presente na cerim\u00f4nia do Academy Awards, o Oscar, marcada para a noite desre domingo (15), em Los Angeles, nos Estados Unidos, para acompanhar de perto a indica\u00e7\u00e3o do amigo e conterr\u00e2neo Wagner Moura. Antes do embarque, L\u00e1zaro publicou um v\u00eddeo nos stories do Instagram enquanto mostrava um objeto curioso que decidiu levar para a viagem. Tratava-se de um \u201csantinho\u201d com a imagem de Wagner com uma estatueta do Oscar. No cart\u00e3o aparece a frase \u201cWagner da sorte\u201d, em tom bem-humorado. Assista: A publica\u00e7\u00e3o foi acompanhada pela\u00a0m\u00fasica \u2018O Baiano Tem o Molho&#8217;, do artista O Kanalha, faixa que acabou associada \u00e0 campanha do filme nos \u00faltimos meses. Mesmo que seja&hellip;\" \/>\n<meta property=\"og:url\" content=\"https:\/\/blogdofarnesio.com.br\/2026\/03\/lazaro-ramos-surge-com-santinho-de-wagner-moura-em-aeroporto-ao-embarcar-para-o-oscar-assista\/\" \/>\n<meta property=\"og:site_name\" content=\"Blog do Farn\u00e9sio\" \/>\n<meta property=\"article:publisher\" content=\"https:\/\/www.facebook.com\/BlogQuerSaberPolitica\/\" \/>\n<meta property=\"article:author\" content=\"https:\/\/www.facebook.com\/?ref=tn_tnmn\" \/>\n<meta property=\"article:published_time\" content=\"2026-03-15T11:31:01+00:00\" \/>\n<meta property=\"article:modified_time\" content=\"2026-03-15T11:32:40+00:00\" \/>\n<meta property=\"og:image\" content=\"https:\/\/blogdofarnesio.com.br\/wp-content\/uploads\/2026\/03\/blogqsp-lazaro-ramos_wagner-moura-uck10fmz_widelg.jpg\" \/>\n\t<meta property=\"og:image:width\" content=\"560\" \/>\n\t<meta property=\"og:image:height\" content=\"315\" \/>\n\t<meta property=\"og:image:type\" content=\"image\/jpeg\" \/>\n<meta name=\"author\" content=\"Farn\u00e9sio\" \/>\n<meta name=\"twitter:card\" content=\"summary_large_image\" \/>\n<meta name=\"twitter:label1\" content=\"Escrito por\" \/>\n\t<meta name=\"twitter:data1\" content=\"Farn\u00e9sio\" \/>\n\t<meta name=\"twitter:label2\" content=\"Est. tempo de leitura\" \/>\n\t<meta name=\"twitter:data2\" content=\"2 minutos\" \/>\n<script type=\"application\/ld+json\" class=\"yoast-schema-graph\">{\"@context\":\"https:\\\/\\\/schema.org\",\"@graph\":[{\"@type\":\"Article\",\"@id\":\"https:\\\/\\\/blogdofarnesio.com.br\\\/2026\\\/03\\\/lazaro-ramos-surge-com-santinho-de-wagner-moura-em-aeroporto-ao-embarcar-para-o-oscar-assista\\\/#article\",\"isPartOf\":{\"@id\":\"https:\\\/\\\/blogdofarnesio.com.br\\\/2026\\\/03\\\/lazaro-ramos-surge-com-santinho-de-wagner-moura-em-aeroporto-ao-embarcar-para-o-oscar-assista\\\/\"},\"author\":{\"name\":\"Farn\u00e9sio\",\"@id\":\"https:\\\/\\\/blogdofarnesio.com.br\\\/#\\\/schema\\\/person\\\/bb9b23ae3ad0609ce8df7b6c9e76824d\"},\"headline\":\"L\u00e1zaro Ramos surge com \u2018santinho\u2019 de Wagner Moura em aeroporto ao embarcar para o Oscar; assista\",\"datePublished\":\"2026-03-15T11:31:01+00:00\",\"dateModified\":\"2026-03-15T11:32:40+00:00\",\"mainEntityOfPage\":{\"@id\":\"https:\\\/\\\/blogdofarnesio.com.br\\\/2026\\\/03\\\/lazaro-ramos-surge-com-santinho-de-wagner-moura-em-aeroporto-ao-embarcar-para-o-oscar-assista\\\/\"},\"wordCount\":267,\"commentCount\":0,\"publisher\":{\"@id\":\"https:\\\/\\\/blogdofarnesio.com.br\\\/#organization\"},\"image\":{\"@id\":\"https:\\\/\\\/blogdofarnesio.com.br\\\/2026\\\/03\\\/lazaro-ramos-surge-com-santinho-de-wagner-moura-em-aeroporto-ao-embarcar-para-o-oscar-assista\\\/#primaryimage\"},\"thumbnailUrl\":\"https:\\\/\\\/blogdofarnesio.com.br\\\/wp-content\\\/uploads\\\/2026\\\/03\\\/blogqsp-lazaro-ramos_wagner-moura-uck10fmz_widelg.jpg\",\"articleSection\":[\"Cultura\"],\"inLanguage\":\"pt-BR\",\"potentialAction\":[{\"@type\":\"CommentAction\",\"name\":\"Comment\",\"target\":[\"https:\\\/\\\/blogdofarnesio.com.br\\\/2026\\\/03\\\/lazaro-ramos-surge-com-santinho-de-wagner-moura-em-aeroporto-ao-embarcar-para-o-oscar-assista\\\/#respond\"]}]},{\"@type\":\"WebPage\",\"@id\":\"https:\\\/\\\/blogdofarnesio.com.br\\\/2026\\\/03\\\/lazaro-ramos-surge-com-santinho-de-wagner-moura-em-aeroporto-ao-embarcar-para-o-oscar-assista\\\/\",\"url\":\"https:\\\/\\\/blogdofarnesio.com.br\\\/2026\\\/03\\\/lazaro-ramos-surge-com-santinho-de-wagner-moura-em-aeroporto-ao-embarcar-para-o-oscar-assista\\\/\",\"name\":\"L\u00e1zaro Ramos surge com \u2018santinho\u2019 de Wagner Moura em aeroporto ao embarcar para o Oscar; assista - Blog do Farn\u00e9sio\",\"isPartOf\":{\"@id\":\"https:\\\/\\\/blogdofarnesio.com.br\\\/#website\"},\"primaryImageOfPage\":{\"@id\":\"https:\\\/\\\/blogdofarnesio.com.br\\\/2026\\\/03\\\/lazaro-ramos-surge-com-santinho-de-wagner-moura-em-aeroporto-ao-embarcar-para-o-oscar-assista\\\/#primaryimage\"},\"image\":{\"@id\":\"https:\\\/\\\/blogdofarnesio.com.br\\\/2026\\\/03\\\/lazaro-ramos-surge-com-santinho-de-wagner-moura-em-aeroporto-ao-embarcar-para-o-oscar-assista\\\/#primaryimage\"},\"thumbnailUrl\":\"https:\\\/\\\/blogdofarnesio.com.br\\\/wp-content\\\/uploads\\\/2026\\\/03\\\/blogqsp-lazaro-ramos_wagner-moura-uck10fmz_widelg.jpg\",\"datePublished\":\"2026-03-15T11:31:01+00:00\",\"dateModified\":\"2026-03-15T11:32:40+00:00\",\"breadcrumb\":{\"@id\":\"https:\\\/\\\/blogdofarnesio.com.br\\\/2026\\\/03\\\/lazaro-ramos-surge-com-santinho-de-wagner-moura-em-aeroporto-ao-embarcar-para-o-oscar-assista\\\/#breadcrumb\"},\"inLanguage\":\"pt-BR\",\"potentialAction\":[{\"@type\":\"ReadAction\",\"target\":[\"https:\\\/\\\/blogdofarnesio.com.br\\\/2026\\\/03\\\/lazaro-ramos-surge-com-santinho-de-wagner-moura-em-aeroporto-ao-embarcar-para-o-oscar-assista\\\/\"]}]},{\"@type\":\"ImageObject\",\"inLanguage\":\"pt-BR\",\"@id\":\"https:\\\/\\\/blogdofarnesio.com.br\\\/2026\\\/03\\\/lazaro-ramos-surge-com-santinho-de-wagner-moura-em-aeroporto-ao-embarcar-para-o-oscar-assista\\\/#primaryimage\",\"url\":\"https:\\\/\\\/blogdofarnesio.com.br\\\/wp-content\\\/uploads\\\/2026\\\/03\\\/blogqsp-lazaro-ramos_wagner-moura-uck10fmz_widelg.jpg\",\"contentUrl\":\"https:\\\/\\\/blogdofarnesio.com.br\\\/wp-content\\\/uploads\\\/2026\\\/03\\\/blogqsp-lazaro-ramos_wagner-moura-uck10fmz_widelg.jpg\",\"width\":560,\"height\":315},{\"@type\":\"BreadcrumbList\",\"@id\":\"https:\\\/\\\/blogdofarnesio.com.br\\\/2026\\\/03\\\/lazaro-ramos-surge-com-santinho-de-wagner-moura-em-aeroporto-ao-embarcar-para-o-oscar-assista\\\/#breadcrumb\",\"itemListElement\":[{\"@type\":\"ListItem\",\"position\":1,\"name\":\"In\u00edcio\",\"item\":\"https:\\\/\\\/blogdofarnesio.com.br\\\/\"},{\"@type\":\"ListItem\",\"position\":2,\"name\":\"L\u00e1zaro Ramos surge com \u2018santinho\u2019 de Wagner Moura em aeroporto ao embarcar para o Oscar; assista\"}]},{\"@type\":\"WebSite\",\"@id\":\"https:\\\/\\\/blogdofarnesio.com.br\\\/#website\",\"url\":\"https:\\\/\\\/blogdofarnesio.com.br\\\/\",\"name\":\"Blog do Farn\u00e9sio\",\"description\":\"Quer Saber Pol\u00edtica?\",\"publisher\":{\"@id\":\"https:\\\/\\\/blogdofarnesio.com.br\\\/#organization\"},\"potentialAction\":[{\"@type\":\"SearchAction\",\"target\":{\"@type\":\"EntryPoint\",\"urlTemplate\":\"https:\\\/\\\/blogdofarnesio.com.br\\\/?s={search_term_string}\"},\"query-input\":{\"@type\":\"PropertyValueSpecification\",\"valueRequired\":true,\"valueName\":\"search_term_string\"}}],\"inLanguage\":\"pt-BR\"},{\"@type\":\"Organization\",\"@id\":\"https:\\\/\\\/blogdofarnesio.com.br\\\/#organization\",\"name\":\"Blog do Farn\u00e9sio\",\"url\":\"https:\\\/\\\/blogdofarnesio.com.br\\\/\",\"logo\":{\"@type\":\"ImageObject\",\"inLanguage\":\"pt-BR\",\"@id\":\"https:\\\/\\\/blogdofarnesio.com.br\\\/#\\\/schema\\\/logo\\\/image\\\/\",\"url\":\"https:\\\/\\\/blogdofarnesio.com.br\\\/wp-content\\\/uploads\\\/2026\\\/03\\\/cropped-logo_new-1.png\",\"contentUrl\":\"https:\\\/\\\/blogdofarnesio.com.br\\\/wp-content\\\/uploads\\\/2026\\\/03\\\/cropped-logo_new-1.png\",\"width\":881,\"height\":685,\"caption\":\"Blog do Farn\u00e9sio\"},\"image\":{\"@id\":\"https:\\\/\\\/blogdofarnesio.com.br\\\/#\\\/schema\\\/logo\\\/image\\\/\"},\"sameAs\":[\"https:\\\/\\\/www.facebook.com\\\/BlogQuerSaberPolitica\\\/\"]},{\"@type\":\"Person\",\"@id\":\"https:\\\/\\\/blogdofarnesio.com.br\\\/#\\\/schema\\\/person\\\/bb9b23ae3ad0609ce8df7b6c9e76824d\",\"name\":\"Farn\u00e9sio\",\"image\":{\"@type\":\"ImageObject\",\"inLanguage\":\"pt-BR\",\"@id\":\"https:\\\/\\\/secure.gravatar.com\\\/avatar\\\/986aa4c61ccdb66f8555bf88fc2a65609d00bcabd4d2d94377a727547345cbca?s=96&d=mm&r=g\",\"url\":\"https:\\\/\\\/secure.gravatar.com\\\/avatar\\\/986aa4c61ccdb66f8555bf88fc2a65609d00bcabd4d2d94377a727547345cbca?s=96&d=mm&r=g\",\"contentUrl\":\"https:\\\/\\\/secure.gravatar.com\\\/avatar\\\/986aa4c61ccdb66f8555bf88fc2a65609d00bcabd4d2d94377a727547345cbca?s=96&d=mm&r=g\",\"caption\":\"Farn\u00e9sio\"},\"description\":\"Radialista blogueiro, chegou a Petrolina\\\/Juazeiro em setembro de 1980, Farn\u00e9sio Silva \u00e9 de Arapiraca-Alagoas.\",\"sameAs\":[\"http:\\\/\\\/blogdofarnesio.com.br\",\"https:\\\/\\\/www.facebook.com\\\/?ref=tn_tnmn\",\"https:\\\/\\\/www.instagram.com\\\/?utm_source=pwa_homescreen\",\"https:\\\/\\\/youtube.com.br\\\/\"],\"url\":\"https:\\\/\\\/blogdofarnesio.com.br\\\/author\\\/farnesio-2\\\/\"}]}<\/script>\n<!-- \/ Yoast SEO plugin. -->","yoast_head_json":{"title":"L\u00e1zaro Ramos surge com \u2018santinho\u2019 de Wagner Moura em aeroporto ao embarcar para o Oscar; assista - Blog do Farn\u00e9sio","robots":{"index":"index","follow":"follow","max-snippet":"max-snippet:-1","max-image-preview":"max-image-preview:large","max-video-preview":"max-video-preview:-1"},"canonical":"https:\/\/blogdofarnesio.com.br\/2026\/03\/lazaro-ramos-surge-com-santinho-de-wagner-moura-em-aeroporto-ao-embarcar-para-o-oscar-assista\/","og_locale":"pt_BR","og_type":"article","og_title":"L\u00e1zaro Ramos surge com \u2018santinho\u2019 de Wagner Moura em aeroporto ao embarcar para o Oscar; assista - Blog do Farn\u00e9sio","og_description":"O ator baiano L\u00e1zaro Ramos revelou nas redes sociais que estar\u00e1 presente na cerim\u00f4nia do Academy Awards, o Oscar, marcada para a noite desre domingo (15), em Los Angeles, nos Estados Unidos, para acompanhar de perto a indica\u00e7\u00e3o do amigo e conterr\u00e2neo Wagner Moura. Antes do embarque, L\u00e1zaro publicou um v\u00eddeo nos stories do Instagram enquanto mostrava um objeto curioso que decidiu levar para a viagem. Tratava-se de um \u201csantinho\u201d com a imagem de Wagner com uma estatueta do Oscar. No cart\u00e3o aparece a frase \u201cWagner da sorte\u201d, em tom bem-humorado. Assista: A publica\u00e7\u00e3o foi acompanhada pela\u00a0m\u00fasica \u2018O Baiano Tem o Molho&#8217;, do artista O Kanalha, faixa que acabou associada \u00e0 campanha do filme nos \u00faltimos meses. Mesmo que seja&hellip;","og_url":"https:\/\/blogdofarnesio.com.br\/2026\/03\/lazaro-ramos-surge-com-santinho-de-wagner-moura-em-aeroporto-ao-embarcar-para-o-oscar-assista\/","og_site_name":"Blog do Farn\u00e9sio","article_publisher":"https:\/\/www.facebook.com\/BlogQuerSaberPolitica\/","article_author":"https:\/\/www.facebook.com\/?ref=tn_tnmn","article_published_time":"2026-03-15T11:31:01+00:00","article_modified_time":"2026-03-15T11:32:40+00:00","og_image":[{"width":560,"height":315,"url":"https:\/\/blogdofarnesio.com.br\/wp-content\/uploads\/2026\/03\/blogqsp-lazaro-ramos_wagner-moura-uck10fmz_widelg.jpg","type":"image\/jpeg"}],"author":"Farn\u00e9sio","twitter_card":"summary_large_image","twitter_misc":{"Escrito por":"Farn\u00e9sio","Est. tempo de leitura":"2 minutos"},"schema":{"@context":"https:\/\/schema.org","@graph":[{"@type":"Article","@id":"https:\/\/blogdofarnesio.com.br\/2026\/03\/lazaro-ramos-surge-com-santinho-de-wagner-moura-em-aeroporto-ao-embarcar-para-o-oscar-assista\/#article","isPartOf":{"@id":"https:\/\/blogdofarnesio.com.br\/2026\/03\/lazaro-ramos-surge-com-santinho-de-wagner-moura-em-aeroporto-ao-embarcar-para-o-oscar-assista\/"},"author":{"name":"Farn\u00e9sio","@id":"https:\/\/blogdofarnesio.com.br\/#\/schema\/person\/bb9b23ae3ad0609ce8df7b6c9e76824d"},"headline":"L\u00e1zaro Ramos surge com \u2018santinho\u2019 de Wagner Moura em aeroporto ao embarcar para o Oscar; assista","datePublished":"2026-03-15T11:31:01+00:00","dateModified":"2026-03-15T11:32:40+00:00","mainEntityOfPage":{"@id":"https:\/\/blogdofarnesio.com.br\/2026\/03\/lazaro-ramos-surge-com-santinho-de-wagner-moura-em-aeroporto-ao-embarcar-para-o-oscar-assista\/"},"wordCount":267,"commentCount":0,"publisher":{"@id":"https:\/\/blogdofarnesio.com.br\/#organization"},"image":{"@id":"https:\/\/blogdofarnesio.com.br\/2026\/03\/lazaro-ramos-surge-com-santinho-de-wagner-moura-em-aeroporto-ao-embarcar-para-o-oscar-assista\/#primaryimage"},"thumbnailUrl":"https:\/\/blogdofarnesio.com.br\/wp-content\/uploads\/2026\/03\/blogqsp-lazaro-ramos_wagner-moura-uck10fmz_widelg.jpg","articleSection":["Cultura"],"inLanguage":"pt-BR","potentialAction":[{"@type":"CommentAction","name":"Comment","target":["https:\/\/blogdofarnesio.com.br\/2026\/03\/lazaro-ramos-surge-com-santinho-de-wagner-moura-em-aeroporto-ao-embarcar-para-o-oscar-assista\/#respond"]}]},{"@type":"WebPage","@id":"https:\/\/blogdofarnesio.com.br\/2026\/03\/lazaro-ramos-surge-com-santinho-de-wagner-moura-em-aeroporto-ao-embarcar-para-o-oscar-assista\/","url":"https:\/\/blogdofarnesio.com.br\/2026\/03\/lazaro-ramos-surge-com-santinho-de-wagner-moura-em-aeroporto-ao-embarcar-para-o-oscar-assista\/","name":"L\u00e1zaro Ramos surge com \u2018santinho\u2019 de Wagner Moura em aeroporto ao embarcar para o Oscar; assista - Blog do Farn\u00e9sio","isPartOf":{"@id":"https:\/\/blogdofarnesio.com.br\/#website"},"primaryImageOfPage":{"@id":"https:\/\/blogdofarnesio.com.br\/2026\/03\/lazaro-ramos-surge-com-santinho-de-wagner-moura-em-aeroporto-ao-embarcar-para-o-oscar-assista\/#primaryimage"},"image":{"@id":"https:\/\/blogdofarnesio.com.br\/2026\/03\/lazaro-ramos-surge-com-santinho-de-wagner-moura-em-aeroporto-ao-embarcar-para-o-oscar-assista\/#primaryimage"},"thumbnailUrl":"https:\/\/blogdofarnesio.com.br\/wp-content\/uploads\/2026\/03\/blogqsp-lazaro-ramos_wagner-moura-uck10fmz_widelg.jpg","datePublished":"2026-03-15T11:31:01+00:00","dateModified":"2026-03-15T11:32:40+00:00","breadcrumb":{"@id":"https:\/\/blogdofarnesio.com.br\/2026\/03\/lazaro-ramos-surge-com-santinho-de-wagner-moura-em-aeroporto-ao-embarcar-para-o-oscar-assista\/#breadcrumb"},"inLanguage":"pt-BR","potentialAction":[{"@type":"ReadAction","target":["https:\/\/blogdofarnesio.com.br\/2026\/03\/lazaro-ramos-surge-com-santinho-de-wagner-moura-em-aeroporto-ao-embarcar-para-o-oscar-assista\/"]}]},{"@type":"ImageObject","inLanguage":"pt-BR","@id":"https:\/\/blogdofarnesio.com.br\/2026\/03\/lazaro-ramos-surge-com-santinho-de-wagner-moura-em-aeroporto-ao-embarcar-para-o-oscar-assista\/#primaryimage","url":"https:\/\/blogdofarnesio.com.br\/wp-content\/uploads\/2026\/03\/blogqsp-lazaro-ramos_wagner-moura-uck10fmz_widelg.jpg","contentUrl":"https:\/\/blogdofarnesio.com.br\/wp-content\/uploads\/2026\/03\/blogqsp-lazaro-ramos_wagner-moura-uck10fmz_widelg.jpg","width":560,"height":315},{"@type":"BreadcrumbList","@id":"https:\/\/blogdofarnesio.com.br\/2026\/03\/lazaro-ramos-surge-com-santinho-de-wagner-moura-em-aeroporto-ao-embarcar-para-o-oscar-assista\/#breadcrumb","itemListElement":[{"@type":"ListItem","position":1,"name":"In\u00edcio","item":"https:\/\/blogdofarnesio.com.br\/"},{"@type":"ListItem","position":2,"name":"L\u00e1zaro Ramos surge com \u2018santinho\u2019 de Wagner Moura em aeroporto ao embarcar para o Oscar; assista"}]},{"@type":"WebSite","@id":"https:\/\/blogdofarnesio.com.br\/#website","url":"https:\/\/blogdofarnesio.com.br\/","name":"Blog do Farn\u00e9sio","description":"Quer Saber Pol\u00edtica?","publisher":{"@id":"https:\/\/blogdofarnesio.com.br\/#organization"},"potentialAction":[{"@type":"SearchAction","target":{"@type":"EntryPoint","urlTemplate":"https:\/\/blogdofarnesio.com.br\/?s={search_term_string}"},"query-input":{"@type":"PropertyValueSpecification","valueRequired":true,"valueName":"search_term_string"}}],"inLanguage":"pt-BR"},{"@type":"Organization","@id":"https:\/\/blogdofarnesio.com.br\/#organization","name":"Blog do Farn\u00e9sio","url":"https:\/\/blogdofarnesio.com.br\/","logo":{"@type":"ImageObject","inLanguage":"pt-BR","@id":"https:\/\/blogdofarnesio.com.br\/#\/schema\/logo\/image\/","url":"https:\/\/blogdofarnesio.com.br\/wp-content\/uploads\/2026\/03\/cropped-logo_new-1.png","contentUrl":"https:\/\/blogdofarnesio.com.br\/wp-content\/uploads\/2026\/03\/cropped-logo_new-1.png","width":881,"height":685,"caption":"Blog do Farn\u00e9sio"},"image":{"@id":"https:\/\/blogdofarnesio.com.br\/#\/schema\/logo\/image\/"},"sameAs":["https:\/\/www.facebook.com\/BlogQuerSaberPolitica\/"]},{"@type":"Person","@id":"https:\/\/blogdofarnesio.com.br\/#\/schema\/person\/bb9b23ae3ad0609ce8df7b6c9e76824d","name":"Farn\u00e9sio","image":{"@type":"ImageObject","inLanguage":"pt-BR","@id":"https:\/\/secure.gravatar.com\/avatar\/986aa4c61ccdb66f8555bf88fc2a65609d00bcabd4d2d94377a727547345cbca?s=96&d=mm&r=g","url":"https:\/\/secure.gravatar.com\/avatar\/986aa4c61ccdb66f8555bf88fc2a65609d00bcabd4d2d94377a727547345cbca?s=96&d=mm&r=g","contentUrl":"https:\/\/secure.gravatar.com\/avatar\/986aa4c61ccdb66f8555bf88fc2a65609d00bcabd4d2d94377a727547345cbca?s=96&d=mm&r=g","caption":"Farn\u00e9sio"},"description":"Radialista blogueiro, chegou a Petrolina\/Juazeiro em setembro de 1980, Farn\u00e9sio Silva \u00e9 de Arapiraca-Alagoas.","sameAs":["http:\/\/blogdofarnesio.com.br","https:\/\/www.facebook.com\/?ref=tn_tnmn","https:\/\/www.instagram.com\/?utm_source=pwa_homescreen","https:\/\/youtube.com.br\/"],"url":"https:\/\/blogdofarnesio.com.br\/author\/farnesio-2\/"}]}},"_links":{"self":[{"href":"https:\/\/blogdofarnesio.com.br\/wp-json\/wp\/v2\/posts\/417124","targetHints":{"allow":["GET"]}}],"collection":[{"href":"https:\/\/blogdofarnesio.com.br\/wp-json\/wp\/v2\/posts"}],"about":[{"href":"https:\/\/blogdofarnesio.com.br\/wp-json\/wp\/v2\/types\/post"}],"author":[{"embeddable":true,"href":"https:\/\/blogdofarnesio.com.br\/wp-json\/wp\/v2\/users\/2"}],"replies":[{"embeddable":true,"href":"https:\/\/blogdofarnesio.com.br\/wp-json\/wp\/v2\/comments?post=417124"}],"version-history":[{"count":3,"href":"https:\/\/blogdofarnesio.com.br\/wp-json\/wp\/v2\/posts\/417124\/revisions"}],"predecessor-version":[{"id":417128,"href":"https:\/\/blogdofarnesio.com.br\/wp-json\/wp\/v2\/posts\/417124\/revisions\/417128"}],"wp:featuredmedia":[{"embeddable":true,"href":"https:\/\/blogdofarnesio.com.br\/wp-json\/wp\/v2\/media\/417125"}],"wp:attachment":[{"href":"https:\/\/blogdofarnesio.com.br\/wp-json\/wp\/v2\/media?parent=417124"}],"wp:term":[{"taxonomy":"category","embeddable":true,"href":"https:\/\/blogdofarnesio.com.br\/wp-json\/wp\/v2\/categories?post=417124"},{"taxonomy":"post_tag","embeddable":true,"href":"https:\/\/blogdofarnesio.com.br\/wp-json\/wp\/v2\/tags?post=417124"}],"curies":[{"name":"wp","href":"https:\/\/api.w.org\/{rel}","templated":true}]}}