{"id":417102,"date":"2026-03-14T14:00:27","date_gmt":"2026-03-14T17:00:27","guid":{"rendered":"https:\/\/blogdofarnesio.com.br\/?p=417102"},"modified":"2026-03-14T10:53:16","modified_gmt":"2026-03-14T13:53:16","slug":"requalificacao-da-pe-575-a-estrada-do-trabalhador-e-rota-do-enoturismo-e-comemorada-pela-prefeita-de-lagoa-grande","status":"publish","type":"post","link":"https:\/\/blogdofarnesio.com.br\/2026\/03\/requalificacao-da-pe-575-a-estrada-do-trabalhador-e-rota-do-enoturismo-e-comemorada-pela-prefeita-de-lagoa-grande\/","title":{"rendered":"Requalifica\u00e7\u00e3o da PE-575, a Estrada do Trabalhador e Rota do Enoturismo, \u00e9 comemorada pela prefeita de Lagoa Grande"},"content":{"rendered":"<p>A cidade de Lagoa Grande celebra uma grande conquista com a obra de requalifica\u00e7\u00e3o da PE-575, tamb\u00e9m conhecida como \u2018Estrada do Trabalhador\u2019. A obra iniciou neste m\u00eas de mar\u00e7o e faz parte do PE na Estrada, programa do Governo do Estado de Pernambuco voltado \u00e0 implanta\u00e7\u00e3o e requalifica\u00e7\u00e3o de rodovias estaduais.<\/p>\n<p>A requalifica\u00e7\u00e3o da rodovia ser\u00e1 executada por meio da aplica\u00e7\u00e3o de microrrevestimento asf\u00e1ltico, o que proporcionar\u00e1 mais seguran\u00e7a e melhores condi\u00e7\u00f5es de trafegabilidade ao longo dos 11 quil\u00f4metros da via. A obra \u00e9 coordenada pela Secretaria de Mobilidade e Infraestrutura de Pernambuco e executada pelo Departamento de Estradas de Rodagem de Pernambuco (DER).<\/p>\n<p>Segundo a chefe do Executivo lagoa-grandense, a requalifica\u00e7\u00e3o da PE tem como objetivo melhorar a mobilidade, garantir mais seguran\u00e7a vi\u00e1ria e impulsionar o desenvolvimento econ\u00f4mico de Lagoa Grande e da regi\u00e3o. &#8220;A execu\u00e7\u00e3o da obra\u00a0 \u00e9 uma demanda antiga e necess\u00e1ria, aguardada por todos que dependem da via para diferentes deslocamentos&#8221;, afirmou Catharina Garziera.<\/p>\n<p>A gestora lembra ainda que a estrada do trabalhador \u00e9 uma importante rota para o escoamento da produ\u00e7\u00e3o e para o fortalecimento do enoturismo regional. \u201cEssa estrada vem mudando muitas vidas. \u00c9 ela que tamb\u00e9m tem permitido o desenvolvimento do enoturismo em Lagoa Grande e na regi\u00e3o. Por isso, deixo aqui nossos sinceros agradecimentos ao Governo de Pernambuco pelo olhar atento e pelo trabalho realizado, sem deixar nenhum munic\u00edpio do nosso estado para tr\u00e1s\u201d, assinalou a prefeita.<\/p>\n<p>Cinara Marques \u2013 jornalista<\/p>\n<p>Fotos: Isael Cordeiro (Drone) e S\u00e1vio Oliveira<\/p>\n","protected":false},"excerpt":{"rendered":"<p>A cidade de Lagoa Grande celebra uma grande conquista com a obra de requalifica\u00e7\u00e3o da PE-575, tamb\u00e9m conhecida como \u2018Estrada do Trabalhador\u2019. A obra iniciou neste m\u00eas de mar\u00e7o e faz parte do PE na Estrada, programa do Governo do Estado de Pernambuco voltado \u00e0 implanta\u00e7\u00e3o e requalifica\u00e7\u00e3o de rodovias estaduais. A requalifica\u00e7\u00e3o da rodovia ser\u00e1 executada por meio da aplica\u00e7\u00e3o de microrrevestimento asf\u00e1ltico, o que proporcionar\u00e1 mais seguran\u00e7a e melhores condi\u00e7\u00f5es de trafegabilidade ao longo dos 11 quil\u00f4metros da via. A obra \u00e9 coordenada pela Secretaria de Mobilidade e Infraestrutura de Pernambuco e executada pelo Departamento de Estradas de Rodagem de Pernambuco (DER). Segundo a chefe do Executivo lagoa-grandense, a requalifica\u00e7\u00e3o da PE tem como objetivo melhorar a mobilidade,&hellip; <\/p>\n","protected":false},"author":2,"featured_media":417103,"comment_status":"open","ping_status":"open","sticky":false,"template":"","format":"standard","meta":{"_acf_changed":false,"footnotes":""},"categories":[58],"tags":[],"class_list":["post-417102","post","type-post","status-publish","format-standard","has-post-thumbnail","hentry","category-mobilidade"],"acf":[],"yoast_head":"<!-- This site is optimized with the Yoast SEO plugin v27.5 - https:\/\/yoast.com\/product\/yoast-seo-wordpress\/ -->\n<title>Requalifica\u00e7\u00e3o da PE-575, a Estrada do Trabalhador e Rota do Enoturismo, \u00e9 comemorada pela prefeita de Lagoa Grande - Blog do Farn\u00e9sio<\/title>\n<meta name=\"robots\" content=\"index, follow, max-snippet:-1, max-image-preview:large, max-video-preview:-1\" \/>\n<link rel=\"canonical\" href=\"https:\/\/blogdofarnesio.com.br\/2026\/03\/requalificacao-da-pe-575-a-estrada-do-trabalhador-e-rota-do-enoturismo-e-comemorada-pela-prefeita-de-lagoa-grande\/\" \/>\n<meta property=\"og:locale\" content=\"pt_BR\" \/>\n<meta property=\"og:type\" content=\"article\" \/>\n<meta property=\"og:title\" content=\"Requalifica\u00e7\u00e3o da PE-575, a Estrada do Trabalhador e Rota do Enoturismo, \u00e9 comemorada pela prefeita de Lagoa Grande - Blog do Farn\u00e9sio\" \/>\n<meta property=\"og:description\" content=\"A cidade de Lagoa Grande celebra uma grande conquista com a obra de requalifica\u00e7\u00e3o da PE-575, tamb\u00e9m conhecida como \u2018Estrada do Trabalhador\u2019. A obra iniciou neste m\u00eas de mar\u00e7o e faz parte do PE na Estrada, programa do Governo do Estado de Pernambuco voltado \u00e0 implanta\u00e7\u00e3o e requalifica\u00e7\u00e3o de rodovias estaduais. A requalifica\u00e7\u00e3o da rodovia ser\u00e1 executada por meio da aplica\u00e7\u00e3o de microrrevestimento asf\u00e1ltico, o que proporcionar\u00e1 mais seguran\u00e7a e melhores condi\u00e7\u00f5es de trafegabilidade ao longo dos 11 quil\u00f4metros da via. A obra \u00e9 coordenada pela Secretaria de Mobilidade e Infraestrutura de Pernambuco e executada pelo Departamento de Estradas de Rodagem de Pernambuco (DER). Segundo a chefe do Executivo lagoa-grandense, a requalifica\u00e7\u00e3o da PE tem como objetivo melhorar a mobilidade,&hellip;\" \/>\n<meta property=\"og:url\" content=\"https:\/\/blogdofarnesio.com.br\/2026\/03\/requalificacao-da-pe-575-a-estrada-do-trabalhador-e-rota-do-enoturismo-e-comemorada-pela-prefeita-de-lagoa-grande\/\" \/>\n<meta property=\"og:site_name\" content=\"Blog do Farn\u00e9sio\" \/>\n<meta property=\"article:publisher\" content=\"https:\/\/www.facebook.com\/BlogQuerSaberPolitica\/\" \/>\n<meta property=\"article:author\" content=\"https:\/\/www.facebook.com\/?ref=tn_tnmn\" \/>\n<meta property=\"article:published_time\" content=\"2026-03-14T17:00:27+00:00\" \/>\n<meta property=\"og:image\" content=\"https:\/\/blogdofarnesio.com.br\/wp-content\/uploads\/2026\/03\/DRONE-ESTRADA-e1773496276479.jpeg\" \/>\n\t<meta property=\"og:image:width\" content=\"600\" \/>\n\t<meta property=\"og:image:height\" content=\"338\" \/>\n\t<meta property=\"og:image:type\" content=\"image\/jpeg\" \/>\n<meta name=\"author\" content=\"Farn\u00e9sio\" \/>\n<meta name=\"twitter:card\" content=\"summary_large_image\" \/>\n<meta name=\"twitter:label1\" content=\"Escrito por\" \/>\n\t<meta name=\"twitter:data1\" content=\"Farn\u00e9sio\" \/>\n\t<meta name=\"twitter:label2\" content=\"Est. tempo de leitura\" \/>\n\t<meta name=\"twitter:data2\" content=\"2 minutos\" \/>\n<script type=\"application\/ld+json\" class=\"yoast-schema-graph\">{\"@context\":\"https:\\\/\\\/schema.org\",\"@graph\":[{\"@type\":\"Article\",\"@id\":\"https:\\\/\\\/blogdofarnesio.com.br\\\/2026\\\/03\\\/requalificacao-da-pe-575-a-estrada-do-trabalhador-e-rota-do-enoturismo-e-comemorada-pela-prefeita-de-lagoa-grande\\\/#article\",\"isPartOf\":{\"@id\":\"https:\\\/\\\/blogdofarnesio.com.br\\\/2026\\\/03\\\/requalificacao-da-pe-575-a-estrada-do-trabalhador-e-rota-do-enoturismo-e-comemorada-pela-prefeita-de-lagoa-grande\\\/\"},\"author\":{\"name\":\"Farn\u00e9sio\",\"@id\":\"https:\\\/\\\/blogdofarnesio.com.br\\\/#\\\/schema\\\/person\\\/bb9b23ae3ad0609ce8df7b6c9e76824d\"},\"headline\":\"Requalifica\u00e7\u00e3o da PE-575, a Estrada do Trabalhador e Rota do Enoturismo, \u00e9 comemorada pela prefeita de Lagoa Grande\",\"datePublished\":\"2026-03-14T17:00:27+00:00\",\"mainEntityOfPage\":{\"@id\":\"https:\\\/\\\/blogdofarnesio.com.br\\\/2026\\\/03\\\/requalificacao-da-pe-575-a-estrada-do-trabalhador-e-rota-do-enoturismo-e-comemorada-pela-prefeita-de-lagoa-grande\\\/\"},\"wordCount\":282,\"commentCount\":0,\"publisher\":{\"@id\":\"https:\\\/\\\/blogdofarnesio.com.br\\\/#organization\"},\"image\":{\"@id\":\"https:\\\/\\\/blogdofarnesio.com.br\\\/2026\\\/03\\\/requalificacao-da-pe-575-a-estrada-do-trabalhador-e-rota-do-enoturismo-e-comemorada-pela-prefeita-de-lagoa-grande\\\/#primaryimage\"},\"thumbnailUrl\":\"https:\\\/\\\/blogdofarnesio.com.br\\\/wp-content\\\/uploads\\\/2026\\\/03\\\/DRONE-ESTRADA-e1773496276479.jpeg\",\"articleSection\":[\"Mobilidade\"],\"inLanguage\":\"pt-BR\",\"potentialAction\":[{\"@type\":\"CommentAction\",\"name\":\"Comment\",\"target\":[\"https:\\\/\\\/blogdofarnesio.com.br\\\/2026\\\/03\\\/requalificacao-da-pe-575-a-estrada-do-trabalhador-e-rota-do-enoturismo-e-comemorada-pela-prefeita-de-lagoa-grande\\\/#respond\"]}]},{\"@type\":\"WebPage\",\"@id\":\"https:\\\/\\\/blogdofarnesio.com.br\\\/2026\\\/03\\\/requalificacao-da-pe-575-a-estrada-do-trabalhador-e-rota-do-enoturismo-e-comemorada-pela-prefeita-de-lagoa-grande\\\/\",\"url\":\"https:\\\/\\\/blogdofarnesio.com.br\\\/2026\\\/03\\\/requalificacao-da-pe-575-a-estrada-do-trabalhador-e-rota-do-enoturismo-e-comemorada-pela-prefeita-de-lagoa-grande\\\/\",\"name\":\"Requalifica\u00e7\u00e3o da PE-575, a Estrada do Trabalhador e Rota do Enoturismo, \u00e9 comemorada pela prefeita de Lagoa Grande - Blog do Farn\u00e9sio\",\"isPartOf\":{\"@id\":\"https:\\\/\\\/blogdofarnesio.com.br\\\/#website\"},\"primaryImageOfPage\":{\"@id\":\"https:\\\/\\\/blogdofarnesio.com.br\\\/2026\\\/03\\\/requalificacao-da-pe-575-a-estrada-do-trabalhador-e-rota-do-enoturismo-e-comemorada-pela-prefeita-de-lagoa-grande\\\/#primaryimage\"},\"image\":{\"@id\":\"https:\\\/\\\/blogdofarnesio.com.br\\\/2026\\\/03\\\/requalificacao-da-pe-575-a-estrada-do-trabalhador-e-rota-do-enoturismo-e-comemorada-pela-prefeita-de-lagoa-grande\\\/#primaryimage\"},\"thumbnailUrl\":\"https:\\\/\\\/blogdofarnesio.com.br\\\/wp-content\\\/uploads\\\/2026\\\/03\\\/DRONE-ESTRADA-e1773496276479.jpeg\",\"datePublished\":\"2026-03-14T17:00:27+00:00\",\"breadcrumb\":{\"@id\":\"https:\\\/\\\/blogdofarnesio.com.br\\\/2026\\\/03\\\/requalificacao-da-pe-575-a-estrada-do-trabalhador-e-rota-do-enoturismo-e-comemorada-pela-prefeita-de-lagoa-grande\\\/#breadcrumb\"},\"inLanguage\":\"pt-BR\",\"potentialAction\":[{\"@type\":\"ReadAction\",\"target\":[\"https:\\\/\\\/blogdofarnesio.com.br\\\/2026\\\/03\\\/requalificacao-da-pe-575-a-estrada-do-trabalhador-e-rota-do-enoturismo-e-comemorada-pela-prefeita-de-lagoa-grande\\\/\"]}]},{\"@type\":\"ImageObject\",\"inLanguage\":\"pt-BR\",\"@id\":\"https:\\\/\\\/blogdofarnesio.com.br\\\/2026\\\/03\\\/requalificacao-da-pe-575-a-estrada-do-trabalhador-e-rota-do-enoturismo-e-comemorada-pela-prefeita-de-lagoa-grande\\\/#primaryimage\",\"url\":\"https:\\\/\\\/blogdofarnesio.com.br\\\/wp-content\\\/uploads\\\/2026\\\/03\\\/DRONE-ESTRADA-e1773496276479.jpeg\",\"contentUrl\":\"https:\\\/\\\/blogdofarnesio.com.br\\\/wp-content\\\/uploads\\\/2026\\\/03\\\/DRONE-ESTRADA-e1773496276479.jpeg\",\"width\":600,\"height\":338},{\"@type\":\"BreadcrumbList\",\"@id\":\"https:\\\/\\\/blogdofarnesio.com.br\\\/2026\\\/03\\\/requalificacao-da-pe-575-a-estrada-do-trabalhador-e-rota-do-enoturismo-e-comemorada-pela-prefeita-de-lagoa-grande\\\/#breadcrumb\",\"itemListElement\":[{\"@type\":\"ListItem\",\"position\":1,\"name\":\"In\u00edcio\",\"item\":\"https:\\\/\\\/blogdofarnesio.com.br\\\/\"},{\"@type\":\"ListItem\",\"position\":2,\"name\":\"Requalifica\u00e7\u00e3o da PE-575, a Estrada do Trabalhador e Rota do Enoturismo, \u00e9 comemorada pela prefeita de Lagoa Grande\"}]},{\"@type\":\"WebSite\",\"@id\":\"https:\\\/\\\/blogdofarnesio.com.br\\\/#website\",\"url\":\"https:\\\/\\\/blogdofarnesio.com.br\\\/\",\"name\":\"Blog do Farn\u00e9sio\",\"description\":\"Quer Saber Pol\u00edtica?\",\"publisher\":{\"@id\":\"https:\\\/\\\/blogdofarnesio.com.br\\\/#organization\"},\"potentialAction\":[{\"@type\":\"SearchAction\",\"target\":{\"@type\":\"EntryPoint\",\"urlTemplate\":\"https:\\\/\\\/blogdofarnesio.com.br\\\/?s={search_term_string}\"},\"query-input\":{\"@type\":\"PropertyValueSpecification\",\"valueRequired\":true,\"valueName\":\"search_term_string\"}}],\"inLanguage\":\"pt-BR\"},{\"@type\":\"Organization\",\"@id\":\"https:\\\/\\\/blogdofarnesio.com.br\\\/#organization\",\"name\":\"Blog do Farn\u00e9sio\",\"url\":\"https:\\\/\\\/blogdofarnesio.com.br\\\/\",\"logo\":{\"@type\":\"ImageObject\",\"inLanguage\":\"pt-BR\",\"@id\":\"https:\\\/\\\/blogdofarnesio.com.br\\\/#\\\/schema\\\/logo\\\/image\\\/\",\"url\":\"https:\\\/\\\/blogdofarnesio.com.br\\\/wp-content\\\/uploads\\\/2026\\\/03\\\/cropped-logo_new-1.png\",\"contentUrl\":\"https:\\\/\\\/blogdofarnesio.com.br\\\/wp-content\\\/uploads\\\/2026\\\/03\\\/cropped-logo_new-1.png\",\"width\":881,\"height\":685,\"caption\":\"Blog do Farn\u00e9sio\"},\"image\":{\"@id\":\"https:\\\/\\\/blogdofarnesio.com.br\\\/#\\\/schema\\\/logo\\\/image\\\/\"},\"sameAs\":[\"https:\\\/\\\/www.facebook.com\\\/BlogQuerSaberPolitica\\\/\"]},{\"@type\":\"Person\",\"@id\":\"https:\\\/\\\/blogdofarnesio.com.br\\\/#\\\/schema\\\/person\\\/bb9b23ae3ad0609ce8df7b6c9e76824d\",\"name\":\"Farn\u00e9sio\",\"image\":{\"@type\":\"ImageObject\",\"inLanguage\":\"pt-BR\",\"@id\":\"https:\\\/\\\/secure.gravatar.com\\\/avatar\\\/986aa4c61ccdb66f8555bf88fc2a65609d00bcabd4d2d94377a727547345cbca?s=96&d=mm&r=g\",\"url\":\"https:\\\/\\\/secure.gravatar.com\\\/avatar\\\/986aa4c61ccdb66f8555bf88fc2a65609d00bcabd4d2d94377a727547345cbca?s=96&d=mm&r=g\",\"contentUrl\":\"https:\\\/\\\/secure.gravatar.com\\\/avatar\\\/986aa4c61ccdb66f8555bf88fc2a65609d00bcabd4d2d94377a727547345cbca?s=96&d=mm&r=g\",\"caption\":\"Farn\u00e9sio\"},\"description\":\"Radialista blogueiro, chegou a Petrolina\\\/Juazeiro em setembro de 1980, Farn\u00e9sio Silva \u00e9 de Arapiraca-Alagoas.\",\"sameAs\":[\"http:\\\/\\\/blogdofarnesio.com.br\",\"https:\\\/\\\/www.facebook.com\\\/?ref=tn_tnmn\",\"https:\\\/\\\/www.instagram.com\\\/?utm_source=pwa_homescreen\",\"https:\\\/\\\/youtube.com.br\\\/\"],\"url\":\"https:\\\/\\\/blogdofarnesio.com.br\\\/author\\\/farnesio-2\\\/\"}]}<\/script>\n<!-- \/ Yoast SEO plugin. -->","yoast_head_json":{"title":"Requalifica\u00e7\u00e3o da PE-575, a Estrada do Trabalhador e Rota do Enoturismo, \u00e9 comemorada pela prefeita de Lagoa Grande - Blog do Farn\u00e9sio","robots":{"index":"index","follow":"follow","max-snippet":"max-snippet:-1","max-image-preview":"max-image-preview:large","max-video-preview":"max-video-preview:-1"},"canonical":"https:\/\/blogdofarnesio.com.br\/2026\/03\/requalificacao-da-pe-575-a-estrada-do-trabalhador-e-rota-do-enoturismo-e-comemorada-pela-prefeita-de-lagoa-grande\/","og_locale":"pt_BR","og_type":"article","og_title":"Requalifica\u00e7\u00e3o da PE-575, a Estrada do Trabalhador e Rota do Enoturismo, \u00e9 comemorada pela prefeita de Lagoa Grande - Blog do Farn\u00e9sio","og_description":"A cidade de Lagoa Grande celebra uma grande conquista com a obra de requalifica\u00e7\u00e3o da PE-575, tamb\u00e9m conhecida como \u2018Estrada do Trabalhador\u2019. A obra iniciou neste m\u00eas de mar\u00e7o e faz parte do PE na Estrada, programa do Governo do Estado de Pernambuco voltado \u00e0 implanta\u00e7\u00e3o e requalifica\u00e7\u00e3o de rodovias estaduais. A requalifica\u00e7\u00e3o da rodovia ser\u00e1 executada por meio da aplica\u00e7\u00e3o de microrrevestimento asf\u00e1ltico, o que proporcionar\u00e1 mais seguran\u00e7a e melhores condi\u00e7\u00f5es de trafegabilidade ao longo dos 11 quil\u00f4metros da via. A obra \u00e9 coordenada pela Secretaria de Mobilidade e Infraestrutura de Pernambuco e executada pelo Departamento de Estradas de Rodagem de Pernambuco (DER). Segundo a chefe do Executivo lagoa-grandense, a requalifica\u00e7\u00e3o da PE tem como objetivo melhorar a mobilidade,&hellip;","og_url":"https:\/\/blogdofarnesio.com.br\/2026\/03\/requalificacao-da-pe-575-a-estrada-do-trabalhador-e-rota-do-enoturismo-e-comemorada-pela-prefeita-de-lagoa-grande\/","og_site_name":"Blog do Farn\u00e9sio","article_publisher":"https:\/\/www.facebook.com\/BlogQuerSaberPolitica\/","article_author":"https:\/\/www.facebook.com\/?ref=tn_tnmn","article_published_time":"2026-03-14T17:00:27+00:00","og_image":[{"width":600,"height":338,"url":"https:\/\/blogdofarnesio.com.br\/wp-content\/uploads\/2026\/03\/DRONE-ESTRADA-e1773496276479.jpeg","type":"image\/jpeg"}],"author":"Farn\u00e9sio","twitter_card":"summary_large_image","twitter_misc":{"Escrito por":"Farn\u00e9sio","Est. tempo de leitura":"2 minutos"},"schema":{"@context":"https:\/\/schema.org","@graph":[{"@type":"Article","@id":"https:\/\/blogdofarnesio.com.br\/2026\/03\/requalificacao-da-pe-575-a-estrada-do-trabalhador-e-rota-do-enoturismo-e-comemorada-pela-prefeita-de-lagoa-grande\/#article","isPartOf":{"@id":"https:\/\/blogdofarnesio.com.br\/2026\/03\/requalificacao-da-pe-575-a-estrada-do-trabalhador-e-rota-do-enoturismo-e-comemorada-pela-prefeita-de-lagoa-grande\/"},"author":{"name":"Farn\u00e9sio","@id":"https:\/\/blogdofarnesio.com.br\/#\/schema\/person\/bb9b23ae3ad0609ce8df7b6c9e76824d"},"headline":"Requalifica\u00e7\u00e3o da PE-575, a Estrada do Trabalhador e Rota do Enoturismo, \u00e9 comemorada pela prefeita de Lagoa Grande","datePublished":"2026-03-14T17:00:27+00:00","mainEntityOfPage":{"@id":"https:\/\/blogdofarnesio.com.br\/2026\/03\/requalificacao-da-pe-575-a-estrada-do-trabalhador-e-rota-do-enoturismo-e-comemorada-pela-prefeita-de-lagoa-grande\/"},"wordCount":282,"commentCount":0,"publisher":{"@id":"https:\/\/blogdofarnesio.com.br\/#organization"},"image":{"@id":"https:\/\/blogdofarnesio.com.br\/2026\/03\/requalificacao-da-pe-575-a-estrada-do-trabalhador-e-rota-do-enoturismo-e-comemorada-pela-prefeita-de-lagoa-grande\/#primaryimage"},"thumbnailUrl":"https:\/\/blogdofarnesio.com.br\/wp-content\/uploads\/2026\/03\/DRONE-ESTRADA-e1773496276479.jpeg","articleSection":["Mobilidade"],"inLanguage":"pt-BR","potentialAction":[{"@type":"CommentAction","name":"Comment","target":["https:\/\/blogdofarnesio.com.br\/2026\/03\/requalificacao-da-pe-575-a-estrada-do-trabalhador-e-rota-do-enoturismo-e-comemorada-pela-prefeita-de-lagoa-grande\/#respond"]}]},{"@type":"WebPage","@id":"https:\/\/blogdofarnesio.com.br\/2026\/03\/requalificacao-da-pe-575-a-estrada-do-trabalhador-e-rota-do-enoturismo-e-comemorada-pela-prefeita-de-lagoa-grande\/","url":"https:\/\/blogdofarnesio.com.br\/2026\/03\/requalificacao-da-pe-575-a-estrada-do-trabalhador-e-rota-do-enoturismo-e-comemorada-pela-prefeita-de-lagoa-grande\/","name":"Requalifica\u00e7\u00e3o da PE-575, a Estrada do Trabalhador e Rota do Enoturismo, \u00e9 comemorada pela prefeita de Lagoa Grande - Blog do Farn\u00e9sio","isPartOf":{"@id":"https:\/\/blogdofarnesio.com.br\/#website"},"primaryImageOfPage":{"@id":"https:\/\/blogdofarnesio.com.br\/2026\/03\/requalificacao-da-pe-575-a-estrada-do-trabalhador-e-rota-do-enoturismo-e-comemorada-pela-prefeita-de-lagoa-grande\/#primaryimage"},"image":{"@id":"https:\/\/blogdofarnesio.com.br\/2026\/03\/requalificacao-da-pe-575-a-estrada-do-trabalhador-e-rota-do-enoturismo-e-comemorada-pela-prefeita-de-lagoa-grande\/#primaryimage"},"thumbnailUrl":"https:\/\/blogdofarnesio.com.br\/wp-content\/uploads\/2026\/03\/DRONE-ESTRADA-e1773496276479.jpeg","datePublished":"2026-03-14T17:00:27+00:00","breadcrumb":{"@id":"https:\/\/blogdofarnesio.com.br\/2026\/03\/requalificacao-da-pe-575-a-estrada-do-trabalhador-e-rota-do-enoturismo-e-comemorada-pela-prefeita-de-lagoa-grande\/#breadcrumb"},"inLanguage":"pt-BR","potentialAction":[{"@type":"ReadAction","target":["https:\/\/blogdofarnesio.com.br\/2026\/03\/requalificacao-da-pe-575-a-estrada-do-trabalhador-e-rota-do-enoturismo-e-comemorada-pela-prefeita-de-lagoa-grande\/"]}]},{"@type":"ImageObject","inLanguage":"pt-BR","@id":"https:\/\/blogdofarnesio.com.br\/2026\/03\/requalificacao-da-pe-575-a-estrada-do-trabalhador-e-rota-do-enoturismo-e-comemorada-pela-prefeita-de-lagoa-grande\/#primaryimage","url":"https:\/\/blogdofarnesio.com.br\/wp-content\/uploads\/2026\/03\/DRONE-ESTRADA-e1773496276479.jpeg","contentUrl":"https:\/\/blogdofarnesio.com.br\/wp-content\/uploads\/2026\/03\/DRONE-ESTRADA-e1773496276479.jpeg","width":600,"height":338},{"@type":"BreadcrumbList","@id":"https:\/\/blogdofarnesio.com.br\/2026\/03\/requalificacao-da-pe-575-a-estrada-do-trabalhador-e-rota-do-enoturismo-e-comemorada-pela-prefeita-de-lagoa-grande\/#breadcrumb","itemListElement":[{"@type":"ListItem","position":1,"name":"In\u00edcio","item":"https:\/\/blogdofarnesio.com.br\/"},{"@type":"ListItem","position":2,"name":"Requalifica\u00e7\u00e3o da PE-575, a Estrada do Trabalhador e Rota do Enoturismo, \u00e9 comemorada pela prefeita de Lagoa Grande"}]},{"@type":"WebSite","@id":"https:\/\/blogdofarnesio.com.br\/#website","url":"https:\/\/blogdofarnesio.com.br\/","name":"Blog do Farn\u00e9sio","description":"Quer Saber Pol\u00edtica?","publisher":{"@id":"https:\/\/blogdofarnesio.com.br\/#organization"},"potentialAction":[{"@type":"SearchAction","target":{"@type":"EntryPoint","urlTemplate":"https:\/\/blogdofarnesio.com.br\/?s={search_term_string}"},"query-input":{"@type":"PropertyValueSpecification","valueRequired":true,"valueName":"search_term_string"}}],"inLanguage":"pt-BR"},{"@type":"Organization","@id":"https:\/\/blogdofarnesio.com.br\/#organization","name":"Blog do Farn\u00e9sio","url":"https:\/\/blogdofarnesio.com.br\/","logo":{"@type":"ImageObject","inLanguage":"pt-BR","@id":"https:\/\/blogdofarnesio.com.br\/#\/schema\/logo\/image\/","url":"https:\/\/blogdofarnesio.com.br\/wp-content\/uploads\/2026\/03\/cropped-logo_new-1.png","contentUrl":"https:\/\/blogdofarnesio.com.br\/wp-content\/uploads\/2026\/03\/cropped-logo_new-1.png","width":881,"height":685,"caption":"Blog do Farn\u00e9sio"},"image":{"@id":"https:\/\/blogdofarnesio.com.br\/#\/schema\/logo\/image\/"},"sameAs":["https:\/\/www.facebook.com\/BlogQuerSaberPolitica\/"]},{"@type":"Person","@id":"https:\/\/blogdofarnesio.com.br\/#\/schema\/person\/bb9b23ae3ad0609ce8df7b6c9e76824d","name":"Farn\u00e9sio","image":{"@type":"ImageObject","inLanguage":"pt-BR","@id":"https:\/\/secure.gravatar.com\/avatar\/986aa4c61ccdb66f8555bf88fc2a65609d00bcabd4d2d94377a727547345cbca?s=96&d=mm&r=g","url":"https:\/\/secure.gravatar.com\/avatar\/986aa4c61ccdb66f8555bf88fc2a65609d00bcabd4d2d94377a727547345cbca?s=96&d=mm&r=g","contentUrl":"https:\/\/secure.gravatar.com\/avatar\/986aa4c61ccdb66f8555bf88fc2a65609d00bcabd4d2d94377a727547345cbca?s=96&d=mm&r=g","caption":"Farn\u00e9sio"},"description":"Radialista blogueiro, chegou a Petrolina\/Juazeiro em setembro de 1980, Farn\u00e9sio Silva \u00e9 de Arapiraca-Alagoas.","sameAs":["http:\/\/blogdofarnesio.com.br","https:\/\/www.facebook.com\/?ref=tn_tnmn","https:\/\/www.instagram.com\/?utm_source=pwa_homescreen","https:\/\/youtube.com.br\/"],"url":"https:\/\/blogdofarnesio.com.br\/author\/farnesio-2\/"}]}},"_links":{"self":[{"href":"https:\/\/blogdofarnesio.com.br\/wp-json\/wp\/v2\/posts\/417102","targetHints":{"allow":["GET"]}}],"collection":[{"href":"https:\/\/blogdofarnesio.com.br\/wp-json\/wp\/v2\/posts"}],"about":[{"href":"https:\/\/blogdofarnesio.com.br\/wp-json\/wp\/v2\/types\/post"}],"author":[{"embeddable":true,"href":"https:\/\/blogdofarnesio.com.br\/wp-json\/wp\/v2\/users\/2"}],"replies":[{"embeddable":true,"href":"https:\/\/blogdofarnesio.com.br\/wp-json\/wp\/v2\/comments?post=417102"}],"version-history":[{"count":1,"href":"https:\/\/blogdofarnesio.com.br\/wp-json\/wp\/v2\/posts\/417102\/revisions"}],"predecessor-version":[{"id":417104,"href":"https:\/\/blogdofarnesio.com.br\/wp-json\/wp\/v2\/posts\/417102\/revisions\/417104"}],"wp:featuredmedia":[{"embeddable":true,"href":"https:\/\/blogdofarnesio.com.br\/wp-json\/wp\/v2\/media\/417103"}],"wp:attachment":[{"href":"https:\/\/blogdofarnesio.com.br\/wp-json\/wp\/v2\/media?parent=417102"}],"wp:term":[{"taxonomy":"category","embeddable":true,"href":"https:\/\/blogdofarnesio.com.br\/wp-json\/wp\/v2\/categories?post=417102"},{"taxonomy":"post_tag","embeddable":true,"href":"https:\/\/blogdofarnesio.com.br\/wp-json\/wp\/v2\/tags?post=417102"}],"curies":[{"name":"wp","href":"https:\/\/api.w.org\/{rel}","templated":true}]}}