{"id":417098,"date":"2026-03-14T10:31:30","date_gmt":"2026-03-14T13:31:30","guid":{"rendered":"https:\/\/blogdofarnesio.com.br\/?p=417098"},"modified":"2026-03-14T10:28:44","modified_gmt":"2026-03-14T13:28:44","slug":"ex-ceo-augusto-lima-e-as-malas-de-dinheiro-do-master-para-politicos","status":"publish","type":"post","link":"https:\/\/blogdofarnesio.com.br\/2026\/03\/ex-ceo-augusto-lima-e-as-malas-de-dinheiro-do-master-para-politicos\/","title":{"rendered":"Ex-CEO Augusto Lima e as malas de dinheiro do Master para pol\u00edticos"},"content":{"rendered":"<header class=\"Grid__Col-sc-owmjhw-2 ivaiSK\">\n<div class=\"HeaderNoticiaWrapper-sc-4exe2y-0 bZTBph colunas-wrapper\">\n<h1 class=\"Text__TextBase-sc-1d75gww-0 TcJvw\"><a style=\"font-size: 16px; font-weight: 400;\" href=\"https:\/\/www.metropoles.com\/author\/andreza-matais\" target=\"_top\" rel=\"author\">Andreza Matais<\/a><a style=\"font-size: 16px; font-weight: 400;\" href=\"https:\/\/www.metropoles.com\/author\/andre-shalders\" target=\"_top\" rel=\"author\">Andre Shalders &#8211;\u00a0<\/a><\/h1>\n<h2 class=\"Text__TextBase-sc-1d75gww-0 eOYeiH noticiaCabecalho__subtitulo\"><em>Relatos apontam que Lima operava um esquema de financiamento ilegal de pol\u00edticos, com malas de dinheiro distribu\u00eddas na sede do Master<\/em><\/h2>\n<\/div>\n<\/header>\n<div class=\"Grid__Col-sc-owmjhw-2 cgtvGh\">\n<div class=\"ConteudoNoticiaWrapper-sc-19fsm27-0 hIDPRr m-content\">\n<div class=\"ConteudoNoticiaWrapper__Artigo-sc-19fsm27-1 dMBxPt\">\n<p>As investiga\u00e7\u00f5es sobre o Banco Master avan\u00e7am na apura\u00e7\u00e3o das conex\u00f5es de Augusto Lima, ex-CEO da institui\u00e7\u00e3o, com pol\u00edticos.<\/p>\n<p data-gtm-vis-recent-on-screen104869357_94=\"12755\" data-gtm-vis-first-on-screen104869357_94=\"12755\" data-gtm-vis-total-visible-time104869357_94=\"100\" data-gtm-vis-has-fired104869357_94=\"1\">Relatos apontam que Lima operava um esquema de pagamento de propina, com malas de dinheiro distribu\u00eddas na sede do banco, em S\u00e3o Paulo, ou para empresas que teriam pol\u00edticos como s\u00f3cios ocultos.<\/p>\n<p>A PF j\u00e1 sabe que um dos caminhos do dinheiro passa por uma firma hoje em nome da mulher de um secret\u00e1rio de estado que tem liga\u00e7\u00f5es familiares com um cacique do PT.<\/p>\n<p>Baiano, o ex-CEO do Master fez sua trajet\u00f3ria a partir de conex\u00f5es com pol\u00edticos do estado.<\/p>\n<div class=\"splide-container\">\n<div class=\"pre-slider\">\n<div class=\"splide__arrows\"><\/div>\n<div class=\"splide__first\">\n<div class=\"splide__slide\"><img decoding=\"async\" title=\"Augusto Lima e as malas de dinheiro do Master para pol\u00edticos - destaque galeria\" src=\"https:\/\/i.metroimg.com\/IfkchiTDN_kv9zF_Gz8LRd-mIglHH38EV7zMCY_BPkg\/w:600\/q:85\/f:webp\/plain\/https:\/\/images.metroimg.com\/2024\/01\/17130801\/Flavia-Peres-e-Augusto-Lima.jpg\" alt=\"Augusto Lima e as malas de dinheiro do Master para pol\u00edticos - destaque galeria\" \/><\/div>\n<\/div>\n<div class=\"splide__thumb-list\">\n<div class=\"splide__slide\">\n<div class=\"splide__total-images\">3 imagens<\/div>\n<p><img decoding=\"async\" title=\"Augusto Lima\" src=\"https:\/\/i.metroimg.com\/GfBf3e3G6-4-URAg9cUPbG_qSqe4HtJWvrQofORgutU\/w:180\/q:85\/f:webp\/plain\/https:\/\/images.metroimg.com\/2025\/11\/18074839\/augusto-lima.jpeg\" alt=\"Augusto Lima\" \/><\/p>\n<\/div>\n<div class=\"splide__slide\"><img decoding=\"async\" title=\"Fl\u00e1via Peres e o novo namorado, banqueiro Augusto Lima\" src=\"https:\/\/i.metroimg.com\/LG2sSU7Pl51B3TLkFZEBwUZKs98r18_4mN9TAFiTvAg\/w:180\/q:85\/f:webp\/plain\/https:\/\/images.metroimg.com\/2023\/11\/08181958\/flavia-arruda-e-novo-namorado-augusto-lima.jpg\" alt=\"Fl\u00e1via Peres e o novo namorado, banqueiro Augusto Lima\" \/><\/div>\n<\/div>\n<\/div>\n<\/div>\n<p>Dados obtidos a partir da quebra de sigilo do pr\u00f3prio Daniel Vorcaro ajudam a dimensionar os valores movimentados na opera\u00e7\u00e3o baiana do Master.<\/p>\n<p>Em 19 de junho de 2023, Vorcaro recebeu cerca de R$ 3 milh\u00f5es do empres\u00e1rio baiano Miguel Luiz Ros\u00e1rio Lorenzo. Um m\u00eas depois, em 14 de julho daquele ano, uma pessoa jur\u00eddica de Lorenzo \u2014 MCR Patrimonial Ltda. \u2014 transferiu outros R$ 30,6 milh\u00f5es ao banqueiro.<\/p>\n<p>A coluna apurou que Vorcaro atribu\u00eda essa transa\u00e7\u00e3o a neg\u00f3cios de Augusto Lima.<\/p>\n<p>Dados do Coaf (intelig\u00eancia financeira do governo) tamb\u00e9m revelaram que uma empresa do ex-prefeito de Salvador ACM Neto (Uni\u00e3o Brasil) recebeu R$ 3,6 milh\u00f5es do Master e da Reag. Neto afirma que prestou servi\u00e7o de consultoria ao banco.<\/p>\n<h2>Lima foi preso na primeira fase da Compliance Zero<\/h2>\n<p>Conhecido como Guga Lima, o empres\u00e1rio ficou preso por 11 dias, entre 18 e 29 de novembro de 2025.<\/p>\n<p>Ele foi solto por decis\u00e3o do Tribunal Regional Federal da 1\u00aa Regi\u00e3o (TRF-1), mas segue monitorado por tornozeleira eletr\u00f4nica.<\/p>\n<p>Al\u00e9m do Master, Lima \u00e9 controlador do Banco Pleno, que teve a liquida\u00e7\u00e3o extrajudicial decretada pelo Banco Central em fevereiro. Ele \u00e9 casado com Fl\u00e1via P\u00e9res, ex-ministra de Bolsonaro.<\/p>\n<p>Foi no governo Rui Costa, atual chefe da Casa Civil de Lula, que Lima ganhou uma licita\u00e7\u00e3o para explorar o CredCesta, um cart\u00e3o de pagamento para servidores p\u00fablicos com desconto em folha. Esse neg\u00f3cio impulsionou o Banco Master e estreitou as rela\u00e7\u00f5es de Lima com o PT na Bahia.<\/p>\n<p>Lima tamb\u00e9m atuava na \u00e1rea de empr\u00e9stimos consignados do banco, opera\u00e7\u00f5es investigadas pela CPMI do INSS. Ele foi convocado a depor, mas o ministro Andr\u00e9 Mendon\u00e7a, do Supremo, o desobrigou de comparecer.<\/p>\n<\/div>\n<\/div>\n<\/div>\n","protected":false},"excerpt":{"rendered":"<p>Andreza MataisAndre Shalders &#8211;\u00a0 Relatos apontam que Lima operava um esquema de financiamento ilegal de pol\u00edticos, com malas de dinheiro distribu\u00eddas na sede do Master As investiga\u00e7\u00f5es sobre o Banco Master avan\u00e7am na apura\u00e7\u00e3o das conex\u00f5es de Augusto Lima, ex-CEO da institui\u00e7\u00e3o, com pol\u00edticos. Relatos apontam que Lima operava um esquema de pagamento de propina, com malas de dinheiro distribu\u00eddas na sede do banco, em S\u00e3o Paulo, ou para empresas que teriam pol\u00edticos como s\u00f3cios ocultos. A PF j\u00e1 sabe que um dos caminhos do dinheiro passa por uma firma hoje em nome da mulher de um secret\u00e1rio de estado que tem liga\u00e7\u00f5es familiares com um cacique do PT. Baiano, o ex-CEO do Master fez sua trajet\u00f3ria a partir de&hellip; <\/p>\n","protected":false},"author":2,"featured_media":417099,"comment_status":"open","ping_status":"open","sticky":false,"template":"","format":"standard","meta":{"_acf_changed":false,"footnotes":""},"categories":[23],"tags":[],"class_list":["post-417098","post","type-post","status-publish","format-standard","has-post-thumbnail","hentry","category-justica"],"acf":[],"yoast_head":"<!-- This site is optimized with the Yoast SEO plugin v27.5 - https:\/\/yoast.com\/product\/yoast-seo-wordpress\/ -->\n<title>Ex-CEO Augusto Lima e as malas de dinheiro do Master para pol\u00edticos - Blog do Farn\u00e9sio<\/title>\n<meta name=\"robots\" content=\"index, follow, max-snippet:-1, max-image-preview:large, max-video-preview:-1\" \/>\n<link rel=\"canonical\" href=\"https:\/\/blogdofarnesio.com.br\/2026\/03\/ex-ceo-augusto-lima-e-as-malas-de-dinheiro-do-master-para-politicos\/\" \/>\n<meta property=\"og:locale\" content=\"pt_BR\" \/>\n<meta property=\"og:type\" content=\"article\" \/>\n<meta property=\"og:title\" content=\"Ex-CEO Augusto Lima e as malas de dinheiro do Master para pol\u00edticos - Blog do Farn\u00e9sio\" \/>\n<meta property=\"og:description\" content=\"Andreza MataisAndre Shalders &#8211;\u00a0 Relatos apontam que Lima operava um esquema de financiamento ilegal de pol\u00edticos, com malas de dinheiro distribu\u00eddas na sede do Master As investiga\u00e7\u00f5es sobre o Banco Master avan\u00e7am na apura\u00e7\u00e3o das conex\u00f5es de Augusto Lima, ex-CEO da institui\u00e7\u00e3o, com pol\u00edticos. Relatos apontam que Lima operava um esquema de pagamento de propina, com malas de dinheiro distribu\u00eddas na sede do banco, em S\u00e3o Paulo, ou para empresas que teriam pol\u00edticos como s\u00f3cios ocultos. A PF j\u00e1 sabe que um dos caminhos do dinheiro passa por uma firma hoje em nome da mulher de um secret\u00e1rio de estado que tem liga\u00e7\u00f5es familiares com um cacique do PT. Baiano, o ex-CEO do Master fez sua trajet\u00f3ria a partir de&hellip;\" \/>\n<meta property=\"og:url\" content=\"https:\/\/blogdofarnesio.com.br\/2026\/03\/ex-ceo-augusto-lima-e-as-malas-de-dinheiro-do-master-para-politicos\/\" \/>\n<meta property=\"og:site_name\" content=\"Blog do Farn\u00e9sio\" \/>\n<meta property=\"article:publisher\" content=\"https:\/\/www.facebook.com\/BlogQuerSaberPolitica\/\" \/>\n<meta property=\"article:author\" content=\"https:\/\/www.facebook.com\/?ref=tn_tnmn\" \/>\n<meta property=\"article:published_time\" content=\"2026-03-14T13:31:30+00:00\" \/>\n<meta property=\"og:image\" content=\"https:\/\/blogdofarnesio.com.br\/wp-content\/uploads\/2026\/03\/blogqspmaster-augusto-lima-ex-CEO-e1773494901807.webp\" \/>\n\t<meta property=\"og:image:width\" content=\"600\" \/>\n\t<meta property=\"og:image:height\" content=\"400\" \/>\n\t<meta property=\"og:image:type\" content=\"image\/webp\" \/>\n<meta name=\"author\" content=\"Farn\u00e9sio\" \/>\n<meta name=\"twitter:card\" content=\"summary_large_image\" \/>\n<meta name=\"twitter:label1\" content=\"Escrito por\" \/>\n\t<meta name=\"twitter:data1\" content=\"Farn\u00e9sio\" \/>\n\t<meta name=\"twitter:label2\" content=\"Est. tempo de leitura\" \/>\n\t<meta name=\"twitter:data2\" content=\"4 minutos\" \/>\n<script type=\"application\/ld+json\" class=\"yoast-schema-graph\">{\"@context\":\"https:\\\/\\\/schema.org\",\"@graph\":[{\"@type\":\"Article\",\"@id\":\"https:\\\/\\\/blogdofarnesio.com.br\\\/2026\\\/03\\\/ex-ceo-augusto-lima-e-as-malas-de-dinheiro-do-master-para-politicos\\\/#article\",\"isPartOf\":{\"@id\":\"https:\\\/\\\/blogdofarnesio.com.br\\\/2026\\\/03\\\/ex-ceo-augusto-lima-e-as-malas-de-dinheiro-do-master-para-politicos\\\/\"},\"author\":{\"name\":\"Farn\u00e9sio\",\"@id\":\"https:\\\/\\\/blogdofarnesio.com.br\\\/#\\\/schema\\\/person\\\/bb9b23ae3ad0609ce8df7b6c9e76824d\"},\"headline\":\"Ex-CEO Augusto Lima e as malas de dinheiro do Master para pol\u00edticos\",\"datePublished\":\"2026-03-14T13:31:30+00:00\",\"mainEntityOfPage\":{\"@id\":\"https:\\\/\\\/blogdofarnesio.com.br\\\/2026\\\/03\\\/ex-ceo-augusto-lima-e-as-malas-de-dinheiro-do-master-para-politicos\\\/\"},\"wordCount\":452,\"commentCount\":0,\"publisher\":{\"@id\":\"https:\\\/\\\/blogdofarnesio.com.br\\\/#organization\"},\"image\":{\"@id\":\"https:\\\/\\\/blogdofarnesio.com.br\\\/2026\\\/03\\\/ex-ceo-augusto-lima-e-as-malas-de-dinheiro-do-master-para-politicos\\\/#primaryimage\"},\"thumbnailUrl\":\"https:\\\/\\\/blogdofarnesio.com.br\\\/wp-content\\\/uploads\\\/2026\\\/03\\\/blogqspmaster-augusto-lima-ex-CEO-e1773494901807.webp\",\"articleSection\":[\"Justi\u00e7a\"],\"inLanguage\":\"pt-BR\",\"potentialAction\":[{\"@type\":\"CommentAction\",\"name\":\"Comment\",\"target\":[\"https:\\\/\\\/blogdofarnesio.com.br\\\/2026\\\/03\\\/ex-ceo-augusto-lima-e-as-malas-de-dinheiro-do-master-para-politicos\\\/#respond\"]}]},{\"@type\":\"WebPage\",\"@id\":\"https:\\\/\\\/blogdofarnesio.com.br\\\/2026\\\/03\\\/ex-ceo-augusto-lima-e-as-malas-de-dinheiro-do-master-para-politicos\\\/\",\"url\":\"https:\\\/\\\/blogdofarnesio.com.br\\\/2026\\\/03\\\/ex-ceo-augusto-lima-e-as-malas-de-dinheiro-do-master-para-politicos\\\/\",\"name\":\"Ex-CEO Augusto Lima e as malas de dinheiro do Master para pol\u00edticos - Blog do Farn\u00e9sio\",\"isPartOf\":{\"@id\":\"https:\\\/\\\/blogdofarnesio.com.br\\\/#website\"},\"primaryImageOfPage\":{\"@id\":\"https:\\\/\\\/blogdofarnesio.com.br\\\/2026\\\/03\\\/ex-ceo-augusto-lima-e-as-malas-de-dinheiro-do-master-para-politicos\\\/#primaryimage\"},\"image\":{\"@id\":\"https:\\\/\\\/blogdofarnesio.com.br\\\/2026\\\/03\\\/ex-ceo-augusto-lima-e-as-malas-de-dinheiro-do-master-para-politicos\\\/#primaryimage\"},\"thumbnailUrl\":\"https:\\\/\\\/blogdofarnesio.com.br\\\/wp-content\\\/uploads\\\/2026\\\/03\\\/blogqspmaster-augusto-lima-ex-CEO-e1773494901807.webp\",\"datePublished\":\"2026-03-14T13:31:30+00:00\",\"breadcrumb\":{\"@id\":\"https:\\\/\\\/blogdofarnesio.com.br\\\/2026\\\/03\\\/ex-ceo-augusto-lima-e-as-malas-de-dinheiro-do-master-para-politicos\\\/#breadcrumb\"},\"inLanguage\":\"pt-BR\",\"potentialAction\":[{\"@type\":\"ReadAction\",\"target\":[\"https:\\\/\\\/blogdofarnesio.com.br\\\/2026\\\/03\\\/ex-ceo-augusto-lima-e-as-malas-de-dinheiro-do-master-para-politicos\\\/\"]}]},{\"@type\":\"ImageObject\",\"inLanguage\":\"pt-BR\",\"@id\":\"https:\\\/\\\/blogdofarnesio.com.br\\\/2026\\\/03\\\/ex-ceo-augusto-lima-e-as-malas-de-dinheiro-do-master-para-politicos\\\/#primaryimage\",\"url\":\"https:\\\/\\\/blogdofarnesio.com.br\\\/wp-content\\\/uploads\\\/2026\\\/03\\\/blogqspmaster-augusto-lima-ex-CEO-e1773494901807.webp\",\"contentUrl\":\"https:\\\/\\\/blogdofarnesio.com.br\\\/wp-content\\\/uploads\\\/2026\\\/03\\\/blogqspmaster-augusto-lima-ex-CEO-e1773494901807.webp\",\"width\":600,\"height\":400,\"caption\":\"Paulo Mocofaya\\\/Ag\u00eancia ALBA\"},{\"@type\":\"BreadcrumbList\",\"@id\":\"https:\\\/\\\/blogdofarnesio.com.br\\\/2026\\\/03\\\/ex-ceo-augusto-lima-e-as-malas-de-dinheiro-do-master-para-politicos\\\/#breadcrumb\",\"itemListElement\":[{\"@type\":\"ListItem\",\"position\":1,\"name\":\"In\u00edcio\",\"item\":\"https:\\\/\\\/blogdofarnesio.com.br\\\/\"},{\"@type\":\"ListItem\",\"position\":2,\"name\":\"Ex-CEO Augusto Lima e as malas de dinheiro do Master para pol\u00edticos\"}]},{\"@type\":\"WebSite\",\"@id\":\"https:\\\/\\\/blogdofarnesio.com.br\\\/#website\",\"url\":\"https:\\\/\\\/blogdofarnesio.com.br\\\/\",\"name\":\"Blog do Farn\u00e9sio\",\"description\":\"Quer Saber Pol\u00edtica?\",\"publisher\":{\"@id\":\"https:\\\/\\\/blogdofarnesio.com.br\\\/#organization\"},\"potentialAction\":[{\"@type\":\"SearchAction\",\"target\":{\"@type\":\"EntryPoint\",\"urlTemplate\":\"https:\\\/\\\/blogdofarnesio.com.br\\\/?s={search_term_string}\"},\"query-input\":{\"@type\":\"PropertyValueSpecification\",\"valueRequired\":true,\"valueName\":\"search_term_string\"}}],\"inLanguage\":\"pt-BR\"},{\"@type\":\"Organization\",\"@id\":\"https:\\\/\\\/blogdofarnesio.com.br\\\/#organization\",\"name\":\"Blog do Farn\u00e9sio\",\"url\":\"https:\\\/\\\/blogdofarnesio.com.br\\\/\",\"logo\":{\"@type\":\"ImageObject\",\"inLanguage\":\"pt-BR\",\"@id\":\"https:\\\/\\\/blogdofarnesio.com.br\\\/#\\\/schema\\\/logo\\\/image\\\/\",\"url\":\"https:\\\/\\\/blogdofarnesio.com.br\\\/wp-content\\\/uploads\\\/2026\\\/03\\\/cropped-logo_new-1.png\",\"contentUrl\":\"https:\\\/\\\/blogdofarnesio.com.br\\\/wp-content\\\/uploads\\\/2026\\\/03\\\/cropped-logo_new-1.png\",\"width\":881,\"height\":685,\"caption\":\"Blog do Farn\u00e9sio\"},\"image\":{\"@id\":\"https:\\\/\\\/blogdofarnesio.com.br\\\/#\\\/schema\\\/logo\\\/image\\\/\"},\"sameAs\":[\"https:\\\/\\\/www.facebook.com\\\/BlogQuerSaberPolitica\\\/\"]},{\"@type\":\"Person\",\"@id\":\"https:\\\/\\\/blogdofarnesio.com.br\\\/#\\\/schema\\\/person\\\/bb9b23ae3ad0609ce8df7b6c9e76824d\",\"name\":\"Farn\u00e9sio\",\"image\":{\"@type\":\"ImageObject\",\"inLanguage\":\"pt-BR\",\"@id\":\"https:\\\/\\\/secure.gravatar.com\\\/avatar\\\/986aa4c61ccdb66f8555bf88fc2a65609d00bcabd4d2d94377a727547345cbca?s=96&d=mm&r=g\",\"url\":\"https:\\\/\\\/secure.gravatar.com\\\/avatar\\\/986aa4c61ccdb66f8555bf88fc2a65609d00bcabd4d2d94377a727547345cbca?s=96&d=mm&r=g\",\"contentUrl\":\"https:\\\/\\\/secure.gravatar.com\\\/avatar\\\/986aa4c61ccdb66f8555bf88fc2a65609d00bcabd4d2d94377a727547345cbca?s=96&d=mm&r=g\",\"caption\":\"Farn\u00e9sio\"},\"description\":\"Radialista blogueiro, chegou a Petrolina\\\/Juazeiro em setembro de 1980, Farn\u00e9sio Silva \u00e9 de Arapiraca-Alagoas.\",\"sameAs\":[\"http:\\\/\\\/blogdofarnesio.com.br\",\"https:\\\/\\\/www.facebook.com\\\/?ref=tn_tnmn\",\"https:\\\/\\\/www.instagram.com\\\/?utm_source=pwa_homescreen\",\"https:\\\/\\\/youtube.com.br\\\/\"],\"url\":\"https:\\\/\\\/blogdofarnesio.com.br\\\/author\\\/farnesio-2\\\/\"}]}<\/script>\n<!-- \/ Yoast SEO plugin. -->","yoast_head_json":{"title":"Ex-CEO Augusto Lima e as malas de dinheiro do Master para pol\u00edticos - Blog do Farn\u00e9sio","robots":{"index":"index","follow":"follow","max-snippet":"max-snippet:-1","max-image-preview":"max-image-preview:large","max-video-preview":"max-video-preview:-1"},"canonical":"https:\/\/blogdofarnesio.com.br\/2026\/03\/ex-ceo-augusto-lima-e-as-malas-de-dinheiro-do-master-para-politicos\/","og_locale":"pt_BR","og_type":"article","og_title":"Ex-CEO Augusto Lima e as malas de dinheiro do Master para pol\u00edticos - Blog do Farn\u00e9sio","og_description":"Andreza MataisAndre Shalders &#8211;\u00a0 Relatos apontam que Lima operava um esquema de financiamento ilegal de pol\u00edticos, com malas de dinheiro distribu\u00eddas na sede do Master As investiga\u00e7\u00f5es sobre o Banco Master avan\u00e7am na apura\u00e7\u00e3o das conex\u00f5es de Augusto Lima, ex-CEO da institui\u00e7\u00e3o, com pol\u00edticos. Relatos apontam que Lima operava um esquema de pagamento de propina, com malas de dinheiro distribu\u00eddas na sede do banco, em S\u00e3o Paulo, ou para empresas que teriam pol\u00edticos como s\u00f3cios ocultos. A PF j\u00e1 sabe que um dos caminhos do dinheiro passa por uma firma hoje em nome da mulher de um secret\u00e1rio de estado que tem liga\u00e7\u00f5es familiares com um cacique do PT. Baiano, o ex-CEO do Master fez sua trajet\u00f3ria a partir de&hellip;","og_url":"https:\/\/blogdofarnesio.com.br\/2026\/03\/ex-ceo-augusto-lima-e-as-malas-de-dinheiro-do-master-para-politicos\/","og_site_name":"Blog do Farn\u00e9sio","article_publisher":"https:\/\/www.facebook.com\/BlogQuerSaberPolitica\/","article_author":"https:\/\/www.facebook.com\/?ref=tn_tnmn","article_published_time":"2026-03-14T13:31:30+00:00","og_image":[{"width":600,"height":400,"url":"https:\/\/blogdofarnesio.com.br\/wp-content\/uploads\/2026\/03\/blogqspmaster-augusto-lima-ex-CEO-e1773494901807.webp","type":"image\/webp"}],"author":"Farn\u00e9sio","twitter_card":"summary_large_image","twitter_misc":{"Escrito por":"Farn\u00e9sio","Est. tempo de leitura":"4 minutos"},"schema":{"@context":"https:\/\/schema.org","@graph":[{"@type":"Article","@id":"https:\/\/blogdofarnesio.com.br\/2026\/03\/ex-ceo-augusto-lima-e-as-malas-de-dinheiro-do-master-para-politicos\/#article","isPartOf":{"@id":"https:\/\/blogdofarnesio.com.br\/2026\/03\/ex-ceo-augusto-lima-e-as-malas-de-dinheiro-do-master-para-politicos\/"},"author":{"name":"Farn\u00e9sio","@id":"https:\/\/blogdofarnesio.com.br\/#\/schema\/person\/bb9b23ae3ad0609ce8df7b6c9e76824d"},"headline":"Ex-CEO Augusto Lima e as malas de dinheiro do Master para pol\u00edticos","datePublished":"2026-03-14T13:31:30+00:00","mainEntityOfPage":{"@id":"https:\/\/blogdofarnesio.com.br\/2026\/03\/ex-ceo-augusto-lima-e-as-malas-de-dinheiro-do-master-para-politicos\/"},"wordCount":452,"commentCount":0,"publisher":{"@id":"https:\/\/blogdofarnesio.com.br\/#organization"},"image":{"@id":"https:\/\/blogdofarnesio.com.br\/2026\/03\/ex-ceo-augusto-lima-e-as-malas-de-dinheiro-do-master-para-politicos\/#primaryimage"},"thumbnailUrl":"https:\/\/blogdofarnesio.com.br\/wp-content\/uploads\/2026\/03\/blogqspmaster-augusto-lima-ex-CEO-e1773494901807.webp","articleSection":["Justi\u00e7a"],"inLanguage":"pt-BR","potentialAction":[{"@type":"CommentAction","name":"Comment","target":["https:\/\/blogdofarnesio.com.br\/2026\/03\/ex-ceo-augusto-lima-e-as-malas-de-dinheiro-do-master-para-politicos\/#respond"]}]},{"@type":"WebPage","@id":"https:\/\/blogdofarnesio.com.br\/2026\/03\/ex-ceo-augusto-lima-e-as-malas-de-dinheiro-do-master-para-politicos\/","url":"https:\/\/blogdofarnesio.com.br\/2026\/03\/ex-ceo-augusto-lima-e-as-malas-de-dinheiro-do-master-para-politicos\/","name":"Ex-CEO Augusto Lima e as malas de dinheiro do Master para pol\u00edticos - Blog do Farn\u00e9sio","isPartOf":{"@id":"https:\/\/blogdofarnesio.com.br\/#website"},"primaryImageOfPage":{"@id":"https:\/\/blogdofarnesio.com.br\/2026\/03\/ex-ceo-augusto-lima-e-as-malas-de-dinheiro-do-master-para-politicos\/#primaryimage"},"image":{"@id":"https:\/\/blogdofarnesio.com.br\/2026\/03\/ex-ceo-augusto-lima-e-as-malas-de-dinheiro-do-master-para-politicos\/#primaryimage"},"thumbnailUrl":"https:\/\/blogdofarnesio.com.br\/wp-content\/uploads\/2026\/03\/blogqspmaster-augusto-lima-ex-CEO-e1773494901807.webp","datePublished":"2026-03-14T13:31:30+00:00","breadcrumb":{"@id":"https:\/\/blogdofarnesio.com.br\/2026\/03\/ex-ceo-augusto-lima-e-as-malas-de-dinheiro-do-master-para-politicos\/#breadcrumb"},"inLanguage":"pt-BR","potentialAction":[{"@type":"ReadAction","target":["https:\/\/blogdofarnesio.com.br\/2026\/03\/ex-ceo-augusto-lima-e-as-malas-de-dinheiro-do-master-para-politicos\/"]}]},{"@type":"ImageObject","inLanguage":"pt-BR","@id":"https:\/\/blogdofarnesio.com.br\/2026\/03\/ex-ceo-augusto-lima-e-as-malas-de-dinheiro-do-master-para-politicos\/#primaryimage","url":"https:\/\/blogdofarnesio.com.br\/wp-content\/uploads\/2026\/03\/blogqspmaster-augusto-lima-ex-CEO-e1773494901807.webp","contentUrl":"https:\/\/blogdofarnesio.com.br\/wp-content\/uploads\/2026\/03\/blogqspmaster-augusto-lima-ex-CEO-e1773494901807.webp","width":600,"height":400,"caption":"Paulo Mocofaya\/Ag\u00eancia ALBA"},{"@type":"BreadcrumbList","@id":"https:\/\/blogdofarnesio.com.br\/2026\/03\/ex-ceo-augusto-lima-e-as-malas-de-dinheiro-do-master-para-politicos\/#breadcrumb","itemListElement":[{"@type":"ListItem","position":1,"name":"In\u00edcio","item":"https:\/\/blogdofarnesio.com.br\/"},{"@type":"ListItem","position":2,"name":"Ex-CEO Augusto Lima e as malas de dinheiro do Master para pol\u00edticos"}]},{"@type":"WebSite","@id":"https:\/\/blogdofarnesio.com.br\/#website","url":"https:\/\/blogdofarnesio.com.br\/","name":"Blog do Farn\u00e9sio","description":"Quer Saber Pol\u00edtica?","publisher":{"@id":"https:\/\/blogdofarnesio.com.br\/#organization"},"potentialAction":[{"@type":"SearchAction","target":{"@type":"EntryPoint","urlTemplate":"https:\/\/blogdofarnesio.com.br\/?s={search_term_string}"},"query-input":{"@type":"PropertyValueSpecification","valueRequired":true,"valueName":"search_term_string"}}],"inLanguage":"pt-BR"},{"@type":"Organization","@id":"https:\/\/blogdofarnesio.com.br\/#organization","name":"Blog do Farn\u00e9sio","url":"https:\/\/blogdofarnesio.com.br\/","logo":{"@type":"ImageObject","inLanguage":"pt-BR","@id":"https:\/\/blogdofarnesio.com.br\/#\/schema\/logo\/image\/","url":"https:\/\/blogdofarnesio.com.br\/wp-content\/uploads\/2026\/03\/cropped-logo_new-1.png","contentUrl":"https:\/\/blogdofarnesio.com.br\/wp-content\/uploads\/2026\/03\/cropped-logo_new-1.png","width":881,"height":685,"caption":"Blog do Farn\u00e9sio"},"image":{"@id":"https:\/\/blogdofarnesio.com.br\/#\/schema\/logo\/image\/"},"sameAs":["https:\/\/www.facebook.com\/BlogQuerSaberPolitica\/"]},{"@type":"Person","@id":"https:\/\/blogdofarnesio.com.br\/#\/schema\/person\/bb9b23ae3ad0609ce8df7b6c9e76824d","name":"Farn\u00e9sio","image":{"@type":"ImageObject","inLanguage":"pt-BR","@id":"https:\/\/secure.gravatar.com\/avatar\/986aa4c61ccdb66f8555bf88fc2a65609d00bcabd4d2d94377a727547345cbca?s=96&d=mm&r=g","url":"https:\/\/secure.gravatar.com\/avatar\/986aa4c61ccdb66f8555bf88fc2a65609d00bcabd4d2d94377a727547345cbca?s=96&d=mm&r=g","contentUrl":"https:\/\/secure.gravatar.com\/avatar\/986aa4c61ccdb66f8555bf88fc2a65609d00bcabd4d2d94377a727547345cbca?s=96&d=mm&r=g","caption":"Farn\u00e9sio"},"description":"Radialista blogueiro, chegou a Petrolina\/Juazeiro em setembro de 1980, Farn\u00e9sio Silva \u00e9 de Arapiraca-Alagoas.","sameAs":["http:\/\/blogdofarnesio.com.br","https:\/\/www.facebook.com\/?ref=tn_tnmn","https:\/\/www.instagram.com\/?utm_source=pwa_homescreen","https:\/\/youtube.com.br\/"],"url":"https:\/\/blogdofarnesio.com.br\/author\/farnesio-2\/"}]}},"_links":{"self":[{"href":"https:\/\/blogdofarnesio.com.br\/wp-json\/wp\/v2\/posts\/417098","targetHints":{"allow":["GET"]}}],"collection":[{"href":"https:\/\/blogdofarnesio.com.br\/wp-json\/wp\/v2\/posts"}],"about":[{"href":"https:\/\/blogdofarnesio.com.br\/wp-json\/wp\/v2\/types\/post"}],"author":[{"embeddable":true,"href":"https:\/\/blogdofarnesio.com.br\/wp-json\/wp\/v2\/users\/2"}],"replies":[{"embeddable":true,"href":"https:\/\/blogdofarnesio.com.br\/wp-json\/wp\/v2\/comments?post=417098"}],"version-history":[{"count":2,"href":"https:\/\/blogdofarnesio.com.br\/wp-json\/wp\/v2\/posts\/417098\/revisions"}],"predecessor-version":[{"id":417101,"href":"https:\/\/blogdofarnesio.com.br\/wp-json\/wp\/v2\/posts\/417098\/revisions\/417101"}],"wp:featuredmedia":[{"embeddable":true,"href":"https:\/\/blogdofarnesio.com.br\/wp-json\/wp\/v2\/media\/417099"}],"wp:attachment":[{"href":"https:\/\/blogdofarnesio.com.br\/wp-json\/wp\/v2\/media?parent=417098"}],"wp:term":[{"taxonomy":"category","embeddable":true,"href":"https:\/\/blogdofarnesio.com.br\/wp-json\/wp\/v2\/categories?post=417098"},{"taxonomy":"post_tag","embeddable":true,"href":"https:\/\/blogdofarnesio.com.br\/wp-json\/wp\/v2\/tags?post=417098"}],"curies":[{"name":"wp","href":"https:\/\/api.w.org\/{rel}","templated":true}]}}