{"id":417094,"date":"2026-03-14T11:31:13","date_gmt":"2026-03-14T14:31:13","guid":{"rendered":"https:\/\/blogdofarnesio.com.br\/?p=417094"},"modified":"2026-03-14T09:56:40","modified_gmt":"2026-03-14T12:56:40","slug":"qualquer-um-e-um-ze-tio-ze-ba-lanca-reggae-que-confronta-a-vida-editada-das-redes-sociais-e-o-racismo-estrutural","status":"publish","type":"post","link":"https:\/\/blogdofarnesio.com.br\/2026\/03\/qualquer-um-e-um-ze-tio-ze-ba-lanca-reggae-que-confronta-a-vida-editada-das-redes-sociais-e-o-racismo-estrutural\/","title":{"rendered":"\u201cQualquer Um \u00e9 Um Z\u00e9\u201d: Tio Z\u00e9 B\u00e1 lan\u00e7a reggae que confronta a vida editada das redes sociais e o racismo estrutural"},"content":{"rendered":"<div>Diretamente de Petrolina (PE), a banda Tio Z\u00e9 B\u00e1 lan\u00e7a hoje (14) o single \u201cQualquer Um \u00e9 Um Z\u00e9\u201d. A faixa integra o EP\u00a0A Fresta\u00a0e, em ritmo de reggae, articula cr\u00edtica social, debate racial e prop\u00f5e uma reflex\u00e3o sobre a solid\u00e3o produzida pela cultura digital.<\/div>\n<div>\n<p dir=\"ltr\">A can\u00e7\u00e3o parte de uma constata\u00e7\u00e3o simples: nas redes sociais, quase tudo \u00e9 recorte. Postamos o que queremos mostrar, filtramos o que d\u00f3i, editamos a rotina e transformamos a vida em vitrine. Estamos hiperconectados e, ainda assim, isolados. O resultado \u00e9 uma exist\u00eancia artificial, constru\u00edda por imagens e performances \u201cuma vida quase real\u201d, como diz um dos trechos da can\u00e7\u00e3o.<\/p>\n<p dir=\"ltr\">A cr\u00edtica, no entanto, n\u00e3o se limita ao ambiente virtual. A m\u00fasica amplia o debate ao tocar em desigualdades sociais estruturais. Em um dos trechos mais contundentes, o artista afirma: \u201cD\u00f3i ser preto, sim\u201d. A partir da\u00ed, a can\u00e7\u00e3o conecta viol\u00eancia simb\u00f3lica, exposi\u00e7\u00e3o digital e a transforma\u00e7\u00e3o de vidas negras em n\u00fameros e estat\u00edsticas. O algoritmo, nesse contexto, n\u00e3o \u00e9 neutro, pois tamb\u00e9m reproduz hierarquias.<\/p>\n<p dir=\"ltr\">Para Ma\u00e9rcio Jos\u00e9, vocalista e compositor da banda, a m\u00fasica nasce de sua percep\u00e7\u00e3o pessoal de que a superficialidade digital n\u00e3o \u00e9 apenas est\u00e9tica, mas estrutural. \u201cA gente vive num tempo em que tudo vira vitrine: o amor, a dor, a opini\u00e3o. \u2018Qualquer Um \u00e9 Um Z\u00e9\u2019 fala dessa sensa\u00e7\u00e3o de ser s\u00f3 mais um perfil no meio de milh\u00f5es, enquanto quest\u00f5es reais, como o racismo e a falta de afeto, continuam atravessando nossas vidas. O reggae entrou como base porque carrega essa tradi\u00e7\u00e3o de consci\u00eancia, mas a gente quis trazer isso para o agora, para a era do algoritmo e da solid\u00e3o conectada\u201d, afirma.<\/p>\n<p dir=\"ltr\">\u201cQualquer Um \u00e9 Um Z\u00e9\u201d j\u00e1 est\u00e1 dispon\u00edvel nas plataformas de streaming e pode ser ouvida em:\u00a0<a href=\"http:\/\/tratore.ffm.to\/qualquerumeumze\" target=\"_blank\" rel=\"noopener\" data-saferedirecturl=\"https:\/\/www.google.com\/url?q=http:\/\/tratore.ffm.to\/qualquerumeumze&amp;source=gmail&amp;ust=1773579083799000&amp;usg=AOvVaw1xlPVwc98wPasW0C8qKTHj\">http:\/\/tratore.ffm.to\/<wbr \/>qualquerumeumze<\/a><\/p>\n<\/div>\n","protected":false},"excerpt":{"rendered":"<p>Diretamente de Petrolina (PE), a banda Tio Z\u00e9 B\u00e1 lan\u00e7a hoje (14) o single \u201cQualquer Um \u00e9 Um Z\u00e9\u201d. A faixa integra o EP\u00a0A Fresta\u00a0e, em ritmo de reggae, articula cr\u00edtica social, debate racial e prop\u00f5e uma reflex\u00e3o sobre a solid\u00e3o produzida pela cultura digital. A can\u00e7\u00e3o parte de uma constata\u00e7\u00e3o simples: nas redes sociais, quase tudo \u00e9 recorte. Postamos o que queremos mostrar, filtramos o que d\u00f3i, editamos a rotina e transformamos a vida em vitrine. Estamos hiperconectados e, ainda assim, isolados. O resultado \u00e9 uma exist\u00eancia artificial, constru\u00edda por imagens e performances \u201cuma vida quase real\u201d, como diz um dos trechos da can\u00e7\u00e3o. A cr\u00edtica, no entanto, n\u00e3o se limita ao ambiente virtual. A m\u00fasica amplia o debate&hellip; <\/p>\n","protected":false},"author":2,"featured_media":417095,"comment_status":"open","ping_status":"open","sticky":false,"template":"","format":"standard","meta":{"_acf_changed":false,"footnotes":""},"categories":[10],"tags":[],"class_list":["post-417094","post","type-post","status-publish","format-standard","has-post-thumbnail","hentry","category-cultura"],"acf":[],"yoast_head":"<!-- This site is optimized with the Yoast SEO plugin v27.5 - https:\/\/yoast.com\/product\/yoast-seo-wordpress\/ -->\n<title>\u201cQualquer Um \u00e9 Um Z\u00e9\u201d: Tio Z\u00e9 B\u00e1 lan\u00e7a reggae que confronta a vida editada das redes sociais e o racismo estrutural - Blog do Farn\u00e9sio<\/title>\n<meta name=\"robots\" content=\"index, follow, max-snippet:-1, max-image-preview:large, max-video-preview:-1\" \/>\n<link rel=\"canonical\" href=\"https:\/\/blogdofarnesio.com.br\/2026\/03\/qualquer-um-e-um-ze-tio-ze-ba-lanca-reggae-que-confronta-a-vida-editada-das-redes-sociais-e-o-racismo-estrutural\/\" \/>\n<meta property=\"og:locale\" content=\"pt_BR\" \/>\n<meta property=\"og:type\" content=\"article\" \/>\n<meta property=\"og:title\" content=\"\u201cQualquer Um \u00e9 Um Z\u00e9\u201d: Tio Z\u00e9 B\u00e1 lan\u00e7a reggae que confronta a vida editada das redes sociais e o racismo estrutural - Blog do Farn\u00e9sio\" \/>\n<meta property=\"og:description\" content=\"Diretamente de Petrolina (PE), a banda Tio Z\u00e9 B\u00e1 lan\u00e7a hoje (14) o single \u201cQualquer Um \u00e9 Um Z\u00e9\u201d. A faixa integra o EP\u00a0A Fresta\u00a0e, em ritmo de reggae, articula cr\u00edtica social, debate racial e prop\u00f5e uma reflex\u00e3o sobre a solid\u00e3o produzida pela cultura digital. A can\u00e7\u00e3o parte de uma constata\u00e7\u00e3o simples: nas redes sociais, quase tudo \u00e9 recorte. Postamos o que queremos mostrar, filtramos o que d\u00f3i, editamos a rotina e transformamos a vida em vitrine. Estamos hiperconectados e, ainda assim, isolados. O resultado \u00e9 uma exist\u00eancia artificial, constru\u00edda por imagens e performances \u201cuma vida quase real\u201d, como diz um dos trechos da can\u00e7\u00e3o. A cr\u00edtica, no entanto, n\u00e3o se limita ao ambiente virtual. A m\u00fasica amplia o debate&hellip;\" \/>\n<meta property=\"og:url\" content=\"https:\/\/blogdofarnesio.com.br\/2026\/03\/qualquer-um-e-um-ze-tio-ze-ba-lanca-reggae-que-confronta-a-vida-editada-das-redes-sociais-e-o-racismo-estrutural\/\" \/>\n<meta property=\"og:site_name\" content=\"Blog do Farn\u00e9sio\" \/>\n<meta property=\"article:publisher\" content=\"https:\/\/www.facebook.com\/BlogQuerSaberPolitica\/\" \/>\n<meta property=\"article:author\" content=\"https:\/\/www.facebook.com\/?ref=tn_tnmn\" \/>\n<meta property=\"article:published_time\" content=\"2026-03-14T14:31:13+00:00\" \/>\n<meta property=\"og:image\" content=\"https:\/\/blogdofarnesio.com.br\/wp-content\/uploads\/2026\/03\/THUMBNAIL-02.jpg-e1773492954347.jpeg\" \/>\n\t<meta property=\"og:image:width\" content=\"680\" \/>\n\t<meta property=\"og:image:height\" content=\"371\" \/>\n\t<meta property=\"og:image:type\" content=\"image\/jpeg\" \/>\n<meta name=\"author\" content=\"Farn\u00e9sio\" \/>\n<meta name=\"twitter:card\" content=\"summary_large_image\" \/>\n<meta name=\"twitter:label1\" content=\"Escrito por\" \/>\n\t<meta name=\"twitter:data1\" content=\"Farn\u00e9sio\" \/>\n\t<meta name=\"twitter:label2\" content=\"Est. tempo de leitura\" \/>\n\t<meta name=\"twitter:data2\" content=\"2 minutos\" \/>\n<script type=\"application\/ld+json\" class=\"yoast-schema-graph\">{\"@context\":\"https:\\\/\\\/schema.org\",\"@graph\":[{\"@type\":\"Article\",\"@id\":\"https:\\\/\\\/blogdofarnesio.com.br\\\/2026\\\/03\\\/qualquer-um-e-um-ze-tio-ze-ba-lanca-reggae-que-confronta-a-vida-editada-das-redes-sociais-e-o-racismo-estrutural\\\/#article\",\"isPartOf\":{\"@id\":\"https:\\\/\\\/blogdofarnesio.com.br\\\/2026\\\/03\\\/qualquer-um-e-um-ze-tio-ze-ba-lanca-reggae-que-confronta-a-vida-editada-das-redes-sociais-e-o-racismo-estrutural\\\/\"},\"author\":{\"name\":\"Farn\u00e9sio\",\"@id\":\"https:\\\/\\\/blogdofarnesio.com.br\\\/#\\\/schema\\\/person\\\/bb9b23ae3ad0609ce8df7b6c9e76824d\"},\"headline\":\"\u201cQualquer Um \u00e9 Um Z\u00e9\u201d: Tio Z\u00e9 B\u00e1 lan\u00e7a reggae que confronta a vida editada das redes sociais e o racismo estrutural\",\"datePublished\":\"2026-03-14T14:31:13+00:00\",\"mainEntityOfPage\":{\"@id\":\"https:\\\/\\\/blogdofarnesio.com.br\\\/2026\\\/03\\\/qualquer-um-e-um-ze-tio-ze-ba-lanca-reggae-que-confronta-a-vida-editada-das-redes-sociais-e-o-racismo-estrutural\\\/\"},\"wordCount\":350,\"commentCount\":0,\"publisher\":{\"@id\":\"https:\\\/\\\/blogdofarnesio.com.br\\\/#organization\"},\"image\":{\"@id\":\"https:\\\/\\\/blogdofarnesio.com.br\\\/2026\\\/03\\\/qualquer-um-e-um-ze-tio-ze-ba-lanca-reggae-que-confronta-a-vida-editada-das-redes-sociais-e-o-racismo-estrutural\\\/#primaryimage\"},\"thumbnailUrl\":\"https:\\\/\\\/blogdofarnesio.com.br\\\/wp-content\\\/uploads\\\/2026\\\/03\\\/THUMBNAIL-02.jpg-e1773492954347.jpeg\",\"articleSection\":[\"Cultura\"],\"inLanguage\":\"pt-BR\",\"potentialAction\":[{\"@type\":\"CommentAction\",\"name\":\"Comment\",\"target\":[\"https:\\\/\\\/blogdofarnesio.com.br\\\/2026\\\/03\\\/qualquer-um-e-um-ze-tio-ze-ba-lanca-reggae-que-confronta-a-vida-editada-das-redes-sociais-e-o-racismo-estrutural\\\/#respond\"]}]},{\"@type\":\"WebPage\",\"@id\":\"https:\\\/\\\/blogdofarnesio.com.br\\\/2026\\\/03\\\/qualquer-um-e-um-ze-tio-ze-ba-lanca-reggae-que-confronta-a-vida-editada-das-redes-sociais-e-o-racismo-estrutural\\\/\",\"url\":\"https:\\\/\\\/blogdofarnesio.com.br\\\/2026\\\/03\\\/qualquer-um-e-um-ze-tio-ze-ba-lanca-reggae-que-confronta-a-vida-editada-das-redes-sociais-e-o-racismo-estrutural\\\/\",\"name\":\"\u201cQualquer Um \u00e9 Um Z\u00e9\u201d: Tio Z\u00e9 B\u00e1 lan\u00e7a reggae que confronta a vida editada das redes sociais e o racismo estrutural - Blog do Farn\u00e9sio\",\"isPartOf\":{\"@id\":\"https:\\\/\\\/blogdofarnesio.com.br\\\/#website\"},\"primaryImageOfPage\":{\"@id\":\"https:\\\/\\\/blogdofarnesio.com.br\\\/2026\\\/03\\\/qualquer-um-e-um-ze-tio-ze-ba-lanca-reggae-que-confronta-a-vida-editada-das-redes-sociais-e-o-racismo-estrutural\\\/#primaryimage\"},\"image\":{\"@id\":\"https:\\\/\\\/blogdofarnesio.com.br\\\/2026\\\/03\\\/qualquer-um-e-um-ze-tio-ze-ba-lanca-reggae-que-confronta-a-vida-editada-das-redes-sociais-e-o-racismo-estrutural\\\/#primaryimage\"},\"thumbnailUrl\":\"https:\\\/\\\/blogdofarnesio.com.br\\\/wp-content\\\/uploads\\\/2026\\\/03\\\/THUMBNAIL-02.jpg-e1773492954347.jpeg\",\"datePublished\":\"2026-03-14T14:31:13+00:00\",\"breadcrumb\":{\"@id\":\"https:\\\/\\\/blogdofarnesio.com.br\\\/2026\\\/03\\\/qualquer-um-e-um-ze-tio-ze-ba-lanca-reggae-que-confronta-a-vida-editada-das-redes-sociais-e-o-racismo-estrutural\\\/#breadcrumb\"},\"inLanguage\":\"pt-BR\",\"potentialAction\":[{\"@type\":\"ReadAction\",\"target\":[\"https:\\\/\\\/blogdofarnesio.com.br\\\/2026\\\/03\\\/qualquer-um-e-um-ze-tio-ze-ba-lanca-reggae-que-confronta-a-vida-editada-das-redes-sociais-e-o-racismo-estrutural\\\/\"]}]},{\"@type\":\"ImageObject\",\"inLanguage\":\"pt-BR\",\"@id\":\"https:\\\/\\\/blogdofarnesio.com.br\\\/2026\\\/03\\\/qualquer-um-e-um-ze-tio-ze-ba-lanca-reggae-que-confronta-a-vida-editada-das-redes-sociais-e-o-racismo-estrutural\\\/#primaryimage\",\"url\":\"https:\\\/\\\/blogdofarnesio.com.br\\\/wp-content\\\/uploads\\\/2026\\\/03\\\/THUMBNAIL-02.jpg-e1773492954347.jpeg\",\"contentUrl\":\"https:\\\/\\\/blogdofarnesio.com.br\\\/wp-content\\\/uploads\\\/2026\\\/03\\\/THUMBNAIL-02.jpg-e1773492954347.jpeg\",\"width\":680,\"height\":371},{\"@type\":\"BreadcrumbList\",\"@id\":\"https:\\\/\\\/blogdofarnesio.com.br\\\/2026\\\/03\\\/qualquer-um-e-um-ze-tio-ze-ba-lanca-reggae-que-confronta-a-vida-editada-das-redes-sociais-e-o-racismo-estrutural\\\/#breadcrumb\",\"itemListElement\":[{\"@type\":\"ListItem\",\"position\":1,\"name\":\"In\u00edcio\",\"item\":\"https:\\\/\\\/blogdofarnesio.com.br\\\/\"},{\"@type\":\"ListItem\",\"position\":2,\"name\":\"\u201cQualquer Um \u00e9 Um Z\u00e9\u201d: Tio Z\u00e9 B\u00e1 lan\u00e7a reggae que confronta a vida editada das redes sociais e o racismo estrutural\"}]},{\"@type\":\"WebSite\",\"@id\":\"https:\\\/\\\/blogdofarnesio.com.br\\\/#website\",\"url\":\"https:\\\/\\\/blogdofarnesio.com.br\\\/\",\"name\":\"Blog do Farn\u00e9sio\",\"description\":\"Quer Saber Pol\u00edtica?\",\"publisher\":{\"@id\":\"https:\\\/\\\/blogdofarnesio.com.br\\\/#organization\"},\"potentialAction\":[{\"@type\":\"SearchAction\",\"target\":{\"@type\":\"EntryPoint\",\"urlTemplate\":\"https:\\\/\\\/blogdofarnesio.com.br\\\/?s={search_term_string}\"},\"query-input\":{\"@type\":\"PropertyValueSpecification\",\"valueRequired\":true,\"valueName\":\"search_term_string\"}}],\"inLanguage\":\"pt-BR\"},{\"@type\":\"Organization\",\"@id\":\"https:\\\/\\\/blogdofarnesio.com.br\\\/#organization\",\"name\":\"Blog do Farn\u00e9sio\",\"url\":\"https:\\\/\\\/blogdofarnesio.com.br\\\/\",\"logo\":{\"@type\":\"ImageObject\",\"inLanguage\":\"pt-BR\",\"@id\":\"https:\\\/\\\/blogdofarnesio.com.br\\\/#\\\/schema\\\/logo\\\/image\\\/\",\"url\":\"https:\\\/\\\/blogdofarnesio.com.br\\\/wp-content\\\/uploads\\\/2026\\\/03\\\/cropped-logo_new-1.png\",\"contentUrl\":\"https:\\\/\\\/blogdofarnesio.com.br\\\/wp-content\\\/uploads\\\/2026\\\/03\\\/cropped-logo_new-1.png\",\"width\":881,\"height\":685,\"caption\":\"Blog do Farn\u00e9sio\"},\"image\":{\"@id\":\"https:\\\/\\\/blogdofarnesio.com.br\\\/#\\\/schema\\\/logo\\\/image\\\/\"},\"sameAs\":[\"https:\\\/\\\/www.facebook.com\\\/BlogQuerSaberPolitica\\\/\"]},{\"@type\":\"Person\",\"@id\":\"https:\\\/\\\/blogdofarnesio.com.br\\\/#\\\/schema\\\/person\\\/bb9b23ae3ad0609ce8df7b6c9e76824d\",\"name\":\"Farn\u00e9sio\",\"image\":{\"@type\":\"ImageObject\",\"inLanguage\":\"pt-BR\",\"@id\":\"https:\\\/\\\/secure.gravatar.com\\\/avatar\\\/986aa4c61ccdb66f8555bf88fc2a65609d00bcabd4d2d94377a727547345cbca?s=96&d=mm&r=g\",\"url\":\"https:\\\/\\\/secure.gravatar.com\\\/avatar\\\/986aa4c61ccdb66f8555bf88fc2a65609d00bcabd4d2d94377a727547345cbca?s=96&d=mm&r=g\",\"contentUrl\":\"https:\\\/\\\/secure.gravatar.com\\\/avatar\\\/986aa4c61ccdb66f8555bf88fc2a65609d00bcabd4d2d94377a727547345cbca?s=96&d=mm&r=g\",\"caption\":\"Farn\u00e9sio\"},\"description\":\"Radialista blogueiro, chegou a Petrolina\\\/Juazeiro em setembro de 1980, Farn\u00e9sio Silva \u00e9 de Arapiraca-Alagoas.\",\"sameAs\":[\"http:\\\/\\\/blogdofarnesio.com.br\",\"https:\\\/\\\/www.facebook.com\\\/?ref=tn_tnmn\",\"https:\\\/\\\/www.instagram.com\\\/?utm_source=pwa_homescreen\",\"https:\\\/\\\/youtube.com.br\\\/\"],\"url\":\"https:\\\/\\\/blogdofarnesio.com.br\\\/author\\\/farnesio-2\\\/\"}]}<\/script>\n<!-- \/ Yoast SEO plugin. -->","yoast_head_json":{"title":"\u201cQualquer Um \u00e9 Um Z\u00e9\u201d: Tio Z\u00e9 B\u00e1 lan\u00e7a reggae que confronta a vida editada das redes sociais e o racismo estrutural - Blog do Farn\u00e9sio","robots":{"index":"index","follow":"follow","max-snippet":"max-snippet:-1","max-image-preview":"max-image-preview:large","max-video-preview":"max-video-preview:-1"},"canonical":"https:\/\/blogdofarnesio.com.br\/2026\/03\/qualquer-um-e-um-ze-tio-ze-ba-lanca-reggae-que-confronta-a-vida-editada-das-redes-sociais-e-o-racismo-estrutural\/","og_locale":"pt_BR","og_type":"article","og_title":"\u201cQualquer Um \u00e9 Um Z\u00e9\u201d: Tio Z\u00e9 B\u00e1 lan\u00e7a reggae que confronta a vida editada das redes sociais e o racismo estrutural - Blog do Farn\u00e9sio","og_description":"Diretamente de Petrolina (PE), a banda Tio Z\u00e9 B\u00e1 lan\u00e7a hoje (14) o single \u201cQualquer Um \u00e9 Um Z\u00e9\u201d. A faixa integra o EP\u00a0A Fresta\u00a0e, em ritmo de reggae, articula cr\u00edtica social, debate racial e prop\u00f5e uma reflex\u00e3o sobre a solid\u00e3o produzida pela cultura digital. A can\u00e7\u00e3o parte de uma constata\u00e7\u00e3o simples: nas redes sociais, quase tudo \u00e9 recorte. Postamos o que queremos mostrar, filtramos o que d\u00f3i, editamos a rotina e transformamos a vida em vitrine. Estamos hiperconectados e, ainda assim, isolados. O resultado \u00e9 uma exist\u00eancia artificial, constru\u00edda por imagens e performances \u201cuma vida quase real\u201d, como diz um dos trechos da can\u00e7\u00e3o. A cr\u00edtica, no entanto, n\u00e3o se limita ao ambiente virtual. A m\u00fasica amplia o debate&hellip;","og_url":"https:\/\/blogdofarnesio.com.br\/2026\/03\/qualquer-um-e-um-ze-tio-ze-ba-lanca-reggae-que-confronta-a-vida-editada-das-redes-sociais-e-o-racismo-estrutural\/","og_site_name":"Blog do Farn\u00e9sio","article_publisher":"https:\/\/www.facebook.com\/BlogQuerSaberPolitica\/","article_author":"https:\/\/www.facebook.com\/?ref=tn_tnmn","article_published_time":"2026-03-14T14:31:13+00:00","og_image":[{"width":680,"height":371,"url":"https:\/\/blogdofarnesio.com.br\/wp-content\/uploads\/2026\/03\/THUMBNAIL-02.jpg-e1773492954347.jpeg","type":"image\/jpeg"}],"author":"Farn\u00e9sio","twitter_card":"summary_large_image","twitter_misc":{"Escrito por":"Farn\u00e9sio","Est. tempo de leitura":"2 minutos"},"schema":{"@context":"https:\/\/schema.org","@graph":[{"@type":"Article","@id":"https:\/\/blogdofarnesio.com.br\/2026\/03\/qualquer-um-e-um-ze-tio-ze-ba-lanca-reggae-que-confronta-a-vida-editada-das-redes-sociais-e-o-racismo-estrutural\/#article","isPartOf":{"@id":"https:\/\/blogdofarnesio.com.br\/2026\/03\/qualquer-um-e-um-ze-tio-ze-ba-lanca-reggae-que-confronta-a-vida-editada-das-redes-sociais-e-o-racismo-estrutural\/"},"author":{"name":"Farn\u00e9sio","@id":"https:\/\/blogdofarnesio.com.br\/#\/schema\/person\/bb9b23ae3ad0609ce8df7b6c9e76824d"},"headline":"\u201cQualquer Um \u00e9 Um Z\u00e9\u201d: Tio Z\u00e9 B\u00e1 lan\u00e7a reggae que confronta a vida editada das redes sociais e o racismo estrutural","datePublished":"2026-03-14T14:31:13+00:00","mainEntityOfPage":{"@id":"https:\/\/blogdofarnesio.com.br\/2026\/03\/qualquer-um-e-um-ze-tio-ze-ba-lanca-reggae-que-confronta-a-vida-editada-das-redes-sociais-e-o-racismo-estrutural\/"},"wordCount":350,"commentCount":0,"publisher":{"@id":"https:\/\/blogdofarnesio.com.br\/#organization"},"image":{"@id":"https:\/\/blogdofarnesio.com.br\/2026\/03\/qualquer-um-e-um-ze-tio-ze-ba-lanca-reggae-que-confronta-a-vida-editada-das-redes-sociais-e-o-racismo-estrutural\/#primaryimage"},"thumbnailUrl":"https:\/\/blogdofarnesio.com.br\/wp-content\/uploads\/2026\/03\/THUMBNAIL-02.jpg-e1773492954347.jpeg","articleSection":["Cultura"],"inLanguage":"pt-BR","potentialAction":[{"@type":"CommentAction","name":"Comment","target":["https:\/\/blogdofarnesio.com.br\/2026\/03\/qualquer-um-e-um-ze-tio-ze-ba-lanca-reggae-que-confronta-a-vida-editada-das-redes-sociais-e-o-racismo-estrutural\/#respond"]}]},{"@type":"WebPage","@id":"https:\/\/blogdofarnesio.com.br\/2026\/03\/qualquer-um-e-um-ze-tio-ze-ba-lanca-reggae-que-confronta-a-vida-editada-das-redes-sociais-e-o-racismo-estrutural\/","url":"https:\/\/blogdofarnesio.com.br\/2026\/03\/qualquer-um-e-um-ze-tio-ze-ba-lanca-reggae-que-confronta-a-vida-editada-das-redes-sociais-e-o-racismo-estrutural\/","name":"\u201cQualquer Um \u00e9 Um Z\u00e9\u201d: Tio Z\u00e9 B\u00e1 lan\u00e7a reggae que confronta a vida editada das redes sociais e o racismo estrutural - Blog do Farn\u00e9sio","isPartOf":{"@id":"https:\/\/blogdofarnesio.com.br\/#website"},"primaryImageOfPage":{"@id":"https:\/\/blogdofarnesio.com.br\/2026\/03\/qualquer-um-e-um-ze-tio-ze-ba-lanca-reggae-que-confronta-a-vida-editada-das-redes-sociais-e-o-racismo-estrutural\/#primaryimage"},"image":{"@id":"https:\/\/blogdofarnesio.com.br\/2026\/03\/qualquer-um-e-um-ze-tio-ze-ba-lanca-reggae-que-confronta-a-vida-editada-das-redes-sociais-e-o-racismo-estrutural\/#primaryimage"},"thumbnailUrl":"https:\/\/blogdofarnesio.com.br\/wp-content\/uploads\/2026\/03\/THUMBNAIL-02.jpg-e1773492954347.jpeg","datePublished":"2026-03-14T14:31:13+00:00","breadcrumb":{"@id":"https:\/\/blogdofarnesio.com.br\/2026\/03\/qualquer-um-e-um-ze-tio-ze-ba-lanca-reggae-que-confronta-a-vida-editada-das-redes-sociais-e-o-racismo-estrutural\/#breadcrumb"},"inLanguage":"pt-BR","potentialAction":[{"@type":"ReadAction","target":["https:\/\/blogdofarnesio.com.br\/2026\/03\/qualquer-um-e-um-ze-tio-ze-ba-lanca-reggae-que-confronta-a-vida-editada-das-redes-sociais-e-o-racismo-estrutural\/"]}]},{"@type":"ImageObject","inLanguage":"pt-BR","@id":"https:\/\/blogdofarnesio.com.br\/2026\/03\/qualquer-um-e-um-ze-tio-ze-ba-lanca-reggae-que-confronta-a-vida-editada-das-redes-sociais-e-o-racismo-estrutural\/#primaryimage","url":"https:\/\/blogdofarnesio.com.br\/wp-content\/uploads\/2026\/03\/THUMBNAIL-02.jpg-e1773492954347.jpeg","contentUrl":"https:\/\/blogdofarnesio.com.br\/wp-content\/uploads\/2026\/03\/THUMBNAIL-02.jpg-e1773492954347.jpeg","width":680,"height":371},{"@type":"BreadcrumbList","@id":"https:\/\/blogdofarnesio.com.br\/2026\/03\/qualquer-um-e-um-ze-tio-ze-ba-lanca-reggae-que-confronta-a-vida-editada-das-redes-sociais-e-o-racismo-estrutural\/#breadcrumb","itemListElement":[{"@type":"ListItem","position":1,"name":"In\u00edcio","item":"https:\/\/blogdofarnesio.com.br\/"},{"@type":"ListItem","position":2,"name":"\u201cQualquer Um \u00e9 Um Z\u00e9\u201d: Tio Z\u00e9 B\u00e1 lan\u00e7a reggae que confronta a vida editada das redes sociais e o racismo estrutural"}]},{"@type":"WebSite","@id":"https:\/\/blogdofarnesio.com.br\/#website","url":"https:\/\/blogdofarnesio.com.br\/","name":"Blog do Farn\u00e9sio","description":"Quer Saber Pol\u00edtica?","publisher":{"@id":"https:\/\/blogdofarnesio.com.br\/#organization"},"potentialAction":[{"@type":"SearchAction","target":{"@type":"EntryPoint","urlTemplate":"https:\/\/blogdofarnesio.com.br\/?s={search_term_string}"},"query-input":{"@type":"PropertyValueSpecification","valueRequired":true,"valueName":"search_term_string"}}],"inLanguage":"pt-BR"},{"@type":"Organization","@id":"https:\/\/blogdofarnesio.com.br\/#organization","name":"Blog do Farn\u00e9sio","url":"https:\/\/blogdofarnesio.com.br\/","logo":{"@type":"ImageObject","inLanguage":"pt-BR","@id":"https:\/\/blogdofarnesio.com.br\/#\/schema\/logo\/image\/","url":"https:\/\/blogdofarnesio.com.br\/wp-content\/uploads\/2026\/03\/cropped-logo_new-1.png","contentUrl":"https:\/\/blogdofarnesio.com.br\/wp-content\/uploads\/2026\/03\/cropped-logo_new-1.png","width":881,"height":685,"caption":"Blog do Farn\u00e9sio"},"image":{"@id":"https:\/\/blogdofarnesio.com.br\/#\/schema\/logo\/image\/"},"sameAs":["https:\/\/www.facebook.com\/BlogQuerSaberPolitica\/"]},{"@type":"Person","@id":"https:\/\/blogdofarnesio.com.br\/#\/schema\/person\/bb9b23ae3ad0609ce8df7b6c9e76824d","name":"Farn\u00e9sio","image":{"@type":"ImageObject","inLanguage":"pt-BR","@id":"https:\/\/secure.gravatar.com\/avatar\/986aa4c61ccdb66f8555bf88fc2a65609d00bcabd4d2d94377a727547345cbca?s=96&d=mm&r=g","url":"https:\/\/secure.gravatar.com\/avatar\/986aa4c61ccdb66f8555bf88fc2a65609d00bcabd4d2d94377a727547345cbca?s=96&d=mm&r=g","contentUrl":"https:\/\/secure.gravatar.com\/avatar\/986aa4c61ccdb66f8555bf88fc2a65609d00bcabd4d2d94377a727547345cbca?s=96&d=mm&r=g","caption":"Farn\u00e9sio"},"description":"Radialista blogueiro, chegou a Petrolina\/Juazeiro em setembro de 1980, Farn\u00e9sio Silva \u00e9 de Arapiraca-Alagoas.","sameAs":["http:\/\/blogdofarnesio.com.br","https:\/\/www.facebook.com\/?ref=tn_tnmn","https:\/\/www.instagram.com\/?utm_source=pwa_homescreen","https:\/\/youtube.com.br\/"],"url":"https:\/\/blogdofarnesio.com.br\/author\/farnesio-2\/"}]}},"_links":{"self":[{"href":"https:\/\/blogdofarnesio.com.br\/wp-json\/wp\/v2\/posts\/417094","targetHints":{"allow":["GET"]}}],"collection":[{"href":"https:\/\/blogdofarnesio.com.br\/wp-json\/wp\/v2\/posts"}],"about":[{"href":"https:\/\/blogdofarnesio.com.br\/wp-json\/wp\/v2\/types\/post"}],"author":[{"embeddable":true,"href":"https:\/\/blogdofarnesio.com.br\/wp-json\/wp\/v2\/users\/2"}],"replies":[{"embeddable":true,"href":"https:\/\/blogdofarnesio.com.br\/wp-json\/wp\/v2\/comments?post=417094"}],"version-history":[{"count":1,"href":"https:\/\/blogdofarnesio.com.br\/wp-json\/wp\/v2\/posts\/417094\/revisions"}],"predecessor-version":[{"id":417096,"href":"https:\/\/blogdofarnesio.com.br\/wp-json\/wp\/v2\/posts\/417094\/revisions\/417096"}],"wp:featuredmedia":[{"embeddable":true,"href":"https:\/\/blogdofarnesio.com.br\/wp-json\/wp\/v2\/media\/417095"}],"wp:attachment":[{"href":"https:\/\/blogdofarnesio.com.br\/wp-json\/wp\/v2\/media?parent=417094"}],"wp:term":[{"taxonomy":"category","embeddable":true,"href":"https:\/\/blogdofarnesio.com.br\/wp-json\/wp\/v2\/categories?post=417094"},{"taxonomy":"post_tag","embeddable":true,"href":"https:\/\/blogdofarnesio.com.br\/wp-json\/wp\/v2\/tags?post=417094"}],"curies":[{"name":"wp","href":"https:\/\/api.w.org\/{rel}","templated":true}]}}