{"id":417087,"date":"2026-03-14T12:00:41","date_gmt":"2026-03-14T15:00:41","guid":{"rendered":"https:\/\/blogdofarnesio.com.br\/?p=417087"},"modified":"2026-03-13T19:50:26","modified_gmt":"2026-03-13T22:50:26","slug":"ii-sambada-do-barra-movimenta-a-orla-de-juazeiro-neste-sabado-14","status":"publish","type":"post","link":"https:\/\/blogdofarnesio.com.br\/2026\/03\/ii-sambada-do-barra-movimenta-a-orla-de-juazeiro-neste-sabado-14\/","title":{"rendered":"II Sambada do Barra movimenta a Orla de Juazeiro neste s\u00e1bado (14)"},"content":{"rendered":"<div>\n<div>\n<div>\n<p dir=\"ltr\"><em>Evento acontece a partir das 16h, com capoeira, coco de roda e feira de artesanatos<\/em><\/p>\n<\/div>\n<p>A cidade de Juazeiro (BA) recebe neste s\u00e1bado, 14 de mar\u00e7o, a segunda edi\u00e7\u00e3o da Sambada do Barra, a\u00e7\u00e3o cultural promovida pelo coletivo Coco Barra de Saia. O evento acontece a partir das 16h, na Orla II (parte de baixo), reunindo m\u00fasica, dan\u00e7a, capoeira e artesanato em um encontro que celebra a cultura popular na regi\u00e3o.<\/p>\n<p dir=\"ltr\">Realizada mensalmente em espa\u00e7os p\u00fablicos da cidade, a Sambada tem como objetivo fortalecer o coco de roda e contribuir para a preserva\u00e7\u00e3o e difus\u00e3o de saberes ancestrais ligados \u00e0s manifesta\u00e7\u00f5es culturais do Vale do S\u00e3o Francisco. Nesta edi\u00e7\u00e3o, a programa\u00e7\u00e3o come\u00e7a \u00e0s 16h com uma roda de capoeira conduzida pelo Grupo Kwanza e pelo professor Ara\u00fana.<\/p>\n<p dir=\"ltr\">Em seguida, o p\u00fablico acompanha as apresenta\u00e7\u00f5es do Samba di Male, do Coco Kaapor\u00e3 e, encerrando a sequ\u00eancia, do Coco Barra de Saia. A noite tamb\u00e9m contar\u00e1 com as participa\u00e7\u00f5es especiais de Caboco da Mata (S\u00e3o Louren\u00e7o da Mata &#8211; PE) e Curimbeira do Ax\u00e9 (Petrolina &#8211; PE).<\/p>\n<p dir=\"ltr\">Al\u00e9m das apresenta\u00e7\u00f5es, o evento contar\u00e1 com o Bar das Meninas e o X\u00e1 de Natureza, que estar\u00e3o comercializando bebidas, e com uma feira de artesanato, valorizando o trabalho de artes\u00e3os locais e fortalecendo a economia criativa da regi\u00e3o.<\/p>\n<p dir=\"ltr\">Aberta ao p\u00fablico, a Sambada do Barra reafirma a import\u00e2ncia desses encontros como espa\u00e7os de resist\u00eancia cultural, celebra\u00e7\u00e3o coletiva e valoriza\u00e7\u00e3o das tradi\u00e7\u00f5es.<\/p>\n<p dir=\"ltr\">Servi\u00e7o:<\/p>\n<p dir=\"ltr\">Evento: II Sambada do Barra<\/p>\n<p dir=\"ltr\">Data: 14 de mar\u00e7o<\/p>\n<p dir=\"ltr\">Hor\u00e1rio: a partir das 16h<\/p>\n<p dir=\"ltr\">Local: Orla II de Juazeiro (parte de baixo)<\/p>\n<p dir=\"ltr\">Realiza\u00e7\u00e3o: Coco Barra de Saia<\/p>\n<p dir=\"ltr\">Apoio: Angoleiros do Sol, Boi Carranca, Samba Di Mal\u00ea, X\u00e1 de Natureza, Grupo Kwanza e Professor Ara\u00fana.<\/p>\n<\/div>\n<p><span style=\"color: #888888;\">\u00a0<\/span><\/p>\n<\/div>\n<div><\/div>\n","protected":false},"excerpt":{"rendered":"<p>Evento acontece a partir das 16h, com capoeira, coco de roda e feira de artesanatos A cidade de Juazeiro (BA) recebe neste s\u00e1bado, 14 de mar\u00e7o, a segunda edi\u00e7\u00e3o da Sambada do Barra, a\u00e7\u00e3o cultural promovida pelo coletivo Coco Barra de Saia. O evento acontece a partir das 16h, na Orla II (parte de baixo), reunindo m\u00fasica, dan\u00e7a, capoeira e artesanato em um encontro que celebra a cultura popular na regi\u00e3o. Realizada mensalmente em espa\u00e7os p\u00fablicos da cidade, a Sambada tem como objetivo fortalecer o coco de roda e contribuir para a preserva\u00e7\u00e3o e difus\u00e3o de saberes ancestrais ligados \u00e0s manifesta\u00e7\u00f5es culturais do Vale do S\u00e3o Francisco. Nesta edi\u00e7\u00e3o, a programa\u00e7\u00e3o come\u00e7a \u00e0s 16h com uma roda de capoeira conduzida&hellip; <\/p>\n","protected":false},"author":2,"featured_media":417088,"comment_status":"open","ping_status":"open","sticky":false,"template":"","format":"standard","meta":{"_acf_changed":false,"footnotes":""},"categories":[10],"tags":[],"class_list":["post-417087","post","type-post","status-publish","format-standard","has-post-thumbnail","hentry","category-cultura"],"acf":[],"yoast_head":"<!-- This site is optimized with the Yoast SEO plugin v27.5 - https:\/\/yoast.com\/product\/yoast-seo-wordpress\/ -->\n<title>II Sambada do Barra movimenta a Orla de Juazeiro neste s\u00e1bado (14) - Blog do Farn\u00e9sio<\/title>\n<meta name=\"robots\" content=\"index, follow, max-snippet:-1, max-image-preview:large, max-video-preview:-1\" \/>\n<link rel=\"canonical\" href=\"https:\/\/blogdofarnesio.com.br\/2026\/03\/ii-sambada-do-barra-movimenta-a-orla-de-juazeiro-neste-sabado-14\/\" \/>\n<meta property=\"og:locale\" content=\"pt_BR\" \/>\n<meta property=\"og:type\" content=\"article\" \/>\n<meta property=\"og:title\" content=\"II Sambada do Barra movimenta a Orla de Juazeiro neste s\u00e1bado (14) - Blog do Farn\u00e9sio\" \/>\n<meta property=\"og:description\" content=\"Evento acontece a partir das 16h, com capoeira, coco de roda e feira de artesanatos A cidade de Juazeiro (BA) recebe neste s\u00e1bado, 14 de mar\u00e7o, a segunda edi\u00e7\u00e3o da Sambada do Barra, a\u00e7\u00e3o cultural promovida pelo coletivo Coco Barra de Saia. O evento acontece a partir das 16h, na Orla II (parte de baixo), reunindo m\u00fasica, dan\u00e7a, capoeira e artesanato em um encontro que celebra a cultura popular na regi\u00e3o. Realizada mensalmente em espa\u00e7os p\u00fablicos da cidade, a Sambada tem como objetivo fortalecer o coco de roda e contribuir para a preserva\u00e7\u00e3o e difus\u00e3o de saberes ancestrais ligados \u00e0s manifesta\u00e7\u00f5es culturais do Vale do S\u00e3o Francisco. Nesta edi\u00e7\u00e3o, a programa\u00e7\u00e3o come\u00e7a \u00e0s 16h com uma roda de capoeira conduzida&hellip;\" \/>\n<meta property=\"og:url\" content=\"https:\/\/blogdofarnesio.com.br\/2026\/03\/ii-sambada-do-barra-movimenta-a-orla-de-juazeiro-neste-sabado-14\/\" \/>\n<meta property=\"og:site_name\" content=\"Blog do Farn\u00e9sio\" \/>\n<meta property=\"article:publisher\" content=\"https:\/\/www.facebook.com\/BlogQuerSaberPolitica\/\" \/>\n<meta property=\"article:author\" content=\"https:\/\/www.facebook.com\/?ref=tn_tnmn\" \/>\n<meta property=\"article:published_time\" content=\"2026-03-14T15:00:41+00:00\" \/>\n<meta property=\"og:image\" content=\"https:\/\/blogdofarnesio.com.br\/wp-content\/uploads\/2026\/03\/4-e1773442094700.png\" \/>\n\t<meta property=\"og:image:width\" content=\"480\" \/>\n\t<meta property=\"og:image:height\" content=\"402\" \/>\n\t<meta property=\"og:image:type\" content=\"image\/png\" \/>\n<meta name=\"author\" content=\"Farn\u00e9sio\" \/>\n<meta name=\"twitter:card\" content=\"summary_large_image\" \/>\n<meta name=\"twitter:label1\" content=\"Escrito por\" \/>\n\t<meta name=\"twitter:data1\" content=\"Farn\u00e9sio\" \/>\n\t<meta name=\"twitter:label2\" content=\"Est. tempo de leitura\" \/>\n\t<meta name=\"twitter:data2\" content=\"2 minutos\" \/>\n<script type=\"application\/ld+json\" class=\"yoast-schema-graph\">{\"@context\":\"https:\\\/\\\/schema.org\",\"@graph\":[{\"@type\":\"Article\",\"@id\":\"https:\\\/\\\/blogdofarnesio.com.br\\\/2026\\\/03\\\/ii-sambada-do-barra-movimenta-a-orla-de-juazeiro-neste-sabado-14\\\/#article\",\"isPartOf\":{\"@id\":\"https:\\\/\\\/blogdofarnesio.com.br\\\/2026\\\/03\\\/ii-sambada-do-barra-movimenta-a-orla-de-juazeiro-neste-sabado-14\\\/\"},\"author\":{\"name\":\"Farn\u00e9sio\",\"@id\":\"https:\\\/\\\/blogdofarnesio.com.br\\\/#\\\/schema\\\/person\\\/bb9b23ae3ad0609ce8df7b6c9e76824d\"},\"headline\":\"II Sambada do Barra movimenta a Orla de Juazeiro neste s\u00e1bado (14)\",\"datePublished\":\"2026-03-14T15:00:41+00:00\",\"mainEntityOfPage\":{\"@id\":\"https:\\\/\\\/blogdofarnesio.com.br\\\/2026\\\/03\\\/ii-sambada-do-barra-movimenta-a-orla-de-juazeiro-neste-sabado-14\\\/\"},\"wordCount\":333,\"commentCount\":0,\"publisher\":{\"@id\":\"https:\\\/\\\/blogdofarnesio.com.br\\\/#organization\"},\"image\":{\"@id\":\"https:\\\/\\\/blogdofarnesio.com.br\\\/2026\\\/03\\\/ii-sambada-do-barra-movimenta-a-orla-de-juazeiro-neste-sabado-14\\\/#primaryimage\"},\"thumbnailUrl\":\"https:\\\/\\\/blogdofarnesio.com.br\\\/wp-content\\\/uploads\\\/2026\\\/03\\\/4-e1773442094700.png\",\"articleSection\":[\"Cultura\"],\"inLanguage\":\"pt-BR\",\"potentialAction\":[{\"@type\":\"CommentAction\",\"name\":\"Comment\",\"target\":[\"https:\\\/\\\/blogdofarnesio.com.br\\\/2026\\\/03\\\/ii-sambada-do-barra-movimenta-a-orla-de-juazeiro-neste-sabado-14\\\/#respond\"]}]},{\"@type\":\"WebPage\",\"@id\":\"https:\\\/\\\/blogdofarnesio.com.br\\\/2026\\\/03\\\/ii-sambada-do-barra-movimenta-a-orla-de-juazeiro-neste-sabado-14\\\/\",\"url\":\"https:\\\/\\\/blogdofarnesio.com.br\\\/2026\\\/03\\\/ii-sambada-do-barra-movimenta-a-orla-de-juazeiro-neste-sabado-14\\\/\",\"name\":\"II Sambada do Barra movimenta a Orla de Juazeiro neste s\u00e1bado (14) - Blog do Farn\u00e9sio\",\"isPartOf\":{\"@id\":\"https:\\\/\\\/blogdofarnesio.com.br\\\/#website\"},\"primaryImageOfPage\":{\"@id\":\"https:\\\/\\\/blogdofarnesio.com.br\\\/2026\\\/03\\\/ii-sambada-do-barra-movimenta-a-orla-de-juazeiro-neste-sabado-14\\\/#primaryimage\"},\"image\":{\"@id\":\"https:\\\/\\\/blogdofarnesio.com.br\\\/2026\\\/03\\\/ii-sambada-do-barra-movimenta-a-orla-de-juazeiro-neste-sabado-14\\\/#primaryimage\"},\"thumbnailUrl\":\"https:\\\/\\\/blogdofarnesio.com.br\\\/wp-content\\\/uploads\\\/2026\\\/03\\\/4-e1773442094700.png\",\"datePublished\":\"2026-03-14T15:00:41+00:00\",\"breadcrumb\":{\"@id\":\"https:\\\/\\\/blogdofarnesio.com.br\\\/2026\\\/03\\\/ii-sambada-do-barra-movimenta-a-orla-de-juazeiro-neste-sabado-14\\\/#breadcrumb\"},\"inLanguage\":\"pt-BR\",\"potentialAction\":[{\"@type\":\"ReadAction\",\"target\":[\"https:\\\/\\\/blogdofarnesio.com.br\\\/2026\\\/03\\\/ii-sambada-do-barra-movimenta-a-orla-de-juazeiro-neste-sabado-14\\\/\"]}]},{\"@type\":\"ImageObject\",\"inLanguage\":\"pt-BR\",\"@id\":\"https:\\\/\\\/blogdofarnesio.com.br\\\/2026\\\/03\\\/ii-sambada-do-barra-movimenta-a-orla-de-juazeiro-neste-sabado-14\\\/#primaryimage\",\"url\":\"https:\\\/\\\/blogdofarnesio.com.br\\\/wp-content\\\/uploads\\\/2026\\\/03\\\/4-e1773442094700.png\",\"contentUrl\":\"https:\\\/\\\/blogdofarnesio.com.br\\\/wp-content\\\/uploads\\\/2026\\\/03\\\/4-e1773442094700.png\",\"width\":480,\"height\":402},{\"@type\":\"BreadcrumbList\",\"@id\":\"https:\\\/\\\/blogdofarnesio.com.br\\\/2026\\\/03\\\/ii-sambada-do-barra-movimenta-a-orla-de-juazeiro-neste-sabado-14\\\/#breadcrumb\",\"itemListElement\":[{\"@type\":\"ListItem\",\"position\":1,\"name\":\"In\u00edcio\",\"item\":\"https:\\\/\\\/blogdofarnesio.com.br\\\/\"},{\"@type\":\"ListItem\",\"position\":2,\"name\":\"II Sambada do Barra movimenta a Orla de Juazeiro neste s\u00e1bado (14)\"}]},{\"@type\":\"WebSite\",\"@id\":\"https:\\\/\\\/blogdofarnesio.com.br\\\/#website\",\"url\":\"https:\\\/\\\/blogdofarnesio.com.br\\\/\",\"name\":\"Blog do Farn\u00e9sio\",\"description\":\"Quer Saber Pol\u00edtica?\",\"publisher\":{\"@id\":\"https:\\\/\\\/blogdofarnesio.com.br\\\/#organization\"},\"potentialAction\":[{\"@type\":\"SearchAction\",\"target\":{\"@type\":\"EntryPoint\",\"urlTemplate\":\"https:\\\/\\\/blogdofarnesio.com.br\\\/?s={search_term_string}\"},\"query-input\":{\"@type\":\"PropertyValueSpecification\",\"valueRequired\":true,\"valueName\":\"search_term_string\"}}],\"inLanguage\":\"pt-BR\"},{\"@type\":\"Organization\",\"@id\":\"https:\\\/\\\/blogdofarnesio.com.br\\\/#organization\",\"name\":\"Blog do Farn\u00e9sio\",\"url\":\"https:\\\/\\\/blogdofarnesio.com.br\\\/\",\"logo\":{\"@type\":\"ImageObject\",\"inLanguage\":\"pt-BR\",\"@id\":\"https:\\\/\\\/blogdofarnesio.com.br\\\/#\\\/schema\\\/logo\\\/image\\\/\",\"url\":\"https:\\\/\\\/blogdofarnesio.com.br\\\/wp-content\\\/uploads\\\/2026\\\/03\\\/cropped-logo_new-1.png\",\"contentUrl\":\"https:\\\/\\\/blogdofarnesio.com.br\\\/wp-content\\\/uploads\\\/2026\\\/03\\\/cropped-logo_new-1.png\",\"width\":881,\"height\":685,\"caption\":\"Blog do Farn\u00e9sio\"},\"image\":{\"@id\":\"https:\\\/\\\/blogdofarnesio.com.br\\\/#\\\/schema\\\/logo\\\/image\\\/\"},\"sameAs\":[\"https:\\\/\\\/www.facebook.com\\\/BlogQuerSaberPolitica\\\/\"]},{\"@type\":\"Person\",\"@id\":\"https:\\\/\\\/blogdofarnesio.com.br\\\/#\\\/schema\\\/person\\\/bb9b23ae3ad0609ce8df7b6c9e76824d\",\"name\":\"Farn\u00e9sio\",\"image\":{\"@type\":\"ImageObject\",\"inLanguage\":\"pt-BR\",\"@id\":\"https:\\\/\\\/secure.gravatar.com\\\/avatar\\\/986aa4c61ccdb66f8555bf88fc2a65609d00bcabd4d2d94377a727547345cbca?s=96&d=mm&r=g\",\"url\":\"https:\\\/\\\/secure.gravatar.com\\\/avatar\\\/986aa4c61ccdb66f8555bf88fc2a65609d00bcabd4d2d94377a727547345cbca?s=96&d=mm&r=g\",\"contentUrl\":\"https:\\\/\\\/secure.gravatar.com\\\/avatar\\\/986aa4c61ccdb66f8555bf88fc2a65609d00bcabd4d2d94377a727547345cbca?s=96&d=mm&r=g\",\"caption\":\"Farn\u00e9sio\"},\"description\":\"Radialista blogueiro, chegou a Petrolina\\\/Juazeiro em setembro de 1980, Farn\u00e9sio Silva \u00e9 de Arapiraca-Alagoas.\",\"sameAs\":[\"http:\\\/\\\/blogdofarnesio.com.br\",\"https:\\\/\\\/www.facebook.com\\\/?ref=tn_tnmn\",\"https:\\\/\\\/www.instagram.com\\\/?utm_source=pwa_homescreen\",\"https:\\\/\\\/youtube.com.br\\\/\"],\"url\":\"https:\\\/\\\/blogdofarnesio.com.br\\\/author\\\/farnesio-2\\\/\"}]}<\/script>\n<!-- \/ Yoast SEO plugin. -->","yoast_head_json":{"title":"II Sambada do Barra movimenta a Orla de Juazeiro neste s\u00e1bado (14) - Blog do Farn\u00e9sio","robots":{"index":"index","follow":"follow","max-snippet":"max-snippet:-1","max-image-preview":"max-image-preview:large","max-video-preview":"max-video-preview:-1"},"canonical":"https:\/\/blogdofarnesio.com.br\/2026\/03\/ii-sambada-do-barra-movimenta-a-orla-de-juazeiro-neste-sabado-14\/","og_locale":"pt_BR","og_type":"article","og_title":"II Sambada do Barra movimenta a Orla de Juazeiro neste s\u00e1bado (14) - Blog do Farn\u00e9sio","og_description":"Evento acontece a partir das 16h, com capoeira, coco de roda e feira de artesanatos A cidade de Juazeiro (BA) recebe neste s\u00e1bado, 14 de mar\u00e7o, a segunda edi\u00e7\u00e3o da Sambada do Barra, a\u00e7\u00e3o cultural promovida pelo coletivo Coco Barra de Saia. O evento acontece a partir das 16h, na Orla II (parte de baixo), reunindo m\u00fasica, dan\u00e7a, capoeira e artesanato em um encontro que celebra a cultura popular na regi\u00e3o. Realizada mensalmente em espa\u00e7os p\u00fablicos da cidade, a Sambada tem como objetivo fortalecer o coco de roda e contribuir para a preserva\u00e7\u00e3o e difus\u00e3o de saberes ancestrais ligados \u00e0s manifesta\u00e7\u00f5es culturais do Vale do S\u00e3o Francisco. Nesta edi\u00e7\u00e3o, a programa\u00e7\u00e3o come\u00e7a \u00e0s 16h com uma roda de capoeira conduzida&hellip;","og_url":"https:\/\/blogdofarnesio.com.br\/2026\/03\/ii-sambada-do-barra-movimenta-a-orla-de-juazeiro-neste-sabado-14\/","og_site_name":"Blog do Farn\u00e9sio","article_publisher":"https:\/\/www.facebook.com\/BlogQuerSaberPolitica\/","article_author":"https:\/\/www.facebook.com\/?ref=tn_tnmn","article_published_time":"2026-03-14T15:00:41+00:00","og_image":[{"width":480,"height":402,"url":"https:\/\/blogdofarnesio.com.br\/wp-content\/uploads\/2026\/03\/4-e1773442094700.png","type":"image\/png"}],"author":"Farn\u00e9sio","twitter_card":"summary_large_image","twitter_misc":{"Escrito por":"Farn\u00e9sio","Est. tempo de leitura":"2 minutos"},"schema":{"@context":"https:\/\/schema.org","@graph":[{"@type":"Article","@id":"https:\/\/blogdofarnesio.com.br\/2026\/03\/ii-sambada-do-barra-movimenta-a-orla-de-juazeiro-neste-sabado-14\/#article","isPartOf":{"@id":"https:\/\/blogdofarnesio.com.br\/2026\/03\/ii-sambada-do-barra-movimenta-a-orla-de-juazeiro-neste-sabado-14\/"},"author":{"name":"Farn\u00e9sio","@id":"https:\/\/blogdofarnesio.com.br\/#\/schema\/person\/bb9b23ae3ad0609ce8df7b6c9e76824d"},"headline":"II Sambada do Barra movimenta a Orla de Juazeiro neste s\u00e1bado (14)","datePublished":"2026-03-14T15:00:41+00:00","mainEntityOfPage":{"@id":"https:\/\/blogdofarnesio.com.br\/2026\/03\/ii-sambada-do-barra-movimenta-a-orla-de-juazeiro-neste-sabado-14\/"},"wordCount":333,"commentCount":0,"publisher":{"@id":"https:\/\/blogdofarnesio.com.br\/#organization"},"image":{"@id":"https:\/\/blogdofarnesio.com.br\/2026\/03\/ii-sambada-do-barra-movimenta-a-orla-de-juazeiro-neste-sabado-14\/#primaryimage"},"thumbnailUrl":"https:\/\/blogdofarnesio.com.br\/wp-content\/uploads\/2026\/03\/4-e1773442094700.png","articleSection":["Cultura"],"inLanguage":"pt-BR","potentialAction":[{"@type":"CommentAction","name":"Comment","target":["https:\/\/blogdofarnesio.com.br\/2026\/03\/ii-sambada-do-barra-movimenta-a-orla-de-juazeiro-neste-sabado-14\/#respond"]}]},{"@type":"WebPage","@id":"https:\/\/blogdofarnesio.com.br\/2026\/03\/ii-sambada-do-barra-movimenta-a-orla-de-juazeiro-neste-sabado-14\/","url":"https:\/\/blogdofarnesio.com.br\/2026\/03\/ii-sambada-do-barra-movimenta-a-orla-de-juazeiro-neste-sabado-14\/","name":"II Sambada do Barra movimenta a Orla de Juazeiro neste s\u00e1bado (14) - Blog do Farn\u00e9sio","isPartOf":{"@id":"https:\/\/blogdofarnesio.com.br\/#website"},"primaryImageOfPage":{"@id":"https:\/\/blogdofarnesio.com.br\/2026\/03\/ii-sambada-do-barra-movimenta-a-orla-de-juazeiro-neste-sabado-14\/#primaryimage"},"image":{"@id":"https:\/\/blogdofarnesio.com.br\/2026\/03\/ii-sambada-do-barra-movimenta-a-orla-de-juazeiro-neste-sabado-14\/#primaryimage"},"thumbnailUrl":"https:\/\/blogdofarnesio.com.br\/wp-content\/uploads\/2026\/03\/4-e1773442094700.png","datePublished":"2026-03-14T15:00:41+00:00","breadcrumb":{"@id":"https:\/\/blogdofarnesio.com.br\/2026\/03\/ii-sambada-do-barra-movimenta-a-orla-de-juazeiro-neste-sabado-14\/#breadcrumb"},"inLanguage":"pt-BR","potentialAction":[{"@type":"ReadAction","target":["https:\/\/blogdofarnesio.com.br\/2026\/03\/ii-sambada-do-barra-movimenta-a-orla-de-juazeiro-neste-sabado-14\/"]}]},{"@type":"ImageObject","inLanguage":"pt-BR","@id":"https:\/\/blogdofarnesio.com.br\/2026\/03\/ii-sambada-do-barra-movimenta-a-orla-de-juazeiro-neste-sabado-14\/#primaryimage","url":"https:\/\/blogdofarnesio.com.br\/wp-content\/uploads\/2026\/03\/4-e1773442094700.png","contentUrl":"https:\/\/blogdofarnesio.com.br\/wp-content\/uploads\/2026\/03\/4-e1773442094700.png","width":480,"height":402},{"@type":"BreadcrumbList","@id":"https:\/\/blogdofarnesio.com.br\/2026\/03\/ii-sambada-do-barra-movimenta-a-orla-de-juazeiro-neste-sabado-14\/#breadcrumb","itemListElement":[{"@type":"ListItem","position":1,"name":"In\u00edcio","item":"https:\/\/blogdofarnesio.com.br\/"},{"@type":"ListItem","position":2,"name":"II Sambada do Barra movimenta a Orla de Juazeiro neste s\u00e1bado (14)"}]},{"@type":"WebSite","@id":"https:\/\/blogdofarnesio.com.br\/#website","url":"https:\/\/blogdofarnesio.com.br\/","name":"Blog do Farn\u00e9sio","description":"Quer Saber Pol\u00edtica?","publisher":{"@id":"https:\/\/blogdofarnesio.com.br\/#organization"},"potentialAction":[{"@type":"SearchAction","target":{"@type":"EntryPoint","urlTemplate":"https:\/\/blogdofarnesio.com.br\/?s={search_term_string}"},"query-input":{"@type":"PropertyValueSpecification","valueRequired":true,"valueName":"search_term_string"}}],"inLanguage":"pt-BR"},{"@type":"Organization","@id":"https:\/\/blogdofarnesio.com.br\/#organization","name":"Blog do Farn\u00e9sio","url":"https:\/\/blogdofarnesio.com.br\/","logo":{"@type":"ImageObject","inLanguage":"pt-BR","@id":"https:\/\/blogdofarnesio.com.br\/#\/schema\/logo\/image\/","url":"https:\/\/blogdofarnesio.com.br\/wp-content\/uploads\/2026\/03\/cropped-logo_new-1.png","contentUrl":"https:\/\/blogdofarnesio.com.br\/wp-content\/uploads\/2026\/03\/cropped-logo_new-1.png","width":881,"height":685,"caption":"Blog do Farn\u00e9sio"},"image":{"@id":"https:\/\/blogdofarnesio.com.br\/#\/schema\/logo\/image\/"},"sameAs":["https:\/\/www.facebook.com\/BlogQuerSaberPolitica\/"]},{"@type":"Person","@id":"https:\/\/blogdofarnesio.com.br\/#\/schema\/person\/bb9b23ae3ad0609ce8df7b6c9e76824d","name":"Farn\u00e9sio","image":{"@type":"ImageObject","inLanguage":"pt-BR","@id":"https:\/\/secure.gravatar.com\/avatar\/986aa4c61ccdb66f8555bf88fc2a65609d00bcabd4d2d94377a727547345cbca?s=96&d=mm&r=g","url":"https:\/\/secure.gravatar.com\/avatar\/986aa4c61ccdb66f8555bf88fc2a65609d00bcabd4d2d94377a727547345cbca?s=96&d=mm&r=g","contentUrl":"https:\/\/secure.gravatar.com\/avatar\/986aa4c61ccdb66f8555bf88fc2a65609d00bcabd4d2d94377a727547345cbca?s=96&d=mm&r=g","caption":"Farn\u00e9sio"},"description":"Radialista blogueiro, chegou a Petrolina\/Juazeiro em setembro de 1980, Farn\u00e9sio Silva \u00e9 de Arapiraca-Alagoas.","sameAs":["http:\/\/blogdofarnesio.com.br","https:\/\/www.facebook.com\/?ref=tn_tnmn","https:\/\/www.instagram.com\/?utm_source=pwa_homescreen","https:\/\/youtube.com.br\/"],"url":"https:\/\/blogdofarnesio.com.br\/author\/farnesio-2\/"}]}},"_links":{"self":[{"href":"https:\/\/blogdofarnesio.com.br\/wp-json\/wp\/v2\/posts\/417087","targetHints":{"allow":["GET"]}}],"collection":[{"href":"https:\/\/blogdofarnesio.com.br\/wp-json\/wp\/v2\/posts"}],"about":[{"href":"https:\/\/blogdofarnesio.com.br\/wp-json\/wp\/v2\/types\/post"}],"author":[{"embeddable":true,"href":"https:\/\/blogdofarnesio.com.br\/wp-json\/wp\/v2\/users\/2"}],"replies":[{"embeddable":true,"href":"https:\/\/blogdofarnesio.com.br\/wp-json\/wp\/v2\/comments?post=417087"}],"version-history":[{"count":3,"href":"https:\/\/blogdofarnesio.com.br\/wp-json\/wp\/v2\/posts\/417087\/revisions"}],"predecessor-version":[{"id":417092,"href":"https:\/\/blogdofarnesio.com.br\/wp-json\/wp\/v2\/posts\/417087\/revisions\/417092"}],"wp:featuredmedia":[{"embeddable":true,"href":"https:\/\/blogdofarnesio.com.br\/wp-json\/wp\/v2\/media\/417088"}],"wp:attachment":[{"href":"https:\/\/blogdofarnesio.com.br\/wp-json\/wp\/v2\/media?parent=417087"}],"wp:term":[{"taxonomy":"category","embeddable":true,"href":"https:\/\/blogdofarnesio.com.br\/wp-json\/wp\/v2\/categories?post=417087"},{"taxonomy":"post_tag","embeddable":true,"href":"https:\/\/blogdofarnesio.com.br\/wp-json\/wp\/v2\/tags?post=417087"}],"curies":[{"name":"wp","href":"https:\/\/api.w.org\/{rel}","templated":true}]}}