{"id":417079,"date":"2026-03-14T09:31:28","date_gmt":"2026-03-14T12:31:28","guid":{"rendered":"https:\/\/blogdofarnesio.com.br\/?p=417079"},"modified":"2026-03-13T18:32:03","modified_gmt":"2026-03-13T21:32:03","slug":"audiencia-publica-em-floresta-detalha-projeto-de-mineracao-serrote-da-pedra-preta","status":"publish","type":"post","link":"https:\/\/blogdofarnesio.com.br\/2026\/03\/audiencia-publica-em-floresta-detalha-projeto-de-mineracao-serrote-da-pedra-preta\/","title":{"rendered":"Audi\u00eancia P\u00fablica em Floresta detalha projeto de minera\u00e7\u00e3o Serrote da Pedra Preta"},"content":{"rendered":"<p>A Ag\u00eancia Estadual de Meio Ambiente (CPRH) realiza, nesta quarta-feira (dia 18\/03), Audi\u00eancia P\u00fablica para apresentar \u00e0 popula\u00e7\u00e3o de Floresta (438 km do Recife) e regi\u00e3o o projeto de minera\u00e7\u00e3o Serrote da Pedra Preta. O evento est\u00e1 previsto para iniciar \u00e0s 9 horas, no Audit\u00f3rio Dom Francisco Xavier, Centro de Floresta.<\/p>\n<p>Durante a audi\u00eancia ser\u00e3o apresentados o Estudo de Impacto Ambiental e o Relat\u00f3rio de Impacto Ambiental (EIA\/RIMA) e, logo em seguida, ser\u00e1 aberta para a participa\u00e7\u00e3o da popula\u00e7\u00e3o que poder\u00e1 tirar d\u00favidas, fazer questionamentos e contribuir com sugest\u00f5es. A audi\u00eancia ser\u00e1 presidida pelo diretor-presidente da CPRH, Jos\u00e9 de Anchieta dos Santos.<\/p>\n<p>O projeto Serrote da Pedra Preta, proposto pela empresa Ativa Minera\u00e7\u00e3o, prev\u00ea a produ\u00e7\u00e3o de dois tipos de produtos: concentrado de tit\u00e2nio (ilmenita) e min\u00e9rio de ferro com van\u00e1dio. O concentrado de tit\u00e2nio \u00e9 utilizado como mat\u00e9ria-prima na fabrica\u00e7\u00e3o de pigmentos. J\u00e1 o min\u00e9rio de ferro com van\u00e1dio, \u00e9 usado na produ\u00e7\u00e3o de a\u00e7os, ligas met\u00e1licas e em baterias especiais.<\/p>\n<p>O empreendimento fica a aproximadamente 17 km do centro de Floresta, Sert\u00e3o de Itaparica, dist\u00e2ncia percorrida em cerca de 20 minutos. A \u00e1rea para minera\u00e7\u00e3o j\u00e1 teve atividade no passado, o que permite o reaproveitamento da infraestrutura existente.<\/p>\n<p>O EIA\/RIMA do projeto est\u00e1 dispon\u00edvel para consulta p\u00fablica no Portal da Ag\u00eancia CPRH (<a href=\"http:\/\/www.cprh.pe.gov.br\/estudos-e-relatorios-2025\" data-saferedirecturl=\"https:\/\/www.google.com\/url?q=http:\/\/www.cprh.pe.gov.br\/estudos-e-relatorios-2025&amp;source=gmail&amp;ust=1773523260666000&amp;usg=AOvVaw0E3a4oCScsQtfgKQqCWEal\">www.cprh.pe.gov.br\/estudos-e-relatorios-2025<\/a>). L\u00e1 est\u00e3o, entre outros pontos, diagn\u00f3stico, informa\u00e7\u00f5es ambientais da \u00e1rea e dados sobre a elabora\u00e7\u00e3o, a opera\u00e7\u00e3o, os impactos ambientais e as a\u00e7\u00f5es mitigadoras das atividades da minera\u00e7\u00e3o.<\/p>\n<p>A Audi\u00eancia P\u00fablica tamb\u00e9m ser\u00e1 transmitida ao vivo pelo canal oficial da CPRH no Youtube:\u00a0<a href=\"http:\/\/www.youtube.com\/cprhoficial\" data-saferedirecturl=\"https:\/\/www.google.com\/url?q=http:\/\/www.youtube.com\/cprhoficial&amp;source=gmail&amp;ust=1773523260666000&amp;usg=AOvVaw0Q3EUlFbXtmABbhnsEx23Y\">www.youtube.com\/cprhoficial<\/a>.<\/p>\n<p><strong>SERVI\u00c7O:<\/strong><\/p>\n<p><strong>AUDI\u00caNCIA P\u00daBLICA SOBRE O PROJETO SERROTE DA PEDRA PRETA<\/strong><\/p>\n<p><strong>Data:<\/strong>\u00a0<em>quarta-feira (18\/03\/2026)<\/em><\/p>\n<p><strong>Hor\u00e1rio:\u00a0<\/strong><em>9 horas<\/em><\/p>\n<p><strong>Local:<\/strong>\u00a0<em>Audit\u00f3rio Dom Francisco Xavier<\/em><\/p>\n<p><strong>Endere\u00e7o:\u00a0<\/strong><em>Rua Joaquim Alencar Jardim, S\/N \u2013 Centro \u2013 Floresta &#8211; PE<\/em><\/p>\n<p>&nbsp;<\/p>\n<p><strong>Ger\u00eancia de Comunica\u00e7\u00e3o Social e Educa\u00e7\u00e3o Ambiental \/ CPRH:<\/strong><\/p>\n","protected":false},"excerpt":{"rendered":"<p>A Ag\u00eancia Estadual de Meio Ambiente (CPRH) realiza, nesta quarta-feira (dia 18\/03), Audi\u00eancia P\u00fablica para apresentar \u00e0 popula\u00e7\u00e3o de Floresta (438 km do Recife) e regi\u00e3o o projeto de minera\u00e7\u00e3o Serrote da Pedra Preta. O evento est\u00e1 previsto para iniciar \u00e0s 9 horas, no Audit\u00f3rio Dom Francisco Xavier, Centro de Floresta. Durante a audi\u00eancia ser\u00e3o apresentados o Estudo de Impacto Ambiental e o Relat\u00f3rio de Impacto Ambiental (EIA\/RIMA) e, logo em seguida, ser\u00e1 aberta para a participa\u00e7\u00e3o da popula\u00e7\u00e3o que poder\u00e1 tirar d\u00favidas, fazer questionamentos e contribuir com sugest\u00f5es. A audi\u00eancia ser\u00e1 presidida pelo diretor-presidente da CPRH, Jos\u00e9 de Anchieta dos Santos. O projeto Serrote da Pedra Preta, proposto pela empresa Ativa Minera\u00e7\u00e3o, prev\u00ea a produ\u00e7\u00e3o de dois tipos de&hellip; <\/p>\n","protected":false},"author":2,"featured_media":417080,"comment_status":"open","ping_status":"open","sticky":false,"template":"","format":"standard","meta":{"_acf_changed":false,"footnotes":""},"categories":[29],"tags":[],"class_list":["post-417079","post","type-post","status-publish","format-standard","has-post-thumbnail","hentry","category-meio-ambiente"],"acf":[],"yoast_head":"<!-- This site is optimized with the Yoast SEO plugin v27.5 - https:\/\/yoast.com\/product\/yoast-seo-wordpress\/ -->\n<title>Audi\u00eancia P\u00fablica em Floresta detalha projeto de minera\u00e7\u00e3o Serrote da Pedra Preta - Blog do Farn\u00e9sio<\/title>\n<meta name=\"robots\" content=\"index, follow, max-snippet:-1, max-image-preview:large, max-video-preview:-1\" \/>\n<link rel=\"canonical\" href=\"https:\/\/blogdofarnesio.com.br\/2026\/03\/audiencia-publica-em-floresta-detalha-projeto-de-mineracao-serrote-da-pedra-preta\/\" \/>\n<meta property=\"og:locale\" content=\"pt_BR\" \/>\n<meta property=\"og:type\" content=\"article\" \/>\n<meta property=\"og:title\" content=\"Audi\u00eancia P\u00fablica em Floresta detalha projeto de minera\u00e7\u00e3o Serrote da Pedra Preta - Blog do Farn\u00e9sio\" \/>\n<meta property=\"og:description\" content=\"A Ag\u00eancia Estadual de Meio Ambiente (CPRH) realiza, nesta quarta-feira (dia 18\/03), Audi\u00eancia P\u00fablica para apresentar \u00e0 popula\u00e7\u00e3o de Floresta (438 km do Recife) e regi\u00e3o o projeto de minera\u00e7\u00e3o Serrote da Pedra Preta. O evento est\u00e1 previsto para iniciar \u00e0s 9 horas, no Audit\u00f3rio Dom Francisco Xavier, Centro de Floresta. Durante a audi\u00eancia ser\u00e3o apresentados o Estudo de Impacto Ambiental e o Relat\u00f3rio de Impacto Ambiental (EIA\/RIMA) e, logo em seguida, ser\u00e1 aberta para a participa\u00e7\u00e3o da popula\u00e7\u00e3o que poder\u00e1 tirar d\u00favidas, fazer questionamentos e contribuir com sugest\u00f5es. A audi\u00eancia ser\u00e1 presidida pelo diretor-presidente da CPRH, Jos\u00e9 de Anchieta dos Santos. O projeto Serrote da Pedra Preta, proposto pela empresa Ativa Minera\u00e7\u00e3o, prev\u00ea a produ\u00e7\u00e3o de dois tipos de&hellip;\" \/>\n<meta property=\"og:url\" content=\"https:\/\/blogdofarnesio.com.br\/2026\/03\/audiencia-publica-em-floresta-detalha-projeto-de-mineracao-serrote-da-pedra-preta\/\" \/>\n<meta property=\"og:site_name\" content=\"Blog do Farn\u00e9sio\" \/>\n<meta property=\"article:publisher\" content=\"https:\/\/www.facebook.com\/BlogQuerSaberPolitica\/\" \/>\n<meta property=\"article:author\" content=\"https:\/\/www.facebook.com\/?ref=tn_tnmn\" \/>\n<meta property=\"article:published_time\" content=\"2026-03-14T12:31:28+00:00\" \/>\n<meta property=\"og:image\" content=\"https:\/\/blogdofarnesio.com.br\/wp-content\/uploads\/2026\/03\/blogqspfloresta-mineracao-e1773437490970.jpg\" \/>\n\t<meta property=\"og:image:width\" content=\"667\" \/>\n\t<meta property=\"og:image:height\" content=\"379\" \/>\n\t<meta property=\"og:image:type\" content=\"image\/jpeg\" \/>\n<meta name=\"author\" content=\"Farn\u00e9sio\" \/>\n<meta name=\"twitter:card\" content=\"summary_large_image\" \/>\n<meta name=\"twitter:label1\" content=\"Escrito por\" \/>\n\t<meta name=\"twitter:data1\" content=\"Farn\u00e9sio\" \/>\n\t<meta name=\"twitter:label2\" content=\"Est. tempo de leitura\" \/>\n\t<meta name=\"twitter:data2\" content=\"2 minutos\" \/>\n<script type=\"application\/ld+json\" class=\"yoast-schema-graph\">{\"@context\":\"https:\\\/\\\/schema.org\",\"@graph\":[{\"@type\":\"Article\",\"@id\":\"https:\\\/\\\/blogdofarnesio.com.br\\\/2026\\\/03\\\/audiencia-publica-em-floresta-detalha-projeto-de-mineracao-serrote-da-pedra-preta\\\/#article\",\"isPartOf\":{\"@id\":\"https:\\\/\\\/blogdofarnesio.com.br\\\/2026\\\/03\\\/audiencia-publica-em-floresta-detalha-projeto-de-mineracao-serrote-da-pedra-preta\\\/\"},\"author\":{\"name\":\"Farn\u00e9sio\",\"@id\":\"https:\\\/\\\/blogdofarnesio.com.br\\\/#\\\/schema\\\/person\\\/bb9b23ae3ad0609ce8df7b6c9e76824d\"},\"headline\":\"Audi\u00eancia P\u00fablica em Floresta detalha projeto de minera\u00e7\u00e3o Serrote da Pedra Preta\",\"datePublished\":\"2026-03-14T12:31:28+00:00\",\"mainEntityOfPage\":{\"@id\":\"https:\\\/\\\/blogdofarnesio.com.br\\\/2026\\\/03\\\/audiencia-publica-em-floresta-detalha-projeto-de-mineracao-serrote-da-pedra-preta\\\/\"},\"wordCount\":368,\"commentCount\":0,\"publisher\":{\"@id\":\"https:\\\/\\\/blogdofarnesio.com.br\\\/#organization\"},\"image\":{\"@id\":\"https:\\\/\\\/blogdofarnesio.com.br\\\/2026\\\/03\\\/audiencia-publica-em-floresta-detalha-projeto-de-mineracao-serrote-da-pedra-preta\\\/#primaryimage\"},\"thumbnailUrl\":\"https:\\\/\\\/blogdofarnesio.com.br\\\/wp-content\\\/uploads\\\/2026\\\/03\\\/blogqspfloresta-mineracao-e1773437490970.jpg\",\"articleSection\":[\"Meio Ambiente\"],\"inLanguage\":\"pt-BR\",\"potentialAction\":[{\"@type\":\"CommentAction\",\"name\":\"Comment\",\"target\":[\"https:\\\/\\\/blogdofarnesio.com.br\\\/2026\\\/03\\\/audiencia-publica-em-floresta-detalha-projeto-de-mineracao-serrote-da-pedra-preta\\\/#respond\"]}]},{\"@type\":\"WebPage\",\"@id\":\"https:\\\/\\\/blogdofarnesio.com.br\\\/2026\\\/03\\\/audiencia-publica-em-floresta-detalha-projeto-de-mineracao-serrote-da-pedra-preta\\\/\",\"url\":\"https:\\\/\\\/blogdofarnesio.com.br\\\/2026\\\/03\\\/audiencia-publica-em-floresta-detalha-projeto-de-mineracao-serrote-da-pedra-preta\\\/\",\"name\":\"Audi\u00eancia P\u00fablica em Floresta detalha projeto de minera\u00e7\u00e3o Serrote da Pedra Preta - Blog do Farn\u00e9sio\",\"isPartOf\":{\"@id\":\"https:\\\/\\\/blogdofarnesio.com.br\\\/#website\"},\"primaryImageOfPage\":{\"@id\":\"https:\\\/\\\/blogdofarnesio.com.br\\\/2026\\\/03\\\/audiencia-publica-em-floresta-detalha-projeto-de-mineracao-serrote-da-pedra-preta\\\/#primaryimage\"},\"image\":{\"@id\":\"https:\\\/\\\/blogdofarnesio.com.br\\\/2026\\\/03\\\/audiencia-publica-em-floresta-detalha-projeto-de-mineracao-serrote-da-pedra-preta\\\/#primaryimage\"},\"thumbnailUrl\":\"https:\\\/\\\/blogdofarnesio.com.br\\\/wp-content\\\/uploads\\\/2026\\\/03\\\/blogqspfloresta-mineracao-e1773437490970.jpg\",\"datePublished\":\"2026-03-14T12:31:28+00:00\",\"breadcrumb\":{\"@id\":\"https:\\\/\\\/blogdofarnesio.com.br\\\/2026\\\/03\\\/audiencia-publica-em-floresta-detalha-projeto-de-mineracao-serrote-da-pedra-preta\\\/#breadcrumb\"},\"inLanguage\":\"pt-BR\",\"potentialAction\":[{\"@type\":\"ReadAction\",\"target\":[\"https:\\\/\\\/blogdofarnesio.com.br\\\/2026\\\/03\\\/audiencia-publica-em-floresta-detalha-projeto-de-mineracao-serrote-da-pedra-preta\\\/\"]}]},{\"@type\":\"ImageObject\",\"inLanguage\":\"pt-BR\",\"@id\":\"https:\\\/\\\/blogdofarnesio.com.br\\\/2026\\\/03\\\/audiencia-publica-em-floresta-detalha-projeto-de-mineracao-serrote-da-pedra-preta\\\/#primaryimage\",\"url\":\"https:\\\/\\\/blogdofarnesio.com.br\\\/wp-content\\\/uploads\\\/2026\\\/03\\\/blogqspfloresta-mineracao-e1773437490970.jpg\",\"contentUrl\":\"https:\\\/\\\/blogdofarnesio.com.br\\\/wp-content\\\/uploads\\\/2026\\\/03\\\/blogqspfloresta-mineracao-e1773437490970.jpg\",\"width\":667,\"height\":379},{\"@type\":\"BreadcrumbList\",\"@id\":\"https:\\\/\\\/blogdofarnesio.com.br\\\/2026\\\/03\\\/audiencia-publica-em-floresta-detalha-projeto-de-mineracao-serrote-da-pedra-preta\\\/#breadcrumb\",\"itemListElement\":[{\"@type\":\"ListItem\",\"position\":1,\"name\":\"In\u00edcio\",\"item\":\"https:\\\/\\\/blogdofarnesio.com.br\\\/\"},{\"@type\":\"ListItem\",\"position\":2,\"name\":\"Audi\u00eancia P\u00fablica em Floresta detalha projeto de minera\u00e7\u00e3o Serrote da Pedra Preta\"}]},{\"@type\":\"WebSite\",\"@id\":\"https:\\\/\\\/blogdofarnesio.com.br\\\/#website\",\"url\":\"https:\\\/\\\/blogdofarnesio.com.br\\\/\",\"name\":\"Blog do Farn\u00e9sio\",\"description\":\"Quer Saber Pol\u00edtica?\",\"publisher\":{\"@id\":\"https:\\\/\\\/blogdofarnesio.com.br\\\/#organization\"},\"potentialAction\":[{\"@type\":\"SearchAction\",\"target\":{\"@type\":\"EntryPoint\",\"urlTemplate\":\"https:\\\/\\\/blogdofarnesio.com.br\\\/?s={search_term_string}\"},\"query-input\":{\"@type\":\"PropertyValueSpecification\",\"valueRequired\":true,\"valueName\":\"search_term_string\"}}],\"inLanguage\":\"pt-BR\"},{\"@type\":\"Organization\",\"@id\":\"https:\\\/\\\/blogdofarnesio.com.br\\\/#organization\",\"name\":\"Blog do Farn\u00e9sio\",\"url\":\"https:\\\/\\\/blogdofarnesio.com.br\\\/\",\"logo\":{\"@type\":\"ImageObject\",\"inLanguage\":\"pt-BR\",\"@id\":\"https:\\\/\\\/blogdofarnesio.com.br\\\/#\\\/schema\\\/logo\\\/image\\\/\",\"url\":\"https:\\\/\\\/blogdofarnesio.com.br\\\/wp-content\\\/uploads\\\/2026\\\/03\\\/cropped-logo_new-1.png\",\"contentUrl\":\"https:\\\/\\\/blogdofarnesio.com.br\\\/wp-content\\\/uploads\\\/2026\\\/03\\\/cropped-logo_new-1.png\",\"width\":881,\"height\":685,\"caption\":\"Blog do Farn\u00e9sio\"},\"image\":{\"@id\":\"https:\\\/\\\/blogdofarnesio.com.br\\\/#\\\/schema\\\/logo\\\/image\\\/\"},\"sameAs\":[\"https:\\\/\\\/www.facebook.com\\\/BlogQuerSaberPolitica\\\/\"]},{\"@type\":\"Person\",\"@id\":\"https:\\\/\\\/blogdofarnesio.com.br\\\/#\\\/schema\\\/person\\\/bb9b23ae3ad0609ce8df7b6c9e76824d\",\"name\":\"Farn\u00e9sio\",\"image\":{\"@type\":\"ImageObject\",\"inLanguage\":\"pt-BR\",\"@id\":\"https:\\\/\\\/secure.gravatar.com\\\/avatar\\\/986aa4c61ccdb66f8555bf88fc2a65609d00bcabd4d2d94377a727547345cbca?s=96&d=mm&r=g\",\"url\":\"https:\\\/\\\/secure.gravatar.com\\\/avatar\\\/986aa4c61ccdb66f8555bf88fc2a65609d00bcabd4d2d94377a727547345cbca?s=96&d=mm&r=g\",\"contentUrl\":\"https:\\\/\\\/secure.gravatar.com\\\/avatar\\\/986aa4c61ccdb66f8555bf88fc2a65609d00bcabd4d2d94377a727547345cbca?s=96&d=mm&r=g\",\"caption\":\"Farn\u00e9sio\"},\"description\":\"Radialista blogueiro, chegou a Petrolina\\\/Juazeiro em setembro de 1980, Farn\u00e9sio Silva \u00e9 de Arapiraca-Alagoas.\",\"sameAs\":[\"http:\\\/\\\/blogdofarnesio.com.br\",\"https:\\\/\\\/www.facebook.com\\\/?ref=tn_tnmn\",\"https:\\\/\\\/www.instagram.com\\\/?utm_source=pwa_homescreen\",\"https:\\\/\\\/youtube.com.br\\\/\"],\"url\":\"https:\\\/\\\/blogdofarnesio.com.br\\\/author\\\/farnesio-2\\\/\"}]}<\/script>\n<!-- \/ Yoast SEO plugin. -->","yoast_head_json":{"title":"Audi\u00eancia P\u00fablica em Floresta detalha projeto de minera\u00e7\u00e3o Serrote da Pedra Preta - Blog do Farn\u00e9sio","robots":{"index":"index","follow":"follow","max-snippet":"max-snippet:-1","max-image-preview":"max-image-preview:large","max-video-preview":"max-video-preview:-1"},"canonical":"https:\/\/blogdofarnesio.com.br\/2026\/03\/audiencia-publica-em-floresta-detalha-projeto-de-mineracao-serrote-da-pedra-preta\/","og_locale":"pt_BR","og_type":"article","og_title":"Audi\u00eancia P\u00fablica em Floresta detalha projeto de minera\u00e7\u00e3o Serrote da Pedra Preta - Blog do Farn\u00e9sio","og_description":"A Ag\u00eancia Estadual de Meio Ambiente (CPRH) realiza, nesta quarta-feira (dia 18\/03), Audi\u00eancia P\u00fablica para apresentar \u00e0 popula\u00e7\u00e3o de Floresta (438 km do Recife) e regi\u00e3o o projeto de minera\u00e7\u00e3o Serrote da Pedra Preta. O evento est\u00e1 previsto para iniciar \u00e0s 9 horas, no Audit\u00f3rio Dom Francisco Xavier, Centro de Floresta. Durante a audi\u00eancia ser\u00e3o apresentados o Estudo de Impacto Ambiental e o Relat\u00f3rio de Impacto Ambiental (EIA\/RIMA) e, logo em seguida, ser\u00e1 aberta para a participa\u00e7\u00e3o da popula\u00e7\u00e3o que poder\u00e1 tirar d\u00favidas, fazer questionamentos e contribuir com sugest\u00f5es. A audi\u00eancia ser\u00e1 presidida pelo diretor-presidente da CPRH, Jos\u00e9 de Anchieta dos Santos. O projeto Serrote da Pedra Preta, proposto pela empresa Ativa Minera\u00e7\u00e3o, prev\u00ea a produ\u00e7\u00e3o de dois tipos de&hellip;","og_url":"https:\/\/blogdofarnesio.com.br\/2026\/03\/audiencia-publica-em-floresta-detalha-projeto-de-mineracao-serrote-da-pedra-preta\/","og_site_name":"Blog do Farn\u00e9sio","article_publisher":"https:\/\/www.facebook.com\/BlogQuerSaberPolitica\/","article_author":"https:\/\/www.facebook.com\/?ref=tn_tnmn","article_published_time":"2026-03-14T12:31:28+00:00","og_image":[{"width":667,"height":379,"url":"https:\/\/blogdofarnesio.com.br\/wp-content\/uploads\/2026\/03\/blogqspfloresta-mineracao-e1773437490970.jpg","type":"image\/jpeg"}],"author":"Farn\u00e9sio","twitter_card":"summary_large_image","twitter_misc":{"Escrito por":"Farn\u00e9sio","Est. tempo de leitura":"2 minutos"},"schema":{"@context":"https:\/\/schema.org","@graph":[{"@type":"Article","@id":"https:\/\/blogdofarnesio.com.br\/2026\/03\/audiencia-publica-em-floresta-detalha-projeto-de-mineracao-serrote-da-pedra-preta\/#article","isPartOf":{"@id":"https:\/\/blogdofarnesio.com.br\/2026\/03\/audiencia-publica-em-floresta-detalha-projeto-de-mineracao-serrote-da-pedra-preta\/"},"author":{"name":"Farn\u00e9sio","@id":"https:\/\/blogdofarnesio.com.br\/#\/schema\/person\/bb9b23ae3ad0609ce8df7b6c9e76824d"},"headline":"Audi\u00eancia P\u00fablica em Floresta detalha projeto de minera\u00e7\u00e3o Serrote da Pedra Preta","datePublished":"2026-03-14T12:31:28+00:00","mainEntityOfPage":{"@id":"https:\/\/blogdofarnesio.com.br\/2026\/03\/audiencia-publica-em-floresta-detalha-projeto-de-mineracao-serrote-da-pedra-preta\/"},"wordCount":368,"commentCount":0,"publisher":{"@id":"https:\/\/blogdofarnesio.com.br\/#organization"},"image":{"@id":"https:\/\/blogdofarnesio.com.br\/2026\/03\/audiencia-publica-em-floresta-detalha-projeto-de-mineracao-serrote-da-pedra-preta\/#primaryimage"},"thumbnailUrl":"https:\/\/blogdofarnesio.com.br\/wp-content\/uploads\/2026\/03\/blogqspfloresta-mineracao-e1773437490970.jpg","articleSection":["Meio Ambiente"],"inLanguage":"pt-BR","potentialAction":[{"@type":"CommentAction","name":"Comment","target":["https:\/\/blogdofarnesio.com.br\/2026\/03\/audiencia-publica-em-floresta-detalha-projeto-de-mineracao-serrote-da-pedra-preta\/#respond"]}]},{"@type":"WebPage","@id":"https:\/\/blogdofarnesio.com.br\/2026\/03\/audiencia-publica-em-floresta-detalha-projeto-de-mineracao-serrote-da-pedra-preta\/","url":"https:\/\/blogdofarnesio.com.br\/2026\/03\/audiencia-publica-em-floresta-detalha-projeto-de-mineracao-serrote-da-pedra-preta\/","name":"Audi\u00eancia P\u00fablica em Floresta detalha projeto de minera\u00e7\u00e3o Serrote da Pedra Preta - Blog do Farn\u00e9sio","isPartOf":{"@id":"https:\/\/blogdofarnesio.com.br\/#website"},"primaryImageOfPage":{"@id":"https:\/\/blogdofarnesio.com.br\/2026\/03\/audiencia-publica-em-floresta-detalha-projeto-de-mineracao-serrote-da-pedra-preta\/#primaryimage"},"image":{"@id":"https:\/\/blogdofarnesio.com.br\/2026\/03\/audiencia-publica-em-floresta-detalha-projeto-de-mineracao-serrote-da-pedra-preta\/#primaryimage"},"thumbnailUrl":"https:\/\/blogdofarnesio.com.br\/wp-content\/uploads\/2026\/03\/blogqspfloresta-mineracao-e1773437490970.jpg","datePublished":"2026-03-14T12:31:28+00:00","breadcrumb":{"@id":"https:\/\/blogdofarnesio.com.br\/2026\/03\/audiencia-publica-em-floresta-detalha-projeto-de-mineracao-serrote-da-pedra-preta\/#breadcrumb"},"inLanguage":"pt-BR","potentialAction":[{"@type":"ReadAction","target":["https:\/\/blogdofarnesio.com.br\/2026\/03\/audiencia-publica-em-floresta-detalha-projeto-de-mineracao-serrote-da-pedra-preta\/"]}]},{"@type":"ImageObject","inLanguage":"pt-BR","@id":"https:\/\/blogdofarnesio.com.br\/2026\/03\/audiencia-publica-em-floresta-detalha-projeto-de-mineracao-serrote-da-pedra-preta\/#primaryimage","url":"https:\/\/blogdofarnesio.com.br\/wp-content\/uploads\/2026\/03\/blogqspfloresta-mineracao-e1773437490970.jpg","contentUrl":"https:\/\/blogdofarnesio.com.br\/wp-content\/uploads\/2026\/03\/blogqspfloresta-mineracao-e1773437490970.jpg","width":667,"height":379},{"@type":"BreadcrumbList","@id":"https:\/\/blogdofarnesio.com.br\/2026\/03\/audiencia-publica-em-floresta-detalha-projeto-de-mineracao-serrote-da-pedra-preta\/#breadcrumb","itemListElement":[{"@type":"ListItem","position":1,"name":"In\u00edcio","item":"https:\/\/blogdofarnesio.com.br\/"},{"@type":"ListItem","position":2,"name":"Audi\u00eancia P\u00fablica em Floresta detalha projeto de minera\u00e7\u00e3o Serrote da Pedra Preta"}]},{"@type":"WebSite","@id":"https:\/\/blogdofarnesio.com.br\/#website","url":"https:\/\/blogdofarnesio.com.br\/","name":"Blog do Farn\u00e9sio","description":"Quer Saber Pol\u00edtica?","publisher":{"@id":"https:\/\/blogdofarnesio.com.br\/#organization"},"potentialAction":[{"@type":"SearchAction","target":{"@type":"EntryPoint","urlTemplate":"https:\/\/blogdofarnesio.com.br\/?s={search_term_string}"},"query-input":{"@type":"PropertyValueSpecification","valueRequired":true,"valueName":"search_term_string"}}],"inLanguage":"pt-BR"},{"@type":"Organization","@id":"https:\/\/blogdofarnesio.com.br\/#organization","name":"Blog do Farn\u00e9sio","url":"https:\/\/blogdofarnesio.com.br\/","logo":{"@type":"ImageObject","inLanguage":"pt-BR","@id":"https:\/\/blogdofarnesio.com.br\/#\/schema\/logo\/image\/","url":"https:\/\/blogdofarnesio.com.br\/wp-content\/uploads\/2026\/03\/cropped-logo_new-1.png","contentUrl":"https:\/\/blogdofarnesio.com.br\/wp-content\/uploads\/2026\/03\/cropped-logo_new-1.png","width":881,"height":685,"caption":"Blog do Farn\u00e9sio"},"image":{"@id":"https:\/\/blogdofarnesio.com.br\/#\/schema\/logo\/image\/"},"sameAs":["https:\/\/www.facebook.com\/BlogQuerSaberPolitica\/"]},{"@type":"Person","@id":"https:\/\/blogdofarnesio.com.br\/#\/schema\/person\/bb9b23ae3ad0609ce8df7b6c9e76824d","name":"Farn\u00e9sio","image":{"@type":"ImageObject","inLanguage":"pt-BR","@id":"https:\/\/secure.gravatar.com\/avatar\/986aa4c61ccdb66f8555bf88fc2a65609d00bcabd4d2d94377a727547345cbca?s=96&d=mm&r=g","url":"https:\/\/secure.gravatar.com\/avatar\/986aa4c61ccdb66f8555bf88fc2a65609d00bcabd4d2d94377a727547345cbca?s=96&d=mm&r=g","contentUrl":"https:\/\/secure.gravatar.com\/avatar\/986aa4c61ccdb66f8555bf88fc2a65609d00bcabd4d2d94377a727547345cbca?s=96&d=mm&r=g","caption":"Farn\u00e9sio"},"description":"Radialista blogueiro, chegou a Petrolina\/Juazeiro em setembro de 1980, Farn\u00e9sio Silva \u00e9 de Arapiraca-Alagoas.","sameAs":["http:\/\/blogdofarnesio.com.br","https:\/\/www.facebook.com\/?ref=tn_tnmn","https:\/\/www.instagram.com\/?utm_source=pwa_homescreen","https:\/\/youtube.com.br\/"],"url":"https:\/\/blogdofarnesio.com.br\/author\/farnesio-2\/"}]}},"_links":{"self":[{"href":"https:\/\/blogdofarnesio.com.br\/wp-json\/wp\/v2\/posts\/417079","targetHints":{"allow":["GET"]}}],"collection":[{"href":"https:\/\/blogdofarnesio.com.br\/wp-json\/wp\/v2\/posts"}],"about":[{"href":"https:\/\/blogdofarnesio.com.br\/wp-json\/wp\/v2\/types\/post"}],"author":[{"embeddable":true,"href":"https:\/\/blogdofarnesio.com.br\/wp-json\/wp\/v2\/users\/2"}],"replies":[{"embeddable":true,"href":"https:\/\/blogdofarnesio.com.br\/wp-json\/wp\/v2\/comments?post=417079"}],"version-history":[{"count":1,"href":"https:\/\/blogdofarnesio.com.br\/wp-json\/wp\/v2\/posts\/417079\/revisions"}],"predecessor-version":[{"id":417081,"href":"https:\/\/blogdofarnesio.com.br\/wp-json\/wp\/v2\/posts\/417079\/revisions\/417081"}],"wp:featuredmedia":[{"embeddable":true,"href":"https:\/\/blogdofarnesio.com.br\/wp-json\/wp\/v2\/media\/417080"}],"wp:attachment":[{"href":"https:\/\/blogdofarnesio.com.br\/wp-json\/wp\/v2\/media?parent=417079"}],"wp:term":[{"taxonomy":"category","embeddable":true,"href":"https:\/\/blogdofarnesio.com.br\/wp-json\/wp\/v2\/categories?post=417079"},{"taxonomy":"post_tag","embeddable":true,"href":"https:\/\/blogdofarnesio.com.br\/wp-json\/wp\/v2\/tags?post=417079"}],"curies":[{"name":"wp","href":"https:\/\/api.w.org\/{rel}","templated":true}]}}