{"id":417071,"date":"2026-03-14T09:00:49","date_gmt":"2026-03-14T12:00:49","guid":{"rendered":"https:\/\/blogdofarnesio.com.br\/?p=417071"},"modified":"2026-03-13T18:26:01","modified_gmt":"2026-03-13T21:26:01","slug":"prorrogado-o-prazo-para-pagamento-do-iptu-de-petrolina-com-desconto-de-15","status":"publish","type":"post","link":"https:\/\/blogdofarnesio.com.br\/2026\/03\/prorrogado-o-prazo-para-pagamento-do-iptu-de-petrolina-com-desconto-de-15\/","title":{"rendered":"Prorrogado o prazo para pagamento do IPTU de Petrolina com desconto de 15%"},"content":{"rendered":"<p>Moradores de Petrolina ganharam mais alguns dias para aproveitar o desconto especial no pagamento do Imposto Predial e Territorial Urbano (IPTU). A Prefeitura de Petrolina, por meio da Secretaria de Receitas Municipais, informa que, devido \u00e0 instabilidade t\u00e9cnica e \u00e0 alta demanda de acessos ao sistema, o prazo para pagamento em cota \u00fanica com desconto de 15% foi prorrogado at\u00e9 o dia 20 de mar\u00e7o.<\/p>\n<p>Para emitir a guia, basta informar a inscri\u00e7\u00e3o cadastral do im\u00f3vel ou o CPF\/CNPJ do propriet\u00e1rio. O pagamento pode ser realizado por meio de c\u00f3digo de barras ou QR Code. O Documento de Arrecada\u00e7\u00e3o Municipal (DAM) pode ser gerado diretamente no site da Prefeitura.<\/p>\n<p>O documento enviado \u00e0s resid\u00eancias mant\u00e9m o vencimento para 13 de abril de 2026, com 10% de desconto para pagamento em cota \u00fanica. Tamb\u00e9m \u00e9 poss\u00edvel optar pelo parcelamento do imposto em at\u00e9 oito vezes, com vencimentos entre abril e novembro.<\/p>\n<p>Em caso de d\u00favidas, o atendimento presencial \u00e9 realizado na Secretaria de Receitas Municipais, no pr\u00e9dio da Prefeitura, localizado na Avenida Guararapes, n\u00ba 2114, Centro, de segunda a sexta-feira, das 7h \u00e0s 13h, sem necessidade de agendamento.<\/p>\n","protected":false},"excerpt":{"rendered":"<p>Moradores de Petrolina ganharam mais alguns dias para aproveitar o desconto especial no pagamento do Imposto Predial e Territorial Urbano (IPTU). A Prefeitura de Petrolina, por meio da Secretaria de Receitas Municipais, informa que, devido \u00e0 instabilidade t\u00e9cnica e \u00e0 alta demanda de acessos ao sistema, o prazo para pagamento em cota \u00fanica com desconto de 15% foi prorrogado at\u00e9 o dia 20 de mar\u00e7o. Para emitir a guia, basta informar a inscri\u00e7\u00e3o cadastral do im\u00f3vel ou o CPF\/CNPJ do propriet\u00e1rio. O pagamento pode ser realizado por meio de c\u00f3digo de barras ou QR Code. O Documento de Arrecada\u00e7\u00e3o Municipal (DAM) pode ser gerado diretamente no site da Prefeitura. O documento enviado \u00e0s resid\u00eancias mant\u00e9m o vencimento para 13 de&hellip; <\/p>\n","protected":false},"author":2,"featured_media":409955,"comment_status":"open","ping_status":"open","sticky":false,"template":"","format":"standard","meta":{"_acf_changed":false,"footnotes":""},"categories":[20],"tags":[],"class_list":["post-417071","post","type-post","status-publish","format-standard","has-post-thumbnail","hentry","category-economia"],"acf":[],"yoast_head":"<!-- This site is optimized with the Yoast SEO plugin v27.5 - https:\/\/yoast.com\/product\/yoast-seo-wordpress\/ -->\n<title>Prorrogado o prazo para pagamento do IPTU de Petrolina com desconto de 15% - Blog do Farn\u00e9sio<\/title>\n<meta name=\"robots\" content=\"index, follow, max-snippet:-1, max-image-preview:large, max-video-preview:-1\" \/>\n<link rel=\"canonical\" href=\"https:\/\/blogdofarnesio.com.br\/2026\/03\/prorrogado-o-prazo-para-pagamento-do-iptu-de-petrolina-com-desconto-de-15\/\" \/>\n<meta property=\"og:locale\" content=\"pt_BR\" \/>\n<meta property=\"og:type\" content=\"article\" \/>\n<meta property=\"og:title\" content=\"Prorrogado o prazo para pagamento do IPTU de Petrolina com desconto de 15% - Blog do Farn\u00e9sio\" \/>\n<meta property=\"og:description\" content=\"Moradores de Petrolina ganharam mais alguns dias para aproveitar o desconto especial no pagamento do Imposto Predial e Territorial Urbano (IPTU). A Prefeitura de Petrolina, por meio da Secretaria de Receitas Municipais, informa que, devido \u00e0 instabilidade t\u00e9cnica e \u00e0 alta demanda de acessos ao sistema, o prazo para pagamento em cota \u00fanica com desconto de 15% foi prorrogado at\u00e9 o dia 20 de mar\u00e7o. Para emitir a guia, basta informar a inscri\u00e7\u00e3o cadastral do im\u00f3vel ou o CPF\/CNPJ do propriet\u00e1rio. O pagamento pode ser realizado por meio de c\u00f3digo de barras ou QR Code. O Documento de Arrecada\u00e7\u00e3o Municipal (DAM) pode ser gerado diretamente no site da Prefeitura. O documento enviado \u00e0s resid\u00eancias mant\u00e9m o vencimento para 13 de&hellip;\" \/>\n<meta property=\"og:url\" content=\"https:\/\/blogdofarnesio.com.br\/2026\/03\/prorrogado-o-prazo-para-pagamento-do-iptu-de-petrolina-com-desconto-de-15\/\" \/>\n<meta property=\"og:site_name\" content=\"Blog do Farn\u00e9sio\" \/>\n<meta property=\"article:publisher\" content=\"https:\/\/www.facebook.com\/BlogQuerSaberPolitica\/\" \/>\n<meta property=\"article:author\" content=\"https:\/\/www.facebook.com\/?ref=tn_tnmn\" \/>\n<meta property=\"article:published_time\" content=\"2026-03-14T12:00:49+00:00\" \/>\n<meta property=\"og:image\" content=\"https:\/\/blogdofarnesio.com.br\/wp-content\/uploads\/2025\/12\/IPTU-e1765031164717.jpg\" \/>\n\t<meta property=\"og:image:width\" content=\"600\" \/>\n\t<meta property=\"og:image:height\" content=\"450\" \/>\n\t<meta property=\"og:image:type\" content=\"image\/jpeg\" \/>\n<meta name=\"author\" content=\"Farn\u00e9sio\" \/>\n<meta name=\"twitter:card\" content=\"summary_large_image\" \/>\n<meta name=\"twitter:label1\" content=\"Escrito por\" \/>\n\t<meta name=\"twitter:data1\" content=\"Farn\u00e9sio\" \/>\n\t<meta name=\"twitter:label2\" content=\"Est. tempo de leitura\" \/>\n\t<meta name=\"twitter:data2\" content=\"2 minutos\" \/>\n<script type=\"application\/ld+json\" class=\"yoast-schema-graph\">{\"@context\":\"https:\\\/\\\/schema.org\",\"@graph\":[{\"@type\":\"Article\",\"@id\":\"https:\\\/\\\/blogdofarnesio.com.br\\\/2026\\\/03\\\/prorrogado-o-prazo-para-pagamento-do-iptu-de-petrolina-com-desconto-de-15\\\/#article\",\"isPartOf\":{\"@id\":\"https:\\\/\\\/blogdofarnesio.com.br\\\/2026\\\/03\\\/prorrogado-o-prazo-para-pagamento-do-iptu-de-petrolina-com-desconto-de-15\\\/\"},\"author\":{\"name\":\"Farn\u00e9sio\",\"@id\":\"https:\\\/\\\/blogdofarnesio.com.br\\\/#\\\/schema\\\/person\\\/bb9b23ae3ad0609ce8df7b6c9e76824d\"},\"headline\":\"Prorrogado o prazo para pagamento do IPTU de Petrolina com desconto de 15%\",\"datePublished\":\"2026-03-14T12:00:49+00:00\",\"mainEntityOfPage\":{\"@id\":\"https:\\\/\\\/blogdofarnesio.com.br\\\/2026\\\/03\\\/prorrogado-o-prazo-para-pagamento-do-iptu-de-petrolina-com-desconto-de-15\\\/\"},\"wordCount\":203,\"commentCount\":0,\"publisher\":{\"@id\":\"https:\\\/\\\/blogdofarnesio.com.br\\\/#organization\"},\"image\":{\"@id\":\"https:\\\/\\\/blogdofarnesio.com.br\\\/2026\\\/03\\\/prorrogado-o-prazo-para-pagamento-do-iptu-de-petrolina-com-desconto-de-15\\\/#primaryimage\"},\"thumbnailUrl\":\"https:\\\/\\\/blogdofarnesio.com.br\\\/wp-content\\\/uploads\\\/2025\\\/12\\\/IPTU-e1765031164717.jpg\",\"articleSection\":[\"Economia\"],\"inLanguage\":\"pt-BR\",\"potentialAction\":[{\"@type\":\"CommentAction\",\"name\":\"Comment\",\"target\":[\"https:\\\/\\\/blogdofarnesio.com.br\\\/2026\\\/03\\\/prorrogado-o-prazo-para-pagamento-do-iptu-de-petrolina-com-desconto-de-15\\\/#respond\"]}]},{\"@type\":\"WebPage\",\"@id\":\"https:\\\/\\\/blogdofarnesio.com.br\\\/2026\\\/03\\\/prorrogado-o-prazo-para-pagamento-do-iptu-de-petrolina-com-desconto-de-15\\\/\",\"url\":\"https:\\\/\\\/blogdofarnesio.com.br\\\/2026\\\/03\\\/prorrogado-o-prazo-para-pagamento-do-iptu-de-petrolina-com-desconto-de-15\\\/\",\"name\":\"Prorrogado o prazo para pagamento do IPTU de Petrolina com desconto de 15% - Blog do Farn\u00e9sio\",\"isPartOf\":{\"@id\":\"https:\\\/\\\/blogdofarnesio.com.br\\\/#website\"},\"primaryImageOfPage\":{\"@id\":\"https:\\\/\\\/blogdofarnesio.com.br\\\/2026\\\/03\\\/prorrogado-o-prazo-para-pagamento-do-iptu-de-petrolina-com-desconto-de-15\\\/#primaryimage\"},\"image\":{\"@id\":\"https:\\\/\\\/blogdofarnesio.com.br\\\/2026\\\/03\\\/prorrogado-o-prazo-para-pagamento-do-iptu-de-petrolina-com-desconto-de-15\\\/#primaryimage\"},\"thumbnailUrl\":\"https:\\\/\\\/blogdofarnesio.com.br\\\/wp-content\\\/uploads\\\/2025\\\/12\\\/IPTU-e1765031164717.jpg\",\"datePublished\":\"2026-03-14T12:00:49+00:00\",\"breadcrumb\":{\"@id\":\"https:\\\/\\\/blogdofarnesio.com.br\\\/2026\\\/03\\\/prorrogado-o-prazo-para-pagamento-do-iptu-de-petrolina-com-desconto-de-15\\\/#breadcrumb\"},\"inLanguage\":\"pt-BR\",\"potentialAction\":[{\"@type\":\"ReadAction\",\"target\":[\"https:\\\/\\\/blogdofarnesio.com.br\\\/2026\\\/03\\\/prorrogado-o-prazo-para-pagamento-do-iptu-de-petrolina-com-desconto-de-15\\\/\"]}]},{\"@type\":\"ImageObject\",\"inLanguage\":\"pt-BR\",\"@id\":\"https:\\\/\\\/blogdofarnesio.com.br\\\/2026\\\/03\\\/prorrogado-o-prazo-para-pagamento-do-iptu-de-petrolina-com-desconto-de-15\\\/#primaryimage\",\"url\":\"https:\\\/\\\/blogdofarnesio.com.br\\\/wp-content\\\/uploads\\\/2025\\\/12\\\/IPTU-e1765031164717.jpg\",\"contentUrl\":\"https:\\\/\\\/blogdofarnesio.com.br\\\/wp-content\\\/uploads\\\/2025\\\/12\\\/IPTU-e1765031164717.jpg\",\"width\":600,\"height\":450},{\"@type\":\"BreadcrumbList\",\"@id\":\"https:\\\/\\\/blogdofarnesio.com.br\\\/2026\\\/03\\\/prorrogado-o-prazo-para-pagamento-do-iptu-de-petrolina-com-desconto-de-15\\\/#breadcrumb\",\"itemListElement\":[{\"@type\":\"ListItem\",\"position\":1,\"name\":\"In\u00edcio\",\"item\":\"https:\\\/\\\/blogdofarnesio.com.br\\\/\"},{\"@type\":\"ListItem\",\"position\":2,\"name\":\"Prorrogado o prazo para pagamento do IPTU de Petrolina com desconto de 15%\"}]},{\"@type\":\"WebSite\",\"@id\":\"https:\\\/\\\/blogdofarnesio.com.br\\\/#website\",\"url\":\"https:\\\/\\\/blogdofarnesio.com.br\\\/\",\"name\":\"Blog do Farn\u00e9sio\",\"description\":\"Quer Saber Pol\u00edtica?\",\"publisher\":{\"@id\":\"https:\\\/\\\/blogdofarnesio.com.br\\\/#organization\"},\"potentialAction\":[{\"@type\":\"SearchAction\",\"target\":{\"@type\":\"EntryPoint\",\"urlTemplate\":\"https:\\\/\\\/blogdofarnesio.com.br\\\/?s={search_term_string}\"},\"query-input\":{\"@type\":\"PropertyValueSpecification\",\"valueRequired\":true,\"valueName\":\"search_term_string\"}}],\"inLanguage\":\"pt-BR\"},{\"@type\":\"Organization\",\"@id\":\"https:\\\/\\\/blogdofarnesio.com.br\\\/#organization\",\"name\":\"Blog do Farn\u00e9sio\",\"url\":\"https:\\\/\\\/blogdofarnesio.com.br\\\/\",\"logo\":{\"@type\":\"ImageObject\",\"inLanguage\":\"pt-BR\",\"@id\":\"https:\\\/\\\/blogdofarnesio.com.br\\\/#\\\/schema\\\/logo\\\/image\\\/\",\"url\":\"https:\\\/\\\/blogdofarnesio.com.br\\\/wp-content\\\/uploads\\\/2026\\\/03\\\/cropped-logo_new-1.png\",\"contentUrl\":\"https:\\\/\\\/blogdofarnesio.com.br\\\/wp-content\\\/uploads\\\/2026\\\/03\\\/cropped-logo_new-1.png\",\"width\":881,\"height\":685,\"caption\":\"Blog do Farn\u00e9sio\"},\"image\":{\"@id\":\"https:\\\/\\\/blogdofarnesio.com.br\\\/#\\\/schema\\\/logo\\\/image\\\/\"},\"sameAs\":[\"https:\\\/\\\/www.facebook.com\\\/BlogQuerSaberPolitica\\\/\"]},{\"@type\":\"Person\",\"@id\":\"https:\\\/\\\/blogdofarnesio.com.br\\\/#\\\/schema\\\/person\\\/bb9b23ae3ad0609ce8df7b6c9e76824d\",\"name\":\"Farn\u00e9sio\",\"image\":{\"@type\":\"ImageObject\",\"inLanguage\":\"pt-BR\",\"@id\":\"https:\\\/\\\/secure.gravatar.com\\\/avatar\\\/986aa4c61ccdb66f8555bf88fc2a65609d00bcabd4d2d94377a727547345cbca?s=96&d=mm&r=g\",\"url\":\"https:\\\/\\\/secure.gravatar.com\\\/avatar\\\/986aa4c61ccdb66f8555bf88fc2a65609d00bcabd4d2d94377a727547345cbca?s=96&d=mm&r=g\",\"contentUrl\":\"https:\\\/\\\/secure.gravatar.com\\\/avatar\\\/986aa4c61ccdb66f8555bf88fc2a65609d00bcabd4d2d94377a727547345cbca?s=96&d=mm&r=g\",\"caption\":\"Farn\u00e9sio\"},\"description\":\"Radialista blogueiro, chegou a Petrolina\\\/Juazeiro em setembro de 1980, Farn\u00e9sio Silva \u00e9 de Arapiraca-Alagoas.\",\"sameAs\":[\"http:\\\/\\\/blogdofarnesio.com.br\",\"https:\\\/\\\/www.facebook.com\\\/?ref=tn_tnmn\",\"https:\\\/\\\/www.instagram.com\\\/?utm_source=pwa_homescreen\",\"https:\\\/\\\/youtube.com.br\\\/\"],\"url\":\"https:\\\/\\\/blogdofarnesio.com.br\\\/author\\\/farnesio-2\\\/\"}]}<\/script>\n<!-- \/ Yoast SEO plugin. -->","yoast_head_json":{"title":"Prorrogado o prazo para pagamento do IPTU de Petrolina com desconto de 15% - Blog do Farn\u00e9sio","robots":{"index":"index","follow":"follow","max-snippet":"max-snippet:-1","max-image-preview":"max-image-preview:large","max-video-preview":"max-video-preview:-1"},"canonical":"https:\/\/blogdofarnesio.com.br\/2026\/03\/prorrogado-o-prazo-para-pagamento-do-iptu-de-petrolina-com-desconto-de-15\/","og_locale":"pt_BR","og_type":"article","og_title":"Prorrogado o prazo para pagamento do IPTU de Petrolina com desconto de 15% - Blog do Farn\u00e9sio","og_description":"Moradores de Petrolina ganharam mais alguns dias para aproveitar o desconto especial no pagamento do Imposto Predial e Territorial Urbano (IPTU). A Prefeitura de Petrolina, por meio da Secretaria de Receitas Municipais, informa que, devido \u00e0 instabilidade t\u00e9cnica e \u00e0 alta demanda de acessos ao sistema, o prazo para pagamento em cota \u00fanica com desconto de 15% foi prorrogado at\u00e9 o dia 20 de mar\u00e7o. Para emitir a guia, basta informar a inscri\u00e7\u00e3o cadastral do im\u00f3vel ou o CPF\/CNPJ do propriet\u00e1rio. O pagamento pode ser realizado por meio de c\u00f3digo de barras ou QR Code. O Documento de Arrecada\u00e7\u00e3o Municipal (DAM) pode ser gerado diretamente no site da Prefeitura. O documento enviado \u00e0s resid\u00eancias mant\u00e9m o vencimento para 13 de&hellip;","og_url":"https:\/\/blogdofarnesio.com.br\/2026\/03\/prorrogado-o-prazo-para-pagamento-do-iptu-de-petrolina-com-desconto-de-15\/","og_site_name":"Blog do Farn\u00e9sio","article_publisher":"https:\/\/www.facebook.com\/BlogQuerSaberPolitica\/","article_author":"https:\/\/www.facebook.com\/?ref=tn_tnmn","article_published_time":"2026-03-14T12:00:49+00:00","og_image":[{"width":600,"height":450,"url":"https:\/\/blogdofarnesio.com.br\/wp-content\/uploads\/2025\/12\/IPTU-e1765031164717.jpg","type":"image\/jpeg"}],"author":"Farn\u00e9sio","twitter_card":"summary_large_image","twitter_misc":{"Escrito por":"Farn\u00e9sio","Est. tempo de leitura":"2 minutos"},"schema":{"@context":"https:\/\/schema.org","@graph":[{"@type":"Article","@id":"https:\/\/blogdofarnesio.com.br\/2026\/03\/prorrogado-o-prazo-para-pagamento-do-iptu-de-petrolina-com-desconto-de-15\/#article","isPartOf":{"@id":"https:\/\/blogdofarnesio.com.br\/2026\/03\/prorrogado-o-prazo-para-pagamento-do-iptu-de-petrolina-com-desconto-de-15\/"},"author":{"name":"Farn\u00e9sio","@id":"https:\/\/blogdofarnesio.com.br\/#\/schema\/person\/bb9b23ae3ad0609ce8df7b6c9e76824d"},"headline":"Prorrogado o prazo para pagamento do IPTU de Petrolina com desconto de 15%","datePublished":"2026-03-14T12:00:49+00:00","mainEntityOfPage":{"@id":"https:\/\/blogdofarnesio.com.br\/2026\/03\/prorrogado-o-prazo-para-pagamento-do-iptu-de-petrolina-com-desconto-de-15\/"},"wordCount":203,"commentCount":0,"publisher":{"@id":"https:\/\/blogdofarnesio.com.br\/#organization"},"image":{"@id":"https:\/\/blogdofarnesio.com.br\/2026\/03\/prorrogado-o-prazo-para-pagamento-do-iptu-de-petrolina-com-desconto-de-15\/#primaryimage"},"thumbnailUrl":"https:\/\/blogdofarnesio.com.br\/wp-content\/uploads\/2025\/12\/IPTU-e1765031164717.jpg","articleSection":["Economia"],"inLanguage":"pt-BR","potentialAction":[{"@type":"CommentAction","name":"Comment","target":["https:\/\/blogdofarnesio.com.br\/2026\/03\/prorrogado-o-prazo-para-pagamento-do-iptu-de-petrolina-com-desconto-de-15\/#respond"]}]},{"@type":"WebPage","@id":"https:\/\/blogdofarnesio.com.br\/2026\/03\/prorrogado-o-prazo-para-pagamento-do-iptu-de-petrolina-com-desconto-de-15\/","url":"https:\/\/blogdofarnesio.com.br\/2026\/03\/prorrogado-o-prazo-para-pagamento-do-iptu-de-petrolina-com-desconto-de-15\/","name":"Prorrogado o prazo para pagamento do IPTU de Petrolina com desconto de 15% - Blog do Farn\u00e9sio","isPartOf":{"@id":"https:\/\/blogdofarnesio.com.br\/#website"},"primaryImageOfPage":{"@id":"https:\/\/blogdofarnesio.com.br\/2026\/03\/prorrogado-o-prazo-para-pagamento-do-iptu-de-petrolina-com-desconto-de-15\/#primaryimage"},"image":{"@id":"https:\/\/blogdofarnesio.com.br\/2026\/03\/prorrogado-o-prazo-para-pagamento-do-iptu-de-petrolina-com-desconto-de-15\/#primaryimage"},"thumbnailUrl":"https:\/\/blogdofarnesio.com.br\/wp-content\/uploads\/2025\/12\/IPTU-e1765031164717.jpg","datePublished":"2026-03-14T12:00:49+00:00","breadcrumb":{"@id":"https:\/\/blogdofarnesio.com.br\/2026\/03\/prorrogado-o-prazo-para-pagamento-do-iptu-de-petrolina-com-desconto-de-15\/#breadcrumb"},"inLanguage":"pt-BR","potentialAction":[{"@type":"ReadAction","target":["https:\/\/blogdofarnesio.com.br\/2026\/03\/prorrogado-o-prazo-para-pagamento-do-iptu-de-petrolina-com-desconto-de-15\/"]}]},{"@type":"ImageObject","inLanguage":"pt-BR","@id":"https:\/\/blogdofarnesio.com.br\/2026\/03\/prorrogado-o-prazo-para-pagamento-do-iptu-de-petrolina-com-desconto-de-15\/#primaryimage","url":"https:\/\/blogdofarnesio.com.br\/wp-content\/uploads\/2025\/12\/IPTU-e1765031164717.jpg","contentUrl":"https:\/\/blogdofarnesio.com.br\/wp-content\/uploads\/2025\/12\/IPTU-e1765031164717.jpg","width":600,"height":450},{"@type":"BreadcrumbList","@id":"https:\/\/blogdofarnesio.com.br\/2026\/03\/prorrogado-o-prazo-para-pagamento-do-iptu-de-petrolina-com-desconto-de-15\/#breadcrumb","itemListElement":[{"@type":"ListItem","position":1,"name":"In\u00edcio","item":"https:\/\/blogdofarnesio.com.br\/"},{"@type":"ListItem","position":2,"name":"Prorrogado o prazo para pagamento do IPTU de Petrolina com desconto de 15%"}]},{"@type":"WebSite","@id":"https:\/\/blogdofarnesio.com.br\/#website","url":"https:\/\/blogdofarnesio.com.br\/","name":"Blog do Farn\u00e9sio","description":"Quer Saber Pol\u00edtica?","publisher":{"@id":"https:\/\/blogdofarnesio.com.br\/#organization"},"potentialAction":[{"@type":"SearchAction","target":{"@type":"EntryPoint","urlTemplate":"https:\/\/blogdofarnesio.com.br\/?s={search_term_string}"},"query-input":{"@type":"PropertyValueSpecification","valueRequired":true,"valueName":"search_term_string"}}],"inLanguage":"pt-BR"},{"@type":"Organization","@id":"https:\/\/blogdofarnesio.com.br\/#organization","name":"Blog do Farn\u00e9sio","url":"https:\/\/blogdofarnesio.com.br\/","logo":{"@type":"ImageObject","inLanguage":"pt-BR","@id":"https:\/\/blogdofarnesio.com.br\/#\/schema\/logo\/image\/","url":"https:\/\/blogdofarnesio.com.br\/wp-content\/uploads\/2026\/03\/cropped-logo_new-1.png","contentUrl":"https:\/\/blogdofarnesio.com.br\/wp-content\/uploads\/2026\/03\/cropped-logo_new-1.png","width":881,"height":685,"caption":"Blog do Farn\u00e9sio"},"image":{"@id":"https:\/\/blogdofarnesio.com.br\/#\/schema\/logo\/image\/"},"sameAs":["https:\/\/www.facebook.com\/BlogQuerSaberPolitica\/"]},{"@type":"Person","@id":"https:\/\/blogdofarnesio.com.br\/#\/schema\/person\/bb9b23ae3ad0609ce8df7b6c9e76824d","name":"Farn\u00e9sio","image":{"@type":"ImageObject","inLanguage":"pt-BR","@id":"https:\/\/secure.gravatar.com\/avatar\/986aa4c61ccdb66f8555bf88fc2a65609d00bcabd4d2d94377a727547345cbca?s=96&d=mm&r=g","url":"https:\/\/secure.gravatar.com\/avatar\/986aa4c61ccdb66f8555bf88fc2a65609d00bcabd4d2d94377a727547345cbca?s=96&d=mm&r=g","contentUrl":"https:\/\/secure.gravatar.com\/avatar\/986aa4c61ccdb66f8555bf88fc2a65609d00bcabd4d2d94377a727547345cbca?s=96&d=mm&r=g","caption":"Farn\u00e9sio"},"description":"Radialista blogueiro, chegou a Petrolina\/Juazeiro em setembro de 1980, Farn\u00e9sio Silva \u00e9 de Arapiraca-Alagoas.","sameAs":["http:\/\/blogdofarnesio.com.br","https:\/\/www.facebook.com\/?ref=tn_tnmn","https:\/\/www.instagram.com\/?utm_source=pwa_homescreen","https:\/\/youtube.com.br\/"],"url":"https:\/\/blogdofarnesio.com.br\/author\/farnesio-2\/"}]}},"_links":{"self":[{"href":"https:\/\/blogdofarnesio.com.br\/wp-json\/wp\/v2\/posts\/417071","targetHints":{"allow":["GET"]}}],"collection":[{"href":"https:\/\/blogdofarnesio.com.br\/wp-json\/wp\/v2\/posts"}],"about":[{"href":"https:\/\/blogdofarnesio.com.br\/wp-json\/wp\/v2\/types\/post"}],"author":[{"embeddable":true,"href":"https:\/\/blogdofarnesio.com.br\/wp-json\/wp\/v2\/users\/2"}],"replies":[{"embeddable":true,"href":"https:\/\/blogdofarnesio.com.br\/wp-json\/wp\/v2\/comments?post=417071"}],"version-history":[{"count":1,"href":"https:\/\/blogdofarnesio.com.br\/wp-json\/wp\/v2\/posts\/417071\/revisions"}],"predecessor-version":[{"id":417073,"href":"https:\/\/blogdofarnesio.com.br\/wp-json\/wp\/v2\/posts\/417071\/revisions\/417073"}],"wp:featuredmedia":[{"embeddable":true,"href":"https:\/\/blogdofarnesio.com.br\/wp-json\/wp\/v2\/media\/409955"}],"wp:attachment":[{"href":"https:\/\/blogdofarnesio.com.br\/wp-json\/wp\/v2\/media?parent=417071"}],"wp:term":[{"taxonomy":"category","embeddable":true,"href":"https:\/\/blogdofarnesio.com.br\/wp-json\/wp\/v2\/categories?post=417071"},{"taxonomy":"post_tag","embeddable":true,"href":"https:\/\/blogdofarnesio.com.br\/wp-json\/wp\/v2\/tags?post=417071"}],"curies":[{"name":"wp","href":"https:\/\/api.w.org\/{rel}","templated":true}]}}