{"id":417062,"date":"2026-03-13T17:05:53","date_gmt":"2026-03-13T20:05:53","guid":{"rendered":"https:\/\/blogdofarnesio.com.br\/?p=417062"},"modified":"2026-03-13T15:40:05","modified_gmt":"2026-03-13T18:40:05","slug":"vulgarizacao-da-guerra-grande-honra-diz-trump-sobre-matar-lideres-do-ira-e-teera-fala-em-licao-memoravel-a-eua-e-israel","status":"publish","type":"post","link":"https:\/\/blogdofarnesio.com.br\/?p=417062","title":{"rendered":"VULGARIZA\u00c7\u00c3O DA GUERRA: &#8216;Grande honra&#8217;, diz Trump sobre matar l\u00edderes do Ir\u00e3, e Teer\u00e3 fala em &#8216;li\u00e7\u00e3o memor\u00e1vel&#8217; a EUA e Israel"},"content":{"rendered":"<div class=\"sc-b4c8ccf3-0 fsXNOt\">\n<div class=\"sc-b4c8ccf3-4 dxBsro\">Por Folhapress &#8211;<\/div>\n<\/div>\n<div class=\"sc-24c322fd-1 laZqPV\">\n<div class=\"sc-24c322fd-3 giHdVV\">\n<p>O Ir\u00e3 afirmou nesta sexta-feira (13) que seu pa\u00eds &#8220;dar\u00e1 uma li\u00e7\u00e3o memor\u00e1vel&#8221; aos Estados Unidos e a Israel ap\u00f3s o ataque que iniciou a guerra no Oriente M\u00e9dio.<br \/>\nO porta-voz do Minist\u00e9rio das Rela\u00e7\u00f5es Exteriores do pa\u00eds afirmou que suas &#8220;For\u00e7as Armadas est\u00e3o firmemente determinadas a dar uma li\u00e7\u00e3o memor\u00e1vel ao inimigo&#8221;. &#8220;N\u00e3o podemos aceitar que os americanos falem de di\u00e1logo e cessar-fogo de tempos em tempos, apenas para nos vermos confrontados com a repeti\u00e7\u00e3o desses crimes e dessa guerra&#8221;, disse Esmail Baghai, referindo-se ao conflito anterior, ocorrido em junho passado, que terminou ap\u00f3s 12 dias de combates.<br \/>\nDonald Trump, por sua vez, afirmou em sua rede Truth Social que considera uma &#8220;grande honra&#8221; a opera\u00e7\u00e3o dos Estados Unidos contra o pa\u00eds persa. &#8220;Estamos destruindo completamente o regime terrorista do Ir\u00e3, militar, econ\u00f4mica e de todas as outras formas&#8221;, afirmou.<br \/>\nSegundo o presidente americano, &#8220;a Marinha do Ir\u00e3 foi dizimada, sua For\u00e7a A\u00e9rea tamb\u00e9m, m\u00edsseis, drones e tudo o mais est\u00e3o sendo destru\u00eddos, e seus l\u00edderes foram varridos da face da Terra&#8221;. Ele voltou a atacar o jornal The New York Times, ao dizer que, quem o l\u00ea, &#8220;pensar\u00e1 erroneamente&#8221; que os EUA n\u00e3o est\u00e3o vencendo a guerra.<br \/>\n&#8220;Temos poder de fogo incompar\u00e1vel, muni\u00e7\u00e3o ilimitada e muito tempo \u2014observe o que acontecer\u00e1 com esses canalhas desvairados hoje&#8221;, afirmou. &#8220;Eles v\u00eam matando pessoas inocentes em todo o mundo h\u00e1 47 anos, e agora eu, como o 47\u00ba Presidente dos EUA, estou matando-os. Que grande honra \u00e9 fazer isso!&#8221;<br \/>\nAinda nesta sexta, uma explos\u00e3o matou pelo menos uma pessoa perto de uma manifesta\u00e7\u00e3o em apoio \u00e0 causa palestina que se tornou um protesto pr\u00f3-regime em Teer\u00e3, segundo a ag\u00eancia de not\u00edcias oficial iraniana.<br \/>\nNenhum detalhe adicional foi divulgado, mas o Ex\u00e9rcito de Israel havia pedido anteriormente que as pessoas se retirassem de duas \u00e1reas no centro da capital iraniana, pr\u00f3ximas ao local da manifesta\u00e7\u00e3o, neste 14\u00ba dia da guerra. As for\u00e7as anunciaram que realizariam ataques \u00e0 &#8220;infraestrutura militar do regime iraniano&#8221;.<br \/>\nSegundo a televis\u00e3o estatal, explos\u00f5es massivas atingiram o centro de Teer\u00e3 logo em seguida. Mais cedo, a emissora exibiu imagens de multid\u00f5es reunidas na capital e em outras cidades para comemorar o feriado do Dia de Al-Quds, a \u00faltima sexta-feira do Ramad\u00e3, em apoio \u00e0 causa palestina.<br \/>\nEm paralelo, a Guarda Revolucion\u00e1ria do Ir\u00e3 advertiu nesta sexta que qualquer nova manifesta\u00e7\u00e3o contra o regime enfrentar\u00e1 uma resposta &#8220;mais dura&#8221; do que em janeiro, quando milhares de pessoas morreram durante a repress\u00e3o a protestos.<br \/>\n&#8220;Agora, o inimigo maligno, ao fracassar em alcan\u00e7ar seus objetivos no campo de batalha, volta a tentar instilar o medo e provocar tumultos nas ruas&#8221;, afirmou o Ex\u00e9rcito iraniano. Em caso de novas mobiliza\u00e7\u00f5es, haver\u00e1 &#8220;uma resposta ainda mais forte do que a de 8 de janeiro&#8221;, acrescentou a nota.<br \/>\nAo iniciar a ofensiva contra o Ir\u00e3 h\u00e1 quase duas semanas, os governos dos Estados Unidos e de Israel incentivaram a popula\u00e7\u00e3o da Rep\u00fablica Isl\u00e2mica a protestar contra as autoridades. No fim de dezembro, os protestos contra o elevado custo de vida no Ir\u00e3, afetado pelas san\u00e7\u00f5es ocidentais, viraram um amplo movimento de contesta\u00e7\u00e3o contra as autoridades.<br \/>\nA mobiliza\u00e7\u00e3o atingiu o ponto m\u00e1ximo em 8 de janeiro. As autoridades iranianas classificaram os protestos de &#8220;dist\u00farbios&#8221; fomentados por &#8220;terroristas&#8221; que trabalhavam para Israel e Estados Unidos. Trump afirmou, \u00e0 \u00e9poca, que faria uma interven\u00e7\u00e3o no pa\u00eds caso o regime reprimisse os manifestantes.<br \/>\nO balan\u00e7o oficial de mortos divulgado pelas autoridades supera 3.000 pessoas que, segundo o regime, eram em sua maioria integrantes das for\u00e7as de seguran\u00e7a ou transeuntes.<br \/>\nV\u00e1rias ONGs, no entanto, acusaram as for\u00e7as de seguran\u00e7a iranianas de abrir fogo deliberadamente contra os manifestantes. A Ag\u00eancia de Not\u00edcias de Ativistas de Direitos Humanos, ONG com sede nos EUA, afirma que mais de 7.000 pessoas morreram na repress\u00e3o.<\/p>\n<\/div>\n<\/div>\n","protected":false},"excerpt":{"rendered":"<p>Por Folhapress &#8211; O Ir\u00e3 afirmou nesta sexta-feira (13) que seu pa\u00eds &#8220;dar\u00e1 uma li\u00e7\u00e3o memor\u00e1vel&#8221; aos Estados Unidos e a Israel ap\u00f3s o ataque que iniciou a guerra no Oriente M\u00e9dio. O porta-voz do Minist\u00e9rio das Rela\u00e7\u00f5es Exteriores do pa\u00eds afirmou que suas &#8220;For\u00e7as Armadas est\u00e3o firmemente determinadas a dar uma li\u00e7\u00e3o memor\u00e1vel ao inimigo&#8221;. &#8220;N\u00e3o podemos aceitar que os americanos falem de di\u00e1logo e cessar-fogo de tempos em tempos, apenas para nos vermos confrontados com a repeti\u00e7\u00e3o desses crimes e dessa guerra&#8221;, disse Esmail Baghai, referindo-se ao conflito anterior, ocorrido em junho passado, que terminou ap\u00f3s 12 dias de combates. Donald Trump, por sua vez, afirmou em sua rede Truth Social que considera uma &#8220;grande honra&#8221; a opera\u00e7\u00e3o&hellip; <\/p>\n","protected":false},"author":2,"featured_media":416187,"comment_status":"open","ping_status":"open","sticky":false,"template":"","format":"standard","meta":{"_acf_changed":false,"footnotes":""},"categories":[57],"tags":[],"class_list":["post-417062","post","type-post","status-publish","format-standard","has-post-thumbnail","hentry","category-internacional"],"acf":[],"yoast_head":"<!-- This site is optimized with the Yoast SEO plugin v27.4 - https:\/\/yoast.com\/product\/yoast-seo-wordpress\/ -->\n<title>VULGARIZA\u00c7\u00c3O DA GUERRA: &#039;Grande honra&#039;, diz Trump sobre matar l\u00edderes do Ir\u00e3, e Teer\u00e3 fala em &#039;li\u00e7\u00e3o memor\u00e1vel&#039; a EUA e Israel - Blog do Farn\u00e9sio<\/title>\n<meta name=\"robots\" content=\"index, follow, max-snippet:-1, max-image-preview:large, max-video-preview:-1\" \/>\n<link rel=\"canonical\" href=\"https:\/\/blogdofarnesio.com.br\/?p=417062\" \/>\n<meta property=\"og:locale\" content=\"pt_BR\" \/>\n<meta property=\"og:type\" content=\"article\" \/>\n<meta property=\"og:title\" content=\"VULGARIZA\u00c7\u00c3O DA GUERRA: &#039;Grande honra&#039;, diz Trump sobre matar l\u00edderes do Ir\u00e3, e Teer\u00e3 fala em &#039;li\u00e7\u00e3o memor\u00e1vel&#039; a EUA e Israel - Blog do Farn\u00e9sio\" \/>\n<meta property=\"og:description\" content=\"Por Folhapress &#8211; O Ir\u00e3 afirmou nesta sexta-feira (13) que seu pa\u00eds &#8220;dar\u00e1 uma li\u00e7\u00e3o memor\u00e1vel&#8221; aos Estados Unidos e a Israel ap\u00f3s o ataque que iniciou a guerra no Oriente M\u00e9dio. O porta-voz do Minist\u00e9rio das Rela\u00e7\u00f5es Exteriores do pa\u00eds afirmou que suas &#8220;For\u00e7as Armadas est\u00e3o firmemente determinadas a dar uma li\u00e7\u00e3o memor\u00e1vel ao inimigo&#8221;. &#8220;N\u00e3o podemos aceitar que os americanos falem de di\u00e1logo e cessar-fogo de tempos em tempos, apenas para nos vermos confrontados com a repeti\u00e7\u00e3o desses crimes e dessa guerra&#8221;, disse Esmail Baghai, referindo-se ao conflito anterior, ocorrido em junho passado, que terminou ap\u00f3s 12 dias de combates. Donald Trump, por sua vez, afirmou em sua rede Truth Social que considera uma &#8220;grande honra&#8221; a opera\u00e7\u00e3o&hellip;\" \/>\n<meta property=\"og:url\" content=\"https:\/\/blogdofarnesio.com.br\/?p=417062\" \/>\n<meta property=\"og:site_name\" content=\"Blog do Farn\u00e9sio\" \/>\n<meta property=\"article:publisher\" content=\"https:\/\/www.facebook.com\/BlogQuerSaberPolitica\/\" \/>\n<meta property=\"article:author\" content=\"https:\/\/www.facebook.com\/?ref=tn_tnmn\" \/>\n<meta property=\"article:published_time\" content=\"2026-03-13T20:05:53+00:00\" \/>\n<meta property=\"og:image\" content=\"https:\/\/blogdofarnesio.com.br\/wp-content\/uploads\/2026\/03\/blogqsp-guerra-iran-israel-eua-gettyimages-2263417136-e1772452507213.webp\" \/>\n\t<meta property=\"og:image:width\" content=\"700\" \/>\n\t<meta property=\"og:image:height\" content=\"467\" \/>\n\t<meta property=\"og:image:type\" content=\"image\/webp\" \/>\n<meta name=\"author\" content=\"Farn\u00e9sio\" \/>\n<meta name=\"twitter:card\" content=\"summary_large_image\" \/>\n<meta name=\"twitter:label1\" content=\"Escrito por\" \/>\n\t<meta name=\"twitter:data1\" content=\"Farn\u00e9sio\" \/>\n\t<meta name=\"twitter:label2\" content=\"Est. tempo de leitura\" \/>\n\t<meta name=\"twitter:data2\" content=\"4 minutos\" \/>\n<script type=\"application\/ld+json\" class=\"yoast-schema-graph\">{\"@context\":\"https:\\\/\\\/schema.org\",\"@graph\":[{\"@type\":\"Article\",\"@id\":\"https:\\\/\\\/blogdofarnesio.com.br\\\/?p=417062#article\",\"isPartOf\":{\"@id\":\"https:\\\/\\\/blogdofarnesio.com.br\\\/?p=417062\"},\"author\":{\"name\":\"Farn\u00e9sio\",\"@id\":\"https:\\\/\\\/blogdofarnesio.com.br\\\/#\\\/schema\\\/person\\\/bb9b23ae3ad0609ce8df7b6c9e76824d\"},\"headline\":\"VULGARIZA\u00c7\u00c3O DA GUERRA: &#8216;Grande honra&#8217;, diz Trump sobre matar l\u00edderes do Ir\u00e3, e Teer\u00e3 fala em &#8216;li\u00e7\u00e3o memor\u00e1vel&#8217; a EUA e Israel\",\"datePublished\":\"2026-03-13T20:05:53+00:00\",\"mainEntityOfPage\":{\"@id\":\"https:\\\/\\\/blogdofarnesio.com.br\\\/?p=417062\"},\"wordCount\":713,\"commentCount\":0,\"publisher\":{\"@id\":\"https:\\\/\\\/blogdofarnesio.com.br\\\/#organization\"},\"image\":{\"@id\":\"https:\\\/\\\/blogdofarnesio.com.br\\\/?p=417062#primaryimage\"},\"thumbnailUrl\":\"https:\\\/\\\/blogdofarnesio.com.br\\\/wp-content\\\/uploads\\\/2026\\\/03\\\/blogqsp-guerra-iran-israel-eua-gettyimages-2263417136-e1772452507213.webp\",\"articleSection\":[\"Internacional\"],\"inLanguage\":\"pt-BR\",\"potentialAction\":[{\"@type\":\"CommentAction\",\"name\":\"Comment\",\"target\":[\"https:\\\/\\\/blogdofarnesio.com.br\\\/?p=417062#respond\"]}]},{\"@type\":\"WebPage\",\"@id\":\"https:\\\/\\\/blogdofarnesio.com.br\\\/?p=417062\",\"url\":\"https:\\\/\\\/blogdofarnesio.com.br\\\/?p=417062\",\"name\":\"VULGARIZA\u00c7\u00c3O DA GUERRA: 'Grande honra', diz Trump sobre matar l\u00edderes do Ir\u00e3, e Teer\u00e3 fala em 'li\u00e7\u00e3o memor\u00e1vel' a EUA e Israel - Blog do Farn\u00e9sio\",\"isPartOf\":{\"@id\":\"https:\\\/\\\/blogdofarnesio.com.br\\\/#website\"},\"primaryImageOfPage\":{\"@id\":\"https:\\\/\\\/blogdofarnesio.com.br\\\/?p=417062#primaryimage\"},\"image\":{\"@id\":\"https:\\\/\\\/blogdofarnesio.com.br\\\/?p=417062#primaryimage\"},\"thumbnailUrl\":\"https:\\\/\\\/blogdofarnesio.com.br\\\/wp-content\\\/uploads\\\/2026\\\/03\\\/blogqsp-guerra-iran-israel-eua-gettyimages-2263417136-e1772452507213.webp\",\"datePublished\":\"2026-03-13T20:05:53+00:00\",\"breadcrumb\":{\"@id\":\"https:\\\/\\\/blogdofarnesio.com.br\\\/?p=417062#breadcrumb\"},\"inLanguage\":\"pt-BR\",\"potentialAction\":[{\"@type\":\"ReadAction\",\"target\":[\"https:\\\/\\\/blogdofarnesio.com.br\\\/?p=417062\"]}]},{\"@type\":\"ImageObject\",\"inLanguage\":\"pt-BR\",\"@id\":\"https:\\\/\\\/blogdofarnesio.com.br\\\/?p=417062#primaryimage\",\"url\":\"https:\\\/\\\/blogdofarnesio.com.br\\\/wp-content\\\/uploads\\\/2026\\\/03\\\/blogqsp-guerra-iran-israel-eua-gettyimages-2263417136-e1772452507213.webp\",\"contentUrl\":\"https:\\\/\\\/blogdofarnesio.com.br\\\/wp-content\\\/uploads\\\/2026\\\/03\\\/blogqsp-guerra-iran-israel-eua-gettyimages-2263417136-e1772452507213.webp\",\"width\":700,\"height\":467},{\"@type\":\"BreadcrumbList\",\"@id\":\"https:\\\/\\\/blogdofarnesio.com.br\\\/?p=417062#breadcrumb\",\"itemListElement\":[{\"@type\":\"ListItem\",\"position\":1,\"name\":\"In\u00edcio\",\"item\":\"https:\\\/\\\/blogdofarnesio.com.br\\\/\"},{\"@type\":\"ListItem\",\"position\":2,\"name\":\"VULGARIZA\u00c7\u00c3O DA GUERRA: &#8216;Grande honra&#8217;, diz Trump sobre matar l\u00edderes do Ir\u00e3, e Teer\u00e3 fala em &#8216;li\u00e7\u00e3o memor\u00e1vel&#8217; a EUA e Israel\"}]},{\"@type\":\"WebSite\",\"@id\":\"https:\\\/\\\/blogdofarnesio.com.br\\\/#website\",\"url\":\"https:\\\/\\\/blogdofarnesio.com.br\\\/\",\"name\":\"Blog do Farn\u00e9sio\",\"description\":\"Quer Saber Pol\u00edtica?\",\"publisher\":{\"@id\":\"https:\\\/\\\/blogdofarnesio.com.br\\\/#organization\"},\"potentialAction\":[{\"@type\":\"SearchAction\",\"target\":{\"@type\":\"EntryPoint\",\"urlTemplate\":\"https:\\\/\\\/blogdofarnesio.com.br\\\/?s={search_term_string}\"},\"query-input\":{\"@type\":\"PropertyValueSpecification\",\"valueRequired\":true,\"valueName\":\"search_term_string\"}}],\"inLanguage\":\"pt-BR\"},{\"@type\":\"Organization\",\"@id\":\"https:\\\/\\\/blogdofarnesio.com.br\\\/#organization\",\"name\":\"Blog do Farn\u00e9sio\",\"url\":\"https:\\\/\\\/blogdofarnesio.com.br\\\/\",\"logo\":{\"@type\":\"ImageObject\",\"inLanguage\":\"pt-BR\",\"@id\":\"https:\\\/\\\/blogdofarnesio.com.br\\\/#\\\/schema\\\/logo\\\/image\\\/\",\"url\":\"https:\\\/\\\/blogdofarnesio.com.br\\\/wp-content\\\/uploads\\\/2026\\\/03\\\/cropped-logo_new-1.png\",\"contentUrl\":\"https:\\\/\\\/blogdofarnesio.com.br\\\/wp-content\\\/uploads\\\/2026\\\/03\\\/cropped-logo_new-1.png\",\"width\":881,\"height\":685,\"caption\":\"Blog do Farn\u00e9sio\"},\"image\":{\"@id\":\"https:\\\/\\\/blogdofarnesio.com.br\\\/#\\\/schema\\\/logo\\\/image\\\/\"},\"sameAs\":[\"https:\\\/\\\/www.facebook.com\\\/BlogQuerSaberPolitica\\\/\"]},{\"@type\":\"Person\",\"@id\":\"https:\\\/\\\/blogdofarnesio.com.br\\\/#\\\/schema\\\/person\\\/bb9b23ae3ad0609ce8df7b6c9e76824d\",\"name\":\"Farn\u00e9sio\",\"image\":{\"@type\":\"ImageObject\",\"inLanguage\":\"pt-BR\",\"@id\":\"https:\\\/\\\/secure.gravatar.com\\\/avatar\\\/986aa4c61ccdb66f8555bf88fc2a65609d00bcabd4d2d94377a727547345cbca?s=96&d=mm&r=g\",\"url\":\"https:\\\/\\\/secure.gravatar.com\\\/avatar\\\/986aa4c61ccdb66f8555bf88fc2a65609d00bcabd4d2d94377a727547345cbca?s=96&d=mm&r=g\",\"contentUrl\":\"https:\\\/\\\/secure.gravatar.com\\\/avatar\\\/986aa4c61ccdb66f8555bf88fc2a65609d00bcabd4d2d94377a727547345cbca?s=96&d=mm&r=g\",\"caption\":\"Farn\u00e9sio\"},\"description\":\"Radialista blogueiro, chegou a Petrolina\\\/Juazeiro em setembro de 1980, Farn\u00e9sio Silva \u00e9 de Arapiraca-Alagoas.\",\"sameAs\":[\"http:\\\/\\\/blogdofarnesio.com.br\",\"https:\\\/\\\/www.facebook.com\\\/?ref=tn_tnmn\",\"https:\\\/\\\/www.instagram.com\\\/?utm_source=pwa_homescreen\",\"https:\\\/\\\/youtube.com.br\\\/\"],\"url\":\"https:\\\/\\\/blogdofarnesio.com.br\\\/?author=2\"}]}<\/script>\n<!-- \/ Yoast SEO plugin. -->","yoast_head_json":{"title":"VULGARIZA\u00c7\u00c3O DA GUERRA: 'Grande honra', diz Trump sobre matar l\u00edderes do Ir\u00e3, e Teer\u00e3 fala em 'li\u00e7\u00e3o memor\u00e1vel' a EUA e Israel - Blog do Farn\u00e9sio","robots":{"index":"index","follow":"follow","max-snippet":"max-snippet:-1","max-image-preview":"max-image-preview:large","max-video-preview":"max-video-preview:-1"},"canonical":"https:\/\/blogdofarnesio.com.br\/?p=417062","og_locale":"pt_BR","og_type":"article","og_title":"VULGARIZA\u00c7\u00c3O DA GUERRA: 'Grande honra', diz Trump sobre matar l\u00edderes do Ir\u00e3, e Teer\u00e3 fala em 'li\u00e7\u00e3o memor\u00e1vel' a EUA e Israel - Blog do Farn\u00e9sio","og_description":"Por Folhapress &#8211; O Ir\u00e3 afirmou nesta sexta-feira (13) que seu pa\u00eds &#8220;dar\u00e1 uma li\u00e7\u00e3o memor\u00e1vel&#8221; aos Estados Unidos e a Israel ap\u00f3s o ataque que iniciou a guerra no Oriente M\u00e9dio. O porta-voz do Minist\u00e9rio das Rela\u00e7\u00f5es Exteriores do pa\u00eds afirmou que suas &#8220;For\u00e7as Armadas est\u00e3o firmemente determinadas a dar uma li\u00e7\u00e3o memor\u00e1vel ao inimigo&#8221;. &#8220;N\u00e3o podemos aceitar que os americanos falem de di\u00e1logo e cessar-fogo de tempos em tempos, apenas para nos vermos confrontados com a repeti\u00e7\u00e3o desses crimes e dessa guerra&#8221;, disse Esmail Baghai, referindo-se ao conflito anterior, ocorrido em junho passado, que terminou ap\u00f3s 12 dias de combates. Donald Trump, por sua vez, afirmou em sua rede Truth Social que considera uma &#8220;grande honra&#8221; a opera\u00e7\u00e3o&hellip;","og_url":"https:\/\/blogdofarnesio.com.br\/?p=417062","og_site_name":"Blog do Farn\u00e9sio","article_publisher":"https:\/\/www.facebook.com\/BlogQuerSaberPolitica\/","article_author":"https:\/\/www.facebook.com\/?ref=tn_tnmn","article_published_time":"2026-03-13T20:05:53+00:00","og_image":[{"width":700,"height":467,"url":"https:\/\/blogdofarnesio.com.br\/wp-content\/uploads\/2026\/03\/blogqsp-guerra-iran-israel-eua-gettyimages-2263417136-e1772452507213.webp","type":"image\/webp"}],"author":"Farn\u00e9sio","twitter_card":"summary_large_image","twitter_misc":{"Escrito por":"Farn\u00e9sio","Est. tempo de leitura":"4 minutos"},"schema":{"@context":"https:\/\/schema.org","@graph":[{"@type":"Article","@id":"https:\/\/blogdofarnesio.com.br\/?p=417062#article","isPartOf":{"@id":"https:\/\/blogdofarnesio.com.br\/?p=417062"},"author":{"name":"Farn\u00e9sio","@id":"https:\/\/blogdofarnesio.com.br\/#\/schema\/person\/bb9b23ae3ad0609ce8df7b6c9e76824d"},"headline":"VULGARIZA\u00c7\u00c3O DA GUERRA: &#8216;Grande honra&#8217;, diz Trump sobre matar l\u00edderes do Ir\u00e3, e Teer\u00e3 fala em &#8216;li\u00e7\u00e3o memor\u00e1vel&#8217; a EUA e Israel","datePublished":"2026-03-13T20:05:53+00:00","mainEntityOfPage":{"@id":"https:\/\/blogdofarnesio.com.br\/?p=417062"},"wordCount":713,"commentCount":0,"publisher":{"@id":"https:\/\/blogdofarnesio.com.br\/#organization"},"image":{"@id":"https:\/\/blogdofarnesio.com.br\/?p=417062#primaryimage"},"thumbnailUrl":"https:\/\/blogdofarnesio.com.br\/wp-content\/uploads\/2026\/03\/blogqsp-guerra-iran-israel-eua-gettyimages-2263417136-e1772452507213.webp","articleSection":["Internacional"],"inLanguage":"pt-BR","potentialAction":[{"@type":"CommentAction","name":"Comment","target":["https:\/\/blogdofarnesio.com.br\/?p=417062#respond"]}]},{"@type":"WebPage","@id":"https:\/\/blogdofarnesio.com.br\/?p=417062","url":"https:\/\/blogdofarnesio.com.br\/?p=417062","name":"VULGARIZA\u00c7\u00c3O DA GUERRA: 'Grande honra', diz Trump sobre matar l\u00edderes do Ir\u00e3, e Teer\u00e3 fala em 'li\u00e7\u00e3o memor\u00e1vel' a EUA e Israel - Blog do Farn\u00e9sio","isPartOf":{"@id":"https:\/\/blogdofarnesio.com.br\/#website"},"primaryImageOfPage":{"@id":"https:\/\/blogdofarnesio.com.br\/?p=417062#primaryimage"},"image":{"@id":"https:\/\/blogdofarnesio.com.br\/?p=417062#primaryimage"},"thumbnailUrl":"https:\/\/blogdofarnesio.com.br\/wp-content\/uploads\/2026\/03\/blogqsp-guerra-iran-israel-eua-gettyimages-2263417136-e1772452507213.webp","datePublished":"2026-03-13T20:05:53+00:00","breadcrumb":{"@id":"https:\/\/blogdofarnesio.com.br\/?p=417062#breadcrumb"},"inLanguage":"pt-BR","potentialAction":[{"@type":"ReadAction","target":["https:\/\/blogdofarnesio.com.br\/?p=417062"]}]},{"@type":"ImageObject","inLanguage":"pt-BR","@id":"https:\/\/blogdofarnesio.com.br\/?p=417062#primaryimage","url":"https:\/\/blogdofarnesio.com.br\/wp-content\/uploads\/2026\/03\/blogqsp-guerra-iran-israel-eua-gettyimages-2263417136-e1772452507213.webp","contentUrl":"https:\/\/blogdofarnesio.com.br\/wp-content\/uploads\/2026\/03\/blogqsp-guerra-iran-israel-eua-gettyimages-2263417136-e1772452507213.webp","width":700,"height":467},{"@type":"BreadcrumbList","@id":"https:\/\/blogdofarnesio.com.br\/?p=417062#breadcrumb","itemListElement":[{"@type":"ListItem","position":1,"name":"In\u00edcio","item":"https:\/\/blogdofarnesio.com.br\/"},{"@type":"ListItem","position":2,"name":"VULGARIZA\u00c7\u00c3O DA GUERRA: &#8216;Grande honra&#8217;, diz Trump sobre matar l\u00edderes do Ir\u00e3, e Teer\u00e3 fala em &#8216;li\u00e7\u00e3o memor\u00e1vel&#8217; a EUA e Israel"}]},{"@type":"WebSite","@id":"https:\/\/blogdofarnesio.com.br\/#website","url":"https:\/\/blogdofarnesio.com.br\/","name":"Blog do Farn\u00e9sio","description":"Quer Saber Pol\u00edtica?","publisher":{"@id":"https:\/\/blogdofarnesio.com.br\/#organization"},"potentialAction":[{"@type":"SearchAction","target":{"@type":"EntryPoint","urlTemplate":"https:\/\/blogdofarnesio.com.br\/?s={search_term_string}"},"query-input":{"@type":"PropertyValueSpecification","valueRequired":true,"valueName":"search_term_string"}}],"inLanguage":"pt-BR"},{"@type":"Organization","@id":"https:\/\/blogdofarnesio.com.br\/#organization","name":"Blog do Farn\u00e9sio","url":"https:\/\/blogdofarnesio.com.br\/","logo":{"@type":"ImageObject","inLanguage":"pt-BR","@id":"https:\/\/blogdofarnesio.com.br\/#\/schema\/logo\/image\/","url":"https:\/\/blogdofarnesio.com.br\/wp-content\/uploads\/2026\/03\/cropped-logo_new-1.png","contentUrl":"https:\/\/blogdofarnesio.com.br\/wp-content\/uploads\/2026\/03\/cropped-logo_new-1.png","width":881,"height":685,"caption":"Blog do Farn\u00e9sio"},"image":{"@id":"https:\/\/blogdofarnesio.com.br\/#\/schema\/logo\/image\/"},"sameAs":["https:\/\/www.facebook.com\/BlogQuerSaberPolitica\/"]},{"@type":"Person","@id":"https:\/\/blogdofarnesio.com.br\/#\/schema\/person\/bb9b23ae3ad0609ce8df7b6c9e76824d","name":"Farn\u00e9sio","image":{"@type":"ImageObject","inLanguage":"pt-BR","@id":"https:\/\/secure.gravatar.com\/avatar\/986aa4c61ccdb66f8555bf88fc2a65609d00bcabd4d2d94377a727547345cbca?s=96&d=mm&r=g","url":"https:\/\/secure.gravatar.com\/avatar\/986aa4c61ccdb66f8555bf88fc2a65609d00bcabd4d2d94377a727547345cbca?s=96&d=mm&r=g","contentUrl":"https:\/\/secure.gravatar.com\/avatar\/986aa4c61ccdb66f8555bf88fc2a65609d00bcabd4d2d94377a727547345cbca?s=96&d=mm&r=g","caption":"Farn\u00e9sio"},"description":"Radialista blogueiro, chegou a Petrolina\/Juazeiro em setembro de 1980, Farn\u00e9sio Silva \u00e9 de Arapiraca-Alagoas.","sameAs":["http:\/\/blogdofarnesio.com.br","https:\/\/www.facebook.com\/?ref=tn_tnmn","https:\/\/www.instagram.com\/?utm_source=pwa_homescreen","https:\/\/youtube.com.br\/"],"url":"https:\/\/blogdofarnesio.com.br\/?author=2"}]}},"_links":{"self":[{"href":"https:\/\/blogdofarnesio.com.br\/index.php?rest_route=\/wp\/v2\/posts\/417062","targetHints":{"allow":["GET"]}}],"collection":[{"href":"https:\/\/blogdofarnesio.com.br\/index.php?rest_route=\/wp\/v2\/posts"}],"about":[{"href":"https:\/\/blogdofarnesio.com.br\/index.php?rest_route=\/wp\/v2\/types\/post"}],"author":[{"embeddable":true,"href":"https:\/\/blogdofarnesio.com.br\/index.php?rest_route=\/wp\/v2\/users\/2"}],"replies":[{"embeddable":true,"href":"https:\/\/blogdofarnesio.com.br\/index.php?rest_route=%2Fwp%2Fv2%2Fcomments&post=417062"}],"version-history":[{"count":1,"href":"https:\/\/blogdofarnesio.com.br\/index.php?rest_route=\/wp\/v2\/posts\/417062\/revisions"}],"predecessor-version":[{"id":417063,"href":"https:\/\/blogdofarnesio.com.br\/index.php?rest_route=\/wp\/v2\/posts\/417062\/revisions\/417063"}],"wp:featuredmedia":[{"embeddable":true,"href":"https:\/\/blogdofarnesio.com.br\/index.php?rest_route=\/wp\/v2\/media\/416187"}],"wp:attachment":[{"href":"https:\/\/blogdofarnesio.com.br\/index.php?rest_route=%2Fwp%2Fv2%2Fmedia&parent=417062"}],"wp:term":[{"taxonomy":"category","embeddable":true,"href":"https:\/\/blogdofarnesio.com.br\/index.php?rest_route=%2Fwp%2Fv2%2Fcategories&post=417062"},{"taxonomy":"post_tag","embeddable":true,"href":"https:\/\/blogdofarnesio.com.br\/index.php?rest_route=%2Fwp%2Fv2%2Ftags&post=417062"}],"curies":[{"name":"wp","href":"https:\/\/api.w.org\/{rel}","templated":true}]}}