{"id":417059,"date":"2026-03-13T16:44:47","date_gmt":"2026-03-13T19:44:47","guid":{"rendered":"https:\/\/blogdofarnesio.com.br\/?p=417059"},"modified":"2026-03-13T15:35:38","modified_gmt":"2026-03-13T18:35:38","slug":"atendimento-itinerante-levou-servicos-de-saude-a-comunidade-da-ilha-de-nossa-senhora-em-juazeiro","status":"publish","type":"post","link":"https:\/\/blogdofarnesio.com.br\/?p=417059","title":{"rendered":"Atendimento itinerante levou servi\u00e7os de sa\u00fade \u00e0 comunidade da Ilha de Nossa Senhora em Juazeiro"},"content":{"rendered":"<p>A Prefeitura de Juazeiro, por meio da Secretaria Municipal de Sa\u00fade (Sesau), realizou nesta sexta-feira (13) um atendimento itinerante na comunidade da Ilha de Nossa Senhora. A a\u00e7\u00e3o foi conduzida pela equipe da Unidade B\u00e1sica de Sa\u00fade (UBS) do S\u00e3o Geraldo e teve como objetivo ampliar o acesso da popula\u00e7\u00e3o local aos servi\u00e7os de Aten\u00e7\u00e3o Prim\u00e1ria.<\/p>\n<p>Durante a atividade, os moradores puderam contar com atendimentos m\u00e9dicos e odontol\u00f3gicos, al\u00e9m de servi\u00e7os como aferi\u00e7\u00e3o de press\u00e3o arterial, verifica\u00e7\u00e3o de glicemia, solicita\u00e7\u00e3o de exames e renova\u00e7\u00e3o de receitu\u00e1rio. A iniciativa tamb\u00e9m incluiu orienta\u00e7\u00f5es e a\u00e7\u00f5es de promo\u00e7\u00e3o da sa\u00fade, voltadas para a preven\u00e7\u00e3o e o rastreamento de doen\u00e7as.<\/p>\n<p>De acordo com a m\u00e9dica da UBS, C\u00e1ssia Evelyn, a a\u00e7\u00e3o foi organizada ap\u00f3s a identifica\u00e7\u00e3o da necessidade de facilitar o acesso da comunidade aos cuidados de sa\u00fade. \u201cHoje a gente est\u00e1 aqui na Ilha de Nossa Senhora porque percebemos uma demanda dessa popula\u00e7\u00e3o em rela\u00e7\u00e3o ao acesso \u00e0 unidade. Viemos com a equipe para realizar promo\u00e7\u00e3o de sa\u00fade em geral, solicita\u00e7\u00e3o de exames, verifica\u00e7\u00e3o de press\u00e3o e glicemia, a fim de rastrear doen\u00e7as importantes nessa popula\u00e7\u00e3o\u201d, destacou.<\/p>\n<p>Para os moradores, a presen\u00e7a da equipe de sa\u00fade representa mais comodidade e cuidado. A moradora da comunidade Amaralina Batista Nogueira Souza avaliou positivamente a iniciativa. \u201cFoi uma visita muito bem feita, que a gente estava esperando. Era muito dif\u00edcil para n\u00f3s sair daqui. A equipe veio e foi muito bom. Me atenderam muito bem, olharam minha press\u00e3o e estava boa. Isso j\u00e1 \u00e9 muito importante para n\u00f3s, porque nem sempre podemos sair daqui e a equipe vindo facilita muito\u201d, relatou.<\/p>\n<p>A a\u00e7\u00e3o refor\u00e7a o compromisso da gest\u00e3o municipal em levar os servi\u00e7os de sa\u00fade para mais perto da popula\u00e7\u00e3o, especialmente em localidades com maior dificuldade de deslocamento.<\/p>\n","protected":false},"excerpt":{"rendered":"<p>A Prefeitura de Juazeiro, por meio da Secretaria Municipal de Sa\u00fade (Sesau), realizou nesta sexta-feira (13) um atendimento itinerante na comunidade da Ilha de Nossa Senhora. A a\u00e7\u00e3o foi conduzida pela equipe da Unidade B\u00e1sica de Sa\u00fade (UBS) do S\u00e3o Geraldo e teve como objetivo ampliar o acesso da popula\u00e7\u00e3o local aos servi\u00e7os de Aten\u00e7\u00e3o Prim\u00e1ria. Durante a atividade, os moradores puderam contar com atendimentos m\u00e9dicos e odontol\u00f3gicos, al\u00e9m de servi\u00e7os como aferi\u00e7\u00e3o de press\u00e3o arterial, verifica\u00e7\u00e3o de glicemia, solicita\u00e7\u00e3o de exames e renova\u00e7\u00e3o de receitu\u00e1rio. A iniciativa tamb\u00e9m incluiu orienta\u00e7\u00f5es e a\u00e7\u00f5es de promo\u00e7\u00e3o da sa\u00fade, voltadas para a preven\u00e7\u00e3o e o rastreamento de doen\u00e7as. De acordo com a m\u00e9dica da UBS, C\u00e1ssia Evelyn, a a\u00e7\u00e3o foi organizada ap\u00f3s&hellip; <\/p>\n","protected":false},"author":2,"featured_media":417060,"comment_status":"open","ping_status":"open","sticky":false,"template":"","format":"standard","meta":{"_acf_changed":false,"footnotes":""},"categories":[22],"tags":[],"class_list":["post-417059","post","type-post","status-publish","format-standard","has-post-thumbnail","hentry","category-acao-social"],"acf":[],"yoast_head":"<!-- This site is optimized with the Yoast SEO plugin v27.4 - https:\/\/yoast.com\/product\/yoast-seo-wordpress\/ -->\n<title>Atendimento itinerante levou servi\u00e7os de sa\u00fade \u00e0 comunidade da Ilha de Nossa Senhora em Juazeiro - Blog do Farn\u00e9sio<\/title>\n<meta name=\"robots\" content=\"index, follow, max-snippet:-1, max-image-preview:large, max-video-preview:-1\" \/>\n<link rel=\"canonical\" href=\"https:\/\/blogdofarnesio.com.br\/?p=417059\" \/>\n<meta property=\"og:locale\" content=\"pt_BR\" \/>\n<meta property=\"og:type\" content=\"article\" \/>\n<meta property=\"og:title\" content=\"Atendimento itinerante levou servi\u00e7os de sa\u00fade \u00e0 comunidade da Ilha de Nossa Senhora em Juazeiro - Blog do Farn\u00e9sio\" \/>\n<meta property=\"og:description\" content=\"A Prefeitura de Juazeiro, por meio da Secretaria Municipal de Sa\u00fade (Sesau), realizou nesta sexta-feira (13) um atendimento itinerante na comunidade da Ilha de Nossa Senhora. A a\u00e7\u00e3o foi conduzida pela equipe da Unidade B\u00e1sica de Sa\u00fade (UBS) do S\u00e3o Geraldo e teve como objetivo ampliar o acesso da popula\u00e7\u00e3o local aos servi\u00e7os de Aten\u00e7\u00e3o Prim\u00e1ria. Durante a atividade, os moradores puderam contar com atendimentos m\u00e9dicos e odontol\u00f3gicos, al\u00e9m de servi\u00e7os como aferi\u00e7\u00e3o de press\u00e3o arterial, verifica\u00e7\u00e3o de glicemia, solicita\u00e7\u00e3o de exames e renova\u00e7\u00e3o de receitu\u00e1rio. A iniciativa tamb\u00e9m incluiu orienta\u00e7\u00f5es e a\u00e7\u00f5es de promo\u00e7\u00e3o da sa\u00fade, voltadas para a preven\u00e7\u00e3o e o rastreamento de doen\u00e7as. De acordo com a m\u00e9dica da UBS, C\u00e1ssia Evelyn, a a\u00e7\u00e3o foi organizada ap\u00f3s&hellip;\" \/>\n<meta property=\"og:url\" content=\"https:\/\/blogdofarnesio.com.br\/?p=417059\" \/>\n<meta property=\"og:site_name\" content=\"Blog do Farn\u00e9sio\" \/>\n<meta property=\"article:publisher\" content=\"https:\/\/www.facebook.com\/BlogQuerSaberPolitica\/\" \/>\n<meta property=\"article:author\" content=\"https:\/\/www.facebook.com\/?ref=tn_tnmn\" \/>\n<meta property=\"article:published_time\" content=\"2026-03-13T19:44:47+00:00\" \/>\n<meta property=\"og:image\" content=\"https:\/\/blogdofarnesio.com.br\/wp-content\/uploads\/2026\/03\/blogqspjua-saude-ilha-de-nossa-senhora-scaled-e1773426913696.jpg\" \/>\n\t<meta property=\"og:image:width\" content=\"560\" \/>\n\t<meta property=\"og:image:height\" content=\"373\" \/>\n\t<meta property=\"og:image:type\" content=\"image\/jpeg\" \/>\n<meta name=\"author\" content=\"Farn\u00e9sio\" \/>\n<meta name=\"twitter:card\" content=\"summary_large_image\" \/>\n<meta name=\"twitter:label1\" content=\"Escrito por\" \/>\n\t<meta name=\"twitter:data1\" content=\"Farn\u00e9sio\" \/>\n\t<meta name=\"twitter:label2\" content=\"Est. tempo de leitura\" \/>\n\t<meta name=\"twitter:data2\" content=\"2 minutos\" \/>\n<script type=\"application\/ld+json\" class=\"yoast-schema-graph\">{\"@context\":\"https:\\\/\\\/schema.org\",\"@graph\":[{\"@type\":\"Article\",\"@id\":\"https:\\\/\\\/blogdofarnesio.com.br\\\/?p=417059#article\",\"isPartOf\":{\"@id\":\"https:\\\/\\\/blogdofarnesio.com.br\\\/?p=417059\"},\"author\":{\"name\":\"Farn\u00e9sio\",\"@id\":\"https:\\\/\\\/blogdofarnesio.com.br\\\/#\\\/schema\\\/person\\\/bb9b23ae3ad0609ce8df7b6c9e76824d\"},\"headline\":\"Atendimento itinerante levou servi\u00e7os de sa\u00fade \u00e0 comunidade da Ilha de Nossa Senhora em Juazeiro\",\"datePublished\":\"2026-03-13T19:44:47+00:00\",\"mainEntityOfPage\":{\"@id\":\"https:\\\/\\\/blogdofarnesio.com.br\\\/?p=417059\"},\"wordCount\":358,\"commentCount\":0,\"publisher\":{\"@id\":\"https:\\\/\\\/blogdofarnesio.com.br\\\/#organization\"},\"image\":{\"@id\":\"https:\\\/\\\/blogdofarnesio.com.br\\\/?p=417059#primaryimage\"},\"thumbnailUrl\":\"https:\\\/\\\/blogdofarnesio.com.br\\\/wp-content\\\/uploads\\\/2026\\\/03\\\/blogqspjua-saude-ilha-de-nossa-senhora-scaled-e1773426913696.jpg\",\"articleSection\":[\"A\u00e7\u00e3o Social\"],\"inLanguage\":\"pt-BR\",\"potentialAction\":[{\"@type\":\"CommentAction\",\"name\":\"Comment\",\"target\":[\"https:\\\/\\\/blogdofarnesio.com.br\\\/?p=417059#respond\"]}]},{\"@type\":\"WebPage\",\"@id\":\"https:\\\/\\\/blogdofarnesio.com.br\\\/?p=417059\",\"url\":\"https:\\\/\\\/blogdofarnesio.com.br\\\/?p=417059\",\"name\":\"Atendimento itinerante levou servi\u00e7os de sa\u00fade \u00e0 comunidade da Ilha de Nossa Senhora em Juazeiro - Blog do Farn\u00e9sio\",\"isPartOf\":{\"@id\":\"https:\\\/\\\/blogdofarnesio.com.br\\\/#website\"},\"primaryImageOfPage\":{\"@id\":\"https:\\\/\\\/blogdofarnesio.com.br\\\/?p=417059#primaryimage\"},\"image\":{\"@id\":\"https:\\\/\\\/blogdofarnesio.com.br\\\/?p=417059#primaryimage\"},\"thumbnailUrl\":\"https:\\\/\\\/blogdofarnesio.com.br\\\/wp-content\\\/uploads\\\/2026\\\/03\\\/blogqspjua-saude-ilha-de-nossa-senhora-scaled-e1773426913696.jpg\",\"datePublished\":\"2026-03-13T19:44:47+00:00\",\"breadcrumb\":{\"@id\":\"https:\\\/\\\/blogdofarnesio.com.br\\\/?p=417059#breadcrumb\"},\"inLanguage\":\"pt-BR\",\"potentialAction\":[{\"@type\":\"ReadAction\",\"target\":[\"https:\\\/\\\/blogdofarnesio.com.br\\\/?p=417059\"]}]},{\"@type\":\"ImageObject\",\"inLanguage\":\"pt-BR\",\"@id\":\"https:\\\/\\\/blogdofarnesio.com.br\\\/?p=417059#primaryimage\",\"url\":\"https:\\\/\\\/blogdofarnesio.com.br\\\/wp-content\\\/uploads\\\/2026\\\/03\\\/blogqspjua-saude-ilha-de-nossa-senhora-scaled-e1773426913696.jpg\",\"contentUrl\":\"https:\\\/\\\/blogdofarnesio.com.br\\\/wp-content\\\/uploads\\\/2026\\\/03\\\/blogqspjua-saude-ilha-de-nossa-senhora-scaled-e1773426913696.jpg\",\"width\":560,\"height\":373},{\"@type\":\"BreadcrumbList\",\"@id\":\"https:\\\/\\\/blogdofarnesio.com.br\\\/?p=417059#breadcrumb\",\"itemListElement\":[{\"@type\":\"ListItem\",\"position\":1,\"name\":\"In\u00edcio\",\"item\":\"https:\\\/\\\/blogdofarnesio.com.br\\\/\"},{\"@type\":\"ListItem\",\"position\":2,\"name\":\"Atendimento itinerante levou servi\u00e7os de sa\u00fade \u00e0 comunidade da Ilha de Nossa Senhora em Juazeiro\"}]},{\"@type\":\"WebSite\",\"@id\":\"https:\\\/\\\/blogdofarnesio.com.br\\\/#website\",\"url\":\"https:\\\/\\\/blogdofarnesio.com.br\\\/\",\"name\":\"Blog do Farn\u00e9sio\",\"description\":\"Quer Saber Pol\u00edtica?\",\"publisher\":{\"@id\":\"https:\\\/\\\/blogdofarnesio.com.br\\\/#organization\"},\"potentialAction\":[{\"@type\":\"SearchAction\",\"target\":{\"@type\":\"EntryPoint\",\"urlTemplate\":\"https:\\\/\\\/blogdofarnesio.com.br\\\/?s={search_term_string}\"},\"query-input\":{\"@type\":\"PropertyValueSpecification\",\"valueRequired\":true,\"valueName\":\"search_term_string\"}}],\"inLanguage\":\"pt-BR\"},{\"@type\":\"Organization\",\"@id\":\"https:\\\/\\\/blogdofarnesio.com.br\\\/#organization\",\"name\":\"Blog do Farn\u00e9sio\",\"url\":\"https:\\\/\\\/blogdofarnesio.com.br\\\/\",\"logo\":{\"@type\":\"ImageObject\",\"inLanguage\":\"pt-BR\",\"@id\":\"https:\\\/\\\/blogdofarnesio.com.br\\\/#\\\/schema\\\/logo\\\/image\\\/\",\"url\":\"https:\\\/\\\/blogdofarnesio.com.br\\\/wp-content\\\/uploads\\\/2026\\\/03\\\/cropped-logo_new-1.png\",\"contentUrl\":\"https:\\\/\\\/blogdofarnesio.com.br\\\/wp-content\\\/uploads\\\/2026\\\/03\\\/cropped-logo_new-1.png\",\"width\":881,\"height\":685,\"caption\":\"Blog do Farn\u00e9sio\"},\"image\":{\"@id\":\"https:\\\/\\\/blogdofarnesio.com.br\\\/#\\\/schema\\\/logo\\\/image\\\/\"},\"sameAs\":[\"https:\\\/\\\/www.facebook.com\\\/BlogQuerSaberPolitica\\\/\"]},{\"@type\":\"Person\",\"@id\":\"https:\\\/\\\/blogdofarnesio.com.br\\\/#\\\/schema\\\/person\\\/bb9b23ae3ad0609ce8df7b6c9e76824d\",\"name\":\"Farn\u00e9sio\",\"image\":{\"@type\":\"ImageObject\",\"inLanguage\":\"pt-BR\",\"@id\":\"https:\\\/\\\/secure.gravatar.com\\\/avatar\\\/986aa4c61ccdb66f8555bf88fc2a65609d00bcabd4d2d94377a727547345cbca?s=96&d=mm&r=g\",\"url\":\"https:\\\/\\\/secure.gravatar.com\\\/avatar\\\/986aa4c61ccdb66f8555bf88fc2a65609d00bcabd4d2d94377a727547345cbca?s=96&d=mm&r=g\",\"contentUrl\":\"https:\\\/\\\/secure.gravatar.com\\\/avatar\\\/986aa4c61ccdb66f8555bf88fc2a65609d00bcabd4d2d94377a727547345cbca?s=96&d=mm&r=g\",\"caption\":\"Farn\u00e9sio\"},\"description\":\"Radialista blogueiro, chegou a Petrolina\\\/Juazeiro em setembro de 1980, Farn\u00e9sio Silva \u00e9 de Arapiraca-Alagoas.\",\"sameAs\":[\"http:\\\/\\\/blogdofarnesio.com.br\",\"https:\\\/\\\/www.facebook.com\\\/?ref=tn_tnmn\",\"https:\\\/\\\/www.instagram.com\\\/?utm_source=pwa_homescreen\",\"https:\\\/\\\/youtube.com.br\\\/\"],\"url\":\"https:\\\/\\\/blogdofarnesio.com.br\\\/?author=2\"}]}<\/script>\n<!-- \/ Yoast SEO plugin. -->","yoast_head_json":{"title":"Atendimento itinerante levou servi\u00e7os de sa\u00fade \u00e0 comunidade da Ilha de Nossa Senhora em Juazeiro - Blog do Farn\u00e9sio","robots":{"index":"index","follow":"follow","max-snippet":"max-snippet:-1","max-image-preview":"max-image-preview:large","max-video-preview":"max-video-preview:-1"},"canonical":"https:\/\/blogdofarnesio.com.br\/?p=417059","og_locale":"pt_BR","og_type":"article","og_title":"Atendimento itinerante levou servi\u00e7os de sa\u00fade \u00e0 comunidade da Ilha de Nossa Senhora em Juazeiro - Blog do Farn\u00e9sio","og_description":"A Prefeitura de Juazeiro, por meio da Secretaria Municipal de Sa\u00fade (Sesau), realizou nesta sexta-feira (13) um atendimento itinerante na comunidade da Ilha de Nossa Senhora. A a\u00e7\u00e3o foi conduzida pela equipe da Unidade B\u00e1sica de Sa\u00fade (UBS) do S\u00e3o Geraldo e teve como objetivo ampliar o acesso da popula\u00e7\u00e3o local aos servi\u00e7os de Aten\u00e7\u00e3o Prim\u00e1ria. Durante a atividade, os moradores puderam contar com atendimentos m\u00e9dicos e odontol\u00f3gicos, al\u00e9m de servi\u00e7os como aferi\u00e7\u00e3o de press\u00e3o arterial, verifica\u00e7\u00e3o de glicemia, solicita\u00e7\u00e3o de exames e renova\u00e7\u00e3o de receitu\u00e1rio. A iniciativa tamb\u00e9m incluiu orienta\u00e7\u00f5es e a\u00e7\u00f5es de promo\u00e7\u00e3o da sa\u00fade, voltadas para a preven\u00e7\u00e3o e o rastreamento de doen\u00e7as. De acordo com a m\u00e9dica da UBS, C\u00e1ssia Evelyn, a a\u00e7\u00e3o foi organizada ap\u00f3s&hellip;","og_url":"https:\/\/blogdofarnesio.com.br\/?p=417059","og_site_name":"Blog do Farn\u00e9sio","article_publisher":"https:\/\/www.facebook.com\/BlogQuerSaberPolitica\/","article_author":"https:\/\/www.facebook.com\/?ref=tn_tnmn","article_published_time":"2026-03-13T19:44:47+00:00","og_image":[{"width":560,"height":373,"url":"https:\/\/blogdofarnesio.com.br\/wp-content\/uploads\/2026\/03\/blogqspjua-saude-ilha-de-nossa-senhora-scaled-e1773426913696.jpg","type":"image\/jpeg"}],"author":"Farn\u00e9sio","twitter_card":"summary_large_image","twitter_misc":{"Escrito por":"Farn\u00e9sio","Est. tempo de leitura":"2 minutos"},"schema":{"@context":"https:\/\/schema.org","@graph":[{"@type":"Article","@id":"https:\/\/blogdofarnesio.com.br\/?p=417059#article","isPartOf":{"@id":"https:\/\/blogdofarnesio.com.br\/?p=417059"},"author":{"name":"Farn\u00e9sio","@id":"https:\/\/blogdofarnesio.com.br\/#\/schema\/person\/bb9b23ae3ad0609ce8df7b6c9e76824d"},"headline":"Atendimento itinerante levou servi\u00e7os de sa\u00fade \u00e0 comunidade da Ilha de Nossa Senhora em Juazeiro","datePublished":"2026-03-13T19:44:47+00:00","mainEntityOfPage":{"@id":"https:\/\/blogdofarnesio.com.br\/?p=417059"},"wordCount":358,"commentCount":0,"publisher":{"@id":"https:\/\/blogdofarnesio.com.br\/#organization"},"image":{"@id":"https:\/\/blogdofarnesio.com.br\/?p=417059#primaryimage"},"thumbnailUrl":"https:\/\/blogdofarnesio.com.br\/wp-content\/uploads\/2026\/03\/blogqspjua-saude-ilha-de-nossa-senhora-scaled-e1773426913696.jpg","articleSection":["A\u00e7\u00e3o Social"],"inLanguage":"pt-BR","potentialAction":[{"@type":"CommentAction","name":"Comment","target":["https:\/\/blogdofarnesio.com.br\/?p=417059#respond"]}]},{"@type":"WebPage","@id":"https:\/\/blogdofarnesio.com.br\/?p=417059","url":"https:\/\/blogdofarnesio.com.br\/?p=417059","name":"Atendimento itinerante levou servi\u00e7os de sa\u00fade \u00e0 comunidade da Ilha de Nossa Senhora em Juazeiro - Blog do Farn\u00e9sio","isPartOf":{"@id":"https:\/\/blogdofarnesio.com.br\/#website"},"primaryImageOfPage":{"@id":"https:\/\/blogdofarnesio.com.br\/?p=417059#primaryimage"},"image":{"@id":"https:\/\/blogdofarnesio.com.br\/?p=417059#primaryimage"},"thumbnailUrl":"https:\/\/blogdofarnesio.com.br\/wp-content\/uploads\/2026\/03\/blogqspjua-saude-ilha-de-nossa-senhora-scaled-e1773426913696.jpg","datePublished":"2026-03-13T19:44:47+00:00","breadcrumb":{"@id":"https:\/\/blogdofarnesio.com.br\/?p=417059#breadcrumb"},"inLanguage":"pt-BR","potentialAction":[{"@type":"ReadAction","target":["https:\/\/blogdofarnesio.com.br\/?p=417059"]}]},{"@type":"ImageObject","inLanguage":"pt-BR","@id":"https:\/\/blogdofarnesio.com.br\/?p=417059#primaryimage","url":"https:\/\/blogdofarnesio.com.br\/wp-content\/uploads\/2026\/03\/blogqspjua-saude-ilha-de-nossa-senhora-scaled-e1773426913696.jpg","contentUrl":"https:\/\/blogdofarnesio.com.br\/wp-content\/uploads\/2026\/03\/blogqspjua-saude-ilha-de-nossa-senhora-scaled-e1773426913696.jpg","width":560,"height":373},{"@type":"BreadcrumbList","@id":"https:\/\/blogdofarnesio.com.br\/?p=417059#breadcrumb","itemListElement":[{"@type":"ListItem","position":1,"name":"In\u00edcio","item":"https:\/\/blogdofarnesio.com.br\/"},{"@type":"ListItem","position":2,"name":"Atendimento itinerante levou servi\u00e7os de sa\u00fade \u00e0 comunidade da Ilha de Nossa Senhora em Juazeiro"}]},{"@type":"WebSite","@id":"https:\/\/blogdofarnesio.com.br\/#website","url":"https:\/\/blogdofarnesio.com.br\/","name":"Blog do Farn\u00e9sio","description":"Quer Saber Pol\u00edtica?","publisher":{"@id":"https:\/\/blogdofarnesio.com.br\/#organization"},"potentialAction":[{"@type":"SearchAction","target":{"@type":"EntryPoint","urlTemplate":"https:\/\/blogdofarnesio.com.br\/?s={search_term_string}"},"query-input":{"@type":"PropertyValueSpecification","valueRequired":true,"valueName":"search_term_string"}}],"inLanguage":"pt-BR"},{"@type":"Organization","@id":"https:\/\/blogdofarnesio.com.br\/#organization","name":"Blog do Farn\u00e9sio","url":"https:\/\/blogdofarnesio.com.br\/","logo":{"@type":"ImageObject","inLanguage":"pt-BR","@id":"https:\/\/blogdofarnesio.com.br\/#\/schema\/logo\/image\/","url":"https:\/\/blogdofarnesio.com.br\/wp-content\/uploads\/2026\/03\/cropped-logo_new-1.png","contentUrl":"https:\/\/blogdofarnesio.com.br\/wp-content\/uploads\/2026\/03\/cropped-logo_new-1.png","width":881,"height":685,"caption":"Blog do Farn\u00e9sio"},"image":{"@id":"https:\/\/blogdofarnesio.com.br\/#\/schema\/logo\/image\/"},"sameAs":["https:\/\/www.facebook.com\/BlogQuerSaberPolitica\/"]},{"@type":"Person","@id":"https:\/\/blogdofarnesio.com.br\/#\/schema\/person\/bb9b23ae3ad0609ce8df7b6c9e76824d","name":"Farn\u00e9sio","image":{"@type":"ImageObject","inLanguage":"pt-BR","@id":"https:\/\/secure.gravatar.com\/avatar\/986aa4c61ccdb66f8555bf88fc2a65609d00bcabd4d2d94377a727547345cbca?s=96&d=mm&r=g","url":"https:\/\/secure.gravatar.com\/avatar\/986aa4c61ccdb66f8555bf88fc2a65609d00bcabd4d2d94377a727547345cbca?s=96&d=mm&r=g","contentUrl":"https:\/\/secure.gravatar.com\/avatar\/986aa4c61ccdb66f8555bf88fc2a65609d00bcabd4d2d94377a727547345cbca?s=96&d=mm&r=g","caption":"Farn\u00e9sio"},"description":"Radialista blogueiro, chegou a Petrolina\/Juazeiro em setembro de 1980, Farn\u00e9sio Silva \u00e9 de Arapiraca-Alagoas.","sameAs":["http:\/\/blogdofarnesio.com.br","https:\/\/www.facebook.com\/?ref=tn_tnmn","https:\/\/www.instagram.com\/?utm_source=pwa_homescreen","https:\/\/youtube.com.br\/"],"url":"https:\/\/blogdofarnesio.com.br\/?author=2"}]}},"_links":{"self":[{"href":"https:\/\/blogdofarnesio.com.br\/index.php?rest_route=\/wp\/v2\/posts\/417059","targetHints":{"allow":["GET"]}}],"collection":[{"href":"https:\/\/blogdofarnesio.com.br\/index.php?rest_route=\/wp\/v2\/posts"}],"about":[{"href":"https:\/\/blogdofarnesio.com.br\/index.php?rest_route=\/wp\/v2\/types\/post"}],"author":[{"embeddable":true,"href":"https:\/\/blogdofarnesio.com.br\/index.php?rest_route=\/wp\/v2\/users\/2"}],"replies":[{"embeddable":true,"href":"https:\/\/blogdofarnesio.com.br\/index.php?rest_route=%2Fwp%2Fv2%2Fcomments&post=417059"}],"version-history":[{"count":1,"href":"https:\/\/blogdofarnesio.com.br\/index.php?rest_route=\/wp\/v2\/posts\/417059\/revisions"}],"predecessor-version":[{"id":417061,"href":"https:\/\/blogdofarnesio.com.br\/index.php?rest_route=\/wp\/v2\/posts\/417059\/revisions\/417061"}],"wp:featuredmedia":[{"embeddable":true,"href":"https:\/\/blogdofarnesio.com.br\/index.php?rest_route=\/wp\/v2\/media\/417060"}],"wp:attachment":[{"href":"https:\/\/blogdofarnesio.com.br\/index.php?rest_route=%2Fwp%2Fv2%2Fmedia&parent=417059"}],"wp:term":[{"taxonomy":"category","embeddable":true,"href":"https:\/\/blogdofarnesio.com.br\/index.php?rest_route=%2Fwp%2Fv2%2Fcategories&post=417059"},{"taxonomy":"post_tag","embeddable":true,"href":"https:\/\/blogdofarnesio.com.br\/index.php?rest_route=%2Fwp%2Fv2%2Ftags&post=417059"}],"curies":[{"name":"wp","href":"https:\/\/api.w.org\/{rel}","templated":true}]}}