{"id":417047,"date":"2026-03-13T15:23:57","date_gmt":"2026-03-13T18:23:57","guid":{"rendered":"https:\/\/blogdofarnesio.com.br\/?p=417047"},"modified":"2026-03-13T11:08:29","modified_gmt":"2026-03-13T14:08:29","slug":"feira-marco-de-todas-as-mulheres-oferecera-amanha-exames-de-ultrassonografia-em-juazeiro-saiba-onde","status":"publish","type":"post","link":"https:\/\/blogdofarnesio.com.br\/?p=417047","title":{"rendered":"Feira Mar\u00e7o de Todas as Mulheres oferecer\u00e1 amanh\u00e3 exames de ultrassonografia em Juazeiro. Saiba onde"},"content":{"rendered":"<p>A Prefeitura de Juazeiro, por meio da Secretaria Municipal de Sa\u00fade (Sesau), em parceria com o Governo do Estado da Bahia, atrav\u00e9s da Secretaria da Sa\u00fade do Estado (Sesab), realizar\u00e1 no pr\u00f3ximo s\u00e1bado (14) e domingo (15), a Feira Mar\u00e7o de Todas as Mulheres, com a oferta de exames de ultrassonografia na Policl\u00ednica Regional de Juazeiro, localizada na Av. Raul Alves (pr\u00f3ximo ao Assa\u00ed Atacadista).<\/p>\n<div class=\"\">\n<div id=\":sv\" class=\"ii gt\">\n<div id=\":sw\" class=\"a3s aiL\">\n<div id=\"avWBGd-68\">\n<div dir=\"ltr\">Durante a a\u00e7\u00e3o, ser\u00e3o disponibilizados exames de ultrassonografia de abd\u00f4men total, abd\u00f4men superior, abd\u00f4men inferior, p\u00e9lvica, transvaginal, tireoide, paredes abdominais e vias urin\u00e1rias. N\u00e3o ser\u00e3o realizados exames de mama nem obst\u00e9tricos.<\/p>\n<p>Ser\u00e3o ofertadas 700 vagas por dia, totalizando 1.400 atendimentos ao longo dos dois dias de evento, ampliando o acesso da popula\u00e7\u00e3o feminina a exames de diagn\u00f3stico por imagem.<\/p>\n<p>Os atendimentos acontecer\u00e3o no s\u00e1bado (14) e no domingo (15), nos seguintes hor\u00e1rios:<br \/>\nmanh\u00e3 a partir das 7h, e tarde a partir das 14h.<\/p>\n<p>A a\u00e7\u00e3o \u00e9 destinada a pacientes com idade entre 14 e 65 anos, com sexo biol\u00f3gico feminino, incluindo mulheres cis, mulheres trans, travestis e pessoas n\u00e3o bin\u00e1rias.<\/p>\n<p>Para realizar o exame, \u00e9 obrigat\u00f3ria a apresenta\u00e7\u00e3o de solicita\u00e7\u00e3o m\u00e9dica, RG e cart\u00e3o do SUS. No caso da ultrassonografia de abd\u00f4men total, \u00e9 necess\u00e1rio cumprir jejum de 7 horas antes da realiza\u00e7\u00e3o do exame.<\/p>\n<p>O agendamento deve ser feito previamente pela internet, por meio do site disponibilizado pela Sesab:<br \/>\n<a href=\"https:\/\/www.ba.gov.br\/servico\/sesab-agendar-atendimento-em-campanha-de-saude\" target=\"_blank\" rel=\"noopener\" data-saferedirecturl=\"https:\/\/www.google.com\/url?q=https:\/\/www.ba.gov.br\/servico\/sesab-agendar-atendimento-em-campanha-de-saude&amp;source=gmail&amp;ust=1773490630632000&amp;usg=AOvVaw1ecdo_dHErlkHDtj6hGeut\">https:\/\/www.ba.gov.br\/servico\/<wbr \/>sesab-agendar-atendimento-em-<wbr \/>campanha-de-saude<\/a><\/p>\n<p>A Feira Mar\u00e7o de Todas as Mulheres integra as a\u00e7\u00f5es voltadas \u00e0 promo\u00e7\u00e3o da sa\u00fade e amplia\u00e7\u00e3o do acesso a exames para a popula\u00e7\u00e3o feminina, fortalecendo o cuidado e a preven\u00e7\u00e3o em sa\u00fade no munic\u00edpio.<\/p>\n<div>\n______________<br \/>\nTexto: Camila Santana &#8211; Ascom PMJ\/Sesau<\/div>\n<\/div>\n<\/div>\n<\/div>\n<\/div>\n<\/div>\n","protected":false},"excerpt":{"rendered":"<p>A Prefeitura de Juazeiro, por meio da Secretaria Municipal de Sa\u00fade (Sesau), em parceria com o Governo do Estado da Bahia, atrav\u00e9s da Secretaria da Sa\u00fade do Estado (Sesab), realizar\u00e1 no pr\u00f3ximo s\u00e1bado (14) e domingo (15), a Feira Mar\u00e7o de Todas as Mulheres, com a oferta de exames de ultrassonografia na Policl\u00ednica Regional de Juazeiro, localizada na Av. Raul Alves (pr\u00f3ximo ao Assa\u00ed Atacadista). Durante a a\u00e7\u00e3o, ser\u00e3o disponibilizados exames de ultrassonografia de abd\u00f4men total, abd\u00f4men superior, abd\u00f4men inferior, p\u00e9lvica, transvaginal, tireoide, paredes abdominais e vias urin\u00e1rias. N\u00e3o ser\u00e3o realizados exames de mama nem obst\u00e9tricos. Ser\u00e3o ofertadas 700 vagas por dia, totalizando 1.400 atendimentos ao longo dos dois dias de evento, ampliando o acesso da popula\u00e7\u00e3o feminina a exames&hellip; <\/p>\n","protected":false},"author":2,"featured_media":417045,"comment_status":"open","ping_status":"open","sticky":false,"template":"","format":"standard","meta":{"_acf_changed":false,"footnotes":""},"categories":[4],"tags":[],"class_list":["post-417047","post","type-post","status-publish","format-standard","has-post-thumbnail","hentry","category-saude"],"acf":[],"yoast_head":"<!-- This site is optimized with the Yoast SEO plugin v27.4 - https:\/\/yoast.com\/product\/yoast-seo-wordpress\/ -->\n<title>Feira Mar\u00e7o de Todas as Mulheres oferecer\u00e1 amanh\u00e3 exames de ultrassonografia em Juazeiro. Saiba onde - Blog do Farn\u00e9sio<\/title>\n<meta name=\"robots\" content=\"index, follow, max-snippet:-1, max-image-preview:large, max-video-preview:-1\" \/>\n<link rel=\"canonical\" href=\"https:\/\/blogdofarnesio.com.br\/?p=417047\" \/>\n<meta property=\"og:locale\" content=\"pt_BR\" \/>\n<meta property=\"og:type\" content=\"article\" \/>\n<meta property=\"og:title\" content=\"Feira Mar\u00e7o de Todas as Mulheres oferecer\u00e1 amanh\u00e3 exames de ultrassonografia em Juazeiro. Saiba onde - Blog do Farn\u00e9sio\" \/>\n<meta property=\"og:description\" content=\"A Prefeitura de Juazeiro, por meio da Secretaria Municipal de Sa\u00fade (Sesau), em parceria com o Governo do Estado da Bahia, atrav\u00e9s da Secretaria da Sa\u00fade do Estado (Sesab), realizar\u00e1 no pr\u00f3ximo s\u00e1bado (14) e domingo (15), a Feira Mar\u00e7o de Todas as Mulheres, com a oferta de exames de ultrassonografia na Policl\u00ednica Regional de Juazeiro, localizada na Av. Raul Alves (pr\u00f3ximo ao Assa\u00ed Atacadista). Durante a a\u00e7\u00e3o, ser\u00e3o disponibilizados exames de ultrassonografia de abd\u00f4men total, abd\u00f4men superior, abd\u00f4men inferior, p\u00e9lvica, transvaginal, tireoide, paredes abdominais e vias urin\u00e1rias. N\u00e3o ser\u00e3o realizados exames de mama nem obst\u00e9tricos. Ser\u00e3o ofertadas 700 vagas por dia, totalizando 1.400 atendimentos ao longo dos dois dias de evento, ampliando o acesso da popula\u00e7\u00e3o feminina a exames&hellip;\" \/>\n<meta property=\"og:url\" content=\"https:\/\/blogdofarnesio.com.br\/?p=417047\" \/>\n<meta property=\"og:site_name\" content=\"Blog do Farn\u00e9sio\" \/>\n<meta property=\"article:publisher\" content=\"https:\/\/www.facebook.com\/BlogQuerSaberPolitica\/\" \/>\n<meta property=\"article:author\" content=\"https:\/\/www.facebook.com\/?ref=tn_tnmn\" \/>\n<meta property=\"article:published_time\" content=\"2026-03-13T18:23:57+00:00\" \/>\n<meta property=\"og:image\" content=\"https:\/\/blogdofarnesio.com.br\/wp-content\/uploads\/2026\/03\/Marco-de-todas-as-mulheres-e1773410749407.jpg\" \/>\n\t<meta property=\"og:image:width\" content=\"580\" \/>\n\t<meta property=\"og:image:height\" content=\"504\" \/>\n\t<meta property=\"og:image:type\" content=\"image\/jpeg\" \/>\n<meta name=\"author\" content=\"Farn\u00e9sio\" \/>\n<meta name=\"twitter:card\" content=\"summary_large_image\" \/>\n<meta name=\"twitter:label1\" content=\"Escrito por\" \/>\n\t<meta name=\"twitter:data1\" content=\"Farn\u00e9sio\" \/>\n\t<meta name=\"twitter:label2\" content=\"Est. tempo de leitura\" \/>\n\t<meta name=\"twitter:data2\" content=\"2 minutos\" \/>\n<script type=\"application\/ld+json\" class=\"yoast-schema-graph\">{\"@context\":\"https:\\\/\\\/schema.org\",\"@graph\":[{\"@type\":\"Article\",\"@id\":\"https:\\\/\\\/blogdofarnesio.com.br\\\/?p=417047#article\",\"isPartOf\":{\"@id\":\"https:\\\/\\\/blogdofarnesio.com.br\\\/?p=417047\"},\"author\":{\"name\":\"Farn\u00e9sio\",\"@id\":\"https:\\\/\\\/blogdofarnesio.com.br\\\/#\\\/schema\\\/person\\\/bb9b23ae3ad0609ce8df7b6c9e76824d\"},\"headline\":\"Feira Mar\u00e7o de Todas as Mulheres oferecer\u00e1 amanh\u00e3 exames de ultrassonografia em Juazeiro. Saiba onde\",\"datePublished\":\"2026-03-13T18:23:57+00:00\",\"mainEntityOfPage\":{\"@id\":\"https:\\\/\\\/blogdofarnesio.com.br\\\/?p=417047\"},\"wordCount\":322,\"commentCount\":0,\"publisher\":{\"@id\":\"https:\\\/\\\/blogdofarnesio.com.br\\\/#organization\"},\"image\":{\"@id\":\"https:\\\/\\\/blogdofarnesio.com.br\\\/?p=417047#primaryimage\"},\"thumbnailUrl\":\"https:\\\/\\\/blogdofarnesio.com.br\\\/wp-content\\\/uploads\\\/2026\\\/03\\\/Marco-de-todas-as-mulheres-e1773410749407.jpg\",\"articleSection\":[\"Sa\u00fade\"],\"inLanguage\":\"pt-BR\",\"potentialAction\":[{\"@type\":\"CommentAction\",\"name\":\"Comment\",\"target\":[\"https:\\\/\\\/blogdofarnesio.com.br\\\/?p=417047#respond\"]}]},{\"@type\":\"WebPage\",\"@id\":\"https:\\\/\\\/blogdofarnesio.com.br\\\/?p=417047\",\"url\":\"https:\\\/\\\/blogdofarnesio.com.br\\\/?p=417047\",\"name\":\"Feira Mar\u00e7o de Todas as Mulheres oferecer\u00e1 amanh\u00e3 exames de ultrassonografia em Juazeiro. Saiba onde - Blog do Farn\u00e9sio\",\"isPartOf\":{\"@id\":\"https:\\\/\\\/blogdofarnesio.com.br\\\/#website\"},\"primaryImageOfPage\":{\"@id\":\"https:\\\/\\\/blogdofarnesio.com.br\\\/?p=417047#primaryimage\"},\"image\":{\"@id\":\"https:\\\/\\\/blogdofarnesio.com.br\\\/?p=417047#primaryimage\"},\"thumbnailUrl\":\"https:\\\/\\\/blogdofarnesio.com.br\\\/wp-content\\\/uploads\\\/2026\\\/03\\\/Marco-de-todas-as-mulheres-e1773410749407.jpg\",\"datePublished\":\"2026-03-13T18:23:57+00:00\",\"breadcrumb\":{\"@id\":\"https:\\\/\\\/blogdofarnesio.com.br\\\/?p=417047#breadcrumb\"},\"inLanguage\":\"pt-BR\",\"potentialAction\":[{\"@type\":\"ReadAction\",\"target\":[\"https:\\\/\\\/blogdofarnesio.com.br\\\/?p=417047\"]}]},{\"@type\":\"ImageObject\",\"inLanguage\":\"pt-BR\",\"@id\":\"https:\\\/\\\/blogdofarnesio.com.br\\\/?p=417047#primaryimage\",\"url\":\"https:\\\/\\\/blogdofarnesio.com.br\\\/wp-content\\\/uploads\\\/2026\\\/03\\\/Marco-de-todas-as-mulheres-e1773410749407.jpg\",\"contentUrl\":\"https:\\\/\\\/blogdofarnesio.com.br\\\/wp-content\\\/uploads\\\/2026\\\/03\\\/Marco-de-todas-as-mulheres-e1773410749407.jpg\",\"width\":580,\"height\":504},{\"@type\":\"BreadcrumbList\",\"@id\":\"https:\\\/\\\/blogdofarnesio.com.br\\\/?p=417047#breadcrumb\",\"itemListElement\":[{\"@type\":\"ListItem\",\"position\":1,\"name\":\"In\u00edcio\",\"item\":\"https:\\\/\\\/blogdofarnesio.com.br\\\/\"},{\"@type\":\"ListItem\",\"position\":2,\"name\":\"Feira Mar\u00e7o de Todas as Mulheres oferecer\u00e1 amanh\u00e3 exames de ultrassonografia em Juazeiro. Saiba onde\"}]},{\"@type\":\"WebSite\",\"@id\":\"https:\\\/\\\/blogdofarnesio.com.br\\\/#website\",\"url\":\"https:\\\/\\\/blogdofarnesio.com.br\\\/\",\"name\":\"Blog do Farn\u00e9sio\",\"description\":\"Quer Saber Pol\u00edtica?\",\"publisher\":{\"@id\":\"https:\\\/\\\/blogdofarnesio.com.br\\\/#organization\"},\"potentialAction\":[{\"@type\":\"SearchAction\",\"target\":{\"@type\":\"EntryPoint\",\"urlTemplate\":\"https:\\\/\\\/blogdofarnesio.com.br\\\/?s={search_term_string}\"},\"query-input\":{\"@type\":\"PropertyValueSpecification\",\"valueRequired\":true,\"valueName\":\"search_term_string\"}}],\"inLanguage\":\"pt-BR\"},{\"@type\":\"Organization\",\"@id\":\"https:\\\/\\\/blogdofarnesio.com.br\\\/#organization\",\"name\":\"Blog do Farn\u00e9sio\",\"url\":\"https:\\\/\\\/blogdofarnesio.com.br\\\/\",\"logo\":{\"@type\":\"ImageObject\",\"inLanguage\":\"pt-BR\",\"@id\":\"https:\\\/\\\/blogdofarnesio.com.br\\\/#\\\/schema\\\/logo\\\/image\\\/\",\"url\":\"https:\\\/\\\/blogdofarnesio.com.br\\\/wp-content\\\/uploads\\\/2026\\\/03\\\/cropped-logo_new-1.png\",\"contentUrl\":\"https:\\\/\\\/blogdofarnesio.com.br\\\/wp-content\\\/uploads\\\/2026\\\/03\\\/cropped-logo_new-1.png\",\"width\":881,\"height\":685,\"caption\":\"Blog do Farn\u00e9sio\"},\"image\":{\"@id\":\"https:\\\/\\\/blogdofarnesio.com.br\\\/#\\\/schema\\\/logo\\\/image\\\/\"},\"sameAs\":[\"https:\\\/\\\/www.facebook.com\\\/BlogQuerSaberPolitica\\\/\"]},{\"@type\":\"Person\",\"@id\":\"https:\\\/\\\/blogdofarnesio.com.br\\\/#\\\/schema\\\/person\\\/bb9b23ae3ad0609ce8df7b6c9e76824d\",\"name\":\"Farn\u00e9sio\",\"image\":{\"@type\":\"ImageObject\",\"inLanguage\":\"pt-BR\",\"@id\":\"https:\\\/\\\/secure.gravatar.com\\\/avatar\\\/986aa4c61ccdb66f8555bf88fc2a65609d00bcabd4d2d94377a727547345cbca?s=96&d=mm&r=g\",\"url\":\"https:\\\/\\\/secure.gravatar.com\\\/avatar\\\/986aa4c61ccdb66f8555bf88fc2a65609d00bcabd4d2d94377a727547345cbca?s=96&d=mm&r=g\",\"contentUrl\":\"https:\\\/\\\/secure.gravatar.com\\\/avatar\\\/986aa4c61ccdb66f8555bf88fc2a65609d00bcabd4d2d94377a727547345cbca?s=96&d=mm&r=g\",\"caption\":\"Farn\u00e9sio\"},\"description\":\"Radialista blogueiro, chegou a Petrolina\\\/Juazeiro em setembro de 1980, Farn\u00e9sio Silva \u00e9 de Arapiraca-Alagoas.\",\"sameAs\":[\"http:\\\/\\\/blogdofarnesio.com.br\",\"https:\\\/\\\/www.facebook.com\\\/?ref=tn_tnmn\",\"https:\\\/\\\/www.instagram.com\\\/?utm_source=pwa_homescreen\",\"https:\\\/\\\/youtube.com.br\\\/\"],\"url\":\"https:\\\/\\\/blogdofarnesio.com.br\\\/?author=2\"}]}<\/script>\n<!-- \/ Yoast SEO plugin. -->","yoast_head_json":{"title":"Feira Mar\u00e7o de Todas as Mulheres oferecer\u00e1 amanh\u00e3 exames de ultrassonografia em Juazeiro. Saiba onde - Blog do Farn\u00e9sio","robots":{"index":"index","follow":"follow","max-snippet":"max-snippet:-1","max-image-preview":"max-image-preview:large","max-video-preview":"max-video-preview:-1"},"canonical":"https:\/\/blogdofarnesio.com.br\/?p=417047","og_locale":"pt_BR","og_type":"article","og_title":"Feira Mar\u00e7o de Todas as Mulheres oferecer\u00e1 amanh\u00e3 exames de ultrassonografia em Juazeiro. Saiba onde - Blog do Farn\u00e9sio","og_description":"A Prefeitura de Juazeiro, por meio da Secretaria Municipal de Sa\u00fade (Sesau), em parceria com o Governo do Estado da Bahia, atrav\u00e9s da Secretaria da Sa\u00fade do Estado (Sesab), realizar\u00e1 no pr\u00f3ximo s\u00e1bado (14) e domingo (15), a Feira Mar\u00e7o de Todas as Mulheres, com a oferta de exames de ultrassonografia na Policl\u00ednica Regional de Juazeiro, localizada na Av. Raul Alves (pr\u00f3ximo ao Assa\u00ed Atacadista). Durante a a\u00e7\u00e3o, ser\u00e3o disponibilizados exames de ultrassonografia de abd\u00f4men total, abd\u00f4men superior, abd\u00f4men inferior, p\u00e9lvica, transvaginal, tireoide, paredes abdominais e vias urin\u00e1rias. N\u00e3o ser\u00e3o realizados exames de mama nem obst\u00e9tricos. Ser\u00e3o ofertadas 700 vagas por dia, totalizando 1.400 atendimentos ao longo dos dois dias de evento, ampliando o acesso da popula\u00e7\u00e3o feminina a exames&hellip;","og_url":"https:\/\/blogdofarnesio.com.br\/?p=417047","og_site_name":"Blog do Farn\u00e9sio","article_publisher":"https:\/\/www.facebook.com\/BlogQuerSaberPolitica\/","article_author":"https:\/\/www.facebook.com\/?ref=tn_tnmn","article_published_time":"2026-03-13T18:23:57+00:00","og_image":[{"width":580,"height":504,"url":"https:\/\/blogdofarnesio.com.br\/wp-content\/uploads\/2026\/03\/Marco-de-todas-as-mulheres-e1773410749407.jpg","type":"image\/jpeg"}],"author":"Farn\u00e9sio","twitter_card":"summary_large_image","twitter_misc":{"Escrito por":"Farn\u00e9sio","Est. tempo de leitura":"2 minutos"},"schema":{"@context":"https:\/\/schema.org","@graph":[{"@type":"Article","@id":"https:\/\/blogdofarnesio.com.br\/?p=417047#article","isPartOf":{"@id":"https:\/\/blogdofarnesio.com.br\/?p=417047"},"author":{"name":"Farn\u00e9sio","@id":"https:\/\/blogdofarnesio.com.br\/#\/schema\/person\/bb9b23ae3ad0609ce8df7b6c9e76824d"},"headline":"Feira Mar\u00e7o de Todas as Mulheres oferecer\u00e1 amanh\u00e3 exames de ultrassonografia em Juazeiro. Saiba onde","datePublished":"2026-03-13T18:23:57+00:00","mainEntityOfPage":{"@id":"https:\/\/blogdofarnesio.com.br\/?p=417047"},"wordCount":322,"commentCount":0,"publisher":{"@id":"https:\/\/blogdofarnesio.com.br\/#organization"},"image":{"@id":"https:\/\/blogdofarnesio.com.br\/?p=417047#primaryimage"},"thumbnailUrl":"https:\/\/blogdofarnesio.com.br\/wp-content\/uploads\/2026\/03\/Marco-de-todas-as-mulheres-e1773410749407.jpg","articleSection":["Sa\u00fade"],"inLanguage":"pt-BR","potentialAction":[{"@type":"CommentAction","name":"Comment","target":["https:\/\/blogdofarnesio.com.br\/?p=417047#respond"]}]},{"@type":"WebPage","@id":"https:\/\/blogdofarnesio.com.br\/?p=417047","url":"https:\/\/blogdofarnesio.com.br\/?p=417047","name":"Feira Mar\u00e7o de Todas as Mulheres oferecer\u00e1 amanh\u00e3 exames de ultrassonografia em Juazeiro. Saiba onde - Blog do Farn\u00e9sio","isPartOf":{"@id":"https:\/\/blogdofarnesio.com.br\/#website"},"primaryImageOfPage":{"@id":"https:\/\/blogdofarnesio.com.br\/?p=417047#primaryimage"},"image":{"@id":"https:\/\/blogdofarnesio.com.br\/?p=417047#primaryimage"},"thumbnailUrl":"https:\/\/blogdofarnesio.com.br\/wp-content\/uploads\/2026\/03\/Marco-de-todas-as-mulheres-e1773410749407.jpg","datePublished":"2026-03-13T18:23:57+00:00","breadcrumb":{"@id":"https:\/\/blogdofarnesio.com.br\/?p=417047#breadcrumb"},"inLanguage":"pt-BR","potentialAction":[{"@type":"ReadAction","target":["https:\/\/blogdofarnesio.com.br\/?p=417047"]}]},{"@type":"ImageObject","inLanguage":"pt-BR","@id":"https:\/\/blogdofarnesio.com.br\/?p=417047#primaryimage","url":"https:\/\/blogdofarnesio.com.br\/wp-content\/uploads\/2026\/03\/Marco-de-todas-as-mulheres-e1773410749407.jpg","contentUrl":"https:\/\/blogdofarnesio.com.br\/wp-content\/uploads\/2026\/03\/Marco-de-todas-as-mulheres-e1773410749407.jpg","width":580,"height":504},{"@type":"BreadcrumbList","@id":"https:\/\/blogdofarnesio.com.br\/?p=417047#breadcrumb","itemListElement":[{"@type":"ListItem","position":1,"name":"In\u00edcio","item":"https:\/\/blogdofarnesio.com.br\/"},{"@type":"ListItem","position":2,"name":"Feira Mar\u00e7o de Todas as Mulheres oferecer\u00e1 amanh\u00e3 exames de ultrassonografia em Juazeiro. Saiba onde"}]},{"@type":"WebSite","@id":"https:\/\/blogdofarnesio.com.br\/#website","url":"https:\/\/blogdofarnesio.com.br\/","name":"Blog do Farn\u00e9sio","description":"Quer Saber Pol\u00edtica?","publisher":{"@id":"https:\/\/blogdofarnesio.com.br\/#organization"},"potentialAction":[{"@type":"SearchAction","target":{"@type":"EntryPoint","urlTemplate":"https:\/\/blogdofarnesio.com.br\/?s={search_term_string}"},"query-input":{"@type":"PropertyValueSpecification","valueRequired":true,"valueName":"search_term_string"}}],"inLanguage":"pt-BR"},{"@type":"Organization","@id":"https:\/\/blogdofarnesio.com.br\/#organization","name":"Blog do Farn\u00e9sio","url":"https:\/\/blogdofarnesio.com.br\/","logo":{"@type":"ImageObject","inLanguage":"pt-BR","@id":"https:\/\/blogdofarnesio.com.br\/#\/schema\/logo\/image\/","url":"https:\/\/blogdofarnesio.com.br\/wp-content\/uploads\/2026\/03\/cropped-logo_new-1.png","contentUrl":"https:\/\/blogdofarnesio.com.br\/wp-content\/uploads\/2026\/03\/cropped-logo_new-1.png","width":881,"height":685,"caption":"Blog do Farn\u00e9sio"},"image":{"@id":"https:\/\/blogdofarnesio.com.br\/#\/schema\/logo\/image\/"},"sameAs":["https:\/\/www.facebook.com\/BlogQuerSaberPolitica\/"]},{"@type":"Person","@id":"https:\/\/blogdofarnesio.com.br\/#\/schema\/person\/bb9b23ae3ad0609ce8df7b6c9e76824d","name":"Farn\u00e9sio","image":{"@type":"ImageObject","inLanguage":"pt-BR","@id":"https:\/\/secure.gravatar.com\/avatar\/986aa4c61ccdb66f8555bf88fc2a65609d00bcabd4d2d94377a727547345cbca?s=96&d=mm&r=g","url":"https:\/\/secure.gravatar.com\/avatar\/986aa4c61ccdb66f8555bf88fc2a65609d00bcabd4d2d94377a727547345cbca?s=96&d=mm&r=g","contentUrl":"https:\/\/secure.gravatar.com\/avatar\/986aa4c61ccdb66f8555bf88fc2a65609d00bcabd4d2d94377a727547345cbca?s=96&d=mm&r=g","caption":"Farn\u00e9sio"},"description":"Radialista blogueiro, chegou a Petrolina\/Juazeiro em setembro de 1980, Farn\u00e9sio Silva \u00e9 de Arapiraca-Alagoas.","sameAs":["http:\/\/blogdofarnesio.com.br","https:\/\/www.facebook.com\/?ref=tn_tnmn","https:\/\/www.instagram.com\/?utm_source=pwa_homescreen","https:\/\/youtube.com.br\/"],"url":"https:\/\/blogdofarnesio.com.br\/?author=2"}]}},"_links":{"self":[{"href":"https:\/\/blogdofarnesio.com.br\/index.php?rest_route=\/wp\/v2\/posts\/417047","targetHints":{"allow":["GET"]}}],"collection":[{"href":"https:\/\/blogdofarnesio.com.br\/index.php?rest_route=\/wp\/v2\/posts"}],"about":[{"href":"https:\/\/blogdofarnesio.com.br\/index.php?rest_route=\/wp\/v2\/types\/post"}],"author":[{"embeddable":true,"href":"https:\/\/blogdofarnesio.com.br\/index.php?rest_route=\/wp\/v2\/users\/2"}],"replies":[{"embeddable":true,"href":"https:\/\/blogdofarnesio.com.br\/index.php?rest_route=%2Fwp%2Fv2%2Fcomments&post=417047"}],"version-history":[{"count":1,"href":"https:\/\/blogdofarnesio.com.br\/index.php?rest_route=\/wp\/v2\/posts\/417047\/revisions"}],"predecessor-version":[{"id":417048,"href":"https:\/\/blogdofarnesio.com.br\/index.php?rest_route=\/wp\/v2\/posts\/417047\/revisions\/417048"}],"wp:featuredmedia":[{"embeddable":true,"href":"https:\/\/blogdofarnesio.com.br\/index.php?rest_route=\/wp\/v2\/media\/417045"}],"wp:attachment":[{"href":"https:\/\/blogdofarnesio.com.br\/index.php?rest_route=%2Fwp%2Fv2%2Fmedia&parent=417047"}],"wp:term":[{"taxonomy":"category","embeddable":true,"href":"https:\/\/blogdofarnesio.com.br\/index.php?rest_route=%2Fwp%2Fv2%2Fcategories&post=417047"},{"taxonomy":"post_tag","embeddable":true,"href":"https:\/\/blogdofarnesio.com.br\/index.php?rest_route=%2Fwp%2Fv2%2Ftags&post=417047"}],"curies":[{"name":"wp","href":"https:\/\/api.w.org\/{rel}","templated":true}]}}