{"id":417030,"date":"2026-03-13T09:21:17","date_gmt":"2026-03-13T12:21:17","guid":{"rendered":"https:\/\/blogdofarnesio.com.br\/?p=417030"},"modified":"2026-03-13T09:21:17","modified_gmt":"2026-03-13T12:21:17","slug":"bolsonaro-e-levado-para-hospital-apos-passar-mal-durante-a-madrugada-diz-flavio","status":"publish","type":"post","link":"https:\/\/blogdofarnesio.com.br\/?p=417030","title":{"rendered":"Bolsonaro \u00e9 levado para hospital ap\u00f3s passar mal durante a madrugada, diz Fl\u00e1vio"},"content":{"rendered":"<p>O senador Fl\u00e1vio Bolsonaro (PL-RJ) disse nesta sexta-feira (13), que o seu pai, o ex-presidente Jair Bolsonaro, foi encaminhado a um hospital por passar mal na madrugada. O senador revelou a informa\u00e7\u00e3o atrav\u00e9s de uma publica\u00e7\u00e3o nas redes sociais nesta manh\u00e3.<\/p>\n<p>Ele explicou que Bolsonaro apresentou alguns sintomas ao acordar e foi levado para atendimento m\u00e9dico.<\/p>\n<p>\u201cAcabo de receber a not\u00edcia de que meu pai est\u00e1 a caminho do hospital, mais uma vez\u201d, escreveu o senador na postagem.<\/p>\n<p>Segundo o relato de Fl\u00e1vio, o ex-chefe do Executivo nacional apresentou quadro de calafrios e epis\u00f3dios intensos de v\u00f4mito.<\/p>\n<p>Ainda na publica\u00e7\u00e3o, o senador Fl\u00e1vio pediu ora\u00e7\u00f5es para seus seguidores, apoiadores e eleitores.<\/p>\n<p>\u201cPe\u00e7o ora\u00e7\u00f5es para que n\u00e3o seja nada grave\u201d, afirmou o parlamentar.<\/p>\n","protected":false},"excerpt":{"rendered":"<p>O senador Fl\u00e1vio Bolsonaro (PL-RJ) disse nesta sexta-feira (13), que o seu pai, o ex-presidente Jair Bolsonaro, foi encaminhado a um hospital por passar mal na madrugada. O senador revelou a informa\u00e7\u00e3o atrav\u00e9s de uma publica\u00e7\u00e3o nas redes sociais nesta manh\u00e3. Ele explicou que Bolsonaro apresentou alguns sintomas ao acordar e foi levado para atendimento m\u00e9dico. \u201cAcabo de receber a not\u00edcia de que meu pai est\u00e1 a caminho do hospital, mais uma vez\u201d, escreveu o senador na postagem. Segundo o relato de Fl\u00e1vio, o ex-chefe do Executivo nacional apresentou quadro de calafrios e epis\u00f3dios intensos de v\u00f4mito. Ainda na publica\u00e7\u00e3o, o senador Fl\u00e1vio pediu ora\u00e7\u00f5es para seus seguidores, apoiadores e eleitores. \u201cPe\u00e7o ora\u00e7\u00f5es para que n\u00e3o seja nada grave\u201d, afirmou&hellip; <\/p>\n","protected":false},"author":2,"featured_media":410456,"comment_status":"open","ping_status":"open","sticky":false,"template":"","format":"standard","meta":{"_acf_changed":false,"footnotes":""},"categories":[4],"tags":[],"class_list":["post-417030","post","type-post","status-publish","format-standard","has-post-thumbnail","hentry","category-saude"],"acf":[],"yoast_head":"<!-- This site is optimized with the Yoast SEO plugin v27.4 - https:\/\/yoast.com\/product\/yoast-seo-wordpress\/ -->\n<title>Bolsonaro \u00e9 levado para hospital ap\u00f3s passar mal durante a madrugada, diz Fl\u00e1vio - Blog do Farn\u00e9sio<\/title>\n<meta name=\"robots\" content=\"index, follow, max-snippet:-1, max-image-preview:large, max-video-preview:-1\" \/>\n<link rel=\"canonical\" href=\"https:\/\/blogdofarnesio.com.br\/?p=417030\" \/>\n<meta property=\"og:locale\" content=\"pt_BR\" \/>\n<meta property=\"og:type\" content=\"article\" \/>\n<meta property=\"og:title\" content=\"Bolsonaro \u00e9 levado para hospital ap\u00f3s passar mal durante a madrugada, diz Fl\u00e1vio - Blog do Farn\u00e9sio\" \/>\n<meta property=\"og:description\" content=\"O senador Fl\u00e1vio Bolsonaro (PL-RJ) disse nesta sexta-feira (13), que o seu pai, o ex-presidente Jair Bolsonaro, foi encaminhado a um hospital por passar mal na madrugada. O senador revelou a informa\u00e7\u00e3o atrav\u00e9s de uma publica\u00e7\u00e3o nas redes sociais nesta manh\u00e3. Ele explicou que Bolsonaro apresentou alguns sintomas ao acordar e foi levado para atendimento m\u00e9dico. \u201cAcabo de receber a not\u00edcia de que meu pai est\u00e1 a caminho do hospital, mais uma vez\u201d, escreveu o senador na postagem. Segundo o relato de Fl\u00e1vio, o ex-chefe do Executivo nacional apresentou quadro de calafrios e epis\u00f3dios intensos de v\u00f4mito. Ainda na publica\u00e7\u00e3o, o senador Fl\u00e1vio pediu ora\u00e7\u00f5es para seus seguidores, apoiadores e eleitores. \u201cPe\u00e7o ora\u00e7\u00f5es para que n\u00e3o seja nada grave\u201d, afirmou&hellip;\" \/>\n<meta property=\"og:url\" content=\"https:\/\/blogdofarnesio.com.br\/?p=417030\" \/>\n<meta property=\"og:site_name\" content=\"Blog do Farn\u00e9sio\" \/>\n<meta property=\"article:publisher\" content=\"https:\/\/www.facebook.com\/BlogQuerSaberPolitica\/\" \/>\n<meta property=\"article:author\" content=\"https:\/\/www.facebook.com\/?ref=tn_tnmn\" \/>\n<meta property=\"article:published_time\" content=\"2026-03-13T12:21:17+00:00\" \/>\n<meta property=\"og:image\" content=\"https:\/\/blogdofarnesio.com.br\/wp-content\/uploads\/2025\/12\/blogqspbolsonaro-prisao.jpg\" \/>\n\t<meta property=\"og:image:width\" content=\"561\" \/>\n\t<meta property=\"og:image:height\" content=\"316\" \/>\n\t<meta property=\"og:image:type\" content=\"image\/jpeg\" \/>\n<meta name=\"author\" content=\"Farn\u00e9sio\" \/>\n<meta name=\"twitter:card\" content=\"summary_large_image\" \/>\n<meta name=\"twitter:label1\" content=\"Escrito por\" \/>\n\t<meta name=\"twitter:data1\" content=\"Farn\u00e9sio\" \/>\n\t<meta name=\"twitter:label2\" content=\"Est. tempo de leitura\" \/>\n\t<meta name=\"twitter:data2\" content=\"1 minuto\" \/>\n<script type=\"application\/ld+json\" class=\"yoast-schema-graph\">{\"@context\":\"https:\\\/\\\/schema.org\",\"@graph\":[{\"@type\":\"Article\",\"@id\":\"https:\\\/\\\/blogdofarnesio.com.br\\\/?p=417030#article\",\"isPartOf\":{\"@id\":\"https:\\\/\\\/blogdofarnesio.com.br\\\/?p=417030\"},\"author\":{\"name\":\"Farn\u00e9sio\",\"@id\":\"https:\\\/\\\/blogdofarnesio.com.br\\\/#\\\/schema\\\/person\\\/bb9b23ae3ad0609ce8df7b6c9e76824d\"},\"headline\":\"Bolsonaro \u00e9 levado para hospital ap\u00f3s passar mal durante a madrugada, diz Fl\u00e1vio\",\"datePublished\":\"2026-03-13T12:21:17+00:00\",\"mainEntityOfPage\":{\"@id\":\"https:\\\/\\\/blogdofarnesio.com.br\\\/?p=417030\"},\"wordCount\":150,\"commentCount\":0,\"publisher\":{\"@id\":\"https:\\\/\\\/blogdofarnesio.com.br\\\/#organization\"},\"image\":{\"@id\":\"https:\\\/\\\/blogdofarnesio.com.br\\\/?p=417030#primaryimage\"},\"thumbnailUrl\":\"https:\\\/\\\/blogdofarnesio.com.br\\\/wp-content\\\/uploads\\\/2025\\\/12\\\/blogqspbolsonaro-prisao.jpg\",\"articleSection\":[\"Sa\u00fade\"],\"inLanguage\":\"pt-BR\",\"potentialAction\":[{\"@type\":\"CommentAction\",\"name\":\"Comment\",\"target\":[\"https:\\\/\\\/blogdofarnesio.com.br\\\/?p=417030#respond\"]}]},{\"@type\":\"WebPage\",\"@id\":\"https:\\\/\\\/blogdofarnesio.com.br\\\/?p=417030\",\"url\":\"https:\\\/\\\/blogdofarnesio.com.br\\\/?p=417030\",\"name\":\"Bolsonaro \u00e9 levado para hospital ap\u00f3s passar mal durante a madrugada, diz Fl\u00e1vio - Blog do Farn\u00e9sio\",\"isPartOf\":{\"@id\":\"https:\\\/\\\/blogdofarnesio.com.br\\\/#website\"},\"primaryImageOfPage\":{\"@id\":\"https:\\\/\\\/blogdofarnesio.com.br\\\/?p=417030#primaryimage\"},\"image\":{\"@id\":\"https:\\\/\\\/blogdofarnesio.com.br\\\/?p=417030#primaryimage\"},\"thumbnailUrl\":\"https:\\\/\\\/blogdofarnesio.com.br\\\/wp-content\\\/uploads\\\/2025\\\/12\\\/blogqspbolsonaro-prisao.jpg\",\"datePublished\":\"2026-03-13T12:21:17+00:00\",\"breadcrumb\":{\"@id\":\"https:\\\/\\\/blogdofarnesio.com.br\\\/?p=417030#breadcrumb\"},\"inLanguage\":\"pt-BR\",\"potentialAction\":[{\"@type\":\"ReadAction\",\"target\":[\"https:\\\/\\\/blogdofarnesio.com.br\\\/?p=417030\"]}]},{\"@type\":\"ImageObject\",\"inLanguage\":\"pt-BR\",\"@id\":\"https:\\\/\\\/blogdofarnesio.com.br\\\/?p=417030#primaryimage\",\"url\":\"https:\\\/\\\/blogdofarnesio.com.br\\\/wp-content\\\/uploads\\\/2025\\\/12\\\/blogqspbolsonaro-prisao.jpg\",\"contentUrl\":\"https:\\\/\\\/blogdofarnesio.com.br\\\/wp-content\\\/uploads\\\/2025\\\/12\\\/blogqspbolsonaro-prisao.jpg\",\"width\":561,\"height\":316},{\"@type\":\"BreadcrumbList\",\"@id\":\"https:\\\/\\\/blogdofarnesio.com.br\\\/?p=417030#breadcrumb\",\"itemListElement\":[{\"@type\":\"ListItem\",\"position\":1,\"name\":\"In\u00edcio\",\"item\":\"https:\\\/\\\/blogdofarnesio.com.br\\\/\"},{\"@type\":\"ListItem\",\"position\":2,\"name\":\"Bolsonaro \u00e9 levado para hospital ap\u00f3s passar mal durante a madrugada, diz Fl\u00e1vio\"}]},{\"@type\":\"WebSite\",\"@id\":\"https:\\\/\\\/blogdofarnesio.com.br\\\/#website\",\"url\":\"https:\\\/\\\/blogdofarnesio.com.br\\\/\",\"name\":\"Blog do Farn\u00e9sio\",\"description\":\"Quer Saber Pol\u00edtica?\",\"publisher\":{\"@id\":\"https:\\\/\\\/blogdofarnesio.com.br\\\/#organization\"},\"potentialAction\":[{\"@type\":\"SearchAction\",\"target\":{\"@type\":\"EntryPoint\",\"urlTemplate\":\"https:\\\/\\\/blogdofarnesio.com.br\\\/?s={search_term_string}\"},\"query-input\":{\"@type\":\"PropertyValueSpecification\",\"valueRequired\":true,\"valueName\":\"search_term_string\"}}],\"inLanguage\":\"pt-BR\"},{\"@type\":\"Organization\",\"@id\":\"https:\\\/\\\/blogdofarnesio.com.br\\\/#organization\",\"name\":\"Blog do Farn\u00e9sio\",\"url\":\"https:\\\/\\\/blogdofarnesio.com.br\\\/\",\"logo\":{\"@type\":\"ImageObject\",\"inLanguage\":\"pt-BR\",\"@id\":\"https:\\\/\\\/blogdofarnesio.com.br\\\/#\\\/schema\\\/logo\\\/image\\\/\",\"url\":\"https:\\\/\\\/blogdofarnesio.com.br\\\/wp-content\\\/uploads\\\/2026\\\/03\\\/cropped-logo_new-1.png\",\"contentUrl\":\"https:\\\/\\\/blogdofarnesio.com.br\\\/wp-content\\\/uploads\\\/2026\\\/03\\\/cropped-logo_new-1.png\",\"width\":881,\"height\":685,\"caption\":\"Blog do Farn\u00e9sio\"},\"image\":{\"@id\":\"https:\\\/\\\/blogdofarnesio.com.br\\\/#\\\/schema\\\/logo\\\/image\\\/\"},\"sameAs\":[\"https:\\\/\\\/www.facebook.com\\\/BlogQuerSaberPolitica\\\/\"]},{\"@type\":\"Person\",\"@id\":\"https:\\\/\\\/blogdofarnesio.com.br\\\/#\\\/schema\\\/person\\\/bb9b23ae3ad0609ce8df7b6c9e76824d\",\"name\":\"Farn\u00e9sio\",\"image\":{\"@type\":\"ImageObject\",\"inLanguage\":\"pt-BR\",\"@id\":\"https:\\\/\\\/secure.gravatar.com\\\/avatar\\\/986aa4c61ccdb66f8555bf88fc2a65609d00bcabd4d2d94377a727547345cbca?s=96&d=mm&r=g\",\"url\":\"https:\\\/\\\/secure.gravatar.com\\\/avatar\\\/986aa4c61ccdb66f8555bf88fc2a65609d00bcabd4d2d94377a727547345cbca?s=96&d=mm&r=g\",\"contentUrl\":\"https:\\\/\\\/secure.gravatar.com\\\/avatar\\\/986aa4c61ccdb66f8555bf88fc2a65609d00bcabd4d2d94377a727547345cbca?s=96&d=mm&r=g\",\"caption\":\"Farn\u00e9sio\"},\"description\":\"Radialista blogueiro, chegou a Petrolina\\\/Juazeiro em setembro de 1980, Farn\u00e9sio Silva \u00e9 de Arapiraca-Alagoas.\",\"sameAs\":[\"http:\\\/\\\/blogdofarnesio.com.br\",\"https:\\\/\\\/www.facebook.com\\\/?ref=tn_tnmn\",\"https:\\\/\\\/www.instagram.com\\\/?utm_source=pwa_homescreen\",\"https:\\\/\\\/youtube.com.br\\\/\"],\"url\":\"https:\\\/\\\/blogdofarnesio.com.br\\\/?author=2\"}]}<\/script>\n<!-- \/ Yoast SEO plugin. -->","yoast_head_json":{"title":"Bolsonaro \u00e9 levado para hospital ap\u00f3s passar mal durante a madrugada, diz Fl\u00e1vio - Blog do Farn\u00e9sio","robots":{"index":"index","follow":"follow","max-snippet":"max-snippet:-1","max-image-preview":"max-image-preview:large","max-video-preview":"max-video-preview:-1"},"canonical":"https:\/\/blogdofarnesio.com.br\/?p=417030","og_locale":"pt_BR","og_type":"article","og_title":"Bolsonaro \u00e9 levado para hospital ap\u00f3s passar mal durante a madrugada, diz Fl\u00e1vio - Blog do Farn\u00e9sio","og_description":"O senador Fl\u00e1vio Bolsonaro (PL-RJ) disse nesta sexta-feira (13), que o seu pai, o ex-presidente Jair Bolsonaro, foi encaminhado a um hospital por passar mal na madrugada. O senador revelou a informa\u00e7\u00e3o atrav\u00e9s de uma publica\u00e7\u00e3o nas redes sociais nesta manh\u00e3. Ele explicou que Bolsonaro apresentou alguns sintomas ao acordar e foi levado para atendimento m\u00e9dico. \u201cAcabo de receber a not\u00edcia de que meu pai est\u00e1 a caminho do hospital, mais uma vez\u201d, escreveu o senador na postagem. Segundo o relato de Fl\u00e1vio, o ex-chefe do Executivo nacional apresentou quadro de calafrios e epis\u00f3dios intensos de v\u00f4mito. Ainda na publica\u00e7\u00e3o, o senador Fl\u00e1vio pediu ora\u00e7\u00f5es para seus seguidores, apoiadores e eleitores. \u201cPe\u00e7o ora\u00e7\u00f5es para que n\u00e3o seja nada grave\u201d, afirmou&hellip;","og_url":"https:\/\/blogdofarnesio.com.br\/?p=417030","og_site_name":"Blog do Farn\u00e9sio","article_publisher":"https:\/\/www.facebook.com\/BlogQuerSaberPolitica\/","article_author":"https:\/\/www.facebook.com\/?ref=tn_tnmn","article_published_time":"2026-03-13T12:21:17+00:00","og_image":[{"width":561,"height":316,"url":"https:\/\/blogdofarnesio.com.br\/wp-content\/uploads\/2025\/12\/blogqspbolsonaro-prisao.jpg","type":"image\/jpeg"}],"author":"Farn\u00e9sio","twitter_card":"summary_large_image","twitter_misc":{"Escrito por":"Farn\u00e9sio","Est. tempo de leitura":"1 minuto"},"schema":{"@context":"https:\/\/schema.org","@graph":[{"@type":"Article","@id":"https:\/\/blogdofarnesio.com.br\/?p=417030#article","isPartOf":{"@id":"https:\/\/blogdofarnesio.com.br\/?p=417030"},"author":{"name":"Farn\u00e9sio","@id":"https:\/\/blogdofarnesio.com.br\/#\/schema\/person\/bb9b23ae3ad0609ce8df7b6c9e76824d"},"headline":"Bolsonaro \u00e9 levado para hospital ap\u00f3s passar mal durante a madrugada, diz Fl\u00e1vio","datePublished":"2026-03-13T12:21:17+00:00","mainEntityOfPage":{"@id":"https:\/\/blogdofarnesio.com.br\/?p=417030"},"wordCount":150,"commentCount":0,"publisher":{"@id":"https:\/\/blogdofarnesio.com.br\/#organization"},"image":{"@id":"https:\/\/blogdofarnesio.com.br\/?p=417030#primaryimage"},"thumbnailUrl":"https:\/\/blogdofarnesio.com.br\/wp-content\/uploads\/2025\/12\/blogqspbolsonaro-prisao.jpg","articleSection":["Sa\u00fade"],"inLanguage":"pt-BR","potentialAction":[{"@type":"CommentAction","name":"Comment","target":["https:\/\/blogdofarnesio.com.br\/?p=417030#respond"]}]},{"@type":"WebPage","@id":"https:\/\/blogdofarnesio.com.br\/?p=417030","url":"https:\/\/blogdofarnesio.com.br\/?p=417030","name":"Bolsonaro \u00e9 levado para hospital ap\u00f3s passar mal durante a madrugada, diz Fl\u00e1vio - Blog do Farn\u00e9sio","isPartOf":{"@id":"https:\/\/blogdofarnesio.com.br\/#website"},"primaryImageOfPage":{"@id":"https:\/\/blogdofarnesio.com.br\/?p=417030#primaryimage"},"image":{"@id":"https:\/\/blogdofarnesio.com.br\/?p=417030#primaryimage"},"thumbnailUrl":"https:\/\/blogdofarnesio.com.br\/wp-content\/uploads\/2025\/12\/blogqspbolsonaro-prisao.jpg","datePublished":"2026-03-13T12:21:17+00:00","breadcrumb":{"@id":"https:\/\/blogdofarnesio.com.br\/?p=417030#breadcrumb"},"inLanguage":"pt-BR","potentialAction":[{"@type":"ReadAction","target":["https:\/\/blogdofarnesio.com.br\/?p=417030"]}]},{"@type":"ImageObject","inLanguage":"pt-BR","@id":"https:\/\/blogdofarnesio.com.br\/?p=417030#primaryimage","url":"https:\/\/blogdofarnesio.com.br\/wp-content\/uploads\/2025\/12\/blogqspbolsonaro-prisao.jpg","contentUrl":"https:\/\/blogdofarnesio.com.br\/wp-content\/uploads\/2025\/12\/blogqspbolsonaro-prisao.jpg","width":561,"height":316},{"@type":"BreadcrumbList","@id":"https:\/\/blogdofarnesio.com.br\/?p=417030#breadcrumb","itemListElement":[{"@type":"ListItem","position":1,"name":"In\u00edcio","item":"https:\/\/blogdofarnesio.com.br\/"},{"@type":"ListItem","position":2,"name":"Bolsonaro \u00e9 levado para hospital ap\u00f3s passar mal durante a madrugada, diz Fl\u00e1vio"}]},{"@type":"WebSite","@id":"https:\/\/blogdofarnesio.com.br\/#website","url":"https:\/\/blogdofarnesio.com.br\/","name":"Blog do Farn\u00e9sio","description":"Quer Saber Pol\u00edtica?","publisher":{"@id":"https:\/\/blogdofarnesio.com.br\/#organization"},"potentialAction":[{"@type":"SearchAction","target":{"@type":"EntryPoint","urlTemplate":"https:\/\/blogdofarnesio.com.br\/?s={search_term_string}"},"query-input":{"@type":"PropertyValueSpecification","valueRequired":true,"valueName":"search_term_string"}}],"inLanguage":"pt-BR"},{"@type":"Organization","@id":"https:\/\/blogdofarnesio.com.br\/#organization","name":"Blog do Farn\u00e9sio","url":"https:\/\/blogdofarnesio.com.br\/","logo":{"@type":"ImageObject","inLanguage":"pt-BR","@id":"https:\/\/blogdofarnesio.com.br\/#\/schema\/logo\/image\/","url":"https:\/\/blogdofarnesio.com.br\/wp-content\/uploads\/2026\/03\/cropped-logo_new-1.png","contentUrl":"https:\/\/blogdofarnesio.com.br\/wp-content\/uploads\/2026\/03\/cropped-logo_new-1.png","width":881,"height":685,"caption":"Blog do Farn\u00e9sio"},"image":{"@id":"https:\/\/blogdofarnesio.com.br\/#\/schema\/logo\/image\/"},"sameAs":["https:\/\/www.facebook.com\/BlogQuerSaberPolitica\/"]},{"@type":"Person","@id":"https:\/\/blogdofarnesio.com.br\/#\/schema\/person\/bb9b23ae3ad0609ce8df7b6c9e76824d","name":"Farn\u00e9sio","image":{"@type":"ImageObject","inLanguage":"pt-BR","@id":"https:\/\/secure.gravatar.com\/avatar\/986aa4c61ccdb66f8555bf88fc2a65609d00bcabd4d2d94377a727547345cbca?s=96&d=mm&r=g","url":"https:\/\/secure.gravatar.com\/avatar\/986aa4c61ccdb66f8555bf88fc2a65609d00bcabd4d2d94377a727547345cbca?s=96&d=mm&r=g","contentUrl":"https:\/\/secure.gravatar.com\/avatar\/986aa4c61ccdb66f8555bf88fc2a65609d00bcabd4d2d94377a727547345cbca?s=96&d=mm&r=g","caption":"Farn\u00e9sio"},"description":"Radialista blogueiro, chegou a Petrolina\/Juazeiro em setembro de 1980, Farn\u00e9sio Silva \u00e9 de Arapiraca-Alagoas.","sameAs":["http:\/\/blogdofarnesio.com.br","https:\/\/www.facebook.com\/?ref=tn_tnmn","https:\/\/www.instagram.com\/?utm_source=pwa_homescreen","https:\/\/youtube.com.br\/"],"url":"https:\/\/blogdofarnesio.com.br\/?author=2"}]}},"_links":{"self":[{"href":"https:\/\/blogdofarnesio.com.br\/index.php?rest_route=\/wp\/v2\/posts\/417030","targetHints":{"allow":["GET"]}}],"collection":[{"href":"https:\/\/blogdofarnesio.com.br\/index.php?rest_route=\/wp\/v2\/posts"}],"about":[{"href":"https:\/\/blogdofarnesio.com.br\/index.php?rest_route=\/wp\/v2\/types\/post"}],"author":[{"embeddable":true,"href":"https:\/\/blogdofarnesio.com.br\/index.php?rest_route=\/wp\/v2\/users\/2"}],"replies":[{"embeddable":true,"href":"https:\/\/blogdofarnesio.com.br\/index.php?rest_route=%2Fwp%2Fv2%2Fcomments&post=417030"}],"version-history":[{"count":1,"href":"https:\/\/blogdofarnesio.com.br\/index.php?rest_route=\/wp\/v2\/posts\/417030\/revisions"}],"predecessor-version":[{"id":417031,"href":"https:\/\/blogdofarnesio.com.br\/index.php?rest_route=\/wp\/v2\/posts\/417030\/revisions\/417031"}],"wp:featuredmedia":[{"embeddable":true,"href":"https:\/\/blogdofarnesio.com.br\/index.php?rest_route=\/wp\/v2\/media\/410456"}],"wp:attachment":[{"href":"https:\/\/blogdofarnesio.com.br\/index.php?rest_route=%2Fwp%2Fv2%2Fmedia&parent=417030"}],"wp:term":[{"taxonomy":"category","embeddable":true,"href":"https:\/\/blogdofarnesio.com.br\/index.php?rest_route=%2Fwp%2Fv2%2Fcategories&post=417030"},{"taxonomy":"post_tag","embeddable":true,"href":"https:\/\/blogdofarnesio.com.br\/index.php?rest_route=%2Fwp%2Fv2%2Ftags&post=417030"}],"curies":[{"name":"wp","href":"https:\/\/api.w.org\/{rel}","templated":true}]}}