{"id":417020,"date":"2026-03-13T15:03:19","date_gmt":"2026-03-13T18:03:19","guid":{"rendered":"https:\/\/blogdofarnesio.com.br\/?p=417020"},"modified":"2026-03-13T11:02:11","modified_gmt":"2026-03-13T14:02:11","slug":"ferrovia-transnordestina-avanca-com-liberacao-de-lote-em-pernambuco","status":"publish","type":"post","link":"https:\/\/blogdofarnesio.com.br\/?p=417020","title":{"rendered":"Ferrovia Transnordestina avan\u00e7a com libera\u00e7\u00e3o de lote em Pernambuco"},"content":{"rendered":"<header class=\"single-header entry-header\">\n<div class=\"single-entry-meta has-avatar\">\n<div class=\"inner\">\n<div class=\"single-meta-info p-meta-info\"><span class=\"meta-info-el meta-info-cat\"><a class=\"cat-123\" href=\"https:\/\/viatrolebus.com.br\/category\/trem-de-carga\/\">Trem de Carga<\/a><\/span><span class=\"meta-info-el meta-info-author\"><span class=\"screen-reader-text\">Posted by<\/span><em class=\"meta-label\">Por<\/em><a href=\"https:\/\/viatrolebus.com.br\/author\/admin\/\">Renato Lobo &#8211;\u00a0<\/a><\/span><\/div>\n<\/div>\n<\/div>\n<\/header>\n<div class=\"single-body entry\">\n<div class=\"single-content\">\n<div class=\"entry-content clearfix\">\n<p>A Infra S.A. obteve junto ao Ibama a licen\u00e7a ambiental que autoriza o in\u00edcio das interven\u00e7\u00f5es para a constru\u00e7\u00e3o do trecho pernambucano da Ferrovia Transnordestina. O empreendimento \u00e9 considerado uma das principais obras do Novo Programa de Acelera\u00e7\u00e3o do Crescimento (PAC) e o documento oficial de autoriza\u00e7\u00e3o ser\u00e1 publicado no Di\u00e1rio Oficial da Uni\u00e3o desta ter\u00e7a-feira (9).<\/p>\n<p>Atualmente, a Infra S.A. conduz o processo licitat\u00f3rio para a constru\u00e7\u00e3o do lote SPS04, que possui 73,32 quil\u00f4metros de extens\u00e3o entre os munic\u00edpios de Cust\u00f3dia e Arcoverde. Com a emiss\u00e3o da licen\u00e7a, a estatal est\u00e1 autorizada a iniciar as obras imediatamente ap\u00f3s a assinatura do contrato com a empresa vencedora.<\/p>\n<p>\ud83d\ude8e Fique por dentro das not\u00edcias mais recentes sobre mobilidade urbana:<\/p>\n<p>\u2705\u00a0<a href=\"https:\/\/whatsapp.com\/channel\/0029VaK0SEEHQbRxAqtZ373R\" target=\"_blank\" rel=\"noopener\">Canal do Via Trolebus no WhatsApp<\/a><\/p>\n<p>\u2705\u00a0<a href=\"https:\/\/t.me\/viatrolebus\" target=\"_blank\" rel=\"noopener\">Canal do Via Trolebus no Telegram<\/a><\/p>\n<p>Para o diretor-presidente da Infra S.A., Jorge Bastos, este movimento consolida a retomada estatal de um dos projetos ferrovi\u00e1rios mais relevantes do pa\u00eds, que avan\u00e7a para uma nova fase de execu\u00e7\u00e3o ap\u00f3s quase duas d\u00e9cadas. \u201cEstamos falando de uma obra estruturante, capaz de reposicionar o Nordeste na log\u00edstica nacional. Ao assumir a condu\u00e7\u00e3o desse trecho, a Infra S.A. garante rigor t\u00e9cnico e respeito \u00e0s exig\u00eancias ambientais para que as obras da Transnordestina avancem de forma definitiva\u201d, afirmou Bastos. A expectativa do Minist\u00e9rio dos Transportes \u00e9 que novos editais para outros trechos da ferrovia sejam publicados ainda em 2026.<\/p>\n<p>O trecho entre Salgueiro e o Porto de Suape possui 521,5 quil\u00f4metros de extens\u00e3o e configura o principal eixo da Transnordestina em Pernambuco. A ferrovia cumpre o papel de conectar o sert\u00e3o ao litoral, atravessando 27 munic\u00edpios, como Serra Talhada, Arcoverde, Pesqueira, Palmares, Escada e Ipojuca \u2014 onde est\u00e1 situado o Complexo Portu\u00e1rio de Suape. Sob a responsabilidade da Infra S.A., os lotes numerados de SPS 01 a SPS 07 concentram os maiores desafios t\u00e9cnicos, ambientais e sociais do projeto.<\/p>\n<p>Segundo Bruno Marques, superintendente de Gest\u00e3o Ambiental e Territ\u00f3rios da Infra S.A., a transfer\u00eancia da Licen\u00e7a de Instala\u00e7\u00e3o coloca o trecho sob um modelo \u00fanico de gest\u00e3o. \u201cAo assumir diretamente o licenciamento, a Infra S.A. integrou planejamento, projetos, gest\u00e3o fundi\u00e1ria e controle ambiental, o que amplia a seguran\u00e7a jur\u00eddica, d\u00e1 previsibilidade ao cronograma e qualifica a retomada das obras\u201d, explicou. A estatal trabalha na revis\u00e3o de projetos, atualiza\u00e7\u00e3o de estudos ambientais e regulariza\u00e7\u00e3o da faixa de dom\u00ednio para reduzir incertezas na execu\u00e7\u00e3o at\u00e9 Suape.<\/p>\n<p>A hist\u00f3ria da ferrovia remonta ao s\u00e9culo XIX, mas sua constru\u00e7\u00e3o efetiva come\u00e7ou em 1959, sendo interrompida logo depois por ser considerada economicamente invi\u00e1vel. Ap\u00f3s ciclos de retomadas e paralisa\u00e7\u00f5es, o projeto ganhou novo f\u00f4lego em 2023 como prioridade do governo federal. Embora o tra\u00e7ado atual tenha tido in\u00edcio em 2006, com lan\u00e7amento em Salgueiro, a Infra S.A. surge agora como pe\u00e7a central na reorganiza\u00e7\u00e3o do projeto.<\/p>\n<p>Com o Nordeste representando aproximadamente 16% do PIB nacional e apresentando forte crescimento nos setores industrial e agroindustrial, a Transnordestina assume um papel estrat\u00e9gico. A ferrovia ser\u00e1 o elo fundamental para conectar os centros produtores do interior aos grandes portos da regi\u00e3o, impulsionando a log\u00edstica e a economia local<\/p>\n<\/div>\n<\/div>\n<\/div>\n","protected":false},"excerpt":{"rendered":"<p>Trem de CargaPosted byPorRenato Lobo &#8211;\u00a0 A Infra S.A. obteve junto ao Ibama a licen\u00e7a ambiental que autoriza o in\u00edcio das interven\u00e7\u00f5es para a constru\u00e7\u00e3o do trecho pernambucano da Ferrovia Transnordestina. O empreendimento \u00e9 considerado uma das principais obras do Novo Programa de Acelera\u00e7\u00e3o do Crescimento (PAC) e o documento oficial de autoriza\u00e7\u00e3o ser\u00e1 publicado no Di\u00e1rio Oficial da Uni\u00e3o desta ter\u00e7a-feira (9). Atualmente, a Infra S.A. conduz o processo licitat\u00f3rio para a constru\u00e7\u00e3o do lote SPS04, que possui 73,32 quil\u00f4metros de extens\u00e3o entre os munic\u00edpios de Cust\u00f3dia e Arcoverde. Com a emiss\u00e3o da licen\u00e7a, a estatal est\u00e1 autorizada a iniciar as obras imediatamente ap\u00f3s a assinatura do contrato com a empresa vencedora. \ud83d\ude8e Fique por dentro das not\u00edcias mais&hellip; <\/p>\n","protected":false},"author":2,"featured_media":404010,"comment_status":"open","ping_status":"open","sticky":false,"template":"","format":"standard","meta":{"_acf_changed":false,"footnotes":""},"categories":[43],"tags":[],"class_list":["post-417020","post","type-post","status-publish","format-standard","has-post-thumbnail","hentry","category-sem-categoria"],"acf":[],"yoast_head":"<!-- This site is optimized with the Yoast SEO plugin v27.4 - https:\/\/yoast.com\/product\/yoast-seo-wordpress\/ -->\n<title>Ferrovia Transnordestina avan\u00e7a com libera\u00e7\u00e3o de lote em Pernambuco - Blog do Farn\u00e9sio<\/title>\n<meta name=\"robots\" content=\"index, follow, max-snippet:-1, max-image-preview:large, max-video-preview:-1\" \/>\n<link rel=\"canonical\" href=\"https:\/\/blogdofarnesio.com.br\/?p=417020\" \/>\n<meta property=\"og:locale\" content=\"pt_BR\" \/>\n<meta property=\"og:type\" content=\"article\" \/>\n<meta property=\"og:title\" content=\"Ferrovia Transnordestina avan\u00e7a com libera\u00e7\u00e3o de lote em Pernambuco - Blog do Farn\u00e9sio\" \/>\n<meta property=\"og:description\" content=\"Trem de CargaPosted byPorRenato Lobo &#8211;\u00a0 A Infra S.A. obteve junto ao Ibama a licen\u00e7a ambiental que autoriza o in\u00edcio das interven\u00e7\u00f5es para a constru\u00e7\u00e3o do trecho pernambucano da Ferrovia Transnordestina. O empreendimento \u00e9 considerado uma das principais obras do Novo Programa de Acelera\u00e7\u00e3o do Crescimento (PAC) e o documento oficial de autoriza\u00e7\u00e3o ser\u00e1 publicado no Di\u00e1rio Oficial da Uni\u00e3o desta ter\u00e7a-feira (9). Atualmente, a Infra S.A. conduz o processo licitat\u00f3rio para a constru\u00e7\u00e3o do lote SPS04, que possui 73,32 quil\u00f4metros de extens\u00e3o entre os munic\u00edpios de Cust\u00f3dia e Arcoverde. Com a emiss\u00e3o da licen\u00e7a, a estatal est\u00e1 autorizada a iniciar as obras imediatamente ap\u00f3s a assinatura do contrato com a empresa vencedora. \ud83d\ude8e Fique por dentro das not\u00edcias mais&hellip;\" \/>\n<meta property=\"og:url\" content=\"https:\/\/blogdofarnesio.com.br\/?p=417020\" \/>\n<meta property=\"og:site_name\" content=\"Blog do Farn\u00e9sio\" \/>\n<meta property=\"article:publisher\" content=\"https:\/\/www.facebook.com\/BlogQuerSaberPolitica\/\" \/>\n<meta property=\"article:author\" content=\"https:\/\/www.facebook.com\/?ref=tn_tnmn\" \/>\n<meta property=\"article:published_time\" content=\"2026-03-13T18:03:19+00:00\" \/>\n<meta property=\"og:image\" content=\"https:\/\/blogdofarnesio.com.br\/wp-content\/uploads\/2025\/09\/blogqsptransnordestina-ce-e1758482213791.png\" \/>\n\t<meta property=\"og:image:width\" content=\"651\" \/>\n\t<meta property=\"og:image:height\" content=\"355\" \/>\n\t<meta property=\"og:image:type\" content=\"image\/png\" \/>\n<meta name=\"author\" content=\"Farn\u00e9sio\" \/>\n<meta name=\"twitter:card\" content=\"summary_large_image\" \/>\n<meta name=\"twitter:label1\" content=\"Escrito por\" \/>\n\t<meta name=\"twitter:data1\" content=\"Farn\u00e9sio\" \/>\n\t<meta name=\"twitter:label2\" content=\"Est. tempo de leitura\" \/>\n\t<meta name=\"twitter:data2\" content=\"4 minutos\" \/>\n<script type=\"application\/ld+json\" class=\"yoast-schema-graph\">{\"@context\":\"https:\\\/\\\/schema.org\",\"@graph\":[{\"@type\":\"Article\",\"@id\":\"https:\\\/\\\/blogdofarnesio.com.br\\\/?p=417020#article\",\"isPartOf\":{\"@id\":\"https:\\\/\\\/blogdofarnesio.com.br\\\/?p=417020\"},\"author\":{\"name\":\"Farn\u00e9sio\",\"@id\":\"https:\\\/\\\/blogdofarnesio.com.br\\\/#\\\/schema\\\/person\\\/bb9b23ae3ad0609ce8df7b6c9e76824d\"},\"headline\":\"Ferrovia Transnordestina avan\u00e7a com libera\u00e7\u00e3o de lote em Pernambuco\",\"datePublished\":\"2026-03-13T18:03:19+00:00\",\"mainEntityOfPage\":{\"@id\":\"https:\\\/\\\/blogdofarnesio.com.br\\\/?p=417020\"},\"wordCount\":588,\"commentCount\":0,\"publisher\":{\"@id\":\"https:\\\/\\\/blogdofarnesio.com.br\\\/#organization\"},\"image\":{\"@id\":\"https:\\\/\\\/blogdofarnesio.com.br\\\/?p=417020#primaryimage\"},\"thumbnailUrl\":\"https:\\\/\\\/blogdofarnesio.com.br\\\/wp-content\\\/uploads\\\/2025\\\/09\\\/blogqsptransnordestina-ce-e1758482213791.png\",\"inLanguage\":\"pt-BR\",\"potentialAction\":[{\"@type\":\"CommentAction\",\"name\":\"Comment\",\"target\":[\"https:\\\/\\\/blogdofarnesio.com.br\\\/?p=417020#respond\"]}]},{\"@type\":\"WebPage\",\"@id\":\"https:\\\/\\\/blogdofarnesio.com.br\\\/?p=417020\",\"url\":\"https:\\\/\\\/blogdofarnesio.com.br\\\/?p=417020\",\"name\":\"Ferrovia Transnordestina avan\u00e7a com libera\u00e7\u00e3o de lote em Pernambuco - Blog do Farn\u00e9sio\",\"isPartOf\":{\"@id\":\"https:\\\/\\\/blogdofarnesio.com.br\\\/#website\"},\"primaryImageOfPage\":{\"@id\":\"https:\\\/\\\/blogdofarnesio.com.br\\\/?p=417020#primaryimage\"},\"image\":{\"@id\":\"https:\\\/\\\/blogdofarnesio.com.br\\\/?p=417020#primaryimage\"},\"thumbnailUrl\":\"https:\\\/\\\/blogdofarnesio.com.br\\\/wp-content\\\/uploads\\\/2025\\\/09\\\/blogqsptransnordestina-ce-e1758482213791.png\",\"datePublished\":\"2026-03-13T18:03:19+00:00\",\"breadcrumb\":{\"@id\":\"https:\\\/\\\/blogdofarnesio.com.br\\\/?p=417020#breadcrumb\"},\"inLanguage\":\"pt-BR\",\"potentialAction\":[{\"@type\":\"ReadAction\",\"target\":[\"https:\\\/\\\/blogdofarnesio.com.br\\\/?p=417020\"]}]},{\"@type\":\"ImageObject\",\"inLanguage\":\"pt-BR\",\"@id\":\"https:\\\/\\\/blogdofarnesio.com.br\\\/?p=417020#primaryimage\",\"url\":\"https:\\\/\\\/blogdofarnesio.com.br\\\/wp-content\\\/uploads\\\/2025\\\/09\\\/blogqsptransnordestina-ce-e1758482213791.png\",\"contentUrl\":\"https:\\\/\\\/blogdofarnesio.com.br\\\/wp-content\\\/uploads\\\/2025\\\/09\\\/blogqsptransnordestina-ce-e1758482213791.png\",\"width\":651,\"height\":355},{\"@type\":\"BreadcrumbList\",\"@id\":\"https:\\\/\\\/blogdofarnesio.com.br\\\/?p=417020#breadcrumb\",\"itemListElement\":[{\"@type\":\"ListItem\",\"position\":1,\"name\":\"In\u00edcio\",\"item\":\"https:\\\/\\\/blogdofarnesio.com.br\\\/\"},{\"@type\":\"ListItem\",\"position\":2,\"name\":\"Ferrovia Transnordestina avan\u00e7a com libera\u00e7\u00e3o de lote em Pernambuco\"}]},{\"@type\":\"WebSite\",\"@id\":\"https:\\\/\\\/blogdofarnesio.com.br\\\/#website\",\"url\":\"https:\\\/\\\/blogdofarnesio.com.br\\\/\",\"name\":\"Blog do Farn\u00e9sio\",\"description\":\"Quer Saber Pol\u00edtica?\",\"publisher\":{\"@id\":\"https:\\\/\\\/blogdofarnesio.com.br\\\/#organization\"},\"potentialAction\":[{\"@type\":\"SearchAction\",\"target\":{\"@type\":\"EntryPoint\",\"urlTemplate\":\"https:\\\/\\\/blogdofarnesio.com.br\\\/?s={search_term_string}\"},\"query-input\":{\"@type\":\"PropertyValueSpecification\",\"valueRequired\":true,\"valueName\":\"search_term_string\"}}],\"inLanguage\":\"pt-BR\"},{\"@type\":\"Organization\",\"@id\":\"https:\\\/\\\/blogdofarnesio.com.br\\\/#organization\",\"name\":\"Blog do Farn\u00e9sio\",\"url\":\"https:\\\/\\\/blogdofarnesio.com.br\\\/\",\"logo\":{\"@type\":\"ImageObject\",\"inLanguage\":\"pt-BR\",\"@id\":\"https:\\\/\\\/blogdofarnesio.com.br\\\/#\\\/schema\\\/logo\\\/image\\\/\",\"url\":\"https:\\\/\\\/blogdofarnesio.com.br\\\/wp-content\\\/uploads\\\/2026\\\/03\\\/cropped-logo_new-1.png\",\"contentUrl\":\"https:\\\/\\\/blogdofarnesio.com.br\\\/wp-content\\\/uploads\\\/2026\\\/03\\\/cropped-logo_new-1.png\",\"width\":881,\"height\":685,\"caption\":\"Blog do Farn\u00e9sio\"},\"image\":{\"@id\":\"https:\\\/\\\/blogdofarnesio.com.br\\\/#\\\/schema\\\/logo\\\/image\\\/\"},\"sameAs\":[\"https:\\\/\\\/www.facebook.com\\\/BlogQuerSaberPolitica\\\/\"]},{\"@type\":\"Person\",\"@id\":\"https:\\\/\\\/blogdofarnesio.com.br\\\/#\\\/schema\\\/person\\\/bb9b23ae3ad0609ce8df7b6c9e76824d\",\"name\":\"Farn\u00e9sio\",\"image\":{\"@type\":\"ImageObject\",\"inLanguage\":\"pt-BR\",\"@id\":\"https:\\\/\\\/secure.gravatar.com\\\/avatar\\\/986aa4c61ccdb66f8555bf88fc2a65609d00bcabd4d2d94377a727547345cbca?s=96&d=mm&r=g\",\"url\":\"https:\\\/\\\/secure.gravatar.com\\\/avatar\\\/986aa4c61ccdb66f8555bf88fc2a65609d00bcabd4d2d94377a727547345cbca?s=96&d=mm&r=g\",\"contentUrl\":\"https:\\\/\\\/secure.gravatar.com\\\/avatar\\\/986aa4c61ccdb66f8555bf88fc2a65609d00bcabd4d2d94377a727547345cbca?s=96&d=mm&r=g\",\"caption\":\"Farn\u00e9sio\"},\"description\":\"Radialista blogueiro, chegou a Petrolina\\\/Juazeiro em setembro de 1980, Farn\u00e9sio Silva \u00e9 de Arapiraca-Alagoas.\",\"sameAs\":[\"http:\\\/\\\/blogdofarnesio.com.br\",\"https:\\\/\\\/www.facebook.com\\\/?ref=tn_tnmn\",\"https:\\\/\\\/www.instagram.com\\\/?utm_source=pwa_homescreen\",\"https:\\\/\\\/youtube.com.br\\\/\"],\"url\":\"https:\\\/\\\/blogdofarnesio.com.br\\\/?author=2\"}]}<\/script>\n<!-- \/ Yoast SEO plugin. -->","yoast_head_json":{"title":"Ferrovia Transnordestina avan\u00e7a com libera\u00e7\u00e3o de lote em Pernambuco - Blog do Farn\u00e9sio","robots":{"index":"index","follow":"follow","max-snippet":"max-snippet:-1","max-image-preview":"max-image-preview:large","max-video-preview":"max-video-preview:-1"},"canonical":"https:\/\/blogdofarnesio.com.br\/?p=417020","og_locale":"pt_BR","og_type":"article","og_title":"Ferrovia Transnordestina avan\u00e7a com libera\u00e7\u00e3o de lote em Pernambuco - Blog do Farn\u00e9sio","og_description":"Trem de CargaPosted byPorRenato Lobo &#8211;\u00a0 A Infra S.A. obteve junto ao Ibama a licen\u00e7a ambiental que autoriza o in\u00edcio das interven\u00e7\u00f5es para a constru\u00e7\u00e3o do trecho pernambucano da Ferrovia Transnordestina. O empreendimento \u00e9 considerado uma das principais obras do Novo Programa de Acelera\u00e7\u00e3o do Crescimento (PAC) e o documento oficial de autoriza\u00e7\u00e3o ser\u00e1 publicado no Di\u00e1rio Oficial da Uni\u00e3o desta ter\u00e7a-feira (9). Atualmente, a Infra S.A. conduz o processo licitat\u00f3rio para a constru\u00e7\u00e3o do lote SPS04, que possui 73,32 quil\u00f4metros de extens\u00e3o entre os munic\u00edpios de Cust\u00f3dia e Arcoverde. Com a emiss\u00e3o da licen\u00e7a, a estatal est\u00e1 autorizada a iniciar as obras imediatamente ap\u00f3s a assinatura do contrato com a empresa vencedora. \ud83d\ude8e Fique por dentro das not\u00edcias mais&hellip;","og_url":"https:\/\/blogdofarnesio.com.br\/?p=417020","og_site_name":"Blog do Farn\u00e9sio","article_publisher":"https:\/\/www.facebook.com\/BlogQuerSaberPolitica\/","article_author":"https:\/\/www.facebook.com\/?ref=tn_tnmn","article_published_time":"2026-03-13T18:03:19+00:00","og_image":[{"width":651,"height":355,"url":"https:\/\/blogdofarnesio.com.br\/wp-content\/uploads\/2025\/09\/blogqsptransnordestina-ce-e1758482213791.png","type":"image\/png"}],"author":"Farn\u00e9sio","twitter_card":"summary_large_image","twitter_misc":{"Escrito por":"Farn\u00e9sio","Est. tempo de leitura":"4 minutos"},"schema":{"@context":"https:\/\/schema.org","@graph":[{"@type":"Article","@id":"https:\/\/blogdofarnesio.com.br\/?p=417020#article","isPartOf":{"@id":"https:\/\/blogdofarnesio.com.br\/?p=417020"},"author":{"name":"Farn\u00e9sio","@id":"https:\/\/blogdofarnesio.com.br\/#\/schema\/person\/bb9b23ae3ad0609ce8df7b6c9e76824d"},"headline":"Ferrovia Transnordestina avan\u00e7a com libera\u00e7\u00e3o de lote em Pernambuco","datePublished":"2026-03-13T18:03:19+00:00","mainEntityOfPage":{"@id":"https:\/\/blogdofarnesio.com.br\/?p=417020"},"wordCount":588,"commentCount":0,"publisher":{"@id":"https:\/\/blogdofarnesio.com.br\/#organization"},"image":{"@id":"https:\/\/blogdofarnesio.com.br\/?p=417020#primaryimage"},"thumbnailUrl":"https:\/\/blogdofarnesio.com.br\/wp-content\/uploads\/2025\/09\/blogqsptransnordestina-ce-e1758482213791.png","inLanguage":"pt-BR","potentialAction":[{"@type":"CommentAction","name":"Comment","target":["https:\/\/blogdofarnesio.com.br\/?p=417020#respond"]}]},{"@type":"WebPage","@id":"https:\/\/blogdofarnesio.com.br\/?p=417020","url":"https:\/\/blogdofarnesio.com.br\/?p=417020","name":"Ferrovia Transnordestina avan\u00e7a com libera\u00e7\u00e3o de lote em Pernambuco - Blog do Farn\u00e9sio","isPartOf":{"@id":"https:\/\/blogdofarnesio.com.br\/#website"},"primaryImageOfPage":{"@id":"https:\/\/blogdofarnesio.com.br\/?p=417020#primaryimage"},"image":{"@id":"https:\/\/blogdofarnesio.com.br\/?p=417020#primaryimage"},"thumbnailUrl":"https:\/\/blogdofarnesio.com.br\/wp-content\/uploads\/2025\/09\/blogqsptransnordestina-ce-e1758482213791.png","datePublished":"2026-03-13T18:03:19+00:00","breadcrumb":{"@id":"https:\/\/blogdofarnesio.com.br\/?p=417020#breadcrumb"},"inLanguage":"pt-BR","potentialAction":[{"@type":"ReadAction","target":["https:\/\/blogdofarnesio.com.br\/?p=417020"]}]},{"@type":"ImageObject","inLanguage":"pt-BR","@id":"https:\/\/blogdofarnesio.com.br\/?p=417020#primaryimage","url":"https:\/\/blogdofarnesio.com.br\/wp-content\/uploads\/2025\/09\/blogqsptransnordestina-ce-e1758482213791.png","contentUrl":"https:\/\/blogdofarnesio.com.br\/wp-content\/uploads\/2025\/09\/blogqsptransnordestina-ce-e1758482213791.png","width":651,"height":355},{"@type":"BreadcrumbList","@id":"https:\/\/blogdofarnesio.com.br\/?p=417020#breadcrumb","itemListElement":[{"@type":"ListItem","position":1,"name":"In\u00edcio","item":"https:\/\/blogdofarnesio.com.br\/"},{"@type":"ListItem","position":2,"name":"Ferrovia Transnordestina avan\u00e7a com libera\u00e7\u00e3o de lote em Pernambuco"}]},{"@type":"WebSite","@id":"https:\/\/blogdofarnesio.com.br\/#website","url":"https:\/\/blogdofarnesio.com.br\/","name":"Blog do Farn\u00e9sio","description":"Quer Saber Pol\u00edtica?","publisher":{"@id":"https:\/\/blogdofarnesio.com.br\/#organization"},"potentialAction":[{"@type":"SearchAction","target":{"@type":"EntryPoint","urlTemplate":"https:\/\/blogdofarnesio.com.br\/?s={search_term_string}"},"query-input":{"@type":"PropertyValueSpecification","valueRequired":true,"valueName":"search_term_string"}}],"inLanguage":"pt-BR"},{"@type":"Organization","@id":"https:\/\/blogdofarnesio.com.br\/#organization","name":"Blog do Farn\u00e9sio","url":"https:\/\/blogdofarnesio.com.br\/","logo":{"@type":"ImageObject","inLanguage":"pt-BR","@id":"https:\/\/blogdofarnesio.com.br\/#\/schema\/logo\/image\/","url":"https:\/\/blogdofarnesio.com.br\/wp-content\/uploads\/2026\/03\/cropped-logo_new-1.png","contentUrl":"https:\/\/blogdofarnesio.com.br\/wp-content\/uploads\/2026\/03\/cropped-logo_new-1.png","width":881,"height":685,"caption":"Blog do Farn\u00e9sio"},"image":{"@id":"https:\/\/blogdofarnesio.com.br\/#\/schema\/logo\/image\/"},"sameAs":["https:\/\/www.facebook.com\/BlogQuerSaberPolitica\/"]},{"@type":"Person","@id":"https:\/\/blogdofarnesio.com.br\/#\/schema\/person\/bb9b23ae3ad0609ce8df7b6c9e76824d","name":"Farn\u00e9sio","image":{"@type":"ImageObject","inLanguage":"pt-BR","@id":"https:\/\/secure.gravatar.com\/avatar\/986aa4c61ccdb66f8555bf88fc2a65609d00bcabd4d2d94377a727547345cbca?s=96&d=mm&r=g","url":"https:\/\/secure.gravatar.com\/avatar\/986aa4c61ccdb66f8555bf88fc2a65609d00bcabd4d2d94377a727547345cbca?s=96&d=mm&r=g","contentUrl":"https:\/\/secure.gravatar.com\/avatar\/986aa4c61ccdb66f8555bf88fc2a65609d00bcabd4d2d94377a727547345cbca?s=96&d=mm&r=g","caption":"Farn\u00e9sio"},"description":"Radialista blogueiro, chegou a Petrolina\/Juazeiro em setembro de 1980, Farn\u00e9sio Silva \u00e9 de Arapiraca-Alagoas.","sameAs":["http:\/\/blogdofarnesio.com.br","https:\/\/www.facebook.com\/?ref=tn_tnmn","https:\/\/www.instagram.com\/?utm_source=pwa_homescreen","https:\/\/youtube.com.br\/"],"url":"https:\/\/blogdofarnesio.com.br\/?author=2"}]}},"_links":{"self":[{"href":"https:\/\/blogdofarnesio.com.br\/index.php?rest_route=\/wp\/v2\/posts\/417020","targetHints":{"allow":["GET"]}}],"collection":[{"href":"https:\/\/blogdofarnesio.com.br\/index.php?rest_route=\/wp\/v2\/posts"}],"about":[{"href":"https:\/\/blogdofarnesio.com.br\/index.php?rest_route=\/wp\/v2\/types\/post"}],"author":[{"embeddable":true,"href":"https:\/\/blogdofarnesio.com.br\/index.php?rest_route=\/wp\/v2\/users\/2"}],"replies":[{"embeddable":true,"href":"https:\/\/blogdofarnesio.com.br\/index.php?rest_route=%2Fwp%2Fv2%2Fcomments&post=417020"}],"version-history":[{"count":2,"href":"https:\/\/blogdofarnesio.com.br\/index.php?rest_route=\/wp\/v2\/posts\/417020\/revisions"}],"predecessor-version":[{"id":417043,"href":"https:\/\/blogdofarnesio.com.br\/index.php?rest_route=\/wp\/v2\/posts\/417020\/revisions\/417043"}],"wp:featuredmedia":[{"embeddable":true,"href":"https:\/\/blogdofarnesio.com.br\/index.php?rest_route=\/wp\/v2\/media\/404010"}],"wp:attachment":[{"href":"https:\/\/blogdofarnesio.com.br\/index.php?rest_route=%2Fwp%2Fv2%2Fmedia&parent=417020"}],"wp:term":[{"taxonomy":"category","embeddable":true,"href":"https:\/\/blogdofarnesio.com.br\/index.php?rest_route=%2Fwp%2Fv2%2Fcategories&post=417020"},{"taxonomy":"post_tag","embeddable":true,"href":"https:\/\/blogdofarnesio.com.br\/index.php?rest_route=%2Fwp%2Fv2%2Ftags&post=417020"}],"curies":[{"name":"wp","href":"https:\/\/api.w.org\/{rel}","templated":true}]}}