{"id":416991,"date":"2026-03-13T14:22:26","date_gmt":"2026-03-13T17:22:26","guid":{"rendered":"https:\/\/blogdofarnesio.com.br\/?p=416991"},"modified":"2026-03-13T09:21:02","modified_gmt":"2026-03-13T12:21:02","slug":"prefeitura-amplia-vacinacao-contra-a-dengue-em-petrolina-para-profissionais-de-saude","status":"publish","type":"post","link":"https:\/\/blogdofarnesio.com.br\/?p=416991","title":{"rendered":"Prefeitura amplia vacina\u00e7\u00e3o contra a dengue em Petrolina para profissionais de sa\u00fade"},"content":{"rendered":"<p><strong><em>Agentes de sa\u00fade e de endemias s\u00e3o contemplados<\/em><\/strong><\/p>\n<p>A Prefeitura de Petrolina, por meio da Secretaria Municipal de Sa\u00fade, ampliou a vacina\u00e7\u00e3o contra a dengue no munic\u00edpio e passou a incluir os Agentes Comunit\u00e1rios de Sa\u00fade (ACS) e Agentes de Combate \u00e0s Endemias (ACE) entre os p\u00fablicos contemplados. A medida segue as orienta\u00e7\u00f5es t\u00e9cnicas do Minist\u00e9rio da Sa\u00fade e tem como objetivo proteger os profissionais que atuam diretamente no acompanhamento das fam\u00edlias, tanto na zona urbana quanto na zona rural.<\/p>\n<p>Antes da amplia\u00e7\u00e3o, a vacina\u00e7\u00e3o estava destinada apenas ao p\u00fablico de 10 a 14 anos. Agora, os profissionais tamb\u00e9m come\u00e7am a receber o imunizante, considerando o risco ocupacional da categoria, que realiza visitas domiciliares frequentes e mant\u00e9m contato direto com a popula\u00e7\u00e3o e diferentes ambientes.<\/p>\n<p>Em Petrolina a vacina\u00e7\u00e3o contra a dengue segue um calend\u00e1rio, inicialmente com crian\u00e7as e adolescentes de 10 a 14 anos, agora com os agentes, e na terceira fase entrar\u00e3o os m\u00e9dicos, dentistas, enfermeiros, t\u00e9cnicos de enfermagem e equipe multiprofissional (E-Multi). A \u00faltima fase ser\u00e1 com profissionais do grupo administrativo das unidades de sa\u00fade.<\/p>\n<p>Para a Agente Comunit\u00e1ria Eliane Lima, que atua no Per\u00edmetro Irrigado Senador Nilo Coelho &#8211; N\u00facleo 7, a iniciativa representa mais seguran\u00e7a no trabalho. \u201cEssa vacina \u00e9 muito importante para a gente, pois temos contato com muitas pessoas durante as visitas e sabemos dos riscos, principalmente ap\u00f3s o per\u00edodo de chuvas, quando o ac\u00famulo de \u00e1gua em alguns locais facilita a reprodu\u00e7\u00e3o do mosquito. Com essa prote\u00e7\u00e3o, nos sentimos mais seguros\u201d, destacou.<\/p>\n<p>Essa nova etapa faz parte das estrat\u00e9gias adotadas pelo munic\u00edpio para fortalecer as a\u00e7\u00f5es de preven\u00e7\u00e3o e enfrentamento \u00e0 dengue. Al\u00e9m da imuniza\u00e7\u00e3o, a Secretaria de Sa\u00fade refor\u00e7a as iniciativas de vigil\u00e2ncia, orienta\u00e7\u00e3o \u00e0 popula\u00e7\u00e3o e combate aos focos do mosquito transmissor. Os moradores tamb\u00e9m podem ajudar, isso leva cerca de 10 minutos por semana, basta fazer uma revis\u00e3o em locais que podem servir de poss\u00edvel criadouro para o mosquito Aedes aegypti como: vasos de planta, pneus, tampinha de garrafa, reservat\u00f3rios de \u00e1gua sem a devida veda\u00e7\u00e3o e demais objetos que possam acumular \u00e1gua.<\/p>\n","protected":false},"excerpt":{"rendered":"<p>Agentes de sa\u00fade e de endemias s\u00e3o contemplados A Prefeitura de Petrolina, por meio da Secretaria Municipal de Sa\u00fade, ampliou a vacina\u00e7\u00e3o contra a dengue no munic\u00edpio e passou a incluir os Agentes Comunit\u00e1rios de Sa\u00fade (ACS) e Agentes de Combate \u00e0s Endemias (ACE) entre os p\u00fablicos contemplados. A medida segue as orienta\u00e7\u00f5es t\u00e9cnicas do Minist\u00e9rio da Sa\u00fade e tem como objetivo proteger os profissionais que atuam diretamente no acompanhamento das fam\u00edlias, tanto na zona urbana quanto na zona rural. Antes da amplia\u00e7\u00e3o, a vacina\u00e7\u00e3o estava destinada apenas ao p\u00fablico de 10 a 14 anos. Agora, os profissionais tamb\u00e9m come\u00e7am a receber o imunizante, considerando o risco ocupacional da categoria, que realiza visitas domiciliares frequentes e mant\u00e9m contato direto com&hellip; <\/p>\n","protected":false},"author":2,"featured_media":416993,"comment_status":"open","ping_status":"open","sticky":false,"template":"","format":"standard","meta":{"_acf_changed":false,"footnotes":""},"categories":[4],"tags":[],"class_list":["post-416991","post","type-post","status-publish","format-standard","has-post-thumbnail","hentry","category-saude"],"acf":[],"yoast_head":"<!-- This site is optimized with the Yoast SEO plugin v27.4 - https:\/\/yoast.com\/product\/yoast-seo-wordpress\/ -->\n<title>Prefeitura amplia vacina\u00e7\u00e3o contra a dengue em Petrolina para profissionais de sa\u00fade - Blog do Farn\u00e9sio<\/title>\n<meta name=\"robots\" content=\"index, follow, max-snippet:-1, max-image-preview:large, max-video-preview:-1\" \/>\n<link rel=\"canonical\" href=\"https:\/\/blogdofarnesio.com.br\/?p=416991\" \/>\n<meta property=\"og:locale\" content=\"pt_BR\" \/>\n<meta property=\"og:type\" content=\"article\" \/>\n<meta property=\"og:title\" content=\"Prefeitura amplia vacina\u00e7\u00e3o contra a dengue em Petrolina para profissionais de sa\u00fade - Blog do Farn\u00e9sio\" \/>\n<meta property=\"og:description\" content=\"Agentes de sa\u00fade e de endemias s\u00e3o contemplados A Prefeitura de Petrolina, por meio da Secretaria Municipal de Sa\u00fade, ampliou a vacina\u00e7\u00e3o contra a dengue no munic\u00edpio e passou a incluir os Agentes Comunit\u00e1rios de Sa\u00fade (ACS) e Agentes de Combate \u00e0s Endemias (ACE) entre os p\u00fablicos contemplados. A medida segue as orienta\u00e7\u00f5es t\u00e9cnicas do Minist\u00e9rio da Sa\u00fade e tem como objetivo proteger os profissionais que atuam diretamente no acompanhamento das fam\u00edlias, tanto na zona urbana quanto na zona rural. Antes da amplia\u00e7\u00e3o, a vacina\u00e7\u00e3o estava destinada apenas ao p\u00fablico de 10 a 14 anos. Agora, os profissionais tamb\u00e9m come\u00e7am a receber o imunizante, considerando o risco ocupacional da categoria, que realiza visitas domiciliares frequentes e mant\u00e9m contato direto com&hellip;\" \/>\n<meta property=\"og:url\" content=\"https:\/\/blogdofarnesio.com.br\/?p=416991\" \/>\n<meta property=\"og:site_name\" content=\"Blog do Farn\u00e9sio\" \/>\n<meta property=\"article:publisher\" content=\"https:\/\/www.facebook.com\/BlogQuerSaberPolitica\/\" \/>\n<meta property=\"article:author\" content=\"https:\/\/www.facebook.com\/?ref=tn_tnmn\" \/>\n<meta property=\"article:published_time\" content=\"2026-03-13T17:22:26+00:00\" \/>\n<meta property=\"og:image\" content=\"https:\/\/blogdofarnesio.com.br\/wp-content\/uploads\/2026\/03\/blogqsppet-Vacina-dengue-1-e1773343685449.jpeg\" \/>\n\t<meta property=\"og:image:width\" content=\"599\" \/>\n\t<meta property=\"og:image:height\" content=\"399\" \/>\n\t<meta property=\"og:image:type\" content=\"image\/jpeg\" \/>\n<meta name=\"author\" content=\"Farn\u00e9sio\" \/>\n<meta name=\"twitter:card\" content=\"summary_large_image\" \/>\n<meta name=\"twitter:label1\" content=\"Escrito por\" \/>\n\t<meta name=\"twitter:data1\" content=\"Farn\u00e9sio\" \/>\n\t<meta name=\"twitter:label2\" content=\"Est. tempo de leitura\" \/>\n\t<meta name=\"twitter:data2\" content=\"3 minutos\" \/>\n<script type=\"application\/ld+json\" class=\"yoast-schema-graph\">{\"@context\":\"https:\\\/\\\/schema.org\",\"@graph\":[{\"@type\":\"Article\",\"@id\":\"https:\\\/\\\/blogdofarnesio.com.br\\\/?p=416991#article\",\"isPartOf\":{\"@id\":\"https:\\\/\\\/blogdofarnesio.com.br\\\/?p=416991\"},\"author\":{\"name\":\"Farn\u00e9sio\",\"@id\":\"https:\\\/\\\/blogdofarnesio.com.br\\\/#\\\/schema\\\/person\\\/bb9b23ae3ad0609ce8df7b6c9e76824d\"},\"headline\":\"Prefeitura amplia vacina\u00e7\u00e3o contra a dengue em Petrolina para profissionais de sa\u00fade\",\"datePublished\":\"2026-03-13T17:22:26+00:00\",\"mainEntityOfPage\":{\"@id\":\"https:\\\/\\\/blogdofarnesio.com.br\\\/?p=416991\"},\"wordCount\":401,\"commentCount\":0,\"publisher\":{\"@id\":\"https:\\\/\\\/blogdofarnesio.com.br\\\/#organization\"},\"image\":{\"@id\":\"https:\\\/\\\/blogdofarnesio.com.br\\\/?p=416991#primaryimage\"},\"thumbnailUrl\":\"https:\\\/\\\/blogdofarnesio.com.br\\\/wp-content\\\/uploads\\\/2026\\\/03\\\/blogqsppet-Vacina-dengue-1-e1773343685449.jpeg\",\"articleSection\":[\"Sa\u00fade\"],\"inLanguage\":\"pt-BR\",\"potentialAction\":[{\"@type\":\"CommentAction\",\"name\":\"Comment\",\"target\":[\"https:\\\/\\\/blogdofarnesio.com.br\\\/?p=416991#respond\"]}]},{\"@type\":\"WebPage\",\"@id\":\"https:\\\/\\\/blogdofarnesio.com.br\\\/?p=416991\",\"url\":\"https:\\\/\\\/blogdofarnesio.com.br\\\/?p=416991\",\"name\":\"Prefeitura amplia vacina\u00e7\u00e3o contra a dengue em Petrolina para profissionais de sa\u00fade - Blog do Farn\u00e9sio\",\"isPartOf\":{\"@id\":\"https:\\\/\\\/blogdofarnesio.com.br\\\/#website\"},\"primaryImageOfPage\":{\"@id\":\"https:\\\/\\\/blogdofarnesio.com.br\\\/?p=416991#primaryimage\"},\"image\":{\"@id\":\"https:\\\/\\\/blogdofarnesio.com.br\\\/?p=416991#primaryimage\"},\"thumbnailUrl\":\"https:\\\/\\\/blogdofarnesio.com.br\\\/wp-content\\\/uploads\\\/2026\\\/03\\\/blogqsppet-Vacina-dengue-1-e1773343685449.jpeg\",\"datePublished\":\"2026-03-13T17:22:26+00:00\",\"breadcrumb\":{\"@id\":\"https:\\\/\\\/blogdofarnesio.com.br\\\/?p=416991#breadcrumb\"},\"inLanguage\":\"pt-BR\",\"potentialAction\":[{\"@type\":\"ReadAction\",\"target\":[\"https:\\\/\\\/blogdofarnesio.com.br\\\/?p=416991\"]}]},{\"@type\":\"ImageObject\",\"inLanguage\":\"pt-BR\",\"@id\":\"https:\\\/\\\/blogdofarnesio.com.br\\\/?p=416991#primaryimage\",\"url\":\"https:\\\/\\\/blogdofarnesio.com.br\\\/wp-content\\\/uploads\\\/2026\\\/03\\\/blogqsppet-Vacina-dengue-1-e1773343685449.jpeg\",\"contentUrl\":\"https:\\\/\\\/blogdofarnesio.com.br\\\/wp-content\\\/uploads\\\/2026\\\/03\\\/blogqsppet-Vacina-dengue-1-e1773343685449.jpeg\",\"width\":599,\"height\":399},{\"@type\":\"BreadcrumbList\",\"@id\":\"https:\\\/\\\/blogdofarnesio.com.br\\\/?p=416991#breadcrumb\",\"itemListElement\":[{\"@type\":\"ListItem\",\"position\":1,\"name\":\"In\u00edcio\",\"item\":\"https:\\\/\\\/blogdofarnesio.com.br\\\/\"},{\"@type\":\"ListItem\",\"position\":2,\"name\":\"Prefeitura amplia vacina\u00e7\u00e3o contra a dengue em Petrolina para profissionais de sa\u00fade\"}]},{\"@type\":\"WebSite\",\"@id\":\"https:\\\/\\\/blogdofarnesio.com.br\\\/#website\",\"url\":\"https:\\\/\\\/blogdofarnesio.com.br\\\/\",\"name\":\"Blog do Farn\u00e9sio\",\"description\":\"Quer Saber Pol\u00edtica?\",\"publisher\":{\"@id\":\"https:\\\/\\\/blogdofarnesio.com.br\\\/#organization\"},\"potentialAction\":[{\"@type\":\"SearchAction\",\"target\":{\"@type\":\"EntryPoint\",\"urlTemplate\":\"https:\\\/\\\/blogdofarnesio.com.br\\\/?s={search_term_string}\"},\"query-input\":{\"@type\":\"PropertyValueSpecification\",\"valueRequired\":true,\"valueName\":\"search_term_string\"}}],\"inLanguage\":\"pt-BR\"},{\"@type\":\"Organization\",\"@id\":\"https:\\\/\\\/blogdofarnesio.com.br\\\/#organization\",\"name\":\"Blog do Farn\u00e9sio\",\"url\":\"https:\\\/\\\/blogdofarnesio.com.br\\\/\",\"logo\":{\"@type\":\"ImageObject\",\"inLanguage\":\"pt-BR\",\"@id\":\"https:\\\/\\\/blogdofarnesio.com.br\\\/#\\\/schema\\\/logo\\\/image\\\/\",\"url\":\"https:\\\/\\\/blogdofarnesio.com.br\\\/wp-content\\\/uploads\\\/2026\\\/03\\\/cropped-logo_new-1.png\",\"contentUrl\":\"https:\\\/\\\/blogdofarnesio.com.br\\\/wp-content\\\/uploads\\\/2026\\\/03\\\/cropped-logo_new-1.png\",\"width\":881,\"height\":685,\"caption\":\"Blog do Farn\u00e9sio\"},\"image\":{\"@id\":\"https:\\\/\\\/blogdofarnesio.com.br\\\/#\\\/schema\\\/logo\\\/image\\\/\"},\"sameAs\":[\"https:\\\/\\\/www.facebook.com\\\/BlogQuerSaberPolitica\\\/\"]},{\"@type\":\"Person\",\"@id\":\"https:\\\/\\\/blogdofarnesio.com.br\\\/#\\\/schema\\\/person\\\/bb9b23ae3ad0609ce8df7b6c9e76824d\",\"name\":\"Farn\u00e9sio\",\"image\":{\"@type\":\"ImageObject\",\"inLanguage\":\"pt-BR\",\"@id\":\"https:\\\/\\\/secure.gravatar.com\\\/avatar\\\/986aa4c61ccdb66f8555bf88fc2a65609d00bcabd4d2d94377a727547345cbca?s=96&d=mm&r=g\",\"url\":\"https:\\\/\\\/secure.gravatar.com\\\/avatar\\\/986aa4c61ccdb66f8555bf88fc2a65609d00bcabd4d2d94377a727547345cbca?s=96&d=mm&r=g\",\"contentUrl\":\"https:\\\/\\\/secure.gravatar.com\\\/avatar\\\/986aa4c61ccdb66f8555bf88fc2a65609d00bcabd4d2d94377a727547345cbca?s=96&d=mm&r=g\",\"caption\":\"Farn\u00e9sio\"},\"description\":\"Radialista blogueiro, chegou a Petrolina\\\/Juazeiro em setembro de 1980, Farn\u00e9sio Silva \u00e9 de Arapiraca-Alagoas.\",\"sameAs\":[\"http:\\\/\\\/blogdofarnesio.com.br\",\"https:\\\/\\\/www.facebook.com\\\/?ref=tn_tnmn\",\"https:\\\/\\\/www.instagram.com\\\/?utm_source=pwa_homescreen\",\"https:\\\/\\\/youtube.com.br\\\/\"],\"url\":\"https:\\\/\\\/blogdofarnesio.com.br\\\/?author=2\"}]}<\/script>\n<!-- \/ Yoast SEO plugin. -->","yoast_head_json":{"title":"Prefeitura amplia vacina\u00e7\u00e3o contra a dengue em Petrolina para profissionais de sa\u00fade - Blog do Farn\u00e9sio","robots":{"index":"index","follow":"follow","max-snippet":"max-snippet:-1","max-image-preview":"max-image-preview:large","max-video-preview":"max-video-preview:-1"},"canonical":"https:\/\/blogdofarnesio.com.br\/?p=416991","og_locale":"pt_BR","og_type":"article","og_title":"Prefeitura amplia vacina\u00e7\u00e3o contra a dengue em Petrolina para profissionais de sa\u00fade - Blog do Farn\u00e9sio","og_description":"Agentes de sa\u00fade e de endemias s\u00e3o contemplados A Prefeitura de Petrolina, por meio da Secretaria Municipal de Sa\u00fade, ampliou a vacina\u00e7\u00e3o contra a dengue no munic\u00edpio e passou a incluir os Agentes Comunit\u00e1rios de Sa\u00fade (ACS) e Agentes de Combate \u00e0s Endemias (ACE) entre os p\u00fablicos contemplados. A medida segue as orienta\u00e7\u00f5es t\u00e9cnicas do Minist\u00e9rio da Sa\u00fade e tem como objetivo proteger os profissionais que atuam diretamente no acompanhamento das fam\u00edlias, tanto na zona urbana quanto na zona rural. Antes da amplia\u00e7\u00e3o, a vacina\u00e7\u00e3o estava destinada apenas ao p\u00fablico de 10 a 14 anos. Agora, os profissionais tamb\u00e9m come\u00e7am a receber o imunizante, considerando o risco ocupacional da categoria, que realiza visitas domiciliares frequentes e mant\u00e9m contato direto com&hellip;","og_url":"https:\/\/blogdofarnesio.com.br\/?p=416991","og_site_name":"Blog do Farn\u00e9sio","article_publisher":"https:\/\/www.facebook.com\/BlogQuerSaberPolitica\/","article_author":"https:\/\/www.facebook.com\/?ref=tn_tnmn","article_published_time":"2026-03-13T17:22:26+00:00","og_image":[{"width":599,"height":399,"url":"https:\/\/blogdofarnesio.com.br\/wp-content\/uploads\/2026\/03\/blogqsppet-Vacina-dengue-1-e1773343685449.jpeg","type":"image\/jpeg"}],"author":"Farn\u00e9sio","twitter_card":"summary_large_image","twitter_misc":{"Escrito por":"Farn\u00e9sio","Est. tempo de leitura":"3 minutos"},"schema":{"@context":"https:\/\/schema.org","@graph":[{"@type":"Article","@id":"https:\/\/blogdofarnesio.com.br\/?p=416991#article","isPartOf":{"@id":"https:\/\/blogdofarnesio.com.br\/?p=416991"},"author":{"name":"Farn\u00e9sio","@id":"https:\/\/blogdofarnesio.com.br\/#\/schema\/person\/bb9b23ae3ad0609ce8df7b6c9e76824d"},"headline":"Prefeitura amplia vacina\u00e7\u00e3o contra a dengue em Petrolina para profissionais de sa\u00fade","datePublished":"2026-03-13T17:22:26+00:00","mainEntityOfPage":{"@id":"https:\/\/blogdofarnesio.com.br\/?p=416991"},"wordCount":401,"commentCount":0,"publisher":{"@id":"https:\/\/blogdofarnesio.com.br\/#organization"},"image":{"@id":"https:\/\/blogdofarnesio.com.br\/?p=416991#primaryimage"},"thumbnailUrl":"https:\/\/blogdofarnesio.com.br\/wp-content\/uploads\/2026\/03\/blogqsppet-Vacina-dengue-1-e1773343685449.jpeg","articleSection":["Sa\u00fade"],"inLanguage":"pt-BR","potentialAction":[{"@type":"CommentAction","name":"Comment","target":["https:\/\/blogdofarnesio.com.br\/?p=416991#respond"]}]},{"@type":"WebPage","@id":"https:\/\/blogdofarnesio.com.br\/?p=416991","url":"https:\/\/blogdofarnesio.com.br\/?p=416991","name":"Prefeitura amplia vacina\u00e7\u00e3o contra a dengue em Petrolina para profissionais de sa\u00fade - Blog do Farn\u00e9sio","isPartOf":{"@id":"https:\/\/blogdofarnesio.com.br\/#website"},"primaryImageOfPage":{"@id":"https:\/\/blogdofarnesio.com.br\/?p=416991#primaryimage"},"image":{"@id":"https:\/\/blogdofarnesio.com.br\/?p=416991#primaryimage"},"thumbnailUrl":"https:\/\/blogdofarnesio.com.br\/wp-content\/uploads\/2026\/03\/blogqsppet-Vacina-dengue-1-e1773343685449.jpeg","datePublished":"2026-03-13T17:22:26+00:00","breadcrumb":{"@id":"https:\/\/blogdofarnesio.com.br\/?p=416991#breadcrumb"},"inLanguage":"pt-BR","potentialAction":[{"@type":"ReadAction","target":["https:\/\/blogdofarnesio.com.br\/?p=416991"]}]},{"@type":"ImageObject","inLanguage":"pt-BR","@id":"https:\/\/blogdofarnesio.com.br\/?p=416991#primaryimage","url":"https:\/\/blogdofarnesio.com.br\/wp-content\/uploads\/2026\/03\/blogqsppet-Vacina-dengue-1-e1773343685449.jpeg","contentUrl":"https:\/\/blogdofarnesio.com.br\/wp-content\/uploads\/2026\/03\/blogqsppet-Vacina-dengue-1-e1773343685449.jpeg","width":599,"height":399},{"@type":"BreadcrumbList","@id":"https:\/\/blogdofarnesio.com.br\/?p=416991#breadcrumb","itemListElement":[{"@type":"ListItem","position":1,"name":"In\u00edcio","item":"https:\/\/blogdofarnesio.com.br\/"},{"@type":"ListItem","position":2,"name":"Prefeitura amplia vacina\u00e7\u00e3o contra a dengue em Petrolina para profissionais de sa\u00fade"}]},{"@type":"WebSite","@id":"https:\/\/blogdofarnesio.com.br\/#website","url":"https:\/\/blogdofarnesio.com.br\/","name":"Blog do Farn\u00e9sio","description":"Quer Saber Pol\u00edtica?","publisher":{"@id":"https:\/\/blogdofarnesio.com.br\/#organization"},"potentialAction":[{"@type":"SearchAction","target":{"@type":"EntryPoint","urlTemplate":"https:\/\/blogdofarnesio.com.br\/?s={search_term_string}"},"query-input":{"@type":"PropertyValueSpecification","valueRequired":true,"valueName":"search_term_string"}}],"inLanguage":"pt-BR"},{"@type":"Organization","@id":"https:\/\/blogdofarnesio.com.br\/#organization","name":"Blog do Farn\u00e9sio","url":"https:\/\/blogdofarnesio.com.br\/","logo":{"@type":"ImageObject","inLanguage":"pt-BR","@id":"https:\/\/blogdofarnesio.com.br\/#\/schema\/logo\/image\/","url":"https:\/\/blogdofarnesio.com.br\/wp-content\/uploads\/2026\/03\/cropped-logo_new-1.png","contentUrl":"https:\/\/blogdofarnesio.com.br\/wp-content\/uploads\/2026\/03\/cropped-logo_new-1.png","width":881,"height":685,"caption":"Blog do Farn\u00e9sio"},"image":{"@id":"https:\/\/blogdofarnesio.com.br\/#\/schema\/logo\/image\/"},"sameAs":["https:\/\/www.facebook.com\/BlogQuerSaberPolitica\/"]},{"@type":"Person","@id":"https:\/\/blogdofarnesio.com.br\/#\/schema\/person\/bb9b23ae3ad0609ce8df7b6c9e76824d","name":"Farn\u00e9sio","image":{"@type":"ImageObject","inLanguage":"pt-BR","@id":"https:\/\/secure.gravatar.com\/avatar\/986aa4c61ccdb66f8555bf88fc2a65609d00bcabd4d2d94377a727547345cbca?s=96&d=mm&r=g","url":"https:\/\/secure.gravatar.com\/avatar\/986aa4c61ccdb66f8555bf88fc2a65609d00bcabd4d2d94377a727547345cbca?s=96&d=mm&r=g","contentUrl":"https:\/\/secure.gravatar.com\/avatar\/986aa4c61ccdb66f8555bf88fc2a65609d00bcabd4d2d94377a727547345cbca?s=96&d=mm&r=g","caption":"Farn\u00e9sio"},"description":"Radialista blogueiro, chegou a Petrolina\/Juazeiro em setembro de 1980, Farn\u00e9sio Silva \u00e9 de Arapiraca-Alagoas.","sameAs":["http:\/\/blogdofarnesio.com.br","https:\/\/www.facebook.com\/?ref=tn_tnmn","https:\/\/www.instagram.com\/?utm_source=pwa_homescreen","https:\/\/youtube.com.br\/"],"url":"https:\/\/blogdofarnesio.com.br\/?author=2"}]}},"_links":{"self":[{"href":"https:\/\/blogdofarnesio.com.br\/index.php?rest_route=\/wp\/v2\/posts\/416991","targetHints":{"allow":["GET"]}}],"collection":[{"href":"https:\/\/blogdofarnesio.com.br\/index.php?rest_route=\/wp\/v2\/posts"}],"about":[{"href":"https:\/\/blogdofarnesio.com.br\/index.php?rest_route=\/wp\/v2\/types\/post"}],"author":[{"embeddable":true,"href":"https:\/\/blogdofarnesio.com.br\/index.php?rest_route=\/wp\/v2\/users\/2"}],"replies":[{"embeddable":true,"href":"https:\/\/blogdofarnesio.com.br\/index.php?rest_route=%2Fwp%2Fv2%2Fcomments&post=416991"}],"version-history":[{"count":1,"href":"https:\/\/blogdofarnesio.com.br\/index.php?rest_route=\/wp\/v2\/posts\/416991\/revisions"}],"predecessor-version":[{"id":416994,"href":"https:\/\/blogdofarnesio.com.br\/index.php?rest_route=\/wp\/v2\/posts\/416991\/revisions\/416994"}],"wp:featuredmedia":[{"embeddable":true,"href":"https:\/\/blogdofarnesio.com.br\/index.php?rest_route=\/wp\/v2\/media\/416993"}],"wp:attachment":[{"href":"https:\/\/blogdofarnesio.com.br\/index.php?rest_route=%2Fwp%2Fv2%2Fmedia&parent=416991"}],"wp:term":[{"taxonomy":"category","embeddable":true,"href":"https:\/\/blogdofarnesio.com.br\/index.php?rest_route=%2Fwp%2Fv2%2Fcategories&post=416991"},{"taxonomy":"post_tag","embeddable":true,"href":"https:\/\/blogdofarnesio.com.br\/index.php?rest_route=%2Fwp%2Fv2%2Ftags&post=416991"}],"curies":[{"name":"wp","href":"https:\/\/api.w.org\/{rel}","templated":true}]}}