{"id":416989,"date":"2026-03-13T09:43:13","date_gmt":"2026-03-13T12:43:13","guid":{"rendered":"https:\/\/blogdofarnesio.com.br\/?p=416989"},"modified":"2026-03-12T16:25:12","modified_gmt":"2026-03-12T19:25:12","slug":"saude-de-juazeiro-informa-alteracao-temporaria-de-funcionamento-da-farmacia-da-familia-iv-nesta-sexta-feira-13","status":"publish","type":"post","link":"https:\/\/blogdofarnesio.com.br\/?p=416989","title":{"rendered":"Saude de Juazeiro informa altera\u00e7\u00e3o tempor\u00e1ria de funcionamento da Farm\u00e1cia da Fam\u00edlia IV nesta sexta-feira (13)"},"content":{"rendered":"<p>A Secretaria Municipal de Sa\u00fade de Juazeiro (Sesau) informa \u00e0 popula\u00e7\u00e3o que a Farm\u00e1cia da Fam\u00edlia IV, situada na Avenida Conjunto Habicional Codevasf 1, bairro Piranga, no CRAS Malhada da Areia, estar\u00e1 com atendimento suspenso pr\u00f3xima sexta-feira (13), em raz\u00e3o da realiza\u00e7\u00e3o de balan\u00e7o interno e invent\u00e1rio.<\/p>\n<p>A medida \u00e9 necess\u00e1ria para a organiza\u00e7\u00e3o e confer\u00eancia dos insumos, garantindo maior seguran\u00e7a e efici\u00eancia nos servi\u00e7os prestados \u00e0 comunidade. O atendimento na unidade ser\u00e1 retomado normalmente a partir da segunda-feira (16).<\/p>\n<p>A Sesau agradece a compreens\u00e3o de todos e refor\u00e7a que a a\u00e7\u00e3o faz parte dos procedimentos rotineiros de controle e gest\u00e3o da assist\u00eancia farmac\u00eautica no munic\u00edpio.<\/p>\n<p>Para outras informa\u00e7\u00f5es, os usu\u00e1rios podem buscar atendimento nas demais unidades da rede municipal: Farm\u00e1cia da Fam\u00edlia III, localizada na Quadra Doze A, bairro Jo\u00e3o Paulo II, na UBS do bairro, e na Farm\u00e1cia da Fam\u00edlia I, situada na BR-235, no bairro Dom Thomaz, em frente \u00e0 UPA.<\/p>\n","protected":false},"excerpt":{"rendered":"<p>A Secretaria Municipal de Sa\u00fade de Juazeiro (Sesau) informa \u00e0 popula\u00e7\u00e3o que a Farm\u00e1cia da Fam\u00edlia IV, situada na Avenida Conjunto Habicional Codevasf 1, bairro Piranga, no CRAS Malhada da Areia, estar\u00e1 com atendimento suspenso pr\u00f3xima sexta-feira (13), em raz\u00e3o da realiza\u00e7\u00e3o de balan\u00e7o interno e invent\u00e1rio. A medida \u00e9 necess\u00e1ria para a organiza\u00e7\u00e3o e confer\u00eancia dos insumos, garantindo maior seguran\u00e7a e efici\u00eancia nos servi\u00e7os prestados \u00e0 comunidade. O atendimento na unidade ser\u00e1 retomado normalmente a partir da segunda-feira (16). A Sesau agradece a compreens\u00e3o de todos e refor\u00e7a que a a\u00e7\u00e3o faz parte dos procedimentos rotineiros de controle e gest\u00e3o da assist\u00eancia farmac\u00eautica no munic\u00edpio. Para outras informa\u00e7\u00f5es, os usu\u00e1rios podem buscar atendimento nas demais unidades da rede municipal:&hellip; <\/p>\n","protected":false},"author":2,"featured_media":175090,"comment_status":"open","ping_status":"open","sticky":false,"template":"","format":"standard","meta":{"_acf_changed":false,"footnotes":""},"categories":[4],"tags":[],"class_list":["post-416989","post","type-post","status-publish","format-standard","has-post-thumbnail","hentry","category-saude"],"acf":[],"yoast_head":"<!-- This site is optimized with the Yoast SEO plugin v27.4 - https:\/\/yoast.com\/product\/yoast-seo-wordpress\/ -->\n<title>Saude de Juazeiro informa altera\u00e7\u00e3o tempor\u00e1ria de funcionamento da Farm\u00e1cia da Fam\u00edlia IV nesta sexta-feira (13) - Blog do Farn\u00e9sio<\/title>\n<meta name=\"robots\" content=\"index, follow, max-snippet:-1, max-image-preview:large, max-video-preview:-1\" \/>\n<link rel=\"canonical\" href=\"https:\/\/blogdofarnesio.com.br\/?p=416989\" \/>\n<meta property=\"og:locale\" content=\"pt_BR\" \/>\n<meta property=\"og:type\" content=\"article\" \/>\n<meta property=\"og:title\" content=\"Saude de Juazeiro informa altera\u00e7\u00e3o tempor\u00e1ria de funcionamento da Farm\u00e1cia da Fam\u00edlia IV nesta sexta-feira (13) - Blog do Farn\u00e9sio\" \/>\n<meta property=\"og:description\" content=\"A Secretaria Municipal de Sa\u00fade de Juazeiro (Sesau) informa \u00e0 popula\u00e7\u00e3o que a Farm\u00e1cia da Fam\u00edlia IV, situada na Avenida Conjunto Habicional Codevasf 1, bairro Piranga, no CRAS Malhada da Areia, estar\u00e1 com atendimento suspenso pr\u00f3xima sexta-feira (13), em raz\u00e3o da realiza\u00e7\u00e3o de balan\u00e7o interno e invent\u00e1rio. A medida \u00e9 necess\u00e1ria para a organiza\u00e7\u00e3o e confer\u00eancia dos insumos, garantindo maior seguran\u00e7a e efici\u00eancia nos servi\u00e7os prestados \u00e0 comunidade. O atendimento na unidade ser\u00e1 retomado normalmente a partir da segunda-feira (16). A Sesau agradece a compreens\u00e3o de todos e refor\u00e7a que a a\u00e7\u00e3o faz parte dos procedimentos rotineiros de controle e gest\u00e3o da assist\u00eancia farmac\u00eautica no munic\u00edpio. Para outras informa\u00e7\u00f5es, os usu\u00e1rios podem buscar atendimento nas demais unidades da rede municipal:&hellip;\" \/>\n<meta property=\"og:url\" content=\"https:\/\/blogdofarnesio.com.br\/?p=416989\" \/>\n<meta property=\"og:site_name\" content=\"Blog do Farn\u00e9sio\" \/>\n<meta property=\"article:publisher\" content=\"https:\/\/www.facebook.com\/BlogQuerSaberPolitica\/\" \/>\n<meta property=\"article:author\" content=\"https:\/\/www.facebook.com\/?ref=tn_tnmn\" \/>\n<meta property=\"article:published_time\" content=\"2026-03-13T12:43:13+00:00\" \/>\n<meta property=\"og:image\" content=\"https:\/\/blogdofarnesio.com.br\/wp-content\/uploads\/2017\/08\/blogqsp-Farm\u00e1cia-da-Fam\u00edlia-4.jpeg\" \/>\n\t<meta property=\"og:image:width\" content=\"638\" \/>\n\t<meta property=\"og:image:height\" content=\"480\" \/>\n\t<meta property=\"og:image:type\" content=\"image\/jpeg\" \/>\n<meta name=\"author\" content=\"Farn\u00e9sio\" \/>\n<meta name=\"twitter:card\" content=\"summary_large_image\" \/>\n<meta name=\"twitter:label1\" content=\"Escrito por\" \/>\n\t<meta name=\"twitter:data1\" content=\"Farn\u00e9sio\" \/>\n\t<meta name=\"twitter:label2\" content=\"Est. tempo de leitura\" \/>\n\t<meta name=\"twitter:data2\" content=\"2 minutos\" \/>\n<script type=\"application\/ld+json\" class=\"yoast-schema-graph\">{\"@context\":\"https:\\\/\\\/schema.org\",\"@graph\":[{\"@type\":\"Article\",\"@id\":\"https:\\\/\\\/blogdofarnesio.com.br\\\/?p=416989#article\",\"isPartOf\":{\"@id\":\"https:\\\/\\\/blogdofarnesio.com.br\\\/?p=416989\"},\"author\":{\"name\":\"Farn\u00e9sio\",\"@id\":\"https:\\\/\\\/blogdofarnesio.com.br\\\/#\\\/schema\\\/person\\\/bb9b23ae3ad0609ce8df7b6c9e76824d\"},\"headline\":\"Saude de Juazeiro informa altera\u00e7\u00e3o tempor\u00e1ria de funcionamento da Farm\u00e1cia da Fam\u00edlia IV nesta sexta-feira (13)\",\"datePublished\":\"2026-03-13T12:43:13+00:00\",\"mainEntityOfPage\":{\"@id\":\"https:\\\/\\\/blogdofarnesio.com.br\\\/?p=416989\"},\"wordCount\":195,\"commentCount\":0,\"publisher\":{\"@id\":\"https:\\\/\\\/blogdofarnesio.com.br\\\/#organization\"},\"image\":{\"@id\":\"https:\\\/\\\/blogdofarnesio.com.br\\\/?p=416989#primaryimage\"},\"thumbnailUrl\":\"https:\\\/\\\/blogdofarnesio.com.br\\\/wp-content\\\/uploads\\\/2017\\\/08\\\/blogqsp-Farm\u00e1cia-da-Fam\u00edlia-4.jpeg\",\"articleSection\":[\"Sa\u00fade\"],\"inLanguage\":\"pt-BR\",\"potentialAction\":[{\"@type\":\"CommentAction\",\"name\":\"Comment\",\"target\":[\"https:\\\/\\\/blogdofarnesio.com.br\\\/?p=416989#respond\"]}]},{\"@type\":\"WebPage\",\"@id\":\"https:\\\/\\\/blogdofarnesio.com.br\\\/?p=416989\",\"url\":\"https:\\\/\\\/blogdofarnesio.com.br\\\/?p=416989\",\"name\":\"Saude de Juazeiro informa altera\u00e7\u00e3o tempor\u00e1ria de funcionamento da Farm\u00e1cia da Fam\u00edlia IV nesta sexta-feira (13) - Blog do Farn\u00e9sio\",\"isPartOf\":{\"@id\":\"https:\\\/\\\/blogdofarnesio.com.br\\\/#website\"},\"primaryImageOfPage\":{\"@id\":\"https:\\\/\\\/blogdofarnesio.com.br\\\/?p=416989#primaryimage\"},\"image\":{\"@id\":\"https:\\\/\\\/blogdofarnesio.com.br\\\/?p=416989#primaryimage\"},\"thumbnailUrl\":\"https:\\\/\\\/blogdofarnesio.com.br\\\/wp-content\\\/uploads\\\/2017\\\/08\\\/blogqsp-Farm\u00e1cia-da-Fam\u00edlia-4.jpeg\",\"datePublished\":\"2026-03-13T12:43:13+00:00\",\"breadcrumb\":{\"@id\":\"https:\\\/\\\/blogdofarnesio.com.br\\\/?p=416989#breadcrumb\"},\"inLanguage\":\"pt-BR\",\"potentialAction\":[{\"@type\":\"ReadAction\",\"target\":[\"https:\\\/\\\/blogdofarnesio.com.br\\\/?p=416989\"]}]},{\"@type\":\"ImageObject\",\"inLanguage\":\"pt-BR\",\"@id\":\"https:\\\/\\\/blogdofarnesio.com.br\\\/?p=416989#primaryimage\",\"url\":\"https:\\\/\\\/blogdofarnesio.com.br\\\/wp-content\\\/uploads\\\/2017\\\/08\\\/blogqsp-Farm\u00e1cia-da-Fam\u00edlia-4.jpeg\",\"contentUrl\":\"https:\\\/\\\/blogdofarnesio.com.br\\\/wp-content\\\/uploads\\\/2017\\\/08\\\/blogqsp-Farm\u00e1cia-da-Fam\u00edlia-4.jpeg\",\"width\":638,\"height\":480},{\"@type\":\"BreadcrumbList\",\"@id\":\"https:\\\/\\\/blogdofarnesio.com.br\\\/?p=416989#breadcrumb\",\"itemListElement\":[{\"@type\":\"ListItem\",\"position\":1,\"name\":\"In\u00edcio\",\"item\":\"https:\\\/\\\/blogdofarnesio.com.br\\\/\"},{\"@type\":\"ListItem\",\"position\":2,\"name\":\"Saude de Juazeiro informa altera\u00e7\u00e3o tempor\u00e1ria de funcionamento da Farm\u00e1cia da Fam\u00edlia IV nesta sexta-feira (13)\"}]},{\"@type\":\"WebSite\",\"@id\":\"https:\\\/\\\/blogdofarnesio.com.br\\\/#website\",\"url\":\"https:\\\/\\\/blogdofarnesio.com.br\\\/\",\"name\":\"Blog do Farn\u00e9sio\",\"description\":\"Quer Saber Pol\u00edtica?\",\"publisher\":{\"@id\":\"https:\\\/\\\/blogdofarnesio.com.br\\\/#organization\"},\"potentialAction\":[{\"@type\":\"SearchAction\",\"target\":{\"@type\":\"EntryPoint\",\"urlTemplate\":\"https:\\\/\\\/blogdofarnesio.com.br\\\/?s={search_term_string}\"},\"query-input\":{\"@type\":\"PropertyValueSpecification\",\"valueRequired\":true,\"valueName\":\"search_term_string\"}}],\"inLanguage\":\"pt-BR\"},{\"@type\":\"Organization\",\"@id\":\"https:\\\/\\\/blogdofarnesio.com.br\\\/#organization\",\"name\":\"Blog do Farn\u00e9sio\",\"url\":\"https:\\\/\\\/blogdofarnesio.com.br\\\/\",\"logo\":{\"@type\":\"ImageObject\",\"inLanguage\":\"pt-BR\",\"@id\":\"https:\\\/\\\/blogdofarnesio.com.br\\\/#\\\/schema\\\/logo\\\/image\\\/\",\"url\":\"https:\\\/\\\/blogdofarnesio.com.br\\\/wp-content\\\/uploads\\\/2026\\\/03\\\/cropped-logo_new-1.png\",\"contentUrl\":\"https:\\\/\\\/blogdofarnesio.com.br\\\/wp-content\\\/uploads\\\/2026\\\/03\\\/cropped-logo_new-1.png\",\"width\":881,\"height\":685,\"caption\":\"Blog do Farn\u00e9sio\"},\"image\":{\"@id\":\"https:\\\/\\\/blogdofarnesio.com.br\\\/#\\\/schema\\\/logo\\\/image\\\/\"},\"sameAs\":[\"https:\\\/\\\/www.facebook.com\\\/BlogQuerSaberPolitica\\\/\"]},{\"@type\":\"Person\",\"@id\":\"https:\\\/\\\/blogdofarnesio.com.br\\\/#\\\/schema\\\/person\\\/bb9b23ae3ad0609ce8df7b6c9e76824d\",\"name\":\"Farn\u00e9sio\",\"image\":{\"@type\":\"ImageObject\",\"inLanguage\":\"pt-BR\",\"@id\":\"https:\\\/\\\/secure.gravatar.com\\\/avatar\\\/986aa4c61ccdb66f8555bf88fc2a65609d00bcabd4d2d94377a727547345cbca?s=96&d=mm&r=g\",\"url\":\"https:\\\/\\\/secure.gravatar.com\\\/avatar\\\/986aa4c61ccdb66f8555bf88fc2a65609d00bcabd4d2d94377a727547345cbca?s=96&d=mm&r=g\",\"contentUrl\":\"https:\\\/\\\/secure.gravatar.com\\\/avatar\\\/986aa4c61ccdb66f8555bf88fc2a65609d00bcabd4d2d94377a727547345cbca?s=96&d=mm&r=g\",\"caption\":\"Farn\u00e9sio\"},\"description\":\"Radialista blogueiro, chegou a Petrolina\\\/Juazeiro em setembro de 1980, Farn\u00e9sio Silva \u00e9 de Arapiraca-Alagoas.\",\"sameAs\":[\"http:\\\/\\\/blogdofarnesio.com.br\",\"https:\\\/\\\/www.facebook.com\\\/?ref=tn_tnmn\",\"https:\\\/\\\/www.instagram.com\\\/?utm_source=pwa_homescreen\",\"https:\\\/\\\/youtube.com.br\\\/\"],\"url\":\"https:\\\/\\\/blogdofarnesio.com.br\\\/?author=2\"}]}<\/script>\n<!-- \/ Yoast SEO plugin. -->","yoast_head_json":{"title":"Saude de Juazeiro informa altera\u00e7\u00e3o tempor\u00e1ria de funcionamento da Farm\u00e1cia da Fam\u00edlia IV nesta sexta-feira (13) - Blog do Farn\u00e9sio","robots":{"index":"index","follow":"follow","max-snippet":"max-snippet:-1","max-image-preview":"max-image-preview:large","max-video-preview":"max-video-preview:-1"},"canonical":"https:\/\/blogdofarnesio.com.br\/?p=416989","og_locale":"pt_BR","og_type":"article","og_title":"Saude de Juazeiro informa altera\u00e7\u00e3o tempor\u00e1ria de funcionamento da Farm\u00e1cia da Fam\u00edlia IV nesta sexta-feira (13) - Blog do Farn\u00e9sio","og_description":"A Secretaria Municipal de Sa\u00fade de Juazeiro (Sesau) informa \u00e0 popula\u00e7\u00e3o que a Farm\u00e1cia da Fam\u00edlia IV, situada na Avenida Conjunto Habicional Codevasf 1, bairro Piranga, no CRAS Malhada da Areia, estar\u00e1 com atendimento suspenso pr\u00f3xima sexta-feira (13), em raz\u00e3o da realiza\u00e7\u00e3o de balan\u00e7o interno e invent\u00e1rio. A medida \u00e9 necess\u00e1ria para a organiza\u00e7\u00e3o e confer\u00eancia dos insumos, garantindo maior seguran\u00e7a e efici\u00eancia nos servi\u00e7os prestados \u00e0 comunidade. O atendimento na unidade ser\u00e1 retomado normalmente a partir da segunda-feira (16). A Sesau agradece a compreens\u00e3o de todos e refor\u00e7a que a a\u00e7\u00e3o faz parte dos procedimentos rotineiros de controle e gest\u00e3o da assist\u00eancia farmac\u00eautica no munic\u00edpio. Para outras informa\u00e7\u00f5es, os usu\u00e1rios podem buscar atendimento nas demais unidades da rede municipal:&hellip;","og_url":"https:\/\/blogdofarnesio.com.br\/?p=416989","og_site_name":"Blog do Farn\u00e9sio","article_publisher":"https:\/\/www.facebook.com\/BlogQuerSaberPolitica\/","article_author":"https:\/\/www.facebook.com\/?ref=tn_tnmn","article_published_time":"2026-03-13T12:43:13+00:00","og_image":[{"width":638,"height":480,"url":"https:\/\/blogdofarnesio.com.br\/wp-content\/uploads\/2017\/08\/blogqsp-Farm\u00e1cia-da-Fam\u00edlia-4.jpeg","type":"image\/jpeg"}],"author":"Farn\u00e9sio","twitter_card":"summary_large_image","twitter_misc":{"Escrito por":"Farn\u00e9sio","Est. tempo de leitura":"2 minutos"},"schema":{"@context":"https:\/\/schema.org","@graph":[{"@type":"Article","@id":"https:\/\/blogdofarnesio.com.br\/?p=416989#article","isPartOf":{"@id":"https:\/\/blogdofarnesio.com.br\/?p=416989"},"author":{"name":"Farn\u00e9sio","@id":"https:\/\/blogdofarnesio.com.br\/#\/schema\/person\/bb9b23ae3ad0609ce8df7b6c9e76824d"},"headline":"Saude de Juazeiro informa altera\u00e7\u00e3o tempor\u00e1ria de funcionamento da Farm\u00e1cia da Fam\u00edlia IV nesta sexta-feira (13)","datePublished":"2026-03-13T12:43:13+00:00","mainEntityOfPage":{"@id":"https:\/\/blogdofarnesio.com.br\/?p=416989"},"wordCount":195,"commentCount":0,"publisher":{"@id":"https:\/\/blogdofarnesio.com.br\/#organization"},"image":{"@id":"https:\/\/blogdofarnesio.com.br\/?p=416989#primaryimage"},"thumbnailUrl":"https:\/\/blogdofarnesio.com.br\/wp-content\/uploads\/2017\/08\/blogqsp-Farm\u00e1cia-da-Fam\u00edlia-4.jpeg","articleSection":["Sa\u00fade"],"inLanguage":"pt-BR","potentialAction":[{"@type":"CommentAction","name":"Comment","target":["https:\/\/blogdofarnesio.com.br\/?p=416989#respond"]}]},{"@type":"WebPage","@id":"https:\/\/blogdofarnesio.com.br\/?p=416989","url":"https:\/\/blogdofarnesio.com.br\/?p=416989","name":"Saude de Juazeiro informa altera\u00e7\u00e3o tempor\u00e1ria de funcionamento da Farm\u00e1cia da Fam\u00edlia IV nesta sexta-feira (13) - Blog do Farn\u00e9sio","isPartOf":{"@id":"https:\/\/blogdofarnesio.com.br\/#website"},"primaryImageOfPage":{"@id":"https:\/\/blogdofarnesio.com.br\/?p=416989#primaryimage"},"image":{"@id":"https:\/\/blogdofarnesio.com.br\/?p=416989#primaryimage"},"thumbnailUrl":"https:\/\/blogdofarnesio.com.br\/wp-content\/uploads\/2017\/08\/blogqsp-Farm\u00e1cia-da-Fam\u00edlia-4.jpeg","datePublished":"2026-03-13T12:43:13+00:00","breadcrumb":{"@id":"https:\/\/blogdofarnesio.com.br\/?p=416989#breadcrumb"},"inLanguage":"pt-BR","potentialAction":[{"@type":"ReadAction","target":["https:\/\/blogdofarnesio.com.br\/?p=416989"]}]},{"@type":"ImageObject","inLanguage":"pt-BR","@id":"https:\/\/blogdofarnesio.com.br\/?p=416989#primaryimage","url":"https:\/\/blogdofarnesio.com.br\/wp-content\/uploads\/2017\/08\/blogqsp-Farm\u00e1cia-da-Fam\u00edlia-4.jpeg","contentUrl":"https:\/\/blogdofarnesio.com.br\/wp-content\/uploads\/2017\/08\/blogqsp-Farm\u00e1cia-da-Fam\u00edlia-4.jpeg","width":638,"height":480},{"@type":"BreadcrumbList","@id":"https:\/\/blogdofarnesio.com.br\/?p=416989#breadcrumb","itemListElement":[{"@type":"ListItem","position":1,"name":"In\u00edcio","item":"https:\/\/blogdofarnesio.com.br\/"},{"@type":"ListItem","position":2,"name":"Saude de Juazeiro informa altera\u00e7\u00e3o tempor\u00e1ria de funcionamento da Farm\u00e1cia da Fam\u00edlia IV nesta sexta-feira (13)"}]},{"@type":"WebSite","@id":"https:\/\/blogdofarnesio.com.br\/#website","url":"https:\/\/blogdofarnesio.com.br\/","name":"Blog do Farn\u00e9sio","description":"Quer Saber Pol\u00edtica?","publisher":{"@id":"https:\/\/blogdofarnesio.com.br\/#organization"},"potentialAction":[{"@type":"SearchAction","target":{"@type":"EntryPoint","urlTemplate":"https:\/\/blogdofarnesio.com.br\/?s={search_term_string}"},"query-input":{"@type":"PropertyValueSpecification","valueRequired":true,"valueName":"search_term_string"}}],"inLanguage":"pt-BR"},{"@type":"Organization","@id":"https:\/\/blogdofarnesio.com.br\/#organization","name":"Blog do Farn\u00e9sio","url":"https:\/\/blogdofarnesio.com.br\/","logo":{"@type":"ImageObject","inLanguage":"pt-BR","@id":"https:\/\/blogdofarnesio.com.br\/#\/schema\/logo\/image\/","url":"https:\/\/blogdofarnesio.com.br\/wp-content\/uploads\/2026\/03\/cropped-logo_new-1.png","contentUrl":"https:\/\/blogdofarnesio.com.br\/wp-content\/uploads\/2026\/03\/cropped-logo_new-1.png","width":881,"height":685,"caption":"Blog do Farn\u00e9sio"},"image":{"@id":"https:\/\/blogdofarnesio.com.br\/#\/schema\/logo\/image\/"},"sameAs":["https:\/\/www.facebook.com\/BlogQuerSaberPolitica\/"]},{"@type":"Person","@id":"https:\/\/blogdofarnesio.com.br\/#\/schema\/person\/bb9b23ae3ad0609ce8df7b6c9e76824d","name":"Farn\u00e9sio","image":{"@type":"ImageObject","inLanguage":"pt-BR","@id":"https:\/\/secure.gravatar.com\/avatar\/986aa4c61ccdb66f8555bf88fc2a65609d00bcabd4d2d94377a727547345cbca?s=96&d=mm&r=g","url":"https:\/\/secure.gravatar.com\/avatar\/986aa4c61ccdb66f8555bf88fc2a65609d00bcabd4d2d94377a727547345cbca?s=96&d=mm&r=g","contentUrl":"https:\/\/secure.gravatar.com\/avatar\/986aa4c61ccdb66f8555bf88fc2a65609d00bcabd4d2d94377a727547345cbca?s=96&d=mm&r=g","caption":"Farn\u00e9sio"},"description":"Radialista blogueiro, chegou a Petrolina\/Juazeiro em setembro de 1980, Farn\u00e9sio Silva \u00e9 de Arapiraca-Alagoas.","sameAs":["http:\/\/blogdofarnesio.com.br","https:\/\/www.facebook.com\/?ref=tn_tnmn","https:\/\/www.instagram.com\/?utm_source=pwa_homescreen","https:\/\/youtube.com.br\/"],"url":"https:\/\/blogdofarnesio.com.br\/?author=2"}]}},"_links":{"self":[{"href":"https:\/\/blogdofarnesio.com.br\/index.php?rest_route=\/wp\/v2\/posts\/416989","targetHints":{"allow":["GET"]}}],"collection":[{"href":"https:\/\/blogdofarnesio.com.br\/index.php?rest_route=\/wp\/v2\/posts"}],"about":[{"href":"https:\/\/blogdofarnesio.com.br\/index.php?rest_route=\/wp\/v2\/types\/post"}],"author":[{"embeddable":true,"href":"https:\/\/blogdofarnesio.com.br\/index.php?rest_route=\/wp\/v2\/users\/2"}],"replies":[{"embeddable":true,"href":"https:\/\/blogdofarnesio.com.br\/index.php?rest_route=%2Fwp%2Fv2%2Fcomments&post=416989"}],"version-history":[{"count":1,"href":"https:\/\/blogdofarnesio.com.br\/index.php?rest_route=\/wp\/v2\/posts\/416989\/revisions"}],"predecessor-version":[{"id":416990,"href":"https:\/\/blogdofarnesio.com.br\/index.php?rest_route=\/wp\/v2\/posts\/416989\/revisions\/416990"}],"wp:featuredmedia":[{"embeddable":true,"href":"https:\/\/blogdofarnesio.com.br\/index.php?rest_route=\/wp\/v2\/media\/175090"}],"wp:attachment":[{"href":"https:\/\/blogdofarnesio.com.br\/index.php?rest_route=%2Fwp%2Fv2%2Fmedia&parent=416989"}],"wp:term":[{"taxonomy":"category","embeddable":true,"href":"https:\/\/blogdofarnesio.com.br\/index.php?rest_route=%2Fwp%2Fv2%2Fcategories&post=416989"},{"taxonomy":"post_tag","embeddable":true,"href":"https:\/\/blogdofarnesio.com.br\/index.php?rest_route=%2Fwp%2Fv2%2Ftags&post=416989"}],"curies":[{"name":"wp","href":"https:\/\/api.w.org\/{rel}","templated":true}]}}