{"id":416977,"date":"2026-03-12T17:33:08","date_gmt":"2026-03-12T20:33:08","guid":{"rendered":"https:\/\/blogdofarnesio.com.br\/?p=416977"},"modified":"2026-03-12T15:31:43","modified_gmt":"2026-03-12T18:31:43","slug":"policia-federal-operacao-extincao-zero-cumpre-mandados-de-prisao-busca-e-apreensao-em-petrolina-e-juazeiro-em-acao-nacional","status":"publish","type":"post","link":"https:\/\/blogdofarnesio.com.br\/2026\/03\/policia-federal-operacao-extincao-zero-cumpre-mandados-de-prisao-busca-e-apreensao-em-petrolina-e-juazeiro-em-acao-nacional\/","title":{"rendered":"Pol\u00edcia Federal Opera\u00e7\u00e3o Extin\u00e7\u00e3o Zero, cumpre mandados de pris\u00e3o, busca e apreens\u00e3o em Petrolina e Juazeiro em a\u00e7\u00e3o nacional"},"content":{"rendered":"<div class=\"sc-b4c8ccf3-0 fsXNOt\"><\/div>\n<div class=\"sc-24c322fd-1 laZqPV\">\n<div class=\"sc-24c322fd-2 dQgbLd\">\n<div class=\"imgCredits\">A opera\u00e7\u00e3o da Pol\u00edcia Federal contra uma organiza\u00e7\u00e3o criminosa transnacional especializada no tr\u00e1fico de animais silvestres amea\u00e7ados de extin\u00e7\u00e3o cumpriu 17 mandados de pris\u00e3o e busca e apreens\u00e3o <a href=\"https:\/\/www.bahianoticias.com.br\/noticia\/314713-pf-cumpre-mandados-de-prisao-em-salvador-durante-operacao-de-combate-ao-trafico-internacional-de-animais\" target=\"_top\" data-mrf-link=\"https:\/\/www.bahianoticias.com.br\/noticia\/314713-pf-cumpre-mandados-de-prisao-em-salvador-durante-operacao-de-combate-ao-trafico-internacional-de-animais\">durante a deflagra\u00e7\u00e3o nesta quinta-feira (12)<\/a>. A Opera\u00e7\u00e3o Extin\u00e7\u00e3o Zero foi realizada nas cidades de Salvador, Juazeiro, Feira de Santana, Lauro de Freitas, Jeremoabo, Irec\u00ea e Vera Cruz.<\/div>\n<\/div>\n<div class=\"sc-24c322fd-3 giHdVV\">\n<p>Al\u00e9m da Bahia, tamb\u00e9m foram cumpridas ordens judiciais nos estados de Pernambuco, Maranh\u00e3o, Piau\u00ed, Par\u00e1 e Tocantins. At\u00e9 o momento, um alvo j\u00e1 estava preso e dois seguem foragidos. Conforme a Pol\u00edcia Federal, um outro suspeito foi detido em flagrante por maus-tratos a animais em Salvador.<\/p>\n<p>A investiga\u00e7\u00e3o teve in\u00edcio ap\u00f3s a apreens\u00e3o, em fevereiro de 2024, no Togo, de um veleiro brasileiro que transportava 17 micos-le\u00f5es-dourados e 12 araras-azuis-de-lear, esp\u00e9cies brasileiras amea\u00e7adas de extin\u00e7\u00e3o. De acordo com a apura\u00e7\u00e3o, os animais teriam sa\u00eddo do Brasil com documenta\u00e7\u00e3o CITES inaut\u00eantica.<\/p>\n<p>As dilig\u00eancias apontam que o grupo possu\u00eda estrutura organizada, com divis\u00e3o de tarefas entre capturadores, financiadores, intermedi\u00e1rios e receptadores. A organiza\u00e7\u00e3o utilizava drones, armamentos, contas banc\u00e1rias interpostas e aplicativos de comunica\u00e7\u00e3o criptografada, al\u00e9m de adotar medidas para dificultar a identifica\u00e7\u00e3o e o rastreamento das atividades il\u00edcitas<\/p>\n<p><em>Confira o balan\u00e7o da Pol\u00edcia Federal na deflagra\u00e7\u00e3o desta quinta:<\/em><\/p>\n<p><strong>Mandados de Busca e Apreens\u00e3o:<\/strong><\/p>\n<ul>\n<li>2 Salvador<\/li>\n<li><strong>3 Juazeiro<\/strong><\/li>\n<li>2 Feira de Santana<\/li>\n<li>1 Lauro de Freitas<\/li>\n<li>1 Jeremoabo<\/li>\n<li>1 Irec\u00ea<\/li>\n<li>1 Vera Cruz<\/li>\n<li><strong>4 Petrolina (PE)<\/strong><\/li>\n<li>1 Araguan\u00e3 (MA)<\/li>\n<li>1 Mirinzal (MA)<\/li>\n<li>1 Picos (PI)<\/li>\n<li>1 Canto do Buriti (PI)<\/li>\n<li>2 Bragan\u00e7a (PA)<\/li>\n<li>1 Capanema (PA)<\/li>\n<\/ul>\n<p><strong>Mandados de Pris\u00e3o:<\/strong><\/p>\n<ul>\n<li><strong>4 Juazeiro<\/strong><\/li>\n<li>1 Feira de Santana<\/li>\n<li>1 Jeremoabo<\/li>\n<li><strong>1 Petrolina (PE)<\/strong><\/li>\n<li>1 Santar\u00e9m (PA)<\/li>\n<li>1 em Araguan\u00e3 (TO)<\/li>\n<\/ul>\n<\/div>\n<\/div>\n","protected":false},"excerpt":{"rendered":"<p>A opera\u00e7\u00e3o da Pol\u00edcia Federal contra uma organiza\u00e7\u00e3o criminosa transnacional especializada no tr\u00e1fico de animais silvestres amea\u00e7ados de extin\u00e7\u00e3o cumpriu 17 mandados de pris\u00e3o e busca e apreens\u00e3o durante a deflagra\u00e7\u00e3o nesta quinta-feira (12). A Opera\u00e7\u00e3o Extin\u00e7\u00e3o Zero foi realizada nas cidades de Salvador, Juazeiro, Feira de Santana, Lauro de Freitas, Jeremoabo, Irec\u00ea e Vera Cruz. Al\u00e9m da Bahia, tamb\u00e9m foram cumpridas ordens judiciais nos estados de Pernambuco, Maranh\u00e3o, Piau\u00ed, Par\u00e1 e Tocantins. At\u00e9 o momento, um alvo j\u00e1 estava preso e dois seguem foragidos. Conforme a Pol\u00edcia Federal, um outro suspeito foi detido em flagrante por maus-tratos a animais em Salvador. A investiga\u00e7\u00e3o teve in\u00edcio ap\u00f3s a apreens\u00e3o, em fevereiro de 2024, no Togo, de um veleiro brasileiro que&hellip; <\/p>\n","protected":false},"author":2,"featured_media":399353,"comment_status":"open","ping_status":"open","sticky":false,"template":"","format":"standard","meta":{"_acf_changed":false,"footnotes":""},"categories":[29],"tags":[],"class_list":["post-416977","post","type-post","status-publish","format-standard","has-post-thumbnail","hentry","category-meio-ambiente"],"acf":[],"yoast_head":"<!-- This site is optimized with the Yoast SEO plugin v27.5 - https:\/\/yoast.com\/product\/yoast-seo-wordpress\/ -->\n<title>Pol\u00edcia Federal Opera\u00e7\u00e3o Extin\u00e7\u00e3o Zero, cumpre mandados de pris\u00e3o, busca e apreens\u00e3o em Petrolina e Juazeiro em a\u00e7\u00e3o nacional - Blog do Farn\u00e9sio<\/title>\n<meta name=\"robots\" content=\"index, follow, max-snippet:-1, max-image-preview:large, max-video-preview:-1\" \/>\n<link rel=\"canonical\" href=\"https:\/\/blogdofarnesio.com.br\/2026\/03\/policia-federal-operacao-extincao-zero-cumpre-mandados-de-prisao-busca-e-apreensao-em-petrolina-e-juazeiro-em-acao-nacional\/\" \/>\n<meta property=\"og:locale\" content=\"pt_BR\" \/>\n<meta property=\"og:type\" content=\"article\" \/>\n<meta property=\"og:title\" content=\"Pol\u00edcia Federal Opera\u00e7\u00e3o Extin\u00e7\u00e3o Zero, cumpre mandados de pris\u00e3o, busca e apreens\u00e3o em Petrolina e Juazeiro em a\u00e7\u00e3o nacional - Blog do Farn\u00e9sio\" \/>\n<meta property=\"og:description\" content=\"A opera\u00e7\u00e3o da Pol\u00edcia Federal contra uma organiza\u00e7\u00e3o criminosa transnacional especializada no tr\u00e1fico de animais silvestres amea\u00e7ados de extin\u00e7\u00e3o cumpriu 17 mandados de pris\u00e3o e busca e apreens\u00e3o durante a deflagra\u00e7\u00e3o nesta quinta-feira (12). A Opera\u00e7\u00e3o Extin\u00e7\u00e3o Zero foi realizada nas cidades de Salvador, Juazeiro, Feira de Santana, Lauro de Freitas, Jeremoabo, Irec\u00ea e Vera Cruz. Al\u00e9m da Bahia, tamb\u00e9m foram cumpridas ordens judiciais nos estados de Pernambuco, Maranh\u00e3o, Piau\u00ed, Par\u00e1 e Tocantins. At\u00e9 o momento, um alvo j\u00e1 estava preso e dois seguem foragidos. Conforme a Pol\u00edcia Federal, um outro suspeito foi detido em flagrante por maus-tratos a animais em Salvador. A investiga\u00e7\u00e3o teve in\u00edcio ap\u00f3s a apreens\u00e3o, em fevereiro de 2024, no Togo, de um veleiro brasileiro que&hellip;\" \/>\n<meta property=\"og:url\" content=\"https:\/\/blogdofarnesio.com.br\/2026\/03\/policia-federal-operacao-extincao-zero-cumpre-mandados-de-prisao-busca-e-apreensao-em-petrolina-e-juazeiro-em-acao-nacional\/\" \/>\n<meta property=\"og:site_name\" content=\"Blog do Farn\u00e9sio\" \/>\n<meta property=\"article:publisher\" content=\"https:\/\/www.facebook.com\/BlogQuerSaberPolitica\/\" \/>\n<meta property=\"article:author\" content=\"https:\/\/www.facebook.com\/?ref=tn_tnmn\" \/>\n<meta property=\"article:published_time\" content=\"2026-03-12T20:33:08+00:00\" \/>\n<meta property=\"og:image\" content=\"https:\/\/blogdofarnesio.com.br\/wp-content\/uploads\/2025\/07\/blogqspjua-ibama-Fiscalizacao-ambiental-scaled-e1753379121497.jpeg\" \/>\n\t<meta property=\"og:image:width\" content=\"560\" \/>\n\t<meta property=\"og:image:height\" content=\"363\" \/>\n\t<meta property=\"og:image:type\" content=\"image\/jpeg\" \/>\n<meta name=\"author\" content=\"Farn\u00e9sio\" \/>\n<meta name=\"twitter:card\" content=\"summary_large_image\" \/>\n<meta name=\"twitter:label1\" content=\"Escrito por\" \/>\n\t<meta name=\"twitter:data1\" content=\"Farn\u00e9sio\" \/>\n\t<meta name=\"twitter:label2\" content=\"Est. tempo de leitura\" \/>\n\t<meta name=\"twitter:data2\" content=\"2 minutos\" \/>\n<script type=\"application\/ld+json\" class=\"yoast-schema-graph\">{\"@context\":\"https:\\\/\\\/schema.org\",\"@graph\":[{\"@type\":\"Article\",\"@id\":\"https:\\\/\\\/blogdofarnesio.com.br\\\/2026\\\/03\\\/policia-federal-operacao-extincao-zero-cumpre-mandados-de-prisao-busca-e-apreensao-em-petrolina-e-juazeiro-em-acao-nacional\\\/#article\",\"isPartOf\":{\"@id\":\"https:\\\/\\\/blogdofarnesio.com.br\\\/2026\\\/03\\\/policia-federal-operacao-extincao-zero-cumpre-mandados-de-prisao-busca-e-apreensao-em-petrolina-e-juazeiro-em-acao-nacional\\\/\"},\"author\":{\"name\":\"Farn\u00e9sio\",\"@id\":\"https:\\\/\\\/blogdofarnesio.com.br\\\/#\\\/schema\\\/person\\\/bb9b23ae3ad0609ce8df7b6c9e76824d\"},\"headline\":\"Pol\u00edcia Federal Opera\u00e7\u00e3o Extin\u00e7\u00e3o Zero, cumpre mandados de pris\u00e3o, busca e apreens\u00e3o em Petrolina e Juazeiro em a\u00e7\u00e3o nacional\",\"datePublished\":\"2026-03-12T20:33:08+00:00\",\"mainEntityOfPage\":{\"@id\":\"https:\\\/\\\/blogdofarnesio.com.br\\\/2026\\\/03\\\/policia-federal-operacao-extincao-zero-cumpre-mandados-de-prisao-busca-e-apreensao-em-petrolina-e-juazeiro-em-acao-nacional\\\/\"},\"wordCount\":314,\"commentCount\":0,\"publisher\":{\"@id\":\"https:\\\/\\\/blogdofarnesio.com.br\\\/#organization\"},\"image\":{\"@id\":\"https:\\\/\\\/blogdofarnesio.com.br\\\/2026\\\/03\\\/policia-federal-operacao-extincao-zero-cumpre-mandados-de-prisao-busca-e-apreensao-em-petrolina-e-juazeiro-em-acao-nacional\\\/#primaryimage\"},\"thumbnailUrl\":\"https:\\\/\\\/blogdofarnesio.com.br\\\/wp-content\\\/uploads\\\/2025\\\/07\\\/blogqspjua-ibama-Fiscalizacao-ambiental-scaled-e1753379121497.jpeg\",\"articleSection\":[\"Meio Ambiente\"],\"inLanguage\":\"pt-BR\",\"potentialAction\":[{\"@type\":\"CommentAction\",\"name\":\"Comment\",\"target\":[\"https:\\\/\\\/blogdofarnesio.com.br\\\/2026\\\/03\\\/policia-federal-operacao-extincao-zero-cumpre-mandados-de-prisao-busca-e-apreensao-em-petrolina-e-juazeiro-em-acao-nacional\\\/#respond\"]}]},{\"@type\":\"WebPage\",\"@id\":\"https:\\\/\\\/blogdofarnesio.com.br\\\/2026\\\/03\\\/policia-federal-operacao-extincao-zero-cumpre-mandados-de-prisao-busca-e-apreensao-em-petrolina-e-juazeiro-em-acao-nacional\\\/\",\"url\":\"https:\\\/\\\/blogdofarnesio.com.br\\\/2026\\\/03\\\/policia-federal-operacao-extincao-zero-cumpre-mandados-de-prisao-busca-e-apreensao-em-petrolina-e-juazeiro-em-acao-nacional\\\/\",\"name\":\"Pol\u00edcia Federal Opera\u00e7\u00e3o Extin\u00e7\u00e3o Zero, cumpre mandados de pris\u00e3o, busca e apreens\u00e3o em Petrolina e Juazeiro em a\u00e7\u00e3o nacional - Blog do Farn\u00e9sio\",\"isPartOf\":{\"@id\":\"https:\\\/\\\/blogdofarnesio.com.br\\\/#website\"},\"primaryImageOfPage\":{\"@id\":\"https:\\\/\\\/blogdofarnesio.com.br\\\/2026\\\/03\\\/policia-federal-operacao-extincao-zero-cumpre-mandados-de-prisao-busca-e-apreensao-em-petrolina-e-juazeiro-em-acao-nacional\\\/#primaryimage\"},\"image\":{\"@id\":\"https:\\\/\\\/blogdofarnesio.com.br\\\/2026\\\/03\\\/policia-federal-operacao-extincao-zero-cumpre-mandados-de-prisao-busca-e-apreensao-em-petrolina-e-juazeiro-em-acao-nacional\\\/#primaryimage\"},\"thumbnailUrl\":\"https:\\\/\\\/blogdofarnesio.com.br\\\/wp-content\\\/uploads\\\/2025\\\/07\\\/blogqspjua-ibama-Fiscalizacao-ambiental-scaled-e1753379121497.jpeg\",\"datePublished\":\"2026-03-12T20:33:08+00:00\",\"breadcrumb\":{\"@id\":\"https:\\\/\\\/blogdofarnesio.com.br\\\/2026\\\/03\\\/policia-federal-operacao-extincao-zero-cumpre-mandados-de-prisao-busca-e-apreensao-em-petrolina-e-juazeiro-em-acao-nacional\\\/#breadcrumb\"},\"inLanguage\":\"pt-BR\",\"potentialAction\":[{\"@type\":\"ReadAction\",\"target\":[\"https:\\\/\\\/blogdofarnesio.com.br\\\/2026\\\/03\\\/policia-federal-operacao-extincao-zero-cumpre-mandados-de-prisao-busca-e-apreensao-em-petrolina-e-juazeiro-em-acao-nacional\\\/\"]}]},{\"@type\":\"ImageObject\",\"inLanguage\":\"pt-BR\",\"@id\":\"https:\\\/\\\/blogdofarnesio.com.br\\\/2026\\\/03\\\/policia-federal-operacao-extincao-zero-cumpre-mandados-de-prisao-busca-e-apreensao-em-petrolina-e-juazeiro-em-acao-nacional\\\/#primaryimage\",\"url\":\"https:\\\/\\\/blogdofarnesio.com.br\\\/wp-content\\\/uploads\\\/2025\\\/07\\\/blogqspjua-ibama-Fiscalizacao-ambiental-scaled-e1753379121497.jpeg\",\"contentUrl\":\"https:\\\/\\\/blogdofarnesio.com.br\\\/wp-content\\\/uploads\\\/2025\\\/07\\\/blogqspjua-ibama-Fiscalizacao-ambiental-scaled-e1753379121497.jpeg\",\"width\":560,\"height\":363},{\"@type\":\"BreadcrumbList\",\"@id\":\"https:\\\/\\\/blogdofarnesio.com.br\\\/2026\\\/03\\\/policia-federal-operacao-extincao-zero-cumpre-mandados-de-prisao-busca-e-apreensao-em-petrolina-e-juazeiro-em-acao-nacional\\\/#breadcrumb\",\"itemListElement\":[{\"@type\":\"ListItem\",\"position\":1,\"name\":\"In\u00edcio\",\"item\":\"https:\\\/\\\/blogdofarnesio.com.br\\\/\"},{\"@type\":\"ListItem\",\"position\":2,\"name\":\"Pol\u00edcia Federal Opera\u00e7\u00e3o Extin\u00e7\u00e3o Zero, cumpre mandados de pris\u00e3o, busca e apreens\u00e3o em Petrolina e Juazeiro em a\u00e7\u00e3o nacional\"}]},{\"@type\":\"WebSite\",\"@id\":\"https:\\\/\\\/blogdofarnesio.com.br\\\/#website\",\"url\":\"https:\\\/\\\/blogdofarnesio.com.br\\\/\",\"name\":\"Blog do Farn\u00e9sio\",\"description\":\"Quer Saber Pol\u00edtica?\",\"publisher\":{\"@id\":\"https:\\\/\\\/blogdofarnesio.com.br\\\/#organization\"},\"potentialAction\":[{\"@type\":\"SearchAction\",\"target\":{\"@type\":\"EntryPoint\",\"urlTemplate\":\"https:\\\/\\\/blogdofarnesio.com.br\\\/?s={search_term_string}\"},\"query-input\":{\"@type\":\"PropertyValueSpecification\",\"valueRequired\":true,\"valueName\":\"search_term_string\"}}],\"inLanguage\":\"pt-BR\"},{\"@type\":\"Organization\",\"@id\":\"https:\\\/\\\/blogdofarnesio.com.br\\\/#organization\",\"name\":\"Blog do Farn\u00e9sio\",\"url\":\"https:\\\/\\\/blogdofarnesio.com.br\\\/\",\"logo\":{\"@type\":\"ImageObject\",\"inLanguage\":\"pt-BR\",\"@id\":\"https:\\\/\\\/blogdofarnesio.com.br\\\/#\\\/schema\\\/logo\\\/image\\\/\",\"url\":\"https:\\\/\\\/blogdofarnesio.com.br\\\/wp-content\\\/uploads\\\/2026\\\/03\\\/cropped-logo_new-1.png\",\"contentUrl\":\"https:\\\/\\\/blogdofarnesio.com.br\\\/wp-content\\\/uploads\\\/2026\\\/03\\\/cropped-logo_new-1.png\",\"width\":881,\"height\":685,\"caption\":\"Blog do Farn\u00e9sio\"},\"image\":{\"@id\":\"https:\\\/\\\/blogdofarnesio.com.br\\\/#\\\/schema\\\/logo\\\/image\\\/\"},\"sameAs\":[\"https:\\\/\\\/www.facebook.com\\\/BlogQuerSaberPolitica\\\/\"]},{\"@type\":\"Person\",\"@id\":\"https:\\\/\\\/blogdofarnesio.com.br\\\/#\\\/schema\\\/person\\\/bb9b23ae3ad0609ce8df7b6c9e76824d\",\"name\":\"Farn\u00e9sio\",\"image\":{\"@type\":\"ImageObject\",\"inLanguage\":\"pt-BR\",\"@id\":\"https:\\\/\\\/secure.gravatar.com\\\/avatar\\\/986aa4c61ccdb66f8555bf88fc2a65609d00bcabd4d2d94377a727547345cbca?s=96&d=mm&r=g\",\"url\":\"https:\\\/\\\/secure.gravatar.com\\\/avatar\\\/986aa4c61ccdb66f8555bf88fc2a65609d00bcabd4d2d94377a727547345cbca?s=96&d=mm&r=g\",\"contentUrl\":\"https:\\\/\\\/secure.gravatar.com\\\/avatar\\\/986aa4c61ccdb66f8555bf88fc2a65609d00bcabd4d2d94377a727547345cbca?s=96&d=mm&r=g\",\"caption\":\"Farn\u00e9sio\"},\"description\":\"Radialista blogueiro, chegou a Petrolina\\\/Juazeiro em setembro de 1980, Farn\u00e9sio Silva \u00e9 de Arapiraca-Alagoas.\",\"sameAs\":[\"http:\\\/\\\/blogdofarnesio.com.br\",\"https:\\\/\\\/www.facebook.com\\\/?ref=tn_tnmn\",\"https:\\\/\\\/www.instagram.com\\\/?utm_source=pwa_homescreen\",\"https:\\\/\\\/youtube.com.br\\\/\"],\"url\":\"https:\\\/\\\/blogdofarnesio.com.br\\\/author\\\/farnesio-2\\\/\"}]}<\/script>\n<!-- \/ Yoast SEO plugin. -->","yoast_head_json":{"title":"Pol\u00edcia Federal Opera\u00e7\u00e3o Extin\u00e7\u00e3o Zero, cumpre mandados de pris\u00e3o, busca e apreens\u00e3o em Petrolina e Juazeiro em a\u00e7\u00e3o nacional - Blog do Farn\u00e9sio","robots":{"index":"index","follow":"follow","max-snippet":"max-snippet:-1","max-image-preview":"max-image-preview:large","max-video-preview":"max-video-preview:-1"},"canonical":"https:\/\/blogdofarnesio.com.br\/2026\/03\/policia-federal-operacao-extincao-zero-cumpre-mandados-de-prisao-busca-e-apreensao-em-petrolina-e-juazeiro-em-acao-nacional\/","og_locale":"pt_BR","og_type":"article","og_title":"Pol\u00edcia Federal Opera\u00e7\u00e3o Extin\u00e7\u00e3o Zero, cumpre mandados de pris\u00e3o, busca e apreens\u00e3o em Petrolina e Juazeiro em a\u00e7\u00e3o nacional - Blog do Farn\u00e9sio","og_description":"A opera\u00e7\u00e3o da Pol\u00edcia Federal contra uma organiza\u00e7\u00e3o criminosa transnacional especializada no tr\u00e1fico de animais silvestres amea\u00e7ados de extin\u00e7\u00e3o cumpriu 17 mandados de pris\u00e3o e busca e apreens\u00e3o durante a deflagra\u00e7\u00e3o nesta quinta-feira (12). A Opera\u00e7\u00e3o Extin\u00e7\u00e3o Zero foi realizada nas cidades de Salvador, Juazeiro, Feira de Santana, Lauro de Freitas, Jeremoabo, Irec\u00ea e Vera Cruz. Al\u00e9m da Bahia, tamb\u00e9m foram cumpridas ordens judiciais nos estados de Pernambuco, Maranh\u00e3o, Piau\u00ed, Par\u00e1 e Tocantins. At\u00e9 o momento, um alvo j\u00e1 estava preso e dois seguem foragidos. Conforme a Pol\u00edcia Federal, um outro suspeito foi detido em flagrante por maus-tratos a animais em Salvador. A investiga\u00e7\u00e3o teve in\u00edcio ap\u00f3s a apreens\u00e3o, em fevereiro de 2024, no Togo, de um veleiro brasileiro que&hellip;","og_url":"https:\/\/blogdofarnesio.com.br\/2026\/03\/policia-federal-operacao-extincao-zero-cumpre-mandados-de-prisao-busca-e-apreensao-em-petrolina-e-juazeiro-em-acao-nacional\/","og_site_name":"Blog do Farn\u00e9sio","article_publisher":"https:\/\/www.facebook.com\/BlogQuerSaberPolitica\/","article_author":"https:\/\/www.facebook.com\/?ref=tn_tnmn","article_published_time":"2026-03-12T20:33:08+00:00","og_image":[{"width":560,"height":363,"url":"https:\/\/blogdofarnesio.com.br\/wp-content\/uploads\/2025\/07\/blogqspjua-ibama-Fiscalizacao-ambiental-scaled-e1753379121497.jpeg","type":"image\/jpeg"}],"author":"Farn\u00e9sio","twitter_card":"summary_large_image","twitter_misc":{"Escrito por":"Farn\u00e9sio","Est. tempo de leitura":"2 minutos"},"schema":{"@context":"https:\/\/schema.org","@graph":[{"@type":"Article","@id":"https:\/\/blogdofarnesio.com.br\/2026\/03\/policia-federal-operacao-extincao-zero-cumpre-mandados-de-prisao-busca-e-apreensao-em-petrolina-e-juazeiro-em-acao-nacional\/#article","isPartOf":{"@id":"https:\/\/blogdofarnesio.com.br\/2026\/03\/policia-federal-operacao-extincao-zero-cumpre-mandados-de-prisao-busca-e-apreensao-em-petrolina-e-juazeiro-em-acao-nacional\/"},"author":{"name":"Farn\u00e9sio","@id":"https:\/\/blogdofarnesio.com.br\/#\/schema\/person\/bb9b23ae3ad0609ce8df7b6c9e76824d"},"headline":"Pol\u00edcia Federal Opera\u00e7\u00e3o Extin\u00e7\u00e3o Zero, cumpre mandados de pris\u00e3o, busca e apreens\u00e3o em Petrolina e Juazeiro em a\u00e7\u00e3o nacional","datePublished":"2026-03-12T20:33:08+00:00","mainEntityOfPage":{"@id":"https:\/\/blogdofarnesio.com.br\/2026\/03\/policia-federal-operacao-extincao-zero-cumpre-mandados-de-prisao-busca-e-apreensao-em-petrolina-e-juazeiro-em-acao-nacional\/"},"wordCount":314,"commentCount":0,"publisher":{"@id":"https:\/\/blogdofarnesio.com.br\/#organization"},"image":{"@id":"https:\/\/blogdofarnesio.com.br\/2026\/03\/policia-federal-operacao-extincao-zero-cumpre-mandados-de-prisao-busca-e-apreensao-em-petrolina-e-juazeiro-em-acao-nacional\/#primaryimage"},"thumbnailUrl":"https:\/\/blogdofarnesio.com.br\/wp-content\/uploads\/2025\/07\/blogqspjua-ibama-Fiscalizacao-ambiental-scaled-e1753379121497.jpeg","articleSection":["Meio Ambiente"],"inLanguage":"pt-BR","potentialAction":[{"@type":"CommentAction","name":"Comment","target":["https:\/\/blogdofarnesio.com.br\/2026\/03\/policia-federal-operacao-extincao-zero-cumpre-mandados-de-prisao-busca-e-apreensao-em-petrolina-e-juazeiro-em-acao-nacional\/#respond"]}]},{"@type":"WebPage","@id":"https:\/\/blogdofarnesio.com.br\/2026\/03\/policia-federal-operacao-extincao-zero-cumpre-mandados-de-prisao-busca-e-apreensao-em-petrolina-e-juazeiro-em-acao-nacional\/","url":"https:\/\/blogdofarnesio.com.br\/2026\/03\/policia-federal-operacao-extincao-zero-cumpre-mandados-de-prisao-busca-e-apreensao-em-petrolina-e-juazeiro-em-acao-nacional\/","name":"Pol\u00edcia Federal Opera\u00e7\u00e3o Extin\u00e7\u00e3o Zero, cumpre mandados de pris\u00e3o, busca e apreens\u00e3o em Petrolina e Juazeiro em a\u00e7\u00e3o nacional - Blog do Farn\u00e9sio","isPartOf":{"@id":"https:\/\/blogdofarnesio.com.br\/#website"},"primaryImageOfPage":{"@id":"https:\/\/blogdofarnesio.com.br\/2026\/03\/policia-federal-operacao-extincao-zero-cumpre-mandados-de-prisao-busca-e-apreensao-em-petrolina-e-juazeiro-em-acao-nacional\/#primaryimage"},"image":{"@id":"https:\/\/blogdofarnesio.com.br\/2026\/03\/policia-federal-operacao-extincao-zero-cumpre-mandados-de-prisao-busca-e-apreensao-em-petrolina-e-juazeiro-em-acao-nacional\/#primaryimage"},"thumbnailUrl":"https:\/\/blogdofarnesio.com.br\/wp-content\/uploads\/2025\/07\/blogqspjua-ibama-Fiscalizacao-ambiental-scaled-e1753379121497.jpeg","datePublished":"2026-03-12T20:33:08+00:00","breadcrumb":{"@id":"https:\/\/blogdofarnesio.com.br\/2026\/03\/policia-federal-operacao-extincao-zero-cumpre-mandados-de-prisao-busca-e-apreensao-em-petrolina-e-juazeiro-em-acao-nacional\/#breadcrumb"},"inLanguage":"pt-BR","potentialAction":[{"@type":"ReadAction","target":["https:\/\/blogdofarnesio.com.br\/2026\/03\/policia-federal-operacao-extincao-zero-cumpre-mandados-de-prisao-busca-e-apreensao-em-petrolina-e-juazeiro-em-acao-nacional\/"]}]},{"@type":"ImageObject","inLanguage":"pt-BR","@id":"https:\/\/blogdofarnesio.com.br\/2026\/03\/policia-federal-operacao-extincao-zero-cumpre-mandados-de-prisao-busca-e-apreensao-em-petrolina-e-juazeiro-em-acao-nacional\/#primaryimage","url":"https:\/\/blogdofarnesio.com.br\/wp-content\/uploads\/2025\/07\/blogqspjua-ibama-Fiscalizacao-ambiental-scaled-e1753379121497.jpeg","contentUrl":"https:\/\/blogdofarnesio.com.br\/wp-content\/uploads\/2025\/07\/blogqspjua-ibama-Fiscalizacao-ambiental-scaled-e1753379121497.jpeg","width":560,"height":363},{"@type":"BreadcrumbList","@id":"https:\/\/blogdofarnesio.com.br\/2026\/03\/policia-federal-operacao-extincao-zero-cumpre-mandados-de-prisao-busca-e-apreensao-em-petrolina-e-juazeiro-em-acao-nacional\/#breadcrumb","itemListElement":[{"@type":"ListItem","position":1,"name":"In\u00edcio","item":"https:\/\/blogdofarnesio.com.br\/"},{"@type":"ListItem","position":2,"name":"Pol\u00edcia Federal Opera\u00e7\u00e3o Extin\u00e7\u00e3o Zero, cumpre mandados de pris\u00e3o, busca e apreens\u00e3o em Petrolina e Juazeiro em a\u00e7\u00e3o nacional"}]},{"@type":"WebSite","@id":"https:\/\/blogdofarnesio.com.br\/#website","url":"https:\/\/blogdofarnesio.com.br\/","name":"Blog do Farn\u00e9sio","description":"Quer Saber Pol\u00edtica?","publisher":{"@id":"https:\/\/blogdofarnesio.com.br\/#organization"},"potentialAction":[{"@type":"SearchAction","target":{"@type":"EntryPoint","urlTemplate":"https:\/\/blogdofarnesio.com.br\/?s={search_term_string}"},"query-input":{"@type":"PropertyValueSpecification","valueRequired":true,"valueName":"search_term_string"}}],"inLanguage":"pt-BR"},{"@type":"Organization","@id":"https:\/\/blogdofarnesio.com.br\/#organization","name":"Blog do Farn\u00e9sio","url":"https:\/\/blogdofarnesio.com.br\/","logo":{"@type":"ImageObject","inLanguage":"pt-BR","@id":"https:\/\/blogdofarnesio.com.br\/#\/schema\/logo\/image\/","url":"https:\/\/blogdofarnesio.com.br\/wp-content\/uploads\/2026\/03\/cropped-logo_new-1.png","contentUrl":"https:\/\/blogdofarnesio.com.br\/wp-content\/uploads\/2026\/03\/cropped-logo_new-1.png","width":881,"height":685,"caption":"Blog do Farn\u00e9sio"},"image":{"@id":"https:\/\/blogdofarnesio.com.br\/#\/schema\/logo\/image\/"},"sameAs":["https:\/\/www.facebook.com\/BlogQuerSaberPolitica\/"]},{"@type":"Person","@id":"https:\/\/blogdofarnesio.com.br\/#\/schema\/person\/bb9b23ae3ad0609ce8df7b6c9e76824d","name":"Farn\u00e9sio","image":{"@type":"ImageObject","inLanguage":"pt-BR","@id":"https:\/\/secure.gravatar.com\/avatar\/986aa4c61ccdb66f8555bf88fc2a65609d00bcabd4d2d94377a727547345cbca?s=96&d=mm&r=g","url":"https:\/\/secure.gravatar.com\/avatar\/986aa4c61ccdb66f8555bf88fc2a65609d00bcabd4d2d94377a727547345cbca?s=96&d=mm&r=g","contentUrl":"https:\/\/secure.gravatar.com\/avatar\/986aa4c61ccdb66f8555bf88fc2a65609d00bcabd4d2d94377a727547345cbca?s=96&d=mm&r=g","caption":"Farn\u00e9sio"},"description":"Radialista blogueiro, chegou a Petrolina\/Juazeiro em setembro de 1980, Farn\u00e9sio Silva \u00e9 de Arapiraca-Alagoas.","sameAs":["http:\/\/blogdofarnesio.com.br","https:\/\/www.facebook.com\/?ref=tn_tnmn","https:\/\/www.instagram.com\/?utm_source=pwa_homescreen","https:\/\/youtube.com.br\/"],"url":"https:\/\/blogdofarnesio.com.br\/author\/farnesio-2\/"}]}},"_links":{"self":[{"href":"https:\/\/blogdofarnesio.com.br\/wp-json\/wp\/v2\/posts\/416977","targetHints":{"allow":["GET"]}}],"collection":[{"href":"https:\/\/blogdofarnesio.com.br\/wp-json\/wp\/v2\/posts"}],"about":[{"href":"https:\/\/blogdofarnesio.com.br\/wp-json\/wp\/v2\/types\/post"}],"author":[{"embeddable":true,"href":"https:\/\/blogdofarnesio.com.br\/wp-json\/wp\/v2\/users\/2"}],"replies":[{"embeddable":true,"href":"https:\/\/blogdofarnesio.com.br\/wp-json\/wp\/v2\/comments?post=416977"}],"version-history":[{"count":2,"href":"https:\/\/blogdofarnesio.com.br\/wp-json\/wp\/v2\/posts\/416977\/revisions"}],"predecessor-version":[{"id":416979,"href":"https:\/\/blogdofarnesio.com.br\/wp-json\/wp\/v2\/posts\/416977\/revisions\/416979"}],"wp:featuredmedia":[{"embeddable":true,"href":"https:\/\/blogdofarnesio.com.br\/wp-json\/wp\/v2\/media\/399353"}],"wp:attachment":[{"href":"https:\/\/blogdofarnesio.com.br\/wp-json\/wp\/v2\/media?parent=416977"}],"wp:term":[{"taxonomy":"category","embeddable":true,"href":"https:\/\/blogdofarnesio.com.br\/wp-json\/wp\/v2\/categories?post=416977"},{"taxonomy":"post_tag","embeddable":true,"href":"https:\/\/blogdofarnesio.com.br\/wp-json\/wp\/v2\/tags?post=416977"}],"curies":[{"name":"wp","href":"https:\/\/api.w.org\/{rel}","templated":true}]}}