{"id":416975,"date":"2026-03-12T17:05:58","date_gmt":"2026-03-12T20:05:58","guid":{"rendered":"https:\/\/blogdofarnesio.com.br\/?p=416975"},"modified":"2026-03-12T15:22:07","modified_gmt":"2026-03-12T18:22:07","slug":"governo-lula-zera-pis-e-cofins-do-diesel-para-conter-alta-de-precos-por-causa-da-guerra-no-ira","status":"publish","type":"post","link":"https:\/\/blogdofarnesio.com.br\/?p=416975","title":{"rendered":"Governo Lula zera PIS e Cofins do diesel para conter alta de pre\u00e7os por causa da guerra no Ir\u00e3"},"content":{"rendered":"<div class=\"td-post-header td-pb-padding-side\"><\/div>\n<div class=\"td-post-content td-pb-padding-side\">\n<div class=\"td-post-featured-image\">\n<figure>O governo do presidente <a href=\"https:\/\/www.metropoles.com\/tag\/lula\">Luiz In\u00e1cio Lula da Silva (PT)<\/a>\u00a0anunciou, nesta quinta-feira (12\/3),\u00a0medidas para reduzir o impacto da guerra no Ir\u00e3 sobre o pre\u00e7o de combust\u00edveis no Brasil. Entre as a\u00e7\u00f5es, o chefe do Planalto assinou um decreto para zerar as al\u00edquotas do PIS e Cofins para o diesel.<\/figure>\n<\/div>\n<p>Tamb\u00e9m foi assinada uma medida provis\u00f3ria (MP) que institui a\u00a0subven\u00e7\u00e3o a produtores e importadores de \u00f3leo diesel, e estabelece uma al\u00edquota de 12% para a exporta\u00e7\u00e3o. Segundo o ministro da Fazenda, Fernando Haddad, as medidas devem reduzir o\u00a0pre\u00e7o nas refinarias em R$ 0,64.<\/p>\n<p>O titular da equipe econ\u00f4mica tamb\u00e9m afirmou que a ren\u00fancia fiscal com a mudan\u00e7a nos impostos federais \u00e9 de R$ 20 bilh\u00f5es, enquanto a subven\u00e7\u00e3o soma R$ 10 bilh\u00f5es. O ministro ressaltou que, do ponto de vista fiscal, a medida \u00e9 neutra.<\/p>\n<p>\u201cIsso n\u00e3o tem impacto fiscal nem a favor, nem contra. Significa dizer que, com os 12% do imposto de exporta\u00e7\u00e3o que entra em vigor hoje, e esperamos que seja um per\u00edodo curto de tempo, h\u00e1 um equil\u00edbrio desse ponto de vista\u201d, destacou Haddad.<\/p>\n<p>Outra medida anunciada foi o aumento da integra\u00e7\u00e3o entre a Ag\u00eancia Nacional de Petr\u00f3leo (ANP) e outros \u00f3rg\u00e3os de fiscaliza\u00e7\u00e3o, para evitar pr\u00e1ticas abusivas e especula\u00e7\u00e3o.<\/p>\n<p>As a\u00e7\u00f5es foram divulgadas em uma entrevista coletiva no Pal\u00e1cio do Planalto, da qual participaram os ministros Rui Costa (Casa Civil), Fernando Haddad (Fazenda), e Alexandre Silveira (Minas e Energia), al\u00e9m do secret\u00e1rio-executivo do Minist\u00e9rio do Desenvolvimento, Ind\u00fastria e Com\u00e9rcio, M\u00e1rcio Elias Rosa.<\/p>\n<\/div>\n","protected":false},"excerpt":{"rendered":"<p>O governo do presidente Luiz In\u00e1cio Lula da Silva (PT)\u00a0anunciou, nesta quinta-feira (12\/3),\u00a0medidas para reduzir o impacto da guerra no Ir\u00e3 sobre o pre\u00e7o de combust\u00edveis no Brasil. Entre as a\u00e7\u00f5es, o chefe do Planalto assinou um decreto para zerar as al\u00edquotas do PIS e Cofins para o diesel. Tamb\u00e9m foi assinada uma medida provis\u00f3ria (MP) que institui a\u00a0subven\u00e7\u00e3o a produtores e importadores de \u00f3leo diesel, e estabelece uma al\u00edquota de 12% para a exporta\u00e7\u00e3o. Segundo o ministro da Fazenda, Fernando Haddad, as medidas devem reduzir o\u00a0pre\u00e7o nas refinarias em R$ 0,64. O titular da equipe econ\u00f4mica tamb\u00e9m afirmou que a ren\u00fancia fiscal com a mudan\u00e7a nos impostos federais \u00e9 de R$ 20 bilh\u00f5es, enquanto a subven\u00e7\u00e3o soma R$ 10&hellip; <\/p>\n","protected":false},"author":2,"featured_media":195439,"comment_status":"open","ping_status":"open","sticky":false,"template":"","format":"standard","meta":{"_acf_changed":false,"footnotes":""},"categories":[20],"tags":[],"class_list":["post-416975","post","type-post","status-publish","format-standard","has-post-thumbnail","hentry","category-economia"],"acf":[],"yoast_head":"<!-- This site is optimized with the Yoast SEO plugin v27.4 - https:\/\/yoast.com\/product\/yoast-seo-wordpress\/ -->\n<title>Governo Lula zera PIS e Cofins do diesel para conter alta de pre\u00e7os por causa da guerra no Ir\u00e3 - Blog do Farn\u00e9sio<\/title>\n<meta name=\"robots\" content=\"index, follow, max-snippet:-1, max-image-preview:large, max-video-preview:-1\" \/>\n<link rel=\"canonical\" href=\"https:\/\/blogdofarnesio.com.br\/?p=416975\" \/>\n<meta property=\"og:locale\" content=\"pt_BR\" \/>\n<meta property=\"og:type\" content=\"article\" \/>\n<meta property=\"og:title\" content=\"Governo Lula zera PIS e Cofins do diesel para conter alta de pre\u00e7os por causa da guerra no Ir\u00e3 - Blog do Farn\u00e9sio\" \/>\n<meta property=\"og:description\" content=\"O governo do presidente Luiz In\u00e1cio Lula da Silva (PT)\u00a0anunciou, nesta quinta-feira (12\/3),\u00a0medidas para reduzir o impacto da guerra no Ir\u00e3 sobre o pre\u00e7o de combust\u00edveis no Brasil. Entre as a\u00e7\u00f5es, o chefe do Planalto assinou um decreto para zerar as al\u00edquotas do PIS e Cofins para o diesel. Tamb\u00e9m foi assinada uma medida provis\u00f3ria (MP) que institui a\u00a0subven\u00e7\u00e3o a produtores e importadores de \u00f3leo diesel, e estabelece uma al\u00edquota de 12% para a exporta\u00e7\u00e3o. Segundo o ministro da Fazenda, Fernando Haddad, as medidas devem reduzir o\u00a0pre\u00e7o nas refinarias em R$ 0,64. O titular da equipe econ\u00f4mica tamb\u00e9m afirmou que a ren\u00fancia fiscal com a mudan\u00e7a nos impostos federais \u00e9 de R$ 20 bilh\u00f5es, enquanto a subven\u00e7\u00e3o soma R$ 10&hellip;\" \/>\n<meta property=\"og:url\" content=\"https:\/\/blogdofarnesio.com.br\/?p=416975\" \/>\n<meta property=\"og:site_name\" content=\"Blog do Farn\u00e9sio\" \/>\n<meta property=\"article:publisher\" content=\"https:\/\/www.facebook.com\/BlogQuerSaberPolitica\/\" \/>\n<meta property=\"article:author\" content=\"https:\/\/www.facebook.com\/?ref=tn_tnmn\" \/>\n<meta property=\"article:published_time\" content=\"2026-03-12T20:05:58+00:00\" \/>\n<meta name=\"author\" content=\"Farn\u00e9sio\" \/>\n<meta name=\"twitter:card\" content=\"summary_large_image\" \/>\n<meta name=\"twitter:label1\" content=\"Escrito por\" \/>\n\t<meta name=\"twitter:data1\" content=\"Farn\u00e9sio\" \/>\n\t<meta name=\"twitter:label2\" content=\"Est. tempo de leitura\" \/>\n\t<meta name=\"twitter:data2\" content=\"2 minutos\" \/>\n<script type=\"application\/ld+json\" class=\"yoast-schema-graph\">{\"@context\":\"https:\\\/\\\/schema.org\",\"@graph\":[{\"@type\":\"Article\",\"@id\":\"https:\\\/\\\/blogdofarnesio.com.br\\\/?p=416975#article\",\"isPartOf\":{\"@id\":\"https:\\\/\\\/blogdofarnesio.com.br\\\/?p=416975\"},\"author\":{\"name\":\"Farn\u00e9sio\",\"@id\":\"https:\\\/\\\/blogdofarnesio.com.br\\\/#\\\/schema\\\/person\\\/bb9b23ae3ad0609ce8df7b6c9e76824d\"},\"headline\":\"Governo Lula zera PIS e Cofins do diesel para conter alta de pre\u00e7os por causa da guerra no Ir\u00e3\",\"datePublished\":\"2026-03-12T20:05:58+00:00\",\"mainEntityOfPage\":{\"@id\":\"https:\\\/\\\/blogdofarnesio.com.br\\\/?p=416975\"},\"wordCount\":299,\"commentCount\":0,\"publisher\":{\"@id\":\"https:\\\/\\\/blogdofarnesio.com.br\\\/#organization\"},\"image\":{\"@id\":\"https:\\\/\\\/blogdofarnesio.com.br\\\/?p=416975#primaryimage\"},\"thumbnailUrl\":\"https:\\\/\\\/blogdofarnesio.com.br\\\/wp-content\\\/uploads\\\/2018\\\/04\\\/blogqspchargecombustivel.bmp\",\"articleSection\":[\"Economia\"],\"inLanguage\":\"pt-BR\",\"potentialAction\":[{\"@type\":\"CommentAction\",\"name\":\"Comment\",\"target\":[\"https:\\\/\\\/blogdofarnesio.com.br\\\/?p=416975#respond\"]}]},{\"@type\":\"WebPage\",\"@id\":\"https:\\\/\\\/blogdofarnesio.com.br\\\/?p=416975\",\"url\":\"https:\\\/\\\/blogdofarnesio.com.br\\\/?p=416975\",\"name\":\"Governo Lula zera PIS e Cofins do diesel para conter alta de pre\u00e7os por causa da guerra no Ir\u00e3 - Blog do Farn\u00e9sio\",\"isPartOf\":{\"@id\":\"https:\\\/\\\/blogdofarnesio.com.br\\\/#website\"},\"primaryImageOfPage\":{\"@id\":\"https:\\\/\\\/blogdofarnesio.com.br\\\/?p=416975#primaryimage\"},\"image\":{\"@id\":\"https:\\\/\\\/blogdofarnesio.com.br\\\/?p=416975#primaryimage\"},\"thumbnailUrl\":\"https:\\\/\\\/blogdofarnesio.com.br\\\/wp-content\\\/uploads\\\/2018\\\/04\\\/blogqspchargecombustivel.bmp\",\"datePublished\":\"2026-03-12T20:05:58+00:00\",\"breadcrumb\":{\"@id\":\"https:\\\/\\\/blogdofarnesio.com.br\\\/?p=416975#breadcrumb\"},\"inLanguage\":\"pt-BR\",\"potentialAction\":[{\"@type\":\"ReadAction\",\"target\":[\"https:\\\/\\\/blogdofarnesio.com.br\\\/?p=416975\"]}]},{\"@type\":\"ImageObject\",\"inLanguage\":\"pt-BR\",\"@id\":\"https:\\\/\\\/blogdofarnesio.com.br\\\/?p=416975#primaryimage\",\"url\":\"https:\\\/\\\/blogdofarnesio.com.br\\\/wp-content\\\/uploads\\\/2018\\\/04\\\/blogqspchargecombustivel.bmp\",\"contentUrl\":\"https:\\\/\\\/blogdofarnesio.com.br\\\/wp-content\\\/uploads\\\/2018\\\/04\\\/blogqspchargecombustivel.bmp\",\"width\":519,\"height\":418},{\"@type\":\"BreadcrumbList\",\"@id\":\"https:\\\/\\\/blogdofarnesio.com.br\\\/?p=416975#breadcrumb\",\"itemListElement\":[{\"@type\":\"ListItem\",\"position\":1,\"name\":\"In\u00edcio\",\"item\":\"https:\\\/\\\/blogdofarnesio.com.br\\\/\"},{\"@type\":\"ListItem\",\"position\":2,\"name\":\"Governo Lula zera PIS e Cofins do diesel para conter alta de pre\u00e7os por causa da guerra no Ir\u00e3\"}]},{\"@type\":\"WebSite\",\"@id\":\"https:\\\/\\\/blogdofarnesio.com.br\\\/#website\",\"url\":\"https:\\\/\\\/blogdofarnesio.com.br\\\/\",\"name\":\"Blog do Farn\u00e9sio\",\"description\":\"Quer Saber Pol\u00edtica?\",\"publisher\":{\"@id\":\"https:\\\/\\\/blogdofarnesio.com.br\\\/#organization\"},\"potentialAction\":[{\"@type\":\"SearchAction\",\"target\":{\"@type\":\"EntryPoint\",\"urlTemplate\":\"https:\\\/\\\/blogdofarnesio.com.br\\\/?s={search_term_string}\"},\"query-input\":{\"@type\":\"PropertyValueSpecification\",\"valueRequired\":true,\"valueName\":\"search_term_string\"}}],\"inLanguage\":\"pt-BR\"},{\"@type\":\"Organization\",\"@id\":\"https:\\\/\\\/blogdofarnesio.com.br\\\/#organization\",\"name\":\"Blog do Farn\u00e9sio\",\"url\":\"https:\\\/\\\/blogdofarnesio.com.br\\\/\",\"logo\":{\"@type\":\"ImageObject\",\"inLanguage\":\"pt-BR\",\"@id\":\"https:\\\/\\\/blogdofarnesio.com.br\\\/#\\\/schema\\\/logo\\\/image\\\/\",\"url\":\"https:\\\/\\\/blogdofarnesio.com.br\\\/wp-content\\\/uploads\\\/2026\\\/03\\\/cropped-logo_new-1.png\",\"contentUrl\":\"https:\\\/\\\/blogdofarnesio.com.br\\\/wp-content\\\/uploads\\\/2026\\\/03\\\/cropped-logo_new-1.png\",\"width\":881,\"height\":685,\"caption\":\"Blog do Farn\u00e9sio\"},\"image\":{\"@id\":\"https:\\\/\\\/blogdofarnesio.com.br\\\/#\\\/schema\\\/logo\\\/image\\\/\"},\"sameAs\":[\"https:\\\/\\\/www.facebook.com\\\/BlogQuerSaberPolitica\\\/\"]},{\"@type\":\"Person\",\"@id\":\"https:\\\/\\\/blogdofarnesio.com.br\\\/#\\\/schema\\\/person\\\/bb9b23ae3ad0609ce8df7b6c9e76824d\",\"name\":\"Farn\u00e9sio\",\"image\":{\"@type\":\"ImageObject\",\"inLanguage\":\"pt-BR\",\"@id\":\"https:\\\/\\\/secure.gravatar.com\\\/avatar\\\/986aa4c61ccdb66f8555bf88fc2a65609d00bcabd4d2d94377a727547345cbca?s=96&d=mm&r=g\",\"url\":\"https:\\\/\\\/secure.gravatar.com\\\/avatar\\\/986aa4c61ccdb66f8555bf88fc2a65609d00bcabd4d2d94377a727547345cbca?s=96&d=mm&r=g\",\"contentUrl\":\"https:\\\/\\\/secure.gravatar.com\\\/avatar\\\/986aa4c61ccdb66f8555bf88fc2a65609d00bcabd4d2d94377a727547345cbca?s=96&d=mm&r=g\",\"caption\":\"Farn\u00e9sio\"},\"description\":\"Radialista blogueiro, chegou a Petrolina\\\/Juazeiro em setembro de 1980, Farn\u00e9sio Silva \u00e9 de Arapiraca-Alagoas.\",\"sameAs\":[\"http:\\\/\\\/blogdofarnesio.com.br\",\"https:\\\/\\\/www.facebook.com\\\/?ref=tn_tnmn\",\"https:\\\/\\\/www.instagram.com\\\/?utm_source=pwa_homescreen\",\"https:\\\/\\\/youtube.com.br\\\/\"],\"url\":\"https:\\\/\\\/blogdofarnesio.com.br\\\/?author=2\"}]}<\/script>\n<!-- \/ Yoast SEO plugin. -->","yoast_head_json":{"title":"Governo Lula zera PIS e Cofins do diesel para conter alta de pre\u00e7os por causa da guerra no Ir\u00e3 - Blog do Farn\u00e9sio","robots":{"index":"index","follow":"follow","max-snippet":"max-snippet:-1","max-image-preview":"max-image-preview:large","max-video-preview":"max-video-preview:-1"},"canonical":"https:\/\/blogdofarnesio.com.br\/?p=416975","og_locale":"pt_BR","og_type":"article","og_title":"Governo Lula zera PIS e Cofins do diesel para conter alta de pre\u00e7os por causa da guerra no Ir\u00e3 - Blog do Farn\u00e9sio","og_description":"O governo do presidente Luiz In\u00e1cio Lula da Silva (PT)\u00a0anunciou, nesta quinta-feira (12\/3),\u00a0medidas para reduzir o impacto da guerra no Ir\u00e3 sobre o pre\u00e7o de combust\u00edveis no Brasil. Entre as a\u00e7\u00f5es, o chefe do Planalto assinou um decreto para zerar as al\u00edquotas do PIS e Cofins para o diesel. Tamb\u00e9m foi assinada uma medida provis\u00f3ria (MP) que institui a\u00a0subven\u00e7\u00e3o a produtores e importadores de \u00f3leo diesel, e estabelece uma al\u00edquota de 12% para a exporta\u00e7\u00e3o. Segundo o ministro da Fazenda, Fernando Haddad, as medidas devem reduzir o\u00a0pre\u00e7o nas refinarias em R$ 0,64. O titular da equipe econ\u00f4mica tamb\u00e9m afirmou que a ren\u00fancia fiscal com a mudan\u00e7a nos impostos federais \u00e9 de R$ 20 bilh\u00f5es, enquanto a subven\u00e7\u00e3o soma R$ 10&hellip;","og_url":"https:\/\/blogdofarnesio.com.br\/?p=416975","og_site_name":"Blog do Farn\u00e9sio","article_publisher":"https:\/\/www.facebook.com\/BlogQuerSaberPolitica\/","article_author":"https:\/\/www.facebook.com\/?ref=tn_tnmn","article_published_time":"2026-03-12T20:05:58+00:00","author":"Farn\u00e9sio","twitter_card":"summary_large_image","twitter_misc":{"Escrito por":"Farn\u00e9sio","Est. tempo de leitura":"2 minutos"},"schema":{"@context":"https:\/\/schema.org","@graph":[{"@type":"Article","@id":"https:\/\/blogdofarnesio.com.br\/?p=416975#article","isPartOf":{"@id":"https:\/\/blogdofarnesio.com.br\/?p=416975"},"author":{"name":"Farn\u00e9sio","@id":"https:\/\/blogdofarnesio.com.br\/#\/schema\/person\/bb9b23ae3ad0609ce8df7b6c9e76824d"},"headline":"Governo Lula zera PIS e Cofins do diesel para conter alta de pre\u00e7os por causa da guerra no Ir\u00e3","datePublished":"2026-03-12T20:05:58+00:00","mainEntityOfPage":{"@id":"https:\/\/blogdofarnesio.com.br\/?p=416975"},"wordCount":299,"commentCount":0,"publisher":{"@id":"https:\/\/blogdofarnesio.com.br\/#organization"},"image":{"@id":"https:\/\/blogdofarnesio.com.br\/?p=416975#primaryimage"},"thumbnailUrl":"https:\/\/blogdofarnesio.com.br\/wp-content\/uploads\/2018\/04\/blogqspchargecombustivel.bmp","articleSection":["Economia"],"inLanguage":"pt-BR","potentialAction":[{"@type":"CommentAction","name":"Comment","target":["https:\/\/blogdofarnesio.com.br\/?p=416975#respond"]}]},{"@type":"WebPage","@id":"https:\/\/blogdofarnesio.com.br\/?p=416975","url":"https:\/\/blogdofarnesio.com.br\/?p=416975","name":"Governo Lula zera PIS e Cofins do diesel para conter alta de pre\u00e7os por causa da guerra no Ir\u00e3 - Blog do Farn\u00e9sio","isPartOf":{"@id":"https:\/\/blogdofarnesio.com.br\/#website"},"primaryImageOfPage":{"@id":"https:\/\/blogdofarnesio.com.br\/?p=416975#primaryimage"},"image":{"@id":"https:\/\/blogdofarnesio.com.br\/?p=416975#primaryimage"},"thumbnailUrl":"https:\/\/blogdofarnesio.com.br\/wp-content\/uploads\/2018\/04\/blogqspchargecombustivel.bmp","datePublished":"2026-03-12T20:05:58+00:00","breadcrumb":{"@id":"https:\/\/blogdofarnesio.com.br\/?p=416975#breadcrumb"},"inLanguage":"pt-BR","potentialAction":[{"@type":"ReadAction","target":["https:\/\/blogdofarnesio.com.br\/?p=416975"]}]},{"@type":"ImageObject","inLanguage":"pt-BR","@id":"https:\/\/blogdofarnesio.com.br\/?p=416975#primaryimage","url":"https:\/\/blogdofarnesio.com.br\/wp-content\/uploads\/2018\/04\/blogqspchargecombustivel.bmp","contentUrl":"https:\/\/blogdofarnesio.com.br\/wp-content\/uploads\/2018\/04\/blogqspchargecombustivel.bmp","width":519,"height":418},{"@type":"BreadcrumbList","@id":"https:\/\/blogdofarnesio.com.br\/?p=416975#breadcrumb","itemListElement":[{"@type":"ListItem","position":1,"name":"In\u00edcio","item":"https:\/\/blogdofarnesio.com.br\/"},{"@type":"ListItem","position":2,"name":"Governo Lula zera PIS e Cofins do diesel para conter alta de pre\u00e7os por causa da guerra no Ir\u00e3"}]},{"@type":"WebSite","@id":"https:\/\/blogdofarnesio.com.br\/#website","url":"https:\/\/blogdofarnesio.com.br\/","name":"Blog do Farn\u00e9sio","description":"Quer Saber Pol\u00edtica?","publisher":{"@id":"https:\/\/blogdofarnesio.com.br\/#organization"},"potentialAction":[{"@type":"SearchAction","target":{"@type":"EntryPoint","urlTemplate":"https:\/\/blogdofarnesio.com.br\/?s={search_term_string}"},"query-input":{"@type":"PropertyValueSpecification","valueRequired":true,"valueName":"search_term_string"}}],"inLanguage":"pt-BR"},{"@type":"Organization","@id":"https:\/\/blogdofarnesio.com.br\/#organization","name":"Blog do Farn\u00e9sio","url":"https:\/\/blogdofarnesio.com.br\/","logo":{"@type":"ImageObject","inLanguage":"pt-BR","@id":"https:\/\/blogdofarnesio.com.br\/#\/schema\/logo\/image\/","url":"https:\/\/blogdofarnesio.com.br\/wp-content\/uploads\/2026\/03\/cropped-logo_new-1.png","contentUrl":"https:\/\/blogdofarnesio.com.br\/wp-content\/uploads\/2026\/03\/cropped-logo_new-1.png","width":881,"height":685,"caption":"Blog do Farn\u00e9sio"},"image":{"@id":"https:\/\/blogdofarnesio.com.br\/#\/schema\/logo\/image\/"},"sameAs":["https:\/\/www.facebook.com\/BlogQuerSaberPolitica\/"]},{"@type":"Person","@id":"https:\/\/blogdofarnesio.com.br\/#\/schema\/person\/bb9b23ae3ad0609ce8df7b6c9e76824d","name":"Farn\u00e9sio","image":{"@type":"ImageObject","inLanguage":"pt-BR","@id":"https:\/\/secure.gravatar.com\/avatar\/986aa4c61ccdb66f8555bf88fc2a65609d00bcabd4d2d94377a727547345cbca?s=96&d=mm&r=g","url":"https:\/\/secure.gravatar.com\/avatar\/986aa4c61ccdb66f8555bf88fc2a65609d00bcabd4d2d94377a727547345cbca?s=96&d=mm&r=g","contentUrl":"https:\/\/secure.gravatar.com\/avatar\/986aa4c61ccdb66f8555bf88fc2a65609d00bcabd4d2d94377a727547345cbca?s=96&d=mm&r=g","caption":"Farn\u00e9sio"},"description":"Radialista blogueiro, chegou a Petrolina\/Juazeiro em setembro de 1980, Farn\u00e9sio Silva \u00e9 de Arapiraca-Alagoas.","sameAs":["http:\/\/blogdofarnesio.com.br","https:\/\/www.facebook.com\/?ref=tn_tnmn","https:\/\/www.instagram.com\/?utm_source=pwa_homescreen","https:\/\/youtube.com.br\/"],"url":"https:\/\/blogdofarnesio.com.br\/?author=2"}]}},"_links":{"self":[{"href":"https:\/\/blogdofarnesio.com.br\/index.php?rest_route=\/wp\/v2\/posts\/416975","targetHints":{"allow":["GET"]}}],"collection":[{"href":"https:\/\/blogdofarnesio.com.br\/index.php?rest_route=\/wp\/v2\/posts"}],"about":[{"href":"https:\/\/blogdofarnesio.com.br\/index.php?rest_route=\/wp\/v2\/types\/post"}],"author":[{"embeddable":true,"href":"https:\/\/blogdofarnesio.com.br\/index.php?rest_route=\/wp\/v2\/users\/2"}],"replies":[{"embeddable":true,"href":"https:\/\/blogdofarnesio.com.br\/index.php?rest_route=%2Fwp%2Fv2%2Fcomments&post=416975"}],"version-history":[{"count":1,"href":"https:\/\/blogdofarnesio.com.br\/index.php?rest_route=\/wp\/v2\/posts\/416975\/revisions"}],"predecessor-version":[{"id":416976,"href":"https:\/\/blogdofarnesio.com.br\/index.php?rest_route=\/wp\/v2\/posts\/416975\/revisions\/416976"}],"wp:featuredmedia":[{"embeddable":true,"href":"https:\/\/blogdofarnesio.com.br\/index.php?rest_route=\/wp\/v2\/media\/195439"}],"wp:attachment":[{"href":"https:\/\/blogdofarnesio.com.br\/index.php?rest_route=%2Fwp%2Fv2%2Fmedia&parent=416975"}],"wp:term":[{"taxonomy":"category","embeddable":true,"href":"https:\/\/blogdofarnesio.com.br\/index.php?rest_route=%2Fwp%2Fv2%2Fcategories&post=416975"},{"taxonomy":"post_tag","embeddable":true,"href":"https:\/\/blogdofarnesio.com.br\/index.php?rest_route=%2Fwp%2Fv2%2Ftags&post=416975"}],"curies":[{"name":"wp","href":"https:\/\/api.w.org\/{rel}","templated":true}]}}