{"id":416972,"date":"2026-03-15T09:01:59","date_gmt":"2026-03-15T12:01:59","guid":{"rendered":"https:\/\/blogdofarnesio.com.br\/?p=416972"},"modified":"2026-03-14T10:55:18","modified_gmt":"2026-03-14T13:55:18","slug":"juazeiro-por-meio-da-autarquia-municipal-de-transito-e-transporte-amtt-convoca-os-taxistas-e-mototaxistas-que-atuam-no-municipio-para-realizarem-a-vistoria-anual-obrigatoria","status":"publish","type":"post","link":"https:\/\/blogdofarnesio.com.br\/2026\/03\/juazeiro-por-meio-da-autarquia-municipal-de-transito-e-transporte-amtt-convoca-os-taxistas-e-mototaxistas-que-atuam-no-municipio-para-realizarem-a-vistoria-anual-obrigatoria\/","title":{"rendered":"AMTT convoca os taxistas e mototaxistas de Juazeiro para realizarem a vistoria anual obrigat\u00f3ria. Veja o calend\u00e1rio"},"content":{"rendered":"<p>A a\u00e7\u00e3o tem como objetivo garantir mais seguran\u00e7a e conforto para os profissionais e para a popula\u00e7\u00e3o que utiliza diariamente esses meios de transporte. Al\u00e9m disso, a vistoria assegura que os permission\u00e1rios estejam em conformidade com a legisla\u00e7\u00e3o que regulamenta o transporte individual de passageiros. O procedimento \u00e9 requisito fundamental para a emiss\u00e3o do Alvar\u00e1 2026.<\/p>\n<p>O atendimento ser\u00e1 realizado na sede da AMTT, localizada na Rua Oscar Ribeiro, s\/n\u00ba, Centro da cidade. No local, o permission\u00e1rio dever\u00e1 entregar a documenta\u00e7\u00e3o e realizar o agendamento da vistoria.<\/p>\n<p>A Lei Federal n\u00ba 12.468\/2011 regulamenta a profiss\u00e3o de taxista no Brasil, definindo-a como servi\u00e7o de transporte p\u00fablico individual remunerado. Para exercer essa atividade no munic\u00edpio, o permission\u00e1rio deve estar devidamente regularizado junto \u00e0 Prefeitura de Juazeiro.<\/p>\n<p><strong>Os taxistas t\u00eam at\u00e9 o dia 17 de abril para realizar a vistoria e devem apresentar os seguintes documentos:<\/strong><\/p>\n<p>\u2022 CNH categoria B<br \/>\n\u2022 Comprovante de resid\u00eancia<br \/>\n\u2022 Documento anual do ve\u00edculo<br \/>\n\u2022 Atestado de antecedentes criminais<br \/>\n\u2022 2 fotos 3&#215;4<br \/>\n\u2022 Nada consta na CNHA atividade de mototaxista \u00e9 regulamentada pela Lei Federal n\u00ba 12.009\/2009. Um dos principais requisitos \u00e9 a realiza\u00e7\u00e3o do curso de especializa\u00e7\u00e3o para mototaxistas, exigido pelo Conselho Nacional de Tr\u00e2nsito (Contran), que capacita os profissionais com foco na seguran\u00e7a vi\u00e1ria e na responsabilidade no tr\u00e2nsito.<\/p>\n<p>Com o mototaxista devidamente credenciado, aumenta significativamente a seguran\u00e7a do passageiro, pois garante que o condutor e o ve\u00edculo atendam aos requisitos exigidos pela legisla\u00e7\u00e3o.<\/p>\n<p><strong>Os mototaxistas t\u00eam at\u00e9 o dia 30 de abril para realizar a vistoria e devem apresentar os seguintes documentos:<\/strong><\/p>\n<p>\u2022 CNH categoria A<br \/>\n\u2022 Comprovante de resid\u00eancia<br \/>\n\u2022 Documento anual do ve\u00edculo<br \/>\n\u2022 Atestado de antecedentes criminais<br \/>\n\u2022 2 fotos 3&#215;4<br \/>\n\u2022 Nada consta na CNH<br \/>\n\u2022 Atestado de sanidade mental<\/p>\n<div>\u2022 Certificado do curso de transporte remunerado de passageiros.<\/div>\n<div><\/div>\n<div>Texto: M\u00e1rcio Reges &#8211; ASCOM PMJ<\/div>\n","protected":false},"excerpt":{"rendered":"<p>A a\u00e7\u00e3o tem como objetivo garantir mais seguran\u00e7a e conforto para os profissionais e para a popula\u00e7\u00e3o que utiliza diariamente esses meios de transporte. Al\u00e9m disso, a vistoria assegura que os permission\u00e1rios estejam em conformidade com a legisla\u00e7\u00e3o que regulamenta o transporte individual de passageiros. O procedimento \u00e9 requisito fundamental para a emiss\u00e3o do Alvar\u00e1 2026. O atendimento ser\u00e1 realizado na sede da AMTT, localizada na Rua Oscar Ribeiro, s\/n\u00ba, Centro da cidade. No local, o permission\u00e1rio dever\u00e1 entregar a documenta\u00e7\u00e3o e realizar o agendamento da vistoria. A Lei Federal n\u00ba 12.468\/2011 regulamenta a profiss\u00e3o de taxista no Brasil, definindo-a como servi\u00e7o de transporte p\u00fablico individual remunerado. Para exercer essa atividade no munic\u00edpio, o permission\u00e1rio deve estar devidamente regularizado junto&hellip; <\/p>\n","protected":false},"author":2,"featured_media":251488,"comment_status":"open","ping_status":"open","sticky":false,"template":"","format":"standard","meta":{"_acf_changed":false,"footnotes":""},"categories":[21],"tags":[],"class_list":["post-416972","post","type-post","status-publish","format-standard","has-post-thumbnail","hentry","category-transito"],"acf":[],"yoast_head":"<!-- This site is optimized with the Yoast SEO plugin v27.5 - https:\/\/yoast.com\/product\/yoast-seo-wordpress\/ -->\n<title>AMTT convoca os taxistas e mototaxistas de Juazeiro para realizarem a vistoria anual obrigat\u00f3ria. Veja o calend\u00e1rio - Blog do Farn\u00e9sio<\/title>\n<meta name=\"robots\" content=\"index, follow, max-snippet:-1, max-image-preview:large, max-video-preview:-1\" \/>\n<link rel=\"canonical\" href=\"https:\/\/blogdofarnesio.com.br\/2026\/03\/juazeiro-por-meio-da-autarquia-municipal-de-transito-e-transporte-amtt-convoca-os-taxistas-e-mototaxistas-que-atuam-no-municipio-para-realizarem-a-vistoria-anual-obrigatoria\/\" \/>\n<meta property=\"og:locale\" content=\"pt_BR\" \/>\n<meta property=\"og:type\" content=\"article\" \/>\n<meta property=\"og:title\" content=\"AMTT convoca os taxistas e mototaxistas de Juazeiro para realizarem a vistoria anual obrigat\u00f3ria. Veja o calend\u00e1rio - Blog do Farn\u00e9sio\" \/>\n<meta property=\"og:description\" content=\"A a\u00e7\u00e3o tem como objetivo garantir mais seguran\u00e7a e conforto para os profissionais e para a popula\u00e7\u00e3o que utiliza diariamente esses meios de transporte. Al\u00e9m disso, a vistoria assegura que os permission\u00e1rios estejam em conformidade com a legisla\u00e7\u00e3o que regulamenta o transporte individual de passageiros. O procedimento \u00e9 requisito fundamental para a emiss\u00e3o do Alvar\u00e1 2026. O atendimento ser\u00e1 realizado na sede da AMTT, localizada na Rua Oscar Ribeiro, s\/n\u00ba, Centro da cidade. No local, o permission\u00e1rio dever\u00e1 entregar a documenta\u00e7\u00e3o e realizar o agendamento da vistoria. A Lei Federal n\u00ba 12.468\/2011 regulamenta a profiss\u00e3o de taxista no Brasil, definindo-a como servi\u00e7o de transporte p\u00fablico individual remunerado. Para exercer essa atividade no munic\u00edpio, o permission\u00e1rio deve estar devidamente regularizado junto&hellip;\" \/>\n<meta property=\"og:url\" content=\"https:\/\/blogdofarnesio.com.br\/2026\/03\/juazeiro-por-meio-da-autarquia-municipal-de-transito-e-transporte-amtt-convoca-os-taxistas-e-mototaxistas-que-atuam-no-municipio-para-realizarem-a-vistoria-anual-obrigatoria\/\" \/>\n<meta property=\"og:site_name\" content=\"Blog do Farn\u00e9sio\" \/>\n<meta property=\"article:publisher\" content=\"https:\/\/www.facebook.com\/BlogQuerSaberPolitica\/\" \/>\n<meta property=\"article:author\" content=\"https:\/\/www.facebook.com\/?ref=tn_tnmn\" \/>\n<meta property=\"article:published_time\" content=\"2026-03-15T12:01:59+00:00\" \/>\n<meta property=\"og:image\" content=\"https:\/\/blogdofarnesio.com.br\/wp-content\/uploads\/2020\/03\/blogqspjua-Vistoria-t\u00e1xi-e-motot\u00e1xi-e1583169551876.jpeg\" \/>\n\t<meta property=\"og:image:width\" content=\"623\" \/>\n\t<meta property=\"og:image:height\" content=\"393\" \/>\n\t<meta property=\"og:image:type\" content=\"image\/jpeg\" \/>\n<meta name=\"author\" content=\"Farn\u00e9sio\" \/>\n<meta name=\"twitter:card\" content=\"summary_large_image\" \/>\n<meta name=\"twitter:label1\" content=\"Escrito por\" \/>\n\t<meta name=\"twitter:data1\" content=\"Farn\u00e9sio\" \/>\n\t<meta name=\"twitter:label2\" content=\"Est. tempo de leitura\" \/>\n\t<meta name=\"twitter:data2\" content=\"2 minutos\" \/>\n<script type=\"application\/ld+json\" class=\"yoast-schema-graph\">{\"@context\":\"https:\\\/\\\/schema.org\",\"@graph\":[{\"@type\":\"Article\",\"@id\":\"https:\\\/\\\/blogdofarnesio.com.br\\\/2026\\\/03\\\/juazeiro-por-meio-da-autarquia-municipal-de-transito-e-transporte-amtt-convoca-os-taxistas-e-mototaxistas-que-atuam-no-municipio-para-realizarem-a-vistoria-anual-obrigatoria\\\/#article\",\"isPartOf\":{\"@id\":\"https:\\\/\\\/blogdofarnesio.com.br\\\/2026\\\/03\\\/juazeiro-por-meio-da-autarquia-municipal-de-transito-e-transporte-amtt-convoca-os-taxistas-e-mototaxistas-que-atuam-no-municipio-para-realizarem-a-vistoria-anual-obrigatoria\\\/\"},\"author\":{\"name\":\"Farn\u00e9sio\",\"@id\":\"https:\\\/\\\/blogdofarnesio.com.br\\\/#\\\/schema\\\/person\\\/bb9b23ae3ad0609ce8df7b6c9e76824d\"},\"headline\":\"AMTT convoca os taxistas e mototaxistas de Juazeiro para realizarem a vistoria anual obrigat\u00f3ria. Veja o calend\u00e1rio\",\"datePublished\":\"2026-03-15T12:01:59+00:00\",\"mainEntityOfPage\":{\"@id\":\"https:\\\/\\\/blogdofarnesio.com.br\\\/2026\\\/03\\\/juazeiro-por-meio-da-autarquia-municipal-de-transito-e-transporte-amtt-convoca-os-taxistas-e-mototaxistas-que-atuam-no-municipio-para-realizarem-a-vistoria-anual-obrigatoria\\\/\"},\"wordCount\":330,\"commentCount\":0,\"publisher\":{\"@id\":\"https:\\\/\\\/blogdofarnesio.com.br\\\/#organization\"},\"image\":{\"@id\":\"https:\\\/\\\/blogdofarnesio.com.br\\\/2026\\\/03\\\/juazeiro-por-meio-da-autarquia-municipal-de-transito-e-transporte-amtt-convoca-os-taxistas-e-mototaxistas-que-atuam-no-municipio-para-realizarem-a-vistoria-anual-obrigatoria\\\/#primaryimage\"},\"thumbnailUrl\":\"https:\\\/\\\/blogdofarnesio.com.br\\\/wp-content\\\/uploads\\\/2020\\\/03\\\/blogqspjua-Vistoria-t\u00e1xi-e-motot\u00e1xi-e1583169551876.jpeg\",\"articleSection\":[\"Tr\u00e2nsito\"],\"inLanguage\":\"pt-BR\",\"potentialAction\":[{\"@type\":\"CommentAction\",\"name\":\"Comment\",\"target\":[\"https:\\\/\\\/blogdofarnesio.com.br\\\/2026\\\/03\\\/juazeiro-por-meio-da-autarquia-municipal-de-transito-e-transporte-amtt-convoca-os-taxistas-e-mototaxistas-que-atuam-no-municipio-para-realizarem-a-vistoria-anual-obrigatoria\\\/#respond\"]}]},{\"@type\":\"WebPage\",\"@id\":\"https:\\\/\\\/blogdofarnesio.com.br\\\/2026\\\/03\\\/juazeiro-por-meio-da-autarquia-municipal-de-transito-e-transporte-amtt-convoca-os-taxistas-e-mototaxistas-que-atuam-no-municipio-para-realizarem-a-vistoria-anual-obrigatoria\\\/\",\"url\":\"https:\\\/\\\/blogdofarnesio.com.br\\\/2026\\\/03\\\/juazeiro-por-meio-da-autarquia-municipal-de-transito-e-transporte-amtt-convoca-os-taxistas-e-mototaxistas-que-atuam-no-municipio-para-realizarem-a-vistoria-anual-obrigatoria\\\/\",\"name\":\"AMTT convoca os taxistas e mototaxistas de Juazeiro para realizarem a vistoria anual obrigat\u00f3ria. Veja o calend\u00e1rio - Blog do Farn\u00e9sio\",\"isPartOf\":{\"@id\":\"https:\\\/\\\/blogdofarnesio.com.br\\\/#website\"},\"primaryImageOfPage\":{\"@id\":\"https:\\\/\\\/blogdofarnesio.com.br\\\/2026\\\/03\\\/juazeiro-por-meio-da-autarquia-municipal-de-transito-e-transporte-amtt-convoca-os-taxistas-e-mototaxistas-que-atuam-no-municipio-para-realizarem-a-vistoria-anual-obrigatoria\\\/#primaryimage\"},\"image\":{\"@id\":\"https:\\\/\\\/blogdofarnesio.com.br\\\/2026\\\/03\\\/juazeiro-por-meio-da-autarquia-municipal-de-transito-e-transporte-amtt-convoca-os-taxistas-e-mototaxistas-que-atuam-no-municipio-para-realizarem-a-vistoria-anual-obrigatoria\\\/#primaryimage\"},\"thumbnailUrl\":\"https:\\\/\\\/blogdofarnesio.com.br\\\/wp-content\\\/uploads\\\/2020\\\/03\\\/blogqspjua-Vistoria-t\u00e1xi-e-motot\u00e1xi-e1583169551876.jpeg\",\"datePublished\":\"2026-03-15T12:01:59+00:00\",\"breadcrumb\":{\"@id\":\"https:\\\/\\\/blogdofarnesio.com.br\\\/2026\\\/03\\\/juazeiro-por-meio-da-autarquia-municipal-de-transito-e-transporte-amtt-convoca-os-taxistas-e-mototaxistas-que-atuam-no-municipio-para-realizarem-a-vistoria-anual-obrigatoria\\\/#breadcrumb\"},\"inLanguage\":\"pt-BR\",\"potentialAction\":[{\"@type\":\"ReadAction\",\"target\":[\"https:\\\/\\\/blogdofarnesio.com.br\\\/2026\\\/03\\\/juazeiro-por-meio-da-autarquia-municipal-de-transito-e-transporte-amtt-convoca-os-taxistas-e-mototaxistas-que-atuam-no-municipio-para-realizarem-a-vistoria-anual-obrigatoria\\\/\"]}]},{\"@type\":\"ImageObject\",\"inLanguage\":\"pt-BR\",\"@id\":\"https:\\\/\\\/blogdofarnesio.com.br\\\/2026\\\/03\\\/juazeiro-por-meio-da-autarquia-municipal-de-transito-e-transporte-amtt-convoca-os-taxistas-e-mototaxistas-que-atuam-no-municipio-para-realizarem-a-vistoria-anual-obrigatoria\\\/#primaryimage\",\"url\":\"https:\\\/\\\/blogdofarnesio.com.br\\\/wp-content\\\/uploads\\\/2020\\\/03\\\/blogqspjua-Vistoria-t\u00e1xi-e-motot\u00e1xi-e1583169551876.jpeg\",\"contentUrl\":\"https:\\\/\\\/blogdofarnesio.com.br\\\/wp-content\\\/uploads\\\/2020\\\/03\\\/blogqspjua-Vistoria-t\u00e1xi-e-motot\u00e1xi-e1583169551876.jpeg\",\"width\":623,\"height\":393,\"caption\":\"Imagem Ilustrativa\"},{\"@type\":\"BreadcrumbList\",\"@id\":\"https:\\\/\\\/blogdofarnesio.com.br\\\/2026\\\/03\\\/juazeiro-por-meio-da-autarquia-municipal-de-transito-e-transporte-amtt-convoca-os-taxistas-e-mototaxistas-que-atuam-no-municipio-para-realizarem-a-vistoria-anual-obrigatoria\\\/#breadcrumb\",\"itemListElement\":[{\"@type\":\"ListItem\",\"position\":1,\"name\":\"In\u00edcio\",\"item\":\"https:\\\/\\\/blogdofarnesio.com.br\\\/\"},{\"@type\":\"ListItem\",\"position\":2,\"name\":\"AMTT convoca os taxistas e mototaxistas de Juazeiro para realizarem a vistoria anual obrigat\u00f3ria. Veja o calend\u00e1rio\"}]},{\"@type\":\"WebSite\",\"@id\":\"https:\\\/\\\/blogdofarnesio.com.br\\\/#website\",\"url\":\"https:\\\/\\\/blogdofarnesio.com.br\\\/\",\"name\":\"Blog do Farn\u00e9sio\",\"description\":\"Quer Saber Pol\u00edtica?\",\"publisher\":{\"@id\":\"https:\\\/\\\/blogdofarnesio.com.br\\\/#organization\"},\"potentialAction\":[{\"@type\":\"SearchAction\",\"target\":{\"@type\":\"EntryPoint\",\"urlTemplate\":\"https:\\\/\\\/blogdofarnesio.com.br\\\/?s={search_term_string}\"},\"query-input\":{\"@type\":\"PropertyValueSpecification\",\"valueRequired\":true,\"valueName\":\"search_term_string\"}}],\"inLanguage\":\"pt-BR\"},{\"@type\":\"Organization\",\"@id\":\"https:\\\/\\\/blogdofarnesio.com.br\\\/#organization\",\"name\":\"Blog do Farn\u00e9sio\",\"url\":\"https:\\\/\\\/blogdofarnesio.com.br\\\/\",\"logo\":{\"@type\":\"ImageObject\",\"inLanguage\":\"pt-BR\",\"@id\":\"https:\\\/\\\/blogdofarnesio.com.br\\\/#\\\/schema\\\/logo\\\/image\\\/\",\"url\":\"https:\\\/\\\/blogdofarnesio.com.br\\\/wp-content\\\/uploads\\\/2026\\\/03\\\/cropped-logo_new-1.png\",\"contentUrl\":\"https:\\\/\\\/blogdofarnesio.com.br\\\/wp-content\\\/uploads\\\/2026\\\/03\\\/cropped-logo_new-1.png\",\"width\":881,\"height\":685,\"caption\":\"Blog do Farn\u00e9sio\"},\"image\":{\"@id\":\"https:\\\/\\\/blogdofarnesio.com.br\\\/#\\\/schema\\\/logo\\\/image\\\/\"},\"sameAs\":[\"https:\\\/\\\/www.facebook.com\\\/BlogQuerSaberPolitica\\\/\"]},{\"@type\":\"Person\",\"@id\":\"https:\\\/\\\/blogdofarnesio.com.br\\\/#\\\/schema\\\/person\\\/bb9b23ae3ad0609ce8df7b6c9e76824d\",\"name\":\"Farn\u00e9sio\",\"image\":{\"@type\":\"ImageObject\",\"inLanguage\":\"pt-BR\",\"@id\":\"https:\\\/\\\/secure.gravatar.com\\\/avatar\\\/986aa4c61ccdb66f8555bf88fc2a65609d00bcabd4d2d94377a727547345cbca?s=96&d=mm&r=g\",\"url\":\"https:\\\/\\\/secure.gravatar.com\\\/avatar\\\/986aa4c61ccdb66f8555bf88fc2a65609d00bcabd4d2d94377a727547345cbca?s=96&d=mm&r=g\",\"contentUrl\":\"https:\\\/\\\/secure.gravatar.com\\\/avatar\\\/986aa4c61ccdb66f8555bf88fc2a65609d00bcabd4d2d94377a727547345cbca?s=96&d=mm&r=g\",\"caption\":\"Farn\u00e9sio\"},\"description\":\"Radialista blogueiro, chegou a Petrolina\\\/Juazeiro em setembro de 1980, Farn\u00e9sio Silva \u00e9 de Arapiraca-Alagoas.\",\"sameAs\":[\"http:\\\/\\\/blogdofarnesio.com.br\",\"https:\\\/\\\/www.facebook.com\\\/?ref=tn_tnmn\",\"https:\\\/\\\/www.instagram.com\\\/?utm_source=pwa_homescreen\",\"https:\\\/\\\/youtube.com.br\\\/\"],\"url\":\"https:\\\/\\\/blogdofarnesio.com.br\\\/author\\\/farnesio-2\\\/\"}]}<\/script>\n<!-- \/ Yoast SEO plugin. -->","yoast_head_json":{"title":"AMTT convoca os taxistas e mototaxistas de Juazeiro para realizarem a vistoria anual obrigat\u00f3ria. Veja o calend\u00e1rio - Blog do Farn\u00e9sio","robots":{"index":"index","follow":"follow","max-snippet":"max-snippet:-1","max-image-preview":"max-image-preview:large","max-video-preview":"max-video-preview:-1"},"canonical":"https:\/\/blogdofarnesio.com.br\/2026\/03\/juazeiro-por-meio-da-autarquia-municipal-de-transito-e-transporte-amtt-convoca-os-taxistas-e-mototaxistas-que-atuam-no-municipio-para-realizarem-a-vistoria-anual-obrigatoria\/","og_locale":"pt_BR","og_type":"article","og_title":"AMTT convoca os taxistas e mototaxistas de Juazeiro para realizarem a vistoria anual obrigat\u00f3ria. Veja o calend\u00e1rio - Blog do Farn\u00e9sio","og_description":"A a\u00e7\u00e3o tem como objetivo garantir mais seguran\u00e7a e conforto para os profissionais e para a popula\u00e7\u00e3o que utiliza diariamente esses meios de transporte. Al\u00e9m disso, a vistoria assegura que os permission\u00e1rios estejam em conformidade com a legisla\u00e7\u00e3o que regulamenta o transporte individual de passageiros. O procedimento \u00e9 requisito fundamental para a emiss\u00e3o do Alvar\u00e1 2026. O atendimento ser\u00e1 realizado na sede da AMTT, localizada na Rua Oscar Ribeiro, s\/n\u00ba, Centro da cidade. No local, o permission\u00e1rio dever\u00e1 entregar a documenta\u00e7\u00e3o e realizar o agendamento da vistoria. A Lei Federal n\u00ba 12.468\/2011 regulamenta a profiss\u00e3o de taxista no Brasil, definindo-a como servi\u00e7o de transporte p\u00fablico individual remunerado. Para exercer essa atividade no munic\u00edpio, o permission\u00e1rio deve estar devidamente regularizado junto&hellip;","og_url":"https:\/\/blogdofarnesio.com.br\/2026\/03\/juazeiro-por-meio-da-autarquia-municipal-de-transito-e-transporte-amtt-convoca-os-taxistas-e-mototaxistas-que-atuam-no-municipio-para-realizarem-a-vistoria-anual-obrigatoria\/","og_site_name":"Blog do Farn\u00e9sio","article_publisher":"https:\/\/www.facebook.com\/BlogQuerSaberPolitica\/","article_author":"https:\/\/www.facebook.com\/?ref=tn_tnmn","article_published_time":"2026-03-15T12:01:59+00:00","og_image":[{"width":623,"height":393,"url":"https:\/\/blogdofarnesio.com.br\/wp-content\/uploads\/2020\/03\/blogqspjua-Vistoria-t\u00e1xi-e-motot\u00e1xi-e1583169551876.jpeg","type":"image\/jpeg"}],"author":"Farn\u00e9sio","twitter_card":"summary_large_image","twitter_misc":{"Escrito por":"Farn\u00e9sio","Est. tempo de leitura":"2 minutos"},"schema":{"@context":"https:\/\/schema.org","@graph":[{"@type":"Article","@id":"https:\/\/blogdofarnesio.com.br\/2026\/03\/juazeiro-por-meio-da-autarquia-municipal-de-transito-e-transporte-amtt-convoca-os-taxistas-e-mototaxistas-que-atuam-no-municipio-para-realizarem-a-vistoria-anual-obrigatoria\/#article","isPartOf":{"@id":"https:\/\/blogdofarnesio.com.br\/2026\/03\/juazeiro-por-meio-da-autarquia-municipal-de-transito-e-transporte-amtt-convoca-os-taxistas-e-mototaxistas-que-atuam-no-municipio-para-realizarem-a-vistoria-anual-obrigatoria\/"},"author":{"name":"Farn\u00e9sio","@id":"https:\/\/blogdofarnesio.com.br\/#\/schema\/person\/bb9b23ae3ad0609ce8df7b6c9e76824d"},"headline":"AMTT convoca os taxistas e mototaxistas de Juazeiro para realizarem a vistoria anual obrigat\u00f3ria. Veja o calend\u00e1rio","datePublished":"2026-03-15T12:01:59+00:00","mainEntityOfPage":{"@id":"https:\/\/blogdofarnesio.com.br\/2026\/03\/juazeiro-por-meio-da-autarquia-municipal-de-transito-e-transporte-amtt-convoca-os-taxistas-e-mototaxistas-que-atuam-no-municipio-para-realizarem-a-vistoria-anual-obrigatoria\/"},"wordCount":330,"commentCount":0,"publisher":{"@id":"https:\/\/blogdofarnesio.com.br\/#organization"},"image":{"@id":"https:\/\/blogdofarnesio.com.br\/2026\/03\/juazeiro-por-meio-da-autarquia-municipal-de-transito-e-transporte-amtt-convoca-os-taxistas-e-mototaxistas-que-atuam-no-municipio-para-realizarem-a-vistoria-anual-obrigatoria\/#primaryimage"},"thumbnailUrl":"https:\/\/blogdofarnesio.com.br\/wp-content\/uploads\/2020\/03\/blogqspjua-Vistoria-t\u00e1xi-e-motot\u00e1xi-e1583169551876.jpeg","articleSection":["Tr\u00e2nsito"],"inLanguage":"pt-BR","potentialAction":[{"@type":"CommentAction","name":"Comment","target":["https:\/\/blogdofarnesio.com.br\/2026\/03\/juazeiro-por-meio-da-autarquia-municipal-de-transito-e-transporte-amtt-convoca-os-taxistas-e-mototaxistas-que-atuam-no-municipio-para-realizarem-a-vistoria-anual-obrigatoria\/#respond"]}]},{"@type":"WebPage","@id":"https:\/\/blogdofarnesio.com.br\/2026\/03\/juazeiro-por-meio-da-autarquia-municipal-de-transito-e-transporte-amtt-convoca-os-taxistas-e-mototaxistas-que-atuam-no-municipio-para-realizarem-a-vistoria-anual-obrigatoria\/","url":"https:\/\/blogdofarnesio.com.br\/2026\/03\/juazeiro-por-meio-da-autarquia-municipal-de-transito-e-transporte-amtt-convoca-os-taxistas-e-mototaxistas-que-atuam-no-municipio-para-realizarem-a-vistoria-anual-obrigatoria\/","name":"AMTT convoca os taxistas e mototaxistas de Juazeiro para realizarem a vistoria anual obrigat\u00f3ria. Veja o calend\u00e1rio - Blog do Farn\u00e9sio","isPartOf":{"@id":"https:\/\/blogdofarnesio.com.br\/#website"},"primaryImageOfPage":{"@id":"https:\/\/blogdofarnesio.com.br\/2026\/03\/juazeiro-por-meio-da-autarquia-municipal-de-transito-e-transporte-amtt-convoca-os-taxistas-e-mototaxistas-que-atuam-no-municipio-para-realizarem-a-vistoria-anual-obrigatoria\/#primaryimage"},"image":{"@id":"https:\/\/blogdofarnesio.com.br\/2026\/03\/juazeiro-por-meio-da-autarquia-municipal-de-transito-e-transporte-amtt-convoca-os-taxistas-e-mototaxistas-que-atuam-no-municipio-para-realizarem-a-vistoria-anual-obrigatoria\/#primaryimage"},"thumbnailUrl":"https:\/\/blogdofarnesio.com.br\/wp-content\/uploads\/2020\/03\/blogqspjua-Vistoria-t\u00e1xi-e-motot\u00e1xi-e1583169551876.jpeg","datePublished":"2026-03-15T12:01:59+00:00","breadcrumb":{"@id":"https:\/\/blogdofarnesio.com.br\/2026\/03\/juazeiro-por-meio-da-autarquia-municipal-de-transito-e-transporte-amtt-convoca-os-taxistas-e-mototaxistas-que-atuam-no-municipio-para-realizarem-a-vistoria-anual-obrigatoria\/#breadcrumb"},"inLanguage":"pt-BR","potentialAction":[{"@type":"ReadAction","target":["https:\/\/blogdofarnesio.com.br\/2026\/03\/juazeiro-por-meio-da-autarquia-municipal-de-transito-e-transporte-amtt-convoca-os-taxistas-e-mototaxistas-que-atuam-no-municipio-para-realizarem-a-vistoria-anual-obrigatoria\/"]}]},{"@type":"ImageObject","inLanguage":"pt-BR","@id":"https:\/\/blogdofarnesio.com.br\/2026\/03\/juazeiro-por-meio-da-autarquia-municipal-de-transito-e-transporte-amtt-convoca-os-taxistas-e-mototaxistas-que-atuam-no-municipio-para-realizarem-a-vistoria-anual-obrigatoria\/#primaryimage","url":"https:\/\/blogdofarnesio.com.br\/wp-content\/uploads\/2020\/03\/blogqspjua-Vistoria-t\u00e1xi-e-motot\u00e1xi-e1583169551876.jpeg","contentUrl":"https:\/\/blogdofarnesio.com.br\/wp-content\/uploads\/2020\/03\/blogqspjua-Vistoria-t\u00e1xi-e-motot\u00e1xi-e1583169551876.jpeg","width":623,"height":393,"caption":"Imagem Ilustrativa"},{"@type":"BreadcrumbList","@id":"https:\/\/blogdofarnesio.com.br\/2026\/03\/juazeiro-por-meio-da-autarquia-municipal-de-transito-e-transporte-amtt-convoca-os-taxistas-e-mototaxistas-que-atuam-no-municipio-para-realizarem-a-vistoria-anual-obrigatoria\/#breadcrumb","itemListElement":[{"@type":"ListItem","position":1,"name":"In\u00edcio","item":"https:\/\/blogdofarnesio.com.br\/"},{"@type":"ListItem","position":2,"name":"AMTT convoca os taxistas e mototaxistas de Juazeiro para realizarem a vistoria anual obrigat\u00f3ria. Veja o calend\u00e1rio"}]},{"@type":"WebSite","@id":"https:\/\/blogdofarnesio.com.br\/#website","url":"https:\/\/blogdofarnesio.com.br\/","name":"Blog do Farn\u00e9sio","description":"Quer Saber Pol\u00edtica?","publisher":{"@id":"https:\/\/blogdofarnesio.com.br\/#organization"},"potentialAction":[{"@type":"SearchAction","target":{"@type":"EntryPoint","urlTemplate":"https:\/\/blogdofarnesio.com.br\/?s={search_term_string}"},"query-input":{"@type":"PropertyValueSpecification","valueRequired":true,"valueName":"search_term_string"}}],"inLanguage":"pt-BR"},{"@type":"Organization","@id":"https:\/\/blogdofarnesio.com.br\/#organization","name":"Blog do Farn\u00e9sio","url":"https:\/\/blogdofarnesio.com.br\/","logo":{"@type":"ImageObject","inLanguage":"pt-BR","@id":"https:\/\/blogdofarnesio.com.br\/#\/schema\/logo\/image\/","url":"https:\/\/blogdofarnesio.com.br\/wp-content\/uploads\/2026\/03\/cropped-logo_new-1.png","contentUrl":"https:\/\/blogdofarnesio.com.br\/wp-content\/uploads\/2026\/03\/cropped-logo_new-1.png","width":881,"height":685,"caption":"Blog do Farn\u00e9sio"},"image":{"@id":"https:\/\/blogdofarnesio.com.br\/#\/schema\/logo\/image\/"},"sameAs":["https:\/\/www.facebook.com\/BlogQuerSaberPolitica\/"]},{"@type":"Person","@id":"https:\/\/blogdofarnesio.com.br\/#\/schema\/person\/bb9b23ae3ad0609ce8df7b6c9e76824d","name":"Farn\u00e9sio","image":{"@type":"ImageObject","inLanguage":"pt-BR","@id":"https:\/\/secure.gravatar.com\/avatar\/986aa4c61ccdb66f8555bf88fc2a65609d00bcabd4d2d94377a727547345cbca?s=96&d=mm&r=g","url":"https:\/\/secure.gravatar.com\/avatar\/986aa4c61ccdb66f8555bf88fc2a65609d00bcabd4d2d94377a727547345cbca?s=96&d=mm&r=g","contentUrl":"https:\/\/secure.gravatar.com\/avatar\/986aa4c61ccdb66f8555bf88fc2a65609d00bcabd4d2d94377a727547345cbca?s=96&d=mm&r=g","caption":"Farn\u00e9sio"},"description":"Radialista blogueiro, chegou a Petrolina\/Juazeiro em setembro de 1980, Farn\u00e9sio Silva \u00e9 de Arapiraca-Alagoas.","sameAs":["http:\/\/blogdofarnesio.com.br","https:\/\/www.facebook.com\/?ref=tn_tnmn","https:\/\/www.instagram.com\/?utm_source=pwa_homescreen","https:\/\/youtube.com.br\/"],"url":"https:\/\/blogdofarnesio.com.br\/author\/farnesio-2\/"}]}},"_links":{"self":[{"href":"https:\/\/blogdofarnesio.com.br\/wp-json\/wp\/v2\/posts\/416972","targetHints":{"allow":["GET"]}}],"collection":[{"href":"https:\/\/blogdofarnesio.com.br\/wp-json\/wp\/v2\/posts"}],"about":[{"href":"https:\/\/blogdofarnesio.com.br\/wp-json\/wp\/v2\/types\/post"}],"author":[{"embeddable":true,"href":"https:\/\/blogdofarnesio.com.br\/wp-json\/wp\/v2\/users\/2"}],"replies":[{"embeddable":true,"href":"https:\/\/blogdofarnesio.com.br\/wp-json\/wp\/v2\/comments?post=416972"}],"version-history":[{"count":2,"href":"https:\/\/blogdofarnesio.com.br\/wp-json\/wp\/v2\/posts\/416972\/revisions"}],"predecessor-version":[{"id":417105,"href":"https:\/\/blogdofarnesio.com.br\/wp-json\/wp\/v2\/posts\/416972\/revisions\/417105"}],"wp:featuredmedia":[{"embeddable":true,"href":"https:\/\/blogdofarnesio.com.br\/wp-json\/wp\/v2\/media\/251488"}],"wp:attachment":[{"href":"https:\/\/blogdofarnesio.com.br\/wp-json\/wp\/v2\/media?parent=416972"}],"wp:term":[{"taxonomy":"category","embeddable":true,"href":"https:\/\/blogdofarnesio.com.br\/wp-json\/wp\/v2\/categories?post=416972"},{"taxonomy":"post_tag","embeddable":true,"href":"https:\/\/blogdofarnesio.com.br\/wp-json\/wp\/v2\/tags?post=416972"}],"curies":[{"name":"wp","href":"https:\/\/api.w.org\/{rel}","templated":true}]}}