{"id":416970,"date":"2026-03-13T07:20:08","date_gmt":"2026-03-13T10:20:08","guid":{"rendered":"https:\/\/blogdofarnesio.com.br\/?p=416970"},"modified":"2026-03-12T15:17:20","modified_gmt":"2026-03-12T18:17:20","slug":"autarquia-municipal-de-transito-e-transporte-amtt-convoca-os-taxistas-e-mototaxistas-que-atuam-no-municipio-para-realizarem-a-vistoria-anual-obrigatoria-fique-atento-ao-prazo","status":"publish","type":"post","link":"https:\/\/blogdofarnesio.com.br\/2026\/03\/autarquia-municipal-de-transito-e-transporte-amtt-convoca-os-taxistas-e-mototaxistas-que-atuam-no-municipio-para-realizarem-a-vistoria-anual-obrigatoria-fique-atento-ao-prazo\/","title":{"rendered":"AMTT convoca os taxistas e mototaxistas que atuam em Juazeiro para realizarem a vistoria anual obrigat\u00f3ria. Fique atento ao prazo"},"content":{"rendered":"<p>A a\u00e7\u00e3o tem como objetivo garantir mais seguran\u00e7a e conforto para os profissionais e para a popula\u00e7\u00e3o que utiliza diariamente esses meios de transporte. Al\u00e9m disso, a vistoria assegura que os permission\u00e1rios estejam em conformidade com a legisla\u00e7\u00e3o que regulamenta o transporte individual de passageiros. O procedimento \u00e9 requisito fundamental para a emiss\u00e3o do Alvar\u00e1 2026.<\/p>\n<p>O atendimento ser\u00e1 realizado na sede da AMTT, localizada na Rua Oscar Ribeiro, s\/n\u00ba, Centro da cidade. No local, o permission\u00e1rio dever\u00e1 entregar a documenta\u00e7\u00e3o e realizar o agendamento da vistoria.<\/p>\n<p>A Lei Federal n\u00ba 12.468\/2011 regulamenta a profiss\u00e3o de taxista no Brasil, definindo-a como servi\u00e7o de transporte p\u00fablico individual remunerado. Para exercer essa atividade no munic\u00edpio, o permission\u00e1rio deve estar devidamente regularizado junto \u00e0 Prefeitura de Juazeiro.<\/p>\n<p>Os taxistas t\u00eam at\u00e9 o dia 17 de abril para realizar a vistoria e devem apresentar os seguintes documentos:<\/p>\n<p>\u2022 CNH categoria B<br \/>\n\u2022 Comprovante de resid\u00eancia<br \/>\n\u2022 Documento anual do ve\u00edculo<br \/>\n\u2022 Atestado de antecedentes criminais<br \/>\n\u2022 2 fotos 3&#215;4<br \/>\n\u2022 Nada consta na CNH<\/p>\n<p>A atividade de mototaxista \u00e9 regulamentada pela Lei Federal n\u00ba 12.009\/2009. Um dos principais requisitos \u00e9 a realiza\u00e7\u00e3o do curso de especializa\u00e7\u00e3o para mototaxistas, exigido pelo Conselho Nacional de Tr\u00e2nsito (Contran), que capacita os profissionais com foco na seguran\u00e7a vi\u00e1ria e na responsabilidade no tr\u00e2nsito.<\/p>\n<p>Com o mototaxista devidamente credenciado, aumenta significativamente a seguran\u00e7a do passageiro, pois garante que o condutor e o ve\u00edculo atendam aos requisitos exigidos pela legisla\u00e7\u00e3o.<\/p>\n<p><strong>Os mototaxistas t\u00eam at\u00e9 o dia 30 de abril para realizar a vistoria e devem apresentar os seguintes documentos:<\/strong><\/p>\n<p>\u2022 CNH categoria A<br \/>\n\u2022 Comprovante de resid\u00eancia<br \/>\n\u2022 Documento anual do ve\u00edculo<br \/>\n\u2022 Atestado de antecedentes criminais<br \/>\n\u2022 2 fotos 3&#215;4<br \/>\n\u2022 Nada consta na CNH<br \/>\n\u2022 Atestado de sanidade mental<\/p>\n<div>\u2022 Certificado do curso de transporte remunerado de passageiros.<\/div>\n<div><\/div>\n<div>Texto: M\u00e1rcio Reges &#8211; ASCOM PMJ<\/div>\n","protected":false},"excerpt":{"rendered":"<p>A a\u00e7\u00e3o tem como objetivo garantir mais seguran\u00e7a e conforto para os profissionais e para a popula\u00e7\u00e3o que utiliza diariamente esses meios de transporte. Al\u00e9m disso, a vistoria assegura que os permission\u00e1rios estejam em conformidade com a legisla\u00e7\u00e3o que regulamenta o transporte individual de passageiros. O procedimento \u00e9 requisito fundamental para a emiss\u00e3o do Alvar\u00e1 2026. O atendimento ser\u00e1 realizado na sede da AMTT, localizada na Rua Oscar Ribeiro, s\/n\u00ba, Centro da cidade. No local, o permission\u00e1rio dever\u00e1 entregar a documenta\u00e7\u00e3o e realizar o agendamento da vistoria. A Lei Federal n\u00ba 12.468\/2011 regulamenta a profiss\u00e3o de taxista no Brasil, definindo-a como servi\u00e7o de transporte p\u00fablico individual remunerado. Para exercer essa atividade no munic\u00edpio, o permission\u00e1rio deve estar devidamente regularizado junto&hellip; <\/p>\n","protected":false},"author":2,"featured_media":136481,"comment_status":"open","ping_status":"open","sticky":false,"template":"","format":"standard","meta":{"_acf_changed":false,"footnotes":""},"categories":[21],"tags":[],"class_list":["post-416970","post","type-post","status-publish","format-standard","has-post-thumbnail","hentry","category-transito"],"acf":[],"yoast_head":"<!-- This site is optimized with the Yoast SEO plugin v27.5 - https:\/\/yoast.com\/product\/yoast-seo-wordpress\/ -->\n<title>AMTT convoca os taxistas e mototaxistas que atuam em Juazeiro para realizarem a vistoria anual obrigat\u00f3ria. Fique atento ao prazo - Blog do Farn\u00e9sio<\/title>\n<meta name=\"robots\" content=\"index, follow, max-snippet:-1, max-image-preview:large, max-video-preview:-1\" \/>\n<link rel=\"canonical\" href=\"https:\/\/blogdofarnesio.com.br\/2026\/03\/autarquia-municipal-de-transito-e-transporte-amtt-convoca-os-taxistas-e-mototaxistas-que-atuam-no-municipio-para-realizarem-a-vistoria-anual-obrigatoria-fique-atento-ao-prazo\/\" \/>\n<meta property=\"og:locale\" content=\"pt_BR\" \/>\n<meta property=\"og:type\" content=\"article\" \/>\n<meta property=\"og:title\" content=\"AMTT convoca os taxistas e mototaxistas que atuam em Juazeiro para realizarem a vistoria anual obrigat\u00f3ria. Fique atento ao prazo - Blog do Farn\u00e9sio\" \/>\n<meta property=\"og:description\" content=\"A a\u00e7\u00e3o tem como objetivo garantir mais seguran\u00e7a e conforto para os profissionais e para a popula\u00e7\u00e3o que utiliza diariamente esses meios de transporte. Al\u00e9m disso, a vistoria assegura que os permission\u00e1rios estejam em conformidade com a legisla\u00e7\u00e3o que regulamenta o transporte individual de passageiros. O procedimento \u00e9 requisito fundamental para a emiss\u00e3o do Alvar\u00e1 2026. O atendimento ser\u00e1 realizado na sede da AMTT, localizada na Rua Oscar Ribeiro, s\/n\u00ba, Centro da cidade. No local, o permission\u00e1rio dever\u00e1 entregar a documenta\u00e7\u00e3o e realizar o agendamento da vistoria. A Lei Federal n\u00ba 12.468\/2011 regulamenta a profiss\u00e3o de taxista no Brasil, definindo-a como servi\u00e7o de transporte p\u00fablico individual remunerado. Para exercer essa atividade no munic\u00edpio, o permission\u00e1rio deve estar devidamente regularizado junto&hellip;\" \/>\n<meta property=\"og:url\" content=\"https:\/\/blogdofarnesio.com.br\/2026\/03\/autarquia-municipal-de-transito-e-transporte-amtt-convoca-os-taxistas-e-mototaxistas-que-atuam-no-municipio-para-realizarem-a-vistoria-anual-obrigatoria-fique-atento-ao-prazo\/\" \/>\n<meta property=\"og:site_name\" content=\"Blog do Farn\u00e9sio\" \/>\n<meta property=\"article:publisher\" content=\"https:\/\/www.facebook.com\/BlogQuerSaberPolitica\/\" \/>\n<meta property=\"article:author\" content=\"https:\/\/www.facebook.com\/?ref=tn_tnmn\" \/>\n<meta property=\"article:published_time\" content=\"2026-03-13T10:20:08+00:00\" \/>\n<meta property=\"og:image\" content=\"https:\/\/blogdofarnesio.com.br\/wp-content\/uploads\/2016\/01\/blogqsp-vistoria-moto-t\u00e1xi.jpg\" \/>\n\t<meta property=\"og:image:width\" content=\"390\" \/>\n\t<meta property=\"og:image:height\" content=\"259\" \/>\n\t<meta property=\"og:image:type\" content=\"image\/jpeg\" \/>\n<meta name=\"author\" content=\"Farn\u00e9sio\" \/>\n<meta name=\"twitter:card\" content=\"summary_large_image\" \/>\n<meta name=\"twitter:label1\" content=\"Escrito por\" \/>\n\t<meta name=\"twitter:data1\" content=\"Farn\u00e9sio\" \/>\n\t<meta name=\"twitter:label2\" content=\"Est. tempo de leitura\" \/>\n\t<meta name=\"twitter:data2\" content=\"2 minutos\" \/>\n<script type=\"application\/ld+json\" class=\"yoast-schema-graph\">{\"@context\":\"https:\\\/\\\/schema.org\",\"@graph\":[{\"@type\":\"Article\",\"@id\":\"https:\\\/\\\/blogdofarnesio.com.br\\\/2026\\\/03\\\/autarquia-municipal-de-transito-e-transporte-amtt-convoca-os-taxistas-e-mototaxistas-que-atuam-no-municipio-para-realizarem-a-vistoria-anual-obrigatoria-fique-atento-ao-prazo\\\/#article\",\"isPartOf\":{\"@id\":\"https:\\\/\\\/blogdofarnesio.com.br\\\/2026\\\/03\\\/autarquia-municipal-de-transito-e-transporte-amtt-convoca-os-taxistas-e-mototaxistas-que-atuam-no-municipio-para-realizarem-a-vistoria-anual-obrigatoria-fique-atento-ao-prazo\\\/\"},\"author\":{\"name\":\"Farn\u00e9sio\",\"@id\":\"https:\\\/\\\/blogdofarnesio.com.br\\\/#\\\/schema\\\/person\\\/bb9b23ae3ad0609ce8df7b6c9e76824d\"},\"headline\":\"AMTT convoca os taxistas e mototaxistas que atuam em Juazeiro para realizarem a vistoria anual obrigat\u00f3ria. Fique atento ao prazo\",\"datePublished\":\"2026-03-13T10:20:08+00:00\",\"mainEntityOfPage\":{\"@id\":\"https:\\\/\\\/blogdofarnesio.com.br\\\/2026\\\/03\\\/autarquia-municipal-de-transito-e-transporte-amtt-convoca-os-taxistas-e-mototaxistas-que-atuam-no-municipio-para-realizarem-a-vistoria-anual-obrigatoria-fique-atento-ao-prazo\\\/\"},\"wordCount\":333,\"commentCount\":0,\"publisher\":{\"@id\":\"https:\\\/\\\/blogdofarnesio.com.br\\\/#organization\"},\"image\":{\"@id\":\"https:\\\/\\\/blogdofarnesio.com.br\\\/2026\\\/03\\\/autarquia-municipal-de-transito-e-transporte-amtt-convoca-os-taxistas-e-mototaxistas-que-atuam-no-municipio-para-realizarem-a-vistoria-anual-obrigatoria-fique-atento-ao-prazo\\\/#primaryimage\"},\"thumbnailUrl\":\"https:\\\/\\\/blogdofarnesio.com.br\\\/wp-content\\\/uploads\\\/2016\\\/01\\\/blogqsp-vistoria-moto-t\u00e1xi.jpg\",\"articleSection\":[\"Tr\u00e2nsito\"],\"inLanguage\":\"pt-BR\",\"potentialAction\":[{\"@type\":\"CommentAction\",\"name\":\"Comment\",\"target\":[\"https:\\\/\\\/blogdofarnesio.com.br\\\/2026\\\/03\\\/autarquia-municipal-de-transito-e-transporte-amtt-convoca-os-taxistas-e-mototaxistas-que-atuam-no-municipio-para-realizarem-a-vistoria-anual-obrigatoria-fique-atento-ao-prazo\\\/#respond\"]}]},{\"@type\":\"WebPage\",\"@id\":\"https:\\\/\\\/blogdofarnesio.com.br\\\/2026\\\/03\\\/autarquia-municipal-de-transito-e-transporte-amtt-convoca-os-taxistas-e-mototaxistas-que-atuam-no-municipio-para-realizarem-a-vistoria-anual-obrigatoria-fique-atento-ao-prazo\\\/\",\"url\":\"https:\\\/\\\/blogdofarnesio.com.br\\\/2026\\\/03\\\/autarquia-municipal-de-transito-e-transporte-amtt-convoca-os-taxistas-e-mototaxistas-que-atuam-no-municipio-para-realizarem-a-vistoria-anual-obrigatoria-fique-atento-ao-prazo\\\/\",\"name\":\"AMTT convoca os taxistas e mototaxistas que atuam em Juazeiro para realizarem a vistoria anual obrigat\u00f3ria. Fique atento ao prazo - Blog do Farn\u00e9sio\",\"isPartOf\":{\"@id\":\"https:\\\/\\\/blogdofarnesio.com.br\\\/#website\"},\"primaryImageOfPage\":{\"@id\":\"https:\\\/\\\/blogdofarnesio.com.br\\\/2026\\\/03\\\/autarquia-municipal-de-transito-e-transporte-amtt-convoca-os-taxistas-e-mototaxistas-que-atuam-no-municipio-para-realizarem-a-vistoria-anual-obrigatoria-fique-atento-ao-prazo\\\/#primaryimage\"},\"image\":{\"@id\":\"https:\\\/\\\/blogdofarnesio.com.br\\\/2026\\\/03\\\/autarquia-municipal-de-transito-e-transporte-amtt-convoca-os-taxistas-e-mototaxistas-que-atuam-no-municipio-para-realizarem-a-vistoria-anual-obrigatoria-fique-atento-ao-prazo\\\/#primaryimage\"},\"thumbnailUrl\":\"https:\\\/\\\/blogdofarnesio.com.br\\\/wp-content\\\/uploads\\\/2016\\\/01\\\/blogqsp-vistoria-moto-t\u00e1xi.jpg\",\"datePublished\":\"2026-03-13T10:20:08+00:00\",\"breadcrumb\":{\"@id\":\"https:\\\/\\\/blogdofarnesio.com.br\\\/2026\\\/03\\\/autarquia-municipal-de-transito-e-transporte-amtt-convoca-os-taxistas-e-mototaxistas-que-atuam-no-municipio-para-realizarem-a-vistoria-anual-obrigatoria-fique-atento-ao-prazo\\\/#breadcrumb\"},\"inLanguage\":\"pt-BR\",\"potentialAction\":[{\"@type\":\"ReadAction\",\"target\":[\"https:\\\/\\\/blogdofarnesio.com.br\\\/2026\\\/03\\\/autarquia-municipal-de-transito-e-transporte-amtt-convoca-os-taxistas-e-mototaxistas-que-atuam-no-municipio-para-realizarem-a-vistoria-anual-obrigatoria-fique-atento-ao-prazo\\\/\"]}]},{\"@type\":\"ImageObject\",\"inLanguage\":\"pt-BR\",\"@id\":\"https:\\\/\\\/blogdofarnesio.com.br\\\/2026\\\/03\\\/autarquia-municipal-de-transito-e-transporte-amtt-convoca-os-taxistas-e-mototaxistas-que-atuam-no-municipio-para-realizarem-a-vistoria-anual-obrigatoria-fique-atento-ao-prazo\\\/#primaryimage\",\"url\":\"https:\\\/\\\/blogdofarnesio.com.br\\\/wp-content\\\/uploads\\\/2016\\\/01\\\/blogqsp-vistoria-moto-t\u00e1xi.jpg\",\"contentUrl\":\"https:\\\/\\\/blogdofarnesio.com.br\\\/wp-content\\\/uploads\\\/2016\\\/01\\\/blogqsp-vistoria-moto-t\u00e1xi.jpg\",\"width\":390,\"height\":259,\"caption\":\"Ilustra\u00e7\u00e3o\"},{\"@type\":\"BreadcrumbList\",\"@id\":\"https:\\\/\\\/blogdofarnesio.com.br\\\/2026\\\/03\\\/autarquia-municipal-de-transito-e-transporte-amtt-convoca-os-taxistas-e-mototaxistas-que-atuam-no-municipio-para-realizarem-a-vistoria-anual-obrigatoria-fique-atento-ao-prazo\\\/#breadcrumb\",\"itemListElement\":[{\"@type\":\"ListItem\",\"position\":1,\"name\":\"In\u00edcio\",\"item\":\"https:\\\/\\\/blogdofarnesio.com.br\\\/\"},{\"@type\":\"ListItem\",\"position\":2,\"name\":\"AMTT convoca os taxistas e mototaxistas que atuam em Juazeiro para realizarem a vistoria anual obrigat\u00f3ria. Fique atento ao prazo\"}]},{\"@type\":\"WebSite\",\"@id\":\"https:\\\/\\\/blogdofarnesio.com.br\\\/#website\",\"url\":\"https:\\\/\\\/blogdofarnesio.com.br\\\/\",\"name\":\"Blog do Farn\u00e9sio\",\"description\":\"Quer Saber Pol\u00edtica?\",\"publisher\":{\"@id\":\"https:\\\/\\\/blogdofarnesio.com.br\\\/#organization\"},\"potentialAction\":[{\"@type\":\"SearchAction\",\"target\":{\"@type\":\"EntryPoint\",\"urlTemplate\":\"https:\\\/\\\/blogdofarnesio.com.br\\\/?s={search_term_string}\"},\"query-input\":{\"@type\":\"PropertyValueSpecification\",\"valueRequired\":true,\"valueName\":\"search_term_string\"}}],\"inLanguage\":\"pt-BR\"},{\"@type\":\"Organization\",\"@id\":\"https:\\\/\\\/blogdofarnesio.com.br\\\/#organization\",\"name\":\"Blog do Farn\u00e9sio\",\"url\":\"https:\\\/\\\/blogdofarnesio.com.br\\\/\",\"logo\":{\"@type\":\"ImageObject\",\"inLanguage\":\"pt-BR\",\"@id\":\"https:\\\/\\\/blogdofarnesio.com.br\\\/#\\\/schema\\\/logo\\\/image\\\/\",\"url\":\"https:\\\/\\\/blogdofarnesio.com.br\\\/wp-content\\\/uploads\\\/2026\\\/03\\\/cropped-logo_new-1.png\",\"contentUrl\":\"https:\\\/\\\/blogdofarnesio.com.br\\\/wp-content\\\/uploads\\\/2026\\\/03\\\/cropped-logo_new-1.png\",\"width\":881,\"height\":685,\"caption\":\"Blog do Farn\u00e9sio\"},\"image\":{\"@id\":\"https:\\\/\\\/blogdofarnesio.com.br\\\/#\\\/schema\\\/logo\\\/image\\\/\"},\"sameAs\":[\"https:\\\/\\\/www.facebook.com\\\/BlogQuerSaberPolitica\\\/\"]},{\"@type\":\"Person\",\"@id\":\"https:\\\/\\\/blogdofarnesio.com.br\\\/#\\\/schema\\\/person\\\/bb9b23ae3ad0609ce8df7b6c9e76824d\",\"name\":\"Farn\u00e9sio\",\"image\":{\"@type\":\"ImageObject\",\"inLanguage\":\"pt-BR\",\"@id\":\"https:\\\/\\\/secure.gravatar.com\\\/avatar\\\/986aa4c61ccdb66f8555bf88fc2a65609d00bcabd4d2d94377a727547345cbca?s=96&d=mm&r=g\",\"url\":\"https:\\\/\\\/secure.gravatar.com\\\/avatar\\\/986aa4c61ccdb66f8555bf88fc2a65609d00bcabd4d2d94377a727547345cbca?s=96&d=mm&r=g\",\"contentUrl\":\"https:\\\/\\\/secure.gravatar.com\\\/avatar\\\/986aa4c61ccdb66f8555bf88fc2a65609d00bcabd4d2d94377a727547345cbca?s=96&d=mm&r=g\",\"caption\":\"Farn\u00e9sio\"},\"description\":\"Radialista blogueiro, chegou a Petrolina\\\/Juazeiro em setembro de 1980, Farn\u00e9sio Silva \u00e9 de Arapiraca-Alagoas.\",\"sameAs\":[\"http:\\\/\\\/blogdofarnesio.com.br\",\"https:\\\/\\\/www.facebook.com\\\/?ref=tn_tnmn\",\"https:\\\/\\\/www.instagram.com\\\/?utm_source=pwa_homescreen\",\"https:\\\/\\\/youtube.com.br\\\/\"],\"url\":\"https:\\\/\\\/blogdofarnesio.com.br\\\/author\\\/farnesio-2\\\/\"}]}<\/script>\n<!-- \/ Yoast SEO plugin. -->","yoast_head_json":{"title":"AMTT convoca os taxistas e mototaxistas que atuam em Juazeiro para realizarem a vistoria anual obrigat\u00f3ria. Fique atento ao prazo - Blog do Farn\u00e9sio","robots":{"index":"index","follow":"follow","max-snippet":"max-snippet:-1","max-image-preview":"max-image-preview:large","max-video-preview":"max-video-preview:-1"},"canonical":"https:\/\/blogdofarnesio.com.br\/2026\/03\/autarquia-municipal-de-transito-e-transporte-amtt-convoca-os-taxistas-e-mototaxistas-que-atuam-no-municipio-para-realizarem-a-vistoria-anual-obrigatoria-fique-atento-ao-prazo\/","og_locale":"pt_BR","og_type":"article","og_title":"AMTT convoca os taxistas e mototaxistas que atuam em Juazeiro para realizarem a vistoria anual obrigat\u00f3ria. Fique atento ao prazo - Blog do Farn\u00e9sio","og_description":"A a\u00e7\u00e3o tem como objetivo garantir mais seguran\u00e7a e conforto para os profissionais e para a popula\u00e7\u00e3o que utiliza diariamente esses meios de transporte. Al\u00e9m disso, a vistoria assegura que os permission\u00e1rios estejam em conformidade com a legisla\u00e7\u00e3o que regulamenta o transporte individual de passageiros. O procedimento \u00e9 requisito fundamental para a emiss\u00e3o do Alvar\u00e1 2026. O atendimento ser\u00e1 realizado na sede da AMTT, localizada na Rua Oscar Ribeiro, s\/n\u00ba, Centro da cidade. No local, o permission\u00e1rio dever\u00e1 entregar a documenta\u00e7\u00e3o e realizar o agendamento da vistoria. A Lei Federal n\u00ba 12.468\/2011 regulamenta a profiss\u00e3o de taxista no Brasil, definindo-a como servi\u00e7o de transporte p\u00fablico individual remunerado. Para exercer essa atividade no munic\u00edpio, o permission\u00e1rio deve estar devidamente regularizado junto&hellip;","og_url":"https:\/\/blogdofarnesio.com.br\/2026\/03\/autarquia-municipal-de-transito-e-transporte-amtt-convoca-os-taxistas-e-mototaxistas-que-atuam-no-municipio-para-realizarem-a-vistoria-anual-obrigatoria-fique-atento-ao-prazo\/","og_site_name":"Blog do Farn\u00e9sio","article_publisher":"https:\/\/www.facebook.com\/BlogQuerSaberPolitica\/","article_author":"https:\/\/www.facebook.com\/?ref=tn_tnmn","article_published_time":"2026-03-13T10:20:08+00:00","og_image":[{"width":390,"height":259,"url":"https:\/\/blogdofarnesio.com.br\/wp-content\/uploads\/2016\/01\/blogqsp-vistoria-moto-t\u00e1xi.jpg","type":"image\/jpeg"}],"author":"Farn\u00e9sio","twitter_card":"summary_large_image","twitter_misc":{"Escrito por":"Farn\u00e9sio","Est. tempo de leitura":"2 minutos"},"schema":{"@context":"https:\/\/schema.org","@graph":[{"@type":"Article","@id":"https:\/\/blogdofarnesio.com.br\/2026\/03\/autarquia-municipal-de-transito-e-transporte-amtt-convoca-os-taxistas-e-mototaxistas-que-atuam-no-municipio-para-realizarem-a-vistoria-anual-obrigatoria-fique-atento-ao-prazo\/#article","isPartOf":{"@id":"https:\/\/blogdofarnesio.com.br\/2026\/03\/autarquia-municipal-de-transito-e-transporte-amtt-convoca-os-taxistas-e-mototaxistas-que-atuam-no-municipio-para-realizarem-a-vistoria-anual-obrigatoria-fique-atento-ao-prazo\/"},"author":{"name":"Farn\u00e9sio","@id":"https:\/\/blogdofarnesio.com.br\/#\/schema\/person\/bb9b23ae3ad0609ce8df7b6c9e76824d"},"headline":"AMTT convoca os taxistas e mototaxistas que atuam em Juazeiro para realizarem a vistoria anual obrigat\u00f3ria. Fique atento ao prazo","datePublished":"2026-03-13T10:20:08+00:00","mainEntityOfPage":{"@id":"https:\/\/blogdofarnesio.com.br\/2026\/03\/autarquia-municipal-de-transito-e-transporte-amtt-convoca-os-taxistas-e-mototaxistas-que-atuam-no-municipio-para-realizarem-a-vistoria-anual-obrigatoria-fique-atento-ao-prazo\/"},"wordCount":333,"commentCount":0,"publisher":{"@id":"https:\/\/blogdofarnesio.com.br\/#organization"},"image":{"@id":"https:\/\/blogdofarnesio.com.br\/2026\/03\/autarquia-municipal-de-transito-e-transporte-amtt-convoca-os-taxistas-e-mototaxistas-que-atuam-no-municipio-para-realizarem-a-vistoria-anual-obrigatoria-fique-atento-ao-prazo\/#primaryimage"},"thumbnailUrl":"https:\/\/blogdofarnesio.com.br\/wp-content\/uploads\/2016\/01\/blogqsp-vistoria-moto-t\u00e1xi.jpg","articleSection":["Tr\u00e2nsito"],"inLanguage":"pt-BR","potentialAction":[{"@type":"CommentAction","name":"Comment","target":["https:\/\/blogdofarnesio.com.br\/2026\/03\/autarquia-municipal-de-transito-e-transporte-amtt-convoca-os-taxistas-e-mototaxistas-que-atuam-no-municipio-para-realizarem-a-vistoria-anual-obrigatoria-fique-atento-ao-prazo\/#respond"]}]},{"@type":"WebPage","@id":"https:\/\/blogdofarnesio.com.br\/2026\/03\/autarquia-municipal-de-transito-e-transporte-amtt-convoca-os-taxistas-e-mototaxistas-que-atuam-no-municipio-para-realizarem-a-vistoria-anual-obrigatoria-fique-atento-ao-prazo\/","url":"https:\/\/blogdofarnesio.com.br\/2026\/03\/autarquia-municipal-de-transito-e-transporte-amtt-convoca-os-taxistas-e-mototaxistas-que-atuam-no-municipio-para-realizarem-a-vistoria-anual-obrigatoria-fique-atento-ao-prazo\/","name":"AMTT convoca os taxistas e mototaxistas que atuam em Juazeiro para realizarem a vistoria anual obrigat\u00f3ria. Fique atento ao prazo - Blog do Farn\u00e9sio","isPartOf":{"@id":"https:\/\/blogdofarnesio.com.br\/#website"},"primaryImageOfPage":{"@id":"https:\/\/blogdofarnesio.com.br\/2026\/03\/autarquia-municipal-de-transito-e-transporte-amtt-convoca-os-taxistas-e-mototaxistas-que-atuam-no-municipio-para-realizarem-a-vistoria-anual-obrigatoria-fique-atento-ao-prazo\/#primaryimage"},"image":{"@id":"https:\/\/blogdofarnesio.com.br\/2026\/03\/autarquia-municipal-de-transito-e-transporte-amtt-convoca-os-taxistas-e-mototaxistas-que-atuam-no-municipio-para-realizarem-a-vistoria-anual-obrigatoria-fique-atento-ao-prazo\/#primaryimage"},"thumbnailUrl":"https:\/\/blogdofarnesio.com.br\/wp-content\/uploads\/2016\/01\/blogqsp-vistoria-moto-t\u00e1xi.jpg","datePublished":"2026-03-13T10:20:08+00:00","breadcrumb":{"@id":"https:\/\/blogdofarnesio.com.br\/2026\/03\/autarquia-municipal-de-transito-e-transporte-amtt-convoca-os-taxistas-e-mototaxistas-que-atuam-no-municipio-para-realizarem-a-vistoria-anual-obrigatoria-fique-atento-ao-prazo\/#breadcrumb"},"inLanguage":"pt-BR","potentialAction":[{"@type":"ReadAction","target":["https:\/\/blogdofarnesio.com.br\/2026\/03\/autarquia-municipal-de-transito-e-transporte-amtt-convoca-os-taxistas-e-mototaxistas-que-atuam-no-municipio-para-realizarem-a-vistoria-anual-obrigatoria-fique-atento-ao-prazo\/"]}]},{"@type":"ImageObject","inLanguage":"pt-BR","@id":"https:\/\/blogdofarnesio.com.br\/2026\/03\/autarquia-municipal-de-transito-e-transporte-amtt-convoca-os-taxistas-e-mototaxistas-que-atuam-no-municipio-para-realizarem-a-vistoria-anual-obrigatoria-fique-atento-ao-prazo\/#primaryimage","url":"https:\/\/blogdofarnesio.com.br\/wp-content\/uploads\/2016\/01\/blogqsp-vistoria-moto-t\u00e1xi.jpg","contentUrl":"https:\/\/blogdofarnesio.com.br\/wp-content\/uploads\/2016\/01\/blogqsp-vistoria-moto-t\u00e1xi.jpg","width":390,"height":259,"caption":"Ilustra\u00e7\u00e3o"},{"@type":"BreadcrumbList","@id":"https:\/\/blogdofarnesio.com.br\/2026\/03\/autarquia-municipal-de-transito-e-transporte-amtt-convoca-os-taxistas-e-mototaxistas-que-atuam-no-municipio-para-realizarem-a-vistoria-anual-obrigatoria-fique-atento-ao-prazo\/#breadcrumb","itemListElement":[{"@type":"ListItem","position":1,"name":"In\u00edcio","item":"https:\/\/blogdofarnesio.com.br\/"},{"@type":"ListItem","position":2,"name":"AMTT convoca os taxistas e mototaxistas que atuam em Juazeiro para realizarem a vistoria anual obrigat\u00f3ria. Fique atento ao prazo"}]},{"@type":"WebSite","@id":"https:\/\/blogdofarnesio.com.br\/#website","url":"https:\/\/blogdofarnesio.com.br\/","name":"Blog do Farn\u00e9sio","description":"Quer Saber Pol\u00edtica?","publisher":{"@id":"https:\/\/blogdofarnesio.com.br\/#organization"},"potentialAction":[{"@type":"SearchAction","target":{"@type":"EntryPoint","urlTemplate":"https:\/\/blogdofarnesio.com.br\/?s={search_term_string}"},"query-input":{"@type":"PropertyValueSpecification","valueRequired":true,"valueName":"search_term_string"}}],"inLanguage":"pt-BR"},{"@type":"Organization","@id":"https:\/\/blogdofarnesio.com.br\/#organization","name":"Blog do Farn\u00e9sio","url":"https:\/\/blogdofarnesio.com.br\/","logo":{"@type":"ImageObject","inLanguage":"pt-BR","@id":"https:\/\/blogdofarnesio.com.br\/#\/schema\/logo\/image\/","url":"https:\/\/blogdofarnesio.com.br\/wp-content\/uploads\/2026\/03\/cropped-logo_new-1.png","contentUrl":"https:\/\/blogdofarnesio.com.br\/wp-content\/uploads\/2026\/03\/cropped-logo_new-1.png","width":881,"height":685,"caption":"Blog do Farn\u00e9sio"},"image":{"@id":"https:\/\/blogdofarnesio.com.br\/#\/schema\/logo\/image\/"},"sameAs":["https:\/\/www.facebook.com\/BlogQuerSaberPolitica\/"]},{"@type":"Person","@id":"https:\/\/blogdofarnesio.com.br\/#\/schema\/person\/bb9b23ae3ad0609ce8df7b6c9e76824d","name":"Farn\u00e9sio","image":{"@type":"ImageObject","inLanguage":"pt-BR","@id":"https:\/\/secure.gravatar.com\/avatar\/986aa4c61ccdb66f8555bf88fc2a65609d00bcabd4d2d94377a727547345cbca?s=96&d=mm&r=g","url":"https:\/\/secure.gravatar.com\/avatar\/986aa4c61ccdb66f8555bf88fc2a65609d00bcabd4d2d94377a727547345cbca?s=96&d=mm&r=g","contentUrl":"https:\/\/secure.gravatar.com\/avatar\/986aa4c61ccdb66f8555bf88fc2a65609d00bcabd4d2d94377a727547345cbca?s=96&d=mm&r=g","caption":"Farn\u00e9sio"},"description":"Radialista blogueiro, chegou a Petrolina\/Juazeiro em setembro de 1980, Farn\u00e9sio Silva \u00e9 de Arapiraca-Alagoas.","sameAs":["http:\/\/blogdofarnesio.com.br","https:\/\/www.facebook.com\/?ref=tn_tnmn","https:\/\/www.instagram.com\/?utm_source=pwa_homescreen","https:\/\/youtube.com.br\/"],"url":"https:\/\/blogdofarnesio.com.br\/author\/farnesio-2\/"}]}},"_links":{"self":[{"href":"https:\/\/blogdofarnesio.com.br\/wp-json\/wp\/v2\/posts\/416970","targetHints":{"allow":["GET"]}}],"collection":[{"href":"https:\/\/blogdofarnesio.com.br\/wp-json\/wp\/v2\/posts"}],"about":[{"href":"https:\/\/blogdofarnesio.com.br\/wp-json\/wp\/v2\/types\/post"}],"author":[{"embeddable":true,"href":"https:\/\/blogdofarnesio.com.br\/wp-json\/wp\/v2\/users\/2"}],"replies":[{"embeddable":true,"href":"https:\/\/blogdofarnesio.com.br\/wp-json\/wp\/v2\/comments?post=416970"}],"version-history":[{"count":2,"href":"https:\/\/blogdofarnesio.com.br\/wp-json\/wp\/v2\/posts\/416970\/revisions"}],"predecessor-version":[{"id":416974,"href":"https:\/\/blogdofarnesio.com.br\/wp-json\/wp\/v2\/posts\/416970\/revisions\/416974"}],"wp:featuredmedia":[{"embeddable":true,"href":"https:\/\/blogdofarnesio.com.br\/wp-json\/wp\/v2\/media\/136481"}],"wp:attachment":[{"href":"https:\/\/blogdofarnesio.com.br\/wp-json\/wp\/v2\/media?parent=416970"}],"wp:term":[{"taxonomy":"category","embeddable":true,"href":"https:\/\/blogdofarnesio.com.br\/wp-json\/wp\/v2\/categories?post=416970"},{"taxonomy":"post_tag","embeddable":true,"href":"https:\/\/blogdofarnesio.com.br\/wp-json\/wp\/v2\/tags?post=416970"}],"curies":[{"name":"wp","href":"https:\/\/api.w.org\/{rel}","templated":true}]}}