{"id":416967,"date":"2026-03-12T16:24:58","date_gmt":"2026-03-12T19:24:58","guid":{"rendered":"https:\/\/blogdofarnesio.com.br\/?p=416967"},"modified":"2026-03-12T15:04:50","modified_gmt":"2026-03-12T18:04:50","slug":"imprensa-convidada-para-a-festa-de-sao-jose-no-rodeadouro","status":"publish","type":"post","link":"https:\/\/blogdofarnesio.com.br\/?p=416967","title":{"rendered":"Imprensa e comunidade regional convidadas para a festa de S\u00e3o Jos\u00e9 no Rodeadouro"},"content":{"rendered":"<p dir=\"ltr\">No dia 19 de mar\u00e7o, a comunidade do Rodeadouro, em Juazeiro (BA), celebra a tradicional Festa de S\u00e3o Jos\u00e9, uma das manifesta\u00e7\u00f5es religiosas e culturais mais importantes da regi\u00e3o ribeirinha do Rio S\u00e3o Francisco.<\/p>\n<p dir=\"ltr\">Para proporcionar uma cobertura especial da celebra\u00e7\u00e3o, a Secretaria de Cultura, Turismo e Esporte de Juazeiro (Seculte) convida jornalistas e comunicadores para acompanhar a romaria e a prociss\u00e3o fluvial que integra a programa\u00e7\u00e3o do noven\u00e1rio em homenagem ao santo padroeiro da comunidade.<\/p>\n<p dir=\"ltr\">A sa\u00edda da comitiva da imprensa est\u00e1 prevista para 8h, com concentra\u00e7\u00e3o \u00e0s 7h30 nas rampas da casa de Jo\u00e3o Freitas (Orla I), de onde partir\u00e3o embarca\u00e7\u00f5es em dire\u00e7\u00e3o \u00e0 comunidade do Rodeadouro. O trajeto ser\u00e1 realizado nas barcas Nilo Brasileiro e Opar\u00e1, permitindo que os convidados acompanhem a prociss\u00e3o pelas \u00e1guas do Rio S\u00e3o Francisco.<\/p>\n<p dir=\"ltr\"><img loading=\"lazy\" decoding=\"async\" class=\"aligncenter size-full wp-image-390320\" src=\"https:\/\/blogdofarnesio.com.br\/wp-content\/uploads\/2025\/03\/blogqspjua-rodeadouro-samba-de-veio-2-e1742676364660.jpeg\" alt=\"\" width=\"600\" height=\"400\" \/>Durante o trajeto, os participantes ser\u00e3o recepcionados com um caf\u00e9 da manh\u00e3. Ap\u00f3s a chegada, poder\u00e3o acompanhar as apresenta\u00e7\u00f5es culturais que integram a programa\u00e7\u00e3o do dia, entre elas o tradicional Samba de V\u00e9io do Rodeadouro, manifesta\u00e7\u00e3o cultural centen\u00e1ria da comunidade. A programa\u00e7\u00e3o contar\u00e1 ainda com apresenta\u00e7\u00f5es musicais.<\/p>\n<p dir=\"ltr\">Devido \u00e0 capacidade limitada das embarca\u00e7\u00f5es, solicitamos que cada ve\u00edculo de comunica\u00e7\u00e3o confirme um (1) representante para participar da cobertura.<\/p>\n<p dir=\"ltr\">Pedimos a gentileza de confirmar presen\u00e7a at\u00e9 o dia 17 de mar\u00e7o, para organiza\u00e7\u00e3o da log\u00edstica e credenciamento.<\/p>\n<p dir=\"ltr\">Ser\u00e1 uma grande alegria contar com a presen\u00e7a da imprensa para registrar e divulgar este momento de f\u00e9, cultura e tradi\u00e7\u00e3o do povo ribeirinho de Juazeiro.<\/p>\n","protected":false},"excerpt":{"rendered":"<p>No dia 19 de mar\u00e7o, a comunidade do Rodeadouro, em Juazeiro (BA), celebra a tradicional Festa de S\u00e3o Jos\u00e9, uma das manifesta\u00e7\u00f5es religiosas e culturais mais importantes da regi\u00e3o ribeirinha do Rio S\u00e3o Francisco. Para proporcionar uma cobertura especial da celebra\u00e7\u00e3o, a Secretaria de Cultura, Turismo e Esporte de Juazeiro (Seculte) convida jornalistas e comunicadores para acompanhar a romaria e a prociss\u00e3o fluvial que integra a programa\u00e7\u00e3o do noven\u00e1rio em homenagem ao santo padroeiro da comunidade. A sa\u00edda da comitiva da imprensa est\u00e1 prevista para 8h, com concentra\u00e7\u00e3o \u00e0s 7h30 nas rampas da casa de Jo\u00e3o Freitas (Orla I), de onde partir\u00e3o embarca\u00e7\u00f5es em dire\u00e7\u00e3o \u00e0 comunidade do Rodeadouro. O trajeto ser\u00e1 realizado nas barcas Nilo Brasileiro e Opar\u00e1, permitindo&hellip; <\/p>\n","protected":false},"author":2,"featured_media":389112,"comment_status":"open","ping_status":"open","sticky":false,"template":"","format":"standard","meta":{"_acf_changed":false,"footnotes":""},"categories":[10],"tags":[],"class_list":["post-416967","post","type-post","status-publish","format-standard","has-post-thumbnail","hentry","category-cultura"],"acf":[],"yoast_head":"<!-- This site is optimized with the Yoast SEO plugin v27.4 - https:\/\/yoast.com\/product\/yoast-seo-wordpress\/ -->\n<title>Imprensa e comunidade regional convidadas para a festa de S\u00e3o Jos\u00e9 no Rodeadouro - Blog do Farn\u00e9sio<\/title>\n<meta name=\"robots\" content=\"index, follow, max-snippet:-1, max-image-preview:large, max-video-preview:-1\" \/>\n<link rel=\"canonical\" href=\"https:\/\/blogdofarnesio.com.br\/?p=416967\" \/>\n<meta property=\"og:locale\" content=\"pt_BR\" \/>\n<meta property=\"og:type\" content=\"article\" \/>\n<meta property=\"og:title\" content=\"Imprensa e comunidade regional convidadas para a festa de S\u00e3o Jos\u00e9 no Rodeadouro - Blog do Farn\u00e9sio\" \/>\n<meta property=\"og:description\" content=\"No dia 19 de mar\u00e7o, a comunidade do Rodeadouro, em Juazeiro (BA), celebra a tradicional Festa de S\u00e3o Jos\u00e9, uma das manifesta\u00e7\u00f5es religiosas e culturais mais importantes da regi\u00e3o ribeirinha do Rio S\u00e3o Francisco. Para proporcionar uma cobertura especial da celebra\u00e7\u00e3o, a Secretaria de Cultura, Turismo e Esporte de Juazeiro (Seculte) convida jornalistas e comunicadores para acompanhar a romaria e a prociss\u00e3o fluvial que integra a programa\u00e7\u00e3o do noven\u00e1rio em homenagem ao santo padroeiro da comunidade. A sa\u00edda da comitiva da imprensa est\u00e1 prevista para 8h, com concentra\u00e7\u00e3o \u00e0s 7h30 nas rampas da casa de Jo\u00e3o Freitas (Orla I), de onde partir\u00e3o embarca\u00e7\u00f5es em dire\u00e7\u00e3o \u00e0 comunidade do Rodeadouro. O trajeto ser\u00e1 realizado nas barcas Nilo Brasileiro e Opar\u00e1, permitindo&hellip;\" \/>\n<meta property=\"og:url\" content=\"https:\/\/blogdofarnesio.com.br\/?p=416967\" \/>\n<meta property=\"og:site_name\" content=\"Blog do Farn\u00e9sio\" \/>\n<meta property=\"article:publisher\" content=\"https:\/\/www.facebook.com\/BlogQuerSaberPolitica\/\" \/>\n<meta property=\"article:author\" content=\"https:\/\/www.facebook.com\/?ref=tn_tnmn\" \/>\n<meta property=\"article:published_time\" content=\"2026-03-12T19:24:58+00:00\" \/>\n<meta property=\"og:image\" content=\"https:\/\/blogdofarnesio.com.br\/wp-content\/uploads\/2025\/03\/blogqspjua-rodeadouro-sao-jose-e1741287008501.jpeg\" \/>\n\t<meta property=\"og:image:width\" content=\"543\" \/>\n\t<meta property=\"og:image:height\" content=\"294\" \/>\n\t<meta property=\"og:image:type\" content=\"image\/jpeg\" \/>\n<meta name=\"author\" content=\"Farn\u00e9sio\" \/>\n<meta name=\"twitter:card\" content=\"summary_large_image\" \/>\n<meta name=\"twitter:label1\" content=\"Escrito por\" \/>\n\t<meta name=\"twitter:data1\" content=\"Farn\u00e9sio\" \/>\n\t<meta name=\"twitter:label2\" content=\"Est. tempo de leitura\" \/>\n\t<meta name=\"twitter:data2\" content=\"2 minutos\" \/>\n<script type=\"application\/ld+json\" class=\"yoast-schema-graph\">{\"@context\":\"https:\\\/\\\/schema.org\",\"@graph\":[{\"@type\":\"Article\",\"@id\":\"https:\\\/\\\/blogdofarnesio.com.br\\\/?p=416967#article\",\"isPartOf\":{\"@id\":\"https:\\\/\\\/blogdofarnesio.com.br\\\/?p=416967\"},\"author\":{\"name\":\"Farn\u00e9sio\",\"@id\":\"https:\\\/\\\/blogdofarnesio.com.br\\\/#\\\/schema\\\/person\\\/bb9b23ae3ad0609ce8df7b6c9e76824d\"},\"headline\":\"Imprensa e comunidade regional convidadas para a festa de S\u00e3o Jos\u00e9 no Rodeadouro\",\"datePublished\":\"2026-03-12T19:24:58+00:00\",\"mainEntityOfPage\":{\"@id\":\"https:\\\/\\\/blogdofarnesio.com.br\\\/?p=416967\"},\"wordCount\":288,\"commentCount\":0,\"publisher\":{\"@id\":\"https:\\\/\\\/blogdofarnesio.com.br\\\/#organization\"},\"image\":{\"@id\":\"https:\\\/\\\/blogdofarnesio.com.br\\\/?p=416967#primaryimage\"},\"thumbnailUrl\":\"https:\\\/\\\/blogdofarnesio.com.br\\\/wp-content\\\/uploads\\\/2025\\\/03\\\/blogqspjua-rodeadouro-sao-jose-e1741287008501.jpeg\",\"articleSection\":[\"Cultura\"],\"inLanguage\":\"pt-BR\",\"potentialAction\":[{\"@type\":\"CommentAction\",\"name\":\"Comment\",\"target\":[\"https:\\\/\\\/blogdofarnesio.com.br\\\/?p=416967#respond\"]}]},{\"@type\":\"WebPage\",\"@id\":\"https:\\\/\\\/blogdofarnesio.com.br\\\/?p=416967\",\"url\":\"https:\\\/\\\/blogdofarnesio.com.br\\\/?p=416967\",\"name\":\"Imprensa e comunidade regional convidadas para a festa de S\u00e3o Jos\u00e9 no Rodeadouro - Blog do Farn\u00e9sio\",\"isPartOf\":{\"@id\":\"https:\\\/\\\/blogdofarnesio.com.br\\\/#website\"},\"primaryImageOfPage\":{\"@id\":\"https:\\\/\\\/blogdofarnesio.com.br\\\/?p=416967#primaryimage\"},\"image\":{\"@id\":\"https:\\\/\\\/blogdofarnesio.com.br\\\/?p=416967#primaryimage\"},\"thumbnailUrl\":\"https:\\\/\\\/blogdofarnesio.com.br\\\/wp-content\\\/uploads\\\/2025\\\/03\\\/blogqspjua-rodeadouro-sao-jose-e1741287008501.jpeg\",\"datePublished\":\"2026-03-12T19:24:58+00:00\",\"breadcrumb\":{\"@id\":\"https:\\\/\\\/blogdofarnesio.com.br\\\/?p=416967#breadcrumb\"},\"inLanguage\":\"pt-BR\",\"potentialAction\":[{\"@type\":\"ReadAction\",\"target\":[\"https:\\\/\\\/blogdofarnesio.com.br\\\/?p=416967\"]}]},{\"@type\":\"ImageObject\",\"inLanguage\":\"pt-BR\",\"@id\":\"https:\\\/\\\/blogdofarnesio.com.br\\\/?p=416967#primaryimage\",\"url\":\"https:\\\/\\\/blogdofarnesio.com.br\\\/wp-content\\\/uploads\\\/2025\\\/03\\\/blogqspjua-rodeadouro-sao-jose-e1741287008501.jpeg\",\"contentUrl\":\"https:\\\/\\\/blogdofarnesio.com.br\\\/wp-content\\\/uploads\\\/2025\\\/03\\\/blogqspjua-rodeadouro-sao-jose-e1741287008501.jpeg\",\"width\":543,\"height\":294},{\"@type\":\"BreadcrumbList\",\"@id\":\"https:\\\/\\\/blogdofarnesio.com.br\\\/?p=416967#breadcrumb\",\"itemListElement\":[{\"@type\":\"ListItem\",\"position\":1,\"name\":\"In\u00edcio\",\"item\":\"https:\\\/\\\/blogdofarnesio.com.br\\\/\"},{\"@type\":\"ListItem\",\"position\":2,\"name\":\"Imprensa e comunidade regional convidadas para a festa de S\u00e3o Jos\u00e9 no Rodeadouro\"}]},{\"@type\":\"WebSite\",\"@id\":\"https:\\\/\\\/blogdofarnesio.com.br\\\/#website\",\"url\":\"https:\\\/\\\/blogdofarnesio.com.br\\\/\",\"name\":\"Blog do Farn\u00e9sio\",\"description\":\"Quer Saber Pol\u00edtica?\",\"publisher\":{\"@id\":\"https:\\\/\\\/blogdofarnesio.com.br\\\/#organization\"},\"potentialAction\":[{\"@type\":\"SearchAction\",\"target\":{\"@type\":\"EntryPoint\",\"urlTemplate\":\"https:\\\/\\\/blogdofarnesio.com.br\\\/?s={search_term_string}\"},\"query-input\":{\"@type\":\"PropertyValueSpecification\",\"valueRequired\":true,\"valueName\":\"search_term_string\"}}],\"inLanguage\":\"pt-BR\"},{\"@type\":\"Organization\",\"@id\":\"https:\\\/\\\/blogdofarnesio.com.br\\\/#organization\",\"name\":\"Blog do Farn\u00e9sio\",\"url\":\"https:\\\/\\\/blogdofarnesio.com.br\\\/\",\"logo\":{\"@type\":\"ImageObject\",\"inLanguage\":\"pt-BR\",\"@id\":\"https:\\\/\\\/blogdofarnesio.com.br\\\/#\\\/schema\\\/logo\\\/image\\\/\",\"url\":\"https:\\\/\\\/blogdofarnesio.com.br\\\/wp-content\\\/uploads\\\/2026\\\/03\\\/cropped-logo_new-1.png\",\"contentUrl\":\"https:\\\/\\\/blogdofarnesio.com.br\\\/wp-content\\\/uploads\\\/2026\\\/03\\\/cropped-logo_new-1.png\",\"width\":881,\"height\":685,\"caption\":\"Blog do Farn\u00e9sio\"},\"image\":{\"@id\":\"https:\\\/\\\/blogdofarnesio.com.br\\\/#\\\/schema\\\/logo\\\/image\\\/\"},\"sameAs\":[\"https:\\\/\\\/www.facebook.com\\\/BlogQuerSaberPolitica\\\/\"]},{\"@type\":\"Person\",\"@id\":\"https:\\\/\\\/blogdofarnesio.com.br\\\/#\\\/schema\\\/person\\\/bb9b23ae3ad0609ce8df7b6c9e76824d\",\"name\":\"Farn\u00e9sio\",\"image\":{\"@type\":\"ImageObject\",\"inLanguage\":\"pt-BR\",\"@id\":\"https:\\\/\\\/secure.gravatar.com\\\/avatar\\\/986aa4c61ccdb66f8555bf88fc2a65609d00bcabd4d2d94377a727547345cbca?s=96&d=mm&r=g\",\"url\":\"https:\\\/\\\/secure.gravatar.com\\\/avatar\\\/986aa4c61ccdb66f8555bf88fc2a65609d00bcabd4d2d94377a727547345cbca?s=96&d=mm&r=g\",\"contentUrl\":\"https:\\\/\\\/secure.gravatar.com\\\/avatar\\\/986aa4c61ccdb66f8555bf88fc2a65609d00bcabd4d2d94377a727547345cbca?s=96&d=mm&r=g\",\"caption\":\"Farn\u00e9sio\"},\"description\":\"Radialista blogueiro, chegou a Petrolina\\\/Juazeiro em setembro de 1980, Farn\u00e9sio Silva \u00e9 de Arapiraca-Alagoas.\",\"sameAs\":[\"http:\\\/\\\/blogdofarnesio.com.br\",\"https:\\\/\\\/www.facebook.com\\\/?ref=tn_tnmn\",\"https:\\\/\\\/www.instagram.com\\\/?utm_source=pwa_homescreen\",\"https:\\\/\\\/youtube.com.br\\\/\"],\"url\":\"https:\\\/\\\/blogdofarnesio.com.br\\\/?author=2\"}]}<\/script>\n<!-- \/ Yoast SEO plugin. -->","yoast_head_json":{"title":"Imprensa e comunidade regional convidadas para a festa de S\u00e3o Jos\u00e9 no Rodeadouro - Blog do Farn\u00e9sio","robots":{"index":"index","follow":"follow","max-snippet":"max-snippet:-1","max-image-preview":"max-image-preview:large","max-video-preview":"max-video-preview:-1"},"canonical":"https:\/\/blogdofarnesio.com.br\/?p=416967","og_locale":"pt_BR","og_type":"article","og_title":"Imprensa e comunidade regional convidadas para a festa de S\u00e3o Jos\u00e9 no Rodeadouro - Blog do Farn\u00e9sio","og_description":"No dia 19 de mar\u00e7o, a comunidade do Rodeadouro, em Juazeiro (BA), celebra a tradicional Festa de S\u00e3o Jos\u00e9, uma das manifesta\u00e7\u00f5es religiosas e culturais mais importantes da regi\u00e3o ribeirinha do Rio S\u00e3o Francisco. Para proporcionar uma cobertura especial da celebra\u00e7\u00e3o, a Secretaria de Cultura, Turismo e Esporte de Juazeiro (Seculte) convida jornalistas e comunicadores para acompanhar a romaria e a prociss\u00e3o fluvial que integra a programa\u00e7\u00e3o do noven\u00e1rio em homenagem ao santo padroeiro da comunidade. A sa\u00edda da comitiva da imprensa est\u00e1 prevista para 8h, com concentra\u00e7\u00e3o \u00e0s 7h30 nas rampas da casa de Jo\u00e3o Freitas (Orla I), de onde partir\u00e3o embarca\u00e7\u00f5es em dire\u00e7\u00e3o \u00e0 comunidade do Rodeadouro. O trajeto ser\u00e1 realizado nas barcas Nilo Brasileiro e Opar\u00e1, permitindo&hellip;","og_url":"https:\/\/blogdofarnesio.com.br\/?p=416967","og_site_name":"Blog do Farn\u00e9sio","article_publisher":"https:\/\/www.facebook.com\/BlogQuerSaberPolitica\/","article_author":"https:\/\/www.facebook.com\/?ref=tn_tnmn","article_published_time":"2026-03-12T19:24:58+00:00","og_image":[{"width":543,"height":294,"url":"https:\/\/blogdofarnesio.com.br\/wp-content\/uploads\/2025\/03\/blogqspjua-rodeadouro-sao-jose-e1741287008501.jpeg","type":"image\/jpeg"}],"author":"Farn\u00e9sio","twitter_card":"summary_large_image","twitter_misc":{"Escrito por":"Farn\u00e9sio","Est. tempo de leitura":"2 minutos"},"schema":{"@context":"https:\/\/schema.org","@graph":[{"@type":"Article","@id":"https:\/\/blogdofarnesio.com.br\/?p=416967#article","isPartOf":{"@id":"https:\/\/blogdofarnesio.com.br\/?p=416967"},"author":{"name":"Farn\u00e9sio","@id":"https:\/\/blogdofarnesio.com.br\/#\/schema\/person\/bb9b23ae3ad0609ce8df7b6c9e76824d"},"headline":"Imprensa e comunidade regional convidadas para a festa de S\u00e3o Jos\u00e9 no Rodeadouro","datePublished":"2026-03-12T19:24:58+00:00","mainEntityOfPage":{"@id":"https:\/\/blogdofarnesio.com.br\/?p=416967"},"wordCount":288,"commentCount":0,"publisher":{"@id":"https:\/\/blogdofarnesio.com.br\/#organization"},"image":{"@id":"https:\/\/blogdofarnesio.com.br\/?p=416967#primaryimage"},"thumbnailUrl":"https:\/\/blogdofarnesio.com.br\/wp-content\/uploads\/2025\/03\/blogqspjua-rodeadouro-sao-jose-e1741287008501.jpeg","articleSection":["Cultura"],"inLanguage":"pt-BR","potentialAction":[{"@type":"CommentAction","name":"Comment","target":["https:\/\/blogdofarnesio.com.br\/?p=416967#respond"]}]},{"@type":"WebPage","@id":"https:\/\/blogdofarnesio.com.br\/?p=416967","url":"https:\/\/blogdofarnesio.com.br\/?p=416967","name":"Imprensa e comunidade regional convidadas para a festa de S\u00e3o Jos\u00e9 no Rodeadouro - Blog do Farn\u00e9sio","isPartOf":{"@id":"https:\/\/blogdofarnesio.com.br\/#website"},"primaryImageOfPage":{"@id":"https:\/\/blogdofarnesio.com.br\/?p=416967#primaryimage"},"image":{"@id":"https:\/\/blogdofarnesio.com.br\/?p=416967#primaryimage"},"thumbnailUrl":"https:\/\/blogdofarnesio.com.br\/wp-content\/uploads\/2025\/03\/blogqspjua-rodeadouro-sao-jose-e1741287008501.jpeg","datePublished":"2026-03-12T19:24:58+00:00","breadcrumb":{"@id":"https:\/\/blogdofarnesio.com.br\/?p=416967#breadcrumb"},"inLanguage":"pt-BR","potentialAction":[{"@type":"ReadAction","target":["https:\/\/blogdofarnesio.com.br\/?p=416967"]}]},{"@type":"ImageObject","inLanguage":"pt-BR","@id":"https:\/\/blogdofarnesio.com.br\/?p=416967#primaryimage","url":"https:\/\/blogdofarnesio.com.br\/wp-content\/uploads\/2025\/03\/blogqspjua-rodeadouro-sao-jose-e1741287008501.jpeg","contentUrl":"https:\/\/blogdofarnesio.com.br\/wp-content\/uploads\/2025\/03\/blogqspjua-rodeadouro-sao-jose-e1741287008501.jpeg","width":543,"height":294},{"@type":"BreadcrumbList","@id":"https:\/\/blogdofarnesio.com.br\/?p=416967#breadcrumb","itemListElement":[{"@type":"ListItem","position":1,"name":"In\u00edcio","item":"https:\/\/blogdofarnesio.com.br\/"},{"@type":"ListItem","position":2,"name":"Imprensa e comunidade regional convidadas para a festa de S\u00e3o Jos\u00e9 no Rodeadouro"}]},{"@type":"WebSite","@id":"https:\/\/blogdofarnesio.com.br\/#website","url":"https:\/\/blogdofarnesio.com.br\/","name":"Blog do Farn\u00e9sio","description":"Quer Saber Pol\u00edtica?","publisher":{"@id":"https:\/\/blogdofarnesio.com.br\/#organization"},"potentialAction":[{"@type":"SearchAction","target":{"@type":"EntryPoint","urlTemplate":"https:\/\/blogdofarnesio.com.br\/?s={search_term_string}"},"query-input":{"@type":"PropertyValueSpecification","valueRequired":true,"valueName":"search_term_string"}}],"inLanguage":"pt-BR"},{"@type":"Organization","@id":"https:\/\/blogdofarnesio.com.br\/#organization","name":"Blog do Farn\u00e9sio","url":"https:\/\/blogdofarnesio.com.br\/","logo":{"@type":"ImageObject","inLanguage":"pt-BR","@id":"https:\/\/blogdofarnesio.com.br\/#\/schema\/logo\/image\/","url":"https:\/\/blogdofarnesio.com.br\/wp-content\/uploads\/2026\/03\/cropped-logo_new-1.png","contentUrl":"https:\/\/blogdofarnesio.com.br\/wp-content\/uploads\/2026\/03\/cropped-logo_new-1.png","width":881,"height":685,"caption":"Blog do Farn\u00e9sio"},"image":{"@id":"https:\/\/blogdofarnesio.com.br\/#\/schema\/logo\/image\/"},"sameAs":["https:\/\/www.facebook.com\/BlogQuerSaberPolitica\/"]},{"@type":"Person","@id":"https:\/\/blogdofarnesio.com.br\/#\/schema\/person\/bb9b23ae3ad0609ce8df7b6c9e76824d","name":"Farn\u00e9sio","image":{"@type":"ImageObject","inLanguage":"pt-BR","@id":"https:\/\/secure.gravatar.com\/avatar\/986aa4c61ccdb66f8555bf88fc2a65609d00bcabd4d2d94377a727547345cbca?s=96&d=mm&r=g","url":"https:\/\/secure.gravatar.com\/avatar\/986aa4c61ccdb66f8555bf88fc2a65609d00bcabd4d2d94377a727547345cbca?s=96&d=mm&r=g","contentUrl":"https:\/\/secure.gravatar.com\/avatar\/986aa4c61ccdb66f8555bf88fc2a65609d00bcabd4d2d94377a727547345cbca?s=96&d=mm&r=g","caption":"Farn\u00e9sio"},"description":"Radialista blogueiro, chegou a Petrolina\/Juazeiro em setembro de 1980, Farn\u00e9sio Silva \u00e9 de Arapiraca-Alagoas.","sameAs":["http:\/\/blogdofarnesio.com.br","https:\/\/www.facebook.com\/?ref=tn_tnmn","https:\/\/www.instagram.com\/?utm_source=pwa_homescreen","https:\/\/youtube.com.br\/"],"url":"https:\/\/blogdofarnesio.com.br\/?author=2"}]}},"_links":{"self":[{"href":"https:\/\/blogdofarnesio.com.br\/index.php?rest_route=\/wp\/v2\/posts\/416967","targetHints":{"allow":["GET"]}}],"collection":[{"href":"https:\/\/blogdofarnesio.com.br\/index.php?rest_route=\/wp\/v2\/posts"}],"about":[{"href":"https:\/\/blogdofarnesio.com.br\/index.php?rest_route=\/wp\/v2\/types\/post"}],"author":[{"embeddable":true,"href":"https:\/\/blogdofarnesio.com.br\/index.php?rest_route=\/wp\/v2\/users\/2"}],"replies":[{"embeddable":true,"href":"https:\/\/blogdofarnesio.com.br\/index.php?rest_route=%2Fwp%2Fv2%2Fcomments&post=416967"}],"version-history":[{"count":2,"href":"https:\/\/blogdofarnesio.com.br\/index.php?rest_route=\/wp\/v2\/posts\/416967\/revisions"}],"predecessor-version":[{"id":416969,"href":"https:\/\/blogdofarnesio.com.br\/index.php?rest_route=\/wp\/v2\/posts\/416967\/revisions\/416969"}],"wp:featuredmedia":[{"embeddable":true,"href":"https:\/\/blogdofarnesio.com.br\/index.php?rest_route=\/wp\/v2\/media\/389112"}],"wp:attachment":[{"href":"https:\/\/blogdofarnesio.com.br\/index.php?rest_route=%2Fwp%2Fv2%2Fmedia&parent=416967"}],"wp:term":[{"taxonomy":"category","embeddable":true,"href":"https:\/\/blogdofarnesio.com.br\/index.php?rest_route=%2Fwp%2Fv2%2Fcategories&post=416967"},{"taxonomy":"post_tag","embeddable":true,"href":"https:\/\/blogdofarnesio.com.br\/index.php?rest_route=%2Fwp%2Fv2%2Ftags&post=416967"}],"curies":[{"name":"wp","href":"https:\/\/api.w.org\/{rel}","templated":true}]}}