{"id":416962,"date":"2026-03-12T16:04:21","date_gmt":"2026-03-12T19:04:21","guid":{"rendered":"https:\/\/blogdofarnesio.com.br\/?p=416962"},"modified":"2026-03-12T13:24:07","modified_gmt":"2026-03-12T16:24:07","slug":"claudia-leitte-faz-desabafo-sobre-expectativa-diz-ter-sido-desrespeitada-e-recebe-apoio-do-marido-eu-nao-sou-legal","status":"publish","type":"post","link":"https:\/\/blogdofarnesio.com.br\/?p=416962","title":{"rendered":"Claudia Leitte faz desabafo sobre expectativa, diz ter sido desrespeitada e recebe apoio do marido: &#8220;Eu n\u00e3o sou legal&#8221;"},"content":{"rendered":"<div class=\"sc-24c322fd-1 laZqPV\">\n<div class=\"sc-24c322fd-3 giHdVV\">\n<p>A artista fez um desabafo nas redes sociais sobre a expectativa das pessoas em rela\u00e7\u00e3o a ela e deixou um recardo que foi aprovado pelo p\u00fablico. Para os f\u00e3s, a nova era de Claudia Leitte tem se mostrado &#8220;sem freio&#8221;, assim como se canta em &#8216;Plugin da Bagadeira&#8217;.<\/p>\n<p><iframe id=\"instagram-embed-0\" class=\"instagram-media instagram-media-rendered\" src=\"https:\/\/www.instagram.com\/p\/DVwX1EZj0jl\/embed\/?cr=1&amp;v=14&amp;wp=675&amp;rd=https%3A%2F%2Fwww.bahianoticias.com.br&amp;rp=%2F#%7B%22ci%22%3A0%2C%22os%22%3A49650.19999998808%2C%22ls%22%3A49293%2C%22le%22%3A49642.90000000596%7D\" height=\"809\" frameborder=\"0\" scrolling=\"no\" allowfullscreen=\"allowfullscreen\" data-instgrm-payload-id=\"instagram-media-payload-0\" data-gtm-yt-inspected-14=\"true\" data-mce-fragment=\"1\"><\/iframe>Na ocasi\u00e3o, Claudia falou sobre como as pessoas achavam que ela vivia, e entre as &#8220;vis\u00f5es&#8221; estava a de que as pessoas queriam que ela se tornasse uma cantora gospel, devido a religi\u00e3o evang\u00e9lica.<\/p>\n<p>Ao final da sequ\u00eancia de fotos, a artista compartilhou a mensagem do mentor motivacional Ed Siatti: &#8220;Minha vida melhorou muito depois que eu percebi que eu n\u00e3o tenho que ser legal. Quando eu era legal eu fui usado, fiquei estressado e fui desrespeitado. Eu n\u00e3o sou legal. Eu sou uma pessoa boa. Saiba a diferen\u00e7a&#8221;.<\/p>\n<p>Claudia recebeu o apoio do marido, M\u00e1rcio Pedreira e de alguns f\u00e3s e influenciadores, como o blogueiro Alesson. &#8220;Isso, vamos deixar a menina franzina l\u00e1 no tempo do Babado Novo. Hablaaa que voc\u00ea n\u00e3o \u00e9 muda&#8221;, comentou.<\/p>\n<p>&#8220;T\u00f4 amando essa fase afrontosa, a bagunceira acordouuuuuuu Brasil&#8221;, escreveu outro f\u00e3. &#8220;A senhora t\u00e1 lacradora esses dias em! Copo na m\u00e3o, narrativas, recadinhos e as inimigas no ch\u00e3o! Te amooos!&#8221;, disse mais um.<\/p>\n<p>Apesar de ter o nome envolvido em pol\u00eamicas, a exemplo da situa\u00e7\u00e3o com a m\u00fasica &#8216;Caranguejo (Cata Caranguejo)&#8217; e a suposta rivalidade com Ivete Sangalo, Claudia Leitte n\u00e3o se pronuncia sobre assuntos que n\u00e3o envolvam a carreira, o que faz com que os f\u00e3s cobrem um posicionamento da artista sempre que ela \u00e9 citada em alguma confus\u00e3o na web.<\/p>\n<p>Por isso, os seguidores passaram a elogiar o comportamento mais &#8220;afrontoso&#8221; da artista, ainda que n\u00e3o haja men\u00e7\u00e3o a nenhuma das confus\u00f5es.<\/p>\n<p>Nos stories, Claudia comentou a pr\u00f3pria postagem: &#8220;A gente chega num n\u00edvel de paci\u00eancia onde nem se importa mais, s\u00f3 olha e fala: t\u00e1&#8221;.<\/p>\n<\/div>\n<\/div>\n","protected":false},"excerpt":{"rendered":"<p>A artista fez um desabafo nas redes sociais sobre a expectativa das pessoas em rela\u00e7\u00e3o a ela e deixou um recardo que foi aprovado pelo p\u00fablico. Para os f\u00e3s, a nova era de Claudia Leitte tem se mostrado &#8220;sem freio&#8221;, assim como se canta em &#8216;Plugin da Bagadeira&#8217;. Na ocasi\u00e3o, Claudia falou sobre como as pessoas achavam que ela vivia, e entre as &#8220;vis\u00f5es&#8221; estava a de que as pessoas queriam que ela se tornasse uma cantora gospel, devido a religi\u00e3o evang\u00e9lica. Ao final da sequ\u00eancia de fotos, a artista compartilhou a mensagem do mentor motivacional Ed Siatti: &#8220;Minha vida melhorou muito depois que eu percebi que eu n\u00e3o tenho que ser legal. Quando eu era legal eu fui usado,&hellip; <\/p>\n","protected":false},"author":2,"featured_media":245677,"comment_status":"open","ping_status":"open","sticky":false,"template":"","format":"standard","meta":{"_acf_changed":false,"footnotes":""},"categories":[3],"tags":[],"class_list":["post-416962","post","type-post","status-publish","format-standard","has-post-thumbnail","hentry","category-entretenimento"],"acf":[],"yoast_head":"<!-- This site is optimized with the Yoast SEO plugin v27.4 - https:\/\/yoast.com\/product\/yoast-seo-wordpress\/ -->\n<title>Claudia Leitte faz desabafo sobre expectativa, diz ter sido desrespeitada e recebe apoio do marido: &quot;Eu n\u00e3o sou legal&quot; - Blog do Farn\u00e9sio<\/title>\n<meta name=\"robots\" content=\"index, follow, max-snippet:-1, max-image-preview:large, max-video-preview:-1\" \/>\n<link rel=\"canonical\" href=\"https:\/\/blogdofarnesio.com.br\/?p=416962\" \/>\n<meta property=\"og:locale\" content=\"pt_BR\" \/>\n<meta property=\"og:type\" content=\"article\" \/>\n<meta property=\"og:title\" content=\"Claudia Leitte faz desabafo sobre expectativa, diz ter sido desrespeitada e recebe apoio do marido: &quot;Eu n\u00e3o sou legal&quot; - Blog do Farn\u00e9sio\" \/>\n<meta property=\"og:description\" content=\"A artista fez um desabafo nas redes sociais sobre a expectativa das pessoas em rela\u00e7\u00e3o a ela e deixou um recardo que foi aprovado pelo p\u00fablico. Para os f\u00e3s, a nova era de Claudia Leitte tem se mostrado &#8220;sem freio&#8221;, assim como se canta em &#8216;Plugin da Bagadeira&#8217;. Na ocasi\u00e3o, Claudia falou sobre como as pessoas achavam que ela vivia, e entre as &#8220;vis\u00f5es&#8221; estava a de que as pessoas queriam que ela se tornasse uma cantora gospel, devido a religi\u00e3o evang\u00e9lica. Ao final da sequ\u00eancia de fotos, a artista compartilhou a mensagem do mentor motivacional Ed Siatti: &#8220;Minha vida melhorou muito depois que eu percebi que eu n\u00e3o tenho que ser legal. Quando eu era legal eu fui usado,&hellip;\" \/>\n<meta property=\"og:url\" content=\"https:\/\/blogdofarnesio.com.br\/?p=416962\" \/>\n<meta property=\"og:site_name\" content=\"Blog do Farn\u00e9sio\" \/>\n<meta property=\"article:publisher\" content=\"https:\/\/www.facebook.com\/BlogQuerSaberPolitica\/\" \/>\n<meta property=\"article:author\" content=\"https:\/\/www.facebook.com\/?ref=tn_tnmn\" \/>\n<meta property=\"article:published_time\" content=\"2026-03-12T19:04:21+00:00\" \/>\n<meta property=\"og:image\" content=\"https:\/\/blogdofarnesio.com.br\/wp-content\/uploads\/2019\/12\/blogqspclaudia-leitte-abandona-coletiva-ao-saber-da-morte-de-musico-divulga\u00e7\u00e3o-e1576238626711.jpg\" \/>\n\t<meta property=\"og:image:width\" content=\"600\" \/>\n\t<meta property=\"og:image:height\" content=\"282\" \/>\n\t<meta property=\"og:image:type\" content=\"image\/jpeg\" \/>\n<meta name=\"author\" content=\"Farn\u00e9sio\" \/>\n<meta name=\"twitter:card\" content=\"summary_large_image\" \/>\n<meta name=\"twitter:label1\" content=\"Escrito por\" \/>\n\t<meta name=\"twitter:data1\" content=\"Farn\u00e9sio\" \/>\n\t<meta name=\"twitter:label2\" content=\"Est. tempo de leitura\" \/>\n\t<meta name=\"twitter:data2\" content=\"2 minutos\" \/>\n<script type=\"application\/ld+json\" class=\"yoast-schema-graph\">{\"@context\":\"https:\\\/\\\/schema.org\",\"@graph\":[{\"@type\":\"Article\",\"@id\":\"https:\\\/\\\/blogdofarnesio.com.br\\\/?p=416962#article\",\"isPartOf\":{\"@id\":\"https:\\\/\\\/blogdofarnesio.com.br\\\/?p=416962\"},\"author\":{\"name\":\"Farn\u00e9sio\",\"@id\":\"https:\\\/\\\/blogdofarnesio.com.br\\\/#\\\/schema\\\/person\\\/bb9b23ae3ad0609ce8df7b6c9e76824d\"},\"headline\":\"Claudia Leitte faz desabafo sobre expectativa, diz ter sido desrespeitada e recebe apoio do marido: &#8220;Eu n\u00e3o sou legal&#8221;\",\"datePublished\":\"2026-03-12T19:04:21+00:00\",\"mainEntityOfPage\":{\"@id\":\"https:\\\/\\\/blogdofarnesio.com.br\\\/?p=416962\"},\"wordCount\":360,\"commentCount\":0,\"publisher\":{\"@id\":\"https:\\\/\\\/blogdofarnesio.com.br\\\/#organization\"},\"image\":{\"@id\":\"https:\\\/\\\/blogdofarnesio.com.br\\\/?p=416962#primaryimage\"},\"thumbnailUrl\":\"https:\\\/\\\/blogdofarnesio.com.br\\\/wp-content\\\/uploads\\\/2019\\\/12\\\/blogqspclaudia-leitte-abandona-coletiva-ao-saber-da-morte-de-musico-divulga\u00e7\u00e3o-e1576238626711.jpg\",\"articleSection\":[\"Entretenimento\"],\"inLanguage\":\"pt-BR\",\"potentialAction\":[{\"@type\":\"CommentAction\",\"name\":\"Comment\",\"target\":[\"https:\\\/\\\/blogdofarnesio.com.br\\\/?p=416962#respond\"]}]},{\"@type\":\"WebPage\",\"@id\":\"https:\\\/\\\/blogdofarnesio.com.br\\\/?p=416962\",\"url\":\"https:\\\/\\\/blogdofarnesio.com.br\\\/?p=416962\",\"name\":\"Claudia Leitte faz desabafo sobre expectativa, diz ter sido desrespeitada e recebe apoio do marido: \\\"Eu n\u00e3o sou legal\\\" - Blog do Farn\u00e9sio\",\"isPartOf\":{\"@id\":\"https:\\\/\\\/blogdofarnesio.com.br\\\/#website\"},\"primaryImageOfPage\":{\"@id\":\"https:\\\/\\\/blogdofarnesio.com.br\\\/?p=416962#primaryimage\"},\"image\":{\"@id\":\"https:\\\/\\\/blogdofarnesio.com.br\\\/?p=416962#primaryimage\"},\"thumbnailUrl\":\"https:\\\/\\\/blogdofarnesio.com.br\\\/wp-content\\\/uploads\\\/2019\\\/12\\\/blogqspclaudia-leitte-abandona-coletiva-ao-saber-da-morte-de-musico-divulga\u00e7\u00e3o-e1576238626711.jpg\",\"datePublished\":\"2026-03-12T19:04:21+00:00\",\"breadcrumb\":{\"@id\":\"https:\\\/\\\/blogdofarnesio.com.br\\\/?p=416962#breadcrumb\"},\"inLanguage\":\"pt-BR\",\"potentialAction\":[{\"@type\":\"ReadAction\",\"target\":[\"https:\\\/\\\/blogdofarnesio.com.br\\\/?p=416962\"]}]},{\"@type\":\"ImageObject\",\"inLanguage\":\"pt-BR\",\"@id\":\"https:\\\/\\\/blogdofarnesio.com.br\\\/?p=416962#primaryimage\",\"url\":\"https:\\\/\\\/blogdofarnesio.com.br\\\/wp-content\\\/uploads\\\/2019\\\/12\\\/blogqspclaudia-leitte-abandona-coletiva-ao-saber-da-morte-de-musico-divulga\u00e7\u00e3o-e1576238626711.jpg\",\"contentUrl\":\"https:\\\/\\\/blogdofarnesio.com.br\\\/wp-content\\\/uploads\\\/2019\\\/12\\\/blogqspclaudia-leitte-abandona-coletiva-ao-saber-da-morte-de-musico-divulga\u00e7\u00e3o-e1576238626711.jpg\",\"width\":600,\"height\":282},{\"@type\":\"BreadcrumbList\",\"@id\":\"https:\\\/\\\/blogdofarnesio.com.br\\\/?p=416962#breadcrumb\",\"itemListElement\":[{\"@type\":\"ListItem\",\"position\":1,\"name\":\"In\u00edcio\",\"item\":\"https:\\\/\\\/blogdofarnesio.com.br\\\/\"},{\"@type\":\"ListItem\",\"position\":2,\"name\":\"Claudia Leitte faz desabafo sobre expectativa, diz ter sido desrespeitada e recebe apoio do marido: &#8220;Eu n\u00e3o sou legal&#8221;\"}]},{\"@type\":\"WebSite\",\"@id\":\"https:\\\/\\\/blogdofarnesio.com.br\\\/#website\",\"url\":\"https:\\\/\\\/blogdofarnesio.com.br\\\/\",\"name\":\"Blog do Farn\u00e9sio\",\"description\":\"Quer Saber Pol\u00edtica?\",\"publisher\":{\"@id\":\"https:\\\/\\\/blogdofarnesio.com.br\\\/#organization\"},\"potentialAction\":[{\"@type\":\"SearchAction\",\"target\":{\"@type\":\"EntryPoint\",\"urlTemplate\":\"https:\\\/\\\/blogdofarnesio.com.br\\\/?s={search_term_string}\"},\"query-input\":{\"@type\":\"PropertyValueSpecification\",\"valueRequired\":true,\"valueName\":\"search_term_string\"}}],\"inLanguage\":\"pt-BR\"},{\"@type\":\"Organization\",\"@id\":\"https:\\\/\\\/blogdofarnesio.com.br\\\/#organization\",\"name\":\"Blog do Farn\u00e9sio\",\"url\":\"https:\\\/\\\/blogdofarnesio.com.br\\\/\",\"logo\":{\"@type\":\"ImageObject\",\"inLanguage\":\"pt-BR\",\"@id\":\"https:\\\/\\\/blogdofarnesio.com.br\\\/#\\\/schema\\\/logo\\\/image\\\/\",\"url\":\"https:\\\/\\\/blogdofarnesio.com.br\\\/wp-content\\\/uploads\\\/2026\\\/03\\\/cropped-logo_new-1.png\",\"contentUrl\":\"https:\\\/\\\/blogdofarnesio.com.br\\\/wp-content\\\/uploads\\\/2026\\\/03\\\/cropped-logo_new-1.png\",\"width\":881,\"height\":685,\"caption\":\"Blog do Farn\u00e9sio\"},\"image\":{\"@id\":\"https:\\\/\\\/blogdofarnesio.com.br\\\/#\\\/schema\\\/logo\\\/image\\\/\"},\"sameAs\":[\"https:\\\/\\\/www.facebook.com\\\/BlogQuerSaberPolitica\\\/\"]},{\"@type\":\"Person\",\"@id\":\"https:\\\/\\\/blogdofarnesio.com.br\\\/#\\\/schema\\\/person\\\/bb9b23ae3ad0609ce8df7b6c9e76824d\",\"name\":\"Farn\u00e9sio\",\"image\":{\"@type\":\"ImageObject\",\"inLanguage\":\"pt-BR\",\"@id\":\"https:\\\/\\\/secure.gravatar.com\\\/avatar\\\/986aa4c61ccdb66f8555bf88fc2a65609d00bcabd4d2d94377a727547345cbca?s=96&d=mm&r=g\",\"url\":\"https:\\\/\\\/secure.gravatar.com\\\/avatar\\\/986aa4c61ccdb66f8555bf88fc2a65609d00bcabd4d2d94377a727547345cbca?s=96&d=mm&r=g\",\"contentUrl\":\"https:\\\/\\\/secure.gravatar.com\\\/avatar\\\/986aa4c61ccdb66f8555bf88fc2a65609d00bcabd4d2d94377a727547345cbca?s=96&d=mm&r=g\",\"caption\":\"Farn\u00e9sio\"},\"description\":\"Radialista blogueiro, chegou a Petrolina\\\/Juazeiro em setembro de 1980, Farn\u00e9sio Silva \u00e9 de Arapiraca-Alagoas.\",\"sameAs\":[\"http:\\\/\\\/blogdofarnesio.com.br\",\"https:\\\/\\\/www.facebook.com\\\/?ref=tn_tnmn\",\"https:\\\/\\\/www.instagram.com\\\/?utm_source=pwa_homescreen\",\"https:\\\/\\\/youtube.com.br\\\/\"],\"url\":\"https:\\\/\\\/blogdofarnesio.com.br\\\/?author=2\"}]}<\/script>\n<!-- \/ Yoast SEO plugin. -->","yoast_head_json":{"title":"Claudia Leitte faz desabafo sobre expectativa, diz ter sido desrespeitada e recebe apoio do marido: \"Eu n\u00e3o sou legal\" - Blog do Farn\u00e9sio","robots":{"index":"index","follow":"follow","max-snippet":"max-snippet:-1","max-image-preview":"max-image-preview:large","max-video-preview":"max-video-preview:-1"},"canonical":"https:\/\/blogdofarnesio.com.br\/?p=416962","og_locale":"pt_BR","og_type":"article","og_title":"Claudia Leitte faz desabafo sobre expectativa, diz ter sido desrespeitada e recebe apoio do marido: \"Eu n\u00e3o sou legal\" - Blog do Farn\u00e9sio","og_description":"A artista fez um desabafo nas redes sociais sobre a expectativa das pessoas em rela\u00e7\u00e3o a ela e deixou um recardo que foi aprovado pelo p\u00fablico. Para os f\u00e3s, a nova era de Claudia Leitte tem se mostrado &#8220;sem freio&#8221;, assim como se canta em &#8216;Plugin da Bagadeira&#8217;. Na ocasi\u00e3o, Claudia falou sobre como as pessoas achavam que ela vivia, e entre as &#8220;vis\u00f5es&#8221; estava a de que as pessoas queriam que ela se tornasse uma cantora gospel, devido a religi\u00e3o evang\u00e9lica. Ao final da sequ\u00eancia de fotos, a artista compartilhou a mensagem do mentor motivacional Ed Siatti: &#8220;Minha vida melhorou muito depois que eu percebi que eu n\u00e3o tenho que ser legal. Quando eu era legal eu fui usado,&hellip;","og_url":"https:\/\/blogdofarnesio.com.br\/?p=416962","og_site_name":"Blog do Farn\u00e9sio","article_publisher":"https:\/\/www.facebook.com\/BlogQuerSaberPolitica\/","article_author":"https:\/\/www.facebook.com\/?ref=tn_tnmn","article_published_time":"2026-03-12T19:04:21+00:00","og_image":[{"width":600,"height":282,"url":"https:\/\/blogdofarnesio.com.br\/wp-content\/uploads\/2019\/12\/blogqspclaudia-leitte-abandona-coletiva-ao-saber-da-morte-de-musico-divulga\u00e7\u00e3o-e1576238626711.jpg","type":"image\/jpeg"}],"author":"Farn\u00e9sio","twitter_card":"summary_large_image","twitter_misc":{"Escrito por":"Farn\u00e9sio","Est. tempo de leitura":"2 minutos"},"schema":{"@context":"https:\/\/schema.org","@graph":[{"@type":"Article","@id":"https:\/\/blogdofarnesio.com.br\/?p=416962#article","isPartOf":{"@id":"https:\/\/blogdofarnesio.com.br\/?p=416962"},"author":{"name":"Farn\u00e9sio","@id":"https:\/\/blogdofarnesio.com.br\/#\/schema\/person\/bb9b23ae3ad0609ce8df7b6c9e76824d"},"headline":"Claudia Leitte faz desabafo sobre expectativa, diz ter sido desrespeitada e recebe apoio do marido: &#8220;Eu n\u00e3o sou legal&#8221;","datePublished":"2026-03-12T19:04:21+00:00","mainEntityOfPage":{"@id":"https:\/\/blogdofarnesio.com.br\/?p=416962"},"wordCount":360,"commentCount":0,"publisher":{"@id":"https:\/\/blogdofarnesio.com.br\/#organization"},"image":{"@id":"https:\/\/blogdofarnesio.com.br\/?p=416962#primaryimage"},"thumbnailUrl":"https:\/\/blogdofarnesio.com.br\/wp-content\/uploads\/2019\/12\/blogqspclaudia-leitte-abandona-coletiva-ao-saber-da-morte-de-musico-divulga\u00e7\u00e3o-e1576238626711.jpg","articleSection":["Entretenimento"],"inLanguage":"pt-BR","potentialAction":[{"@type":"CommentAction","name":"Comment","target":["https:\/\/blogdofarnesio.com.br\/?p=416962#respond"]}]},{"@type":"WebPage","@id":"https:\/\/blogdofarnesio.com.br\/?p=416962","url":"https:\/\/blogdofarnesio.com.br\/?p=416962","name":"Claudia Leitte faz desabafo sobre expectativa, diz ter sido desrespeitada e recebe apoio do marido: \"Eu n\u00e3o sou legal\" - Blog do Farn\u00e9sio","isPartOf":{"@id":"https:\/\/blogdofarnesio.com.br\/#website"},"primaryImageOfPage":{"@id":"https:\/\/blogdofarnesio.com.br\/?p=416962#primaryimage"},"image":{"@id":"https:\/\/blogdofarnesio.com.br\/?p=416962#primaryimage"},"thumbnailUrl":"https:\/\/blogdofarnesio.com.br\/wp-content\/uploads\/2019\/12\/blogqspclaudia-leitte-abandona-coletiva-ao-saber-da-morte-de-musico-divulga\u00e7\u00e3o-e1576238626711.jpg","datePublished":"2026-03-12T19:04:21+00:00","breadcrumb":{"@id":"https:\/\/blogdofarnesio.com.br\/?p=416962#breadcrumb"},"inLanguage":"pt-BR","potentialAction":[{"@type":"ReadAction","target":["https:\/\/blogdofarnesio.com.br\/?p=416962"]}]},{"@type":"ImageObject","inLanguage":"pt-BR","@id":"https:\/\/blogdofarnesio.com.br\/?p=416962#primaryimage","url":"https:\/\/blogdofarnesio.com.br\/wp-content\/uploads\/2019\/12\/blogqspclaudia-leitte-abandona-coletiva-ao-saber-da-morte-de-musico-divulga\u00e7\u00e3o-e1576238626711.jpg","contentUrl":"https:\/\/blogdofarnesio.com.br\/wp-content\/uploads\/2019\/12\/blogqspclaudia-leitte-abandona-coletiva-ao-saber-da-morte-de-musico-divulga\u00e7\u00e3o-e1576238626711.jpg","width":600,"height":282},{"@type":"BreadcrumbList","@id":"https:\/\/blogdofarnesio.com.br\/?p=416962#breadcrumb","itemListElement":[{"@type":"ListItem","position":1,"name":"In\u00edcio","item":"https:\/\/blogdofarnesio.com.br\/"},{"@type":"ListItem","position":2,"name":"Claudia Leitte faz desabafo sobre expectativa, diz ter sido desrespeitada e recebe apoio do marido: &#8220;Eu n\u00e3o sou legal&#8221;"}]},{"@type":"WebSite","@id":"https:\/\/blogdofarnesio.com.br\/#website","url":"https:\/\/blogdofarnesio.com.br\/","name":"Blog do Farn\u00e9sio","description":"Quer Saber Pol\u00edtica?","publisher":{"@id":"https:\/\/blogdofarnesio.com.br\/#organization"},"potentialAction":[{"@type":"SearchAction","target":{"@type":"EntryPoint","urlTemplate":"https:\/\/blogdofarnesio.com.br\/?s={search_term_string}"},"query-input":{"@type":"PropertyValueSpecification","valueRequired":true,"valueName":"search_term_string"}}],"inLanguage":"pt-BR"},{"@type":"Organization","@id":"https:\/\/blogdofarnesio.com.br\/#organization","name":"Blog do Farn\u00e9sio","url":"https:\/\/blogdofarnesio.com.br\/","logo":{"@type":"ImageObject","inLanguage":"pt-BR","@id":"https:\/\/blogdofarnesio.com.br\/#\/schema\/logo\/image\/","url":"https:\/\/blogdofarnesio.com.br\/wp-content\/uploads\/2026\/03\/cropped-logo_new-1.png","contentUrl":"https:\/\/blogdofarnesio.com.br\/wp-content\/uploads\/2026\/03\/cropped-logo_new-1.png","width":881,"height":685,"caption":"Blog do Farn\u00e9sio"},"image":{"@id":"https:\/\/blogdofarnesio.com.br\/#\/schema\/logo\/image\/"},"sameAs":["https:\/\/www.facebook.com\/BlogQuerSaberPolitica\/"]},{"@type":"Person","@id":"https:\/\/blogdofarnesio.com.br\/#\/schema\/person\/bb9b23ae3ad0609ce8df7b6c9e76824d","name":"Farn\u00e9sio","image":{"@type":"ImageObject","inLanguage":"pt-BR","@id":"https:\/\/secure.gravatar.com\/avatar\/986aa4c61ccdb66f8555bf88fc2a65609d00bcabd4d2d94377a727547345cbca?s=96&d=mm&r=g","url":"https:\/\/secure.gravatar.com\/avatar\/986aa4c61ccdb66f8555bf88fc2a65609d00bcabd4d2d94377a727547345cbca?s=96&d=mm&r=g","contentUrl":"https:\/\/secure.gravatar.com\/avatar\/986aa4c61ccdb66f8555bf88fc2a65609d00bcabd4d2d94377a727547345cbca?s=96&d=mm&r=g","caption":"Farn\u00e9sio"},"description":"Radialista blogueiro, chegou a Petrolina\/Juazeiro em setembro de 1980, Farn\u00e9sio Silva \u00e9 de Arapiraca-Alagoas.","sameAs":["http:\/\/blogdofarnesio.com.br","https:\/\/www.facebook.com\/?ref=tn_tnmn","https:\/\/www.instagram.com\/?utm_source=pwa_homescreen","https:\/\/youtube.com.br\/"],"url":"https:\/\/blogdofarnesio.com.br\/?author=2"}]}},"_links":{"self":[{"href":"https:\/\/blogdofarnesio.com.br\/index.php?rest_route=\/wp\/v2\/posts\/416962","targetHints":{"allow":["GET"]}}],"collection":[{"href":"https:\/\/blogdofarnesio.com.br\/index.php?rest_route=\/wp\/v2\/posts"}],"about":[{"href":"https:\/\/blogdofarnesio.com.br\/index.php?rest_route=\/wp\/v2\/types\/post"}],"author":[{"embeddable":true,"href":"https:\/\/blogdofarnesio.com.br\/index.php?rest_route=\/wp\/v2\/users\/2"}],"replies":[{"embeddable":true,"href":"https:\/\/blogdofarnesio.com.br\/index.php?rest_route=%2Fwp%2Fv2%2Fcomments&post=416962"}],"version-history":[{"count":2,"href":"https:\/\/blogdofarnesio.com.br\/index.php?rest_route=\/wp\/v2\/posts\/416962\/revisions"}],"predecessor-version":[{"id":416964,"href":"https:\/\/blogdofarnesio.com.br\/index.php?rest_route=\/wp\/v2\/posts\/416962\/revisions\/416964"}],"wp:featuredmedia":[{"embeddable":true,"href":"https:\/\/blogdofarnesio.com.br\/index.php?rest_route=\/wp\/v2\/media\/245677"}],"wp:attachment":[{"href":"https:\/\/blogdofarnesio.com.br\/index.php?rest_route=%2Fwp%2Fv2%2Fmedia&parent=416962"}],"wp:term":[{"taxonomy":"category","embeddable":true,"href":"https:\/\/blogdofarnesio.com.br\/index.php?rest_route=%2Fwp%2Fv2%2Fcategories&post=416962"},{"taxonomy":"post_tag","embeddable":true,"href":"https:\/\/blogdofarnesio.com.br\/index.php?rest_route=%2Fwp%2Fv2%2Ftags&post=416962"}],"curies":[{"name":"wp","href":"https:\/\/api.w.org\/{rel}","templated":true}]}}