{"id":416951,"date":"2026-03-12T13:07:00","date_gmt":"2026-03-12T16:07:00","guid":{"rendered":"https:\/\/blogdofarnesio.com.br\/?p=416951"},"modified":"2026-03-12T13:07:00","modified_gmt":"2026-03-12T16:07:00","slug":"apa-petrolina-se-torna-sede-da-escola-de-paraciclismo-brasil","status":"publish","type":"post","link":"https:\/\/blogdofarnesio.com.br\/?p=416951","title":{"rendered":"APA Petrolina se torna sede da Escola de Paraciclismo Brasil"},"content":{"rendered":"<div>\n<p><strong><em>Novo n\u00facleo refor\u00e7a protagonismo da APA no esporte inclusivo e consolida Petrolina como polo regional do paradesporto<\/em><\/strong><\/p>\n<\/div>\n<div>\n<div>\n<div>\n<div>\n<div>\n<div>\n<div>\n<div>\n<div lang=\"x-unicode\">\n<p>A Associa\u00e7\u00e3o Petrolinense de Atletismo (APA) deu mais um passo hist\u00f3rico no fortalecimento do esporte paral\u00edmpico. A entidade ser\u00e1 a sede de um n\u00facleo da Escola de Paraciclismo Brasil, fruto de um Acordo de Coopera\u00e7\u00e3o T\u00e9cnica firmado com a Confedera\u00e7\u00e3o Brasileira de Ciclismo (CBC) e o Comit\u00ea Paral\u00edmpico Brasileiro (CPB).<\/p>\n<p>Reconhecida nacionalmente pelo trabalho de inclus\u00e3o e desenvolvimento de atletas, a APA passa agora a integrar oficialmente a rede de forma\u00e7\u00e3o do paraciclismo. O n\u00facleo em Petrolina (PE) vai estruturar e operar atividades de inicia\u00e7\u00e3o e alto rendimento, posicionando a cidade como refer\u00eancia regional na descoberta e forma\u00e7\u00e3o de novos talentos.<\/p>\n<p>Para o presidente da APA, Domingos Rodrigues, a parceria refor\u00e7a a miss\u00e3o da institui\u00e7\u00e3o. &#8220;A APA nasceu para transformar vidas por meio do esporte. Receber um n\u00facleo da Escola de Paraciclismo confirma que estamos no caminho certo. Isso amplia nossas oportunidades, fortalece o esporte paral\u00edmpico em Petrolina e na regi\u00e3o, e abre portas para novos talentos que muitas vezes n\u00e3o teriam acesso a essa modalidade&#8221;, afirmou.<\/p>\n<p>O n\u00facleo ter\u00e1 a CBC como respons\u00e1vel t\u00e9cnico, incluindo contrata\u00e7\u00e3o de profissionais, execu\u00e7\u00e3o das atividades pedag\u00f3gicas e esportivas e sele\u00e7\u00e3o dos alunos. O CPB financiar\u00e1 o projeto pelo Programa de Inicia\u00e7\u00e3o e Fomento do Esporte Paral\u00edmpico, acompanhando o cumprimento das metas. A APA disponibilizar\u00e1 espa\u00e7os, apoiar\u00e1 a divulga\u00e7\u00e3o e garantir\u00e1 a estrutura necess\u00e1ria para os equipamentos.<\/p>\n<p>O Diretor de Paraciclismo da CBC, Edilson Rocha (Tubiba), explicou a escolha da APA para receber o projeto.\u00a0<em>&#8220;<\/em>A APA foi a escolha quase un\u00e2nime da nossa equipe. O hist\u00f3rico da associa\u00e7\u00e3o, o trabalho na transi\u00e7\u00e3o de atletas da inicia\u00e7\u00e3o para o alto rendimento e os resultados alcan\u00e7ados em eventos do CPB mostram que a APA \u00e9 a parceira ideal.&#8221;<\/p>\n<p>Ainda de acordo com Tubiba, a expectativa \u00e9 criar uma cultura na regi\u00e3o para uma modalidade pouco praticada, mas com grande potencial, j\u00e1 que o ciclismo \u00e9 a terceira modalidade que mais distribui medalhas nos Jogos Paral\u00edmpicos (153, sendo 51 ouros, 51 pratas e 51 bronzes). &#8220;A expectativa \u00e9 que Pernambuco e a regi\u00e3o de Petrolina desenvolvam novos atletas e fa\u00e7am a modalidade crescer, criando competi\u00e7\u00f5es estaduais e regionais, al\u00e9m de revelar talentos que possam integrar a sele\u00e7\u00e3o brasileira em futuras competi\u00e7\u00f5es&#8221;, concluiu<em>.<\/em><\/p>\n<p>O n\u00facleo de Petrolina ser\u00e1 uma das oito unidades regionais da Escola de Paraciclismo Brasil, com foco na inclus\u00e3o de pessoas com defici\u00eancia, identifica\u00e7\u00e3o de talentos e promo\u00e7\u00e3o da modalidade na regi\u00e3o.<\/p>\n<p><strong>Mais informa\u00e7\u00f5es:<\/strong><br \/>\n<strong>Site:<\/strong>\u00a0<a href=\"https:\/\/click.presskit.com.br\/url\/11306981b36\/662386631ba\" target=\"_blank\" rel=\"noopener\" data-saferedirecturl=\"https:\/\/www.google.com\/url?q=https:\/\/click.presskit.com.br\/url\/11306981b36\/662386631ba&amp;source=gmail&amp;ust=1773417820415000&amp;usg=AOvVaw04E9h76hiNWQXSIN70NiXe\">https:\/\/apapetrolina.com<wbr \/>.br\/<\/a><\/p>\n<\/div>\n<\/div>\n<\/div>\n<\/div>\n<\/div>\n<\/div>\n<\/div>\n<\/div>\n<\/div>\n","protected":false},"excerpt":{"rendered":"<p>Novo n\u00facleo refor\u00e7a protagonismo da APA no esporte inclusivo e consolida Petrolina como polo regional do paradesporto A Associa\u00e7\u00e3o Petrolinense de Atletismo (APA) deu mais um passo hist\u00f3rico no fortalecimento do esporte paral\u00edmpico. A entidade ser\u00e1 a sede de um n\u00facleo da Escola de Paraciclismo Brasil, fruto de um Acordo de Coopera\u00e7\u00e3o T\u00e9cnica firmado com a Confedera\u00e7\u00e3o Brasileira de Ciclismo (CBC) e o Comit\u00ea Paral\u00edmpico Brasileiro (CPB). Reconhecida nacionalmente pelo trabalho de inclus\u00e3o e desenvolvimento de atletas, a APA passa agora a integrar oficialmente a rede de forma\u00e7\u00e3o do paraciclismo. O n\u00facleo em Petrolina (PE) vai estruturar e operar atividades de inicia\u00e7\u00e3o e alto rendimento, posicionando a cidade como refer\u00eancia regional na descoberta e forma\u00e7\u00e3o de novos talentos. Para o&hellip; <\/p>\n","protected":false},"author":2,"featured_media":416952,"comment_status":"open","ping_status":"open","sticky":false,"template":"","format":"standard","meta":{"_acf_changed":false,"footnotes":""},"categories":[8],"tags":[],"class_list":["post-416951","post","type-post","status-publish","format-standard","has-post-thumbnail","hentry","category-esportes"],"acf":[],"yoast_head":"<!-- This site is optimized with the Yoast SEO plugin v27.4 - https:\/\/yoast.com\/product\/yoast-seo-wordpress\/ -->\n<title>APA Petrolina se torna sede da Escola de Paraciclismo Brasil - Blog do Farn\u00e9sio<\/title>\n<meta name=\"robots\" content=\"index, follow, max-snippet:-1, max-image-preview:large, max-video-preview:-1\" \/>\n<link rel=\"canonical\" href=\"https:\/\/blogdofarnesio.com.br\/?p=416951\" \/>\n<meta property=\"og:locale\" content=\"pt_BR\" \/>\n<meta property=\"og:type\" content=\"article\" \/>\n<meta property=\"og:title\" content=\"APA Petrolina se torna sede da Escola de Paraciclismo Brasil - Blog do Farn\u00e9sio\" \/>\n<meta property=\"og:description\" content=\"Novo n\u00facleo refor\u00e7a protagonismo da APA no esporte inclusivo e consolida Petrolina como polo regional do paradesporto A Associa\u00e7\u00e3o Petrolinense de Atletismo (APA) deu mais um passo hist\u00f3rico no fortalecimento do esporte paral\u00edmpico. A entidade ser\u00e1 a sede de um n\u00facleo da Escola de Paraciclismo Brasil, fruto de um Acordo de Coopera\u00e7\u00e3o T\u00e9cnica firmado com a Confedera\u00e7\u00e3o Brasileira de Ciclismo (CBC) e o Comit\u00ea Paral\u00edmpico Brasileiro (CPB). Reconhecida nacionalmente pelo trabalho de inclus\u00e3o e desenvolvimento de atletas, a APA passa agora a integrar oficialmente a rede de forma\u00e7\u00e3o do paraciclismo. O n\u00facleo em Petrolina (PE) vai estruturar e operar atividades de inicia\u00e7\u00e3o e alto rendimento, posicionando a cidade como refer\u00eancia regional na descoberta e forma\u00e7\u00e3o de novos talentos. Para o&hellip;\" \/>\n<meta property=\"og:url\" content=\"https:\/\/blogdofarnesio.com.br\/?p=416951\" \/>\n<meta property=\"og:site_name\" content=\"Blog do Farn\u00e9sio\" \/>\n<meta property=\"article:publisher\" content=\"https:\/\/www.facebook.com\/BlogQuerSaberPolitica\/\" \/>\n<meta property=\"article:author\" content=\"https:\/\/www.facebook.com\/?ref=tn_tnmn\" \/>\n<meta property=\"article:published_time\" content=\"2026-03-12T16:07:00+00:00\" \/>\n<meta property=\"og:image\" content=\"https:\/\/blogdofarnesio.com.br\/wp-content\/uploads\/2026\/03\/blogqspapa-paraciclismo-e1773331584646.jpg\" \/>\n\t<meta property=\"og:image:width\" content=\"624\" \/>\n\t<meta property=\"og:image:height\" content=\"413\" \/>\n\t<meta property=\"og:image:type\" content=\"image\/jpeg\" \/>\n<meta name=\"author\" content=\"Farn\u00e9sio\" \/>\n<meta name=\"twitter:card\" content=\"summary_large_image\" \/>\n<meta name=\"twitter:label1\" content=\"Escrito por\" \/>\n\t<meta name=\"twitter:data1\" content=\"Farn\u00e9sio\" \/>\n\t<meta name=\"twitter:label2\" content=\"Est. tempo de leitura\" \/>\n\t<meta name=\"twitter:data2\" content=\"3 minutos\" \/>\n<script type=\"application\/ld+json\" class=\"yoast-schema-graph\">{\"@context\":\"https:\\\/\\\/schema.org\",\"@graph\":[{\"@type\":\"Article\",\"@id\":\"https:\\\/\\\/blogdofarnesio.com.br\\\/?p=416951#article\",\"isPartOf\":{\"@id\":\"https:\\\/\\\/blogdofarnesio.com.br\\\/?p=416951\"},\"author\":{\"name\":\"Farn\u00e9sio\",\"@id\":\"https:\\\/\\\/blogdofarnesio.com.br\\\/#\\\/schema\\\/person\\\/bb9b23ae3ad0609ce8df7b6c9e76824d\"},\"headline\":\"APA Petrolina se torna sede da Escola de Paraciclismo Brasil\",\"datePublished\":\"2026-03-12T16:07:00+00:00\",\"mainEntityOfPage\":{\"@id\":\"https:\\\/\\\/blogdofarnesio.com.br\\\/?p=416951\"},\"wordCount\":480,\"commentCount\":0,\"publisher\":{\"@id\":\"https:\\\/\\\/blogdofarnesio.com.br\\\/#organization\"},\"image\":{\"@id\":\"https:\\\/\\\/blogdofarnesio.com.br\\\/?p=416951#primaryimage\"},\"thumbnailUrl\":\"https:\\\/\\\/blogdofarnesio.com.br\\\/wp-content\\\/uploads\\\/2026\\\/03\\\/blogqspapa-paraciclismo-e1773331584646.jpg\",\"articleSection\":[\"Esportes\"],\"inLanguage\":\"pt-BR\",\"potentialAction\":[{\"@type\":\"CommentAction\",\"name\":\"Comment\",\"target\":[\"https:\\\/\\\/blogdofarnesio.com.br\\\/?p=416951#respond\"]}]},{\"@type\":\"WebPage\",\"@id\":\"https:\\\/\\\/blogdofarnesio.com.br\\\/?p=416951\",\"url\":\"https:\\\/\\\/blogdofarnesio.com.br\\\/?p=416951\",\"name\":\"APA Petrolina se torna sede da Escola de Paraciclismo Brasil - Blog do Farn\u00e9sio\",\"isPartOf\":{\"@id\":\"https:\\\/\\\/blogdofarnesio.com.br\\\/#website\"},\"primaryImageOfPage\":{\"@id\":\"https:\\\/\\\/blogdofarnesio.com.br\\\/?p=416951#primaryimage\"},\"image\":{\"@id\":\"https:\\\/\\\/blogdofarnesio.com.br\\\/?p=416951#primaryimage\"},\"thumbnailUrl\":\"https:\\\/\\\/blogdofarnesio.com.br\\\/wp-content\\\/uploads\\\/2026\\\/03\\\/blogqspapa-paraciclismo-e1773331584646.jpg\",\"datePublished\":\"2026-03-12T16:07:00+00:00\",\"breadcrumb\":{\"@id\":\"https:\\\/\\\/blogdofarnesio.com.br\\\/?p=416951#breadcrumb\"},\"inLanguage\":\"pt-BR\",\"potentialAction\":[{\"@type\":\"ReadAction\",\"target\":[\"https:\\\/\\\/blogdofarnesio.com.br\\\/?p=416951\"]}]},{\"@type\":\"ImageObject\",\"inLanguage\":\"pt-BR\",\"@id\":\"https:\\\/\\\/blogdofarnesio.com.br\\\/?p=416951#primaryimage\",\"url\":\"https:\\\/\\\/blogdofarnesio.com.br\\\/wp-content\\\/uploads\\\/2026\\\/03\\\/blogqspapa-paraciclismo-e1773331584646.jpg\",\"contentUrl\":\"https:\\\/\\\/blogdofarnesio.com.br\\\/wp-content\\\/uploads\\\/2026\\\/03\\\/blogqspapa-paraciclismo-e1773331584646.jpg\",\"width\":624,\"height\":413},{\"@type\":\"BreadcrumbList\",\"@id\":\"https:\\\/\\\/blogdofarnesio.com.br\\\/?p=416951#breadcrumb\",\"itemListElement\":[{\"@type\":\"ListItem\",\"position\":1,\"name\":\"In\u00edcio\",\"item\":\"https:\\\/\\\/blogdofarnesio.com.br\\\/\"},{\"@type\":\"ListItem\",\"position\":2,\"name\":\"APA Petrolina se torna sede da Escola de Paraciclismo Brasil\"}]},{\"@type\":\"WebSite\",\"@id\":\"https:\\\/\\\/blogdofarnesio.com.br\\\/#website\",\"url\":\"https:\\\/\\\/blogdofarnesio.com.br\\\/\",\"name\":\"Blog do Farn\u00e9sio\",\"description\":\"Quer Saber Pol\u00edtica?\",\"publisher\":{\"@id\":\"https:\\\/\\\/blogdofarnesio.com.br\\\/#organization\"},\"potentialAction\":[{\"@type\":\"SearchAction\",\"target\":{\"@type\":\"EntryPoint\",\"urlTemplate\":\"https:\\\/\\\/blogdofarnesio.com.br\\\/?s={search_term_string}\"},\"query-input\":{\"@type\":\"PropertyValueSpecification\",\"valueRequired\":true,\"valueName\":\"search_term_string\"}}],\"inLanguage\":\"pt-BR\"},{\"@type\":\"Organization\",\"@id\":\"https:\\\/\\\/blogdofarnesio.com.br\\\/#organization\",\"name\":\"Blog do Farn\u00e9sio\",\"url\":\"https:\\\/\\\/blogdofarnesio.com.br\\\/\",\"logo\":{\"@type\":\"ImageObject\",\"inLanguage\":\"pt-BR\",\"@id\":\"https:\\\/\\\/blogdofarnesio.com.br\\\/#\\\/schema\\\/logo\\\/image\\\/\",\"url\":\"https:\\\/\\\/blogdofarnesio.com.br\\\/wp-content\\\/uploads\\\/2026\\\/03\\\/cropped-logo_new-1.png\",\"contentUrl\":\"https:\\\/\\\/blogdofarnesio.com.br\\\/wp-content\\\/uploads\\\/2026\\\/03\\\/cropped-logo_new-1.png\",\"width\":881,\"height\":685,\"caption\":\"Blog do Farn\u00e9sio\"},\"image\":{\"@id\":\"https:\\\/\\\/blogdofarnesio.com.br\\\/#\\\/schema\\\/logo\\\/image\\\/\"},\"sameAs\":[\"https:\\\/\\\/www.facebook.com\\\/BlogQuerSaberPolitica\\\/\"]},{\"@type\":\"Person\",\"@id\":\"https:\\\/\\\/blogdofarnesio.com.br\\\/#\\\/schema\\\/person\\\/bb9b23ae3ad0609ce8df7b6c9e76824d\",\"name\":\"Farn\u00e9sio\",\"image\":{\"@type\":\"ImageObject\",\"inLanguage\":\"pt-BR\",\"@id\":\"https:\\\/\\\/secure.gravatar.com\\\/avatar\\\/986aa4c61ccdb66f8555bf88fc2a65609d00bcabd4d2d94377a727547345cbca?s=96&d=mm&r=g\",\"url\":\"https:\\\/\\\/secure.gravatar.com\\\/avatar\\\/986aa4c61ccdb66f8555bf88fc2a65609d00bcabd4d2d94377a727547345cbca?s=96&d=mm&r=g\",\"contentUrl\":\"https:\\\/\\\/secure.gravatar.com\\\/avatar\\\/986aa4c61ccdb66f8555bf88fc2a65609d00bcabd4d2d94377a727547345cbca?s=96&d=mm&r=g\",\"caption\":\"Farn\u00e9sio\"},\"description\":\"Radialista blogueiro, chegou a Petrolina\\\/Juazeiro em setembro de 1980, Farn\u00e9sio Silva \u00e9 de Arapiraca-Alagoas.\",\"sameAs\":[\"http:\\\/\\\/blogdofarnesio.com.br\",\"https:\\\/\\\/www.facebook.com\\\/?ref=tn_tnmn\",\"https:\\\/\\\/www.instagram.com\\\/?utm_source=pwa_homescreen\",\"https:\\\/\\\/youtube.com.br\\\/\"],\"url\":\"https:\\\/\\\/blogdofarnesio.com.br\\\/?author=2\"}]}<\/script>\n<!-- \/ Yoast SEO plugin. -->","yoast_head_json":{"title":"APA Petrolina se torna sede da Escola de Paraciclismo Brasil - Blog do Farn\u00e9sio","robots":{"index":"index","follow":"follow","max-snippet":"max-snippet:-1","max-image-preview":"max-image-preview:large","max-video-preview":"max-video-preview:-1"},"canonical":"https:\/\/blogdofarnesio.com.br\/?p=416951","og_locale":"pt_BR","og_type":"article","og_title":"APA Petrolina se torna sede da Escola de Paraciclismo Brasil - Blog do Farn\u00e9sio","og_description":"Novo n\u00facleo refor\u00e7a protagonismo da APA no esporte inclusivo e consolida Petrolina como polo regional do paradesporto A Associa\u00e7\u00e3o Petrolinense de Atletismo (APA) deu mais um passo hist\u00f3rico no fortalecimento do esporte paral\u00edmpico. A entidade ser\u00e1 a sede de um n\u00facleo da Escola de Paraciclismo Brasil, fruto de um Acordo de Coopera\u00e7\u00e3o T\u00e9cnica firmado com a Confedera\u00e7\u00e3o Brasileira de Ciclismo (CBC) e o Comit\u00ea Paral\u00edmpico Brasileiro (CPB). Reconhecida nacionalmente pelo trabalho de inclus\u00e3o e desenvolvimento de atletas, a APA passa agora a integrar oficialmente a rede de forma\u00e7\u00e3o do paraciclismo. O n\u00facleo em Petrolina (PE) vai estruturar e operar atividades de inicia\u00e7\u00e3o e alto rendimento, posicionando a cidade como refer\u00eancia regional na descoberta e forma\u00e7\u00e3o de novos talentos. Para o&hellip;","og_url":"https:\/\/blogdofarnesio.com.br\/?p=416951","og_site_name":"Blog do Farn\u00e9sio","article_publisher":"https:\/\/www.facebook.com\/BlogQuerSaberPolitica\/","article_author":"https:\/\/www.facebook.com\/?ref=tn_tnmn","article_published_time":"2026-03-12T16:07:00+00:00","og_image":[{"width":624,"height":413,"url":"https:\/\/blogdofarnesio.com.br\/wp-content\/uploads\/2026\/03\/blogqspapa-paraciclismo-e1773331584646.jpg","type":"image\/jpeg"}],"author":"Farn\u00e9sio","twitter_card":"summary_large_image","twitter_misc":{"Escrito por":"Farn\u00e9sio","Est. tempo de leitura":"3 minutos"},"schema":{"@context":"https:\/\/schema.org","@graph":[{"@type":"Article","@id":"https:\/\/blogdofarnesio.com.br\/?p=416951#article","isPartOf":{"@id":"https:\/\/blogdofarnesio.com.br\/?p=416951"},"author":{"name":"Farn\u00e9sio","@id":"https:\/\/blogdofarnesio.com.br\/#\/schema\/person\/bb9b23ae3ad0609ce8df7b6c9e76824d"},"headline":"APA Petrolina se torna sede da Escola de Paraciclismo Brasil","datePublished":"2026-03-12T16:07:00+00:00","mainEntityOfPage":{"@id":"https:\/\/blogdofarnesio.com.br\/?p=416951"},"wordCount":480,"commentCount":0,"publisher":{"@id":"https:\/\/blogdofarnesio.com.br\/#organization"},"image":{"@id":"https:\/\/blogdofarnesio.com.br\/?p=416951#primaryimage"},"thumbnailUrl":"https:\/\/blogdofarnesio.com.br\/wp-content\/uploads\/2026\/03\/blogqspapa-paraciclismo-e1773331584646.jpg","articleSection":["Esportes"],"inLanguage":"pt-BR","potentialAction":[{"@type":"CommentAction","name":"Comment","target":["https:\/\/blogdofarnesio.com.br\/?p=416951#respond"]}]},{"@type":"WebPage","@id":"https:\/\/blogdofarnesio.com.br\/?p=416951","url":"https:\/\/blogdofarnesio.com.br\/?p=416951","name":"APA Petrolina se torna sede da Escola de Paraciclismo Brasil - Blog do Farn\u00e9sio","isPartOf":{"@id":"https:\/\/blogdofarnesio.com.br\/#website"},"primaryImageOfPage":{"@id":"https:\/\/blogdofarnesio.com.br\/?p=416951#primaryimage"},"image":{"@id":"https:\/\/blogdofarnesio.com.br\/?p=416951#primaryimage"},"thumbnailUrl":"https:\/\/blogdofarnesio.com.br\/wp-content\/uploads\/2026\/03\/blogqspapa-paraciclismo-e1773331584646.jpg","datePublished":"2026-03-12T16:07:00+00:00","breadcrumb":{"@id":"https:\/\/blogdofarnesio.com.br\/?p=416951#breadcrumb"},"inLanguage":"pt-BR","potentialAction":[{"@type":"ReadAction","target":["https:\/\/blogdofarnesio.com.br\/?p=416951"]}]},{"@type":"ImageObject","inLanguage":"pt-BR","@id":"https:\/\/blogdofarnesio.com.br\/?p=416951#primaryimage","url":"https:\/\/blogdofarnesio.com.br\/wp-content\/uploads\/2026\/03\/blogqspapa-paraciclismo-e1773331584646.jpg","contentUrl":"https:\/\/blogdofarnesio.com.br\/wp-content\/uploads\/2026\/03\/blogqspapa-paraciclismo-e1773331584646.jpg","width":624,"height":413},{"@type":"BreadcrumbList","@id":"https:\/\/blogdofarnesio.com.br\/?p=416951#breadcrumb","itemListElement":[{"@type":"ListItem","position":1,"name":"In\u00edcio","item":"https:\/\/blogdofarnesio.com.br\/"},{"@type":"ListItem","position":2,"name":"APA Petrolina se torna sede da Escola de Paraciclismo Brasil"}]},{"@type":"WebSite","@id":"https:\/\/blogdofarnesio.com.br\/#website","url":"https:\/\/blogdofarnesio.com.br\/","name":"Blog do Farn\u00e9sio","description":"Quer Saber Pol\u00edtica?","publisher":{"@id":"https:\/\/blogdofarnesio.com.br\/#organization"},"potentialAction":[{"@type":"SearchAction","target":{"@type":"EntryPoint","urlTemplate":"https:\/\/blogdofarnesio.com.br\/?s={search_term_string}"},"query-input":{"@type":"PropertyValueSpecification","valueRequired":true,"valueName":"search_term_string"}}],"inLanguage":"pt-BR"},{"@type":"Organization","@id":"https:\/\/blogdofarnesio.com.br\/#organization","name":"Blog do Farn\u00e9sio","url":"https:\/\/blogdofarnesio.com.br\/","logo":{"@type":"ImageObject","inLanguage":"pt-BR","@id":"https:\/\/blogdofarnesio.com.br\/#\/schema\/logo\/image\/","url":"https:\/\/blogdofarnesio.com.br\/wp-content\/uploads\/2026\/03\/cropped-logo_new-1.png","contentUrl":"https:\/\/blogdofarnesio.com.br\/wp-content\/uploads\/2026\/03\/cropped-logo_new-1.png","width":881,"height":685,"caption":"Blog do Farn\u00e9sio"},"image":{"@id":"https:\/\/blogdofarnesio.com.br\/#\/schema\/logo\/image\/"},"sameAs":["https:\/\/www.facebook.com\/BlogQuerSaberPolitica\/"]},{"@type":"Person","@id":"https:\/\/blogdofarnesio.com.br\/#\/schema\/person\/bb9b23ae3ad0609ce8df7b6c9e76824d","name":"Farn\u00e9sio","image":{"@type":"ImageObject","inLanguage":"pt-BR","@id":"https:\/\/secure.gravatar.com\/avatar\/986aa4c61ccdb66f8555bf88fc2a65609d00bcabd4d2d94377a727547345cbca?s=96&d=mm&r=g","url":"https:\/\/secure.gravatar.com\/avatar\/986aa4c61ccdb66f8555bf88fc2a65609d00bcabd4d2d94377a727547345cbca?s=96&d=mm&r=g","contentUrl":"https:\/\/secure.gravatar.com\/avatar\/986aa4c61ccdb66f8555bf88fc2a65609d00bcabd4d2d94377a727547345cbca?s=96&d=mm&r=g","caption":"Farn\u00e9sio"},"description":"Radialista blogueiro, chegou a Petrolina\/Juazeiro em setembro de 1980, Farn\u00e9sio Silva \u00e9 de Arapiraca-Alagoas.","sameAs":["http:\/\/blogdofarnesio.com.br","https:\/\/www.facebook.com\/?ref=tn_tnmn","https:\/\/www.instagram.com\/?utm_source=pwa_homescreen","https:\/\/youtube.com.br\/"],"url":"https:\/\/blogdofarnesio.com.br\/?author=2"}]}},"_links":{"self":[{"href":"https:\/\/blogdofarnesio.com.br\/index.php?rest_route=\/wp\/v2\/posts\/416951","targetHints":{"allow":["GET"]}}],"collection":[{"href":"https:\/\/blogdofarnesio.com.br\/index.php?rest_route=\/wp\/v2\/posts"}],"about":[{"href":"https:\/\/blogdofarnesio.com.br\/index.php?rest_route=\/wp\/v2\/types\/post"}],"author":[{"embeddable":true,"href":"https:\/\/blogdofarnesio.com.br\/index.php?rest_route=\/wp\/v2\/users\/2"}],"replies":[{"embeddable":true,"href":"https:\/\/blogdofarnesio.com.br\/index.php?rest_route=%2Fwp%2Fv2%2Fcomments&post=416951"}],"version-history":[{"count":2,"href":"https:\/\/blogdofarnesio.com.br\/index.php?rest_route=\/wp\/v2\/posts\/416951\/revisions"}],"predecessor-version":[{"id":416954,"href":"https:\/\/blogdofarnesio.com.br\/index.php?rest_route=\/wp\/v2\/posts\/416951\/revisions\/416954"}],"wp:featuredmedia":[{"embeddable":true,"href":"https:\/\/blogdofarnesio.com.br\/index.php?rest_route=\/wp\/v2\/media\/416952"}],"wp:attachment":[{"href":"https:\/\/blogdofarnesio.com.br\/index.php?rest_route=%2Fwp%2Fv2%2Fmedia&parent=416951"}],"wp:term":[{"taxonomy":"category","embeddable":true,"href":"https:\/\/blogdofarnesio.com.br\/index.php?rest_route=%2Fwp%2Fv2%2Fcategories&post=416951"},{"taxonomy":"post_tag","embeddable":true,"href":"https:\/\/blogdofarnesio.com.br\/index.php?rest_route=%2Fwp%2Fv2%2Ftags&post=416951"}],"curies":[{"name":"wp","href":"https:\/\/api.w.org\/{rel}","templated":true}]}}