{"id":416948,"date":"2026-03-12T11:34:09","date_gmt":"2026-03-12T14:34:09","guid":{"rendered":"https:\/\/blogdofarnesio.com.br\/?p=416948"},"modified":"2026-03-12T08:45:22","modified_gmt":"2026-03-12T11:45:22","slug":"confira-as-72-vagas-disponiveis-de-emprego-em-petrolina-salgueiro-e-araripina","status":"publish","type":"post","link":"https:\/\/blogdofarnesio.com.br\/?p=416948","title":{"rendered":"Confira as 72 vagas dispon\u00edveis de emprego em Petrolina, Salgueiro e Araripina"},"content":{"rendered":"<div class=\"mc-article-header\">\n<div class=\"row content-head mc-column non-featured \">\n<div class=\"title\" data-block-type=\"title\" data-block-id=\"0\">\n<h1 class=\"content-head__title\"><span style=\"font-size: 16px; font-weight: 400;\">Por\u00a0<\/span><a class=\"multi_signatures\" style=\"font-size: 16px; font-weight: 400;\" href=\"https:\/\/g1.globo.com\/autores\/g1-petrolina\/\">g1 Petrolina &#8211;\u00a0<\/a><\/h1>\n<\/div>\n<\/div>\n<\/div>\n<div class=\"mc-article-body\">\n<article>\n<div id=\"chunk-412g1\">\n<div class=\"cxm-block-video content-media mc-column \" data-block-type=\"backstage-video\" data-block-id=\"2\">\n<div class=\"cxm-block-video__container cxm-block-video__container--fallback \">\n<div class=\"cxm-block-video__caption-container\">\n<p class=\"codex-caption codex-caption--small\"><em><strong>Consultora de RH d\u00e1 dicas de como ter uma imagem confi\u00e1vel dentro do mercado de trabalho<\/strong><\/em><\/p>\n<\/div>\n<\/div>\n<\/div>\n<\/div>\n<div id=\"chunk-dvrlb\">\n<div class=\"mc-column content-text active-extra-styles \" data-block-type=\"unstyled\" data-block-weight=\"35\" data-block-id=\"3\">\n<p class=\" content-text__container \" data-track-category=\"Link no Texto\" data-track-links=\"\" data-mrf-recirculation=\"Mat\u00e9ria - Links no Texto\">A Ag\u00eancia de Trabalho de Pernambuco divulgou as vagas de emprego disponibilizadas para o munic\u00edpio de\u00a0<a class=\"\" href=\"https:\/\/g1.globo.com\/pe\/petrolina-regiao\/cidade\/petrolina\/\" data-mrf-link=\"https:\/\/g1.globo.com\/pe\/petrolina-regiao\/cidade\/petrolina\/\">Petrolina<\/a>,\u00a0<a class=\"\" href=\"https:\/\/g1.globo.com\/pe\/petrolina-regiao\/cidade\/salgueiro\/\" data-mrf-link=\"https:\/\/g1.globo.com\/pe\/petrolina-regiao\/cidade\/salgueiro\/\">Salgueiro<\/a>\u00a0e\u00a0<a class=\"\" href=\"https:\/\/g1.globo.com\/pe\/petrolina-regiao\/cidade\/araripina\/\" data-mrf-link=\"https:\/\/g1.globo.com\/pe\/petrolina-regiao\/cidade\/araripina\/\">Araripina<\/a>, no Sert\u00e3o de Pernambuco, nesta quinta-feira (12). As oportunidades s\u00e3o atualizadas diariamente pelo\u00a0<a class=\"\" href=\"https:\/\/g1.globo.com\/pe\/petrolina-regiao\/\" data-mrf-link=\"https:\/\/g1.globo.com\/pe\/petrolina-regiao\/\">g1<\/a>\u00a0<a class=\"\" href=\"https:\/\/g1.globo.com\/pe\/petrolina-regiao\/cidade\/petrolina\/\" data-mrf-link=\"https:\/\/g1.globo.com\/pe\/petrolina-regiao\/cidade\/petrolina\/\">Petrolina<\/a>.<\/p>\n<\/div>\n<\/div>\n<div class=\"wall protected-content\">\n<div id=\"chunk-4q00m\">\n<div class=\"mc-column content-text active-extra-styles \" data-block-type=\"unstyled\" data-block-weight=\"30\" data-block-id=\"5\">\n<p class=\" content-text__container \" data-track-category=\"Link no Texto\" data-track-links=\"\" data-mrf-recirculation=\"Mat\u00e9ria - Links no Texto\">Os interessados nas oportunidades podem entrar em contato com a Sedepe atrav\u00e9s da internet. O atendimento em\u00a0<a class=\"\" href=\"https:\/\/g1.globo.com\/pe\/petrolina-regiao\/cidade\/petrolina\/\" data-mrf-link=\"https:\/\/g1.globo.com\/pe\/petrolina-regiao\/cidade\/petrolina\/\">Petrolina<\/a>\u00a0\u00e9 na Ag\u00eancia de Trabalho,\u00a0<a class=\"\" href=\"https:\/\/g1.globo.com\/pe\/petrolina-regiao\/noticia\/2024\/12\/10\/agencia-do-trabalho-em-petrolina-passa-a-funcionar-no-expresso-cidadao-a-partir-desta-quinta-12.ghtml\" data-mrf-link=\"https:\/\/g1.globo.com\/pe\/petrolina-regiao\/noticia\/2024\/12\/10\/agencia-do-trabalho-em-petrolina-passa-a-funcionar-no-expresso-cidadao-a-partir-desta-quinta-12.ghtml\">que funciona no Expresso Cidad\u00e3o.<\/a><\/p>\n<\/div>\n<\/div>\n<div id=\"chunk-cnsaa\">\n<div class=\"row medium-uncollapsed content-media content-photo\" data-block-type=\"backstage-photo\" data-block-id=\"7\">\n<div class=\" mc-column content-media__container\">\n<div class=\"content-media-container glb-skeleton-box\">\n<figure class=\"content-media-figure\"><img decoding=\"async\" class=\"i-amphtml-fill-content i-amphtml-replaced-content\" src=\"https:\/\/s2-g1.glbimg.com\/cp017AJQ1qeK-VFalJjAFZl3sVU=\/0x0:1700x1065\/984x0\/smart\/filters:strip_icc()\/i.s3.glbimg.com\/v1\/AUTH_59edd422c0c84a879bd37670ae4f538a\/internal_photos\/bs\/2025\/k\/1\/CtMSsVSSC7cKmRAmnKmQ\/trabalho-1-.jpg\" sizes=\"(max-width: 1536px) 648px, 100vw\" srcset=\"https:\/\/s2-g1.glbimg.com\/-HgHfxdME9zBMwIJyM5oIG_2Hh4=\/0x0:1700x1065\/1000x0\/smart\/filters:strip_icc()\/i.s3.glbimg.com\/v1\/AUTH_59edd422c0c84a879bd37670ae4f538a\/internal_photos\/bs\/2025\/k\/1\/CtMSsVSSC7cKmRAmnKmQ\/trabalho-1-.jpg 1000w, https:\/\/s2-g1.glbimg.com\/cp017AJQ1qeK-VFalJjAFZl3sVU=\/0x0:1700x1065\/984x0\/smart\/filters:strip_icc()\/i.s3.glbimg.com\/v1\/AUTH_59edd422c0c84a879bd37670ae4f538a\/internal_photos\/bs\/2025\/k\/1\/CtMSsVSSC7cKmRAmnKmQ\/trabalho-1-.jpg 984w, https:\/\/s2-g1.glbimg.com\/D0qE2SdORWk7KfXuvVGmCeDVYEI=\/0x0:1700x1065\/640x0\/smart\/filters:strip_icc()\/i.s3.glbimg.com\/v1\/AUTH_59edd422c0c84a879bd37670ae4f538a\/internal_photos\/bs\/2025\/k\/1\/CtMSsVSSC7cKmRAmnKmQ\/trabalho-1-.jpg 640w, https:\/\/s2-g1.glbimg.com\/LJ88aZVSeyAvl8TEvKG6V2mw8z4=\/0x0:1700x1065\/600x0\/smart\/filters:strip_icc()\/i.s3.glbimg.com\/v1\/AUTH_59edd422c0c84a879bd37670ae4f538a\/internal_photos\/bs\/2025\/k\/1\/CtMSsVSSC7cKmRAmnKmQ\/trabalho-1-.jpg 600w\" alt=\"Carteira de trabalho \u2014 Foto: Marcello Casal Jr\/Ag\u00eancia Brasil\" \/><\/figure>\n<\/div>\n<p class=\"content-media__description \">Carteira de trabalho \u2014 Foto: Marcello Casal Jr\/Ag\u00eancia Brasil<\/p>\n<\/div>\n<\/div>\n<\/div>\n<div id=\"chunk-9jnsg\">\n<div class=\"mc-column content-text active-extra-styles\" data-block-type=\"raw\" data-block-weight=\"10\" data-block-id=\"12\">\n<div class=\"content-intertitle\">\n<h2><strong>Contato: (87) 3866 &#8211; 6540 e (87) 9 9180-4065<\/strong><\/h2>\n<\/div>\n<\/div>\n<\/div>\n<div id=\"chunk-8pm73\">\n<div class=\"row medium-uncollapsed content-text\" data-block-type=\"table-plugin\" data-block-id=\"13\">\n<div class=\"column medium-centered medium-22 large-20\">\n<div class=\"show-table content-media content-media--normal\">\n<p class=\"mc-column show-table__title\">Vagas dispon\u00edveis<\/p>\n<div class=\"show-table__centralized\">\n<div class=\"show-table__container\">\n<table class=\"show-table__content show-table__content--highlight-top \">\n<tbody>\n<tr>\n<td>Vagas<\/td>\n<td>Fun\u00e7\u00e3o<\/td>\n<td>Escolaridade<\/td>\n<td>Experi\u00eancia<\/td>\n<td>Sal\u00e1rio<\/td>\n<td>Observa\u00e7\u00e3o<\/td>\n<\/tr>\n<tr>\n<td>06<\/td>\n<td>Ajudante de Obras<\/td>\n<td>N\u00e3o Exigida<\/td>\n<td>N\u00e3o Exigida<\/td>\n<td>R$ 1.788<\/td>\n<td>Vaga Exclusiva para Pessoa com Defici\u00eancia<\/td>\n<\/tr>\n<tr>\n<td>03<\/td>\n<td>Ajudante de Serralheiro<\/td>\n<td>N\u00e3o Exigida<\/td>\n<td>N\u00e3o Exigida<\/td>\n<td>R$ 1.651,75<\/td>\n<td><\/td>\n<\/tr>\n<tr>\n<td>01<\/td>\n<td>Aplicador de Vinil Autoadesivo<\/td>\n<td>Fundamental Incompleto<\/td>\n<td>6 Meses<\/td>\n<td>N\u00e3o Informado<\/td>\n<td><\/td>\n<\/tr>\n<tr>\n<td>02<\/td>\n<td>Atendente de Cl\u00ednica Veterin\u00e1ria<\/td>\n<td>M\u00e9dio Completo<\/td>\n<td>6 Meses<\/td>\n<td>R$ 1.700<\/td>\n<td><\/td>\n<\/tr>\n<tr>\n<td>02<\/td>\n<td>Auxiliar de Cozinha<\/td>\n<td>N\u00e3o Exigida<\/td>\n<td>6 Meses<\/td>\n<td>R$ 1.701<\/td>\n<td><\/td>\n<\/tr>\n<tr>\n<td>03<\/td>\n<td>Auxiliar de Mec\u00e2nico de Autos<\/td>\n<td>Fundamental Completo<\/td>\n<td>N\u00e3o Exigida<\/td>\n<td>R$ 1.629,69<\/td>\n<td><\/td>\n<\/tr>\n<tr>\n<td>02<\/td>\n<td>Copeiro de Restaurante<\/td>\n<td>N\u00e3o Exigida<\/td>\n<td>6 Meses<\/td>\n<td>R$ 1.701<\/td>\n<td><\/td>\n<\/tr>\n<tr>\n<td>03<\/td>\n<td>Cumim<\/td>\n<td>Fundamental Incompleto<\/td>\n<td>N\u00e3o Exigida<\/td>\n<td>R$ 1.701<\/td>\n<td><\/td>\n<\/tr>\n<tr>\n<td>02<\/td>\n<td>Empregado Dom\u00e9stico Arrumador<\/td>\n<td>M\u00e9dio Incompleto<\/td>\n<td>6 Meses<\/td>\n<td>R$ 1.621<\/td>\n<td><\/td>\n<\/tr>\n<tr>\n<td>05<\/td>\n<td>Fiel de Dep\u00f3sito<\/td>\n<td>M\u00e9dio Completo<\/td>\n<td>6 Meses<\/td>\n<td>R$ 1.880<\/td>\n<td><\/td>\n<\/tr>\n<tr>\n<td>03<\/td>\n<td>Gar\u00e7om<\/td>\n<td>N\u00e3o Exigida<\/td>\n<td>6 Meses<\/td>\n<td>R$ 2.000<\/td>\n<td><\/td>\n<\/tr>\n<tr>\n<td>01<\/td>\n<td>Instalador de Som e Acess\u00f3rios de Ve\u00edculo<\/td>\n<td>M\u00e9dio Completo<\/td>\n<td>6 Meses<\/td>\n<td>N\u00e3o Informado<\/td>\n<td><\/td>\n<\/tr>\n<tr>\n<td>06<\/td>\n<td>Pedreiro<\/td>\n<td>Fundamental Incompleto<\/td>\n<td>6 Meses<\/td>\n<td>R$ 2.270<\/td>\n<td><\/td>\n<\/tr>\n<tr>\n<td>01<\/td>\n<td>Servente de Obras<\/td>\n<td>Fundamental Incompleto<\/td>\n<td>N\u00e3o Exigida<\/td>\n<td>R$ 1.738<\/td>\n<td>Vaga Exclusiva para Pessoa com Defici\u00eancia<\/td>\n<\/tr>\n<tr>\n<td>02<\/td>\n<td>Vendedor Pracista<\/td>\n<td>Superior Incompleto<\/td>\n<td>6 Meses<\/td>\n<td>R$ 2.681,14<\/td>\n<td><\/td>\n<\/tr>\n<tr>\n<td>02<\/td>\n<td>Vistoriador Veicular<\/td>\n<td>Fundamental Completo<\/td>\n<td>N\u00e3o Exigida<\/td>\n<td>R$ 1.621<\/td>\n<td><\/td>\n<\/tr>\n<\/tbody>\n<\/table>\n<\/div>\n<\/div>\n<\/div>\n<\/div>\n<\/div>\n<\/div>\n<div id=\"chunk-dmnas\">\n<div class=\"mc-column content-text active-extra-styles\" data-block-type=\"raw\" data-block-weight=\"1\" data-block-id=\"14\">\n<div class=\"content-intertitle\">\n<h2><a class=\"\" href=\"https:\/\/g1.globo.com\/pe\/petrolina-regiao\/cidade\/salgueiro\/\">Salgueiro<\/a><\/h2>\n<\/div>\n<\/div>\n<\/div>\n<div id=\"chunk-1adoq\">\n<div class=\"mc-column content-text active-extra-styles\" data-block-type=\"raw\" data-block-weight=\"5\" data-block-id=\"15\">\n<div class=\"content-intertitle\">\n<h2><strong>Contato: (87) 3871 &#8211; 8467<\/strong><\/h2>\n<\/div>\n<\/div>\n<\/div>\n<div id=\"chunk-584ov\">\n<div class=\"row medium-uncollapsed content-text\" data-block-type=\"table-plugin\" data-block-id=\"16\">\n<div class=\"column medium-centered medium-22 large-20\">\n<div class=\"show-table content-media content-media--normal\">\n<p class=\"mc-column show-table__title\">Vagas Dispon\u00edveis<\/p>\n<div class=\"show-table__centralized\">\n<div class=\"show-table__container\">\n<table class=\"show-table__content show-table__content--highlight-top \">\n<tbody>\n<tr>\n<td>Vagas<\/td>\n<td>Fun\u00e7\u00e3o<\/td>\n<td>Escolaridade<\/td>\n<td>Experi\u00eancia<\/td>\n<td>Sal\u00e1rio<\/td>\n<td>Observa\u00e7\u00e3o<\/td>\n<\/tr>\n<tr>\n<td>01<\/td>\n<td>Apontador de Obras<\/td>\n<td>M\u00e9dio Completo<\/td>\n<td>6 Meses<\/td>\n<td>N\u00e3o Informado<\/td>\n<td><\/td>\n<\/tr>\n<tr>\n<td>02<\/td>\n<td>Auxiliar Administrativo<\/td>\n<td>M\u00e9dio Completo<\/td>\n<td>6 Meses<\/td>\n<td>N\u00e3o Informado<\/td>\n<td><\/td>\n<\/tr>\n<tr>\n<td>03<\/td>\n<td>Ca\u00e7ambeiro<\/td>\n<td>Fundamental Completo<\/td>\n<td>6 Meses<\/td>\n<td>N\u00e3o Informado<\/td>\n<td><\/td>\n<\/tr>\n<tr>\n<td>01<\/td>\n<td>Eletricista de Instala\u00e7\u00f5es<\/td>\n<td>M\u00e9dio Completo<\/td>\n<td>6 Meses<\/td>\n<td>R$ 1.703,64<\/td>\n<td><\/td>\n<\/tr>\n<tr>\n<td>01<\/td>\n<td>Mec\u00e2nico<\/td>\n<td>M\u00e9dio Completo<\/td>\n<td>6 Meses<\/td>\n<td>R$ 1.703,64<\/td>\n<td><\/td>\n<\/tr>\n<tr>\n<td>01<\/td>\n<td>Operador de Escavadeira<\/td>\n<td>Fundamental Completo<\/td>\n<td>6 Meses<\/td>\n<td>N\u00e3o Informado<\/td>\n<td><\/td>\n<\/tr>\n<tr>\n<td>01<\/td>\n<td>Operador de Trator de Esteira<\/td>\n<td>Fundamental Completo<\/td>\n<td>6 Meses<\/td>\n<td>N\u00e3o Informado<\/td>\n<td><\/td>\n<\/tr>\n<tr>\n<td>02<\/td>\n<td>Sinaleiro de Campos nas Opera\u00e7\u00f5es de M\u00e1quinas e Equipamentos de Eleva\u00e7\u00f5es<\/td>\n<td>M\u00e9dio Incompleto<\/td>\n<td>6 Meses<\/td>\n<td>N\u00e3o Informado<\/td>\n<td><\/td>\n<\/tr>\n<tr>\n<td>01<\/td>\n<td>Soldador<\/td>\n<td>M\u00e9dio Completo<\/td>\n<td>6 Meses<\/td>\n<td>R$ 1.703,64<\/td>\n<td><\/td>\n<\/tr>\n<tr>\n<td>01<\/td>\n<td>T\u00e9cnico em Seguran\u00e7a do Trabalho<\/td>\n<td>M\u00e9dio Completo<\/td>\n<td>6 Meses<\/td>\n<td>N\u00e3o Informado<\/td>\n<td><\/td>\n<\/tr>\n<tr>\n<td>04<\/td>\n<td>Vigia Noturno<\/td>\n<td>M\u00e9dio Completo<\/td>\n<td>6 Meses<\/td>\n<td>N\u00e3o Informado<\/td>\n<td><\/td>\n<\/tr>\n<\/tbody>\n<\/table>\n<\/div>\n<\/div>\n<\/div>\n<\/div>\n<\/div>\n<\/div>\n<div id=\"chunk-e6966\">\n<div class=\"mc-column content-text active-extra-styles\" data-block-type=\"raw\" data-block-weight=\"1\" data-block-id=\"18\">\n<div class=\"content-intertitle\">\n<h2><a class=\"\" href=\"https:\/\/g1.globo.com\/pe\/petrolina-regiao\/cidade\/araripina\/\">Araripina<\/a><\/h2>\n<\/div>\n<\/div>\n<\/div>\n<div id=\"chunk-ap3gu\">\n<div class=\"mc-column content-text active-extra-styles\" data-block-type=\"raw\" data-block-weight=\"5\" data-block-id=\"19\">\n<div class=\"content-intertitle\">\n<h2>Contato: (87) 3873 &#8211; 8381<\/h2>\n<\/div>\n<\/div>\n<\/div>\n<div id=\"chunk-4hk8p\">\n<div class=\"row medium-uncollapsed content-text\" data-block-type=\"table-plugin\" data-block-id=\"20\">\n<div class=\"column medium-centered medium-22 large-20\">\n<div class=\"show-table content-media content-media--normal\">\n<p class=\"mc-column show-table__title\">Vagas dispon\u00edveis<\/p>\n<div class=\"show-table__centralized\">\n<div class=\"show-table__container\">\n<table class=\"show-table__content show-table__content--highlight-top \">\n<tbody>\n<tr>\n<td>Vagas<\/td>\n<td>Fun\u00e7\u00e3o<\/td>\n<td>Escolaridade<\/td>\n<td>Experi\u00eancia<\/td>\n<td>Sal\u00e1rio<\/td>\n<td>Observa\u00e7\u00e3o<\/td>\n<\/tr>\n<tr>\n<td>01<\/td>\n<td>Armador de Estrutura de Concreto<\/td>\n<td>N\u00e3o Exigida<\/td>\n<td>6 meses<\/td>\n<td>N\u00e3o Informado<\/td>\n<td>Vaga Tempor\u00e1ria<\/td>\n<\/tr>\n<tr>\n<td>01<\/td>\n<td>Auxiliar de Farm\u00e1cia de Manipula\u00e7\u00e3o<\/td>\n<td>M\u00e9dio Completo<\/td>\n<td>6 meses<\/td>\n<td>N\u00e3o Informado<\/td>\n<td><\/td>\n<\/tr>\n<tr>\n<td>01<\/td>\n<td>Carpinteiro<\/td>\n<td>N\u00e3o Exigida<\/td>\n<td><\/td>\n<td>N\u00e3o Informado<\/td>\n<td>Vaga Tempor\u00e1ria<\/td>\n<\/tr>\n<tr>\n<td>01<\/td>\n<td>Eletricista de Instala\u00e7\u00f5es<\/td>\n<td>M\u00e9dio Completo<\/td>\n<td>6 Meses<\/td>\n<td>N\u00e3o Informado<\/td>\n<td>Vaga Tempor\u00e1ria<\/td>\n<\/tr>\n<tr>\n<td>01<\/td>\n<td>Eletricista de Instala\u00e7\u00f5es de Pr\u00e9dios<\/td>\n<td>N\u00e3o Exigida<\/td>\n<td>6 Meses<\/td>\n<td>N\u00e3o Informado<\/td>\n<td><\/td>\n<\/tr>\n<tr>\n<td>01<\/td>\n<td>Mec\u00e2nico de Manuten\u00e7\u00e3o de M\u00e1quina Ind\u00fastrial<\/td>\n<td>M\u00e9dio Completo<\/td>\n<td>6 Meses<\/td>\n<td>N\u00e3o Informado<\/td>\n<td><\/td>\n<\/tr>\n<tr>\n<td>01<\/td>\n<td>Mestre (Constru\u00e7\u00e3o Civil)<\/td>\n<td>N\u00e3o Exigida<\/td>\n<td>6 Meses<\/td>\n<td>N\u00e3o Informado<\/td>\n<td>Vaga Tempor\u00e1ria<\/td>\n<\/tr>\n<tr>\n<td>01<\/td>\n<td>Operador de Forno de Calcina\u00e7\u00e3o<\/td>\n<td>M\u00e9dio Completo<\/td>\n<td>6 Meses<\/td>\n<td>N\u00e3o Informado<\/td>\n<td><\/td>\n<\/tr>\n<tr>\n<td>01<\/td>\n<td>Pedreiro<\/td>\n<td>N\u00e3o Exigida<\/td>\n<td>6 Meses<\/td>\n<td>N\u00e3o Informado<\/td>\n<td>Vaga Tempor\u00e1ria<\/td>\n<\/tr>\n<tr>\n<td>01<\/td>\n<td>Pintor de Obras<\/td>\n<td>N\u00e3o Exigida<\/td>\n<td>6 Meses<\/td>\n<td>N\u00e3o Informado<\/td>\n<td>Vaga Tempor\u00e1ria<\/td>\n<\/tr>\n<\/tbody>\n<\/table>\n<p>&nbsp;<\/p>\n<\/div>\n<\/div>\n<\/div>\n<\/div>\n<\/div>\n<\/div>\n<\/div>\n<\/article>\n<\/div>\n","protected":false},"excerpt":{"rendered":"<p>Por\u00a0g1 Petrolina &#8211;\u00a0 Consultora de RH d\u00e1 dicas de como ter uma imagem confi\u00e1vel dentro do mercado de trabalho A Ag\u00eancia de Trabalho de Pernambuco divulgou as vagas de emprego disponibilizadas para o munic\u00edpio de\u00a0Petrolina,\u00a0Salgueiro\u00a0e\u00a0Araripina, no Sert\u00e3o de Pernambuco, nesta quinta-feira (12). As oportunidades s\u00e3o atualizadas diariamente pelo\u00a0g1\u00a0Petrolina. Os interessados nas oportunidades podem entrar em contato com a Sedepe atrav\u00e9s da internet. O atendimento em\u00a0Petrolina\u00a0\u00e9 na Ag\u00eancia de Trabalho,\u00a0que funciona no Expresso Cidad\u00e3o. Carteira de trabalho \u2014 Foto: Marcello Casal Jr\/Ag\u00eancia Brasil Contato: (87) 3866 &#8211; 6540 e (87) 9 9180-4065 Vagas dispon\u00edveis Vagas Fun\u00e7\u00e3o Escolaridade Experi\u00eancia Sal\u00e1rio Observa\u00e7\u00e3o 06 Ajudante de Obras N\u00e3o Exigida N\u00e3o Exigida R$ 1.788 Vaga Exclusiva para Pessoa com Defici\u00eancia 03 Ajudante de Serralheiro N\u00e3o&hellip; <\/p>\n","protected":false},"author":2,"featured_media":268413,"comment_status":"open","ping_status":"open","sticky":false,"template":"","format":"standard","meta":{"_acf_changed":false,"footnotes":""},"categories":[20],"tags":[],"class_list":["post-416948","post","type-post","status-publish","format-standard","has-post-thumbnail","hentry","category-economia"],"acf":[],"yoast_head":"<!-- This site is optimized with the Yoast SEO plugin v27.4 - https:\/\/yoast.com\/product\/yoast-seo-wordpress\/ -->\n<title>Confira as 72 vagas dispon\u00edveis de emprego em Petrolina, Salgueiro e Araripina - Blog do Farn\u00e9sio<\/title>\n<meta name=\"robots\" content=\"index, follow, max-snippet:-1, max-image-preview:large, max-video-preview:-1\" \/>\n<link rel=\"canonical\" href=\"https:\/\/blogdofarnesio.com.br\/?p=416948\" \/>\n<meta property=\"og:locale\" content=\"pt_BR\" \/>\n<meta property=\"og:type\" content=\"article\" \/>\n<meta property=\"og:title\" content=\"Confira as 72 vagas dispon\u00edveis de emprego em Petrolina, Salgueiro e Araripina - Blog do Farn\u00e9sio\" \/>\n<meta property=\"og:description\" content=\"Por\u00a0g1 Petrolina &#8211;\u00a0 Consultora de RH d\u00e1 dicas de como ter uma imagem confi\u00e1vel dentro do mercado de trabalho A Ag\u00eancia de Trabalho de Pernambuco divulgou as vagas de emprego disponibilizadas para o munic\u00edpio de\u00a0Petrolina,\u00a0Salgueiro\u00a0e\u00a0Araripina, no Sert\u00e3o de Pernambuco, nesta quinta-feira (12). As oportunidades s\u00e3o atualizadas diariamente pelo\u00a0g1\u00a0Petrolina. Os interessados nas oportunidades podem entrar em contato com a Sedepe atrav\u00e9s da internet. O atendimento em\u00a0Petrolina\u00a0\u00e9 na Ag\u00eancia de Trabalho,\u00a0que funciona no Expresso Cidad\u00e3o. Carteira de trabalho \u2014 Foto: Marcello Casal Jr\/Ag\u00eancia Brasil Contato: (87) 3866 &#8211; 6540 e (87) 9 9180-4065 Vagas dispon\u00edveis Vagas Fun\u00e7\u00e3o Escolaridade Experi\u00eancia Sal\u00e1rio Observa\u00e7\u00e3o 06 Ajudante de Obras N\u00e3o Exigida N\u00e3o Exigida R$ 1.788 Vaga Exclusiva para Pessoa com Defici\u00eancia 03 Ajudante de Serralheiro N\u00e3o&hellip;\" \/>\n<meta property=\"og:url\" content=\"https:\/\/blogdofarnesio.com.br\/?p=416948\" \/>\n<meta property=\"og:site_name\" content=\"Blog do Farn\u00e9sio\" \/>\n<meta property=\"article:publisher\" content=\"https:\/\/www.facebook.com\/BlogQuerSaberPolitica\/\" \/>\n<meta property=\"article:author\" content=\"https:\/\/www.facebook.com\/?ref=tn_tnmn\" \/>\n<meta property=\"article:published_time\" content=\"2026-03-12T14:34:09+00:00\" \/>\n<meta property=\"og:image\" content=\"https:\/\/blogdofarnesio.com.br\/wp-content\/uploads\/2020\/09\/blogqsp-vagas-empregook.jpg\" \/>\n\t<meta property=\"og:image:width\" content=\"500\" \/>\n\t<meta property=\"og:image:height\" content=\"302\" \/>\n\t<meta property=\"og:image:type\" content=\"image\/jpeg\" \/>\n<meta name=\"author\" content=\"Farn\u00e9sio\" \/>\n<meta name=\"twitter:card\" content=\"summary_large_image\" \/>\n<meta name=\"twitter:label1\" content=\"Escrito por\" \/>\n\t<meta name=\"twitter:data1\" content=\"Farn\u00e9sio\" \/>\n\t<meta name=\"twitter:label2\" content=\"Est. tempo de leitura\" \/>\n\t<meta name=\"twitter:data2\" content=\"4 minutos\" \/>\n<script type=\"application\/ld+json\" class=\"yoast-schema-graph\">{\"@context\":\"https:\\\/\\\/schema.org\",\"@graph\":[{\"@type\":\"Article\",\"@id\":\"https:\\\/\\\/blogdofarnesio.com.br\\\/?p=416948#article\",\"isPartOf\":{\"@id\":\"https:\\\/\\\/blogdofarnesio.com.br\\\/?p=416948\"},\"author\":{\"name\":\"Farn\u00e9sio\",\"@id\":\"https:\\\/\\\/blogdofarnesio.com.br\\\/#\\\/schema\\\/person\\\/bb9b23ae3ad0609ce8df7b6c9e76824d\"},\"headline\":\"Confira as 72 vagas dispon\u00edveis de emprego em Petrolina, Salgueiro e Araripina\",\"datePublished\":\"2026-03-12T14:34:09+00:00\",\"mainEntityOfPage\":{\"@id\":\"https:\\\/\\\/blogdofarnesio.com.br\\\/?p=416948\"},\"wordCount\":568,\"commentCount\":0,\"publisher\":{\"@id\":\"https:\\\/\\\/blogdofarnesio.com.br\\\/#organization\"},\"image\":{\"@id\":\"https:\\\/\\\/blogdofarnesio.com.br\\\/?p=416948#primaryimage\"},\"thumbnailUrl\":\"https:\\\/\\\/blogdofarnesio.com.br\\\/wp-content\\\/uploads\\\/2020\\\/09\\\/blogqsp-vagas-empregook.jpg\",\"articleSection\":[\"Economia\"],\"inLanguage\":\"pt-BR\",\"potentialAction\":[{\"@type\":\"CommentAction\",\"name\":\"Comment\",\"target\":[\"https:\\\/\\\/blogdofarnesio.com.br\\\/?p=416948#respond\"]}]},{\"@type\":\"WebPage\",\"@id\":\"https:\\\/\\\/blogdofarnesio.com.br\\\/?p=416948\",\"url\":\"https:\\\/\\\/blogdofarnesio.com.br\\\/?p=416948\",\"name\":\"Confira as 72 vagas dispon\u00edveis de emprego em Petrolina, Salgueiro e Araripina - Blog do Farn\u00e9sio\",\"isPartOf\":{\"@id\":\"https:\\\/\\\/blogdofarnesio.com.br\\\/#website\"},\"primaryImageOfPage\":{\"@id\":\"https:\\\/\\\/blogdofarnesio.com.br\\\/?p=416948#primaryimage\"},\"image\":{\"@id\":\"https:\\\/\\\/blogdofarnesio.com.br\\\/?p=416948#primaryimage\"},\"thumbnailUrl\":\"https:\\\/\\\/blogdofarnesio.com.br\\\/wp-content\\\/uploads\\\/2020\\\/09\\\/blogqsp-vagas-empregook.jpg\",\"datePublished\":\"2026-03-12T14:34:09+00:00\",\"breadcrumb\":{\"@id\":\"https:\\\/\\\/blogdofarnesio.com.br\\\/?p=416948#breadcrumb\"},\"inLanguage\":\"pt-BR\",\"potentialAction\":[{\"@type\":\"ReadAction\",\"target\":[\"https:\\\/\\\/blogdofarnesio.com.br\\\/?p=416948\"]}]},{\"@type\":\"ImageObject\",\"inLanguage\":\"pt-BR\",\"@id\":\"https:\\\/\\\/blogdofarnesio.com.br\\\/?p=416948#primaryimage\",\"url\":\"https:\\\/\\\/blogdofarnesio.com.br\\\/wp-content\\\/uploads\\\/2020\\\/09\\\/blogqsp-vagas-empregook.jpg\",\"contentUrl\":\"https:\\\/\\\/blogdofarnesio.com.br\\\/wp-content\\\/uploads\\\/2020\\\/09\\\/blogqsp-vagas-empregook.jpg\",\"width\":500,\"height\":302},{\"@type\":\"BreadcrumbList\",\"@id\":\"https:\\\/\\\/blogdofarnesio.com.br\\\/?p=416948#breadcrumb\",\"itemListElement\":[{\"@type\":\"ListItem\",\"position\":1,\"name\":\"In\u00edcio\",\"item\":\"https:\\\/\\\/blogdofarnesio.com.br\\\/\"},{\"@type\":\"ListItem\",\"position\":2,\"name\":\"Confira as 72 vagas dispon\u00edveis de emprego em Petrolina, Salgueiro e Araripina\"}]},{\"@type\":\"WebSite\",\"@id\":\"https:\\\/\\\/blogdofarnesio.com.br\\\/#website\",\"url\":\"https:\\\/\\\/blogdofarnesio.com.br\\\/\",\"name\":\"Blog do Farn\u00e9sio\",\"description\":\"Quer Saber Pol\u00edtica?\",\"publisher\":{\"@id\":\"https:\\\/\\\/blogdofarnesio.com.br\\\/#organization\"},\"potentialAction\":[{\"@type\":\"SearchAction\",\"target\":{\"@type\":\"EntryPoint\",\"urlTemplate\":\"https:\\\/\\\/blogdofarnesio.com.br\\\/?s={search_term_string}\"},\"query-input\":{\"@type\":\"PropertyValueSpecification\",\"valueRequired\":true,\"valueName\":\"search_term_string\"}}],\"inLanguage\":\"pt-BR\"},{\"@type\":\"Organization\",\"@id\":\"https:\\\/\\\/blogdofarnesio.com.br\\\/#organization\",\"name\":\"Blog do Farn\u00e9sio\",\"url\":\"https:\\\/\\\/blogdofarnesio.com.br\\\/\",\"logo\":{\"@type\":\"ImageObject\",\"inLanguage\":\"pt-BR\",\"@id\":\"https:\\\/\\\/blogdofarnesio.com.br\\\/#\\\/schema\\\/logo\\\/image\\\/\",\"url\":\"https:\\\/\\\/blogdofarnesio.com.br\\\/wp-content\\\/uploads\\\/2026\\\/03\\\/cropped-logo_new-1.png\",\"contentUrl\":\"https:\\\/\\\/blogdofarnesio.com.br\\\/wp-content\\\/uploads\\\/2026\\\/03\\\/cropped-logo_new-1.png\",\"width\":881,\"height\":685,\"caption\":\"Blog do Farn\u00e9sio\"},\"image\":{\"@id\":\"https:\\\/\\\/blogdofarnesio.com.br\\\/#\\\/schema\\\/logo\\\/image\\\/\"},\"sameAs\":[\"https:\\\/\\\/www.facebook.com\\\/BlogQuerSaberPolitica\\\/\"]},{\"@type\":\"Person\",\"@id\":\"https:\\\/\\\/blogdofarnesio.com.br\\\/#\\\/schema\\\/person\\\/bb9b23ae3ad0609ce8df7b6c9e76824d\",\"name\":\"Farn\u00e9sio\",\"image\":{\"@type\":\"ImageObject\",\"inLanguage\":\"pt-BR\",\"@id\":\"https:\\\/\\\/secure.gravatar.com\\\/avatar\\\/986aa4c61ccdb66f8555bf88fc2a65609d00bcabd4d2d94377a727547345cbca?s=96&d=mm&r=g\",\"url\":\"https:\\\/\\\/secure.gravatar.com\\\/avatar\\\/986aa4c61ccdb66f8555bf88fc2a65609d00bcabd4d2d94377a727547345cbca?s=96&d=mm&r=g\",\"contentUrl\":\"https:\\\/\\\/secure.gravatar.com\\\/avatar\\\/986aa4c61ccdb66f8555bf88fc2a65609d00bcabd4d2d94377a727547345cbca?s=96&d=mm&r=g\",\"caption\":\"Farn\u00e9sio\"},\"description\":\"Radialista blogueiro, chegou a Petrolina\\\/Juazeiro em setembro de 1980, Farn\u00e9sio Silva \u00e9 de Arapiraca-Alagoas.\",\"sameAs\":[\"http:\\\/\\\/blogdofarnesio.com.br\",\"https:\\\/\\\/www.facebook.com\\\/?ref=tn_tnmn\",\"https:\\\/\\\/www.instagram.com\\\/?utm_source=pwa_homescreen\",\"https:\\\/\\\/youtube.com.br\\\/\"],\"url\":\"https:\\\/\\\/blogdofarnesio.com.br\\\/?author=2\"}]}<\/script>\n<!-- \/ Yoast SEO plugin. -->","yoast_head_json":{"title":"Confira as 72 vagas dispon\u00edveis de emprego em Petrolina, Salgueiro e Araripina - Blog do Farn\u00e9sio","robots":{"index":"index","follow":"follow","max-snippet":"max-snippet:-1","max-image-preview":"max-image-preview:large","max-video-preview":"max-video-preview:-1"},"canonical":"https:\/\/blogdofarnesio.com.br\/?p=416948","og_locale":"pt_BR","og_type":"article","og_title":"Confira as 72 vagas dispon\u00edveis de emprego em Petrolina, Salgueiro e Araripina - Blog do Farn\u00e9sio","og_description":"Por\u00a0g1 Petrolina &#8211;\u00a0 Consultora de RH d\u00e1 dicas de como ter uma imagem confi\u00e1vel dentro do mercado de trabalho A Ag\u00eancia de Trabalho de Pernambuco divulgou as vagas de emprego disponibilizadas para o munic\u00edpio de\u00a0Petrolina,\u00a0Salgueiro\u00a0e\u00a0Araripina, no Sert\u00e3o de Pernambuco, nesta quinta-feira (12). As oportunidades s\u00e3o atualizadas diariamente pelo\u00a0g1\u00a0Petrolina. Os interessados nas oportunidades podem entrar em contato com a Sedepe atrav\u00e9s da internet. O atendimento em\u00a0Petrolina\u00a0\u00e9 na Ag\u00eancia de Trabalho,\u00a0que funciona no Expresso Cidad\u00e3o. Carteira de trabalho \u2014 Foto: Marcello Casal Jr\/Ag\u00eancia Brasil Contato: (87) 3866 &#8211; 6540 e (87) 9 9180-4065 Vagas dispon\u00edveis Vagas Fun\u00e7\u00e3o Escolaridade Experi\u00eancia Sal\u00e1rio Observa\u00e7\u00e3o 06 Ajudante de Obras N\u00e3o Exigida N\u00e3o Exigida R$ 1.788 Vaga Exclusiva para Pessoa com Defici\u00eancia 03 Ajudante de Serralheiro N\u00e3o&hellip;","og_url":"https:\/\/blogdofarnesio.com.br\/?p=416948","og_site_name":"Blog do Farn\u00e9sio","article_publisher":"https:\/\/www.facebook.com\/BlogQuerSaberPolitica\/","article_author":"https:\/\/www.facebook.com\/?ref=tn_tnmn","article_published_time":"2026-03-12T14:34:09+00:00","og_image":[{"width":500,"height":302,"url":"https:\/\/blogdofarnesio.com.br\/wp-content\/uploads\/2020\/09\/blogqsp-vagas-empregook.jpg","type":"image\/jpeg"}],"author":"Farn\u00e9sio","twitter_card":"summary_large_image","twitter_misc":{"Escrito por":"Farn\u00e9sio","Est. tempo de leitura":"4 minutos"},"schema":{"@context":"https:\/\/schema.org","@graph":[{"@type":"Article","@id":"https:\/\/blogdofarnesio.com.br\/?p=416948#article","isPartOf":{"@id":"https:\/\/blogdofarnesio.com.br\/?p=416948"},"author":{"name":"Farn\u00e9sio","@id":"https:\/\/blogdofarnesio.com.br\/#\/schema\/person\/bb9b23ae3ad0609ce8df7b6c9e76824d"},"headline":"Confira as 72 vagas dispon\u00edveis de emprego em Petrolina, Salgueiro e Araripina","datePublished":"2026-03-12T14:34:09+00:00","mainEntityOfPage":{"@id":"https:\/\/blogdofarnesio.com.br\/?p=416948"},"wordCount":568,"commentCount":0,"publisher":{"@id":"https:\/\/blogdofarnesio.com.br\/#organization"},"image":{"@id":"https:\/\/blogdofarnesio.com.br\/?p=416948#primaryimage"},"thumbnailUrl":"https:\/\/blogdofarnesio.com.br\/wp-content\/uploads\/2020\/09\/blogqsp-vagas-empregook.jpg","articleSection":["Economia"],"inLanguage":"pt-BR","potentialAction":[{"@type":"CommentAction","name":"Comment","target":["https:\/\/blogdofarnesio.com.br\/?p=416948#respond"]}]},{"@type":"WebPage","@id":"https:\/\/blogdofarnesio.com.br\/?p=416948","url":"https:\/\/blogdofarnesio.com.br\/?p=416948","name":"Confira as 72 vagas dispon\u00edveis de emprego em Petrolina, Salgueiro e Araripina - Blog do Farn\u00e9sio","isPartOf":{"@id":"https:\/\/blogdofarnesio.com.br\/#website"},"primaryImageOfPage":{"@id":"https:\/\/blogdofarnesio.com.br\/?p=416948#primaryimage"},"image":{"@id":"https:\/\/blogdofarnesio.com.br\/?p=416948#primaryimage"},"thumbnailUrl":"https:\/\/blogdofarnesio.com.br\/wp-content\/uploads\/2020\/09\/blogqsp-vagas-empregook.jpg","datePublished":"2026-03-12T14:34:09+00:00","breadcrumb":{"@id":"https:\/\/blogdofarnesio.com.br\/?p=416948#breadcrumb"},"inLanguage":"pt-BR","potentialAction":[{"@type":"ReadAction","target":["https:\/\/blogdofarnesio.com.br\/?p=416948"]}]},{"@type":"ImageObject","inLanguage":"pt-BR","@id":"https:\/\/blogdofarnesio.com.br\/?p=416948#primaryimage","url":"https:\/\/blogdofarnesio.com.br\/wp-content\/uploads\/2020\/09\/blogqsp-vagas-empregook.jpg","contentUrl":"https:\/\/blogdofarnesio.com.br\/wp-content\/uploads\/2020\/09\/blogqsp-vagas-empregook.jpg","width":500,"height":302},{"@type":"BreadcrumbList","@id":"https:\/\/blogdofarnesio.com.br\/?p=416948#breadcrumb","itemListElement":[{"@type":"ListItem","position":1,"name":"In\u00edcio","item":"https:\/\/blogdofarnesio.com.br\/"},{"@type":"ListItem","position":2,"name":"Confira as 72 vagas dispon\u00edveis de emprego em Petrolina, Salgueiro e Araripina"}]},{"@type":"WebSite","@id":"https:\/\/blogdofarnesio.com.br\/#website","url":"https:\/\/blogdofarnesio.com.br\/","name":"Blog do Farn\u00e9sio","description":"Quer Saber Pol\u00edtica?","publisher":{"@id":"https:\/\/blogdofarnesio.com.br\/#organization"},"potentialAction":[{"@type":"SearchAction","target":{"@type":"EntryPoint","urlTemplate":"https:\/\/blogdofarnesio.com.br\/?s={search_term_string}"},"query-input":{"@type":"PropertyValueSpecification","valueRequired":true,"valueName":"search_term_string"}}],"inLanguage":"pt-BR"},{"@type":"Organization","@id":"https:\/\/blogdofarnesio.com.br\/#organization","name":"Blog do Farn\u00e9sio","url":"https:\/\/blogdofarnesio.com.br\/","logo":{"@type":"ImageObject","inLanguage":"pt-BR","@id":"https:\/\/blogdofarnesio.com.br\/#\/schema\/logo\/image\/","url":"https:\/\/blogdofarnesio.com.br\/wp-content\/uploads\/2026\/03\/cropped-logo_new-1.png","contentUrl":"https:\/\/blogdofarnesio.com.br\/wp-content\/uploads\/2026\/03\/cropped-logo_new-1.png","width":881,"height":685,"caption":"Blog do Farn\u00e9sio"},"image":{"@id":"https:\/\/blogdofarnesio.com.br\/#\/schema\/logo\/image\/"},"sameAs":["https:\/\/www.facebook.com\/BlogQuerSaberPolitica\/"]},{"@type":"Person","@id":"https:\/\/blogdofarnesio.com.br\/#\/schema\/person\/bb9b23ae3ad0609ce8df7b6c9e76824d","name":"Farn\u00e9sio","image":{"@type":"ImageObject","inLanguage":"pt-BR","@id":"https:\/\/secure.gravatar.com\/avatar\/986aa4c61ccdb66f8555bf88fc2a65609d00bcabd4d2d94377a727547345cbca?s=96&d=mm&r=g","url":"https:\/\/secure.gravatar.com\/avatar\/986aa4c61ccdb66f8555bf88fc2a65609d00bcabd4d2d94377a727547345cbca?s=96&d=mm&r=g","contentUrl":"https:\/\/secure.gravatar.com\/avatar\/986aa4c61ccdb66f8555bf88fc2a65609d00bcabd4d2d94377a727547345cbca?s=96&d=mm&r=g","caption":"Farn\u00e9sio"},"description":"Radialista blogueiro, chegou a Petrolina\/Juazeiro em setembro de 1980, Farn\u00e9sio Silva \u00e9 de Arapiraca-Alagoas.","sameAs":["http:\/\/blogdofarnesio.com.br","https:\/\/www.facebook.com\/?ref=tn_tnmn","https:\/\/www.instagram.com\/?utm_source=pwa_homescreen","https:\/\/youtube.com.br\/"],"url":"https:\/\/blogdofarnesio.com.br\/?author=2"}]}},"_links":{"self":[{"href":"https:\/\/blogdofarnesio.com.br\/index.php?rest_route=\/wp\/v2\/posts\/416948","targetHints":{"allow":["GET"]}}],"collection":[{"href":"https:\/\/blogdofarnesio.com.br\/index.php?rest_route=\/wp\/v2\/posts"}],"about":[{"href":"https:\/\/blogdofarnesio.com.br\/index.php?rest_route=\/wp\/v2\/types\/post"}],"author":[{"embeddable":true,"href":"https:\/\/blogdofarnesio.com.br\/index.php?rest_route=\/wp\/v2\/users\/2"}],"replies":[{"embeddable":true,"href":"https:\/\/blogdofarnesio.com.br\/index.php?rest_route=%2Fwp%2Fv2%2Fcomments&post=416948"}],"version-history":[{"count":2,"href":"https:\/\/blogdofarnesio.com.br\/index.php?rest_route=\/wp\/v2\/posts\/416948\/revisions"}],"predecessor-version":[{"id":416950,"href":"https:\/\/blogdofarnesio.com.br\/index.php?rest_route=\/wp\/v2\/posts\/416948\/revisions\/416950"}],"wp:featuredmedia":[{"embeddable":true,"href":"https:\/\/blogdofarnesio.com.br\/index.php?rest_route=\/wp\/v2\/media\/268413"}],"wp:attachment":[{"href":"https:\/\/blogdofarnesio.com.br\/index.php?rest_route=%2Fwp%2Fv2%2Fmedia&parent=416948"}],"wp:term":[{"taxonomy":"category","embeddable":true,"href":"https:\/\/blogdofarnesio.com.br\/index.php?rest_route=%2Fwp%2Fv2%2Fcategories&post=416948"},{"taxonomy":"post_tag","embeddable":true,"href":"https:\/\/blogdofarnesio.com.br\/index.php?rest_route=%2Fwp%2Fv2%2Ftags&post=416948"}],"curies":[{"name":"wp","href":"https:\/\/api.w.org\/{rel}","templated":true}]}}