{"id":416942,"date":"2026-03-12T11:05:09","date_gmt":"2026-03-12T14:05:09","guid":{"rendered":"https:\/\/blogdofarnesio.com.br\/?p=416942"},"modified":"2026-03-12T08:31:18","modified_gmt":"2026-03-12T11:31:18","slug":"dominguinho-em-salvador-joao-gomes-mestrinho-e-jota-pe-gravam-projeto-no-pelourinho","status":"publish","type":"post","link":"https:\/\/blogdofarnesio.com.br\/?p=416942","title":{"rendered":"Dominguinho em Salvador: Jo\u00e3o Gomes, Mestrinho e Jota.p\u00ea gravam projeto no Pelourinho"},"content":{"rendered":"<div class=\"sc-b4c8ccf3-0 fsXNOt\">\n<div class=\"sc-b4c8ccf3-4 dxBsro\">Por Bianca Andrade &#8211;<\/div>\n<\/div>\n<div class=\"sc-24c322fd-1 laZqPV\">\n<div class=\"sc-24c322fd-3 giHdVV\">\n<p>O Pelourinho, no Centro Hist\u00f3rico de Salvador, foi cen\u00e1rio para uma grava\u00e7\u00e3o in\u00e9dita do projeto &#8216;Dominguinho&#8217;, de Jo\u00e3o Gomes, Mestrinho e Jota.p\u00ea.<\/p>\n<p>O trio desembarcou na capital baiana na \u00faltima quarta-feira (11), e ati\u00e7ou o p\u00fablico ao compartilhar um registro em frente \u00e0 Igreja e Convento de S\u00e3o Francisco para uma grava\u00e7\u00e3o.<\/p>\n<p>Com capta\u00e7\u00e3o da Macaco Gordo e dire\u00e7\u00e3o do baiano Chico Kert\u00e9sz, respons\u00e1vel pelo primeiro registro do projeto, lan\u00e7ado em 2025, os artistas revelaram a grava\u00e7\u00e3o, mas n\u00e3o entregaram qual o prop\u00f3sito dela.<\/p>\n<p>\u00c9 especulado que a grava\u00e7\u00e3o fa\u00e7a parte da segunda etapa do projeto, que se tornou um marco na carreira dos artistas. O trio n\u00e3o anunciou nenhuma apresenta\u00e7\u00e3o na capital, at\u00e9 o momento.<\/p>\n<p><strong>SOBRE O DOMINGUINHO<\/strong><br \/>\nCom uma proposta intimista, o primeiro registro do &#8216;Dominguinho&#8217; foi feito no S\u00edtio Hist\u00f3rico de Olinda, em Pernambuco.<\/p>\n<p>O projeto, que surgiu de uma &#8220;resenha&#8221; entre amigos, veio com o intuito de entregar ao p\u00fablico um forr\u00f3 com uma atmosfera leve e afetiva.<\/p>\n<p>O reconhecimento veio a galope. Fen\u00f4meno em 2025, o projeto ganhou o Grammy de Melhor \u00c1lbum de M\u00fasica de Ra\u00edzes em L\u00edngua Portuguesa, e se transformou em uma turn\u00ea de sucesso, chegando a vender 40 mil ingressos em apenas 24 horas para um show em S\u00e3o Paulo.<\/p>\n<p>A turn\u00ea tamb\u00e9m ganhou uma perna internacional, com shows na Europa em cidades como \u00a0Londres, Berlim, Barcelona, Paris, Amsterdam, Dublin e Lisboa.<\/p>\n<p>Em Salvador, os artistas apresentaram o show do projeto &#8216;Dominguinho&#8217; na edi\u00e7\u00e3o de 2026 do Festival de Ver\u00e3o. O p\u00fablico ainda aguarda uma data exclusiva para a apresenta\u00e7\u00e3o do trio.<\/p>\n<\/div>\n<\/div>\n","protected":false},"excerpt":{"rendered":"<p>Por Bianca Andrade &#8211; O Pelourinho, no Centro Hist\u00f3rico de Salvador, foi cen\u00e1rio para uma grava\u00e7\u00e3o in\u00e9dita do projeto &#8216;Dominguinho&#8217;, de Jo\u00e3o Gomes, Mestrinho e Jota.p\u00ea. O trio desembarcou na capital baiana na \u00faltima quarta-feira (11), e ati\u00e7ou o p\u00fablico ao compartilhar um registro em frente \u00e0 Igreja e Convento de S\u00e3o Francisco para uma grava\u00e7\u00e3o. Com capta\u00e7\u00e3o da Macaco Gordo e dire\u00e7\u00e3o do baiano Chico Kert\u00e9sz, respons\u00e1vel pelo primeiro registro do projeto, lan\u00e7ado em 2025, os artistas revelaram a grava\u00e7\u00e3o, mas n\u00e3o entregaram qual o prop\u00f3sito dela. \u00c9 especulado que a grava\u00e7\u00e3o fa\u00e7a parte da segunda etapa do projeto, que se tornou um marco na carreira dos artistas. O trio n\u00e3o anunciou nenhuma apresenta\u00e7\u00e3o na capital, at\u00e9 o momento.&hellip; <\/p>\n","protected":false},"author":2,"featured_media":416943,"comment_status":"open","ping_status":"open","sticky":false,"template":"","format":"standard","meta":{"_acf_changed":false,"footnotes":""},"categories":[3],"tags":[],"class_list":["post-416942","post","type-post","status-publish","format-standard","has-post-thumbnail","hentry","category-entretenimento"],"acf":[],"yoast_head":"<!-- This site is optimized with the Yoast SEO plugin v27.4 - https:\/\/yoast.com\/product\/yoast-seo-wordpress\/ -->\n<title>Dominguinho em Salvador: Jo\u00e3o Gomes, Mestrinho e Jota.p\u00ea gravam projeto no Pelourinho - Blog do Farn\u00e9sio<\/title>\n<meta name=\"robots\" content=\"index, follow, max-snippet:-1, max-image-preview:large, max-video-preview:-1\" \/>\n<link rel=\"canonical\" href=\"https:\/\/blogdofarnesio.com.br\/?p=416942\" \/>\n<meta property=\"og:locale\" content=\"pt_BR\" \/>\n<meta property=\"og:type\" content=\"article\" \/>\n<meta property=\"og:title\" content=\"Dominguinho em Salvador: Jo\u00e3o Gomes, Mestrinho e Jota.p\u00ea gravam projeto no Pelourinho - Blog do Farn\u00e9sio\" \/>\n<meta property=\"og:description\" content=\"Por Bianca Andrade &#8211; O Pelourinho, no Centro Hist\u00f3rico de Salvador, foi cen\u00e1rio para uma grava\u00e7\u00e3o in\u00e9dita do projeto &#8216;Dominguinho&#8217;, de Jo\u00e3o Gomes, Mestrinho e Jota.p\u00ea. O trio desembarcou na capital baiana na \u00faltima quarta-feira (11), e ati\u00e7ou o p\u00fablico ao compartilhar um registro em frente \u00e0 Igreja e Convento de S\u00e3o Francisco para uma grava\u00e7\u00e3o. Com capta\u00e7\u00e3o da Macaco Gordo e dire\u00e7\u00e3o do baiano Chico Kert\u00e9sz, respons\u00e1vel pelo primeiro registro do projeto, lan\u00e7ado em 2025, os artistas revelaram a grava\u00e7\u00e3o, mas n\u00e3o entregaram qual o prop\u00f3sito dela. \u00c9 especulado que a grava\u00e7\u00e3o fa\u00e7a parte da segunda etapa do projeto, que se tornou um marco na carreira dos artistas. O trio n\u00e3o anunciou nenhuma apresenta\u00e7\u00e3o na capital, at\u00e9 o momento.&hellip;\" \/>\n<meta property=\"og:url\" content=\"https:\/\/blogdofarnesio.com.br\/?p=416942\" \/>\n<meta property=\"og:site_name\" content=\"Blog do Farn\u00e9sio\" \/>\n<meta property=\"article:publisher\" content=\"https:\/\/www.facebook.com\/BlogQuerSaberPolitica\/\" \/>\n<meta property=\"article:author\" content=\"https:\/\/www.facebook.com\/?ref=tn_tnmn\" \/>\n<meta property=\"article:published_time\" content=\"2026-03-12T14:05:09+00:00\" \/>\n<meta property=\"og:image\" content=\"https:\/\/blogdofarnesio.com.br\/wp-content\/uploads\/2026\/03\/blogqspjoao-gomes-jota-pe-dominguinjhos.png\" \/>\n\t<meta property=\"og:image:width\" content=\"784\" \/>\n\t<meta property=\"og:image:height\" content=\"447\" \/>\n\t<meta property=\"og:image:type\" content=\"image\/png\" \/>\n<meta name=\"author\" content=\"Farn\u00e9sio\" \/>\n<meta name=\"twitter:card\" content=\"summary_large_image\" \/>\n<meta name=\"twitter:label1\" content=\"Escrito por\" \/>\n\t<meta name=\"twitter:data1\" content=\"Farn\u00e9sio\" \/>\n\t<meta name=\"twitter:label2\" content=\"Est. tempo de leitura\" \/>\n\t<meta name=\"twitter:data2\" content=\"2 minutos\" \/>\n<script type=\"application\/ld+json\" class=\"yoast-schema-graph\">{\"@context\":\"https:\\\/\\\/schema.org\",\"@graph\":[{\"@type\":\"Article\",\"@id\":\"https:\\\/\\\/blogdofarnesio.com.br\\\/?p=416942#article\",\"isPartOf\":{\"@id\":\"https:\\\/\\\/blogdofarnesio.com.br\\\/?p=416942\"},\"author\":{\"name\":\"Farn\u00e9sio\",\"@id\":\"https:\\\/\\\/blogdofarnesio.com.br\\\/#\\\/schema\\\/person\\\/bb9b23ae3ad0609ce8df7b6c9e76824d\"},\"headline\":\"Dominguinho em Salvador: Jo\u00e3o Gomes, Mestrinho e Jota.p\u00ea gravam projeto no Pelourinho\",\"datePublished\":\"2026-03-12T14:05:09+00:00\",\"mainEntityOfPage\":{\"@id\":\"https:\\\/\\\/blogdofarnesio.com.br\\\/?p=416942\"},\"wordCount\":306,\"commentCount\":0,\"publisher\":{\"@id\":\"https:\\\/\\\/blogdofarnesio.com.br\\\/#organization\"},\"image\":{\"@id\":\"https:\\\/\\\/blogdofarnesio.com.br\\\/?p=416942#primaryimage\"},\"thumbnailUrl\":\"https:\\\/\\\/blogdofarnesio.com.br\\\/wp-content\\\/uploads\\\/2026\\\/03\\\/blogqspjoao-gomes-jota-pe-dominguinjhos.png\",\"articleSection\":[\"Entretenimento\"],\"inLanguage\":\"pt-BR\",\"potentialAction\":[{\"@type\":\"CommentAction\",\"name\":\"Comment\",\"target\":[\"https:\\\/\\\/blogdofarnesio.com.br\\\/?p=416942#respond\"]}]},{\"@type\":\"WebPage\",\"@id\":\"https:\\\/\\\/blogdofarnesio.com.br\\\/?p=416942\",\"url\":\"https:\\\/\\\/blogdofarnesio.com.br\\\/?p=416942\",\"name\":\"Dominguinho em Salvador: Jo\u00e3o Gomes, Mestrinho e Jota.p\u00ea gravam projeto no Pelourinho - Blog do Farn\u00e9sio\",\"isPartOf\":{\"@id\":\"https:\\\/\\\/blogdofarnesio.com.br\\\/#website\"},\"primaryImageOfPage\":{\"@id\":\"https:\\\/\\\/blogdofarnesio.com.br\\\/?p=416942#primaryimage\"},\"image\":{\"@id\":\"https:\\\/\\\/blogdofarnesio.com.br\\\/?p=416942#primaryimage\"},\"thumbnailUrl\":\"https:\\\/\\\/blogdofarnesio.com.br\\\/wp-content\\\/uploads\\\/2026\\\/03\\\/blogqspjoao-gomes-jota-pe-dominguinjhos.png\",\"datePublished\":\"2026-03-12T14:05:09+00:00\",\"breadcrumb\":{\"@id\":\"https:\\\/\\\/blogdofarnesio.com.br\\\/?p=416942#breadcrumb\"},\"inLanguage\":\"pt-BR\",\"potentialAction\":[{\"@type\":\"ReadAction\",\"target\":[\"https:\\\/\\\/blogdofarnesio.com.br\\\/?p=416942\"]}]},{\"@type\":\"ImageObject\",\"inLanguage\":\"pt-BR\",\"@id\":\"https:\\\/\\\/blogdofarnesio.com.br\\\/?p=416942#primaryimage\",\"url\":\"https:\\\/\\\/blogdofarnesio.com.br\\\/wp-content\\\/uploads\\\/2026\\\/03\\\/blogqspjoao-gomes-jota-pe-dominguinjhos.png\",\"contentUrl\":\"https:\\\/\\\/blogdofarnesio.com.br\\\/wp-content\\\/uploads\\\/2026\\\/03\\\/blogqspjoao-gomes-jota-pe-dominguinjhos.png\",\"width\":784,\"height\":447},{\"@type\":\"BreadcrumbList\",\"@id\":\"https:\\\/\\\/blogdofarnesio.com.br\\\/?p=416942#breadcrumb\",\"itemListElement\":[{\"@type\":\"ListItem\",\"position\":1,\"name\":\"In\u00edcio\",\"item\":\"https:\\\/\\\/blogdofarnesio.com.br\\\/\"},{\"@type\":\"ListItem\",\"position\":2,\"name\":\"Dominguinho em Salvador: Jo\u00e3o Gomes, Mestrinho e Jota.p\u00ea gravam projeto no Pelourinho\"}]},{\"@type\":\"WebSite\",\"@id\":\"https:\\\/\\\/blogdofarnesio.com.br\\\/#website\",\"url\":\"https:\\\/\\\/blogdofarnesio.com.br\\\/\",\"name\":\"Blog do Farn\u00e9sio\",\"description\":\"Quer Saber Pol\u00edtica?\",\"publisher\":{\"@id\":\"https:\\\/\\\/blogdofarnesio.com.br\\\/#organization\"},\"potentialAction\":[{\"@type\":\"SearchAction\",\"target\":{\"@type\":\"EntryPoint\",\"urlTemplate\":\"https:\\\/\\\/blogdofarnesio.com.br\\\/?s={search_term_string}\"},\"query-input\":{\"@type\":\"PropertyValueSpecification\",\"valueRequired\":true,\"valueName\":\"search_term_string\"}}],\"inLanguage\":\"pt-BR\"},{\"@type\":\"Organization\",\"@id\":\"https:\\\/\\\/blogdofarnesio.com.br\\\/#organization\",\"name\":\"Blog do Farn\u00e9sio\",\"url\":\"https:\\\/\\\/blogdofarnesio.com.br\\\/\",\"logo\":{\"@type\":\"ImageObject\",\"inLanguage\":\"pt-BR\",\"@id\":\"https:\\\/\\\/blogdofarnesio.com.br\\\/#\\\/schema\\\/logo\\\/image\\\/\",\"url\":\"https:\\\/\\\/blogdofarnesio.com.br\\\/wp-content\\\/uploads\\\/2026\\\/03\\\/cropped-logo_new-1.png\",\"contentUrl\":\"https:\\\/\\\/blogdofarnesio.com.br\\\/wp-content\\\/uploads\\\/2026\\\/03\\\/cropped-logo_new-1.png\",\"width\":881,\"height\":685,\"caption\":\"Blog do Farn\u00e9sio\"},\"image\":{\"@id\":\"https:\\\/\\\/blogdofarnesio.com.br\\\/#\\\/schema\\\/logo\\\/image\\\/\"},\"sameAs\":[\"https:\\\/\\\/www.facebook.com\\\/BlogQuerSaberPolitica\\\/\"]},{\"@type\":\"Person\",\"@id\":\"https:\\\/\\\/blogdofarnesio.com.br\\\/#\\\/schema\\\/person\\\/bb9b23ae3ad0609ce8df7b6c9e76824d\",\"name\":\"Farn\u00e9sio\",\"image\":{\"@type\":\"ImageObject\",\"inLanguage\":\"pt-BR\",\"@id\":\"https:\\\/\\\/secure.gravatar.com\\\/avatar\\\/986aa4c61ccdb66f8555bf88fc2a65609d00bcabd4d2d94377a727547345cbca?s=96&d=mm&r=g\",\"url\":\"https:\\\/\\\/secure.gravatar.com\\\/avatar\\\/986aa4c61ccdb66f8555bf88fc2a65609d00bcabd4d2d94377a727547345cbca?s=96&d=mm&r=g\",\"contentUrl\":\"https:\\\/\\\/secure.gravatar.com\\\/avatar\\\/986aa4c61ccdb66f8555bf88fc2a65609d00bcabd4d2d94377a727547345cbca?s=96&d=mm&r=g\",\"caption\":\"Farn\u00e9sio\"},\"description\":\"Radialista blogueiro, chegou a Petrolina\\\/Juazeiro em setembro de 1980, Farn\u00e9sio Silva \u00e9 de Arapiraca-Alagoas.\",\"sameAs\":[\"http:\\\/\\\/blogdofarnesio.com.br\",\"https:\\\/\\\/www.facebook.com\\\/?ref=tn_tnmn\",\"https:\\\/\\\/www.instagram.com\\\/?utm_source=pwa_homescreen\",\"https:\\\/\\\/youtube.com.br\\\/\"],\"url\":\"https:\\\/\\\/blogdofarnesio.com.br\\\/?author=2\"}]}<\/script>\n<!-- \/ Yoast SEO plugin. -->","yoast_head_json":{"title":"Dominguinho em Salvador: Jo\u00e3o Gomes, Mestrinho e Jota.p\u00ea gravam projeto no Pelourinho - Blog do Farn\u00e9sio","robots":{"index":"index","follow":"follow","max-snippet":"max-snippet:-1","max-image-preview":"max-image-preview:large","max-video-preview":"max-video-preview:-1"},"canonical":"https:\/\/blogdofarnesio.com.br\/?p=416942","og_locale":"pt_BR","og_type":"article","og_title":"Dominguinho em Salvador: Jo\u00e3o Gomes, Mestrinho e Jota.p\u00ea gravam projeto no Pelourinho - Blog do Farn\u00e9sio","og_description":"Por Bianca Andrade &#8211; O Pelourinho, no Centro Hist\u00f3rico de Salvador, foi cen\u00e1rio para uma grava\u00e7\u00e3o in\u00e9dita do projeto &#8216;Dominguinho&#8217;, de Jo\u00e3o Gomes, Mestrinho e Jota.p\u00ea. O trio desembarcou na capital baiana na \u00faltima quarta-feira (11), e ati\u00e7ou o p\u00fablico ao compartilhar um registro em frente \u00e0 Igreja e Convento de S\u00e3o Francisco para uma grava\u00e7\u00e3o. Com capta\u00e7\u00e3o da Macaco Gordo e dire\u00e7\u00e3o do baiano Chico Kert\u00e9sz, respons\u00e1vel pelo primeiro registro do projeto, lan\u00e7ado em 2025, os artistas revelaram a grava\u00e7\u00e3o, mas n\u00e3o entregaram qual o prop\u00f3sito dela. \u00c9 especulado que a grava\u00e7\u00e3o fa\u00e7a parte da segunda etapa do projeto, que se tornou um marco na carreira dos artistas. O trio n\u00e3o anunciou nenhuma apresenta\u00e7\u00e3o na capital, at\u00e9 o momento.&hellip;","og_url":"https:\/\/blogdofarnesio.com.br\/?p=416942","og_site_name":"Blog do Farn\u00e9sio","article_publisher":"https:\/\/www.facebook.com\/BlogQuerSaberPolitica\/","article_author":"https:\/\/www.facebook.com\/?ref=tn_tnmn","article_published_time":"2026-03-12T14:05:09+00:00","og_image":[{"width":784,"height":447,"url":"https:\/\/blogdofarnesio.com.br\/wp-content\/uploads\/2026\/03\/blogqspjoao-gomes-jota-pe-dominguinjhos.png","type":"image\/png"}],"author":"Farn\u00e9sio","twitter_card":"summary_large_image","twitter_misc":{"Escrito por":"Farn\u00e9sio","Est. tempo de leitura":"2 minutos"},"schema":{"@context":"https:\/\/schema.org","@graph":[{"@type":"Article","@id":"https:\/\/blogdofarnesio.com.br\/?p=416942#article","isPartOf":{"@id":"https:\/\/blogdofarnesio.com.br\/?p=416942"},"author":{"name":"Farn\u00e9sio","@id":"https:\/\/blogdofarnesio.com.br\/#\/schema\/person\/bb9b23ae3ad0609ce8df7b6c9e76824d"},"headline":"Dominguinho em Salvador: Jo\u00e3o Gomes, Mestrinho e Jota.p\u00ea gravam projeto no Pelourinho","datePublished":"2026-03-12T14:05:09+00:00","mainEntityOfPage":{"@id":"https:\/\/blogdofarnesio.com.br\/?p=416942"},"wordCount":306,"commentCount":0,"publisher":{"@id":"https:\/\/blogdofarnesio.com.br\/#organization"},"image":{"@id":"https:\/\/blogdofarnesio.com.br\/?p=416942#primaryimage"},"thumbnailUrl":"https:\/\/blogdofarnesio.com.br\/wp-content\/uploads\/2026\/03\/blogqspjoao-gomes-jota-pe-dominguinjhos.png","articleSection":["Entretenimento"],"inLanguage":"pt-BR","potentialAction":[{"@type":"CommentAction","name":"Comment","target":["https:\/\/blogdofarnesio.com.br\/?p=416942#respond"]}]},{"@type":"WebPage","@id":"https:\/\/blogdofarnesio.com.br\/?p=416942","url":"https:\/\/blogdofarnesio.com.br\/?p=416942","name":"Dominguinho em Salvador: Jo\u00e3o Gomes, Mestrinho e Jota.p\u00ea gravam projeto no Pelourinho - Blog do Farn\u00e9sio","isPartOf":{"@id":"https:\/\/blogdofarnesio.com.br\/#website"},"primaryImageOfPage":{"@id":"https:\/\/blogdofarnesio.com.br\/?p=416942#primaryimage"},"image":{"@id":"https:\/\/blogdofarnesio.com.br\/?p=416942#primaryimage"},"thumbnailUrl":"https:\/\/blogdofarnesio.com.br\/wp-content\/uploads\/2026\/03\/blogqspjoao-gomes-jota-pe-dominguinjhos.png","datePublished":"2026-03-12T14:05:09+00:00","breadcrumb":{"@id":"https:\/\/blogdofarnesio.com.br\/?p=416942#breadcrumb"},"inLanguage":"pt-BR","potentialAction":[{"@type":"ReadAction","target":["https:\/\/blogdofarnesio.com.br\/?p=416942"]}]},{"@type":"ImageObject","inLanguage":"pt-BR","@id":"https:\/\/blogdofarnesio.com.br\/?p=416942#primaryimage","url":"https:\/\/blogdofarnesio.com.br\/wp-content\/uploads\/2026\/03\/blogqspjoao-gomes-jota-pe-dominguinjhos.png","contentUrl":"https:\/\/blogdofarnesio.com.br\/wp-content\/uploads\/2026\/03\/blogqspjoao-gomes-jota-pe-dominguinjhos.png","width":784,"height":447},{"@type":"BreadcrumbList","@id":"https:\/\/blogdofarnesio.com.br\/?p=416942#breadcrumb","itemListElement":[{"@type":"ListItem","position":1,"name":"In\u00edcio","item":"https:\/\/blogdofarnesio.com.br\/"},{"@type":"ListItem","position":2,"name":"Dominguinho em Salvador: Jo\u00e3o Gomes, Mestrinho e Jota.p\u00ea gravam projeto no Pelourinho"}]},{"@type":"WebSite","@id":"https:\/\/blogdofarnesio.com.br\/#website","url":"https:\/\/blogdofarnesio.com.br\/","name":"Blog do Farn\u00e9sio","description":"Quer Saber Pol\u00edtica?","publisher":{"@id":"https:\/\/blogdofarnesio.com.br\/#organization"},"potentialAction":[{"@type":"SearchAction","target":{"@type":"EntryPoint","urlTemplate":"https:\/\/blogdofarnesio.com.br\/?s={search_term_string}"},"query-input":{"@type":"PropertyValueSpecification","valueRequired":true,"valueName":"search_term_string"}}],"inLanguage":"pt-BR"},{"@type":"Organization","@id":"https:\/\/blogdofarnesio.com.br\/#organization","name":"Blog do Farn\u00e9sio","url":"https:\/\/blogdofarnesio.com.br\/","logo":{"@type":"ImageObject","inLanguage":"pt-BR","@id":"https:\/\/blogdofarnesio.com.br\/#\/schema\/logo\/image\/","url":"https:\/\/blogdofarnesio.com.br\/wp-content\/uploads\/2026\/03\/cropped-logo_new-1.png","contentUrl":"https:\/\/blogdofarnesio.com.br\/wp-content\/uploads\/2026\/03\/cropped-logo_new-1.png","width":881,"height":685,"caption":"Blog do Farn\u00e9sio"},"image":{"@id":"https:\/\/blogdofarnesio.com.br\/#\/schema\/logo\/image\/"},"sameAs":["https:\/\/www.facebook.com\/BlogQuerSaberPolitica\/"]},{"@type":"Person","@id":"https:\/\/blogdofarnesio.com.br\/#\/schema\/person\/bb9b23ae3ad0609ce8df7b6c9e76824d","name":"Farn\u00e9sio","image":{"@type":"ImageObject","inLanguage":"pt-BR","@id":"https:\/\/secure.gravatar.com\/avatar\/986aa4c61ccdb66f8555bf88fc2a65609d00bcabd4d2d94377a727547345cbca?s=96&d=mm&r=g","url":"https:\/\/secure.gravatar.com\/avatar\/986aa4c61ccdb66f8555bf88fc2a65609d00bcabd4d2d94377a727547345cbca?s=96&d=mm&r=g","contentUrl":"https:\/\/secure.gravatar.com\/avatar\/986aa4c61ccdb66f8555bf88fc2a65609d00bcabd4d2d94377a727547345cbca?s=96&d=mm&r=g","caption":"Farn\u00e9sio"},"description":"Radialista blogueiro, chegou a Petrolina\/Juazeiro em setembro de 1980, Farn\u00e9sio Silva \u00e9 de Arapiraca-Alagoas.","sameAs":["http:\/\/blogdofarnesio.com.br","https:\/\/www.facebook.com\/?ref=tn_tnmn","https:\/\/www.instagram.com\/?utm_source=pwa_homescreen","https:\/\/youtube.com.br\/"],"url":"https:\/\/blogdofarnesio.com.br\/?author=2"}]}},"_links":{"self":[{"href":"https:\/\/blogdofarnesio.com.br\/index.php?rest_route=\/wp\/v2\/posts\/416942","targetHints":{"allow":["GET"]}}],"collection":[{"href":"https:\/\/blogdofarnesio.com.br\/index.php?rest_route=\/wp\/v2\/posts"}],"about":[{"href":"https:\/\/blogdofarnesio.com.br\/index.php?rest_route=\/wp\/v2\/types\/post"}],"author":[{"embeddable":true,"href":"https:\/\/blogdofarnesio.com.br\/index.php?rest_route=\/wp\/v2\/users\/2"}],"replies":[{"embeddable":true,"href":"https:\/\/blogdofarnesio.com.br\/index.php?rest_route=%2Fwp%2Fv2%2Fcomments&post=416942"}],"version-history":[{"count":1,"href":"https:\/\/blogdofarnesio.com.br\/index.php?rest_route=\/wp\/v2\/posts\/416942\/revisions"}],"predecessor-version":[{"id":416944,"href":"https:\/\/blogdofarnesio.com.br\/index.php?rest_route=\/wp\/v2\/posts\/416942\/revisions\/416944"}],"wp:featuredmedia":[{"embeddable":true,"href":"https:\/\/blogdofarnesio.com.br\/index.php?rest_route=\/wp\/v2\/media\/416943"}],"wp:attachment":[{"href":"https:\/\/blogdofarnesio.com.br\/index.php?rest_route=%2Fwp%2Fv2%2Fmedia&parent=416942"}],"wp:term":[{"taxonomy":"category","embeddable":true,"href":"https:\/\/blogdofarnesio.com.br\/index.php?rest_route=%2Fwp%2Fv2%2Fcategories&post=416942"},{"taxonomy":"post_tag","embeddable":true,"href":"https:\/\/blogdofarnesio.com.br\/index.php?rest_route=%2Fwp%2Fv2%2Ftags&post=416942"}],"curies":[{"name":"wp","href":"https:\/\/api.w.org\/{rel}","templated":true}]}}