{"id":416937,"date":"2026-03-12T09:01:01","date_gmt":"2026-03-12T12:01:01","guid":{"rendered":"https:\/\/blogdofarnesio.com.br\/?p=416937"},"modified":"2026-03-12T08:21:21","modified_gmt":"2026-03-12T11:21:21","slug":"prefeitura-de-juazeiro-e-dnit-realizam-vistoria-tecnica-na-area-do-futuro-porto-das-barquinhas","status":"publish","type":"post","link":"https:\/\/blogdofarnesio.com.br\/?p=416937","title":{"rendered":"Prefeitura de Juazeiro e DNIT realizam vistoria t\u00e9cnica na \u00e1rea do futuro Porto das Barquinhas"},"content":{"rendered":"<p>A Prefeitura de Juazeiro, por meio da Secretaria de Meio Ambiente (SEMA), realizou nesta quarta-feira (11) uma vistoria t\u00e9cnica no local onde ser\u00e1 implantado o futuro Porto das Barquinhas. A visita contou com a participa\u00e7\u00e3o de t\u00e9cnicos da secretaria e da equipe do Departamento Nacional de Infraestrutura de Transportes (DNIT), com o objetivo de apresentar o projeto ao setor respons\u00e1vel pelo licenciamento ambiental e promover o alinhamento t\u00e9cnico necess\u00e1rio para o avan\u00e7o das etapas de an\u00e1lise.<\/p>\n<p>Durante a atividade, foram avaliadas as condi\u00e7\u00f5es da \u00e1rea destinada \u00e0 implanta\u00e7\u00e3o do porto, al\u00e9m da discuss\u00e3o de aspectos ambientais e t\u00e9cnicos relacionados ao processo de licenciamento. O encontro tamb\u00e9m possibilitou o esclarecimento de pontos do projeto e o alinhamento entre as equipes quanto aos procedimentos e exig\u00eancias ambientais necess\u00e1rios para a continuidade da proposta.<\/p>\n<p>Tamb\u00e9m participaram da visita t\u00e9cnica os membros da Secretaria de Meio Ambiente: Denise Almeida, engenheira de Minas; Emille Souza, bi\u00f3loga; e Mirella Luisa Silva, advogada. Estiveram presentes ainda integrantes da assessoria t\u00e9cnica CGOB\/DAQ: Thais Menezes, Arthur Henrique da Costa e Silva e Adriane Pimenta.<\/p>\n<p>De acordo com o Coordenador de Engenharia Aquavi\u00e1ria do DNIT\/BA, Jos\u00e9 Henrique Silva, a visita faz parte do processo de di\u00e1logo t\u00e9cnico entre os \u00f3rg\u00e3os envolvidos. \u201cN\u00f3s estamos aqui com esse intuito de alinhar essa quest\u00e3o da licen\u00e7a ambiental para a execu\u00e7\u00e3o desse projeto, o Porto das Barquinhas, que eu acho que vai atender bastante a comunidade aqui, a popula\u00e7\u00e3o de Juazeiro. Ent\u00e3o viemos para dar essas explica\u00e7\u00f5es, maiores detalhes, para que a secretaria tenha condi\u00e7\u00f5es de avaliar melhor e dar o seu aval com mais seguran\u00e7a\u201d, afirmou.<\/p>\n<p>O secret\u00e1rio de Meio Ambiente de Juazeiro, Cl\u00e1udio Leal, destacou a import\u00e2ncia da parceria entre os \u00f3rg\u00e3os t\u00e9cnicos para a viabiliza\u00e7\u00e3o do projeto e os impactos positivos para a mobilidade da regi\u00e3o.<\/p>\n<p>\u201cQuero agradecer a todos os t\u00e9cnicos do DNIT que se fizeram presentes aqui em Juazeiro hoje para a gente fazer essa avalia\u00e7\u00e3o dessa obra que vai ser o Porto das Barquinhas, que vai mudar toda a locomo\u00e7\u00e3o aqui no nosso sistema aquavi\u00e1rio no munic\u00edpio de Juazeiro. \u00c9 uma obra de impacto tanto na cidade de Juazeiro quanto na cidade de Petrolina, uma obra do governo municipal que vem para melhorar a locomo\u00e7\u00e3o dos mun\u00edcipes da cidade\u201d, destacou.<\/p>\n<p>O projeto do Porto das Barquinhas tem como objetivo fortalecer o sistema de transporte aquavi\u00e1rio entre Juazeiro e Petrolina, oferecendo mais organiza\u00e7\u00e3o, seguran\u00e7a e efici\u00eancia para os usu\u00e1rios que utilizam diariamente a travessia pelo Rio S\u00e3o Francisco.<\/p>\n<div><\/div>\n","protected":false},"excerpt":{"rendered":"<p>A Prefeitura de Juazeiro, por meio da Secretaria de Meio Ambiente (SEMA), realizou nesta quarta-feira (11) uma vistoria t\u00e9cnica no local onde ser\u00e1 implantado o futuro Porto das Barquinhas. A visita contou com a participa\u00e7\u00e3o de t\u00e9cnicos da secretaria e da equipe do Departamento Nacional de Infraestrutura de Transportes (DNIT), com o objetivo de apresentar o projeto ao setor respons\u00e1vel pelo licenciamento ambiental e promover o alinhamento t\u00e9cnico necess\u00e1rio para o avan\u00e7o das etapas de an\u00e1lise. Durante a atividade, foram avaliadas as condi\u00e7\u00f5es da \u00e1rea destinada \u00e0 implanta\u00e7\u00e3o do porto, al\u00e9m da discuss\u00e3o de aspectos ambientais e t\u00e9cnicos relacionados ao processo de licenciamento. O encontro tamb\u00e9m possibilitou o esclarecimento de pontos do projeto e o alinhamento entre as equipes quanto&hellip; <\/p>\n","protected":false},"author":2,"featured_media":416939,"comment_status":"open","ping_status":"open","sticky":false,"template":"","format":"standard","meta":{"_acf_changed":false,"footnotes":""},"categories":[58],"tags":[],"class_list":["post-416937","post","type-post","status-publish","format-standard","has-post-thumbnail","hentry","category-mobilidade"],"acf":[],"yoast_head":"<!-- This site is optimized with the Yoast SEO plugin v27.4 - https:\/\/yoast.com\/product\/yoast-seo-wordpress\/ -->\n<title>Prefeitura de Juazeiro e DNIT realizam vistoria t\u00e9cnica na \u00e1rea do futuro Porto das Barquinhas - Blog do Farn\u00e9sio<\/title>\n<meta name=\"robots\" content=\"index, follow, max-snippet:-1, max-image-preview:large, max-video-preview:-1\" \/>\n<link rel=\"canonical\" href=\"https:\/\/blogdofarnesio.com.br\/?p=416937\" \/>\n<meta property=\"og:locale\" content=\"pt_BR\" \/>\n<meta property=\"og:type\" content=\"article\" \/>\n<meta property=\"og:title\" content=\"Prefeitura de Juazeiro e DNIT realizam vistoria t\u00e9cnica na \u00e1rea do futuro Porto das Barquinhas - Blog do Farn\u00e9sio\" \/>\n<meta property=\"og:description\" content=\"A Prefeitura de Juazeiro, por meio da Secretaria de Meio Ambiente (SEMA), realizou nesta quarta-feira (11) uma vistoria t\u00e9cnica no local onde ser\u00e1 implantado o futuro Porto das Barquinhas. A visita contou com a participa\u00e7\u00e3o de t\u00e9cnicos da secretaria e da equipe do Departamento Nacional de Infraestrutura de Transportes (DNIT), com o objetivo de apresentar o projeto ao setor respons\u00e1vel pelo licenciamento ambiental e promover o alinhamento t\u00e9cnico necess\u00e1rio para o avan\u00e7o das etapas de an\u00e1lise. Durante a atividade, foram avaliadas as condi\u00e7\u00f5es da \u00e1rea destinada \u00e0 implanta\u00e7\u00e3o do porto, al\u00e9m da discuss\u00e3o de aspectos ambientais e t\u00e9cnicos relacionados ao processo de licenciamento. O encontro tamb\u00e9m possibilitou o esclarecimento de pontos do projeto e o alinhamento entre as equipes quanto&hellip;\" \/>\n<meta property=\"og:url\" content=\"https:\/\/blogdofarnesio.com.br\/?p=416937\" \/>\n<meta property=\"og:site_name\" content=\"Blog do Farn\u00e9sio\" \/>\n<meta property=\"article:publisher\" content=\"https:\/\/www.facebook.com\/BlogQuerSaberPolitica\/\" \/>\n<meta property=\"article:author\" content=\"https:\/\/www.facebook.com\/?ref=tn_tnmn\" \/>\n<meta property=\"article:published_time\" content=\"2026-03-12T12:01:01+00:00\" \/>\n<meta property=\"og:image\" content=\"https:\/\/blogdofarnesio.com.br\/wp-content\/uploads\/2026\/03\/blogqspjua-Porto-Barquinhas-2-e1773314401308.jpeg\" \/>\n\t<meta property=\"og:image:width\" content=\"600\" \/>\n\t<meta property=\"og:image:height\" content=\"400\" \/>\n\t<meta property=\"og:image:type\" content=\"image\/jpeg\" \/>\n<meta name=\"author\" content=\"Farn\u00e9sio\" \/>\n<meta name=\"twitter:card\" content=\"summary_large_image\" \/>\n<meta name=\"twitter:label1\" content=\"Escrito por\" \/>\n\t<meta name=\"twitter:data1\" content=\"Farn\u00e9sio\" \/>\n\t<meta name=\"twitter:label2\" content=\"Est. tempo de leitura\" \/>\n\t<meta name=\"twitter:data2\" content=\"3 minutos\" \/>\n<script type=\"application\/ld+json\" class=\"yoast-schema-graph\">{\"@context\":\"https:\\\/\\\/schema.org\",\"@graph\":[{\"@type\":\"Article\",\"@id\":\"https:\\\/\\\/blogdofarnesio.com.br\\\/?p=416937#article\",\"isPartOf\":{\"@id\":\"https:\\\/\\\/blogdofarnesio.com.br\\\/?p=416937\"},\"author\":{\"name\":\"Farn\u00e9sio\",\"@id\":\"https:\\\/\\\/blogdofarnesio.com.br\\\/#\\\/schema\\\/person\\\/bb9b23ae3ad0609ce8df7b6c9e76824d\"},\"headline\":\"Prefeitura de Juazeiro e DNIT realizam vistoria t\u00e9cnica na \u00e1rea do futuro Porto das Barquinhas\",\"datePublished\":\"2026-03-12T12:01:01+00:00\",\"mainEntityOfPage\":{\"@id\":\"https:\\\/\\\/blogdofarnesio.com.br\\\/?p=416937\"},\"wordCount\":477,\"commentCount\":0,\"publisher\":{\"@id\":\"https:\\\/\\\/blogdofarnesio.com.br\\\/#organization\"},\"image\":{\"@id\":\"https:\\\/\\\/blogdofarnesio.com.br\\\/?p=416937#primaryimage\"},\"thumbnailUrl\":\"https:\\\/\\\/blogdofarnesio.com.br\\\/wp-content\\\/uploads\\\/2026\\\/03\\\/blogqspjua-Porto-Barquinhas-2-e1773314401308.jpeg\",\"articleSection\":[\"Mobilidade\"],\"inLanguage\":\"pt-BR\",\"potentialAction\":[{\"@type\":\"CommentAction\",\"name\":\"Comment\",\"target\":[\"https:\\\/\\\/blogdofarnesio.com.br\\\/?p=416937#respond\"]}]},{\"@type\":\"WebPage\",\"@id\":\"https:\\\/\\\/blogdofarnesio.com.br\\\/?p=416937\",\"url\":\"https:\\\/\\\/blogdofarnesio.com.br\\\/?p=416937\",\"name\":\"Prefeitura de Juazeiro e DNIT realizam vistoria t\u00e9cnica na \u00e1rea do futuro Porto das Barquinhas - Blog do Farn\u00e9sio\",\"isPartOf\":{\"@id\":\"https:\\\/\\\/blogdofarnesio.com.br\\\/#website\"},\"primaryImageOfPage\":{\"@id\":\"https:\\\/\\\/blogdofarnesio.com.br\\\/?p=416937#primaryimage\"},\"image\":{\"@id\":\"https:\\\/\\\/blogdofarnesio.com.br\\\/?p=416937#primaryimage\"},\"thumbnailUrl\":\"https:\\\/\\\/blogdofarnesio.com.br\\\/wp-content\\\/uploads\\\/2026\\\/03\\\/blogqspjua-Porto-Barquinhas-2-e1773314401308.jpeg\",\"datePublished\":\"2026-03-12T12:01:01+00:00\",\"breadcrumb\":{\"@id\":\"https:\\\/\\\/blogdofarnesio.com.br\\\/?p=416937#breadcrumb\"},\"inLanguage\":\"pt-BR\",\"potentialAction\":[{\"@type\":\"ReadAction\",\"target\":[\"https:\\\/\\\/blogdofarnesio.com.br\\\/?p=416937\"]}]},{\"@type\":\"ImageObject\",\"inLanguage\":\"pt-BR\",\"@id\":\"https:\\\/\\\/blogdofarnesio.com.br\\\/?p=416937#primaryimage\",\"url\":\"https:\\\/\\\/blogdofarnesio.com.br\\\/wp-content\\\/uploads\\\/2026\\\/03\\\/blogqspjua-Porto-Barquinhas-2-e1773314401308.jpeg\",\"contentUrl\":\"https:\\\/\\\/blogdofarnesio.com.br\\\/wp-content\\\/uploads\\\/2026\\\/03\\\/blogqspjua-Porto-Barquinhas-2-e1773314401308.jpeg\",\"width\":600,\"height\":400},{\"@type\":\"BreadcrumbList\",\"@id\":\"https:\\\/\\\/blogdofarnesio.com.br\\\/?p=416937#breadcrumb\",\"itemListElement\":[{\"@type\":\"ListItem\",\"position\":1,\"name\":\"In\u00edcio\",\"item\":\"https:\\\/\\\/blogdofarnesio.com.br\\\/\"},{\"@type\":\"ListItem\",\"position\":2,\"name\":\"Prefeitura de Juazeiro e DNIT realizam vistoria t\u00e9cnica na \u00e1rea do futuro Porto das Barquinhas\"}]},{\"@type\":\"WebSite\",\"@id\":\"https:\\\/\\\/blogdofarnesio.com.br\\\/#website\",\"url\":\"https:\\\/\\\/blogdofarnesio.com.br\\\/\",\"name\":\"Blog do Farn\u00e9sio\",\"description\":\"Quer Saber Pol\u00edtica?\",\"publisher\":{\"@id\":\"https:\\\/\\\/blogdofarnesio.com.br\\\/#organization\"},\"potentialAction\":[{\"@type\":\"SearchAction\",\"target\":{\"@type\":\"EntryPoint\",\"urlTemplate\":\"https:\\\/\\\/blogdofarnesio.com.br\\\/?s={search_term_string}\"},\"query-input\":{\"@type\":\"PropertyValueSpecification\",\"valueRequired\":true,\"valueName\":\"search_term_string\"}}],\"inLanguage\":\"pt-BR\"},{\"@type\":\"Organization\",\"@id\":\"https:\\\/\\\/blogdofarnesio.com.br\\\/#organization\",\"name\":\"Blog do Farn\u00e9sio\",\"url\":\"https:\\\/\\\/blogdofarnesio.com.br\\\/\",\"logo\":{\"@type\":\"ImageObject\",\"inLanguage\":\"pt-BR\",\"@id\":\"https:\\\/\\\/blogdofarnesio.com.br\\\/#\\\/schema\\\/logo\\\/image\\\/\",\"url\":\"https:\\\/\\\/blogdofarnesio.com.br\\\/wp-content\\\/uploads\\\/2026\\\/03\\\/cropped-logo_new-1.png\",\"contentUrl\":\"https:\\\/\\\/blogdofarnesio.com.br\\\/wp-content\\\/uploads\\\/2026\\\/03\\\/cropped-logo_new-1.png\",\"width\":881,\"height\":685,\"caption\":\"Blog do Farn\u00e9sio\"},\"image\":{\"@id\":\"https:\\\/\\\/blogdofarnesio.com.br\\\/#\\\/schema\\\/logo\\\/image\\\/\"},\"sameAs\":[\"https:\\\/\\\/www.facebook.com\\\/BlogQuerSaberPolitica\\\/\"]},{\"@type\":\"Person\",\"@id\":\"https:\\\/\\\/blogdofarnesio.com.br\\\/#\\\/schema\\\/person\\\/bb9b23ae3ad0609ce8df7b6c9e76824d\",\"name\":\"Farn\u00e9sio\",\"image\":{\"@type\":\"ImageObject\",\"inLanguage\":\"pt-BR\",\"@id\":\"https:\\\/\\\/secure.gravatar.com\\\/avatar\\\/986aa4c61ccdb66f8555bf88fc2a65609d00bcabd4d2d94377a727547345cbca?s=96&d=mm&r=g\",\"url\":\"https:\\\/\\\/secure.gravatar.com\\\/avatar\\\/986aa4c61ccdb66f8555bf88fc2a65609d00bcabd4d2d94377a727547345cbca?s=96&d=mm&r=g\",\"contentUrl\":\"https:\\\/\\\/secure.gravatar.com\\\/avatar\\\/986aa4c61ccdb66f8555bf88fc2a65609d00bcabd4d2d94377a727547345cbca?s=96&d=mm&r=g\",\"caption\":\"Farn\u00e9sio\"},\"description\":\"Radialista blogueiro, chegou a Petrolina\\\/Juazeiro em setembro de 1980, Farn\u00e9sio Silva \u00e9 de Arapiraca-Alagoas.\",\"sameAs\":[\"http:\\\/\\\/blogdofarnesio.com.br\",\"https:\\\/\\\/www.facebook.com\\\/?ref=tn_tnmn\",\"https:\\\/\\\/www.instagram.com\\\/?utm_source=pwa_homescreen\",\"https:\\\/\\\/youtube.com.br\\\/\"],\"url\":\"https:\\\/\\\/blogdofarnesio.com.br\\\/?author=2\"}]}<\/script>\n<!-- \/ Yoast SEO plugin. -->","yoast_head_json":{"title":"Prefeitura de Juazeiro e DNIT realizam vistoria t\u00e9cnica na \u00e1rea do futuro Porto das Barquinhas - Blog do Farn\u00e9sio","robots":{"index":"index","follow":"follow","max-snippet":"max-snippet:-1","max-image-preview":"max-image-preview:large","max-video-preview":"max-video-preview:-1"},"canonical":"https:\/\/blogdofarnesio.com.br\/?p=416937","og_locale":"pt_BR","og_type":"article","og_title":"Prefeitura de Juazeiro e DNIT realizam vistoria t\u00e9cnica na \u00e1rea do futuro Porto das Barquinhas - Blog do Farn\u00e9sio","og_description":"A Prefeitura de Juazeiro, por meio da Secretaria de Meio Ambiente (SEMA), realizou nesta quarta-feira (11) uma vistoria t\u00e9cnica no local onde ser\u00e1 implantado o futuro Porto das Barquinhas. A visita contou com a participa\u00e7\u00e3o de t\u00e9cnicos da secretaria e da equipe do Departamento Nacional de Infraestrutura de Transportes (DNIT), com o objetivo de apresentar o projeto ao setor respons\u00e1vel pelo licenciamento ambiental e promover o alinhamento t\u00e9cnico necess\u00e1rio para o avan\u00e7o das etapas de an\u00e1lise. Durante a atividade, foram avaliadas as condi\u00e7\u00f5es da \u00e1rea destinada \u00e0 implanta\u00e7\u00e3o do porto, al\u00e9m da discuss\u00e3o de aspectos ambientais e t\u00e9cnicos relacionados ao processo de licenciamento. O encontro tamb\u00e9m possibilitou o esclarecimento de pontos do projeto e o alinhamento entre as equipes quanto&hellip;","og_url":"https:\/\/blogdofarnesio.com.br\/?p=416937","og_site_name":"Blog do Farn\u00e9sio","article_publisher":"https:\/\/www.facebook.com\/BlogQuerSaberPolitica\/","article_author":"https:\/\/www.facebook.com\/?ref=tn_tnmn","article_published_time":"2026-03-12T12:01:01+00:00","og_image":[{"width":600,"height":400,"url":"https:\/\/blogdofarnesio.com.br\/wp-content\/uploads\/2026\/03\/blogqspjua-Porto-Barquinhas-2-e1773314401308.jpeg","type":"image\/jpeg"}],"author":"Farn\u00e9sio","twitter_card":"summary_large_image","twitter_misc":{"Escrito por":"Farn\u00e9sio","Est. tempo de leitura":"3 minutos"},"schema":{"@context":"https:\/\/schema.org","@graph":[{"@type":"Article","@id":"https:\/\/blogdofarnesio.com.br\/?p=416937#article","isPartOf":{"@id":"https:\/\/blogdofarnesio.com.br\/?p=416937"},"author":{"name":"Farn\u00e9sio","@id":"https:\/\/blogdofarnesio.com.br\/#\/schema\/person\/bb9b23ae3ad0609ce8df7b6c9e76824d"},"headline":"Prefeitura de Juazeiro e DNIT realizam vistoria t\u00e9cnica na \u00e1rea do futuro Porto das Barquinhas","datePublished":"2026-03-12T12:01:01+00:00","mainEntityOfPage":{"@id":"https:\/\/blogdofarnesio.com.br\/?p=416937"},"wordCount":477,"commentCount":0,"publisher":{"@id":"https:\/\/blogdofarnesio.com.br\/#organization"},"image":{"@id":"https:\/\/blogdofarnesio.com.br\/?p=416937#primaryimage"},"thumbnailUrl":"https:\/\/blogdofarnesio.com.br\/wp-content\/uploads\/2026\/03\/blogqspjua-Porto-Barquinhas-2-e1773314401308.jpeg","articleSection":["Mobilidade"],"inLanguage":"pt-BR","potentialAction":[{"@type":"CommentAction","name":"Comment","target":["https:\/\/blogdofarnesio.com.br\/?p=416937#respond"]}]},{"@type":"WebPage","@id":"https:\/\/blogdofarnesio.com.br\/?p=416937","url":"https:\/\/blogdofarnesio.com.br\/?p=416937","name":"Prefeitura de Juazeiro e DNIT realizam vistoria t\u00e9cnica na \u00e1rea do futuro Porto das Barquinhas - Blog do Farn\u00e9sio","isPartOf":{"@id":"https:\/\/blogdofarnesio.com.br\/#website"},"primaryImageOfPage":{"@id":"https:\/\/blogdofarnesio.com.br\/?p=416937#primaryimage"},"image":{"@id":"https:\/\/blogdofarnesio.com.br\/?p=416937#primaryimage"},"thumbnailUrl":"https:\/\/blogdofarnesio.com.br\/wp-content\/uploads\/2026\/03\/blogqspjua-Porto-Barquinhas-2-e1773314401308.jpeg","datePublished":"2026-03-12T12:01:01+00:00","breadcrumb":{"@id":"https:\/\/blogdofarnesio.com.br\/?p=416937#breadcrumb"},"inLanguage":"pt-BR","potentialAction":[{"@type":"ReadAction","target":["https:\/\/blogdofarnesio.com.br\/?p=416937"]}]},{"@type":"ImageObject","inLanguage":"pt-BR","@id":"https:\/\/blogdofarnesio.com.br\/?p=416937#primaryimage","url":"https:\/\/blogdofarnesio.com.br\/wp-content\/uploads\/2026\/03\/blogqspjua-Porto-Barquinhas-2-e1773314401308.jpeg","contentUrl":"https:\/\/blogdofarnesio.com.br\/wp-content\/uploads\/2026\/03\/blogqspjua-Porto-Barquinhas-2-e1773314401308.jpeg","width":600,"height":400},{"@type":"BreadcrumbList","@id":"https:\/\/blogdofarnesio.com.br\/?p=416937#breadcrumb","itemListElement":[{"@type":"ListItem","position":1,"name":"In\u00edcio","item":"https:\/\/blogdofarnesio.com.br\/"},{"@type":"ListItem","position":2,"name":"Prefeitura de Juazeiro e DNIT realizam vistoria t\u00e9cnica na \u00e1rea do futuro Porto das Barquinhas"}]},{"@type":"WebSite","@id":"https:\/\/blogdofarnesio.com.br\/#website","url":"https:\/\/blogdofarnesio.com.br\/","name":"Blog do Farn\u00e9sio","description":"Quer Saber Pol\u00edtica?","publisher":{"@id":"https:\/\/blogdofarnesio.com.br\/#organization"},"potentialAction":[{"@type":"SearchAction","target":{"@type":"EntryPoint","urlTemplate":"https:\/\/blogdofarnesio.com.br\/?s={search_term_string}"},"query-input":{"@type":"PropertyValueSpecification","valueRequired":true,"valueName":"search_term_string"}}],"inLanguage":"pt-BR"},{"@type":"Organization","@id":"https:\/\/blogdofarnesio.com.br\/#organization","name":"Blog do Farn\u00e9sio","url":"https:\/\/blogdofarnesio.com.br\/","logo":{"@type":"ImageObject","inLanguage":"pt-BR","@id":"https:\/\/blogdofarnesio.com.br\/#\/schema\/logo\/image\/","url":"https:\/\/blogdofarnesio.com.br\/wp-content\/uploads\/2026\/03\/cropped-logo_new-1.png","contentUrl":"https:\/\/blogdofarnesio.com.br\/wp-content\/uploads\/2026\/03\/cropped-logo_new-1.png","width":881,"height":685,"caption":"Blog do Farn\u00e9sio"},"image":{"@id":"https:\/\/blogdofarnesio.com.br\/#\/schema\/logo\/image\/"},"sameAs":["https:\/\/www.facebook.com\/BlogQuerSaberPolitica\/"]},{"@type":"Person","@id":"https:\/\/blogdofarnesio.com.br\/#\/schema\/person\/bb9b23ae3ad0609ce8df7b6c9e76824d","name":"Farn\u00e9sio","image":{"@type":"ImageObject","inLanguage":"pt-BR","@id":"https:\/\/secure.gravatar.com\/avatar\/986aa4c61ccdb66f8555bf88fc2a65609d00bcabd4d2d94377a727547345cbca?s=96&d=mm&r=g","url":"https:\/\/secure.gravatar.com\/avatar\/986aa4c61ccdb66f8555bf88fc2a65609d00bcabd4d2d94377a727547345cbca?s=96&d=mm&r=g","contentUrl":"https:\/\/secure.gravatar.com\/avatar\/986aa4c61ccdb66f8555bf88fc2a65609d00bcabd4d2d94377a727547345cbca?s=96&d=mm&r=g","caption":"Farn\u00e9sio"},"description":"Radialista blogueiro, chegou a Petrolina\/Juazeiro em setembro de 1980, Farn\u00e9sio Silva \u00e9 de Arapiraca-Alagoas.","sameAs":["http:\/\/blogdofarnesio.com.br","https:\/\/www.facebook.com\/?ref=tn_tnmn","https:\/\/www.instagram.com\/?utm_source=pwa_homescreen","https:\/\/youtube.com.br\/"],"url":"https:\/\/blogdofarnesio.com.br\/?author=2"}]}},"_links":{"self":[{"href":"https:\/\/blogdofarnesio.com.br\/index.php?rest_route=\/wp\/v2\/posts\/416937","targetHints":{"allow":["GET"]}}],"collection":[{"href":"https:\/\/blogdofarnesio.com.br\/index.php?rest_route=\/wp\/v2\/posts"}],"about":[{"href":"https:\/\/blogdofarnesio.com.br\/index.php?rest_route=\/wp\/v2\/types\/post"}],"author":[{"embeddable":true,"href":"https:\/\/blogdofarnesio.com.br\/index.php?rest_route=\/wp\/v2\/users\/2"}],"replies":[{"embeddable":true,"href":"https:\/\/blogdofarnesio.com.br\/index.php?rest_route=%2Fwp%2Fv2%2Fcomments&post=416937"}],"version-history":[{"count":1,"href":"https:\/\/blogdofarnesio.com.br\/index.php?rest_route=\/wp\/v2\/posts\/416937\/revisions"}],"predecessor-version":[{"id":416940,"href":"https:\/\/blogdofarnesio.com.br\/index.php?rest_route=\/wp\/v2\/posts\/416937\/revisions\/416940"}],"wp:featuredmedia":[{"embeddable":true,"href":"https:\/\/blogdofarnesio.com.br\/index.php?rest_route=\/wp\/v2\/media\/416939"}],"wp:attachment":[{"href":"https:\/\/blogdofarnesio.com.br\/index.php?rest_route=%2Fwp%2Fv2%2Fmedia&parent=416937"}],"wp:term":[{"taxonomy":"category","embeddable":true,"href":"https:\/\/blogdofarnesio.com.br\/index.php?rest_route=%2Fwp%2Fv2%2Fcategories&post=416937"},{"taxonomy":"post_tag","embeddable":true,"href":"https:\/\/blogdofarnesio.com.br\/index.php?rest_route=%2Fwp%2Fv2%2Ftags&post=416937"}],"curies":[{"name":"wp","href":"https:\/\/api.w.org\/{rel}","templated":true}]}}